{"id":291039,"date":"2016-03-17T14:29:36","date_gmt":"2016-03-17T14:29:36","guid":{"rendered":"http:\/\/www.pressenza.com\/it\/?p=291039"},"modified":"2016-03-21T18:18:13","modified_gmt":"2016-03-21T18:18:13","slug":"abu-dhabi-un-macrosummit-sul-microcredito","status":"publish","type":"post","link":"https:\/\/www.pressenza.com\/it\/2016\/03\/abu-dhabi-un-macrosummit-sul-microcredito\/","title":{"rendered":"Abu Dhabi: un MACROsummit sul MICROcredito"},"content":{"rendered":"<p>Da luned\u00ec 14 a gioved\u00ec 17 Marzo si \u00e8 svolto ad Abu Dhabi, Emirati Arabi Uniti, il 18mo Summit sul Microcredito. E&#8217; stato un MACROsummit. I partecipanti: 700 delegati da ogni parte del mondo; la venue: due piani in una delle pi\u00f9 prestigiose sedi di tutti gli Emirati, le Etihad towers; gli sponsors: dal Consiglio esecutivo di Abu Dhabi a numerose agenzie delle Nazioni Unite, da fondazioni come Bill e Melinda Gates, alle Banche Centrali di molti paesi fino al Fondo Monetario Arabo; gli ospiti d&#8217;onore: dal premio Nobel Muhamad Yunus alla regina Sofia di Spagna&#8230; \u00a0Insomma, un imponente spiegamento di mezzi a livello globale, con la regia di agenzie private statunitensi che stanno mettendo sempre pi\u00f9 il cappello sull&#8217;universo del Microcredito. Europa e BRICS: assenti.<\/p>\n<p>Tema di questo convegno: &#8220;Innovazioni di frontiera sull&#8217;inclusione finanziaria&#8221;. Obiettivo generale della Campagna: inclusione sociale di 2,5 miliardi di poveri che, attualmente, non hanno accesso al bench\u00e9 minimo servizio di credito.<\/p>\n<p>Confesso che, avendo esperienza ultradecennale di microcredito a livello basico in Tanzania, ero assai prevenuto contro quel genere di sovrastrutture che, nella migliore delle ipotesi, divorano l&#8217;80 e pi\u00f9 percento delle risorse solo per mantenere se stesse. Dice il proverbio: <em>&#8220;di buone intenzioni \u00e8 lastricata la via dell&#8217;inferno&#8221;<\/em>e, se dovessi giudicare dalla grandiosit\u00e0 e dal lusso di questa manifestazione in ogni piccolo dettaglio, non potrei che confermare il pregiudizio di partenza.<\/p>\n<p>Poi, partecipando ai lavori e facendo la tara al linguaggio &#8220;politically correct&#8221; che era di rigore sia in plenaria che nelle sessioni dedicate, ho percepito in gran parte dei relatori una tensione etica che, credo, nessuno possa permettersi di giudicare non sincera. E le conferme pi\u00f9 positive mi sono venute proprio dal mondo musulmano che ovviamente dominava in questa 18ma edizione. L&#8217;equazione&#8221;microcredito sta a donna come islam sta a maschio&#8221; \u00e8 stata messa a dura prova in molte occasioni. Non perch\u00e9 non sia fondamentalmente vera ma perch\u00e9, una volta effettuata la doverosa contestualizzazione culturale, la donna e il microcredito ne sono usciti decisamente a testa alta. Ho avuto il privilegio di conversare a lungo con alti dirigenti di banche e istituzioni finanziarie islamiche, e ho avuto conferme autorevoli che, a parte le dispute filologiche sulla presenza o meno dei tassi di interesse, la finanza islamica mantiene una tensione etica, e precisi meccanismi di controllo, che la collocano ben al di sopra della perversa finanza occidentale. Io che, da buon padovano, vado fiero di avere nella mia citt\u00e0 Banca Etica, una delle poche istituzioni simili in Europa, ho dovuto constatare ancora una volta che in qualsiasi angolo del mondo ci sono sedi e filiali e sportelli delle &#8220;banche etiche&#8221; islamiche.<\/p>\n<p>AGFUND, la fondazione del Golfo leader di questa manifestazione, ha premiato i quattro migliori progetti:<\/p>\n<p>4\u00b0 premio (50.000 US$): Programma per l&#8217;artigianato familiare, Arabia Saudita.<\/p>\n<p>3\u00b0 premio (100.000 US$): Programma per l&#8217;impresa familiare, Bahrein.<\/p>\n<p>2\u00b0 premio (150.000 US$): Programma per la conservazione del patrimonio culturale, Palestina.<\/p>\n<p>1\u00b0 premio (200.000 US$): Donne per abitazioni ecosostenibili, Nepal.<\/p>\n<p>Ora AGFUND incomincia a raccogliere le candidature per la prossima edizione che avr\u00e0 un titolo, se possibile, ancora pi\u00f9 scandaloso: &#8220;Capacitazione (empowerment) e integrazione sociale dei rifugiati e degli sfollati&#8221;. Qui ogni possibile pregiudizio anti-islamico crolla per lasciare solo un profondo senso di vergogna e di colpevole impotenza in qualsiasi cittadino di questa Europa: tanto presuntuosa da distribuire pagelle a destra e a manca; tanto autolesionista da partecipare alla sistematica destabilizzazione di ogni ordine costituito nel Nordafrica e Vicino Oriente, tanto affarista da vendere armi sia ai &#8220;dittatori&#8221; che ai &#8220;terroristi&#8221;.<\/p>\n<p>&nbsp;<\/p>\n<p>&nbsp;<\/p>\n<p>&nbsp;<\/p>\n","protected":false},"excerpt":{"rendered":"<p>Da luned\u00ec 14 a gioved\u00ec 17 Marzo si \u00e8 svolto ad Abu Dhabi, Emirati Arabi Uniti, il 18mo Summit sul Microcredito. E&#8217; stato un MACROsummit. I partecipanti: 700 delegati da ogni parte del mondo; la venue: due piani in una&hellip;<\/p>\n","protected":false},"author":1196,"featured_media":291043,"comment_status":"closed","ping_status":"closed","sticky":false,"template":"","format":"standard","meta":{"footnotes":""},"categories":[11388,62,52],"tags":[25039,14133,6262,4661],"class_list":["post-291039","post","type-post","status-publish","format-standard","has-post-thumbnail","hentry","category-contenuti-originali","category-economia","category-medio-oriente","tag-abu-dhabi","tag-emirati-arabi-uniti","tag-microcredito","tag-muhammad-yunus"],"yoast_head":"<!-- This site is optimized with the Yoast SEO plugin v27.1.1 - https:\/\/yoast.com\/product\/yoast-seo-wordpress\/ -->\n<title>Abu Dhabi: un MACROsummit sul MICROcredito<\/title>\n<meta name=\"description\" content=\"Da luned\u00ec 14 a gioved\u00ec 17 Marzo si \u00e8 svolto ad Abu Dhabi, Emirati Arabi Uniti, il 18mo Summit sul Microcredito. E&#039; stato un MACROsummit. I partecipanti:\" \/>\n<meta name=\"robots\" content=\"index, follow, max-snippet:-1, max-image-preview:large, max-video-preview:-1\" \/>\n<link rel=\"canonical\" href=\"https:\/\/www.pressenza.com\/it\/2016\/03\/abu-dhabi-un-macrosummit-sul-microcredito\/\" \/>\n<meta property=\"og:locale\" content=\"it_IT\" \/>\n<meta property=\"og:type\" content=\"article\" \/>\n<meta property=\"og:title\" content=\"Abu Dhabi: un MACROsummit sul MICROcredito\" \/>\n<meta property=\"og:description\" content=\"Da luned\u00ec 14 a gioved\u00ec 17 Marzo si \u00e8 svolto ad Abu Dhabi, Emirati Arabi Uniti, il 18mo Summit sul Microcredito. E&#039; stato un MACROsummit. I partecipanti:\" \/>\n<meta property=\"og:url\" content=\"https:\/\/www.pressenza.com\/it\/2016\/03\/abu-dhabi-un-macrosummit-sul-microcredito\/\" \/>\n<meta property=\"og:site_name\" content=\"Pressenza\" \/>\n<meta property=\"article:publisher\" content=\"https:\/\/www.facebook.com\/PressenzaItalia\" \/>\n<meta property=\"article:author\" content=\"https:\/\/www.facebook.com\/DoctorChui\/\" \/>\n<meta property=\"article:published_time\" content=\"2016-03-17T14:29:36+00:00\" \/>\n<meta property=\"article:modified_time\" content=\"2016-03-21T18:18:13+00:00\" \/>\n<meta property=\"og:image\" content=\"https:\/\/www.pressenza.com\/wp-content\/uploads\/2016\/03\/Abu-Dhabi-720x540.jpg\" \/>\n\t<meta property=\"og:image:width\" content=\"720\" \/>\n\t<meta property=\"og:image:height\" content=\"540\" \/>\n\t<meta property=\"og:image:type\" content=\"image\/jpeg\" \/>\n<meta name=\"author\" content=\"Leopoldo Salmaso\" \/>\n<meta name=\"twitter:card\" content=\"summary_large_image\" \/>\n<meta name=\"twitter:creator\" content=\"@LeopoldoSalmaso\" \/>\n<meta name=\"twitter:site\" content=\"@PressenzaIPA\" \/>\n<meta name=\"twitter:label1\" content=\"Scritto da\" \/>\n\t<meta name=\"twitter:data1\" content=\"Leopoldo Salmaso\" \/>\n\t<meta name=\"twitter:label2\" content=\"Tempo di lettura stimato\" \/>\n\t<meta name=\"twitter:data2\" content=\"3 minuti\" \/>\n<script type=\"application\/ld+json\" class=\"yoast-schema-graph\">{\"@context\":\"https:\/\/schema.org\",\"@graph\":[{\"@type\":\"Article\",\"@id\":\"https:\/\/www.pressenza.com\/it\/2016\/03\/abu-dhabi-un-macrosummit-sul-microcredito\/#article\",\"isPartOf\":{\"@id\":\"https:\/\/www.pressenza.com\/it\/2016\/03\/abu-dhabi-un-macrosummit-sul-microcredito\/\"},\"author\":{\"name\":\"Leopoldo Salmaso\",\"@id\":\"https:\/\/www.pressenza.com\/it\/#\/schema\/person\/df9baf7062dacf809b4661e0cf8f7bce\"},\"headline\":\"Abu Dhabi: un MACROsummit sul MICROcredito\",\"datePublished\":\"2016-03-17T14:29:36+00:00\",\"dateModified\":\"2016-03-21T18:18:13+00:00\",\"mainEntityOfPage\":{\"@id\":\"https:\/\/www.pressenza.com\/it\/2016\/03\/abu-dhabi-un-macrosummit-sul-microcredito\/\"},\"wordCount\":586,\"publisher\":{\"@id\":\"https:\/\/www.pressenza.com\/it\/#organization\"},\"image\":{\"@id\":\"https:\/\/www.pressenza.com\/it\/2016\/03\/abu-dhabi-un-macrosummit-sul-microcredito\/#primaryimage\"},\"thumbnailUrl\":\"https:\/\/www.pressenza.com\/wp-content\/uploads\/2016\/03\/Abu-Dhabi.jpg\",\"keywords\":[\"Abu Dhabi\",\"Emirati Arabi Uniti\",\"microcredito\",\"Muhammad Yunus\"],\"articleSection\":[\"contenuti originali\",\"Economia\",\"Medio Oriente\"],\"inLanguage\":\"it-IT\"},{\"@type\":\"WebPage\",\"@id\":\"https:\/\/www.pressenza.com\/it\/2016\/03\/abu-dhabi-un-macrosummit-sul-microcredito\/\",\"url\":\"https:\/\/www.pressenza.com\/it\/2016\/03\/abu-dhabi-un-macrosummit-sul-microcredito\/\",\"name\":\"Abu Dhabi: un MACROsummit sul MICROcredito\",\"isPartOf\":{\"@id\":\"https:\/\/www.pressenza.com\/it\/#website\"},\"primaryImageOfPage\":{\"@id\":\"https:\/\/www.pressenza.com\/it\/2016\/03\/abu-dhabi-un-macrosummit-sul-microcredito\/#primaryimage\"},\"image\":{\"@id\":\"https:\/\/www.pressenza.com\/it\/2016\/03\/abu-dhabi-un-macrosummit-sul-microcredito\/#primaryimage\"},\"thumbnailUrl\":\"https:\/\/www.pressenza.com\/wp-content\/uploads\/2016\/03\/Abu-Dhabi.jpg\",\"datePublished\":\"2016-03-17T14:29:36+00:00\",\"dateModified\":\"2016-03-21T18:18:13+00:00\",\"description\":\"Da luned\u00ec 14 a gioved\u00ec 17 Marzo si \u00e8 svolto ad Abu Dhabi, Emirati Arabi Uniti, il 18mo Summit sul Microcredito. E' stato un MACROsummit. I partecipanti:\",\"breadcrumb\":{\"@id\":\"https:\/\/www.pressenza.com\/it\/2016\/03\/abu-dhabi-un-macrosummit-sul-microcredito\/#breadcrumb\"},\"inLanguage\":\"it-IT\",\"potentialAction\":[{\"@type\":\"ReadAction\",\"target\":[\"https:\/\/www.pressenza.com\/it\/2016\/03\/abu-dhabi-un-macrosummit-sul-microcredito\/\"]}]},{\"@type\":\"ImageObject\",\"inLanguage\":\"it-IT\",\"@id\":\"https:\/\/www.pressenza.com\/it\/2016\/03\/abu-dhabi-un-macrosummit-sul-microcredito\/#primaryimage\",\"url\":\"https:\/\/www.pressenza.com\/wp-content\/uploads\/2016\/03\/Abu-Dhabi.jpg\",\"contentUrl\":\"https:\/\/www.pressenza.com\/wp-content\/uploads\/2016\/03\/Abu-Dhabi.jpg\",\"width\":4160,\"height\":3120},{\"@type\":\"BreadcrumbList\",\"@id\":\"https:\/\/www.pressenza.com\/it\/2016\/03\/abu-dhabi-un-macrosummit-sul-microcredito\/#breadcrumb\",\"itemListElement\":[{\"@type\":\"ListItem\",\"position\":1,\"name\":\"Accueil\",\"item\":\"https:\/\/www.pressenza.com\/it\/\"},{\"@type\":\"ListItem\",\"position\":2,\"name\":\"Abu Dhabi: un MACROsummit sul MICROcredito\"}]},{\"@type\":\"WebSite\",\"@id\":\"https:\/\/www.pressenza.com\/it\/#website\",\"url\":\"https:\/\/www.pressenza.com\/it\/\",\"name\":\"Pressenza\",\"description\":\"Agenzia di Stampa Internazionale\",\"publisher\":{\"@id\":\"https:\/\/www.pressenza.com\/it\/#organization\"},\"potentialAction\":[{\"@type\":\"SearchAction\",\"target\":{\"@type\":\"EntryPoint\",\"urlTemplate\":\"https:\/\/www.pressenza.com\/it\/?s={search_term_string}\"},\"query-input\":{\"@type\":\"PropertyValueSpecification\",\"valueRequired\":true,\"valueName\":\"search_term_string\"}}],\"inLanguage\":\"it-IT\"},{\"@type\":\"Organization\",\"@id\":\"https:\/\/www.pressenza.com\/it\/#organization\",\"name\":\"Pressenza\",\"url\":\"https:\/\/www.pressenza.com\/it\/\",\"logo\":{\"@type\":\"ImageObject\",\"inLanguage\":\"it-IT\",\"@id\":\"https:\/\/www.pressenza.com\/it\/#\/schema\/logo\/image\/\",\"url\":\"https:\/\/www.pressenza.com\/wp-content\/uploads\/2022\/10\/pressenza_logo_200x200.jpg\",\"contentUrl\":\"https:\/\/www.pressenza.com\/wp-content\/uploads\/2022\/10\/pressenza_logo_200x200.jpg\",\"width\":200,\"height\":200,\"caption\":\"Pressenza\"},\"image\":{\"@id\":\"https:\/\/www.pressenza.com\/it\/#\/schema\/logo\/image\/\"},\"sameAs\":[\"https:\/\/www.facebook.com\/PressenzaItalia\",\"https:\/\/x.com\/PressenzaIPA\"]},{\"@type\":\"Person\",\"@id\":\"https:\/\/www.pressenza.com\/it\/#\/schema\/person\/df9baf7062dacf809b4661e0cf8f7bce\",\"name\":\"Leopoldo Salmaso\",\"description\":\"Physician, husband, father and grandfather. Scholar of economic, financial and monetary relations between North and South. He is working with rural people of Tanzania for over thirty years. Author of \\\"AIDS: Sindrome da Indifference Acquisita?\\\" and \\\"The Latin Coup: Europe saved from the crisis by mistake\\\" also available in Italian and Spanish on Lulu.com. Host of the radio program \\\"Debt and Democracy\\\". Co-editor of the manifesto \\\"Money is Common Good\\\", available in several languages on www.monetabenecomune.it and on www.monetaproprieta.it\",\"sameAs\":[\"http:\/\/www.eoleo.org%20;%20www.monetabenecomune.it\",\"https:\/\/www.facebook.com\/DoctorChui\/\",\"https:\/\/x.com\/LeopoldoSalmaso\"],\"url\":\"https:\/\/www.pressenza.com\/it\/author\/leopoldo-salmaso\/\"}]}<\/script>\n<!-- \/ Yoast SEO plugin. -->","yoast_head_json":{"title":"Abu Dhabi: un MACROsummit sul MICROcredito","description":"Da luned\u00ec 14 a gioved\u00ec 17 Marzo si \u00e8 svolto ad Abu Dhabi, Emirati Arabi Uniti, il 18mo Summit sul Microcredito. E' stato un MACROsummit. I partecipanti:","robots":{"index":"index","follow":"follow","max-snippet":"max-snippet:-1","max-image-preview":"max-image-preview:large","max-video-preview":"max-video-preview:-1"},"canonical":"https:\/\/www.pressenza.com\/it\/2016\/03\/abu-dhabi-un-macrosummit-sul-microcredito\/","og_locale":"it_IT","og_type":"article","og_title":"Abu Dhabi: un MACROsummit sul MICROcredito","og_description":"Da luned\u00ec 14 a gioved\u00ec 17 Marzo si \u00e8 svolto ad Abu Dhabi, Emirati Arabi Uniti, il 18mo Summit sul Microcredito. E' stato un MACROsummit. I partecipanti:","og_url":"https:\/\/www.pressenza.com\/it\/2016\/03\/abu-dhabi-un-macrosummit-sul-microcredito\/","og_site_name":"Pressenza","article_publisher":"https:\/\/www.facebook.com\/PressenzaItalia","article_author":"https:\/\/www.facebook.com\/DoctorChui\/","article_published_time":"2016-03-17T14:29:36+00:00","article_modified_time":"2016-03-21T18:18:13+00:00","og_image":[{"width":720,"height":540,"url":"https:\/\/www.pressenza.com\/wp-content\/uploads\/2016\/03\/Abu-Dhabi-720x540.jpg","type":"image\/jpeg"}],"author":"Leopoldo Salmaso","twitter_card":"summary_large_image","twitter_creator":"@LeopoldoSalmaso","twitter_site":"@PressenzaIPA","twitter_misc":{"Scritto da":"Leopoldo Salmaso","Tempo di lettura stimato":"3 minuti"},"schema":{"@context":"https:\/\/schema.org","@graph":[{"@type":"Article","@id":"https:\/\/www.pressenza.com\/it\/2016\/03\/abu-dhabi-un-macrosummit-sul-microcredito\/#article","isPartOf":{"@id":"https:\/\/www.pressenza.com\/it\/2016\/03\/abu-dhabi-un-macrosummit-sul-microcredito\/"},"author":{"name":"Leopoldo Salmaso","@id":"https:\/\/www.pressenza.com\/it\/#\/schema\/person\/df9baf7062dacf809b4661e0cf8f7bce"},"headline":"Abu Dhabi: un MACROsummit sul MICROcredito","datePublished":"2016-03-17T14:29:36+00:00","dateModified":"2016-03-21T18:18:13+00:00","mainEntityOfPage":{"@id":"https:\/\/www.pressenza.com\/it\/2016\/03\/abu-dhabi-un-macrosummit-sul-microcredito\/"},"wordCount":586,"publisher":{"@id":"https:\/\/www.pressenza.com\/it\/#organization"},"image":{"@id":"https:\/\/www.pressenza.com\/it\/2016\/03\/abu-dhabi-un-macrosummit-sul-microcredito\/#primaryimage"},"thumbnailUrl":"https:\/\/www.pressenza.com\/wp-content\/uploads\/2016\/03\/Abu-Dhabi.jpg","keywords":["Abu Dhabi","Emirati Arabi Uniti","microcredito","Muhammad Yunus"],"articleSection":["contenuti originali","Economia","Medio Oriente"],"inLanguage":"it-IT"},{"@type":"WebPage","@id":"https:\/\/www.pressenza.com\/it\/2016\/03\/abu-dhabi-un-macrosummit-sul-microcredito\/","url":"https:\/\/www.pressenza.com\/it\/2016\/03\/abu-dhabi-un-macrosummit-sul-microcredito\/","name":"Abu Dhabi: un MACROsummit sul MICROcredito","isPartOf":{"@id":"https:\/\/www.pressenza.com\/it\/#website"},"primaryImageOfPage":{"@id":"https:\/\/www.pressenza.com\/it\/2016\/03\/abu-dhabi-un-macrosummit-sul-microcredito\/#primaryimage"},"image":{"@id":"https:\/\/www.pressenza.com\/it\/2016\/03\/abu-dhabi-un-macrosummit-sul-microcredito\/#primaryimage"},"thumbnailUrl":"https:\/\/www.pressenza.com\/wp-content\/uploads\/2016\/03\/Abu-Dhabi.jpg","datePublished":"2016-03-17T14:29:36+00:00","dateModified":"2016-03-21T18:18:13+00:00","description":"Da luned\u00ec 14 a gioved\u00ec 17 Marzo si \u00e8 svolto ad Abu Dhabi, Emirati Arabi Uniti, il 18mo Summit sul Microcredito. E' stato un MACROsummit. I partecipanti:","breadcrumb":{"@id":"https:\/\/www.pressenza.com\/it\/2016\/03\/abu-dhabi-un-macrosummit-sul-microcredito\/#breadcrumb"},"inLanguage":"it-IT","potentialAction":[{"@type":"ReadAction","target":["https:\/\/www.pressenza.com\/it\/2016\/03\/abu-dhabi-un-macrosummit-sul-microcredito\/"]}]},{"@type":"ImageObject","inLanguage":"it-IT","@id":"https:\/\/www.pressenza.com\/it\/2016\/03\/abu-dhabi-un-macrosummit-sul-microcredito\/#primaryimage","url":"https:\/\/www.pressenza.com\/wp-content\/uploads\/2016\/03\/Abu-Dhabi.jpg","contentUrl":"https:\/\/www.pressenza.com\/wp-content\/uploads\/2016\/03\/Abu-Dhabi.jpg","width":4160,"height":3120},{"@type":"BreadcrumbList","@id":"https:\/\/www.pressenza.com\/it\/2016\/03\/abu-dhabi-un-macrosummit-sul-microcredito\/#breadcrumb","itemListElement":[{"@type":"ListItem","position":1,"name":"Accueil","item":"https:\/\/www.pressenza.com\/it\/"},{"@type":"ListItem","position":2,"name":"Abu Dhabi: un MACROsummit sul MICROcredito"}]},{"@type":"WebSite","@id":"https:\/\/www.pressenza.com\/it\/#website","url":"https:\/\/www.pressenza.com\/it\/","name":"Pressenza","description":"Agenzia di Stampa Internazionale","publisher":{"@id":"https:\/\/www.pressenza.com\/it\/#organization"},"potentialAction":[{"@type":"SearchAction","target":{"@type":"EntryPoint","urlTemplate":"https:\/\/www.pressenza.com\/it\/?s={search_term_string}"},"query-input":{"@type":"PropertyValueSpecification","valueRequired":true,"valueName":"search_term_string"}}],"inLanguage":"it-IT"},{"@type":"Organization","@id":"https:\/\/www.pressenza.com\/it\/#organization","name":"Pressenza","url":"https:\/\/www.pressenza.com\/it\/","logo":{"@type":"ImageObject","inLanguage":"it-IT","@id":"https:\/\/www.pressenza.com\/it\/#\/schema\/logo\/image\/","url":"https:\/\/www.pressenza.com\/wp-content\/uploads\/2022\/10\/pressenza_logo_200x200.jpg","contentUrl":"https:\/\/www.pressenza.com\/wp-content\/uploads\/2022\/10\/pressenza_logo_200x200.jpg","width":200,"height":200,"caption":"Pressenza"},"image":{"@id":"https:\/\/www.pressenza.com\/it\/#\/schema\/logo\/image\/"},"sameAs":["https:\/\/www.facebook.com\/PressenzaItalia","https:\/\/x.com\/PressenzaIPA"]},{"@type":"Person","@id":"https:\/\/www.pressenza.com\/it\/#\/schema\/person\/df9baf7062dacf809b4661e0cf8f7bce","name":"Leopoldo Salmaso","description":"Physician, husband, father and grandfather. Scholar of economic, financial and monetary relations between North and South. He is working with rural people of Tanzania for over thirty years. Author of \"AIDS: Sindrome da Indifference Acquisita?\" and \"The Latin Coup: Europe saved from the crisis by mistake\" also available in Italian and Spanish on Lulu.com. Host of the radio program \"Debt and Democracy\". Co-editor of the manifesto \"Money is Common Good\", available in several languages on www.monetabenecomune.it and on www.monetaproprieta.it","sameAs":["http:\/\/www.eoleo.org%20;%20www.monetabenecomune.it","https:\/\/www.facebook.com\/DoctorChui\/","https:\/\/x.com\/LeopoldoSalmaso"],"url":"https:\/\/www.pressenza.com\/it\/author\/leopoldo-salmaso\/"}]}},"place":"Abu Dhabi","original_article_url":"","_links":{"self":[{"href":"https:\/\/www.pressenza.com\/it\/wp-json\/wp\/v2\/posts\/291039","targetHints":{"allow":["GET"]}}],"collection":[{"href":"https:\/\/www.pressenza.com\/it\/wp-json\/wp\/v2\/posts"}],"about":[{"href":"https:\/\/www.pressenza.com\/it\/wp-json\/wp\/v2\/types\/post"}],"author":[{"embeddable":true,"href":"https:\/\/www.pressenza.com\/it\/wp-json\/wp\/v2\/users\/1196"}],"replies":[{"embeddable":true,"href":"https:\/\/www.pressenza.com\/it\/wp-json\/wp\/v2\/comments?post=291039"}],"version-history":[{"count":0,"href":"https:\/\/www.pressenza.com\/it\/wp-json\/wp\/v2\/posts\/291039\/revisions"}],"wp:featuredmedia":[{"embeddable":true,"href":"https:\/\/www.pressenza.com\/it\/wp-json\/wp\/v2\/media\/291043"}],"wp:attachment":[{"href":"https:\/\/www.pressenza.com\/it\/wp-json\/wp\/v2\/media?parent=291039"}],"wp:term":[{"taxonomy":"category","embeddable":true,"href":"https:\/\/www.pressenza.com\/it\/wp-json\/wp\/v2\/categories?post=291039"},{"taxonomy":"post_tag","embeddable":true,"href":"https:\/\/www.pressenza.com\/it\/wp-json\/wp\/v2\/tags?post=291039"}],"curies":[{"name":"wp","href":"https:\/\/api.w.org\/{rel}","templated":true}]}}