{"id":290735,"date":"2016-03-16T13:14:06","date_gmt":"2016-03-16T13:14:06","guid":{"rendered":"http:\/\/www.pressenza.com\/it\/?p=290735"},"modified":"2016-03-16T13:14:32","modified_gmt":"2016-03-16T13:14:32","slug":"bahrein-attivista-diritti-umani-arrestata-aver-strappato-foto","status":"publish","type":"post","link":"https:\/\/www.pressenza.com\/it\/2016\/03\/bahrein-attivista-diritti-umani-arrestata-aver-strappato-foto\/","title":{"rendered":"Bahrein: attivista per i diritti umani arrestata per aver strappato una foto"},"content":{"rendered":"<p>Amnesty International ha sollecitato le autorit\u00e0 del Bahrein a rilasciare immediatamente Zainab al-Khawaja, l&#8217;attivista per i diritti umani arrestata il 14 marzo insieme al figlio di 15 mesi.<\/p>\n<p><em>&#8220;Zainab al-Khawaja e la sua famiglia sono costantemente presi di mira dalle autorit\u00e0 bahreinite per le loro denunce sulle violazioni dei diritti umani&#8221;<\/em><em>\u00a0<\/em>ha dichiarato James Lynch, vicedirettore del programma Medio Oriente e Africa del Nord di Amnesty International.<\/p>\n<p><em>&#8220;Zainab al-Khawaja \u00e8 stata condannata solo per aver strappato una foto e aver cercato di visitare il padre in carcere. Se il suo arresto significa che inizier\u00e0 a scontare la pena, Amnesty International la considerer\u00e0 prigioniera di coscienza, imprigionata solo per il pacifico esercizio del diritto alla libert\u00e0 d&#8217;espressione&#8221;<\/em>\u00a0ha aggiunto Lynch.<\/p>\n<p>Secondo Maryam al-Khawaja, sorella di Zainab, nel pomeriggio del 14 marzo 15 jeep della polizia hanno chiuso la strada dove si trova l&#8217;abitazione della famiglia. Gli agenti hanno poi hanno proceduto all&#8217;arresto all&#8217;interno della casa.<\/p>\n<p>Dall&#8217;inizio della rivolta del 2011, Zainab al-Khawaja \u00e8 una protagonista dell&#8217;attivismo per i diritti umani in Bahrein. Da allora, ha trascorso quasi un anno e mezzo in carcere. Ora rischia una condanna a tre anni e un mese di carcere, oltre a una multa di 3.000 dinari per vari capi d&#8217;accusa, tra cui aver strappato una fotografia del re. Se non pagher\u00e0 la multa, il periodo di detenzione sar\u00e0 esteso di un anno e mezzo.<\/p>\n<p>Il padre di Zainab, Abdulhadi al-Khawaja, noto attivista e prigioniero di coscienza, \u00e8 all&#8217;ergastolo dal 2011. La sorella Maryam \u00e8 accusata di &#8220;aggressione a un pubblico ufficiale&#8221; che la stava perquisendo. La stessa Maryam al-Khawaja, che vive in esilio, ha riferito ad Amnesty International di temere che l&#8217;arresto di Zainab sia legato alle sue recenti denunce sulle violazioni dei diritti umani in Bahrein.<\/p>\n<p><em>&#8220;Le assurde imputazioni contro Zainab al-Khawaja non sono riconosciute dal diritto internazionale e dimostrano fino a che punto le autorit\u00e0 del Bahrein sono disposte ad arrivare pur di ridurre al silenzio la libert\u00e0 d&#8217;espressione e il dissenso pacifico&#8221;<\/em>\u00a0\u00a0ha commentato Lynch.<\/p>\n<p>&nbsp;<\/p>\n","protected":false},"excerpt":{"rendered":"<p>Amnesty International ha sollecitato le autorit\u00e0 del Bahrein a rilasciare immediatamente Zainab al-Khawaja, l&#8217;attivista per i diritti umani arrestata il 14 marzo insieme al figlio di 15 mesi. &#8220;Zainab al-Khawaja e la sua famiglia sono costantemente presi di mira dalle&hellip;<\/p>\n","protected":false},"author":432,"featured_media":290736,"comment_status":"closed","ping_status":"closed","sticky":false,"template":"","format":"standard","meta":{"footnotes":""},"categories":[150,60,52],"tags":[5284,4053,25018],"class_list":["post-290735","post","type-post","status-publish","format-standard","has-post-thumbnail","hentry","category-comunicati-stampa","category-diritti-umani","category-medio-oriente","tag-arresti","tag-bahrein-it","tag-violazioni-dei-diritti-umani"],"yoast_head":"<!-- This site is optimized with the Yoast SEO plugin v27.1.1 - https:\/\/yoast.com\/product\/yoast-seo-wordpress\/ -->\n<title>Bahrein: attivista per i diritti umani arrestata per aver strappato una foto<\/title>\n<meta name=\"description\" content=\"Amnesty International ha sollecitato le autorit\u00e0 del Bahrein a rilasciare immediatamente Zainab al-Khawaja, l&#039;attivista per i diritti umani arrestata il\" \/>\n<meta name=\"robots\" content=\"index, follow, max-snippet:-1, max-image-preview:large, max-video-preview:-1\" \/>\n<link rel=\"canonical\" href=\"https:\/\/www.pressenza.com\/it\/2016\/03\/bahrein-attivista-diritti-umani-arrestata-aver-strappato-foto\/\" \/>\n<meta property=\"og:locale\" content=\"it_IT\" \/>\n<meta property=\"og:type\" content=\"article\" \/>\n<meta property=\"og:title\" content=\"Bahrein: attivista per i diritti umani arrestata per aver strappato una foto\" \/>\n<meta property=\"og:description\" content=\"Amnesty International ha sollecitato le autorit\u00e0 del Bahrein a rilasciare immediatamente Zainab al-Khawaja, l&#039;attivista per i diritti umani arrestata il\" \/>\n<meta property=\"og:url\" content=\"https:\/\/www.pressenza.com\/it\/2016\/03\/bahrein-attivista-diritti-umani-arrestata-aver-strappato-foto\/\" \/>\n<meta property=\"og:site_name\" content=\"Pressenza\" \/>\n<meta property=\"article:publisher\" content=\"https:\/\/www.facebook.com\/PressenzaItalia\" \/>\n<meta property=\"article:author\" content=\"https:\/\/www.facebook.com\/amnestyglobal\" \/>\n<meta property=\"article:published_time\" content=\"2016-03-16T13:14:06+00:00\" \/>\n<meta property=\"article:modified_time\" content=\"2016-03-16T13:14:32+00:00\" \/>\n<meta property=\"og:image\" content=\"https:\/\/www.pressenza.com\/wp-content\/uploads\/2016\/03\/Zainab-al-Khawaja.jpg\" \/>\n\t<meta property=\"og:image:width\" content=\"1000\" \/>\n\t<meta property=\"og:image:height\" content=\"525\" \/>\n\t<meta property=\"og:image:type\" content=\"image\/jpeg\" \/>\n<meta name=\"author\" content=\"Amnesty International\" \/>\n<meta name=\"twitter:card\" content=\"summary_large_image\" \/>\n<meta name=\"twitter:creator\" content=\"@amnesty\" \/>\n<meta name=\"twitter:site\" content=\"@PressenzaIPA\" \/>\n<meta name=\"twitter:label1\" content=\"Scritto da\" \/>\n\t<meta name=\"twitter:data1\" content=\"Amnesty International\" \/>\n\t<meta name=\"twitter:label2\" content=\"Tempo di lettura stimato\" \/>\n\t<meta name=\"twitter:data2\" content=\"2 minuti\" \/>\n<script type=\"application\/ld+json\" class=\"yoast-schema-graph\">{\"@context\":\"https:\/\/schema.org\",\"@graph\":[{\"@type\":\"Article\",\"@id\":\"https:\/\/www.pressenza.com\/it\/2016\/03\/bahrein-attivista-diritti-umani-arrestata-aver-strappato-foto\/#article\",\"isPartOf\":{\"@id\":\"https:\/\/www.pressenza.com\/it\/2016\/03\/bahrein-attivista-diritti-umani-arrestata-aver-strappato-foto\/\"},\"author\":{\"name\":\"Amnesty International\",\"@id\":\"https:\/\/www.pressenza.com\/it\/#\/schema\/person\/9b981b05c7ecf09292e6acb3223b2d9d\"},\"headline\":\"Bahrein: attivista per i diritti umani arrestata per aver strappato una foto\",\"datePublished\":\"2016-03-16T13:14:06+00:00\",\"dateModified\":\"2016-03-16T13:14:32+00:00\",\"mainEntityOfPage\":{\"@id\":\"https:\/\/www.pressenza.com\/it\/2016\/03\/bahrein-attivista-diritti-umani-arrestata-aver-strappato-foto\/\"},\"wordCount\":346,\"publisher\":{\"@id\":\"https:\/\/www.pressenza.com\/it\/#organization\"},\"image\":{\"@id\":\"https:\/\/www.pressenza.com\/it\/2016\/03\/bahrein-attivista-diritti-umani-arrestata-aver-strappato-foto\/#primaryimage\"},\"thumbnailUrl\":\"https:\/\/www.pressenza.com\/wp-content\/uploads\/2016\/03\/Zainab-al-Khawaja.jpg\",\"keywords\":[\"arresti\",\"Bahrein\",\"violazioni dei diritti umani\"],\"articleSection\":[\"Comunicati Stampa\",\"Diritti Umani\",\"Medio Oriente\"],\"inLanguage\":\"it-IT\"},{\"@type\":\"WebPage\",\"@id\":\"https:\/\/www.pressenza.com\/it\/2016\/03\/bahrein-attivista-diritti-umani-arrestata-aver-strappato-foto\/\",\"url\":\"https:\/\/www.pressenza.com\/it\/2016\/03\/bahrein-attivista-diritti-umani-arrestata-aver-strappato-foto\/\",\"name\":\"Bahrein: attivista per i diritti umani arrestata per aver strappato una foto\",\"isPartOf\":{\"@id\":\"https:\/\/www.pressenza.com\/it\/#website\"},\"primaryImageOfPage\":{\"@id\":\"https:\/\/www.pressenza.com\/it\/2016\/03\/bahrein-attivista-diritti-umani-arrestata-aver-strappato-foto\/#primaryimage\"},\"image\":{\"@id\":\"https:\/\/www.pressenza.com\/it\/2016\/03\/bahrein-attivista-diritti-umani-arrestata-aver-strappato-foto\/#primaryimage\"},\"thumbnailUrl\":\"https:\/\/www.pressenza.com\/wp-content\/uploads\/2016\/03\/Zainab-al-Khawaja.jpg\",\"datePublished\":\"2016-03-16T13:14:06+00:00\",\"dateModified\":\"2016-03-16T13:14:32+00:00\",\"description\":\"Amnesty International ha sollecitato le autorit\u00e0 del Bahrein a rilasciare immediatamente Zainab al-Khawaja, l'attivista per i diritti umani arrestata il\",\"breadcrumb\":{\"@id\":\"https:\/\/www.pressenza.com\/it\/2016\/03\/bahrein-attivista-diritti-umani-arrestata-aver-strappato-foto\/#breadcrumb\"},\"inLanguage\":\"it-IT\",\"potentialAction\":[{\"@type\":\"ReadAction\",\"target\":[\"https:\/\/www.pressenza.com\/it\/2016\/03\/bahrein-attivista-diritti-umani-arrestata-aver-strappato-foto\/\"]}]},{\"@type\":\"ImageObject\",\"inLanguage\":\"it-IT\",\"@id\":\"https:\/\/www.pressenza.com\/it\/2016\/03\/bahrein-attivista-diritti-umani-arrestata-aver-strappato-foto\/#primaryimage\",\"url\":\"https:\/\/www.pressenza.com\/wp-content\/uploads\/2016\/03\/Zainab-al-Khawaja.jpg\",\"contentUrl\":\"https:\/\/www.pressenza.com\/wp-content\/uploads\/2016\/03\/Zainab-al-Khawaja.jpg\",\"width\":1000,\"height\":525},{\"@type\":\"BreadcrumbList\",\"@id\":\"https:\/\/www.pressenza.com\/it\/2016\/03\/bahrein-attivista-diritti-umani-arrestata-aver-strappato-foto\/#breadcrumb\",\"itemListElement\":[{\"@type\":\"ListItem\",\"position\":1,\"name\":\"Accueil\",\"item\":\"https:\/\/www.pressenza.com\/it\/\"},{\"@type\":\"ListItem\",\"position\":2,\"name\":\"Bahrein: attivista per i diritti umani arrestata per aver strappato una foto\"}]},{\"@type\":\"WebSite\",\"@id\":\"https:\/\/www.pressenza.com\/it\/#website\",\"url\":\"https:\/\/www.pressenza.com\/it\/\",\"name\":\"Pressenza\",\"description\":\"Agenzia di Stampa Internazionale\",\"publisher\":{\"@id\":\"https:\/\/www.pressenza.com\/it\/#organization\"},\"potentialAction\":[{\"@type\":\"SearchAction\",\"target\":{\"@type\":\"EntryPoint\",\"urlTemplate\":\"https:\/\/www.pressenza.com\/it\/?s={search_term_string}\"},\"query-input\":{\"@type\":\"PropertyValueSpecification\",\"valueRequired\":true,\"valueName\":\"search_term_string\"}}],\"inLanguage\":\"it-IT\"},{\"@type\":\"Organization\",\"@id\":\"https:\/\/www.pressenza.com\/it\/#organization\",\"name\":\"Pressenza\",\"url\":\"https:\/\/www.pressenza.com\/it\/\",\"logo\":{\"@type\":\"ImageObject\",\"inLanguage\":\"it-IT\",\"@id\":\"https:\/\/www.pressenza.com\/it\/#\/schema\/logo\/image\/\",\"url\":\"https:\/\/www.pressenza.com\/wp-content\/uploads\/2022\/10\/pressenza_logo_200x200.jpg\",\"contentUrl\":\"https:\/\/www.pressenza.com\/wp-content\/uploads\/2022\/10\/pressenza_logo_200x200.jpg\",\"width\":200,\"height\":200,\"caption\":\"Pressenza\"},\"image\":{\"@id\":\"https:\/\/www.pressenza.com\/it\/#\/schema\/logo\/image\/\"},\"sameAs\":[\"https:\/\/www.facebook.com\/PressenzaItalia\",\"https:\/\/x.com\/PressenzaIPA\"]},{\"@type\":\"Person\",\"@id\":\"https:\/\/www.pressenza.com\/it\/#\/schema\/person\/9b981b05c7ecf09292e6acb3223b2d9d\",\"name\":\"Amnesty International\",\"description\":\"Amnesty International is a global movement of more than 3 million supporters, members and activists in over 150 countries and territories who campaign to end grave abuses of human rights. Our vision is for every person to enjoy all the rights enshrined in the Universal Declaration of Human Rights and other international human rights standards. www.amnesty.org\",\"sameAs\":[\"http:\/\/www.amnesty.it\",\"https:\/\/www.facebook.com\/amnestyglobal\",\"https:\/\/x.com\/amnesty\"],\"url\":\"https:\/\/www.pressenza.com\/it\/author\/amnesty-international\/\"}]}<\/script>\n<!-- \/ Yoast SEO plugin. -->","yoast_head_json":{"title":"Bahrein: attivista per i diritti umani arrestata per aver strappato una foto","description":"Amnesty International ha sollecitato le autorit\u00e0 del Bahrein a rilasciare immediatamente Zainab al-Khawaja, l'attivista per i diritti umani arrestata il","robots":{"index":"index","follow":"follow","max-snippet":"max-snippet:-1","max-image-preview":"max-image-preview:large","max-video-preview":"max-video-preview:-1"},"canonical":"https:\/\/www.pressenza.com\/it\/2016\/03\/bahrein-attivista-diritti-umani-arrestata-aver-strappato-foto\/","og_locale":"it_IT","og_type":"article","og_title":"Bahrein: attivista per i diritti umani arrestata per aver strappato una foto","og_description":"Amnesty International ha sollecitato le autorit\u00e0 del Bahrein a rilasciare immediatamente Zainab al-Khawaja, l'attivista per i diritti umani arrestata il","og_url":"https:\/\/www.pressenza.com\/it\/2016\/03\/bahrein-attivista-diritti-umani-arrestata-aver-strappato-foto\/","og_site_name":"Pressenza","article_publisher":"https:\/\/www.facebook.com\/PressenzaItalia","article_author":"https:\/\/www.facebook.com\/amnestyglobal","article_published_time":"2016-03-16T13:14:06+00:00","article_modified_time":"2016-03-16T13:14:32+00:00","og_image":[{"width":1000,"height":525,"url":"https:\/\/www.pressenza.com\/wp-content\/uploads\/2016\/03\/Zainab-al-Khawaja.jpg","type":"image\/jpeg"}],"author":"Amnesty International","twitter_card":"summary_large_image","twitter_creator":"@amnesty","twitter_site":"@PressenzaIPA","twitter_misc":{"Scritto da":"Amnesty International","Tempo di lettura stimato":"2 minuti"},"schema":{"@context":"https:\/\/schema.org","@graph":[{"@type":"Article","@id":"https:\/\/www.pressenza.com\/it\/2016\/03\/bahrein-attivista-diritti-umani-arrestata-aver-strappato-foto\/#article","isPartOf":{"@id":"https:\/\/www.pressenza.com\/it\/2016\/03\/bahrein-attivista-diritti-umani-arrestata-aver-strappato-foto\/"},"author":{"name":"Amnesty International","@id":"https:\/\/www.pressenza.com\/it\/#\/schema\/person\/9b981b05c7ecf09292e6acb3223b2d9d"},"headline":"Bahrein: attivista per i diritti umani arrestata per aver strappato una foto","datePublished":"2016-03-16T13:14:06+00:00","dateModified":"2016-03-16T13:14:32+00:00","mainEntityOfPage":{"@id":"https:\/\/www.pressenza.com\/it\/2016\/03\/bahrein-attivista-diritti-umani-arrestata-aver-strappato-foto\/"},"wordCount":346,"publisher":{"@id":"https:\/\/www.pressenza.com\/it\/#organization"},"image":{"@id":"https:\/\/www.pressenza.com\/it\/2016\/03\/bahrein-attivista-diritti-umani-arrestata-aver-strappato-foto\/#primaryimage"},"thumbnailUrl":"https:\/\/www.pressenza.com\/wp-content\/uploads\/2016\/03\/Zainab-al-Khawaja.jpg","keywords":["arresti","Bahrein","violazioni dei diritti umani"],"articleSection":["Comunicati Stampa","Diritti Umani","Medio Oriente"],"inLanguage":"it-IT"},{"@type":"WebPage","@id":"https:\/\/www.pressenza.com\/it\/2016\/03\/bahrein-attivista-diritti-umani-arrestata-aver-strappato-foto\/","url":"https:\/\/www.pressenza.com\/it\/2016\/03\/bahrein-attivista-diritti-umani-arrestata-aver-strappato-foto\/","name":"Bahrein: attivista per i diritti umani arrestata per aver strappato una foto","isPartOf":{"@id":"https:\/\/www.pressenza.com\/it\/#website"},"primaryImageOfPage":{"@id":"https:\/\/www.pressenza.com\/it\/2016\/03\/bahrein-attivista-diritti-umani-arrestata-aver-strappato-foto\/#primaryimage"},"image":{"@id":"https:\/\/www.pressenza.com\/it\/2016\/03\/bahrein-attivista-diritti-umani-arrestata-aver-strappato-foto\/#primaryimage"},"thumbnailUrl":"https:\/\/www.pressenza.com\/wp-content\/uploads\/2016\/03\/Zainab-al-Khawaja.jpg","datePublished":"2016-03-16T13:14:06+00:00","dateModified":"2016-03-16T13:14:32+00:00","description":"Amnesty International ha sollecitato le autorit\u00e0 del Bahrein a rilasciare immediatamente Zainab al-Khawaja, l'attivista per i diritti umani arrestata il","breadcrumb":{"@id":"https:\/\/www.pressenza.com\/it\/2016\/03\/bahrein-attivista-diritti-umani-arrestata-aver-strappato-foto\/#breadcrumb"},"inLanguage":"it-IT","potentialAction":[{"@type":"ReadAction","target":["https:\/\/www.pressenza.com\/it\/2016\/03\/bahrein-attivista-diritti-umani-arrestata-aver-strappato-foto\/"]}]},{"@type":"ImageObject","inLanguage":"it-IT","@id":"https:\/\/www.pressenza.com\/it\/2016\/03\/bahrein-attivista-diritti-umani-arrestata-aver-strappato-foto\/#primaryimage","url":"https:\/\/www.pressenza.com\/wp-content\/uploads\/2016\/03\/Zainab-al-Khawaja.jpg","contentUrl":"https:\/\/www.pressenza.com\/wp-content\/uploads\/2016\/03\/Zainab-al-Khawaja.jpg","width":1000,"height":525},{"@type":"BreadcrumbList","@id":"https:\/\/www.pressenza.com\/it\/2016\/03\/bahrein-attivista-diritti-umani-arrestata-aver-strappato-foto\/#breadcrumb","itemListElement":[{"@type":"ListItem","position":1,"name":"Accueil","item":"https:\/\/www.pressenza.com\/it\/"},{"@type":"ListItem","position":2,"name":"Bahrein: attivista per i diritti umani arrestata per aver strappato una foto"}]},{"@type":"WebSite","@id":"https:\/\/www.pressenza.com\/it\/#website","url":"https:\/\/www.pressenza.com\/it\/","name":"Pressenza","description":"Agenzia di Stampa Internazionale","publisher":{"@id":"https:\/\/www.pressenza.com\/it\/#organization"},"potentialAction":[{"@type":"SearchAction","target":{"@type":"EntryPoint","urlTemplate":"https:\/\/www.pressenza.com\/it\/?s={search_term_string}"},"query-input":{"@type":"PropertyValueSpecification","valueRequired":true,"valueName":"search_term_string"}}],"inLanguage":"it-IT"},{"@type":"Organization","@id":"https:\/\/www.pressenza.com\/it\/#organization","name":"Pressenza","url":"https:\/\/www.pressenza.com\/it\/","logo":{"@type":"ImageObject","inLanguage":"it-IT","@id":"https:\/\/www.pressenza.com\/it\/#\/schema\/logo\/image\/","url":"https:\/\/www.pressenza.com\/wp-content\/uploads\/2022\/10\/pressenza_logo_200x200.jpg","contentUrl":"https:\/\/www.pressenza.com\/wp-content\/uploads\/2022\/10\/pressenza_logo_200x200.jpg","width":200,"height":200,"caption":"Pressenza"},"image":{"@id":"https:\/\/www.pressenza.com\/it\/#\/schema\/logo\/image\/"},"sameAs":["https:\/\/www.facebook.com\/PressenzaItalia","https:\/\/x.com\/PressenzaIPA"]},{"@type":"Person","@id":"https:\/\/www.pressenza.com\/it\/#\/schema\/person\/9b981b05c7ecf09292e6acb3223b2d9d","name":"Amnesty International","description":"Amnesty International is a global movement of more than 3 million supporters, members and activists in over 150 countries and territories who campaign to end grave abuses of human rights. Our vision is for every person to enjoy all the rights enshrined in the Universal Declaration of Human Rights and other international human rights standards. www.amnesty.org","sameAs":["http:\/\/www.amnesty.it","https:\/\/www.facebook.com\/amnestyglobal","https:\/\/x.com\/amnesty"],"url":"https:\/\/www.pressenza.com\/it\/author\/amnesty-international\/"}]}},"place":"","original_article_url":"","_links":{"self":[{"href":"https:\/\/www.pressenza.com\/it\/wp-json\/wp\/v2\/posts\/290735","targetHints":{"allow":["GET"]}}],"collection":[{"href":"https:\/\/www.pressenza.com\/it\/wp-json\/wp\/v2\/posts"}],"about":[{"href":"https:\/\/www.pressenza.com\/it\/wp-json\/wp\/v2\/types\/post"}],"author":[{"embeddable":true,"href":"https:\/\/www.pressenza.com\/it\/wp-json\/wp\/v2\/users\/432"}],"replies":[{"embeddable":true,"href":"https:\/\/www.pressenza.com\/it\/wp-json\/wp\/v2\/comments?post=290735"}],"version-history":[{"count":0,"href":"https:\/\/www.pressenza.com\/it\/wp-json\/wp\/v2\/posts\/290735\/revisions"}],"wp:featuredmedia":[{"embeddable":true,"href":"https:\/\/www.pressenza.com\/it\/wp-json\/wp\/v2\/media\/290736"}],"wp:attachment":[{"href":"https:\/\/www.pressenza.com\/it\/wp-json\/wp\/v2\/media?parent=290735"}],"wp:term":[{"taxonomy":"category","embeddable":true,"href":"https:\/\/www.pressenza.com\/it\/wp-json\/wp\/v2\/categories?post=290735"},{"taxonomy":"post_tag","embeddable":true,"href":"https:\/\/www.pressenza.com\/it\/wp-json\/wp\/v2\/tags?post=290735"}],"curies":[{"name":"wp","href":"https:\/\/api.w.org\/{rel}","templated":true}]}}