{"id":290000,"date":"2016-03-14T12:08:58","date_gmt":"2016-03-14T12:08:58","guid":{"rendered":"http:\/\/www.pressenza.com\/it\/?p=290000"},"modified":"2016-03-14T15:07:30","modified_gmt":"2016-03-14T15:07:30","slug":"msf-siria-cinque-anni","status":"publish","type":"post","link":"https:\/\/www.pressenza.com\/it\/2016\/03\/msf-siria-cinque-anni\/","title":{"rendered":"MSF: Siria cinque anni dopo"},"content":{"rendered":"<p style=\"text-align: center;\"><strong><br \/>\nMSF: \u201cFermare subito gli attacchi sui civili e garantire aiuti umanitari e assistenza medica\u201d<\/strong><\/p>\n<p style=\"text-align: justify;\">Il conflitto in Siria sta per entrare nel suo sesto anno. In questa guerra i civili sono incessantemente sotto attacco: <strong>1,9 milioni di persone vivono sotto assedio, le frontiere sono chiuse ai rifugiati e dilagano i bombardamenti contro strutture mediche e aree densamente abitate<\/strong>. Un recente rapporto di MSF, basato su dati raccolti nel 2015 in soltanto 70 delle 150 strutture supportate da MSF nel paese, parla di <strong>154.647 feriti<\/strong> e <strong>7.009 vittime di guerra<\/strong>, di cui il <strong>30-40% donne e bambini<\/strong>. <strong>Nonostante il cessate il fuoco la violenza, seppure con minor forza, continua.<\/strong><\/p>\n<p style=\"text-align: justify;\">In occasione di questo triste anniversario, <strong>Medici Senza Frontiere (MSF)<\/strong> ribadisce il proprio appello: tutte le parti in guerra &#8211; compresi gli stati membri del Consiglio di Sicurezza delle Nazioni Unite attivamente coinvolti &#8211; devono <strong>risparmiare i civili <\/strong>e fermare i bombardamenti contro infrastrutture civili e sanitarie. <strong>Deve essere garantito l&#8217;accesso agli aiuti umanitari, inclusa l&#8217;assistenza medica, <\/strong>alle popolazioni assediate o bloccate nel conflitto. Ai civili devono inoltre essere garantiti la possibilit\u00e0 di fuggire in sicurezza dai luoghi del conflitto e il diritto di cercare protezione al di fuori dei confini siriani.<br \/>\n<em><br \/>\n\u201cI dati che abbiamo raccolto sono sconcertanti, ma sono solo una fotografia parziale di un bilancio molto pi\u00f9 grave\u201d <\/em>ha detto <strong>Loris De Filippi, presidente di MSF.<\/strong> <em>\u201cNon c\u2019\u00e8 alcun dubbio che i civili vengano colpiti, in modo mirato o indiscriminato. Nessuna sorpresa quindi che migliaia di persone stiano fuggendo per sopravvivere al massacro. Non possiamo tornare ai livelli di violenza dello scorso anno: i membri del Consiglio di Sicurezza ONU devono rispettare le risoluzioni per la protezione dei civili che loro stessi hanno firmato<\/em><em>.<\/em><em>\u201d <\/em><br \/>\n<strong><br \/>\nLa versione italiana del rapporto di MSF sui morti e feriti di guerra<\/strong>: <a href=\"http:\/\/anws.co\/be8BC\/%7B3f277101-d5e4-49ac-9c64-4f5550aaffea%7D\" target=\"_blank\">http:\/\/www.medicisenzafrontiere.it\/notizie\/comunicato-stampa\/siria-civili-sotto-attacco-1-su-3-vittime-sono-donne-o-bambini<\/a> (abstract e rapporto integrale in coda alla notizia)<br \/>\n<strong><br \/>\nLa drammatica testimonianza di un medico siriano che ha deciso di restare nel paese:<\/strong><em><br \/>\n\u201cIl momento pi\u00f9 difficile \u00e8 quando ti portano i nuovi pazienti. Hai la strana sensazione che uno di loro potrebbe essere un membro della tua famiglia. O quando vedi un paziente, una persona con cui hai parlato solo 5 o 10 minuti prima, portato in ospedale senza volto o senza testa&#8230; Siamo tutti affaticati dalla paura e dalla guerra. Tutti volevano la libert\u00e0, la rivoluzione, ma ora hanno raggiunto il limite e vogliono solo che finisca la violenza. La tregua in realt\u00e0 non esiste. Ha diminuito la violenza, ma sentiamo ancora il rumore degli spari. Nelle vicinanze ci sono violenti combattimenti che sembrano sempre pi\u00f9 vicini. E abbiamo paura che quando finir\u00e0 la tregua, la ripresa sar\u00e0 ancora pi\u00f9 dura&#8221;.<\/em><\/p>\n<p style=\"text-align: justify;\"><strong>La testimonianza completa \u00e8 disponibile al seguente link: <a href=\"http:\/\/anws.co\/be8BD\/%7B3f277101-d5e4-49ac-9c64-4f5550aaffea%7D\" target=\"_blank\">http:\/\/www.medicisenzafrontiere.it\/notizie\/blog\/%E2%80%9Csiamo-tutti-affaticati-dalla-paura-e-dalla-morte%E2%80%9D<\/a><\/strong><\/p>\n<p style=\"text-align: justify;\"><strong>Le sofferte video-testimonianze dei colleghi siriani che hanno deciso di lasciare il paese: <a href=\"http:\/\/anws.co\/be8BE\/%7B3f277101-d5e4-49ac-9c64-4f5550aaffea%7D\" target=\"_blank\">https:\/\/youtu.be\/16KfsKKtA9E<\/a><\/strong><\/p>\n<p>&nbsp;<\/p>\n","protected":false},"excerpt":{"rendered":"<p>MSF: \u201cFermare subito gli attacchi sui civili e garantire aiuti umanitari e assistenza medica\u201d Il conflitto in Siria sta per entrare nel suo sesto anno. In questa guerra i civili sono incessantemente sotto attacco: 1,9 milioni di persone vivono sotto&hellip;<\/p>\n","protected":false},"author":1103,"featured_media":290001,"comment_status":"closed","ping_status":"closed","sticky":false,"template":"","format":"standard","meta":{"footnotes":""},"categories":[150,56,52,1262,1263],"tags":[24934,7242,10253,234],"class_list":["post-290000","post","type-post","status-publish","format-standard","has-post-thumbnail","hentry","category-comunicati-stampa","category-cultura","category-medio-oriente","category-nonviolenza-argomento","category-pace-disarmo","tag-loris-de-filippi","tag-medici-senza-frontiere","tag-msf","tag-siria-it"],"yoast_head":"<!-- This site is optimized with the Yoast SEO plugin v27.1.1 - https:\/\/yoast.com\/product\/yoast-seo-wordpress\/ -->\n<title>MSF: Siria cinque anni dopo<\/title>\n<meta name=\"description\" content=\"MSF: \u201cFermare subito gli attacchi sui civili e garantire aiuti umanitari e assistenza medica\u201d Il conflitto in Siria sta per entrare nel suo sesto anno. In\" \/>\n<meta name=\"robots\" content=\"index, follow, max-snippet:-1, max-image-preview:large, max-video-preview:-1\" \/>\n<link rel=\"canonical\" href=\"https:\/\/www.pressenza.com\/it\/2016\/03\/msf-siria-cinque-anni\/\" \/>\n<meta property=\"og:locale\" content=\"it_IT\" \/>\n<meta property=\"og:type\" content=\"article\" \/>\n<meta property=\"og:title\" content=\"MSF: Siria cinque anni dopo\" \/>\n<meta property=\"og:description\" content=\"MSF: \u201cFermare subito gli attacchi sui civili e garantire aiuti umanitari e assistenza medica\u201d Il conflitto in Siria sta per entrare nel suo sesto anno. In\" \/>\n<meta property=\"og:url\" content=\"https:\/\/www.pressenza.com\/it\/2016\/03\/msf-siria-cinque-anni\/\" \/>\n<meta property=\"og:site_name\" content=\"Pressenza\" \/>\n<meta property=\"article:publisher\" content=\"https:\/\/www.facebook.com\/PressenzaItalia\" \/>\n<meta property=\"article:author\" content=\"https:\/\/www.facebook.com\/msf.italiano\/\" \/>\n<meta property=\"article:published_time\" content=\"2016-03-14T12:08:58+00:00\" \/>\n<meta property=\"article:modified_time\" content=\"2016-03-14T15:07:30+00:00\" \/>\n<meta property=\"og:image\" content=\"https:\/\/www.pressenza.com\/wp-content\/uploads\/2016\/03\/MSF161355.jpg\" \/>\n\t<meta property=\"og:image:width\" content=\"760\" \/>\n\t<meta property=\"og:image:height\" content=\"380\" \/>\n\t<meta property=\"og:image:type\" content=\"image\/jpeg\" \/>\n<meta name=\"author\" content=\"Medecins sans Frontieres\" \/>\n<meta name=\"twitter:card\" content=\"summary_large_image\" \/>\n<meta name=\"twitter:creator\" content=\"@MSF\" \/>\n<meta name=\"twitter:site\" content=\"@PressenzaIPA\" \/>\n<meta name=\"twitter:label1\" content=\"Scritto da\" \/>\n\t<meta name=\"twitter:data1\" content=\"Medecins sans Frontieres\" \/>\n\t<meta name=\"twitter:label2\" content=\"Tempo di lettura stimato\" \/>\n\t<meta name=\"twitter:data2\" content=\"2 minuti\" \/>\n<script type=\"application\/ld+json\" class=\"yoast-schema-graph\">{\"@context\":\"https:\/\/schema.org\",\"@graph\":[{\"@type\":\"Article\",\"@id\":\"https:\/\/www.pressenza.com\/it\/2016\/03\/msf-siria-cinque-anni\/#article\",\"isPartOf\":{\"@id\":\"https:\/\/www.pressenza.com\/it\/2016\/03\/msf-siria-cinque-anni\/\"},\"author\":{\"name\":\"Medecins sans Frontieres\",\"@id\":\"https:\/\/www.pressenza.com\/it\/#\/schema\/person\/67dd9334b11345b5e9e171b3a89a22b5\"},\"headline\":\"MSF: Siria cinque anni dopo\",\"datePublished\":\"2016-03-14T12:08:58+00:00\",\"dateModified\":\"2016-03-14T15:07:30+00:00\",\"mainEntityOfPage\":{\"@id\":\"https:\/\/www.pressenza.com\/it\/2016\/03\/msf-siria-cinque-anni\/\"},\"wordCount\":483,\"publisher\":{\"@id\":\"https:\/\/www.pressenza.com\/it\/#organization\"},\"image\":{\"@id\":\"https:\/\/www.pressenza.com\/it\/2016\/03\/msf-siria-cinque-anni\/#primaryimage\"},\"thumbnailUrl\":\"https:\/\/www.pressenza.com\/wp-content\/uploads\/2016\/03\/MSF161355.jpg\",\"keywords\":[\"Loris De Filippi\",\"Medici Senza Frontiere\",\"MSF\",\"Siria\"],\"articleSection\":[\"Comunicati Stampa\",\"Cultura e Media\",\"Medio Oriente\",\"Nonviolenza\",\"Pace e Disarmo\"],\"inLanguage\":\"it-IT\"},{\"@type\":\"WebPage\",\"@id\":\"https:\/\/www.pressenza.com\/it\/2016\/03\/msf-siria-cinque-anni\/\",\"url\":\"https:\/\/www.pressenza.com\/it\/2016\/03\/msf-siria-cinque-anni\/\",\"name\":\"MSF: Siria cinque anni dopo\",\"isPartOf\":{\"@id\":\"https:\/\/www.pressenza.com\/it\/#website\"},\"primaryImageOfPage\":{\"@id\":\"https:\/\/www.pressenza.com\/it\/2016\/03\/msf-siria-cinque-anni\/#primaryimage\"},\"image\":{\"@id\":\"https:\/\/www.pressenza.com\/it\/2016\/03\/msf-siria-cinque-anni\/#primaryimage\"},\"thumbnailUrl\":\"https:\/\/www.pressenza.com\/wp-content\/uploads\/2016\/03\/MSF161355.jpg\",\"datePublished\":\"2016-03-14T12:08:58+00:00\",\"dateModified\":\"2016-03-14T15:07:30+00:00\",\"description\":\"MSF: \u201cFermare subito gli attacchi sui civili e garantire aiuti umanitari e assistenza medica\u201d Il conflitto in Siria sta per entrare nel suo sesto anno. In\",\"breadcrumb\":{\"@id\":\"https:\/\/www.pressenza.com\/it\/2016\/03\/msf-siria-cinque-anni\/#breadcrumb\"},\"inLanguage\":\"it-IT\",\"potentialAction\":[{\"@type\":\"ReadAction\",\"target\":[\"https:\/\/www.pressenza.com\/it\/2016\/03\/msf-siria-cinque-anni\/\"]}]},{\"@type\":\"ImageObject\",\"inLanguage\":\"it-IT\",\"@id\":\"https:\/\/www.pressenza.com\/it\/2016\/03\/msf-siria-cinque-anni\/#primaryimage\",\"url\":\"https:\/\/www.pressenza.com\/wp-content\/uploads\/2016\/03\/MSF161355.jpg\",\"contentUrl\":\"https:\/\/www.pressenza.com\/wp-content\/uploads\/2016\/03\/MSF161355.jpg\",\"width\":760,\"height\":380},{\"@type\":\"BreadcrumbList\",\"@id\":\"https:\/\/www.pressenza.com\/it\/2016\/03\/msf-siria-cinque-anni\/#breadcrumb\",\"itemListElement\":[{\"@type\":\"ListItem\",\"position\":1,\"name\":\"Accueil\",\"item\":\"https:\/\/www.pressenza.com\/it\/\"},{\"@type\":\"ListItem\",\"position\":2,\"name\":\"MSF: Siria cinque anni dopo\"}]},{\"@type\":\"WebSite\",\"@id\":\"https:\/\/www.pressenza.com\/it\/#website\",\"url\":\"https:\/\/www.pressenza.com\/it\/\",\"name\":\"Pressenza\",\"description\":\"Agenzia di Stampa Internazionale\",\"publisher\":{\"@id\":\"https:\/\/www.pressenza.com\/it\/#organization\"},\"potentialAction\":[{\"@type\":\"SearchAction\",\"target\":{\"@type\":\"EntryPoint\",\"urlTemplate\":\"https:\/\/www.pressenza.com\/it\/?s={search_term_string}\"},\"query-input\":{\"@type\":\"PropertyValueSpecification\",\"valueRequired\":true,\"valueName\":\"search_term_string\"}}],\"inLanguage\":\"it-IT\"},{\"@type\":\"Organization\",\"@id\":\"https:\/\/www.pressenza.com\/it\/#organization\",\"name\":\"Pressenza\",\"url\":\"https:\/\/www.pressenza.com\/it\/\",\"logo\":{\"@type\":\"ImageObject\",\"inLanguage\":\"it-IT\",\"@id\":\"https:\/\/www.pressenza.com\/it\/#\/schema\/logo\/image\/\",\"url\":\"https:\/\/www.pressenza.com\/wp-content\/uploads\/2022\/10\/pressenza_logo_200x200.jpg\",\"contentUrl\":\"https:\/\/www.pressenza.com\/wp-content\/uploads\/2022\/10\/pressenza_logo_200x200.jpg\",\"width\":200,\"height\":200,\"caption\":\"Pressenza\"},\"image\":{\"@id\":\"https:\/\/www.pressenza.com\/it\/#\/schema\/logo\/image\/\"},\"sameAs\":[\"https:\/\/www.facebook.com\/PressenzaItalia\",\"https:\/\/x.com\/PressenzaIPA\"]},{\"@type\":\"Person\",\"@id\":\"https:\/\/www.pressenza.com\/it\/#\/schema\/person\/67dd9334b11345b5e9e171b3a89a22b5\",\"name\":\"Medecins sans Frontieres\",\"description\":\"M\u00e9decins Sans Fronti\u00e8res (MSF) is an international, independent, medical humanitarian organisation that delivers emergency aid to people affected by armed conflict, epidemics, natural disasters and exclusion from healthcare. MSF offers assistance to people based on need, irrespective of race, religion, gender or political affiliation. Our actions are guided by medical ethics and the principles of neutrality and impartiality. www.msf.org\",\"sameAs\":[\"https:\/\/www.facebook.com\/msf.italiano\/\",\"https:\/\/x.com\/MSF\"],\"url\":\"https:\/\/www.pressenza.com\/it\/author\/medecins-sans-frontieres\/\"}]}<\/script>\n<!-- \/ Yoast SEO plugin. -->","yoast_head_json":{"title":"MSF: Siria cinque anni dopo","description":"MSF: \u201cFermare subito gli attacchi sui civili e garantire aiuti umanitari e assistenza medica\u201d Il conflitto in Siria sta per entrare nel suo sesto anno. In","robots":{"index":"index","follow":"follow","max-snippet":"max-snippet:-1","max-image-preview":"max-image-preview:large","max-video-preview":"max-video-preview:-1"},"canonical":"https:\/\/www.pressenza.com\/it\/2016\/03\/msf-siria-cinque-anni\/","og_locale":"it_IT","og_type":"article","og_title":"MSF: Siria cinque anni dopo","og_description":"MSF: \u201cFermare subito gli attacchi sui civili e garantire aiuti umanitari e assistenza medica\u201d Il conflitto in Siria sta per entrare nel suo sesto anno. In","og_url":"https:\/\/www.pressenza.com\/it\/2016\/03\/msf-siria-cinque-anni\/","og_site_name":"Pressenza","article_publisher":"https:\/\/www.facebook.com\/PressenzaItalia","article_author":"https:\/\/www.facebook.com\/msf.italiano\/","article_published_time":"2016-03-14T12:08:58+00:00","article_modified_time":"2016-03-14T15:07:30+00:00","og_image":[{"width":760,"height":380,"url":"https:\/\/www.pressenza.com\/wp-content\/uploads\/2016\/03\/MSF161355.jpg","type":"image\/jpeg"}],"author":"Medecins sans Frontieres","twitter_card":"summary_large_image","twitter_creator":"@MSF","twitter_site":"@PressenzaIPA","twitter_misc":{"Scritto da":"Medecins sans Frontieres","Tempo di lettura stimato":"2 minuti"},"schema":{"@context":"https:\/\/schema.org","@graph":[{"@type":"Article","@id":"https:\/\/www.pressenza.com\/it\/2016\/03\/msf-siria-cinque-anni\/#article","isPartOf":{"@id":"https:\/\/www.pressenza.com\/it\/2016\/03\/msf-siria-cinque-anni\/"},"author":{"name":"Medecins sans Frontieres","@id":"https:\/\/www.pressenza.com\/it\/#\/schema\/person\/67dd9334b11345b5e9e171b3a89a22b5"},"headline":"MSF: Siria cinque anni dopo","datePublished":"2016-03-14T12:08:58+00:00","dateModified":"2016-03-14T15:07:30+00:00","mainEntityOfPage":{"@id":"https:\/\/www.pressenza.com\/it\/2016\/03\/msf-siria-cinque-anni\/"},"wordCount":483,"publisher":{"@id":"https:\/\/www.pressenza.com\/it\/#organization"},"image":{"@id":"https:\/\/www.pressenza.com\/it\/2016\/03\/msf-siria-cinque-anni\/#primaryimage"},"thumbnailUrl":"https:\/\/www.pressenza.com\/wp-content\/uploads\/2016\/03\/MSF161355.jpg","keywords":["Loris De Filippi","Medici Senza Frontiere","MSF","Siria"],"articleSection":["Comunicati Stampa","Cultura e Media","Medio Oriente","Nonviolenza","Pace e Disarmo"],"inLanguage":"it-IT"},{"@type":"WebPage","@id":"https:\/\/www.pressenza.com\/it\/2016\/03\/msf-siria-cinque-anni\/","url":"https:\/\/www.pressenza.com\/it\/2016\/03\/msf-siria-cinque-anni\/","name":"MSF: Siria cinque anni dopo","isPartOf":{"@id":"https:\/\/www.pressenza.com\/it\/#website"},"primaryImageOfPage":{"@id":"https:\/\/www.pressenza.com\/it\/2016\/03\/msf-siria-cinque-anni\/#primaryimage"},"image":{"@id":"https:\/\/www.pressenza.com\/it\/2016\/03\/msf-siria-cinque-anni\/#primaryimage"},"thumbnailUrl":"https:\/\/www.pressenza.com\/wp-content\/uploads\/2016\/03\/MSF161355.jpg","datePublished":"2016-03-14T12:08:58+00:00","dateModified":"2016-03-14T15:07:30+00:00","description":"MSF: \u201cFermare subito gli attacchi sui civili e garantire aiuti umanitari e assistenza medica\u201d Il conflitto in Siria sta per entrare nel suo sesto anno. In","breadcrumb":{"@id":"https:\/\/www.pressenza.com\/it\/2016\/03\/msf-siria-cinque-anni\/#breadcrumb"},"inLanguage":"it-IT","potentialAction":[{"@type":"ReadAction","target":["https:\/\/www.pressenza.com\/it\/2016\/03\/msf-siria-cinque-anni\/"]}]},{"@type":"ImageObject","inLanguage":"it-IT","@id":"https:\/\/www.pressenza.com\/it\/2016\/03\/msf-siria-cinque-anni\/#primaryimage","url":"https:\/\/www.pressenza.com\/wp-content\/uploads\/2016\/03\/MSF161355.jpg","contentUrl":"https:\/\/www.pressenza.com\/wp-content\/uploads\/2016\/03\/MSF161355.jpg","width":760,"height":380},{"@type":"BreadcrumbList","@id":"https:\/\/www.pressenza.com\/it\/2016\/03\/msf-siria-cinque-anni\/#breadcrumb","itemListElement":[{"@type":"ListItem","position":1,"name":"Accueil","item":"https:\/\/www.pressenza.com\/it\/"},{"@type":"ListItem","position":2,"name":"MSF: Siria cinque anni dopo"}]},{"@type":"WebSite","@id":"https:\/\/www.pressenza.com\/it\/#website","url":"https:\/\/www.pressenza.com\/it\/","name":"Pressenza","description":"Agenzia di Stampa Internazionale","publisher":{"@id":"https:\/\/www.pressenza.com\/it\/#organization"},"potentialAction":[{"@type":"SearchAction","target":{"@type":"EntryPoint","urlTemplate":"https:\/\/www.pressenza.com\/it\/?s={search_term_string}"},"query-input":{"@type":"PropertyValueSpecification","valueRequired":true,"valueName":"search_term_string"}}],"inLanguage":"it-IT"},{"@type":"Organization","@id":"https:\/\/www.pressenza.com\/it\/#organization","name":"Pressenza","url":"https:\/\/www.pressenza.com\/it\/","logo":{"@type":"ImageObject","inLanguage":"it-IT","@id":"https:\/\/www.pressenza.com\/it\/#\/schema\/logo\/image\/","url":"https:\/\/www.pressenza.com\/wp-content\/uploads\/2022\/10\/pressenza_logo_200x200.jpg","contentUrl":"https:\/\/www.pressenza.com\/wp-content\/uploads\/2022\/10\/pressenza_logo_200x200.jpg","width":200,"height":200,"caption":"Pressenza"},"image":{"@id":"https:\/\/www.pressenza.com\/it\/#\/schema\/logo\/image\/"},"sameAs":["https:\/\/www.facebook.com\/PressenzaItalia","https:\/\/x.com\/PressenzaIPA"]},{"@type":"Person","@id":"https:\/\/www.pressenza.com\/it\/#\/schema\/person\/67dd9334b11345b5e9e171b3a89a22b5","name":"Medecins sans Frontieres","description":"M\u00e9decins Sans Fronti\u00e8res (MSF) is an international, independent, medical humanitarian organisation that delivers emergency aid to people affected by armed conflict, epidemics, natural disasters and exclusion from healthcare. MSF offers assistance to people based on need, irrespective of race, religion, gender or political affiliation. Our actions are guided by medical ethics and the principles of neutrality and impartiality. www.msf.org","sameAs":["https:\/\/www.facebook.com\/msf.italiano\/","https:\/\/x.com\/MSF"],"url":"https:\/\/www.pressenza.com\/it\/author\/medecins-sans-frontieres\/"}]}},"place":"","original_article_url":"","_links":{"self":[{"href":"https:\/\/www.pressenza.com\/it\/wp-json\/wp\/v2\/posts\/290000","targetHints":{"allow":["GET"]}}],"collection":[{"href":"https:\/\/www.pressenza.com\/it\/wp-json\/wp\/v2\/posts"}],"about":[{"href":"https:\/\/www.pressenza.com\/it\/wp-json\/wp\/v2\/types\/post"}],"author":[{"embeddable":true,"href":"https:\/\/www.pressenza.com\/it\/wp-json\/wp\/v2\/users\/1103"}],"replies":[{"embeddable":true,"href":"https:\/\/www.pressenza.com\/it\/wp-json\/wp\/v2\/comments?post=290000"}],"version-history":[{"count":0,"href":"https:\/\/www.pressenza.com\/it\/wp-json\/wp\/v2\/posts\/290000\/revisions"}],"wp:featuredmedia":[{"embeddable":true,"href":"https:\/\/www.pressenza.com\/it\/wp-json\/wp\/v2\/media\/290001"}],"wp:attachment":[{"href":"https:\/\/www.pressenza.com\/it\/wp-json\/wp\/v2\/media?parent=290000"}],"wp:term":[{"taxonomy":"category","embeddable":true,"href":"https:\/\/www.pressenza.com\/it\/wp-json\/wp\/v2\/categories?post=290000"},{"taxonomy":"post_tag","embeddable":true,"href":"https:\/\/www.pressenza.com\/it\/wp-json\/wp\/v2\/tags?post=290000"}],"curies":[{"name":"wp","href":"https:\/\/api.w.org\/{rel}","templated":true}]}}