{"id":288073,"date":"2016-03-09T17:34:41","date_gmt":"2016-03-09T17:34:41","guid":{"rendered":"http:\/\/www.pressenza.com\/it\/?p=288073"},"modified":"2016-03-09T17:34:41","modified_gmt":"2016-03-09T17:34:41","slug":"turchia-giornalista-condannato-21-mesi-carcere","status":"publish","type":"post","link":"https:\/\/www.pressenza.com\/it\/2016\/03\/turchia-giornalista-condannato-21-mesi-carcere\/","title":{"rendered":"Turchia, giornalista condannato a 21 mesi di carcere"},"content":{"rendered":"<p><strong>\u00a0<\/strong><\/p>\n<p>&nbsp;<\/p>\n<p>Baris Ince, consulente editoriale e giornalista del quotidiano nazionale BirGun, \u00e8 stato condannato ieri a 21 mesi di detenzione per aver violato la legge sul vilipendio del Presidente della Repubblica.<\/p>\n<p>&nbsp;<\/p>\n<p>Tutto \u00e8 iniziato con le operazioni anti-corruzione del 17 dicembre 2013. Tra le persone indagate c\u2019era anche il figlio del Presidente della Repubblica attuale, ossia Bilal Erdogan. Secondo le carte preparate dai giudici Erdogan figlio risultava il \u201cvero\u201d presidente dell\u2019associazione Turgev, finita nel mirino delle indagini sulla corruzione. In quei giorni diversi media hanno pubblicato anche l\u2019appello per un interrogatorio firmato dal PM Muammer Akkas, in cui si specificava che se Erdogan non si fosse presentato nell\u2019ufficio del PM, vi sarebbe stato portato con l\u2019ausilio delle forze dell\u2019ordine.<\/p>\n<p>&nbsp;<\/p>\n<p>Nello stesso periodo, come tanti altri giornali, anche BirGun pubblicava delle notizie in merito a quello che stava accadendo. Baris Ince \u00e8 stato denunciato per aver offeso in un articolo l\u2019ex Primo Ministro e suo figlio.<\/p>\n<p>&nbsp;<\/p>\n<p>Il 16 aprile del 2015 il giudice Abdurrahman Orkun Da\u011f ha condannato il giornalista a una multa di 10.620 lire turche per aver violato la legge 125\/1 del Codice Penale. A proposito di questa condanna, in un\u2019intervista rilasciata alla rete dei giornalisti indipendenti, BiaNet, Ince ha detto: \u201cSanno tutti che esiste la corruzione. Hanno chiuso le indagini togliendo il lavoro a giudici e poliziotti. Noi giornalisti siamo sotto processo perch\u00e9 abbiamo parlato di quello che accade. Questi processi aperti contro di noi vogliono impedirci di scrivere la verit\u00e0. Quello che abbiamo scritto \u00e8 una critica politica e si basa sui fatti reali\u201d. L\u2019avvocato del giornalista, Ali Deniz Ceylan, ha specificato che i materiali utilizzati in questo articolo sono stati gi\u00e0 condivisi su Internet da numerosi portali, siti e giornali online. Inoltre in diversi punti i dettagli sottolineati da Ince erano presenti anche nelle carte dei PM che hanno condotto le indagini contro la corruzione.<\/p>\n<p>&nbsp;<\/p>\n<p>Un giorno prima dell\u2019udienza, Baris Ince ha condiviso su internet il testo della sua difesa, scritto in un acrostico le cui prime lettere costituiscono questa frase: \u201cTayyip il Ladro\u201d. Dopo la prima condanna \u00e8 partita la seconda denuncia per violazione della legge sul vilipendio del Presidente della Repubblica a causa del testo che Ince aveva presentato come difesa.<\/p>\n<p>&nbsp;<\/p>\n<p>Ieri, 8 marzo 2016, il processo si \u00e8 concluso e Baris Ince \u00e8 stato condannato a 21 mesi di carcere. Il giudice ha chiesto espressamente l\u2019esecuzione immediata della condanna. Tuttavia Ince avrebbe il diritto di opporsi e presentare appello alla Corte di Cassazione, cosa che il suo avvocato, Ali Deniz Ceylan, ha intenzione di fare.<\/p>\n<p>&nbsp;<\/p>\n<p>Subito dopo la comunicazione della condanna Baris Ince ha condiviso questo tweet nel suo account ufficiale: \u201c21 mesi di carcere! Noi usciremo di nuovo e torneremo a ridere e a parlare, ma in futuro i nostri figli li chiameranno ladri e fascisti\u201d.<\/p>\n<p>&nbsp;<\/p>\n","protected":false},"excerpt":{"rendered":"<p>\u00a0 &nbsp; Baris Ince, consulente editoriale e giornalista del quotidiano nazionale BirGun, \u00e8 stato condannato ieri a 21 mesi di detenzione per aver violato la legge sul vilipendio del Presidente della Repubblica. &nbsp; Tutto \u00e8 iniziato con le operazioni anti-corruzione&hellip;<\/p>\n","protected":false},"author":899,"featured_media":288085,"comment_status":"closed","ping_status":"closed","sticky":false,"template":"","format":"standard","meta":{"footnotes":""},"categories":[11388,60,47,52],"tags":[24781,897,6323,1451,1100],"class_list":["post-288073","post","type-post","status-publish","format-standard","has-post-thumbnail","hentry","category-contenuti-originali","category-diritti-umani","category-europa","category-medio-oriente","tag-baris-ince","tag-diritti-umani","tag-giornalista","tag-giustizia","tag-turchia"],"yoast_head":"<!-- This site is optimized with the Yoast SEO plugin v27.1.1 - https:\/\/yoast.com\/product\/yoast-seo-wordpress\/ -->\n<title>Turchia, giornalista condannato a 21 mesi di carcere<\/title>\n<meta name=\"description\" content=\"\u00a0 &nbsp; Baris Ince, consulente editoriale e giornalista del quotidiano nazionale BirGun, \u00e8 stato condannato ieri a 21 mesi di detenzione per aver violato\" \/>\n<meta name=\"robots\" content=\"index, follow, max-snippet:-1, max-image-preview:large, max-video-preview:-1\" \/>\n<link rel=\"canonical\" href=\"https:\/\/www.pressenza.com\/it\/2016\/03\/turchia-giornalista-condannato-21-mesi-carcere\/\" \/>\n<meta property=\"og:locale\" content=\"it_IT\" \/>\n<meta property=\"og:type\" content=\"article\" \/>\n<meta property=\"og:title\" content=\"Turchia, giornalista condannato a 21 mesi di carcere\" \/>\n<meta property=\"og:description\" content=\"\u00a0 &nbsp; Baris Ince, consulente editoriale e giornalista del quotidiano nazionale BirGun, \u00e8 stato condannato ieri a 21 mesi di detenzione per aver violato\" \/>\n<meta property=\"og:url\" content=\"https:\/\/www.pressenza.com\/it\/2016\/03\/turchia-giornalista-condannato-21-mesi-carcere\/\" \/>\n<meta property=\"og:site_name\" content=\"Pressenza\" \/>\n<meta property=\"article:publisher\" content=\"https:\/\/www.facebook.com\/PressenzaItalia\" \/>\n<meta property=\"article:author\" content=\"https:\/\/www.facebook.com\/muratcinartorino\" \/>\n<meta property=\"article:published_time\" content=\"2016-03-09T17:34:41+00:00\" \/>\n<meta property=\"og:image\" content=\"https:\/\/www.pressenza.com\/wp-content\/uploads\/2016\/03\/baris-ince.jpg\" \/>\n\t<meta property=\"og:image:width\" content=\"630\" \/>\n\t<meta property=\"og:image:height\" content=\"315\" \/>\n\t<meta property=\"og:image:type\" content=\"image\/jpeg\" \/>\n<meta name=\"author\" content=\"Murat Cinar\" \/>\n<meta name=\"twitter:card\" content=\"summary_large_image\" \/>\n<meta name=\"twitter:creator\" content=\"@muratcinar\" \/>\n<meta name=\"twitter:site\" content=\"@PressenzaIPA\" \/>\n<meta name=\"twitter:label1\" content=\"Scritto da\" \/>\n\t<meta name=\"twitter:data1\" content=\"Murat Cinar\" \/>\n\t<meta name=\"twitter:label2\" content=\"Tempo di lettura stimato\" \/>\n\t<meta name=\"twitter:data2\" content=\"2 minuti\" \/>\n<script type=\"application\/ld+json\" class=\"yoast-schema-graph\">{\"@context\":\"https:\/\/schema.org\",\"@graph\":[{\"@type\":\"Article\",\"@id\":\"https:\/\/www.pressenza.com\/it\/2016\/03\/turchia-giornalista-condannato-21-mesi-carcere\/#article\",\"isPartOf\":{\"@id\":\"https:\/\/www.pressenza.com\/it\/2016\/03\/turchia-giornalista-condannato-21-mesi-carcere\/\"},\"author\":{\"name\":\"Murat Cinar\",\"@id\":\"https:\/\/www.pressenza.com\/it\/#\/schema\/person\/e3b28c9575cd63576a05d54f8d67d1ac\"},\"headline\":\"Turchia, giornalista condannato a 21 mesi di carcere\",\"datePublished\":\"2016-03-09T17:34:41+00:00\",\"mainEntityOfPage\":{\"@id\":\"https:\/\/www.pressenza.com\/it\/2016\/03\/turchia-giornalista-condannato-21-mesi-carcere\/\"},\"wordCount\":471,\"publisher\":{\"@id\":\"https:\/\/www.pressenza.com\/it\/#organization\"},\"image\":{\"@id\":\"https:\/\/www.pressenza.com\/it\/2016\/03\/turchia-giornalista-condannato-21-mesi-carcere\/#primaryimage\"},\"thumbnailUrl\":\"https:\/\/www.pressenza.com\/wp-content\/uploads\/2016\/03\/baris-ince.jpg\",\"keywords\":[\"Baris Ince\",\"diritti umani\",\"giornalista\",\"giustizia\",\"Turchia\"],\"articleSection\":[\"contenuti originali\",\"Diritti Umani\",\"Europa\",\"Medio Oriente\"],\"inLanguage\":\"it-IT\"},{\"@type\":\"WebPage\",\"@id\":\"https:\/\/www.pressenza.com\/it\/2016\/03\/turchia-giornalista-condannato-21-mesi-carcere\/\",\"url\":\"https:\/\/www.pressenza.com\/it\/2016\/03\/turchia-giornalista-condannato-21-mesi-carcere\/\",\"name\":\"Turchia, giornalista condannato a 21 mesi di carcere\",\"isPartOf\":{\"@id\":\"https:\/\/www.pressenza.com\/it\/#website\"},\"primaryImageOfPage\":{\"@id\":\"https:\/\/www.pressenza.com\/it\/2016\/03\/turchia-giornalista-condannato-21-mesi-carcere\/#primaryimage\"},\"image\":{\"@id\":\"https:\/\/www.pressenza.com\/it\/2016\/03\/turchia-giornalista-condannato-21-mesi-carcere\/#primaryimage\"},\"thumbnailUrl\":\"https:\/\/www.pressenza.com\/wp-content\/uploads\/2016\/03\/baris-ince.jpg\",\"datePublished\":\"2016-03-09T17:34:41+00:00\",\"description\":\"\u00a0 &nbsp; Baris Ince, consulente editoriale e giornalista del quotidiano nazionale BirGun, \u00e8 stato condannato ieri a 21 mesi di detenzione per aver violato\",\"breadcrumb\":{\"@id\":\"https:\/\/www.pressenza.com\/it\/2016\/03\/turchia-giornalista-condannato-21-mesi-carcere\/#breadcrumb\"},\"inLanguage\":\"it-IT\",\"potentialAction\":[{\"@type\":\"ReadAction\",\"target\":[\"https:\/\/www.pressenza.com\/it\/2016\/03\/turchia-giornalista-condannato-21-mesi-carcere\/\"]}]},{\"@type\":\"ImageObject\",\"inLanguage\":\"it-IT\",\"@id\":\"https:\/\/www.pressenza.com\/it\/2016\/03\/turchia-giornalista-condannato-21-mesi-carcere\/#primaryimage\",\"url\":\"https:\/\/www.pressenza.com\/wp-content\/uploads\/2016\/03\/baris-ince.jpg\",\"contentUrl\":\"https:\/\/www.pressenza.com\/wp-content\/uploads\/2016\/03\/baris-ince.jpg\",\"width\":630,\"height\":315},{\"@type\":\"BreadcrumbList\",\"@id\":\"https:\/\/www.pressenza.com\/it\/2016\/03\/turchia-giornalista-condannato-21-mesi-carcere\/#breadcrumb\",\"itemListElement\":[{\"@type\":\"ListItem\",\"position\":1,\"name\":\"Accueil\",\"item\":\"https:\/\/www.pressenza.com\/it\/\"},{\"@type\":\"ListItem\",\"position\":2,\"name\":\"Turchia, giornalista condannato a 21 mesi di carcere\"}]},{\"@type\":\"WebSite\",\"@id\":\"https:\/\/www.pressenza.com\/it\/#website\",\"url\":\"https:\/\/www.pressenza.com\/it\/\",\"name\":\"Pressenza\",\"description\":\"Agenzia di Stampa Internazionale\",\"publisher\":{\"@id\":\"https:\/\/www.pressenza.com\/it\/#organization\"},\"potentialAction\":[{\"@type\":\"SearchAction\",\"target\":{\"@type\":\"EntryPoint\",\"urlTemplate\":\"https:\/\/www.pressenza.com\/it\/?s={search_term_string}\"},\"query-input\":{\"@type\":\"PropertyValueSpecification\",\"valueRequired\":true,\"valueName\":\"search_term_string\"}}],\"inLanguage\":\"it-IT\"},{\"@type\":\"Organization\",\"@id\":\"https:\/\/www.pressenza.com\/it\/#organization\",\"name\":\"Pressenza\",\"url\":\"https:\/\/www.pressenza.com\/it\/\",\"logo\":{\"@type\":\"ImageObject\",\"inLanguage\":\"it-IT\",\"@id\":\"https:\/\/www.pressenza.com\/it\/#\/schema\/logo\/image\/\",\"url\":\"https:\/\/www.pressenza.com\/wp-content\/uploads\/2022\/10\/pressenza_logo_200x200.jpg\",\"contentUrl\":\"https:\/\/www.pressenza.com\/wp-content\/uploads\/2022\/10\/pressenza_logo_200x200.jpg\",\"width\":200,\"height\":200,\"caption\":\"Pressenza\"},\"image\":{\"@id\":\"https:\/\/www.pressenza.com\/it\/#\/schema\/logo\/image\/\"},\"sameAs\":[\"https:\/\/www.facebook.com\/PressenzaItalia\",\"https:\/\/x.com\/PressenzaIPA\"]},{\"@type\":\"Person\",\"@id\":\"https:\/\/www.pressenza.com\/it\/#\/schema\/person\/e3b28c9575cd63576a05d54f8d67d1ac\",\"name\":\"Murat Cinar\",\"description\":\"One of the sons of Constantine, was born in 1981. Fruit of love of an immigrant couple in the former Ottoman city, she from Sebastia (Turkey) he from Batum (Georgia). Raised two steps away from the old Pera, between the Armenian and Jewish cultures. Big passion for photography, cinema, politics and inevitably journalism. After a short academic adventure in International Finance he landed in Italy back in 2001, first in Siena then in Turin, with the desire to study journalism, but he ended up attending Cinema and Television. He specializes in shooting and editing videos, photography and, lately, web marketing. Occasionally he writes in Turkey for the national magazine KaosGL, for the national daily Birgun and for various independent news portals such as Bianet and Sendika. In Italy he wrote for Il Manifesto and the monthly E-il mensile. He is one of the founders of the Glob011 monthly freepress, he worked for BabelMed and Prospettive Altre. Currently has collaborations with Pressenza and Caff\u00e8 dei Giornalisti. As long as he can get a little oxygen out of the city and a few hours free from work, he tries to write stories, frequenrly ironic ones, taken from what he observes and experiences. He tries to enrich his journey with Shiatsu, TaiChi and the passion for Fenerbah\u00e7e.\",\"sameAs\":[\"http:\/\/www.muratcinar.net\",\"https:\/\/www.facebook.com\/muratcinartorino\",\"https:\/\/www.instagram.com\/mcinar1981\",\"https:\/\/x.com\/muratcinar\",\"https:\/\/youtube.com\/c\/muratcinar\"],\"url\":\"https:\/\/www.pressenza.com\/it\/author\/murat-cinar\/\"}]}<\/script>\n<!-- \/ Yoast SEO plugin. -->","yoast_head_json":{"title":"Turchia, giornalista condannato a 21 mesi di carcere","description":"\u00a0 &nbsp; Baris Ince, consulente editoriale e giornalista del quotidiano nazionale BirGun, \u00e8 stato condannato ieri a 21 mesi di detenzione per aver violato","robots":{"index":"index","follow":"follow","max-snippet":"max-snippet:-1","max-image-preview":"max-image-preview:large","max-video-preview":"max-video-preview:-1"},"canonical":"https:\/\/www.pressenza.com\/it\/2016\/03\/turchia-giornalista-condannato-21-mesi-carcere\/","og_locale":"it_IT","og_type":"article","og_title":"Turchia, giornalista condannato a 21 mesi di carcere","og_description":"\u00a0 &nbsp; Baris Ince, consulente editoriale e giornalista del quotidiano nazionale BirGun, \u00e8 stato condannato ieri a 21 mesi di detenzione per aver violato","og_url":"https:\/\/www.pressenza.com\/it\/2016\/03\/turchia-giornalista-condannato-21-mesi-carcere\/","og_site_name":"Pressenza","article_publisher":"https:\/\/www.facebook.com\/PressenzaItalia","article_author":"https:\/\/www.facebook.com\/muratcinartorino","article_published_time":"2016-03-09T17:34:41+00:00","og_image":[{"width":630,"height":315,"url":"https:\/\/www.pressenza.com\/wp-content\/uploads\/2016\/03\/baris-ince.jpg","type":"image\/jpeg"}],"author":"Murat Cinar","twitter_card":"summary_large_image","twitter_creator":"@muratcinar","twitter_site":"@PressenzaIPA","twitter_misc":{"Scritto da":"Murat Cinar","Tempo di lettura stimato":"2 minuti"},"schema":{"@context":"https:\/\/schema.org","@graph":[{"@type":"Article","@id":"https:\/\/www.pressenza.com\/it\/2016\/03\/turchia-giornalista-condannato-21-mesi-carcere\/#article","isPartOf":{"@id":"https:\/\/www.pressenza.com\/it\/2016\/03\/turchia-giornalista-condannato-21-mesi-carcere\/"},"author":{"name":"Murat Cinar","@id":"https:\/\/www.pressenza.com\/it\/#\/schema\/person\/e3b28c9575cd63576a05d54f8d67d1ac"},"headline":"Turchia, giornalista condannato a 21 mesi di carcere","datePublished":"2016-03-09T17:34:41+00:00","mainEntityOfPage":{"@id":"https:\/\/www.pressenza.com\/it\/2016\/03\/turchia-giornalista-condannato-21-mesi-carcere\/"},"wordCount":471,"publisher":{"@id":"https:\/\/www.pressenza.com\/it\/#organization"},"image":{"@id":"https:\/\/www.pressenza.com\/it\/2016\/03\/turchia-giornalista-condannato-21-mesi-carcere\/#primaryimage"},"thumbnailUrl":"https:\/\/www.pressenza.com\/wp-content\/uploads\/2016\/03\/baris-ince.jpg","keywords":["Baris Ince","diritti umani","giornalista","giustizia","Turchia"],"articleSection":["contenuti originali","Diritti Umani","Europa","Medio Oriente"],"inLanguage":"it-IT"},{"@type":"WebPage","@id":"https:\/\/www.pressenza.com\/it\/2016\/03\/turchia-giornalista-condannato-21-mesi-carcere\/","url":"https:\/\/www.pressenza.com\/it\/2016\/03\/turchia-giornalista-condannato-21-mesi-carcere\/","name":"Turchia, giornalista condannato a 21 mesi di carcere","isPartOf":{"@id":"https:\/\/www.pressenza.com\/it\/#website"},"primaryImageOfPage":{"@id":"https:\/\/www.pressenza.com\/it\/2016\/03\/turchia-giornalista-condannato-21-mesi-carcere\/#primaryimage"},"image":{"@id":"https:\/\/www.pressenza.com\/it\/2016\/03\/turchia-giornalista-condannato-21-mesi-carcere\/#primaryimage"},"thumbnailUrl":"https:\/\/www.pressenza.com\/wp-content\/uploads\/2016\/03\/baris-ince.jpg","datePublished":"2016-03-09T17:34:41+00:00","description":"\u00a0 &nbsp; Baris Ince, consulente editoriale e giornalista del quotidiano nazionale BirGun, \u00e8 stato condannato ieri a 21 mesi di detenzione per aver violato","breadcrumb":{"@id":"https:\/\/www.pressenza.com\/it\/2016\/03\/turchia-giornalista-condannato-21-mesi-carcere\/#breadcrumb"},"inLanguage":"it-IT","potentialAction":[{"@type":"ReadAction","target":["https:\/\/www.pressenza.com\/it\/2016\/03\/turchia-giornalista-condannato-21-mesi-carcere\/"]}]},{"@type":"ImageObject","inLanguage":"it-IT","@id":"https:\/\/www.pressenza.com\/it\/2016\/03\/turchia-giornalista-condannato-21-mesi-carcere\/#primaryimage","url":"https:\/\/www.pressenza.com\/wp-content\/uploads\/2016\/03\/baris-ince.jpg","contentUrl":"https:\/\/www.pressenza.com\/wp-content\/uploads\/2016\/03\/baris-ince.jpg","width":630,"height":315},{"@type":"BreadcrumbList","@id":"https:\/\/www.pressenza.com\/it\/2016\/03\/turchia-giornalista-condannato-21-mesi-carcere\/#breadcrumb","itemListElement":[{"@type":"ListItem","position":1,"name":"Accueil","item":"https:\/\/www.pressenza.com\/it\/"},{"@type":"ListItem","position":2,"name":"Turchia, giornalista condannato a 21 mesi di carcere"}]},{"@type":"WebSite","@id":"https:\/\/www.pressenza.com\/it\/#website","url":"https:\/\/www.pressenza.com\/it\/","name":"Pressenza","description":"Agenzia di Stampa Internazionale","publisher":{"@id":"https:\/\/www.pressenza.com\/it\/#organization"},"potentialAction":[{"@type":"SearchAction","target":{"@type":"EntryPoint","urlTemplate":"https:\/\/www.pressenza.com\/it\/?s={search_term_string}"},"query-input":{"@type":"PropertyValueSpecification","valueRequired":true,"valueName":"search_term_string"}}],"inLanguage":"it-IT"},{"@type":"Organization","@id":"https:\/\/www.pressenza.com\/it\/#organization","name":"Pressenza","url":"https:\/\/www.pressenza.com\/it\/","logo":{"@type":"ImageObject","inLanguage":"it-IT","@id":"https:\/\/www.pressenza.com\/it\/#\/schema\/logo\/image\/","url":"https:\/\/www.pressenza.com\/wp-content\/uploads\/2022\/10\/pressenza_logo_200x200.jpg","contentUrl":"https:\/\/www.pressenza.com\/wp-content\/uploads\/2022\/10\/pressenza_logo_200x200.jpg","width":200,"height":200,"caption":"Pressenza"},"image":{"@id":"https:\/\/www.pressenza.com\/it\/#\/schema\/logo\/image\/"},"sameAs":["https:\/\/www.facebook.com\/PressenzaItalia","https:\/\/x.com\/PressenzaIPA"]},{"@type":"Person","@id":"https:\/\/www.pressenza.com\/it\/#\/schema\/person\/e3b28c9575cd63576a05d54f8d67d1ac","name":"Murat Cinar","description":"One of the sons of Constantine, was born in 1981. Fruit of love of an immigrant couple in the former Ottoman city, she from Sebastia (Turkey) he from Batum (Georgia). Raised two steps away from the old Pera, between the Armenian and Jewish cultures. Big passion for photography, cinema, politics and inevitably journalism. After a short academic adventure in International Finance he landed in Italy back in 2001, first in Siena then in Turin, with the desire to study journalism, but he ended up attending Cinema and Television. He specializes in shooting and editing videos, photography and, lately, web marketing. Occasionally he writes in Turkey for the national magazine KaosGL, for the national daily Birgun and for various independent news portals such as Bianet and Sendika. In Italy he wrote for Il Manifesto and the monthly E-il mensile. He is one of the founders of the Glob011 monthly freepress, he worked for BabelMed and Prospettive Altre. Currently has collaborations with Pressenza and Caff\u00e8 dei Giornalisti. As long as he can get a little oxygen out of the city and a few hours free from work, he tries to write stories, frequenrly ironic ones, taken from what he observes and experiences. He tries to enrich his journey with Shiatsu, TaiChi and the passion for Fenerbah\u00e7e.","sameAs":["http:\/\/www.muratcinar.net","https:\/\/www.facebook.com\/muratcinartorino","https:\/\/www.instagram.com\/mcinar1981","https:\/\/x.com\/muratcinar","https:\/\/youtube.com\/c\/muratcinar"],"url":"https:\/\/www.pressenza.com\/it\/author\/murat-cinar\/"}]}},"place":"","original_article_url":"","_links":{"self":[{"href":"https:\/\/www.pressenza.com\/it\/wp-json\/wp\/v2\/posts\/288073","targetHints":{"allow":["GET"]}}],"collection":[{"href":"https:\/\/www.pressenza.com\/it\/wp-json\/wp\/v2\/posts"}],"about":[{"href":"https:\/\/www.pressenza.com\/it\/wp-json\/wp\/v2\/types\/post"}],"author":[{"embeddable":true,"href":"https:\/\/www.pressenza.com\/it\/wp-json\/wp\/v2\/users\/899"}],"replies":[{"embeddable":true,"href":"https:\/\/www.pressenza.com\/it\/wp-json\/wp\/v2\/comments?post=288073"}],"version-history":[{"count":0,"href":"https:\/\/www.pressenza.com\/it\/wp-json\/wp\/v2\/posts\/288073\/revisions"}],"wp:featuredmedia":[{"embeddable":true,"href":"https:\/\/www.pressenza.com\/it\/wp-json\/wp\/v2\/media\/288085"}],"wp:attachment":[{"href":"https:\/\/www.pressenza.com\/it\/wp-json\/wp\/v2\/media?parent=288073"}],"wp:term":[{"taxonomy":"category","embeddable":true,"href":"https:\/\/www.pressenza.com\/it\/wp-json\/wp\/v2\/categories?post=288073"},{"taxonomy":"post_tag","embeddable":true,"href":"https:\/\/www.pressenza.com\/it\/wp-json\/wp\/v2\/tags?post=288073"}],"curies":[{"name":"wp","href":"https:\/\/api.w.org\/{rel}","templated":true}]}}