{"id":287581,"date":"2016-03-08T11:47:35","date_gmt":"2016-03-08T11:47:35","guid":{"rendered":"http:\/\/www.pressenza.com\/it\/?p=287581"},"modified":"2016-03-08T11:47:35","modified_gmt":"2016-03-08T11:47:35","slug":"assemblea-roma-referendum-anti-sblocca-italia","status":"publish","type":"post","link":"https:\/\/www.pressenza.com\/it\/2016\/03\/assemblea-roma-referendum-anti-sblocca-italia\/","title":{"rendered":"Assemblea a Roma per il referendum anti Sblocca-Italia"},"content":{"rendered":"<p>&nbsp;<\/p>\n<p>Sabato 12 Marzo a ROMA dalle ore 13 alle 18 presso la Sala cittadina di via Boemondo n.7 (presso stazione F.S. Tiburtina) si sono dati appuntamento le Reti, i Movimenti, i Coordinamenti, i Comitati che si battono da anni contro l\u2019incenerimento dei rifiuti e che non lasceranno NULLA DI INTENTATO per battere la logica nociva rilanciata dal governo con la obsoleta filiera INCENERITORI \/ DISCARICHE , nel verso opposto rispetto alla necessaria ECONOMIA CIRCOLARE.<\/p>\n<p>Dal dirompente Decreto legge \u201cSblocca Italia\u201d alla sua approvazione in legge 133\/2014 deriva l\u2019attuale decreto ministeriale che stabilisce la realizzazione di NOVE NUOVI IMPIANTI e SEI NUOVE LINEE DI INCENERIMENTO in DIECI REGIONI del CENTRO \u2013 del SUD \u2013 delle ISOLE, assentiti \u201cin forza di legge\u201d nella farsa inscenata nella conferenza Stato &#8211; Regioni finita con la capitolazione quasi unanime dei governatori del PD, salvo casi isolati.<\/p>\n<p>&nbsp;<\/p>\n<p>Il principio autoritario fondamentale di questa legge, che scavalca l\u2019art. 117 della Costituzione in merito ai poteri di programmazione e gestione delle Regioni, afferma che questi saranno \u201cIMPIANTI STRATEGICI DI PREVALENTE INTERESSE NAZIONALE\u201d e di fatto sottratti alle previsioni dei Piani Regionali di gestione rifiuti. A questo principio sono agganciati ovviamente altri aspetti non meno preoccupanti, come la loro riconversione obbligatoria da impianti di smaltimento ad impianti di \u201crecupero di energia\u201d nonostante tale recupero sia insignificante e gonfiato con fasulle formule moltiplicatrici, o come la conseguente decadenza del limite regionale di conferimento di rifiuti che potranno essere prodotti altrove ed inceneriti dappertutto.<\/p>\n<p>&nbsp;<\/p>\n<p>Nonostante i tempi siano molto stretti, siamo\u00a0consapevoli che\u00a0questo \u00e8 l\u2019ULTIMO TRENO a nostra disposizione per tentare di far valere la volont\u00e0 dei cittadini di tutta Italia,\u00a0ci stiamo muovendo con cognizione di causa e possiamo gi\u00e0 contare su alcuni importanti punti di forza:<\/p>\n<p>&nbsp;<\/p>\n<ul>\n<li>sul piano della formulazione del quesito referendario abbiamo avuto la piena disponibilit\u00e0 del prof. PAOLO MADDALENA, importante giurista ed ex vice-presidente della Corte Costituzionale, il quale\u00a0\u00a0non ha messo in dubbio\u00a0l&#8217;ammissibilit\u00e0 del quesito referendario e\u00a0ha gi\u00e0 individuato nell&#8217;art. 35 dello Sblocca Italia ben 6 profili di incostituzionalit\u00e0.\u00a0 Il suo parere \u00e8 stato condivido da altri importanti costituzionalisti.<\/li>\n<\/ul>\n<p>Il prof. Maddalena sar\u00e0 presente all&#8217;assemblea nazionale del 12 Marzo per \u00a0approfondire con noi tutti gli aspetti di illegittimit\u00e0 e di criticit\u00e0, \u00a0e arrivare insieme alla formulazione finale del quesito;<\/p>\n<p>&nbsp;<\/p>\n<p>2)\u00a0l&#8217;importante compagine di Movimenti e gruppi impegnati nella proposizione dei referendum sociali per la primavera 2017 \u00e8 per noi una irripetibile opportunit\u00e0 per affrontare di petto, insieme a tanti altri, e \u00a0stoppare le previsioni del Decreto Attuativo dell\u2019art. 35 dello Sblocca Italia , laddove si sancisce che gli inceneritori diventino \u201cimpianti strategici di livello nazionale\u201d, mettendo le Regioni nelle condizioni di non poter pi\u00f9 avere voce in capitolo. Solo l&#8217;unitariet\u00e0 del percorso di tutti i proponenti potr\u00e0 garantire la raccolta delle 500.000 firme necessarie per ciascun quesito;<\/p>\n<p>&nbsp;<\/p>\n<p>3) la nostra proposta tocca un problema molto sentito in tutto il Paese, infatti in pochi giorni il nostro appello \u00e8 stato raccolto da numerosi Movimenti, Coordinamenti, Comitati e Associazioni di tutte le Regioni, e altri se ne vanno aggiungendo, come da elenco di adesioni pubblicate e costantemente aggiornate nella pagina facebook dell&#8217;evento\u00a0\u00a0<a href=\"https:\/\/www.facebook.com\/events\/1756869431198616\/permalink\/1756875041198055\/\">https:\/\/www.facebook.com\/events\/1756869431198616\/permalink\/1756875041198055\/<\/a><\/p>\n<p>&nbsp;<\/p>\n<p>Movimento Legge Rifiuti Zero<\/p>\n<p>Segreteria nazionale<\/p>\n<p><a href=\"http:\/\/www.leggerifiutizero.it\/\">www.leggerifiutizero.it<\/a> \u00a0\u00a0\u00a0\u00a0\u00a0\u00a0\u00a0\u00a0 <a href=\"mailto:leggerifiutizero@gmail.com\">leggerifiutizero@gmail.com<\/a><\/p>\n<p>&nbsp;<\/p>\n<p><strong>per adesioni ed info: <\/strong><\/p>\n<p>Franca Battelli 388 9709013 \u2013 Leonida Bombace 393 7347251 \u2013 Massimo Piras 340 3719350<\/p>\n","protected":false},"excerpt":{"rendered":"<p>&nbsp; Sabato 12 Marzo a ROMA dalle ore 13 alle 18 presso la Sala cittadina di via Boemondo n.7 (presso stazione F.S. Tiburtina) si sono dati appuntamento le Reti, i Movimenti, i Coordinamenti, i Comitati che si battono da anni&hellip;<\/p>\n","protected":false},"author":594,"featured_media":217602,"comment_status":"closed","ping_status":"closed","sticky":false,"template":"","format":"standard","meta":{"footnotes":""},"categories":[150,47,55],"tags":[19801,24740,19214,190],"class_list":["post-287581","post","type-post","status-publish","format-standard","has-post-thumbnail","hentry","category-comunicati-stampa","category-europa","category-politica","tag-decreto-sblocca-italia","tag-economia-circolare","tag-movimento-legge-rifiuti-zero","tag-referendum"],"yoast_head":"<!-- This site is optimized with the Yoast SEO plugin v27.1.1 - https:\/\/yoast.com\/product\/yoast-seo-wordpress\/ -->\n<title>Assemblea a Roma per il referendum anti Sblocca-Italia<\/title>\n<meta name=\"description\" content=\"&nbsp; Sabato 12 Marzo a ROMA dalle ore 13 alle 18 presso la Sala cittadina di via Boemondo n.7 (presso stazione F.S. Tiburtina) si sono dati appuntamento\" \/>\n<meta name=\"robots\" content=\"index, follow, max-snippet:-1, max-image-preview:large, max-video-preview:-1\" \/>\n<link rel=\"canonical\" href=\"https:\/\/www.pressenza.com\/it\/2016\/03\/assemblea-roma-referendum-anti-sblocca-italia\/\" \/>\n<meta property=\"og:locale\" content=\"it_IT\" \/>\n<meta property=\"og:type\" content=\"article\" \/>\n<meta property=\"og:title\" content=\"Assemblea a Roma per il referendum anti Sblocca-Italia\" \/>\n<meta property=\"og:description\" content=\"&nbsp; Sabato 12 Marzo a ROMA dalle ore 13 alle 18 presso la Sala cittadina di via Boemondo n.7 (presso stazione F.S. Tiburtina) si sono dati appuntamento\" \/>\n<meta property=\"og:url\" content=\"https:\/\/www.pressenza.com\/it\/2016\/03\/assemblea-roma-referendum-anti-sblocca-italia\/\" \/>\n<meta property=\"og:site_name\" content=\"Pressenza\" \/>\n<meta property=\"article:publisher\" content=\"https:\/\/www.facebook.com\/PressenzaItalia\" \/>\n<meta property=\"article:author\" content=\"https:\/\/www.facebook.com\/PressenzaItalia\" \/>\n<meta property=\"article:published_time\" content=\"2016-03-08T11:47:35+00:00\" \/>\n<meta property=\"og:image\" content=\"https:\/\/www.pressenza.com\/wp-content\/uploads\/2015\/09\/bloccalosbloccaitalia.png\" \/>\n\t<meta property=\"og:image:width\" content=\"621\" \/>\n\t<meta property=\"og:image:height\" content=\"322\" \/>\n\t<meta property=\"og:image:type\" content=\"image\/png\" \/>\n<meta name=\"author\" content=\"Redazione Italia\" \/>\n<meta name=\"twitter:card\" content=\"summary_large_image\" \/>\n<meta name=\"twitter:creator\" content=\"@pressenza_it\" \/>\n<meta name=\"twitter:site\" content=\"@PressenzaIPA\" \/>\n<meta name=\"twitter:label1\" content=\"Scritto da\" \/>\n\t<meta name=\"twitter:data1\" content=\"Redazione Italia\" \/>\n\t<meta name=\"twitter:label2\" content=\"Tempo di lettura stimato\" \/>\n\t<meta name=\"twitter:data2\" content=\"3 minuti\" \/>\n<script type=\"application\/ld+json\" class=\"yoast-schema-graph\">{\"@context\":\"https:\/\/schema.org\",\"@graph\":[{\"@type\":\"Article\",\"@id\":\"https:\/\/www.pressenza.com\/it\/2016\/03\/assemblea-roma-referendum-anti-sblocca-italia\/#article\",\"isPartOf\":{\"@id\":\"https:\/\/www.pressenza.com\/it\/2016\/03\/assemblea-roma-referendum-anti-sblocca-italia\/\"},\"author\":{\"name\":\"Redazione Italia\",\"@id\":\"https:\/\/www.pressenza.com\/it\/#\/schema\/person\/d983e81827ae24f2c7b1a2123d197f8d\"},\"headline\":\"Assemblea a Roma per il referendum anti Sblocca-Italia\",\"datePublished\":\"2016-03-08T11:47:35+00:00\",\"mainEntityOfPage\":{\"@id\":\"https:\/\/www.pressenza.com\/it\/2016\/03\/assemblea-roma-referendum-anti-sblocca-italia\/\"},\"wordCount\":552,\"publisher\":{\"@id\":\"https:\/\/www.pressenza.com\/it\/#organization\"},\"image\":{\"@id\":\"https:\/\/www.pressenza.com\/it\/2016\/03\/assemblea-roma-referendum-anti-sblocca-italia\/#primaryimage\"},\"thumbnailUrl\":\"https:\/\/www.pressenza.com\/wp-content\/uploads\/2015\/09\/bloccalosbloccaitalia.png\",\"keywords\":[\"decreto Sblocca Italia\",\"economia circolare\",\"Movimento Legge Rifiuti Zero\",\"referendum\"],\"articleSection\":[\"Comunicati Stampa\",\"Europa\",\"Politica\"],\"inLanguage\":\"it-IT\"},{\"@type\":\"WebPage\",\"@id\":\"https:\/\/www.pressenza.com\/it\/2016\/03\/assemblea-roma-referendum-anti-sblocca-italia\/\",\"url\":\"https:\/\/www.pressenza.com\/it\/2016\/03\/assemblea-roma-referendum-anti-sblocca-italia\/\",\"name\":\"Assemblea a Roma per il referendum anti Sblocca-Italia\",\"isPartOf\":{\"@id\":\"https:\/\/www.pressenza.com\/it\/#website\"},\"primaryImageOfPage\":{\"@id\":\"https:\/\/www.pressenza.com\/it\/2016\/03\/assemblea-roma-referendum-anti-sblocca-italia\/#primaryimage\"},\"image\":{\"@id\":\"https:\/\/www.pressenza.com\/it\/2016\/03\/assemblea-roma-referendum-anti-sblocca-italia\/#primaryimage\"},\"thumbnailUrl\":\"https:\/\/www.pressenza.com\/wp-content\/uploads\/2015\/09\/bloccalosbloccaitalia.png\",\"datePublished\":\"2016-03-08T11:47:35+00:00\",\"description\":\"&nbsp; Sabato 12 Marzo a ROMA dalle ore 13 alle 18 presso la Sala cittadina di via Boemondo n.7 (presso stazione F.S. Tiburtina) si sono dati appuntamento\",\"breadcrumb\":{\"@id\":\"https:\/\/www.pressenza.com\/it\/2016\/03\/assemblea-roma-referendum-anti-sblocca-italia\/#breadcrumb\"},\"inLanguage\":\"it-IT\",\"potentialAction\":[{\"@type\":\"ReadAction\",\"target\":[\"https:\/\/www.pressenza.com\/it\/2016\/03\/assemblea-roma-referendum-anti-sblocca-italia\/\"]}]},{\"@type\":\"ImageObject\",\"inLanguage\":\"it-IT\",\"@id\":\"https:\/\/www.pressenza.com\/it\/2016\/03\/assemblea-roma-referendum-anti-sblocca-italia\/#primaryimage\",\"url\":\"https:\/\/www.pressenza.com\/wp-content\/uploads\/2015\/09\/bloccalosbloccaitalia.png\",\"contentUrl\":\"https:\/\/www.pressenza.com\/wp-content\/uploads\/2015\/09\/bloccalosbloccaitalia.png\",\"width\":621,\"height\":322},{\"@type\":\"BreadcrumbList\",\"@id\":\"https:\/\/www.pressenza.com\/it\/2016\/03\/assemblea-roma-referendum-anti-sblocca-italia\/#breadcrumb\",\"itemListElement\":[{\"@type\":\"ListItem\",\"position\":1,\"name\":\"Accueil\",\"item\":\"https:\/\/www.pressenza.com\/it\/\"},{\"@type\":\"ListItem\",\"position\":2,\"name\":\"Assemblea a Roma per il referendum anti Sblocca-Italia\"}]},{\"@type\":\"WebSite\",\"@id\":\"https:\/\/www.pressenza.com\/it\/#website\",\"url\":\"https:\/\/www.pressenza.com\/it\/\",\"name\":\"Pressenza\",\"description\":\"Agenzia di Stampa Internazionale\",\"publisher\":{\"@id\":\"https:\/\/www.pressenza.com\/it\/#organization\"},\"potentialAction\":[{\"@type\":\"SearchAction\",\"target\":{\"@type\":\"EntryPoint\",\"urlTemplate\":\"https:\/\/www.pressenza.com\/it\/?s={search_term_string}\"},\"query-input\":{\"@type\":\"PropertyValueSpecification\",\"valueRequired\":true,\"valueName\":\"search_term_string\"}}],\"inLanguage\":\"it-IT\"},{\"@type\":\"Organization\",\"@id\":\"https:\/\/www.pressenza.com\/it\/#organization\",\"name\":\"Pressenza\",\"url\":\"https:\/\/www.pressenza.com\/it\/\",\"logo\":{\"@type\":\"ImageObject\",\"inLanguage\":\"it-IT\",\"@id\":\"https:\/\/www.pressenza.com\/it\/#\/schema\/logo\/image\/\",\"url\":\"https:\/\/www.pressenza.com\/wp-content\/uploads\/2022\/10\/pressenza_logo_200x200.jpg\",\"contentUrl\":\"https:\/\/www.pressenza.com\/wp-content\/uploads\/2022\/10\/pressenza_logo_200x200.jpg\",\"width\":200,\"height\":200,\"caption\":\"Pressenza\"},\"image\":{\"@id\":\"https:\/\/www.pressenza.com\/it\/#\/schema\/logo\/image\/\"},\"sameAs\":[\"https:\/\/www.facebook.com\/PressenzaItalia\",\"https:\/\/x.com\/PressenzaIPA\"]},{\"@type\":\"Person\",\"@id\":\"https:\/\/www.pressenza.com\/it\/#\/schema\/person\/d983e81827ae24f2c7b1a2123d197f8d\",\"name\":\"Redazione Italia\",\"description\":\"News from the Pressenza Bureau in Italy\",\"sameAs\":[\"https:\/\/www.pressenza.com\/it\/author\/redazione-italia\/\",\"https:\/\/www.facebook.com\/PressenzaItalia\",\"https:\/\/www.instagram.com\/pressenza_italia\/\",\"https:\/\/x.com\/pressenza_it\",\"https:\/\/www.youtube.com\/channel\/UCSalEIWjE1RSxkwjfftFuqg\"],\"url\":\"https:\/\/www.pressenza.com\/it\/author\/redazione-italia\/\"}]}<\/script>\n<!-- \/ Yoast SEO plugin. -->","yoast_head_json":{"title":"Assemblea a Roma per il referendum anti Sblocca-Italia","description":"&nbsp; Sabato 12 Marzo a ROMA dalle ore 13 alle 18 presso la Sala cittadina di via Boemondo n.7 (presso stazione F.S. Tiburtina) si sono dati appuntamento","robots":{"index":"index","follow":"follow","max-snippet":"max-snippet:-1","max-image-preview":"max-image-preview:large","max-video-preview":"max-video-preview:-1"},"canonical":"https:\/\/www.pressenza.com\/it\/2016\/03\/assemblea-roma-referendum-anti-sblocca-italia\/","og_locale":"it_IT","og_type":"article","og_title":"Assemblea a Roma per il referendum anti Sblocca-Italia","og_description":"&nbsp; Sabato 12 Marzo a ROMA dalle ore 13 alle 18 presso la Sala cittadina di via Boemondo n.7 (presso stazione F.S. Tiburtina) si sono dati appuntamento","og_url":"https:\/\/www.pressenza.com\/it\/2016\/03\/assemblea-roma-referendum-anti-sblocca-italia\/","og_site_name":"Pressenza","article_publisher":"https:\/\/www.facebook.com\/PressenzaItalia","article_author":"https:\/\/www.facebook.com\/PressenzaItalia","article_published_time":"2016-03-08T11:47:35+00:00","og_image":[{"width":621,"height":322,"url":"https:\/\/www.pressenza.com\/wp-content\/uploads\/2015\/09\/bloccalosbloccaitalia.png","type":"image\/png"}],"author":"Redazione Italia","twitter_card":"summary_large_image","twitter_creator":"@pressenza_it","twitter_site":"@PressenzaIPA","twitter_misc":{"Scritto da":"Redazione Italia","Tempo di lettura stimato":"3 minuti"},"schema":{"@context":"https:\/\/schema.org","@graph":[{"@type":"Article","@id":"https:\/\/www.pressenza.com\/it\/2016\/03\/assemblea-roma-referendum-anti-sblocca-italia\/#article","isPartOf":{"@id":"https:\/\/www.pressenza.com\/it\/2016\/03\/assemblea-roma-referendum-anti-sblocca-italia\/"},"author":{"name":"Redazione Italia","@id":"https:\/\/www.pressenza.com\/it\/#\/schema\/person\/d983e81827ae24f2c7b1a2123d197f8d"},"headline":"Assemblea a Roma per il referendum anti Sblocca-Italia","datePublished":"2016-03-08T11:47:35+00:00","mainEntityOfPage":{"@id":"https:\/\/www.pressenza.com\/it\/2016\/03\/assemblea-roma-referendum-anti-sblocca-italia\/"},"wordCount":552,"publisher":{"@id":"https:\/\/www.pressenza.com\/it\/#organization"},"image":{"@id":"https:\/\/www.pressenza.com\/it\/2016\/03\/assemblea-roma-referendum-anti-sblocca-italia\/#primaryimage"},"thumbnailUrl":"https:\/\/www.pressenza.com\/wp-content\/uploads\/2015\/09\/bloccalosbloccaitalia.png","keywords":["decreto Sblocca Italia","economia circolare","Movimento Legge Rifiuti Zero","referendum"],"articleSection":["Comunicati Stampa","Europa","Politica"],"inLanguage":"it-IT"},{"@type":"WebPage","@id":"https:\/\/www.pressenza.com\/it\/2016\/03\/assemblea-roma-referendum-anti-sblocca-italia\/","url":"https:\/\/www.pressenza.com\/it\/2016\/03\/assemblea-roma-referendum-anti-sblocca-italia\/","name":"Assemblea a Roma per il referendum anti Sblocca-Italia","isPartOf":{"@id":"https:\/\/www.pressenza.com\/it\/#website"},"primaryImageOfPage":{"@id":"https:\/\/www.pressenza.com\/it\/2016\/03\/assemblea-roma-referendum-anti-sblocca-italia\/#primaryimage"},"image":{"@id":"https:\/\/www.pressenza.com\/it\/2016\/03\/assemblea-roma-referendum-anti-sblocca-italia\/#primaryimage"},"thumbnailUrl":"https:\/\/www.pressenza.com\/wp-content\/uploads\/2015\/09\/bloccalosbloccaitalia.png","datePublished":"2016-03-08T11:47:35+00:00","description":"&nbsp; Sabato 12 Marzo a ROMA dalle ore 13 alle 18 presso la Sala cittadina di via Boemondo n.7 (presso stazione F.S. Tiburtina) si sono dati appuntamento","breadcrumb":{"@id":"https:\/\/www.pressenza.com\/it\/2016\/03\/assemblea-roma-referendum-anti-sblocca-italia\/#breadcrumb"},"inLanguage":"it-IT","potentialAction":[{"@type":"ReadAction","target":["https:\/\/www.pressenza.com\/it\/2016\/03\/assemblea-roma-referendum-anti-sblocca-italia\/"]}]},{"@type":"ImageObject","inLanguage":"it-IT","@id":"https:\/\/www.pressenza.com\/it\/2016\/03\/assemblea-roma-referendum-anti-sblocca-italia\/#primaryimage","url":"https:\/\/www.pressenza.com\/wp-content\/uploads\/2015\/09\/bloccalosbloccaitalia.png","contentUrl":"https:\/\/www.pressenza.com\/wp-content\/uploads\/2015\/09\/bloccalosbloccaitalia.png","width":621,"height":322},{"@type":"BreadcrumbList","@id":"https:\/\/www.pressenza.com\/it\/2016\/03\/assemblea-roma-referendum-anti-sblocca-italia\/#breadcrumb","itemListElement":[{"@type":"ListItem","position":1,"name":"Accueil","item":"https:\/\/www.pressenza.com\/it\/"},{"@type":"ListItem","position":2,"name":"Assemblea a Roma per il referendum anti Sblocca-Italia"}]},{"@type":"WebSite","@id":"https:\/\/www.pressenza.com\/it\/#website","url":"https:\/\/www.pressenza.com\/it\/","name":"Pressenza","description":"Agenzia di Stampa Internazionale","publisher":{"@id":"https:\/\/www.pressenza.com\/it\/#organization"},"potentialAction":[{"@type":"SearchAction","target":{"@type":"EntryPoint","urlTemplate":"https:\/\/www.pressenza.com\/it\/?s={search_term_string}"},"query-input":{"@type":"PropertyValueSpecification","valueRequired":true,"valueName":"search_term_string"}}],"inLanguage":"it-IT"},{"@type":"Organization","@id":"https:\/\/www.pressenza.com\/it\/#organization","name":"Pressenza","url":"https:\/\/www.pressenza.com\/it\/","logo":{"@type":"ImageObject","inLanguage":"it-IT","@id":"https:\/\/www.pressenza.com\/it\/#\/schema\/logo\/image\/","url":"https:\/\/www.pressenza.com\/wp-content\/uploads\/2022\/10\/pressenza_logo_200x200.jpg","contentUrl":"https:\/\/www.pressenza.com\/wp-content\/uploads\/2022\/10\/pressenza_logo_200x200.jpg","width":200,"height":200,"caption":"Pressenza"},"image":{"@id":"https:\/\/www.pressenza.com\/it\/#\/schema\/logo\/image\/"},"sameAs":["https:\/\/www.facebook.com\/PressenzaItalia","https:\/\/x.com\/PressenzaIPA"]},{"@type":"Person","@id":"https:\/\/www.pressenza.com\/it\/#\/schema\/person\/d983e81827ae24f2c7b1a2123d197f8d","name":"Redazione Italia","description":"News from the Pressenza Bureau in Italy","sameAs":["https:\/\/www.pressenza.com\/it\/author\/redazione-italia\/","https:\/\/www.facebook.com\/PressenzaItalia","https:\/\/www.instagram.com\/pressenza_italia\/","https:\/\/x.com\/pressenza_it","https:\/\/www.youtube.com\/channel\/UCSalEIWjE1RSxkwjfftFuqg"],"url":"https:\/\/www.pressenza.com\/it\/author\/redazione-italia\/"}]}},"place":"Roma","original_article_url":"","_links":{"self":[{"href":"https:\/\/www.pressenza.com\/it\/wp-json\/wp\/v2\/posts\/287581","targetHints":{"allow":["GET"]}}],"collection":[{"href":"https:\/\/www.pressenza.com\/it\/wp-json\/wp\/v2\/posts"}],"about":[{"href":"https:\/\/www.pressenza.com\/it\/wp-json\/wp\/v2\/types\/post"}],"author":[{"embeddable":true,"href":"https:\/\/www.pressenza.com\/it\/wp-json\/wp\/v2\/users\/594"}],"replies":[{"embeddable":true,"href":"https:\/\/www.pressenza.com\/it\/wp-json\/wp\/v2\/comments?post=287581"}],"version-history":[{"count":0,"href":"https:\/\/www.pressenza.com\/it\/wp-json\/wp\/v2\/posts\/287581\/revisions"}],"wp:featuredmedia":[{"embeddable":true,"href":"https:\/\/www.pressenza.com\/it\/wp-json\/wp\/v2\/media\/217602"}],"wp:attachment":[{"href":"https:\/\/www.pressenza.com\/it\/wp-json\/wp\/v2\/media?parent=287581"}],"wp:term":[{"taxonomy":"category","embeddable":true,"href":"https:\/\/www.pressenza.com\/it\/wp-json\/wp\/v2\/categories?post=287581"},{"taxonomy":"post_tag","embeddable":true,"href":"https:\/\/www.pressenza.com\/it\/wp-json\/wp\/v2\/tags?post=287581"}],"curies":[{"name":"wp","href":"https:\/\/api.w.org\/{rel}","templated":true}]}}