{"id":285536,"date":"2016-03-02T14:15:15","date_gmt":"2016-03-02T14:15:15","guid":{"rendered":"http:\/\/www.pressenza.com\/it\/?p=285536"},"modified":"2016-03-02T14:15:36","modified_gmt":"2016-03-02T14:15:36","slug":"elogio-dellandarsela-a-cercare-in-morte-di-giulio-regeni","status":"publish","type":"post","link":"https:\/\/www.pressenza.com\/it\/2016\/03\/elogio-dellandarsela-a-cercare-in-morte-di-giulio-regeni\/","title":{"rendered":"Elogio dell\u2019\u201dandarsela a cercare\u201d. In morte di Giulio Regeni"},"content":{"rendered":"<p>Loro se la vanno a cercare, voi nemmeno quello, verrebbe da rispondere.<\/p>\n<p>Vittorio Arrigoni nel 2011 aveva 36 anni. Aveva scelto di vivere nella Striscia di Gaza per essere utile in qualche modo agli abitanti di una delle zone pi\u00f9 martoriate del mondo. Quando mor\u00ec ucciso, molti dissero che alla fine se l\u2019era andata a cercare.<\/p>\n<p>Rossella Urru nel 2011 aveva 29 anni. Si trovava in un campo profughi algerino in qualit\u00e0 di coordinatrice degli aiuti umanitari. Quando in ottobre fu rapita insieme ad altri 2 colleghi, molti dissero che alla fine se l\u2019era andata a cercare.<\/p>\n<p>Simone Camilli nel 2014 aveva 35 anni. Faceva il giornalista e nell\u2019agosto di quell\u2019anno era a Gaza per documentare il conflitto fra Hamas e Israele scoppiato durante l\u2019estate. Quando mor\u00ec a causa dell\u2019esplosione di una bomba, molti dissero che alla fine se l\u2019era andata a cercare.<\/p>\n<p>Gli stessi dissero che se l\u2019era andata a cercare Giovanni Lo Porto, cooperante di 38 anni, ucciso lo scorso anno da un drone in Afghanistan, o Cesare Tavella, cooperante di 51 anni, sparato in Bangladesh mentre faceva jogging.<\/p>\n<p>L\u2019ultimo \u00e8 Giulio Regeni, il ricercatore torturato e ucciso al Cairo qualche giorno fa in circostanze ancora incerte. Ovviamente anche lui se l\u2019\u00e8 andata a cercare.<\/p>\n<p>Le circostanze specifiche dell\u2019accaduto non sono importanti, il posto in cui ti trovi neanche, le tue personali responsabilit\u00e0 men che meno. L\u2019unica cosa che conta \u00e8 che nonostante l\u2019et\u00e0 adulta tu abbia provato a servire un\u2019idea diversa di mondo e, giustamente, t\u2019\u00e8 andata male. \u201cE ti sta bene\u201d, aggiungerebbero volentieri, ma non possono.<\/p>\n<p>\u201cSe l\u2019\u00e8 andata a cercare\u201d diventa cos\u00ec un mantra autoassolutorio. In una societ\u00e0 che ha elevato il benessere al rango di valore, l\u2019agiatezza ad obiettivo cardine, la tranquillit\u00e0 e la sicurezza ad imperativi categorici, questi che si mettono a fare gli eroi sono inaccettabili. Un insulto continuo alla nostra pacata e mediocre scelta di vita. Questi illusi sono nati nel primo mondo e sono andati a vivere per scelta nel terzo, sono riusciti a vincere la paura piuttosto che la passione, pensano a salvare il pianeta ancora molti anni dopo aver finito le superiori, vengono a dirci che quelli di altre religioni non sono cattivi, vanno veramente ad aiutarli a casa loro. Noi lo dicevamo tanto per dire e quelli ci hanno creduto. E allora vengono rapiti o muoiono, l\u2019ordine \u00e8 ristabilito, io penso che ho fatto bene a starmene a casa, poveri idealisti che se la vanno a cercare.<\/p>\n<p>I soldati no. Quando muoiono i soldati nelle missioni all\u2019estero \u00e8 un peccato. I soldati non se la vanno a cercare, erano l\u00ec solo per pagarsi il mutuo, mica per salvare il mondo. I loro intenti sono grami e comprensibili come quelli di tutti, lavorano anch\u2019essi per il benessere proprio e della propria famiglia, niente velleit\u00e0 eroiche o grilli per la testa. I soldati non sono insulto alla mediocrit\u00e0 di nessuno, non mi fanno sentire da meno, \u00e8 giusto dispiacersi.<\/p>\n<p>Francesco d\u2019Assisi nel 1219 aveva 37 anni. Era arrivato in Medio Oriente per la quinta crociata, ma una volta sul posto scelse di raggiungere il campo nemico da solo e disarmato, per provare a convertire a parole il sultano Malik Al Kamil. Oggi \u00e8 il patrono d\u2019Italia, un papa porta il suo nome, gli sono dedicate piazze e chiese. Non fosse tornato sulle sue gambe da quel viaggio, i soliti avrebbero detto che se l\u2019era andata a cercare.<\/p>\n<p>Madre Teresa di Calcutta nel 1948 aveva 38 anni. Era arrivata in India per fare l\u2019insegnante, ma poi scelse di prendersi cura dei \u201cpi\u00f9 poveri dei poveri\u201d. Nel 1979 le fu assegnato il Premio Nobel e nel 2003 proclamata beata. Fosse morta di lebbra durante uno dei suoi servizi, i soliti avrebbero detto che se l\u2019era andata a cercare.<\/p>\n<p>Se la va a cercare Gino Strada, con tutti i suoi medici e infermieri: finch\u00e9 va bene sono degli eroi, quando per sbaglio ti bombardano l\u2019ospedale, se la sono andata a cercare.<\/p>\n<p>Loro se la vanno a cercare, voi nemmeno quello, verrebbe da rispondere. Per voi la fortuna \u00e8 quella del <em>Gratta&amp;Vinci<\/em>, per loro \u00e8 questione di vita o di morte, sperano che aiuti gli audaci sapendo che non sempre \u00e8 cos\u00ec. Sanno gi\u00e0 tutto quelli che se la vanno a cercare, rischi e guadagni, \u00e8 solo che decidono di fare della propria vita quello che per i pi\u00f9 \u00e8 solo vuoto e retorico chiacchiericcio. Non chiedono niente, magari soltanto, quando va male, di evitare lo scherno. Basterebbe fare come con tutti, augurargli la luce perpetua, o un riposo in pace.<\/p>\n<p>Togliersi il cappello, dire \u201cgrazie per averci provato figlio, o fratello\u201d, \u201cche la terra ti sia lieve\u201d. Punto.<\/p>\n<p>Andrea Colasuonno<\/p>\n<p><a href=\"http:\/\/www.esseblog.it\/\">http:\/\/www.esseblog.it\/<\/a><\/p>\n<p>&nbsp;<\/p>\n","protected":false},"excerpt":{"rendered":"<p>Loro se la vanno a cercare, voi nemmeno quello, verrebbe da rispondere. Vittorio Arrigoni nel 2011 aveva 36 anni. Aveva scelto di vivere nella Striscia di Gaza per essere utile in qualche modo agli abitanti di una delle zone pi\u00f9&hellip;<\/p>\n","protected":false},"author":594,"featured_media":285537,"comment_status":"closed","ping_status":"closed","sticky":false,"template":"","format":"standard","meta":{"footnotes":""},"categories":[60,47,162],"tags":[23843],"class_list":["post-285536","post","type-post","status-publish","format-standard","has-post-thumbnail","hentry","category-diritti-umani","category-europa","category-opinioni","tag-giulio-regeni"],"yoast_head":"<!-- This site is optimized with the Yoast SEO plugin v27.1.1 - https:\/\/yoast.com\/product\/yoast-seo-wordpress\/ -->\n<title>Elogio dell\u2019\u201dandarsela a cercare\u201d. In morte di Giulio Regeni<\/title>\n<meta name=\"description\" content=\"Loro se la vanno a cercare, voi nemmeno quello, verrebbe da rispondere. Vittorio Arrigoni nel 2011 aveva 36 anni. Aveva scelto di vivere nella Striscia di\" \/>\n<meta name=\"robots\" content=\"index, follow, max-snippet:-1, max-image-preview:large, max-video-preview:-1\" \/>\n<link rel=\"canonical\" href=\"https:\/\/www.pressenza.com\/it\/2016\/03\/elogio-dellandarsela-a-cercare-in-morte-di-giulio-regeni\/\" \/>\n<meta property=\"og:locale\" content=\"it_IT\" \/>\n<meta property=\"og:type\" content=\"article\" \/>\n<meta property=\"og:title\" content=\"Elogio dell\u2019\u201dandarsela a cercare\u201d. In morte di Giulio Regeni\" \/>\n<meta property=\"og:description\" content=\"Loro se la vanno a cercare, voi nemmeno quello, verrebbe da rispondere. Vittorio Arrigoni nel 2011 aveva 36 anni. Aveva scelto di vivere nella Striscia di\" \/>\n<meta property=\"og:url\" content=\"https:\/\/www.pressenza.com\/it\/2016\/03\/elogio-dellandarsela-a-cercare-in-morte-di-giulio-regeni\/\" \/>\n<meta property=\"og:site_name\" content=\"Pressenza\" \/>\n<meta property=\"article:publisher\" content=\"https:\/\/www.facebook.com\/PressenzaItalia\" \/>\n<meta property=\"article:author\" content=\"https:\/\/www.facebook.com\/PressenzaItalia\" \/>\n<meta property=\"article:published_time\" content=\"2016-03-02T14:15:15+00:00\" \/>\n<meta property=\"article:modified_time\" content=\"2016-03-02T14:15:36+00:00\" \/>\n<meta property=\"og:image\" content=\"https:\/\/www.pressenza.com\/wp-content\/uploads\/2016\/03\/Giulio-Regeni-980x312.jpg\" \/>\n\t<meta property=\"og:image:width\" content=\"980\" \/>\n\t<meta property=\"og:image:height\" content=\"312\" \/>\n\t<meta property=\"og:image:type\" content=\"image\/jpeg\" \/>\n<meta name=\"author\" content=\"Redazione Italia\" \/>\n<meta name=\"twitter:card\" content=\"summary_large_image\" \/>\n<meta name=\"twitter:creator\" content=\"@pressenza_it\" \/>\n<meta name=\"twitter:site\" content=\"@PressenzaIPA\" \/>\n<meta name=\"twitter:label1\" content=\"Scritto da\" \/>\n\t<meta name=\"twitter:data1\" content=\"Redazione Italia\" \/>\n\t<meta name=\"twitter:label2\" content=\"Tempo di lettura stimato\" \/>\n\t<meta name=\"twitter:data2\" content=\"4 minuti\" \/>\n<script type=\"application\/ld+json\" class=\"yoast-schema-graph\">{\"@context\":\"https:\/\/schema.org\",\"@graph\":[{\"@type\":\"Article\",\"@id\":\"https:\/\/www.pressenza.com\/it\/2016\/03\/elogio-dellandarsela-a-cercare-in-morte-di-giulio-regeni\/#article\",\"isPartOf\":{\"@id\":\"https:\/\/www.pressenza.com\/it\/2016\/03\/elogio-dellandarsela-a-cercare-in-morte-di-giulio-regeni\/\"},\"author\":{\"name\":\"Redazione Italia\",\"@id\":\"https:\/\/www.pressenza.com\/it\/#\/schema\/person\/d983e81827ae24f2c7b1a2123d197f8d\"},\"headline\":\"Elogio dell\u2019\u201dandarsela a cercare\u201d. In morte di Giulio Regeni\",\"datePublished\":\"2016-03-02T14:15:15+00:00\",\"dateModified\":\"2016-03-02T14:15:36+00:00\",\"mainEntityOfPage\":{\"@id\":\"https:\/\/www.pressenza.com\/it\/2016\/03\/elogio-dellandarsela-a-cercare-in-morte-di-giulio-regeni\/\"},\"wordCount\":792,\"publisher\":{\"@id\":\"https:\/\/www.pressenza.com\/it\/#organization\"},\"image\":{\"@id\":\"https:\/\/www.pressenza.com\/it\/2016\/03\/elogio-dellandarsela-a-cercare-in-morte-di-giulio-regeni\/#primaryimage\"},\"thumbnailUrl\":\"https:\/\/www.pressenza.com\/wp-content\/uploads\/2016\/03\/Giulio-Regeni-980x312.jpg\",\"keywords\":[\"Giulio Regeni\"],\"articleSection\":[\"Diritti Umani\",\"Europa\",\"Opinioni\"],\"inLanguage\":\"it-IT\"},{\"@type\":\"WebPage\",\"@id\":\"https:\/\/www.pressenza.com\/it\/2016\/03\/elogio-dellandarsela-a-cercare-in-morte-di-giulio-regeni\/\",\"url\":\"https:\/\/www.pressenza.com\/it\/2016\/03\/elogio-dellandarsela-a-cercare-in-morte-di-giulio-regeni\/\",\"name\":\"Elogio dell\u2019\u201dandarsela a cercare\u201d. In morte di Giulio Regeni\",\"isPartOf\":{\"@id\":\"https:\/\/www.pressenza.com\/it\/#website\"},\"primaryImageOfPage\":{\"@id\":\"https:\/\/www.pressenza.com\/it\/2016\/03\/elogio-dellandarsela-a-cercare-in-morte-di-giulio-regeni\/#primaryimage\"},\"image\":{\"@id\":\"https:\/\/www.pressenza.com\/it\/2016\/03\/elogio-dellandarsela-a-cercare-in-morte-di-giulio-regeni\/#primaryimage\"},\"thumbnailUrl\":\"https:\/\/www.pressenza.com\/wp-content\/uploads\/2016\/03\/Giulio-Regeni-980x312.jpg\",\"datePublished\":\"2016-03-02T14:15:15+00:00\",\"dateModified\":\"2016-03-02T14:15:36+00:00\",\"description\":\"Loro se la vanno a cercare, voi nemmeno quello, verrebbe da rispondere. Vittorio Arrigoni nel 2011 aveva 36 anni. Aveva scelto di vivere nella Striscia di\",\"breadcrumb\":{\"@id\":\"https:\/\/www.pressenza.com\/it\/2016\/03\/elogio-dellandarsela-a-cercare-in-morte-di-giulio-regeni\/#breadcrumb\"},\"inLanguage\":\"it-IT\",\"potentialAction\":[{\"@type\":\"ReadAction\",\"target\":[\"https:\/\/www.pressenza.com\/it\/2016\/03\/elogio-dellandarsela-a-cercare-in-morte-di-giulio-regeni\/\"]}]},{\"@type\":\"ImageObject\",\"inLanguage\":\"it-IT\",\"@id\":\"https:\/\/www.pressenza.com\/it\/2016\/03\/elogio-dellandarsela-a-cercare-in-morte-di-giulio-regeni\/#primaryimage\",\"url\":\"https:\/\/www.pressenza.com\/wp-content\/uploads\/2016\/03\/Giulio-Regeni-980x312.jpg\",\"contentUrl\":\"https:\/\/www.pressenza.com\/wp-content\/uploads\/2016\/03\/Giulio-Regeni-980x312.jpg\",\"width\":980,\"height\":312},{\"@type\":\"BreadcrumbList\",\"@id\":\"https:\/\/www.pressenza.com\/it\/2016\/03\/elogio-dellandarsela-a-cercare-in-morte-di-giulio-regeni\/#breadcrumb\",\"itemListElement\":[{\"@type\":\"ListItem\",\"position\":1,\"name\":\"Accueil\",\"item\":\"https:\/\/www.pressenza.com\/it\/\"},{\"@type\":\"ListItem\",\"position\":2,\"name\":\"Elogio dell\u2019\u201dandarsela a cercare\u201d. In morte di Giulio Regeni\"}]},{\"@type\":\"WebSite\",\"@id\":\"https:\/\/www.pressenza.com\/it\/#website\",\"url\":\"https:\/\/www.pressenza.com\/it\/\",\"name\":\"Pressenza\",\"description\":\"Agenzia di Stampa Internazionale\",\"publisher\":{\"@id\":\"https:\/\/www.pressenza.com\/it\/#organization\"},\"potentialAction\":[{\"@type\":\"SearchAction\",\"target\":{\"@type\":\"EntryPoint\",\"urlTemplate\":\"https:\/\/www.pressenza.com\/it\/?s={search_term_string}\"},\"query-input\":{\"@type\":\"PropertyValueSpecification\",\"valueRequired\":true,\"valueName\":\"search_term_string\"}}],\"inLanguage\":\"it-IT\"},{\"@type\":\"Organization\",\"@id\":\"https:\/\/www.pressenza.com\/it\/#organization\",\"name\":\"Pressenza\",\"url\":\"https:\/\/www.pressenza.com\/it\/\",\"logo\":{\"@type\":\"ImageObject\",\"inLanguage\":\"it-IT\",\"@id\":\"https:\/\/www.pressenza.com\/it\/#\/schema\/logo\/image\/\",\"url\":\"https:\/\/www.pressenza.com\/wp-content\/uploads\/2022\/10\/pressenza_logo_200x200.jpg\",\"contentUrl\":\"https:\/\/www.pressenza.com\/wp-content\/uploads\/2022\/10\/pressenza_logo_200x200.jpg\",\"width\":200,\"height\":200,\"caption\":\"Pressenza\"},\"image\":{\"@id\":\"https:\/\/www.pressenza.com\/it\/#\/schema\/logo\/image\/\"},\"sameAs\":[\"https:\/\/www.facebook.com\/PressenzaItalia\",\"https:\/\/x.com\/PressenzaIPA\"]},{\"@type\":\"Person\",\"@id\":\"https:\/\/www.pressenza.com\/it\/#\/schema\/person\/d983e81827ae24f2c7b1a2123d197f8d\",\"name\":\"Redazione Italia\",\"description\":\"News from the Pressenza Bureau in Italy\",\"sameAs\":[\"https:\/\/www.pressenza.com\/it\/author\/redazione-italia\/\",\"https:\/\/www.facebook.com\/PressenzaItalia\",\"https:\/\/www.instagram.com\/pressenza_italia\/\",\"https:\/\/x.com\/pressenza_it\",\"https:\/\/www.youtube.com\/channel\/UCSalEIWjE1RSxkwjfftFuqg\"],\"url\":\"https:\/\/www.pressenza.com\/it\/author\/redazione-italia\/\"}]}<\/script>\n<!-- \/ Yoast SEO plugin. -->","yoast_head_json":{"title":"Elogio dell\u2019\u201dandarsela a cercare\u201d. In morte di Giulio Regeni","description":"Loro se la vanno a cercare, voi nemmeno quello, verrebbe da rispondere. Vittorio Arrigoni nel 2011 aveva 36 anni. Aveva scelto di vivere nella Striscia di","robots":{"index":"index","follow":"follow","max-snippet":"max-snippet:-1","max-image-preview":"max-image-preview:large","max-video-preview":"max-video-preview:-1"},"canonical":"https:\/\/www.pressenza.com\/it\/2016\/03\/elogio-dellandarsela-a-cercare-in-morte-di-giulio-regeni\/","og_locale":"it_IT","og_type":"article","og_title":"Elogio dell\u2019\u201dandarsela a cercare\u201d. In morte di Giulio Regeni","og_description":"Loro se la vanno a cercare, voi nemmeno quello, verrebbe da rispondere. Vittorio Arrigoni nel 2011 aveva 36 anni. Aveva scelto di vivere nella Striscia di","og_url":"https:\/\/www.pressenza.com\/it\/2016\/03\/elogio-dellandarsela-a-cercare-in-morte-di-giulio-regeni\/","og_site_name":"Pressenza","article_publisher":"https:\/\/www.facebook.com\/PressenzaItalia","article_author":"https:\/\/www.facebook.com\/PressenzaItalia","article_published_time":"2016-03-02T14:15:15+00:00","article_modified_time":"2016-03-02T14:15:36+00:00","og_image":[{"width":980,"height":312,"url":"https:\/\/www.pressenza.com\/wp-content\/uploads\/2016\/03\/Giulio-Regeni-980x312.jpg","type":"image\/jpeg"}],"author":"Redazione Italia","twitter_card":"summary_large_image","twitter_creator":"@pressenza_it","twitter_site":"@PressenzaIPA","twitter_misc":{"Scritto da":"Redazione Italia","Tempo di lettura stimato":"4 minuti"},"schema":{"@context":"https:\/\/schema.org","@graph":[{"@type":"Article","@id":"https:\/\/www.pressenza.com\/it\/2016\/03\/elogio-dellandarsela-a-cercare-in-morte-di-giulio-regeni\/#article","isPartOf":{"@id":"https:\/\/www.pressenza.com\/it\/2016\/03\/elogio-dellandarsela-a-cercare-in-morte-di-giulio-regeni\/"},"author":{"name":"Redazione Italia","@id":"https:\/\/www.pressenza.com\/it\/#\/schema\/person\/d983e81827ae24f2c7b1a2123d197f8d"},"headline":"Elogio dell\u2019\u201dandarsela a cercare\u201d. In morte di Giulio Regeni","datePublished":"2016-03-02T14:15:15+00:00","dateModified":"2016-03-02T14:15:36+00:00","mainEntityOfPage":{"@id":"https:\/\/www.pressenza.com\/it\/2016\/03\/elogio-dellandarsela-a-cercare-in-morte-di-giulio-regeni\/"},"wordCount":792,"publisher":{"@id":"https:\/\/www.pressenza.com\/it\/#organization"},"image":{"@id":"https:\/\/www.pressenza.com\/it\/2016\/03\/elogio-dellandarsela-a-cercare-in-morte-di-giulio-regeni\/#primaryimage"},"thumbnailUrl":"https:\/\/www.pressenza.com\/wp-content\/uploads\/2016\/03\/Giulio-Regeni-980x312.jpg","keywords":["Giulio Regeni"],"articleSection":["Diritti Umani","Europa","Opinioni"],"inLanguage":"it-IT"},{"@type":"WebPage","@id":"https:\/\/www.pressenza.com\/it\/2016\/03\/elogio-dellandarsela-a-cercare-in-morte-di-giulio-regeni\/","url":"https:\/\/www.pressenza.com\/it\/2016\/03\/elogio-dellandarsela-a-cercare-in-morte-di-giulio-regeni\/","name":"Elogio dell\u2019\u201dandarsela a cercare\u201d. In morte di Giulio Regeni","isPartOf":{"@id":"https:\/\/www.pressenza.com\/it\/#website"},"primaryImageOfPage":{"@id":"https:\/\/www.pressenza.com\/it\/2016\/03\/elogio-dellandarsela-a-cercare-in-morte-di-giulio-regeni\/#primaryimage"},"image":{"@id":"https:\/\/www.pressenza.com\/it\/2016\/03\/elogio-dellandarsela-a-cercare-in-morte-di-giulio-regeni\/#primaryimage"},"thumbnailUrl":"https:\/\/www.pressenza.com\/wp-content\/uploads\/2016\/03\/Giulio-Regeni-980x312.jpg","datePublished":"2016-03-02T14:15:15+00:00","dateModified":"2016-03-02T14:15:36+00:00","description":"Loro se la vanno a cercare, voi nemmeno quello, verrebbe da rispondere. Vittorio Arrigoni nel 2011 aveva 36 anni. Aveva scelto di vivere nella Striscia di","breadcrumb":{"@id":"https:\/\/www.pressenza.com\/it\/2016\/03\/elogio-dellandarsela-a-cercare-in-morte-di-giulio-regeni\/#breadcrumb"},"inLanguage":"it-IT","potentialAction":[{"@type":"ReadAction","target":["https:\/\/www.pressenza.com\/it\/2016\/03\/elogio-dellandarsela-a-cercare-in-morte-di-giulio-regeni\/"]}]},{"@type":"ImageObject","inLanguage":"it-IT","@id":"https:\/\/www.pressenza.com\/it\/2016\/03\/elogio-dellandarsela-a-cercare-in-morte-di-giulio-regeni\/#primaryimage","url":"https:\/\/www.pressenza.com\/wp-content\/uploads\/2016\/03\/Giulio-Regeni-980x312.jpg","contentUrl":"https:\/\/www.pressenza.com\/wp-content\/uploads\/2016\/03\/Giulio-Regeni-980x312.jpg","width":980,"height":312},{"@type":"BreadcrumbList","@id":"https:\/\/www.pressenza.com\/it\/2016\/03\/elogio-dellandarsela-a-cercare-in-morte-di-giulio-regeni\/#breadcrumb","itemListElement":[{"@type":"ListItem","position":1,"name":"Accueil","item":"https:\/\/www.pressenza.com\/it\/"},{"@type":"ListItem","position":2,"name":"Elogio dell\u2019\u201dandarsela a cercare\u201d. In morte di Giulio Regeni"}]},{"@type":"WebSite","@id":"https:\/\/www.pressenza.com\/it\/#website","url":"https:\/\/www.pressenza.com\/it\/","name":"Pressenza","description":"Agenzia di Stampa Internazionale","publisher":{"@id":"https:\/\/www.pressenza.com\/it\/#organization"},"potentialAction":[{"@type":"SearchAction","target":{"@type":"EntryPoint","urlTemplate":"https:\/\/www.pressenza.com\/it\/?s={search_term_string}"},"query-input":{"@type":"PropertyValueSpecification","valueRequired":true,"valueName":"search_term_string"}}],"inLanguage":"it-IT"},{"@type":"Organization","@id":"https:\/\/www.pressenza.com\/it\/#organization","name":"Pressenza","url":"https:\/\/www.pressenza.com\/it\/","logo":{"@type":"ImageObject","inLanguage":"it-IT","@id":"https:\/\/www.pressenza.com\/it\/#\/schema\/logo\/image\/","url":"https:\/\/www.pressenza.com\/wp-content\/uploads\/2022\/10\/pressenza_logo_200x200.jpg","contentUrl":"https:\/\/www.pressenza.com\/wp-content\/uploads\/2022\/10\/pressenza_logo_200x200.jpg","width":200,"height":200,"caption":"Pressenza"},"image":{"@id":"https:\/\/www.pressenza.com\/it\/#\/schema\/logo\/image\/"},"sameAs":["https:\/\/www.facebook.com\/PressenzaItalia","https:\/\/x.com\/PressenzaIPA"]},{"@type":"Person","@id":"https:\/\/www.pressenza.com\/it\/#\/schema\/person\/d983e81827ae24f2c7b1a2123d197f8d","name":"Redazione Italia","description":"News from the Pressenza Bureau in Italy","sameAs":["https:\/\/www.pressenza.com\/it\/author\/redazione-italia\/","https:\/\/www.facebook.com\/PressenzaItalia","https:\/\/www.instagram.com\/pressenza_italia\/","https:\/\/x.com\/pressenza_it","https:\/\/www.youtube.com\/channel\/UCSalEIWjE1RSxkwjfftFuqg"],"url":"https:\/\/www.pressenza.com\/it\/author\/redazione-italia\/"}]}},"place":"","original_article_url":"","_links":{"self":[{"href":"https:\/\/www.pressenza.com\/it\/wp-json\/wp\/v2\/posts\/285536","targetHints":{"allow":["GET"]}}],"collection":[{"href":"https:\/\/www.pressenza.com\/it\/wp-json\/wp\/v2\/posts"}],"about":[{"href":"https:\/\/www.pressenza.com\/it\/wp-json\/wp\/v2\/types\/post"}],"author":[{"embeddable":true,"href":"https:\/\/www.pressenza.com\/it\/wp-json\/wp\/v2\/users\/594"}],"replies":[{"embeddable":true,"href":"https:\/\/www.pressenza.com\/it\/wp-json\/wp\/v2\/comments?post=285536"}],"version-history":[{"count":0,"href":"https:\/\/www.pressenza.com\/it\/wp-json\/wp\/v2\/posts\/285536\/revisions"}],"wp:featuredmedia":[{"embeddable":true,"href":"https:\/\/www.pressenza.com\/it\/wp-json\/wp\/v2\/media\/285537"}],"wp:attachment":[{"href":"https:\/\/www.pressenza.com\/it\/wp-json\/wp\/v2\/media?parent=285536"}],"wp:term":[{"taxonomy":"category","embeddable":true,"href":"https:\/\/www.pressenza.com\/it\/wp-json\/wp\/v2\/categories?post=285536"},{"taxonomy":"post_tag","embeddable":true,"href":"https:\/\/www.pressenza.com\/it\/wp-json\/wp\/v2\/tags?post=285536"}],"curies":[{"name":"wp","href":"https:\/\/api.w.org\/{rel}","templated":true}]}}