{"id":284865,"date":"2016-02-29T13:58:20","date_gmt":"2016-02-29T13:58:20","guid":{"rendered":"http:\/\/www.pressenza.com\/it\/?p=284865"},"modified":"2017-08-14T23:15:32","modified_gmt":"2017-08-14T22:15:32","slug":"284865","status":"publish","type":"post","link":"https:\/\/www.pressenza.com\/it\/2016\/02\/284865\/","title":{"rendered":"Dopo Cop21 diamoci una mossa"},"content":{"rendered":"<p><center><span style=\"color: #800000;\">DOPO COP 21, DIAMOCI UNA MOSSA <\/span><br \/>\n<span style=\"color: #800000;\"> CLIMA, CITT\u00c0 E MOBILIT\u00c0 SOSTENIBILE<\/span><br \/>\n<span style=\"color: #800000;\"> PER LA CLIMATE GENERATION<\/span><\/center><center><strong>4 marzo ore 15 &#8211; Aula Libera del Mattatoio (Universit\u00e0 Roma Tre \u2013 Dipartimento Architettura)<\/strong><\/center><\/p>\n<p style=\"text-align: justify;\">Dal summit sul clima di Parigi sono uscite visioni e indirizzi per fermare l&#8217;effetto serra. Ma se le scelte energetiche sembrano aver imboccato una strada precisa, sul&#8217;altro grande imputato delle emissioni di Co2, il trasporto, le prospettive sono ancora confuse. Se ne parla all&#8217;incontro &#8220;<strong>Dopo COP21, diamoci una mossa<\/strong>&#8220;, che \u00e8 anche la <strong>tappa conclusiva della campagna <a href=\"http:\/\/silverback.cmail20.com\/t\/r-l-elhjljd-ihhujtvo-h\/\" target=\"_blank\">#WeAreTheClimateGeneration<\/a><\/strong>, ideata del network europeo di comunicazione sostenibile <a href=\"http:\/\/silverback.cmail20.com\/t\/r-l-elhjljd-ihhujtvo-k\/\" target=\"_blank\">Donotsmile<\/a>, che ha portato alla COP21 di Parigi il messaggio dell\u2019impegno collettivo contro il cambiamento climatico.<\/p>\n<p>Docenti, esperti e imprenditori nel settore della <strong>mobilit\u00e0 sostenibile<\/strong> discutono su come pensare alle nostre citt\u00e0, al lavoro, all\u2019innovazione tecnologica, alle soluzioni sociali per contenere un\u2019emergenza globale e locale. E <strong>il convegno diventa anche il traguardo di una maratona molto particolare<\/strong>: 5 studenti partiranno dalla Biblioteca nazionale utilizzando cinque mezzi diversi (auto privata, mezzi pubblici, bicicletta, scooter sharing elettrico, auto sharing elettrica) per raggiungere l\u2019Universit\u00e0. La maratona verr\u00e0 seguita in diretta video durante lo svolgimento del convegno.<\/p>\n<p>La campagna #WeAreTheClimateGeneration, realizzata in Italia da <a href=\"http:\/\/silverback.cmail20.com\/t\/r-l-elhjljd-ihhujtvo-u\/\" target=\"_blank\">Silverback<\/a>, dopo l\u2019inaugurazione avvenuta lo scorso novembre alla Camera dei Deputati, ha portato la mostra di 49 ritratti di generazioni di europei impegnati nella lotta ai cambiamenti climatici alla stazione centrale di Milano e a Roma, dove il foto-progetto \u00e8 stato esposto in via dei Fori Imperiali e al MAXXI.<\/p>\n<p><a href=\"http:\/\/silverback.cmail20.com\/t\/r-l-elhjljd-ihhujtvo-o\/\" target=\"_blank\"><strong>SCARICA IL PROGRAMMA DELL&#8217;INIZIATIVA &#8220;DOPO COP21, DIAMOCI UNA MOSSA&#8221; (PDF)<\/strong><\/a><\/p>\n","protected":false},"excerpt":{"rendered":"<p>DOPO COP 21, DIAMOCI UNA MOSSA CLIMA, CITT\u00c0 E MOBILIT\u00c0 SOSTENIBILE PER LA CLIMATE GENERATION4 marzo ore 15 &#8211; Aula Libera del Mattatoio (Universit\u00e0 Roma Tre \u2013 Dipartimento Architettura) Dal summit sul clima di Parigi sono uscite visioni e indirizzi&hellip;<\/p>\n","protected":false},"author":594,"featured_media":284867,"comment_status":"closed","ping_status":"closed","sticky":false,"template":"","format":"standard","meta":{"footnotes":""},"categories":[150,56,59,47],"tags":[7908,16427,14837,20582],"class_list":["post-284865","post","type-post","status-publish","format-standard","has-post-thumbnail","hentry","category-comunicati-stampa","category-cultura","category-ambiente-ecologia","category-europa","tag-clima","tag-cop21","tag-mobilita-sostenibile","tag-universita-roma-tre"],"yoast_head":"<!-- This site is optimized with the Yoast SEO plugin v27.1.1 - https:\/\/yoast.com\/product\/yoast-seo-wordpress\/ -->\n<title>Dopo Cop21 diamoci una mossa<\/title>\n<meta name=\"description\" content=\"DOPO COP 21, DIAMOCI UNA MOSSA CLIMA, CITT\u00c0 E MOBILIT\u00c0 SOSTENIBILE PER LA CLIMATE GENERATION4 marzo ore 15 - Aula Libera del Mattatoio (Universit\u00e0 Roma\" \/>\n<meta name=\"robots\" content=\"index, follow, max-snippet:-1, max-image-preview:large, max-video-preview:-1\" \/>\n<link rel=\"canonical\" href=\"https:\/\/www.pressenza.com\/it\/2016\/02\/284865\/\" \/>\n<meta property=\"og:locale\" content=\"it_IT\" \/>\n<meta property=\"og:type\" content=\"article\" \/>\n<meta property=\"og:title\" content=\"Dopo Cop21 diamoci una mossa\" \/>\n<meta property=\"og:description\" content=\"DOPO COP 21, DIAMOCI UNA MOSSA CLIMA, CITT\u00c0 E MOBILIT\u00c0 SOSTENIBILE PER LA CLIMATE GENERATION4 marzo ore 15 - Aula Libera del Mattatoio (Universit\u00e0 Roma\" \/>\n<meta property=\"og:url\" content=\"https:\/\/www.pressenza.com\/it\/2016\/02\/284865\/\" \/>\n<meta property=\"og:site_name\" content=\"Pressenza\" \/>\n<meta property=\"article:publisher\" content=\"https:\/\/www.facebook.com\/PressenzaItalia\" \/>\n<meta property=\"article:author\" content=\"https:\/\/www.facebook.com\/PressenzaItalia\" \/>\n<meta property=\"article:published_time\" content=\"2016-02-29T13:58:20+00:00\" \/>\n<meta property=\"article:modified_time\" content=\"2017-08-14T22:15:32+00:00\" \/>\n<meta property=\"og:image\" content=\"https:\/\/www.pressenza.com\/wp-content\/uploads\/2016\/02\/Roma_3_Economia_01821-2.jpg\" \/>\n\t<meta property=\"og:image:width\" content=\"1466\" \/>\n\t<meta property=\"og:image:height\" content=\"765\" \/>\n\t<meta property=\"og:image:type\" content=\"image\/jpeg\" \/>\n<meta name=\"author\" content=\"Redazione Italia\" \/>\n<meta name=\"twitter:card\" content=\"summary_large_image\" \/>\n<meta name=\"twitter:creator\" content=\"@pressenza_it\" \/>\n<meta name=\"twitter:site\" content=\"@PressenzaIPA\" \/>\n<meta name=\"twitter:label1\" content=\"Scritto da\" \/>\n\t<meta name=\"twitter:data1\" content=\"Redazione Italia\" \/>\n\t<meta name=\"twitter:label2\" content=\"Tempo di lettura stimato\" \/>\n\t<meta name=\"twitter:data2\" content=\"1 minuto\" \/>\n<script type=\"application\/ld+json\" class=\"yoast-schema-graph\">{\"@context\":\"https:\/\/schema.org\",\"@graph\":[{\"@type\":\"Article\",\"@id\":\"https:\/\/www.pressenza.com\/it\/2016\/02\/284865\/#article\",\"isPartOf\":{\"@id\":\"https:\/\/www.pressenza.com\/it\/2016\/02\/284865\/\"},\"author\":{\"name\":\"Redazione Italia\",\"@id\":\"https:\/\/www.pressenza.com\/it\/#\/schema\/person\/d983e81827ae24f2c7b1a2123d197f8d\"},\"headline\":\"Dopo Cop21 diamoci una mossa\",\"datePublished\":\"2016-02-29T13:58:20+00:00\",\"dateModified\":\"2017-08-14T22:15:32+00:00\",\"mainEntityOfPage\":{\"@id\":\"https:\/\/www.pressenza.com\/it\/2016\/02\/284865\/\"},\"wordCount\":261,\"publisher\":{\"@id\":\"https:\/\/www.pressenza.com\/it\/#organization\"},\"image\":{\"@id\":\"https:\/\/www.pressenza.com\/it\/2016\/02\/284865\/#primaryimage\"},\"thumbnailUrl\":\"https:\/\/www.pressenza.com\/wp-content\/uploads\/2016\/02\/Roma_3_Economia_01821-2.jpg\",\"keywords\":[\"clima\",\"COP21\",\"Mobilit\u00e0 Sostenibile\",\"Universit\u00e0 Roma Tre\"],\"articleSection\":[\"Comunicati Stampa\",\"Cultura e Media\",\"Ecologia ed Ambiente\",\"Europa\"],\"inLanguage\":\"it-IT\"},{\"@type\":\"WebPage\",\"@id\":\"https:\/\/www.pressenza.com\/it\/2016\/02\/284865\/\",\"url\":\"https:\/\/www.pressenza.com\/it\/2016\/02\/284865\/\",\"name\":\"Dopo Cop21 diamoci una mossa\",\"isPartOf\":{\"@id\":\"https:\/\/www.pressenza.com\/it\/#website\"},\"primaryImageOfPage\":{\"@id\":\"https:\/\/www.pressenza.com\/it\/2016\/02\/284865\/#primaryimage\"},\"image\":{\"@id\":\"https:\/\/www.pressenza.com\/it\/2016\/02\/284865\/#primaryimage\"},\"thumbnailUrl\":\"https:\/\/www.pressenza.com\/wp-content\/uploads\/2016\/02\/Roma_3_Economia_01821-2.jpg\",\"datePublished\":\"2016-02-29T13:58:20+00:00\",\"dateModified\":\"2017-08-14T22:15:32+00:00\",\"description\":\"DOPO COP 21, DIAMOCI UNA MOSSA CLIMA, CITT\u00c0 E MOBILIT\u00c0 SOSTENIBILE PER LA CLIMATE GENERATION4 marzo ore 15 - Aula Libera del Mattatoio (Universit\u00e0 Roma\",\"breadcrumb\":{\"@id\":\"https:\/\/www.pressenza.com\/it\/2016\/02\/284865\/#breadcrumb\"},\"inLanguage\":\"it-IT\",\"potentialAction\":[{\"@type\":\"ReadAction\",\"target\":[\"https:\/\/www.pressenza.com\/it\/2016\/02\/284865\/\"]}]},{\"@type\":\"ImageObject\",\"inLanguage\":\"it-IT\",\"@id\":\"https:\/\/www.pressenza.com\/it\/2016\/02\/284865\/#primaryimage\",\"url\":\"https:\/\/www.pressenza.com\/wp-content\/uploads\/2016\/02\/Roma_3_Economia_01821-2.jpg\",\"contentUrl\":\"https:\/\/www.pressenza.com\/wp-content\/uploads\/2016\/02\/Roma_3_Economia_01821-2.jpg\",\"width\":1466,\"height\":765},{\"@type\":\"BreadcrumbList\",\"@id\":\"https:\/\/www.pressenza.com\/it\/2016\/02\/284865\/#breadcrumb\",\"itemListElement\":[{\"@type\":\"ListItem\",\"position\":1,\"name\":\"Accueil\",\"item\":\"https:\/\/www.pressenza.com\/it\/\"},{\"@type\":\"ListItem\",\"position\":2,\"name\":\"Dopo Cop21 diamoci una mossa\"}]},{\"@type\":\"WebSite\",\"@id\":\"https:\/\/www.pressenza.com\/it\/#website\",\"url\":\"https:\/\/www.pressenza.com\/it\/\",\"name\":\"Pressenza\",\"description\":\"Agenzia di Stampa Internazionale\",\"publisher\":{\"@id\":\"https:\/\/www.pressenza.com\/it\/#organization\"},\"potentialAction\":[{\"@type\":\"SearchAction\",\"target\":{\"@type\":\"EntryPoint\",\"urlTemplate\":\"https:\/\/www.pressenza.com\/it\/?s={search_term_string}\"},\"query-input\":{\"@type\":\"PropertyValueSpecification\",\"valueRequired\":true,\"valueName\":\"search_term_string\"}}],\"inLanguage\":\"it-IT\"},{\"@type\":\"Organization\",\"@id\":\"https:\/\/www.pressenza.com\/it\/#organization\",\"name\":\"Pressenza\",\"url\":\"https:\/\/www.pressenza.com\/it\/\",\"logo\":{\"@type\":\"ImageObject\",\"inLanguage\":\"it-IT\",\"@id\":\"https:\/\/www.pressenza.com\/it\/#\/schema\/logo\/image\/\",\"url\":\"https:\/\/www.pressenza.com\/wp-content\/uploads\/2022\/10\/pressenza_logo_200x200.jpg\",\"contentUrl\":\"https:\/\/www.pressenza.com\/wp-content\/uploads\/2022\/10\/pressenza_logo_200x200.jpg\",\"width\":200,\"height\":200,\"caption\":\"Pressenza\"},\"image\":{\"@id\":\"https:\/\/www.pressenza.com\/it\/#\/schema\/logo\/image\/\"},\"sameAs\":[\"https:\/\/www.facebook.com\/PressenzaItalia\",\"https:\/\/x.com\/PressenzaIPA\"]},{\"@type\":\"Person\",\"@id\":\"https:\/\/www.pressenza.com\/it\/#\/schema\/person\/d983e81827ae24f2c7b1a2123d197f8d\",\"name\":\"Redazione Italia\",\"description\":\"News from the Pressenza Bureau in Italy\",\"sameAs\":[\"https:\/\/www.pressenza.com\/it\/author\/redazione-italia\/\",\"https:\/\/www.facebook.com\/PressenzaItalia\",\"https:\/\/www.instagram.com\/pressenza_italia\/\",\"https:\/\/x.com\/pressenza_it\",\"https:\/\/www.youtube.com\/channel\/UCSalEIWjE1RSxkwjfftFuqg\"],\"url\":\"https:\/\/www.pressenza.com\/it\/author\/redazione-italia\/\"}]}<\/script>\n<!-- \/ Yoast SEO plugin. -->","yoast_head_json":{"title":"Dopo Cop21 diamoci una mossa","description":"DOPO COP 21, DIAMOCI UNA MOSSA CLIMA, CITT\u00c0 E MOBILIT\u00c0 SOSTENIBILE PER LA CLIMATE GENERATION4 marzo ore 15 - Aula Libera del Mattatoio (Universit\u00e0 Roma","robots":{"index":"index","follow":"follow","max-snippet":"max-snippet:-1","max-image-preview":"max-image-preview:large","max-video-preview":"max-video-preview:-1"},"canonical":"https:\/\/www.pressenza.com\/it\/2016\/02\/284865\/","og_locale":"it_IT","og_type":"article","og_title":"Dopo Cop21 diamoci una mossa","og_description":"DOPO COP 21, DIAMOCI UNA MOSSA CLIMA, CITT\u00c0 E MOBILIT\u00c0 SOSTENIBILE PER LA CLIMATE GENERATION4 marzo ore 15 - Aula Libera del Mattatoio (Universit\u00e0 Roma","og_url":"https:\/\/www.pressenza.com\/it\/2016\/02\/284865\/","og_site_name":"Pressenza","article_publisher":"https:\/\/www.facebook.com\/PressenzaItalia","article_author":"https:\/\/www.facebook.com\/PressenzaItalia","article_published_time":"2016-02-29T13:58:20+00:00","article_modified_time":"2017-08-14T22:15:32+00:00","og_image":[{"width":1466,"height":765,"url":"https:\/\/www.pressenza.com\/wp-content\/uploads\/2016\/02\/Roma_3_Economia_01821-2.jpg","type":"image\/jpeg"}],"author":"Redazione Italia","twitter_card":"summary_large_image","twitter_creator":"@pressenza_it","twitter_site":"@PressenzaIPA","twitter_misc":{"Scritto da":"Redazione Italia","Tempo di lettura stimato":"1 minuto"},"schema":{"@context":"https:\/\/schema.org","@graph":[{"@type":"Article","@id":"https:\/\/www.pressenza.com\/it\/2016\/02\/284865\/#article","isPartOf":{"@id":"https:\/\/www.pressenza.com\/it\/2016\/02\/284865\/"},"author":{"name":"Redazione Italia","@id":"https:\/\/www.pressenza.com\/it\/#\/schema\/person\/d983e81827ae24f2c7b1a2123d197f8d"},"headline":"Dopo Cop21 diamoci una mossa","datePublished":"2016-02-29T13:58:20+00:00","dateModified":"2017-08-14T22:15:32+00:00","mainEntityOfPage":{"@id":"https:\/\/www.pressenza.com\/it\/2016\/02\/284865\/"},"wordCount":261,"publisher":{"@id":"https:\/\/www.pressenza.com\/it\/#organization"},"image":{"@id":"https:\/\/www.pressenza.com\/it\/2016\/02\/284865\/#primaryimage"},"thumbnailUrl":"https:\/\/www.pressenza.com\/wp-content\/uploads\/2016\/02\/Roma_3_Economia_01821-2.jpg","keywords":["clima","COP21","Mobilit\u00e0 Sostenibile","Universit\u00e0 Roma Tre"],"articleSection":["Comunicati Stampa","Cultura e Media","Ecologia ed Ambiente","Europa"],"inLanguage":"it-IT"},{"@type":"WebPage","@id":"https:\/\/www.pressenza.com\/it\/2016\/02\/284865\/","url":"https:\/\/www.pressenza.com\/it\/2016\/02\/284865\/","name":"Dopo Cop21 diamoci una mossa","isPartOf":{"@id":"https:\/\/www.pressenza.com\/it\/#website"},"primaryImageOfPage":{"@id":"https:\/\/www.pressenza.com\/it\/2016\/02\/284865\/#primaryimage"},"image":{"@id":"https:\/\/www.pressenza.com\/it\/2016\/02\/284865\/#primaryimage"},"thumbnailUrl":"https:\/\/www.pressenza.com\/wp-content\/uploads\/2016\/02\/Roma_3_Economia_01821-2.jpg","datePublished":"2016-02-29T13:58:20+00:00","dateModified":"2017-08-14T22:15:32+00:00","description":"DOPO COP 21, DIAMOCI UNA MOSSA CLIMA, CITT\u00c0 E MOBILIT\u00c0 SOSTENIBILE PER LA CLIMATE GENERATION4 marzo ore 15 - Aula Libera del Mattatoio (Universit\u00e0 Roma","breadcrumb":{"@id":"https:\/\/www.pressenza.com\/it\/2016\/02\/284865\/#breadcrumb"},"inLanguage":"it-IT","potentialAction":[{"@type":"ReadAction","target":["https:\/\/www.pressenza.com\/it\/2016\/02\/284865\/"]}]},{"@type":"ImageObject","inLanguage":"it-IT","@id":"https:\/\/www.pressenza.com\/it\/2016\/02\/284865\/#primaryimage","url":"https:\/\/www.pressenza.com\/wp-content\/uploads\/2016\/02\/Roma_3_Economia_01821-2.jpg","contentUrl":"https:\/\/www.pressenza.com\/wp-content\/uploads\/2016\/02\/Roma_3_Economia_01821-2.jpg","width":1466,"height":765},{"@type":"BreadcrumbList","@id":"https:\/\/www.pressenza.com\/it\/2016\/02\/284865\/#breadcrumb","itemListElement":[{"@type":"ListItem","position":1,"name":"Accueil","item":"https:\/\/www.pressenza.com\/it\/"},{"@type":"ListItem","position":2,"name":"Dopo Cop21 diamoci una mossa"}]},{"@type":"WebSite","@id":"https:\/\/www.pressenza.com\/it\/#website","url":"https:\/\/www.pressenza.com\/it\/","name":"Pressenza","description":"Agenzia di Stampa Internazionale","publisher":{"@id":"https:\/\/www.pressenza.com\/it\/#organization"},"potentialAction":[{"@type":"SearchAction","target":{"@type":"EntryPoint","urlTemplate":"https:\/\/www.pressenza.com\/it\/?s={search_term_string}"},"query-input":{"@type":"PropertyValueSpecification","valueRequired":true,"valueName":"search_term_string"}}],"inLanguage":"it-IT"},{"@type":"Organization","@id":"https:\/\/www.pressenza.com\/it\/#organization","name":"Pressenza","url":"https:\/\/www.pressenza.com\/it\/","logo":{"@type":"ImageObject","inLanguage":"it-IT","@id":"https:\/\/www.pressenza.com\/it\/#\/schema\/logo\/image\/","url":"https:\/\/www.pressenza.com\/wp-content\/uploads\/2022\/10\/pressenza_logo_200x200.jpg","contentUrl":"https:\/\/www.pressenza.com\/wp-content\/uploads\/2022\/10\/pressenza_logo_200x200.jpg","width":200,"height":200,"caption":"Pressenza"},"image":{"@id":"https:\/\/www.pressenza.com\/it\/#\/schema\/logo\/image\/"},"sameAs":["https:\/\/www.facebook.com\/PressenzaItalia","https:\/\/x.com\/PressenzaIPA"]},{"@type":"Person","@id":"https:\/\/www.pressenza.com\/it\/#\/schema\/person\/d983e81827ae24f2c7b1a2123d197f8d","name":"Redazione Italia","description":"News from the Pressenza Bureau in Italy","sameAs":["https:\/\/www.pressenza.com\/it\/author\/redazione-italia\/","https:\/\/www.facebook.com\/PressenzaItalia","https:\/\/www.instagram.com\/pressenza_italia\/","https:\/\/x.com\/pressenza_it","https:\/\/www.youtube.com\/channel\/UCSalEIWjE1RSxkwjfftFuqg"],"url":"https:\/\/www.pressenza.com\/it\/author\/redazione-italia\/"}]}},"place":"","original_article_url":"","_links":{"self":[{"href":"https:\/\/www.pressenza.com\/it\/wp-json\/wp\/v2\/posts\/284865","targetHints":{"allow":["GET"]}}],"collection":[{"href":"https:\/\/www.pressenza.com\/it\/wp-json\/wp\/v2\/posts"}],"about":[{"href":"https:\/\/www.pressenza.com\/it\/wp-json\/wp\/v2\/types\/post"}],"author":[{"embeddable":true,"href":"https:\/\/www.pressenza.com\/it\/wp-json\/wp\/v2\/users\/594"}],"replies":[{"embeddable":true,"href":"https:\/\/www.pressenza.com\/it\/wp-json\/wp\/v2\/comments?post=284865"}],"version-history":[{"count":0,"href":"https:\/\/www.pressenza.com\/it\/wp-json\/wp\/v2\/posts\/284865\/revisions"}],"wp:featuredmedia":[{"embeddable":true,"href":"https:\/\/www.pressenza.com\/it\/wp-json\/wp\/v2\/media\/284867"}],"wp:attachment":[{"href":"https:\/\/www.pressenza.com\/it\/wp-json\/wp\/v2\/media?parent=284865"}],"wp:term":[{"taxonomy":"category","embeddable":true,"href":"https:\/\/www.pressenza.com\/it\/wp-json\/wp\/v2\/categories?post=284865"},{"taxonomy":"post_tag","embeddable":true,"href":"https:\/\/www.pressenza.com\/it\/wp-json\/wp\/v2\/tags?post=284865"}],"curies":[{"name":"wp","href":"https:\/\/api.w.org\/{rel}","templated":true}]}}