{"id":284432,"date":"2016-02-28T19:47:03","date_gmt":"2016-02-28T19:47:03","guid":{"rendered":"http:\/\/www.pressenza.com\/it\/?p=284432"},"modified":"2016-02-28T19:47:03","modified_gmt":"2016-02-28T19:47:03","slug":"sblocca-italia-perche-i-territori-dicono-no-agli-inceneritori","status":"publish","type":"post","link":"https:\/\/www.pressenza.com\/it\/2016\/02\/sblocca-italia-perche-i-territori-dicono-no-agli-inceneritori\/","title":{"rendered":"Sblocca Italia, perch\u00e9 i territori dicono no agli inceneritori"},"content":{"rendered":"<p><strong>\u00a0<\/strong><\/p>\n<p>\u201cVanno. Vengono\u201d. Si potrebbe citare la canzone \u201cLe Nuvole\u201d di D\u00e9 Andre per gli inceneritori dei rifiuti, progetti che compaiono in programmi di governi, regioni, politici di vari schieramenti negli anni nelle occasioni pi\u00f9 disparate. C\u2019\u00e8 una (spesso pi\u00f9 presunta che reale) necessit\u00e0 di nuove fonti energetiche, pu\u00f2 sbucare un inceneritore, una discarica sta raggiungendo la sua massima capienza, \u201cfacciamo un inceneritore\u201d e cos\u00ec via, perch\u00e9 di esempi se ne potrebbero fare molti altri. In una Regione come l\u2019Abruzzo sono cambiati tre governatori, di fazioni politiche diverse, ma il progetto di costruire inceneritori continua a comparire ciclicamente. Un po\u2019 come i Mondiali di Calcio e le Olimpiadi, sai che ogni quattro anni arrivano.<\/p>\n<p>L\u2019ultimo in ordine di tempo \u00e8 stato Matteo Renzi con lo \u201cSblocca Italia\u201d, legge che (come abbiamo gi\u00e0 raccontato <a href=\"http:\/\/www.qcodemag.it\/2014\/09\/17\/ambientalisti-contro-lo-sblocca-italia\/\">http:\/\/www.qcodemag.it\/2014\/09\/17\/ambientalisti-contro-lo-sblocca-italia\/<\/a> ) \u00e8 contestata da ambientalisti, comitati, associazioni e movimenti. Sono tanti i punti della legge contestati e che investono \u201cfronti caldi\u201d della mobilitazione sociale e ambientalista nel Belpaese (tra le pi\u00f9 diffuse la mobilitazione contro le trivelle petrolifere, che saranno al centro del referendum del 17 aprile prossimo <a href=\"http:\/\/comune-info.net\/2016\/02\/353560\/\">http:\/\/comune-info.net\/2016\/02\/353560\/<\/a> , e i beni comuni, entrambi saranno al centro della mobilitazione per i \u201creferendum sociali\u201d che partir\u00e0 a breve <a href=\"https:\/\/stopdevastazioni.wordpress.com\/2016\/02\/24\/scuola-pubblica-beni-comuni-ambiente-appello-assemblea-nazionale-per-una-stagione-di-referendum-sociali\/\">https:\/\/stopdevastazioni.wordpress.com\/2016\/02\/24\/scuola-pubblica-beni-comuni-ambiente-appello-assemblea-nazionale-per-una-stagione-di-referendum-sociali\/<\/a> ), tra cui la paventata costruzione di nuovi inceneritori. Lo Sblocca Italia inizialmente prevedeva 12 nuovi impianti da costruire ma, dopo le proteste di diverse Regioni, il numero si \u00e8 ridotto ad 8 (sono state escluse Liguria, Veneto, Piemonte, Toscana). Come facilmente prevedibile, la decisione del governo Renzi ha messo in allarme comitati e associazioni di tutta Italia, che immediatamente si sono mobilitati.<\/p>\n<p>Le motivazioni contro gli inceneritori sono varie. La prima, e non pu\u00f2 essere altrimenti, \u00e8 legata ai rischi per la salute. A luglio del 2003 Greenpeace e WWF tradussero in italiano uno studio sullo \u201c<em>stato delle conoscenze sugli effetti degli inceneritori dei rifiuti sulla salute umana<\/em>\u201d, che \u00e8 possibile visionare dal sito di Greenpeace <a href=\"http:\/\/www.greenpeace.it\/inquinamento\/incenerimentoesalute.pdf\">http:\/\/www.greenpeace.it\/inquinamento\/incenerimentoesalute.pdf<\/a> . Riassumere i risultati esposti in 111 pagine fitte \u00e8 praticamente impossibile, ma sono gi\u00e0 esaustivi di quanto si pu\u00f2 leggere nelle pagine successive i dati riportati nel \u201c<em>riassunto generale<\/em>\u201d introduttivo delle prime pagine, tra cui la contaminazione da elevate presenza di diossine e mercurio. Secondo lo studio, per chi lavora in un inceneritore la probabilit\u00e0 di mortalit\u00e0 per cancro del polmone \u00e8 \u201c<em>aumentata di un fattore da 3 a 5<\/em>\u201d, per cancro dell\u2019esofago \u00e8 \u201c<em>aumentata di un fattore da 1 a 5<\/em>\u201d, per cancro dell\u2019apparato gastrico \u00e8 \u201c<em>aumentata di un fattore da 2 a 79<\/em>\u201d, a cui aggiungere tra le altre la \u201c<em>mortalit\u00e0 per malattie ischemiche in aumento<\/em>\u201d. Per quanto riguarda le popolazioni che vivono nelle vicinanze degli inceneritori lo studio segnala, tra le altre, la probabilit\u00e0 che l\u2019esposizione alle diossine prodotte abbia aumentato del 27% i casi di persone che sono state colpite dal linfoma non Hodgkin (questo \u00e8 stato rilevato nei pressi di un impianto in Francia), \u201caumento di 6-7 volte della probabilit\u00e0 di mortalit\u00e0 a causa di cancro al polmone\u201d, \u201caumento dell\u2019incidenza di cancro alla laringe\u201d, \u201ceccesso del 37% della mortalit\u00e0 dovuta a cancro del fegato\u201d, \u201caumento di due volte della probabilit\u00e0 di mortalit\u00e0 per cancro nei bambini\u201d. Uno studio condotto nel 1998 sulla popolazione che viveva vicino a due inceneritori in Belgio ha segnalato un \u201caumento da 1 a 26 volte della probabilit\u00e0 di malformazione congenite tra i neonati\u201d.<\/p>\n<p>Una delle motivazioni addotte dai fautori dell\u2019incenerimento \u00e8 l\u2019enorme diminuzione dei rifiuti da smaltire che permetterebbe di chiudere, o comunque ridurre notevolmente, la superficie delle discariche. Non \u00e8 propriamente cos\u00ec: incenerendo i rifiuti il volume, secondo alcuni studi, verrebbe ridotto al massimo del 45%. Per quanto riguarda le discariche, un inceneritore necessita di almeno due discariche a servizio, senza dimenticare che la stessa atmosfera diventa una sorta di \u201cdiscarica\u201d per quel che viene bruciato.<\/p>\n<p>C\u2019\u00e8 poi la questione del conflitto con la raccolta differenziata. L\u2019incenerimento e la raccolta differenziata non possono essere entrambe sostenute, nonostante spesso sentiamo rassicurazioni che lo affermano. Per quanto varie zone d\u2019Italia vivono vere e proprie emergenze e l\u2019enorme mole di rifiuti quotidianamente prodotta non \u00e8 possibile alimentare un ciclo virtuoso dello smaltimento e l\u2019incenerimento contemporaneamente. Segnala Greenpeace, in un post (<a href=\"http:\/\/www.ilfattoquotidiano.it\/2016\/01\/22\/nuovi-inceneritori-le-regioni-fermino-lo-sblocca-italia\/2396605\/\">http:\/\/www.ilfattoquotidiano.it\/2016\/01\/22\/nuovi-inceneritori-le-regioni-fermino-lo-sblocca-italia\/2396605\/<\/a> ) sul blog che l\u2019associazione cura sul sito de Il Fatto Quotidiano, \u00a0che \u201c<em>il <strong>pretrattamento dei rifiuti<\/strong> (la procedura che permette di differenziare ulteriormente i rifiuti) viene infatti <strong>scoraggiato<\/strong> a favore dell\u2019incenerimento<\/em>\u201d e sottolineando che la proposta elaborata dal governo avrebbe \u201c<em>delle drammatiche conseguenze, generando in futuro una paradossale situazione per cui in alcune Regioni si dovrebbe fermare la <strong>raccolta differenziata<\/strong>, pur di garantire materiale da bruciare ai nuovi inceneritori<\/em>\u201d.\u00a0 Non si terrebbe conto \u201c<em>del fatto che i trend di raccolta differenziata in Italia sono in crescita e che, a livello comunitario, vengono approvate normative che vanno esattamente in direzione opposta rispetto alla strada intrapresa dall\u2019Italia<\/em>\u201d. Infatti la Direttiva Europea 98\/2008 impone agli Stati una gestione virtuosa e sostenibile del ciclo dei rifiuti, stabilendo gi\u00e0 nel Preambolo che &#8220;<em>la priorit\u00e0 principale della gestione dei rifiuti dovrebbe essere la prevenzione ed il riutilizzo e il riciclaggio di materiali<\/em>&#8220;, che &#8220;<em>dovrebbero preferirsi alla valorizzazione energetica dei rifiuti<\/em>&#8220;.<\/p>\n<p>Articolo originale:<\/p>\n<p><a href=\"http:\/\/www.qcodemag.it\/2016\/02\/28\/lo-sblocca-italia-e-il-no-agli-inceneritori\/\">http:\/\/www.qcodemag.it\/2016\/02\/28\/lo-sblocca-italia-e-il-no-agli-inceneritori\/<\/a><\/p>\n<p><strong>Alessio Di Florio<\/strong><\/p>\n","protected":false},"excerpt":{"rendered":"<p>\u00a0 \u201cVanno. Vengono\u201d. Si potrebbe citare la canzone \u201cLe Nuvole\u201d di D\u00e9 Andre per gli inceneritori dei rifiuti, progetti che compaiono in programmi di governi, regioni, politici di vari schieramenti negli anni nelle occasioni pi\u00f9 disparate. C\u2019\u00e8 una (spesso pi\u00f9&hellip;<\/p>\n","protected":false},"author":902,"featured_media":217242,"comment_status":"closed","ping_status":"closed","sticky":false,"template":"","format":"standard","meta":{"footnotes":""},"categories":[59,47,162],"tags":[211,3184,4292,12888],"class_list":["post-284432","post","type-post","status-publish","format-standard","has-post-thumbnail","hentry","category-ambiente-ecologia","category-europa","category-opinioni","tag-greenpeace","tag-inceneritori","tag-raccolta-differenziata","tag-sblocca-italia"],"yoast_head":"<!-- This site is optimized with the Yoast SEO plugin v27.1.1 - https:\/\/yoast.com\/product\/yoast-seo-wordpress\/ -->\n<title>Sblocca Italia, perch\u00e9 i territori dicono no agli inceneritori<\/title>\n<meta name=\"description\" content=\"\u00a0 \u201cVanno. Vengono\u201d. Si potrebbe citare la canzone \u201cLe Nuvole\u201d di D\u00e9 Andre per gli inceneritori dei rifiuti, progetti che compaiono in programmi di\" \/>\n<meta name=\"robots\" content=\"index, follow, max-snippet:-1, max-image-preview:large, max-video-preview:-1\" \/>\n<link rel=\"canonical\" href=\"https:\/\/www.pressenza.com\/it\/2016\/02\/sblocca-italia-perche-i-territori-dicono-no-agli-inceneritori\/\" \/>\n<meta property=\"og:locale\" content=\"it_IT\" \/>\n<meta property=\"og:type\" content=\"article\" \/>\n<meta property=\"og:title\" content=\"Sblocca Italia, perch\u00e9 i territori dicono no agli inceneritori\" \/>\n<meta property=\"og:description\" content=\"\u00a0 \u201cVanno. Vengono\u201d. Si potrebbe citare la canzone \u201cLe Nuvole\u201d di D\u00e9 Andre per gli inceneritori dei rifiuti, progetti che compaiono in programmi di\" \/>\n<meta property=\"og:url\" content=\"https:\/\/www.pressenza.com\/it\/2016\/02\/sblocca-italia-perche-i-territori-dicono-no-agli-inceneritori\/\" \/>\n<meta property=\"og:site_name\" content=\"Pressenza\" \/>\n<meta property=\"article:publisher\" content=\"https:\/\/www.facebook.com\/PressenzaItalia\" \/>\n<meta property=\"article:published_time\" content=\"2016-02-28T19:47:03+00:00\" \/>\n<meta property=\"og:image\" content=\"https:\/\/www.pressenza.com\/wp-content\/uploads\/2015\/09\/inceneritore_7708.jpg\" \/>\n\t<meta property=\"og:image:width\" content=\"599\" \/>\n\t<meta property=\"og:image:height\" content=\"337\" \/>\n\t<meta property=\"og:image:type\" content=\"image\/jpeg\" \/>\n<meta name=\"author\" content=\"Alessio Di Florio\" \/>\n<meta name=\"twitter:card\" content=\"summary_large_image\" \/>\n<meta name=\"twitter:creator\" content=\"@PressenzaIPA\" \/>\n<meta name=\"twitter:site\" content=\"@PressenzaIPA\" \/>\n<meta name=\"twitter:label1\" content=\"Scritto da\" \/>\n\t<meta name=\"twitter:data1\" content=\"Alessio Di Florio\" \/>\n\t<meta name=\"twitter:label2\" content=\"Tempo di lettura stimato\" \/>\n\t<meta name=\"twitter:data2\" content=\"4 minuti\" \/>\n<script type=\"application\/ld+json\" class=\"yoast-schema-graph\">{\"@context\":\"https:\/\/schema.org\",\"@graph\":[{\"@type\":\"Article\",\"@id\":\"https:\/\/www.pressenza.com\/it\/2016\/02\/sblocca-italia-perche-i-territori-dicono-no-agli-inceneritori\/#article\",\"isPartOf\":{\"@id\":\"https:\/\/www.pressenza.com\/it\/2016\/02\/sblocca-italia-perche-i-territori-dicono-no-agli-inceneritori\/\"},\"author\":{\"name\":\"Alessio Di Florio\",\"@id\":\"https:\/\/www.pressenza.com\/it\/#\/schema\/person\/727eb83f95962ed83c06040905743f28\"},\"headline\":\"Sblocca Italia, perch\u00e9 i territori dicono no agli inceneritori\",\"datePublished\":\"2016-02-28T19:47:03+00:00\",\"mainEntityOfPage\":{\"@id\":\"https:\/\/www.pressenza.com\/it\/2016\/02\/sblocca-italia-perche-i-territori-dicono-no-agli-inceneritori\/\"},\"wordCount\":863,\"publisher\":{\"@id\":\"https:\/\/www.pressenza.com\/it\/#organization\"},\"image\":{\"@id\":\"https:\/\/www.pressenza.com\/it\/2016\/02\/sblocca-italia-perche-i-territori-dicono-no-agli-inceneritori\/#primaryimage\"},\"thumbnailUrl\":\"https:\/\/www.pressenza.com\/wp-content\/uploads\/2015\/09\/inceneritore_7708.jpg\",\"keywords\":[\"Greenpeace\",\"inceneritori\",\"raccolta differenziata\",\"Sblocca Italia\"],\"articleSection\":[\"Ecologia ed Ambiente\",\"Europa\",\"Opinioni\"],\"inLanguage\":\"it-IT\"},{\"@type\":\"WebPage\",\"@id\":\"https:\/\/www.pressenza.com\/it\/2016\/02\/sblocca-italia-perche-i-territori-dicono-no-agli-inceneritori\/\",\"url\":\"https:\/\/www.pressenza.com\/it\/2016\/02\/sblocca-italia-perche-i-territori-dicono-no-agli-inceneritori\/\",\"name\":\"Sblocca Italia, perch\u00e9 i territori dicono no agli inceneritori\",\"isPartOf\":{\"@id\":\"https:\/\/www.pressenza.com\/it\/#website\"},\"primaryImageOfPage\":{\"@id\":\"https:\/\/www.pressenza.com\/it\/2016\/02\/sblocca-italia-perche-i-territori-dicono-no-agli-inceneritori\/#primaryimage\"},\"image\":{\"@id\":\"https:\/\/www.pressenza.com\/it\/2016\/02\/sblocca-italia-perche-i-territori-dicono-no-agli-inceneritori\/#primaryimage\"},\"thumbnailUrl\":\"https:\/\/www.pressenza.com\/wp-content\/uploads\/2015\/09\/inceneritore_7708.jpg\",\"datePublished\":\"2016-02-28T19:47:03+00:00\",\"description\":\"\u00a0 \u201cVanno. Vengono\u201d. Si potrebbe citare la canzone \u201cLe Nuvole\u201d di D\u00e9 Andre per gli inceneritori dei rifiuti, progetti che compaiono in programmi di\",\"breadcrumb\":{\"@id\":\"https:\/\/www.pressenza.com\/it\/2016\/02\/sblocca-italia-perche-i-territori-dicono-no-agli-inceneritori\/#breadcrumb\"},\"inLanguage\":\"it-IT\",\"potentialAction\":[{\"@type\":\"ReadAction\",\"target\":[\"https:\/\/www.pressenza.com\/it\/2016\/02\/sblocca-italia-perche-i-territori-dicono-no-agli-inceneritori\/\"]}]},{\"@type\":\"ImageObject\",\"inLanguage\":\"it-IT\",\"@id\":\"https:\/\/www.pressenza.com\/it\/2016\/02\/sblocca-italia-perche-i-territori-dicono-no-agli-inceneritori\/#primaryimage\",\"url\":\"https:\/\/www.pressenza.com\/wp-content\/uploads\/2015\/09\/inceneritore_7708.jpg\",\"contentUrl\":\"https:\/\/www.pressenza.com\/wp-content\/uploads\/2015\/09\/inceneritore_7708.jpg\",\"width\":599,\"height\":337,\"caption\":\"inceneritore stop comuni virtuosi\"},{\"@type\":\"BreadcrumbList\",\"@id\":\"https:\/\/www.pressenza.com\/it\/2016\/02\/sblocca-italia-perche-i-territori-dicono-no-agli-inceneritori\/#breadcrumb\",\"itemListElement\":[{\"@type\":\"ListItem\",\"position\":1,\"name\":\"Accueil\",\"item\":\"https:\/\/www.pressenza.com\/it\/\"},{\"@type\":\"ListItem\",\"position\":2,\"name\":\"Sblocca Italia, perch\u00e9 i territori dicono no agli inceneritori\"}]},{\"@type\":\"WebSite\",\"@id\":\"https:\/\/www.pressenza.com\/it\/#website\",\"url\":\"https:\/\/www.pressenza.com\/it\/\",\"name\":\"Pressenza\",\"description\":\"Agenzia di Stampa Internazionale\",\"publisher\":{\"@id\":\"https:\/\/www.pressenza.com\/it\/#organization\"},\"potentialAction\":[{\"@type\":\"SearchAction\",\"target\":{\"@type\":\"EntryPoint\",\"urlTemplate\":\"https:\/\/www.pressenza.com\/it\/?s={search_term_string}\"},\"query-input\":{\"@type\":\"PropertyValueSpecification\",\"valueRequired\":true,\"valueName\":\"search_term_string\"}}],\"inLanguage\":\"it-IT\"},{\"@type\":\"Organization\",\"@id\":\"https:\/\/www.pressenza.com\/it\/#organization\",\"name\":\"Pressenza\",\"url\":\"https:\/\/www.pressenza.com\/it\/\",\"logo\":{\"@type\":\"ImageObject\",\"inLanguage\":\"it-IT\",\"@id\":\"https:\/\/www.pressenza.com\/it\/#\/schema\/logo\/image\/\",\"url\":\"https:\/\/www.pressenza.com\/wp-content\/uploads\/2022\/10\/pressenza_logo_200x200.jpg\",\"contentUrl\":\"https:\/\/www.pressenza.com\/wp-content\/uploads\/2022\/10\/pressenza_logo_200x200.jpg\",\"width\":200,\"height\":200,\"caption\":\"Pressenza\"},\"image\":{\"@id\":\"https:\/\/www.pressenza.com\/it\/#\/schema\/logo\/image\/\"},\"sameAs\":[\"https:\/\/www.facebook.com\/PressenzaItalia\",\"https:\/\/x.com\/PressenzaIPA\"]},{\"@type\":\"Person\",\"@id\":\"https:\/\/www.pressenza.com\/it\/#\/schema\/person\/727eb83f95962ed83c06040905743f28\",\"name\":\"Alessio Di Florio\",\"url\":\"https:\/\/www.pressenza.com\/it\/author\/alessio-di-florio\/\"}]}<\/script>\n<!-- \/ Yoast SEO plugin. -->","yoast_head_json":{"title":"Sblocca Italia, perch\u00e9 i territori dicono no agli inceneritori","description":"\u00a0 \u201cVanno. Vengono\u201d. Si potrebbe citare la canzone \u201cLe Nuvole\u201d di D\u00e9 Andre per gli inceneritori dei rifiuti, progetti che compaiono in programmi di","robots":{"index":"index","follow":"follow","max-snippet":"max-snippet:-1","max-image-preview":"max-image-preview:large","max-video-preview":"max-video-preview:-1"},"canonical":"https:\/\/www.pressenza.com\/it\/2016\/02\/sblocca-italia-perche-i-territori-dicono-no-agli-inceneritori\/","og_locale":"it_IT","og_type":"article","og_title":"Sblocca Italia, perch\u00e9 i territori dicono no agli inceneritori","og_description":"\u00a0 \u201cVanno. Vengono\u201d. Si potrebbe citare la canzone \u201cLe Nuvole\u201d di D\u00e9 Andre per gli inceneritori dei rifiuti, progetti che compaiono in programmi di","og_url":"https:\/\/www.pressenza.com\/it\/2016\/02\/sblocca-italia-perche-i-territori-dicono-no-agli-inceneritori\/","og_site_name":"Pressenza","article_publisher":"https:\/\/www.facebook.com\/PressenzaItalia","article_published_time":"2016-02-28T19:47:03+00:00","og_image":[{"width":599,"height":337,"url":"https:\/\/www.pressenza.com\/wp-content\/uploads\/2015\/09\/inceneritore_7708.jpg","type":"image\/jpeg"}],"author":"Alessio Di Florio","twitter_card":"summary_large_image","twitter_creator":"@PressenzaIPA","twitter_site":"@PressenzaIPA","twitter_misc":{"Scritto da":"Alessio Di Florio","Tempo di lettura stimato":"4 minuti"},"schema":{"@context":"https:\/\/schema.org","@graph":[{"@type":"Article","@id":"https:\/\/www.pressenza.com\/it\/2016\/02\/sblocca-italia-perche-i-territori-dicono-no-agli-inceneritori\/#article","isPartOf":{"@id":"https:\/\/www.pressenza.com\/it\/2016\/02\/sblocca-italia-perche-i-territori-dicono-no-agli-inceneritori\/"},"author":{"name":"Alessio Di Florio","@id":"https:\/\/www.pressenza.com\/it\/#\/schema\/person\/727eb83f95962ed83c06040905743f28"},"headline":"Sblocca Italia, perch\u00e9 i territori dicono no agli inceneritori","datePublished":"2016-02-28T19:47:03+00:00","mainEntityOfPage":{"@id":"https:\/\/www.pressenza.com\/it\/2016\/02\/sblocca-italia-perche-i-territori-dicono-no-agli-inceneritori\/"},"wordCount":863,"publisher":{"@id":"https:\/\/www.pressenza.com\/it\/#organization"},"image":{"@id":"https:\/\/www.pressenza.com\/it\/2016\/02\/sblocca-italia-perche-i-territori-dicono-no-agli-inceneritori\/#primaryimage"},"thumbnailUrl":"https:\/\/www.pressenza.com\/wp-content\/uploads\/2015\/09\/inceneritore_7708.jpg","keywords":["Greenpeace","inceneritori","raccolta differenziata","Sblocca Italia"],"articleSection":["Ecologia ed Ambiente","Europa","Opinioni"],"inLanguage":"it-IT"},{"@type":"WebPage","@id":"https:\/\/www.pressenza.com\/it\/2016\/02\/sblocca-italia-perche-i-territori-dicono-no-agli-inceneritori\/","url":"https:\/\/www.pressenza.com\/it\/2016\/02\/sblocca-italia-perche-i-territori-dicono-no-agli-inceneritori\/","name":"Sblocca Italia, perch\u00e9 i territori dicono no agli inceneritori","isPartOf":{"@id":"https:\/\/www.pressenza.com\/it\/#website"},"primaryImageOfPage":{"@id":"https:\/\/www.pressenza.com\/it\/2016\/02\/sblocca-italia-perche-i-territori-dicono-no-agli-inceneritori\/#primaryimage"},"image":{"@id":"https:\/\/www.pressenza.com\/it\/2016\/02\/sblocca-italia-perche-i-territori-dicono-no-agli-inceneritori\/#primaryimage"},"thumbnailUrl":"https:\/\/www.pressenza.com\/wp-content\/uploads\/2015\/09\/inceneritore_7708.jpg","datePublished":"2016-02-28T19:47:03+00:00","description":"\u00a0 \u201cVanno. Vengono\u201d. Si potrebbe citare la canzone \u201cLe Nuvole\u201d di D\u00e9 Andre per gli inceneritori dei rifiuti, progetti che compaiono in programmi di","breadcrumb":{"@id":"https:\/\/www.pressenza.com\/it\/2016\/02\/sblocca-italia-perche-i-territori-dicono-no-agli-inceneritori\/#breadcrumb"},"inLanguage":"it-IT","potentialAction":[{"@type":"ReadAction","target":["https:\/\/www.pressenza.com\/it\/2016\/02\/sblocca-italia-perche-i-territori-dicono-no-agli-inceneritori\/"]}]},{"@type":"ImageObject","inLanguage":"it-IT","@id":"https:\/\/www.pressenza.com\/it\/2016\/02\/sblocca-italia-perche-i-territori-dicono-no-agli-inceneritori\/#primaryimage","url":"https:\/\/www.pressenza.com\/wp-content\/uploads\/2015\/09\/inceneritore_7708.jpg","contentUrl":"https:\/\/www.pressenza.com\/wp-content\/uploads\/2015\/09\/inceneritore_7708.jpg","width":599,"height":337,"caption":"inceneritore stop comuni virtuosi"},{"@type":"BreadcrumbList","@id":"https:\/\/www.pressenza.com\/it\/2016\/02\/sblocca-italia-perche-i-territori-dicono-no-agli-inceneritori\/#breadcrumb","itemListElement":[{"@type":"ListItem","position":1,"name":"Accueil","item":"https:\/\/www.pressenza.com\/it\/"},{"@type":"ListItem","position":2,"name":"Sblocca Italia, perch\u00e9 i territori dicono no agli inceneritori"}]},{"@type":"WebSite","@id":"https:\/\/www.pressenza.com\/it\/#website","url":"https:\/\/www.pressenza.com\/it\/","name":"Pressenza","description":"Agenzia di Stampa Internazionale","publisher":{"@id":"https:\/\/www.pressenza.com\/it\/#organization"},"potentialAction":[{"@type":"SearchAction","target":{"@type":"EntryPoint","urlTemplate":"https:\/\/www.pressenza.com\/it\/?s={search_term_string}"},"query-input":{"@type":"PropertyValueSpecification","valueRequired":true,"valueName":"search_term_string"}}],"inLanguage":"it-IT"},{"@type":"Organization","@id":"https:\/\/www.pressenza.com\/it\/#organization","name":"Pressenza","url":"https:\/\/www.pressenza.com\/it\/","logo":{"@type":"ImageObject","inLanguage":"it-IT","@id":"https:\/\/www.pressenza.com\/it\/#\/schema\/logo\/image\/","url":"https:\/\/www.pressenza.com\/wp-content\/uploads\/2022\/10\/pressenza_logo_200x200.jpg","contentUrl":"https:\/\/www.pressenza.com\/wp-content\/uploads\/2022\/10\/pressenza_logo_200x200.jpg","width":200,"height":200,"caption":"Pressenza"},"image":{"@id":"https:\/\/www.pressenza.com\/it\/#\/schema\/logo\/image\/"},"sameAs":["https:\/\/www.facebook.com\/PressenzaItalia","https:\/\/x.com\/PressenzaIPA"]},{"@type":"Person","@id":"https:\/\/www.pressenza.com\/it\/#\/schema\/person\/727eb83f95962ed83c06040905743f28","name":"Alessio Di Florio","url":"https:\/\/www.pressenza.com\/it\/author\/alessio-di-florio\/"}]}},"place":"","original_article_url":"","_links":{"self":[{"href":"https:\/\/www.pressenza.com\/it\/wp-json\/wp\/v2\/posts\/284432","targetHints":{"allow":["GET"]}}],"collection":[{"href":"https:\/\/www.pressenza.com\/it\/wp-json\/wp\/v2\/posts"}],"about":[{"href":"https:\/\/www.pressenza.com\/it\/wp-json\/wp\/v2\/types\/post"}],"author":[{"embeddable":true,"href":"https:\/\/www.pressenza.com\/it\/wp-json\/wp\/v2\/users\/902"}],"replies":[{"embeddable":true,"href":"https:\/\/www.pressenza.com\/it\/wp-json\/wp\/v2\/comments?post=284432"}],"version-history":[{"count":0,"href":"https:\/\/www.pressenza.com\/it\/wp-json\/wp\/v2\/posts\/284432\/revisions"}],"wp:featuredmedia":[{"embeddable":true,"href":"https:\/\/www.pressenza.com\/it\/wp-json\/wp\/v2\/media\/217242"}],"wp:attachment":[{"href":"https:\/\/www.pressenza.com\/it\/wp-json\/wp\/v2\/media?parent=284432"}],"wp:term":[{"taxonomy":"category","embeddable":true,"href":"https:\/\/www.pressenza.com\/it\/wp-json\/wp\/v2\/categories?post=284432"},{"taxonomy":"post_tag","embeddable":true,"href":"https:\/\/www.pressenza.com\/it\/wp-json\/wp\/v2\/tags?post=284432"}],"curies":[{"name":"wp","href":"https:\/\/api.w.org\/{rel}","templated":true}]}}