{"id":283484,"date":"2016-02-26T18:24:12","date_gmt":"2016-02-26T18:24:12","guid":{"rendered":"http:\/\/www.pressenza.com\/it\/?p=283484"},"modified":"2016-02-26T18:24:12","modified_gmt":"2016-02-26T18:24:12","slug":"italicum-questione-legittimita","status":"publish","type":"post","link":"https:\/\/www.pressenza.com\/it\/2016\/02\/italicum-questione-legittimita\/","title":{"rendered":"Lamacchia: Italicum, questioni di legittimit\u00e0, vinta la prima di 19 cause"},"content":{"rendered":"<p><em>ll Tribunale di Messina ha accolto la questione di illegittimit\u00e0 costituzionale della legge Italicum, accogliendo in parte le obiezioni costituzionali che\u00a0il Comitato per la democrazia costituzionale sta sottoponendo a vari tribunali di capoluoghi di tutta la penisola.<\/em><\/p>\n<div><em>Abbiamo chiesto di commentare ed approfondire la notizia al Dott.\u00a0Roberto <span class=\"il\">Lamacchia<\/span>, \u00a0presidente di Giuristi Democratici, associazione che aderisce all&#8217;iniziativa.<\/em><\/div>\n<p><strong>Dott. Lamacchia potrebbe riassumere l&#8217;iniziativa che state portando avanti e il suo significato di fondo?<\/strong><\/p>\n<p>Si tratta di far valutare subito alla Corte Costituzionale l\u2019esistenza di una illegittimit\u00e0 costituzionale, sotto diversi profili, a nostro giudizio evidenti, della nuova legge elettorale Italicum, per evitare che, come successo per il Porcellum, la eventuale declaratoria di incostituzionalit\u00e0 arrivi anni dopo e ad elezioni avvenute. Per tale ragione, abbiamo presentato in 19 Tribunali italiani ricorsi simili, sottoscritti da elettori di quel territorio, volti ad affermare il diritto dei cittadini ad esprimere il loro voto secondo Costituzione: per giungere a ci\u00f2, si chiede ai Giudici di quei Tribunali di sollevare la questione di illegittimit\u00e0 costituzionale di parti essenziali dell\u2019Italicum.<br \/>\nI ricorsi sono stati fissati a date molto diverse tra loro, tra febbraio e giugno 2016; la prima causa discussa \u00e8 stata quella avanti il Tribunale di Messina e quel Giudice ha accolto le nostre osservazioni, sollevando questione di illegittimit\u00e0 costituzionale in relazione a sei dei tredici motivi che gli avvocati presentatori di quel ricorso avevano indicato.<br \/>\nMeglio di cos\u00ec!<\/p>\n<p><strong>Come prosegue l&#8217;iniziativa e quali sono le vostre previsioni e i tempi?<\/strong><\/p>\n<p>In attesa che la Corte Costituzionale, ricevuti gli atti da Messina, fissi l\u2019udienza, dovranno essere discusse tutte le altre diciotto cause, rispetto alle quali quei Giudici potrebbero rilevare ulteriori profili di illegittimit\u00e0 costituzionale e rinviare anche loro gli atti alla Consulta che, a quel punto, riunirebbe tutte le questioni sollevate; ma anche se quei Giudici non rilevassero profili di illegittimit\u00e0, la Consulta dovr\u00e0, comunque, pronunciarsi.<br \/>\nQuanto ai tempi, ho letto qualche giorno fa che il nuovo Presidente, Grossi, ha affermato che la Corte ha pochissimo arretrato, onde possiamo sperare in una sollecita fissazione.<\/p>\n<p><strong>Abbiamo da anni un dibattito politico che sembra tener poco da conto dei dettami della Costituzione. Cosa dice di certo la Costituzione in materia di sistemi elettorali?<\/strong><\/p>\n<p>Secondo quanto affermato dalla Corte Costituzionale nella famosa sentenza n. 1\/2014, dichiarativa dell\u2019illegittimit\u00e0 del Porcellum, il sistema elettorale che d\u00e0 le maggiori garanzie di rappresentanza dei cittadini \u00e8 il sistema proporzionale, con possibilit\u00e0 di attribuire preferenze, possibilmente con liste di candidati brevi, in maniera da consentire al cittadino di conoscere i candidati; ha poi aggiunto la Corte che il criterio della governabilit\u00e0 pu\u00f2 consentire qualche deroga all\u2019applicazione rigida del sistema proporzionale, ma deve trattarsi sempre di regole che non alterino la necessaria rappresentativit\u00e0 dei cittadini del Parlamento eletto, in un sistema che tenga assoluto conto del principio \u201cuna testa, un voto\u201d.<br \/>\nQuanto ai dettami della Costituzione, \u00e8 evidente che, in questa fase storica, essi sono sottoposti a violenti attacchi che hanno portato, sino ad ora, alle modifiche costituzionali della Legge Boschi, che saranno sottoposte a referendum popolare, e che, qualora queste passassero, potrebbero indurre l\u2019attuale maggioranza di governo a proporne ulteriori, nel solco di quelle a suo tempo proposte dal governo Berlusconi, quali la modifica dell\u2019art. 41 Cost. che prevede che \u201cL\u2019iniziativa economica privata \u00e8 libera. Non pu\u00f2 svolgersi in contrasto con l\u2019utilit\u00e0 sociale o in modo da recare danno alla sicurezza, alla libert\u00e0, alla dignit\u00e0 umana.\u201d Berlusconi aveva semplicemente proposto di limitare l\u2019art. 41 al primo comma \u201cL\u2019iniziativa economica privata \u00e8 libera\u201d! Se mai passasse una simile riforma, non ci resterebbe che attendere anche la riforma dell\u2019art. 1, comma 1 della nostra Costituzione \u201cL\u2019Italia \u00e8 una Repubblica democratica fondata sul lavoro\u201d: ma perch\u00e9 mai sul lavoro? Abroghiamo!<br \/>\n<!--DOCTY--><\/p>\n","protected":false},"excerpt":{"rendered":"<p>ll Tribunale di Messina ha accolto la questione di illegittimit\u00e0 costituzionale della legge Italicum, accogliendo in parte le obiezioni costituzionali che\u00a0il Comitato per la democrazia costituzionale sta sottoponendo a vari tribunali di capoluoghi di tutta la penisola. Abbiamo chiesto di&hellip;<\/p>\n","protected":false},"author":10,"featured_media":283489,"comment_status":"closed","ping_status":"open","sticky":false,"template":"","format":"standard","meta":{"footnotes":""},"categories":[11388,47,157,55],"tags":[4695,24471,8808,1659,636,24472,24470,24469],"class_list":["post-283484","post","type-post","status-publish","format-standard","has-post-thumbnail","hentry","category-contenuti-originali","category-europa","category-interviste","category-politica","tag-costituzione-italiana","tag-giuristi-democratici","tag-italicum","tag-legge-elettorale","tag-messina","tag-roberto-lamacchia","tag-un-voto","tag-una-testa"],"yoast_head":"<!-- This site is optimized with the Yoast SEO plugin v27.1.1 - https:\/\/yoast.com\/product\/yoast-seo-wordpress\/ -->\n<title>Lamacchia: Italicum, questioni di legittimit\u00e0, vinta la prima di 19 cause<\/title>\n<meta name=\"description\" content=\"ll Tribunale di Messina ha accolto la questione di illegittimit\u00e0 costituzionale della legge Italicum, accogliendo in parte le obiezioni costituzionali\" \/>\n<meta name=\"robots\" content=\"index, follow, max-snippet:-1, max-image-preview:large, max-video-preview:-1\" \/>\n<link rel=\"canonical\" href=\"https:\/\/www.pressenza.com\/it\/2016\/02\/italicum-questione-legittimita\/\" \/>\n<meta property=\"og:locale\" content=\"it_IT\" \/>\n<meta property=\"og:type\" content=\"article\" \/>\n<meta property=\"og:title\" content=\"Lamacchia: Italicum, questioni di legittimit\u00e0, vinta la prima di 19 cause\" \/>\n<meta property=\"og:description\" content=\"ll Tribunale di Messina ha accolto la questione di illegittimit\u00e0 costituzionale della legge Italicum, accogliendo in parte le obiezioni costituzionali\" \/>\n<meta property=\"og:url\" content=\"https:\/\/www.pressenza.com\/it\/2016\/02\/italicum-questione-legittimita\/\" \/>\n<meta property=\"og:site_name\" content=\"Pressenza\" \/>\n<meta property=\"article:publisher\" content=\"https:\/\/www.facebook.com\/PressenzaItalia\" \/>\n<meta property=\"article:published_time\" content=\"2016-02-26T18:24:12+00:00\" \/>\n<meta property=\"og:image\" content=\"https:\/\/www.pressenza.com\/wp-content\/uploads\/2016\/02\/Roberto-Lamacchia.jpg\" \/>\n\t<meta property=\"og:image:width\" content=\"800\" \/>\n\t<meta property=\"og:image:height\" content=\"770\" \/>\n\t<meta property=\"og:image:type\" content=\"image\/jpeg\" \/>\n<meta name=\"author\" content=\"Olivier Turquet\" \/>\n<meta name=\"twitter:card\" content=\"summary_large_image\" \/>\n<meta name=\"twitter:creator\" content=\"@PressenzaIPA\" \/>\n<meta name=\"twitter:site\" content=\"@PressenzaIPA\" \/>\n<meta name=\"twitter:label1\" content=\"Scritto da\" \/>\n\t<meta name=\"twitter:data1\" content=\"Olivier Turquet\" \/>\n\t<meta name=\"twitter:label2\" content=\"Tempo di lettura stimato\" \/>\n\t<meta name=\"twitter:data2\" content=\"3 minuti\" \/>\n<script type=\"application\/ld+json\" class=\"yoast-schema-graph\">{\"@context\":\"https:\/\/schema.org\",\"@graph\":[{\"@type\":\"Article\",\"@id\":\"https:\/\/www.pressenza.com\/it\/2016\/02\/italicum-questione-legittimita\/#article\",\"isPartOf\":{\"@id\":\"https:\/\/www.pressenza.com\/it\/2016\/02\/italicum-questione-legittimita\/\"},\"author\":{\"name\":\"Olivier Turquet\",\"@id\":\"https:\/\/www.pressenza.com\/it\/#\/schema\/person\/636f8feb51f63f34e7378d5fcdd1de53\"},\"headline\":\"Lamacchia: Italicum, questioni di legittimit\u00e0, vinta la prima di 19 cause\",\"datePublished\":\"2016-02-26T18:24:12+00:00\",\"mainEntityOfPage\":{\"@id\":\"https:\/\/www.pressenza.com\/it\/2016\/02\/italicum-questione-legittimita\/\"},\"wordCount\":625,\"publisher\":{\"@id\":\"https:\/\/www.pressenza.com\/it\/#organization\"},\"image\":{\"@id\":\"https:\/\/www.pressenza.com\/it\/2016\/02\/italicum-questione-legittimita\/#primaryimage\"},\"thumbnailUrl\":\"https:\/\/www.pressenza.com\/wp-content\/uploads\/2016\/02\/Roberto-Lamacchia.jpg\",\"keywords\":[\"Costituzione italiana\",\"Giuristi Democratici\",\"Italicum\",\"legge elettorale\",\"Messina\",\"Roberto Lamacchia\",\"un voto\",\"una testa\"],\"articleSection\":[\"contenuti originali\",\"Europa\",\"Interviste\",\"Politica\"],\"inLanguage\":\"it-IT\"},{\"@type\":\"WebPage\",\"@id\":\"https:\/\/www.pressenza.com\/it\/2016\/02\/italicum-questione-legittimita\/\",\"url\":\"https:\/\/www.pressenza.com\/it\/2016\/02\/italicum-questione-legittimita\/\",\"name\":\"Lamacchia: Italicum, questioni di legittimit\u00e0, vinta la prima di 19 cause\",\"isPartOf\":{\"@id\":\"https:\/\/www.pressenza.com\/it\/#website\"},\"primaryImageOfPage\":{\"@id\":\"https:\/\/www.pressenza.com\/it\/2016\/02\/italicum-questione-legittimita\/#primaryimage\"},\"image\":{\"@id\":\"https:\/\/www.pressenza.com\/it\/2016\/02\/italicum-questione-legittimita\/#primaryimage\"},\"thumbnailUrl\":\"https:\/\/www.pressenza.com\/wp-content\/uploads\/2016\/02\/Roberto-Lamacchia.jpg\",\"datePublished\":\"2016-02-26T18:24:12+00:00\",\"description\":\"ll Tribunale di Messina ha accolto la questione di illegittimit\u00e0 costituzionale della legge Italicum, accogliendo in parte le obiezioni costituzionali\",\"breadcrumb\":{\"@id\":\"https:\/\/www.pressenza.com\/it\/2016\/02\/italicum-questione-legittimita\/#breadcrumb\"},\"inLanguage\":\"it-IT\",\"potentialAction\":[{\"@type\":\"ReadAction\",\"target\":[\"https:\/\/www.pressenza.com\/it\/2016\/02\/italicum-questione-legittimita\/\"]}]},{\"@type\":\"ImageObject\",\"inLanguage\":\"it-IT\",\"@id\":\"https:\/\/www.pressenza.com\/it\/2016\/02\/italicum-questione-legittimita\/#primaryimage\",\"url\":\"https:\/\/www.pressenza.com\/wp-content\/uploads\/2016\/02\/Roberto-Lamacchia.jpg\",\"contentUrl\":\"https:\/\/www.pressenza.com\/wp-content\/uploads\/2016\/02\/Roberto-Lamacchia.jpg\",\"width\":800,\"height\":770},{\"@type\":\"BreadcrumbList\",\"@id\":\"https:\/\/www.pressenza.com\/it\/2016\/02\/italicum-questione-legittimita\/#breadcrumb\",\"itemListElement\":[{\"@type\":\"ListItem\",\"position\":1,\"name\":\"Accueil\",\"item\":\"https:\/\/www.pressenza.com\/it\/\"},{\"@type\":\"ListItem\",\"position\":2,\"name\":\"Lamacchia: Italicum, questioni di legittimit\u00e0, vinta la prima di 19 cause\"}]},{\"@type\":\"WebSite\",\"@id\":\"https:\/\/www.pressenza.com\/it\/#website\",\"url\":\"https:\/\/www.pressenza.com\/it\/\",\"name\":\"Pressenza\",\"description\":\"Agenzia di Stampa Internazionale\",\"publisher\":{\"@id\":\"https:\/\/www.pressenza.com\/it\/#organization\"},\"potentialAction\":[{\"@type\":\"SearchAction\",\"target\":{\"@type\":\"EntryPoint\",\"urlTemplate\":\"https:\/\/www.pressenza.com\/it\/?s={search_term_string}\"},\"query-input\":{\"@type\":\"PropertyValueSpecification\",\"valueRequired\":true,\"valueName\":\"search_term_string\"}}],\"inLanguage\":\"it-IT\"},{\"@type\":\"Organization\",\"@id\":\"https:\/\/www.pressenza.com\/it\/#organization\",\"name\":\"Pressenza\",\"url\":\"https:\/\/www.pressenza.com\/it\/\",\"logo\":{\"@type\":\"ImageObject\",\"inLanguage\":\"it-IT\",\"@id\":\"https:\/\/www.pressenza.com\/it\/#\/schema\/logo\/image\/\",\"url\":\"https:\/\/www.pressenza.com\/wp-content\/uploads\/2022\/10\/pressenza_logo_200x200.jpg\",\"contentUrl\":\"https:\/\/www.pressenza.com\/wp-content\/uploads\/2022\/10\/pressenza_logo_200x200.jpg\",\"width\":200,\"height\":200,\"caption\":\"Pressenza\"},\"image\":{\"@id\":\"https:\/\/www.pressenza.com\/it\/#\/schema\/logo\/image\/\"},\"sameAs\":[\"https:\/\/www.facebook.com\/PressenzaItalia\",\"https:\/\/x.com\/PressenzaIPA\"]},{\"@type\":\"Person\",\"@id\":\"https:\/\/www.pressenza.com\/it\/#\/schema\/person\/636f8feb51f63f34e7378d5fcdd1de53\",\"name\":\"Olivier Turquet\",\"description\":\"Takes care of writing to tell the reality for about 40 years. He has worked with paper publications, radio and electronic He founded the electronic news agency humanist Good News. He was press secretary to various events such as: the International Humanist, Florence Play, the World March for Peace and Nonviolence. Currently coordinates the Italian team of Pressenza. olivierturquet.wordpress.com\",\"sameAs\":[\"http:\/\/olivierturquet.wordpress.com\"],\"url\":\"https:\/\/www.pressenza.com\/it\/author\/olivier-turquet\/\"}]}<\/script>\n<!-- \/ Yoast SEO plugin. -->","yoast_head_json":{"title":"Lamacchia: Italicum, questioni di legittimit\u00e0, vinta la prima di 19 cause","description":"ll Tribunale di Messina ha accolto la questione di illegittimit\u00e0 costituzionale della legge Italicum, accogliendo in parte le obiezioni costituzionali","robots":{"index":"index","follow":"follow","max-snippet":"max-snippet:-1","max-image-preview":"max-image-preview:large","max-video-preview":"max-video-preview:-1"},"canonical":"https:\/\/www.pressenza.com\/it\/2016\/02\/italicum-questione-legittimita\/","og_locale":"it_IT","og_type":"article","og_title":"Lamacchia: Italicum, questioni di legittimit\u00e0, vinta la prima di 19 cause","og_description":"ll Tribunale di Messina ha accolto la questione di illegittimit\u00e0 costituzionale della legge Italicum, accogliendo in parte le obiezioni costituzionali","og_url":"https:\/\/www.pressenza.com\/it\/2016\/02\/italicum-questione-legittimita\/","og_site_name":"Pressenza","article_publisher":"https:\/\/www.facebook.com\/PressenzaItalia","article_published_time":"2016-02-26T18:24:12+00:00","og_image":[{"width":800,"height":770,"url":"https:\/\/www.pressenza.com\/wp-content\/uploads\/2016\/02\/Roberto-Lamacchia.jpg","type":"image\/jpeg"}],"author":"Olivier Turquet","twitter_card":"summary_large_image","twitter_creator":"@PressenzaIPA","twitter_site":"@PressenzaIPA","twitter_misc":{"Scritto da":"Olivier Turquet","Tempo di lettura stimato":"3 minuti"},"schema":{"@context":"https:\/\/schema.org","@graph":[{"@type":"Article","@id":"https:\/\/www.pressenza.com\/it\/2016\/02\/italicum-questione-legittimita\/#article","isPartOf":{"@id":"https:\/\/www.pressenza.com\/it\/2016\/02\/italicum-questione-legittimita\/"},"author":{"name":"Olivier Turquet","@id":"https:\/\/www.pressenza.com\/it\/#\/schema\/person\/636f8feb51f63f34e7378d5fcdd1de53"},"headline":"Lamacchia: Italicum, questioni di legittimit\u00e0, vinta la prima di 19 cause","datePublished":"2016-02-26T18:24:12+00:00","mainEntityOfPage":{"@id":"https:\/\/www.pressenza.com\/it\/2016\/02\/italicum-questione-legittimita\/"},"wordCount":625,"publisher":{"@id":"https:\/\/www.pressenza.com\/it\/#organization"},"image":{"@id":"https:\/\/www.pressenza.com\/it\/2016\/02\/italicum-questione-legittimita\/#primaryimage"},"thumbnailUrl":"https:\/\/www.pressenza.com\/wp-content\/uploads\/2016\/02\/Roberto-Lamacchia.jpg","keywords":["Costituzione italiana","Giuristi Democratici","Italicum","legge elettorale","Messina","Roberto Lamacchia","un voto","una testa"],"articleSection":["contenuti originali","Europa","Interviste","Politica"],"inLanguage":"it-IT"},{"@type":"WebPage","@id":"https:\/\/www.pressenza.com\/it\/2016\/02\/italicum-questione-legittimita\/","url":"https:\/\/www.pressenza.com\/it\/2016\/02\/italicum-questione-legittimita\/","name":"Lamacchia: Italicum, questioni di legittimit\u00e0, vinta la prima di 19 cause","isPartOf":{"@id":"https:\/\/www.pressenza.com\/it\/#website"},"primaryImageOfPage":{"@id":"https:\/\/www.pressenza.com\/it\/2016\/02\/italicum-questione-legittimita\/#primaryimage"},"image":{"@id":"https:\/\/www.pressenza.com\/it\/2016\/02\/italicum-questione-legittimita\/#primaryimage"},"thumbnailUrl":"https:\/\/www.pressenza.com\/wp-content\/uploads\/2016\/02\/Roberto-Lamacchia.jpg","datePublished":"2016-02-26T18:24:12+00:00","description":"ll Tribunale di Messina ha accolto la questione di illegittimit\u00e0 costituzionale della legge Italicum, accogliendo in parte le obiezioni costituzionali","breadcrumb":{"@id":"https:\/\/www.pressenza.com\/it\/2016\/02\/italicum-questione-legittimita\/#breadcrumb"},"inLanguage":"it-IT","potentialAction":[{"@type":"ReadAction","target":["https:\/\/www.pressenza.com\/it\/2016\/02\/italicum-questione-legittimita\/"]}]},{"@type":"ImageObject","inLanguage":"it-IT","@id":"https:\/\/www.pressenza.com\/it\/2016\/02\/italicum-questione-legittimita\/#primaryimage","url":"https:\/\/www.pressenza.com\/wp-content\/uploads\/2016\/02\/Roberto-Lamacchia.jpg","contentUrl":"https:\/\/www.pressenza.com\/wp-content\/uploads\/2016\/02\/Roberto-Lamacchia.jpg","width":800,"height":770},{"@type":"BreadcrumbList","@id":"https:\/\/www.pressenza.com\/it\/2016\/02\/italicum-questione-legittimita\/#breadcrumb","itemListElement":[{"@type":"ListItem","position":1,"name":"Accueil","item":"https:\/\/www.pressenza.com\/it\/"},{"@type":"ListItem","position":2,"name":"Lamacchia: Italicum, questioni di legittimit\u00e0, vinta la prima di 19 cause"}]},{"@type":"WebSite","@id":"https:\/\/www.pressenza.com\/it\/#website","url":"https:\/\/www.pressenza.com\/it\/","name":"Pressenza","description":"Agenzia di Stampa Internazionale","publisher":{"@id":"https:\/\/www.pressenza.com\/it\/#organization"},"potentialAction":[{"@type":"SearchAction","target":{"@type":"EntryPoint","urlTemplate":"https:\/\/www.pressenza.com\/it\/?s={search_term_string}"},"query-input":{"@type":"PropertyValueSpecification","valueRequired":true,"valueName":"search_term_string"}}],"inLanguage":"it-IT"},{"@type":"Organization","@id":"https:\/\/www.pressenza.com\/it\/#organization","name":"Pressenza","url":"https:\/\/www.pressenza.com\/it\/","logo":{"@type":"ImageObject","inLanguage":"it-IT","@id":"https:\/\/www.pressenza.com\/it\/#\/schema\/logo\/image\/","url":"https:\/\/www.pressenza.com\/wp-content\/uploads\/2022\/10\/pressenza_logo_200x200.jpg","contentUrl":"https:\/\/www.pressenza.com\/wp-content\/uploads\/2022\/10\/pressenza_logo_200x200.jpg","width":200,"height":200,"caption":"Pressenza"},"image":{"@id":"https:\/\/www.pressenza.com\/it\/#\/schema\/logo\/image\/"},"sameAs":["https:\/\/www.facebook.com\/PressenzaItalia","https:\/\/x.com\/PressenzaIPA"]},{"@type":"Person","@id":"https:\/\/www.pressenza.com\/it\/#\/schema\/person\/636f8feb51f63f34e7378d5fcdd1de53","name":"Olivier Turquet","description":"Takes care of writing to tell the reality for about 40 years. He has worked with paper publications, radio and electronic He founded the electronic news agency humanist Good News. He was press secretary to various events such as: the International Humanist, Florence Play, the World March for Peace and Nonviolence. Currently coordinates the Italian team of Pressenza. olivierturquet.wordpress.com","sameAs":["http:\/\/olivierturquet.wordpress.com"],"url":"https:\/\/www.pressenza.com\/it\/author\/olivier-turquet\/"}]}},"place":"","original_article_url":"","_links":{"self":[{"href":"https:\/\/www.pressenza.com\/it\/wp-json\/wp\/v2\/posts\/283484","targetHints":{"allow":["GET"]}}],"collection":[{"href":"https:\/\/www.pressenza.com\/it\/wp-json\/wp\/v2\/posts"}],"about":[{"href":"https:\/\/www.pressenza.com\/it\/wp-json\/wp\/v2\/types\/post"}],"author":[{"embeddable":true,"href":"https:\/\/www.pressenza.com\/it\/wp-json\/wp\/v2\/users\/10"}],"replies":[{"embeddable":true,"href":"https:\/\/www.pressenza.com\/it\/wp-json\/wp\/v2\/comments?post=283484"}],"version-history":[{"count":0,"href":"https:\/\/www.pressenza.com\/it\/wp-json\/wp\/v2\/posts\/283484\/revisions"}],"wp:featuredmedia":[{"embeddable":true,"href":"https:\/\/www.pressenza.com\/it\/wp-json\/wp\/v2\/media\/283489"}],"wp:attachment":[{"href":"https:\/\/www.pressenza.com\/it\/wp-json\/wp\/v2\/media?parent=283484"}],"wp:term":[{"taxonomy":"category","embeddable":true,"href":"https:\/\/www.pressenza.com\/it\/wp-json\/wp\/v2\/categories?post=283484"},{"taxonomy":"post_tag","embeddable":true,"href":"https:\/\/www.pressenza.com\/it\/wp-json\/wp\/v2\/tags?post=283484"}],"curies":[{"name":"wp","href":"https:\/\/api.w.org\/{rel}","templated":true}]}}