{"id":280292,"date":"2016-02-21T17:25:32","date_gmt":"2016-02-21T17:25:32","guid":{"rendered":"http:\/\/www.pressenza.com\/it\/?p=280292"},"modified":"2016-02-22T15:15:08","modified_gmt":"2016-02-22T15:15:08","slug":"ken-saro-wiva-vive-e-lotta","status":"publish","type":"post","link":"https:\/\/www.pressenza.com\/it\/2016\/02\/ken-saro-wiva-vive-e-lotta\/","title":{"rendered":"Ken Saro-Wiva vive e lotta"},"content":{"rendered":"<p><em>\u201cAccuso la Shell di razzismo, perch\u00e9 quello che fa in Nigeria e nella terra Ogoni non lo farebbe in altre parti del mondo<\/em><em>\u201d<\/em><\/p>\n<p><em>Ken Saro-Wiwa<\/em><\/p>\n<p><em>\u00a0<\/em>Il Delta del Niger \u00e8 una vasta regione della Nigeria, dove la terra continua ad essere distrutta e le popolazioni ad essere sfruttate e uccise.<\/p>\n<p>Un esempio tra tanti, forse il pi\u00f9 grave. Il 9 luglio una squadra di tecnici petroliferi si \u00e8 addentrata in una zona acquitrinosa del delta del fiume Niger, in Nigeria meridionale, per riparare un oleodotto da cui fuoriusciva petrolio. Siamo nello stato di Bayelsa, oleodotto Tebidabe-Clough Creek, nel territorio Ijaw Meridionale. La squadra doveva procedere al \u201c<em>clamping<\/em>\u201d, in sostanza riparare la falla per bloccare lo sversamento: routine. Quel giorno per\u00f2 \u00e8 finita male. Mentre i tecnici erano al lavoro \u00e8 scoppiato un incendio e un\u2019esplosione ha ucciso l\u2019intera squadra, 14 persone. Secondo la stampa locale il botto \u00e8 stato cos\u00ec forte che l\u2019hanno sentito fino a Azuzuama, il pi\u00f9 vicino centro abitato, forse 5 chilometri di distanza. Le vittime sono rimaste intrappolate nell\u2019acquitrino. L\u2019incidente di Azuzuama non \u00e8 certo un caso isolato e ha richiamato l\u2019attenzione sull\u2019 inquinamento negli stati petroliferi del delta nigeriano ed i seri problemi di sicurezza. In questo caso l\u2019oleodotto appartiene alla Naoc, Nigeria Agip Oil Company, l\u2019azienda sussidiaria di propriet\u00e0 dell\u2019italiana Eni. Il rapporto diffuso da Environmental Rights Action (Friends of the Earth Nigeria) parla di flagrante negligenza della Naoc.<\/p>\n<p>Le popolazioni del Delta del Niger per\u00f2 non si arrendono. La lotta iniziata da Ken Saro-Wiwa continua.<\/p>\n<p><a href=\"https:\/\/www.pressenza.com\/it\/2015\/11\/ricordare-ken-saro-wiwa\/\">http:\/\/www.pressenza.com\/it\/2015\/11\/ricordare-ken-saro-wiwa<\/a><\/p>\n<p>La recente decisione del presidente della Nigeria, Muhammadu Buhari, di aumentare la presenza dell\u2019esercito a protezione degli impianti petroliferi nel Delta del Niger, ha suscitato un movimento di protesta e di opposizione da parte della IYC (Ijaw Youth Council, Consiglio della Giovent\u00f9 Ijaw). Il loro portavoce Eric Omare ha dichiarato lo scorso 18 febbraio che IYC ha sempre fatto presente che in molti casi agenti di sicurezza, contrattisti e lavoratori delle stesse imprese petrolifere sono i responsabili delle illegalit\u00e0 che vengono commesse nella regione. Le parole di Omare sono state: \u00abIl Governo Federale con l&#8217;apparato di sicurezza a sua disposizione non pu\u00f2 ignorare questi fatti. Invece di inviare pi\u00f9 truppe che provocano disagi alla popolazione della regione, intimidazioni, vessazioni a innocenti e arresti inutili, dovrebbe raccogliere informazioni di qualit\u00e0 sul ruolo degli agenti di sicurezza, contrattisti e lavoratori delle stesse imprese sugli attacchi agli impianti petroliferi.\u00bb Il portavoce ha inoltre sottolineato che le popolazioni invece di essere vessate dovrebbero essere impegnate a combattere i crimini di cui sono ingiustamente accusate.<\/p>\n<p>Nello stesso tempo stanno aumentando dimostrazioni pro-Biafra. Recenti manifestazioni, organizzate dall\u2019IPOB (Indigneous People of Biafra, Popoli Originari del Biafra) e dall\u2019 APM (Associazione Popoli Minacciati) che manifestavano per la liberazione del direttore di Radio Biafra, Nnamdi Kanu, e a favore dell\u2019indipendenza del Biafra sono state brutalmente represse. Il bilancio \u00e8 pesante. La repressione delle manifestazioni tenute nelle citt\u00e0 di Asabaim e di Enugu nello stato federale del Delta ha causato 30 feriti e 26 arresti. Il 17 gennaio nella regione nigeriana del Biafra, nel sudest del paese, undici persone sono morte durante diverse manifestazioni a causa della violenza delle forze dell&#8217;ordine Durante un&#8217;altra manifestazione, tenuta ad Aba il 18 gennaio, le forze di sicurezza hanno aperto il fuoco sui manifestanti uccidendo altre tre persone.\u00a0Durante un&#8217;altra manifestazione, tenuta ad Aba il 18 gennaio, le forze di sicurezza hanno aperto il fuoco sui manifestanti uccidendo altre tre persone.<\/p>\n<p>Poco tempo fa vi \u00e8 stata la decisione di concentrare l\u2019esercito ad Aba, una citt\u00e0 ad una sessantina di chilometri a nord est di Port Harcourt. Aba \u00e8 considerata il centro del movimento che vuole l\u2019indipendenza del Biafra, che negli ultimi tempi sta crescendo. Gli abitanti del territorio ex Biafra si vedono biafrani e non nigeriani. Significativa la dichiarazione di una donna, Ima Umoh: \u201cNon posso appartenere alla Nigeria. Io sono una vera donna biafrana. Io sono una persona biafrana, che venga il sole, la pioggia o persino se mi puntano una pistola&#8221;.<\/p>\n<p><img loading=\"lazy\" decoding=\"async\" class=\"alignnone size-full wp-image-280295\" src=\"http:\/\/www.pressenza.com\/wp-content\/uploads\/2016\/02\/Biafra.png\" alt=\"Biafra\" width=\"295\" height=\"229\" \/><\/p>\n<p>Ken Saro-Wiwa nella guerra del Biafra scoppiata nel 1967, innanzitutto per le royalties petrolifere, si schier\u00f2 per l\u2019unit\u00e0 della Nigeria. Non vi \u00e8 dubbio che oggi, 2016, Ken, vivo, saprebbe capire le ragioni del popolo biafrano per l\u2019indipendenza del proprio paese.<\/p>\n<p>&nbsp;<\/p>\n<p>&nbsp;<\/p>\n","protected":false},"excerpt":{"rendered":"<p>\u201cAccuso la Shell di razzismo, perch\u00e9 quello che fa in Nigeria e nella terra Ogoni non lo farebbe in altre parti del mondo\u201d Ken Saro-Wiwa \u00a0Il Delta del Niger \u00e8 una vasta regione della Nigeria, dove la terra continua ad&hellip;<\/p>\n","protected":false},"author":1190,"featured_media":280302,"comment_status":"closed","ping_status":"open","sticky":false,"template":"","format":"standard","meta":{"footnotes":""},"categories":[45,61],"tags":[22769,21504,4027,3769,3771],"class_list":["post-280292","post","type-post","status-publish","format-standard","has-post-thumbnail","hentry","category-africa-it","category-popoli-aborigeni","tag-biafra","tag-ken-saro-wiwa","tag-nigeria-it","tag-petrolio","tag-shell-it"],"yoast_head":"<!-- This site is optimized with the Yoast SEO plugin v27.1.1 - https:\/\/yoast.com\/product\/yoast-seo-wordpress\/ -->\n<title>Ken Saro-Wiva vive e lotta<\/title>\n<meta name=\"description\" content=\"\u201cAccuso la Shell di razzismo, perch\u00e9 quello che fa in Nigeria e nella terra Ogoni non lo farebbe in altre parti del mondo\u201d Ken Saro-Wiwa \u00a0Il Delta del\" \/>\n<meta name=\"robots\" content=\"index, follow, max-snippet:-1, max-image-preview:large, max-video-preview:-1\" \/>\n<link rel=\"canonical\" href=\"https:\/\/www.pressenza.com\/it\/2016\/02\/ken-saro-wiva-vive-e-lotta\/\" \/>\n<meta property=\"og:locale\" content=\"it_IT\" \/>\n<meta property=\"og:type\" content=\"article\" \/>\n<meta property=\"og:title\" content=\"Ken Saro-Wiva vive e lotta\" \/>\n<meta property=\"og:description\" content=\"\u201cAccuso la Shell di razzismo, perch\u00e9 quello che fa in Nigeria e nella terra Ogoni non lo farebbe in altre parti del mondo\u201d Ken Saro-Wiwa \u00a0Il Delta del\" \/>\n<meta property=\"og:url\" content=\"https:\/\/www.pressenza.com\/it\/2016\/02\/ken-saro-wiva-vive-e-lotta\/\" \/>\n<meta property=\"og:site_name\" content=\"Pressenza\" \/>\n<meta property=\"article:publisher\" content=\"https:\/\/www.facebook.com\/PressenzaItalia\" \/>\n<meta property=\"article:published_time\" content=\"2016-02-21T17:25:32+00:00\" \/>\n<meta property=\"article:modified_time\" content=\"2016-02-22T15:15:08+00:00\" \/>\n<meta property=\"og:image\" content=\"https:\/\/www.pressenza.com\/wp-content\/uploads\/2016\/02\/nigeria-ken-saro.jpg\" \/>\n\t<meta property=\"og:image:width\" content=\"1200\" \/>\n\t<meta property=\"og:image:height\" content=\"675\" \/>\n\t<meta property=\"og:image:type\" content=\"image\/jpeg\" \/>\n<meta name=\"author\" content=\"Francesco Cecchini\" \/>\n<meta name=\"twitter:card\" content=\"summary_large_image\" \/>\n<meta name=\"twitter:creator\" content=\"@PressenzaIPA\" \/>\n<meta name=\"twitter:site\" content=\"@PressenzaIPA\" \/>\n<meta name=\"twitter:label1\" content=\"Scritto da\" \/>\n\t<meta name=\"twitter:data1\" content=\"Francesco Cecchini\" \/>\n\t<meta name=\"twitter:label2\" content=\"Tempo di lettura stimato\" \/>\n\t<meta name=\"twitter:data2\" content=\"4 minuti\" \/>\n<script type=\"application\/ld+json\" class=\"yoast-schema-graph\">{\"@context\":\"https:\/\/schema.org\",\"@graph\":[{\"@type\":\"Article\",\"@id\":\"https:\/\/www.pressenza.com\/it\/2016\/02\/ken-saro-wiva-vive-e-lotta\/#article\",\"isPartOf\":{\"@id\":\"https:\/\/www.pressenza.com\/it\/2016\/02\/ken-saro-wiva-vive-e-lotta\/\"},\"author\":{\"name\":\"Francesco Cecchini\",\"@id\":\"https:\/\/www.pressenza.com\/it\/#\/schema\/person\/921a58376e7663992b698cbe6e394c53\"},\"headline\":\"Ken Saro-Wiva vive e lotta\",\"datePublished\":\"2016-02-21T17:25:32+00:00\",\"dateModified\":\"2016-02-22T15:15:08+00:00\",\"mainEntityOfPage\":{\"@id\":\"https:\/\/www.pressenza.com\/it\/2016\/02\/ken-saro-wiva-vive-e-lotta\/\"},\"wordCount\":715,\"publisher\":{\"@id\":\"https:\/\/www.pressenza.com\/it\/#organization\"},\"image\":{\"@id\":\"https:\/\/www.pressenza.com\/it\/2016\/02\/ken-saro-wiva-vive-e-lotta\/#primaryimage\"},\"thumbnailUrl\":\"https:\/\/www.pressenza.com\/wp-content\/uploads\/2016\/02\/nigeria-ken-saro.jpg\",\"keywords\":[\"Biafra\",\"Ken Saro-Wiwa\",\"Nigeria\",\"petrolio\",\"Shell\"],\"articleSection\":[\"Africa\",\"Popoli originari\"],\"inLanguage\":\"it-IT\"},{\"@type\":\"WebPage\",\"@id\":\"https:\/\/www.pressenza.com\/it\/2016\/02\/ken-saro-wiva-vive-e-lotta\/\",\"url\":\"https:\/\/www.pressenza.com\/it\/2016\/02\/ken-saro-wiva-vive-e-lotta\/\",\"name\":\"Ken Saro-Wiva vive e lotta\",\"isPartOf\":{\"@id\":\"https:\/\/www.pressenza.com\/it\/#website\"},\"primaryImageOfPage\":{\"@id\":\"https:\/\/www.pressenza.com\/it\/2016\/02\/ken-saro-wiva-vive-e-lotta\/#primaryimage\"},\"image\":{\"@id\":\"https:\/\/www.pressenza.com\/it\/2016\/02\/ken-saro-wiva-vive-e-lotta\/#primaryimage\"},\"thumbnailUrl\":\"https:\/\/www.pressenza.com\/wp-content\/uploads\/2016\/02\/nigeria-ken-saro.jpg\",\"datePublished\":\"2016-02-21T17:25:32+00:00\",\"dateModified\":\"2016-02-22T15:15:08+00:00\",\"description\":\"\u201cAccuso la Shell di razzismo, perch\u00e9 quello che fa in Nigeria e nella terra Ogoni non lo farebbe in altre parti del mondo\u201d Ken Saro-Wiwa \u00a0Il Delta del\",\"breadcrumb\":{\"@id\":\"https:\/\/www.pressenza.com\/it\/2016\/02\/ken-saro-wiva-vive-e-lotta\/#breadcrumb\"},\"inLanguage\":\"it-IT\",\"potentialAction\":[{\"@type\":\"ReadAction\",\"target\":[\"https:\/\/www.pressenza.com\/it\/2016\/02\/ken-saro-wiva-vive-e-lotta\/\"]}]},{\"@type\":\"ImageObject\",\"inLanguage\":\"it-IT\",\"@id\":\"https:\/\/www.pressenza.com\/it\/2016\/02\/ken-saro-wiva-vive-e-lotta\/#primaryimage\",\"url\":\"https:\/\/www.pressenza.com\/wp-content\/uploads\/2016\/02\/nigeria-ken-saro.jpg\",\"contentUrl\":\"https:\/\/www.pressenza.com\/wp-content\/uploads\/2016\/02\/nigeria-ken-saro.jpg\",\"width\":1200,\"height\":675},{\"@type\":\"BreadcrumbList\",\"@id\":\"https:\/\/www.pressenza.com\/it\/2016\/02\/ken-saro-wiva-vive-e-lotta\/#breadcrumb\",\"itemListElement\":[{\"@type\":\"ListItem\",\"position\":1,\"name\":\"Accueil\",\"item\":\"https:\/\/www.pressenza.com\/it\/\"},{\"@type\":\"ListItem\",\"position\":2,\"name\":\"Ken Saro-Wiva vive e lotta\"}]},{\"@type\":\"WebSite\",\"@id\":\"https:\/\/www.pressenza.com\/it\/#website\",\"url\":\"https:\/\/www.pressenza.com\/it\/\",\"name\":\"Pressenza\",\"description\":\"Agenzia di Stampa Internazionale\",\"publisher\":{\"@id\":\"https:\/\/www.pressenza.com\/it\/#organization\"},\"potentialAction\":[{\"@type\":\"SearchAction\",\"target\":{\"@type\":\"EntryPoint\",\"urlTemplate\":\"https:\/\/www.pressenza.com\/it\/?s={search_term_string}\"},\"query-input\":{\"@type\":\"PropertyValueSpecification\",\"valueRequired\":true,\"valueName\":\"search_term_string\"}}],\"inLanguage\":\"it-IT\"},{\"@type\":\"Organization\",\"@id\":\"https:\/\/www.pressenza.com\/it\/#organization\",\"name\":\"Pressenza\",\"url\":\"https:\/\/www.pressenza.com\/it\/\",\"logo\":{\"@type\":\"ImageObject\",\"inLanguage\":\"it-IT\",\"@id\":\"https:\/\/www.pressenza.com\/it\/#\/schema\/logo\/image\/\",\"url\":\"https:\/\/www.pressenza.com\/wp-content\/uploads\/2022\/10\/pressenza_logo_200x200.jpg\",\"contentUrl\":\"https:\/\/www.pressenza.com\/wp-content\/uploads\/2022\/10\/pressenza_logo_200x200.jpg\",\"width\":200,\"height\":200,\"caption\":\"Pressenza\"},\"image\":{\"@id\":\"https:\/\/www.pressenza.com\/it\/#\/schema\/logo\/image\/\"},\"sameAs\":[\"https:\/\/www.facebook.com\/PressenzaItalia\",\"https:\/\/x.com\/PressenzaIPA\"]},{\"@type\":\"Person\",\"@id\":\"https:\/\/www.pressenza.com\/it\/#\/schema\/person\/921a58376e7663992b698cbe6e394c53\",\"name\":\"Francesco Cecchini\",\"url\":\"https:\/\/www.pressenza.com\/it\/author\/francesco-cecchini\/\"}]}<\/script>\n<!-- \/ Yoast SEO plugin. -->","yoast_head_json":{"title":"Ken Saro-Wiva vive e lotta","description":"\u201cAccuso la Shell di razzismo, perch\u00e9 quello che fa in Nigeria e nella terra Ogoni non lo farebbe in altre parti del mondo\u201d Ken Saro-Wiwa \u00a0Il Delta del","robots":{"index":"index","follow":"follow","max-snippet":"max-snippet:-1","max-image-preview":"max-image-preview:large","max-video-preview":"max-video-preview:-1"},"canonical":"https:\/\/www.pressenza.com\/it\/2016\/02\/ken-saro-wiva-vive-e-lotta\/","og_locale":"it_IT","og_type":"article","og_title":"Ken Saro-Wiva vive e lotta","og_description":"\u201cAccuso la Shell di razzismo, perch\u00e9 quello che fa in Nigeria e nella terra Ogoni non lo farebbe in altre parti del mondo\u201d Ken Saro-Wiwa \u00a0Il Delta del","og_url":"https:\/\/www.pressenza.com\/it\/2016\/02\/ken-saro-wiva-vive-e-lotta\/","og_site_name":"Pressenza","article_publisher":"https:\/\/www.facebook.com\/PressenzaItalia","article_published_time":"2016-02-21T17:25:32+00:00","article_modified_time":"2016-02-22T15:15:08+00:00","og_image":[{"width":1200,"height":675,"url":"https:\/\/www.pressenza.com\/wp-content\/uploads\/2016\/02\/nigeria-ken-saro.jpg","type":"image\/jpeg"}],"author":"Francesco Cecchini","twitter_card":"summary_large_image","twitter_creator":"@PressenzaIPA","twitter_site":"@PressenzaIPA","twitter_misc":{"Scritto da":"Francesco Cecchini","Tempo di lettura stimato":"4 minuti"},"schema":{"@context":"https:\/\/schema.org","@graph":[{"@type":"Article","@id":"https:\/\/www.pressenza.com\/it\/2016\/02\/ken-saro-wiva-vive-e-lotta\/#article","isPartOf":{"@id":"https:\/\/www.pressenza.com\/it\/2016\/02\/ken-saro-wiva-vive-e-lotta\/"},"author":{"name":"Francesco Cecchini","@id":"https:\/\/www.pressenza.com\/it\/#\/schema\/person\/921a58376e7663992b698cbe6e394c53"},"headline":"Ken Saro-Wiva vive e lotta","datePublished":"2016-02-21T17:25:32+00:00","dateModified":"2016-02-22T15:15:08+00:00","mainEntityOfPage":{"@id":"https:\/\/www.pressenza.com\/it\/2016\/02\/ken-saro-wiva-vive-e-lotta\/"},"wordCount":715,"publisher":{"@id":"https:\/\/www.pressenza.com\/it\/#organization"},"image":{"@id":"https:\/\/www.pressenza.com\/it\/2016\/02\/ken-saro-wiva-vive-e-lotta\/#primaryimage"},"thumbnailUrl":"https:\/\/www.pressenza.com\/wp-content\/uploads\/2016\/02\/nigeria-ken-saro.jpg","keywords":["Biafra","Ken Saro-Wiwa","Nigeria","petrolio","Shell"],"articleSection":["Africa","Popoli originari"],"inLanguage":"it-IT"},{"@type":"WebPage","@id":"https:\/\/www.pressenza.com\/it\/2016\/02\/ken-saro-wiva-vive-e-lotta\/","url":"https:\/\/www.pressenza.com\/it\/2016\/02\/ken-saro-wiva-vive-e-lotta\/","name":"Ken Saro-Wiva vive e lotta","isPartOf":{"@id":"https:\/\/www.pressenza.com\/it\/#website"},"primaryImageOfPage":{"@id":"https:\/\/www.pressenza.com\/it\/2016\/02\/ken-saro-wiva-vive-e-lotta\/#primaryimage"},"image":{"@id":"https:\/\/www.pressenza.com\/it\/2016\/02\/ken-saro-wiva-vive-e-lotta\/#primaryimage"},"thumbnailUrl":"https:\/\/www.pressenza.com\/wp-content\/uploads\/2016\/02\/nigeria-ken-saro.jpg","datePublished":"2016-02-21T17:25:32+00:00","dateModified":"2016-02-22T15:15:08+00:00","description":"\u201cAccuso la Shell di razzismo, perch\u00e9 quello che fa in Nigeria e nella terra Ogoni non lo farebbe in altre parti del mondo\u201d Ken Saro-Wiwa \u00a0Il Delta del","breadcrumb":{"@id":"https:\/\/www.pressenza.com\/it\/2016\/02\/ken-saro-wiva-vive-e-lotta\/#breadcrumb"},"inLanguage":"it-IT","potentialAction":[{"@type":"ReadAction","target":["https:\/\/www.pressenza.com\/it\/2016\/02\/ken-saro-wiva-vive-e-lotta\/"]}]},{"@type":"ImageObject","inLanguage":"it-IT","@id":"https:\/\/www.pressenza.com\/it\/2016\/02\/ken-saro-wiva-vive-e-lotta\/#primaryimage","url":"https:\/\/www.pressenza.com\/wp-content\/uploads\/2016\/02\/nigeria-ken-saro.jpg","contentUrl":"https:\/\/www.pressenza.com\/wp-content\/uploads\/2016\/02\/nigeria-ken-saro.jpg","width":1200,"height":675},{"@type":"BreadcrumbList","@id":"https:\/\/www.pressenza.com\/it\/2016\/02\/ken-saro-wiva-vive-e-lotta\/#breadcrumb","itemListElement":[{"@type":"ListItem","position":1,"name":"Accueil","item":"https:\/\/www.pressenza.com\/it\/"},{"@type":"ListItem","position":2,"name":"Ken Saro-Wiva vive e lotta"}]},{"@type":"WebSite","@id":"https:\/\/www.pressenza.com\/it\/#website","url":"https:\/\/www.pressenza.com\/it\/","name":"Pressenza","description":"Agenzia di Stampa Internazionale","publisher":{"@id":"https:\/\/www.pressenza.com\/it\/#organization"},"potentialAction":[{"@type":"SearchAction","target":{"@type":"EntryPoint","urlTemplate":"https:\/\/www.pressenza.com\/it\/?s={search_term_string}"},"query-input":{"@type":"PropertyValueSpecification","valueRequired":true,"valueName":"search_term_string"}}],"inLanguage":"it-IT"},{"@type":"Organization","@id":"https:\/\/www.pressenza.com\/it\/#organization","name":"Pressenza","url":"https:\/\/www.pressenza.com\/it\/","logo":{"@type":"ImageObject","inLanguage":"it-IT","@id":"https:\/\/www.pressenza.com\/it\/#\/schema\/logo\/image\/","url":"https:\/\/www.pressenza.com\/wp-content\/uploads\/2022\/10\/pressenza_logo_200x200.jpg","contentUrl":"https:\/\/www.pressenza.com\/wp-content\/uploads\/2022\/10\/pressenza_logo_200x200.jpg","width":200,"height":200,"caption":"Pressenza"},"image":{"@id":"https:\/\/www.pressenza.com\/it\/#\/schema\/logo\/image\/"},"sameAs":["https:\/\/www.facebook.com\/PressenzaItalia","https:\/\/x.com\/PressenzaIPA"]},{"@type":"Person","@id":"https:\/\/www.pressenza.com\/it\/#\/schema\/person\/921a58376e7663992b698cbe6e394c53","name":"Francesco Cecchini","url":"https:\/\/www.pressenza.com\/it\/author\/francesco-cecchini\/"}]}},"place":"","original_article_url":"","_links":{"self":[{"href":"https:\/\/www.pressenza.com\/it\/wp-json\/wp\/v2\/posts\/280292","targetHints":{"allow":["GET"]}}],"collection":[{"href":"https:\/\/www.pressenza.com\/it\/wp-json\/wp\/v2\/posts"}],"about":[{"href":"https:\/\/www.pressenza.com\/it\/wp-json\/wp\/v2\/types\/post"}],"author":[{"embeddable":true,"href":"https:\/\/www.pressenza.com\/it\/wp-json\/wp\/v2\/users\/1190"}],"replies":[{"embeddable":true,"href":"https:\/\/www.pressenza.com\/it\/wp-json\/wp\/v2\/comments?post=280292"}],"version-history":[{"count":0,"href":"https:\/\/www.pressenza.com\/it\/wp-json\/wp\/v2\/posts\/280292\/revisions"}],"wp:featuredmedia":[{"embeddable":true,"href":"https:\/\/www.pressenza.com\/it\/wp-json\/wp\/v2\/media\/280302"}],"wp:attachment":[{"href":"https:\/\/www.pressenza.com\/it\/wp-json\/wp\/v2\/media?parent=280292"}],"wp:term":[{"taxonomy":"category","embeddable":true,"href":"https:\/\/www.pressenza.com\/it\/wp-json\/wp\/v2\/categories?post=280292"},{"taxonomy":"post_tag","embeddable":true,"href":"https:\/\/www.pressenza.com\/it\/wp-json\/wp\/v2\/tags?post=280292"}],"curies":[{"name":"wp","href":"https:\/\/api.w.org\/{rel}","templated":true}]}}