{"id":275610,"date":"2016-02-05T23:29:10","date_gmt":"2016-02-05T23:29:10","guid":{"rendered":"http:\/\/www.pressenza.com\/it\/?p=275610"},"modified":"2016-02-05T23:29:10","modified_gmt":"2016-02-05T23:29:10","slug":"antigone-alfano-non-abbassi-eta-punibile-per-i-minori","status":"publish","type":"post","link":"https:\/\/www.pressenza.com\/it\/2016\/02\/antigone-alfano-non-abbassi-eta-punibile-per-i-minori\/","title":{"rendered":"Antigone: &#8220;Alfano sbaglia, non abbassi l&#8217;et\u00e0 punibile per i minori&#8221;"},"content":{"rendered":"<p><strong>Antigone\/Alfano: Il ministro sbaglia clamorosamente sull&#8217;et\u00e0 punibile per i minorenni. La strada da seguire \u00e8 un&#8217;altra.<\/strong><\/p>\n<p>\u201cNon si tocchi la giustizia minorile, non si abbassi l\u2019et\u00e0 imputabile dei minori. I ragazzi vanno aiutati, non messi in galera\u201d.<br \/>\nA\u00a0dirlo \u00e8 Patrizio Gonnella, presidente di Antigone, in risposta alle parole pronunciate dal ministro degli Interni Alfano secondo il quale &#8220;oggi a 16 anni si conosce esattamente la gravit\u00e0 di un crimine che si compie. C&#8217;\u00e8 una parola di cui non aver paura, repressione. E un&#8217;altra parola, deterrenza: ciascun cittadino, di qualunque et\u00e0, deve aver paura della reazione dello Stato&#8221;.<\/p>\n<p>\u201cLa\u00a0giustizia minorile \u2013 prosegue Gonnella \u2013 deve avere come obiettivo l\u2019interesse del bambino e\u00a0del ragazzo. Lo dicono il diritto internazionale, quello interno, la convenienza sociale, la pedagogia, ma anche il senso morale di noi adulti, consapevoli del grande valore di una vita umana in evoluzione, recuperabile alla societ\u00e0, educabile ai valori fondamentali della convivenza e della vita\u201d.<\/p>\n<p>A tutto questo \u00e8 gi\u00e0 ispirato il sistema italiano della giustizia minorile, un sistema che in molti ci invidiano. \u00c8 questa attenzione che ha permesso di non buttare al macero delle vite, di non\u00a0marchiare a fuoco\u00a0un ragazzo a causa di uno sbaglio commesso, ma piuttosto di aiutarlo a comprendere gli errori e il valore del compiere altre scelte.<br \/>\nE\u2019 questo approccio, essenzialmente educativo, che ha permesso di portare a poco pi\u00f9 di 400 le presenza di ragazzi nelle carceri minorili, a fronte di 20000 di loro nel circuito penale (nelle carceri erano 8.521 nel 1940, 7.100 nel 1950, 2.638 nel 1960, 1.401 nel 1970 e 858 nel 1975).<br \/>\nUn approccio e un modello che non hanno portato ad un aumento della criminalit\u00e0 minorile anzi, \u00e8 vero il contrario. Gli ingressi totali in un anno negli IPM sono passati da 1.888 del 1988 ai 992 del 2014, con un calo del 47,4% nell\u2019intervallo considerato. Segno di un sistema di giustizia che ha funzionato.<\/p>\n<p>&#8220;L\u2019emergenza \u2013 dichiara Gonnella \u2013 non \u00e8 quella penale, ma quella sociale. Per questo le scelte in quest\u2019ultimo ambito devono essere frutto di scelte razionali e non emotive. Per questo la via della repressione, ancor pi\u00f9 verso minori, non pu\u00f2 essere la strada da seguire, sbandierando presunte emergenze sicurezza\u201d.<br \/>\n\u201cAffrontare le difficolt\u00e0 sociali ed economiche, volano per i reati commessi in particolare dai minori, con politiche penali e criminali \u00e8 sempre una sconfitta\u201d sottolinea Patrizio Gonnella.<\/p>\n<p>Proprio alla giustizia minorile Antigone dedicava uno dei punti delle venti proposte presentate al Governo nello scorso giugno. Da questo e non da abbassamenti dell\u2019et\u00e0 punibili bisognerebbe ripartire:<br \/>\n\u201c[\u2026] il legislatore pu\u00f2 ambire \u2013 auspicabilmente in prospettiva di un completo superamento delle carceri minorili \u2013 a una regolamentazione completa e unitaria che tenga conto delle specificit\u00e0 dei bisogni affettivi, educativi, formativi dei ragazzi. La legislazione deve recepire le sollecitazioni pervenute nel tempo dalla Corte Costituzionale. Ogni aspetto della vita detentiva \u2013 dalla disciplina ai benefici premiali, dal vitto al vestiario \u2013 merita un adeguamento all\u2019et\u00e0 giovane del detenuto, considerando che una recente innovazione legislativa ha allargato le competenze degli Ipm fino al compimento del venticinquesimo anno d\u2019et\u00e0. Su quattro innovazioni normative e operative bisogna particolarmente concentrarsi: rapporto dentro-fuori, internet, strutture, staff. Vanno previste modalit\u00e0 innovative di vita ordinaria per i ragazzi ad esempio prevedendo che possano frequentare le scuole del territorio; non deve esserci nessuna preclusione all\u2019uso del web in quanto se cos\u00ec fosse si determinerebbe un muro alla formazione degli stessi e alla loro capacit\u00e0 di inserirsi nel mondo del lavoro; va progettata un\u2019edilizia che non deve assomigliare a un carcere ma a una scuola o a qualcosa di pi\u00f9 aperto (ad esempio senza sbarre alle finestre); va concepito uno staff esperto e qualificato nel lavoro con i ragazzi senza la presenza di poliziotti all\u2019interno dell\u2019istituto. In molti paesi europei le carceri minorili non esistono pi\u00f9 da tempo e l\u2019Italia, che in passato aveva in questa materia un primato di cui andare orgogliosa, oggi potrebbe tornare ad allinearsi alle esperienze pi\u00f9 avanzate\u201d.<\/p>\n<p>\u201cCi\u00f2 che serve \u2013 conclude Gonnella \u2013 \u00e8 un ordinamento penitenziario specifico per i minori al quale, ad oggi, applichiamo ancora le regole penitenziarie previste per gli adulti. Va inoltre respinta la proposta votata alcuni giorni fa dalla Commissione Giustizia della Camera di riforma del Tribunale di famiglia che, tra le altre cose, delegherebbe il governo a sopprimere i Tribunali per i Minorenni e l\u2019ufficio delle Procure Minorili\u201d.<\/p>\n<p>&nbsp;<\/p>\n","protected":false},"excerpt":{"rendered":"<p>Antigone\/Alfano: Il ministro sbaglia clamorosamente sull&#8217;et\u00e0 punibile per i minorenni. La strada da seguire \u00e8 un&#8217;altra. \u201cNon si tocchi la giustizia minorile, non si abbassi l\u2019et\u00e0 imputabile dei minori. I ragazzi vanno aiutati, non messi in galera\u201d. A\u00a0dirlo \u00e8 Patrizio&hellip;<\/p>\n","protected":false},"author":594,"featured_media":275616,"comment_status":"closed","ping_status":"open","sticky":false,"template":"","format":"standard","meta":{"footnotes":""},"categories":[150,60,47,55],"tags":[5951,23897,3344,23899,23898,4499,1451,23896,9209,14884,2115,1119],"class_list":["post-275610","post","type-post","status-publish","format-standard","has-post-thumbnail","hentry","category-comunicati-stampa","category-diritti-umani","category-europa","category-politica","tag-alfano","tag-antigone","tag-carceri","tag-deterrenza","tag-diritti-del-minore","tag-educazione-2","tag-giustizia","tag-giustizia-minorile","tag-governo-renzi","tag-minori","tag-pedagogia","tag-repressione"],"yoast_head":"<!-- This site is optimized with the Yoast SEO plugin v27.1.1 - https:\/\/yoast.com\/product\/yoast-seo-wordpress\/ -->\n<title>Antigone: &quot;Alfano sbaglia, non abbassi l&#039;et\u00e0 punibile per i minori&quot;<\/title>\n<meta name=\"description\" content=\"Antigone\/Alfano: Il ministro sbaglia clamorosamente sull&#039;et\u00e0 punibile per i minorenni. La strada da seguire \u00e8 un&#039;altra. \u201cNon si tocchi la giustizia\" \/>\n<meta name=\"robots\" content=\"index, follow, max-snippet:-1, max-image-preview:large, max-video-preview:-1\" \/>\n<link rel=\"canonical\" href=\"https:\/\/www.pressenza.com\/it\/2016\/02\/antigone-alfano-non-abbassi-eta-punibile-per-i-minori\/\" \/>\n<meta property=\"og:locale\" content=\"it_IT\" \/>\n<meta property=\"og:type\" content=\"article\" \/>\n<meta property=\"og:title\" content=\"Antigone: &quot;Alfano sbaglia, non abbassi l&#039;et\u00e0 punibile per i minori&quot;\" \/>\n<meta property=\"og:description\" content=\"Antigone\/Alfano: Il ministro sbaglia clamorosamente sull&#039;et\u00e0 punibile per i minorenni. La strada da seguire \u00e8 un&#039;altra. \u201cNon si tocchi la giustizia\" \/>\n<meta property=\"og:url\" content=\"https:\/\/www.pressenza.com\/it\/2016\/02\/antigone-alfano-non-abbassi-eta-punibile-per-i-minori\/\" \/>\n<meta property=\"og:site_name\" content=\"Pressenza\" \/>\n<meta property=\"article:publisher\" content=\"https:\/\/www.facebook.com\/PressenzaItalia\" \/>\n<meta property=\"article:author\" content=\"https:\/\/www.facebook.com\/PressenzaItalia\" \/>\n<meta property=\"article:published_time\" content=\"2016-02-05T23:29:10+00:00\" \/>\n<meta property=\"og:image\" content=\"https:\/\/www.pressenza.com\/wp-content\/uploads\/2016\/02\/5289400_Foto_29_Casal_Del_Marmo_20_Nov_2008_Una_detenuta_d-650x330.jpg\" \/>\n\t<meta property=\"og:image:width\" content=\"650\" \/>\n\t<meta property=\"og:image:height\" content=\"330\" \/>\n\t<meta property=\"og:image:type\" content=\"image\/jpeg\" \/>\n<meta name=\"author\" content=\"Redazione Italia\" \/>\n<meta name=\"twitter:card\" content=\"summary_large_image\" \/>\n<meta name=\"twitter:creator\" content=\"@pressenza_it\" \/>\n<meta name=\"twitter:site\" content=\"@PressenzaIPA\" \/>\n<meta name=\"twitter:label1\" content=\"Scritto da\" \/>\n\t<meta name=\"twitter:data1\" content=\"Redazione Italia\" \/>\n\t<meta name=\"twitter:label2\" content=\"Tempo di lettura stimato\" \/>\n\t<meta name=\"twitter:data2\" content=\"4 minuti\" \/>\n<script type=\"application\/ld+json\" class=\"yoast-schema-graph\">{\"@context\":\"https:\/\/schema.org\",\"@graph\":[{\"@type\":\"Article\",\"@id\":\"https:\/\/www.pressenza.com\/it\/2016\/02\/antigone-alfano-non-abbassi-eta-punibile-per-i-minori\/#article\",\"isPartOf\":{\"@id\":\"https:\/\/www.pressenza.com\/it\/2016\/02\/antigone-alfano-non-abbassi-eta-punibile-per-i-minori\/\"},\"author\":{\"name\":\"Redazione Italia\",\"@id\":\"https:\/\/www.pressenza.com\/it\/#\/schema\/person\/d983e81827ae24f2c7b1a2123d197f8d\"},\"headline\":\"Antigone: &#8220;Alfano sbaglia, non abbassi l&#8217;et\u00e0 punibile per i minori&#8221;\",\"datePublished\":\"2016-02-05T23:29:10+00:00\",\"mainEntityOfPage\":{\"@id\":\"https:\/\/www.pressenza.com\/it\/2016\/02\/antigone-alfano-non-abbassi-eta-punibile-per-i-minori\/\"},\"wordCount\":721,\"publisher\":{\"@id\":\"https:\/\/www.pressenza.com\/it\/#organization\"},\"image\":{\"@id\":\"https:\/\/www.pressenza.com\/it\/2016\/02\/antigone-alfano-non-abbassi-eta-punibile-per-i-minori\/#primaryimage\"},\"thumbnailUrl\":\"https:\/\/www.pressenza.com\/wp-content\/uploads\/2016\/02\/5289400_Foto_29_Casal_Del_Marmo_20_Nov_2008_Una_detenuta_d-650x330.jpg\",\"keywords\":[\"Alfano\",\"Antigone\",\"carceri\",\"deterrenza\",\"diritti del minore\",\"educazione\",\"giustizia\",\"giustizia minorile\",\"Governo Renzi\",\"minori\",\"pedagogia\",\"repressione\"],\"articleSection\":[\"Comunicati Stampa\",\"Diritti Umani\",\"Europa\",\"Politica\"],\"inLanguage\":\"it-IT\"},{\"@type\":\"WebPage\",\"@id\":\"https:\/\/www.pressenza.com\/it\/2016\/02\/antigone-alfano-non-abbassi-eta-punibile-per-i-minori\/\",\"url\":\"https:\/\/www.pressenza.com\/it\/2016\/02\/antigone-alfano-non-abbassi-eta-punibile-per-i-minori\/\",\"name\":\"Antigone: \\\"Alfano sbaglia, non abbassi l'et\u00e0 punibile per i minori\\\"\",\"isPartOf\":{\"@id\":\"https:\/\/www.pressenza.com\/it\/#website\"},\"primaryImageOfPage\":{\"@id\":\"https:\/\/www.pressenza.com\/it\/2016\/02\/antigone-alfano-non-abbassi-eta-punibile-per-i-minori\/#primaryimage\"},\"image\":{\"@id\":\"https:\/\/www.pressenza.com\/it\/2016\/02\/antigone-alfano-non-abbassi-eta-punibile-per-i-minori\/#primaryimage\"},\"thumbnailUrl\":\"https:\/\/www.pressenza.com\/wp-content\/uploads\/2016\/02\/5289400_Foto_29_Casal_Del_Marmo_20_Nov_2008_Una_detenuta_d-650x330.jpg\",\"datePublished\":\"2016-02-05T23:29:10+00:00\",\"description\":\"Antigone\/Alfano: Il ministro sbaglia clamorosamente sull'et\u00e0 punibile per i minorenni. La strada da seguire \u00e8 un'altra. \u201cNon si tocchi la giustizia\",\"breadcrumb\":{\"@id\":\"https:\/\/www.pressenza.com\/it\/2016\/02\/antigone-alfano-non-abbassi-eta-punibile-per-i-minori\/#breadcrumb\"},\"inLanguage\":\"it-IT\",\"potentialAction\":[{\"@type\":\"ReadAction\",\"target\":[\"https:\/\/www.pressenza.com\/it\/2016\/02\/antigone-alfano-non-abbassi-eta-punibile-per-i-minori\/\"]}]},{\"@type\":\"ImageObject\",\"inLanguage\":\"it-IT\",\"@id\":\"https:\/\/www.pressenza.com\/it\/2016\/02\/antigone-alfano-non-abbassi-eta-punibile-per-i-minori\/#primaryimage\",\"url\":\"https:\/\/www.pressenza.com\/wp-content\/uploads\/2016\/02\/5289400_Foto_29_Casal_Del_Marmo_20_Nov_2008_Una_detenuta_d-650x330.jpg\",\"contentUrl\":\"https:\/\/www.pressenza.com\/wp-content\/uploads\/2016\/02\/5289400_Foto_29_Casal_Del_Marmo_20_Nov_2008_Una_detenuta_d-650x330.jpg\",\"width\":650,\"height\":330,\"caption\":\"antigone alfano et\u00e0 imputabile minori\"},{\"@type\":\"BreadcrumbList\",\"@id\":\"https:\/\/www.pressenza.com\/it\/2016\/02\/antigone-alfano-non-abbassi-eta-punibile-per-i-minori\/#breadcrumb\",\"itemListElement\":[{\"@type\":\"ListItem\",\"position\":1,\"name\":\"Accueil\",\"item\":\"https:\/\/www.pressenza.com\/it\/\"},{\"@type\":\"ListItem\",\"position\":2,\"name\":\"Antigone: &#8220;Alfano sbaglia, non abbassi l&#8217;et\u00e0 punibile per i minori&#8221;\"}]},{\"@type\":\"WebSite\",\"@id\":\"https:\/\/www.pressenza.com\/it\/#website\",\"url\":\"https:\/\/www.pressenza.com\/it\/\",\"name\":\"Pressenza\",\"description\":\"Agenzia di Stampa Internazionale\",\"publisher\":{\"@id\":\"https:\/\/www.pressenza.com\/it\/#organization\"},\"potentialAction\":[{\"@type\":\"SearchAction\",\"target\":{\"@type\":\"EntryPoint\",\"urlTemplate\":\"https:\/\/www.pressenza.com\/it\/?s={search_term_string}\"},\"query-input\":{\"@type\":\"PropertyValueSpecification\",\"valueRequired\":true,\"valueName\":\"search_term_string\"}}],\"inLanguage\":\"it-IT\"},{\"@type\":\"Organization\",\"@id\":\"https:\/\/www.pressenza.com\/it\/#organization\",\"name\":\"Pressenza\",\"url\":\"https:\/\/www.pressenza.com\/it\/\",\"logo\":{\"@type\":\"ImageObject\",\"inLanguage\":\"it-IT\",\"@id\":\"https:\/\/www.pressenza.com\/it\/#\/schema\/logo\/image\/\",\"url\":\"https:\/\/www.pressenza.com\/wp-content\/uploads\/2022\/10\/pressenza_logo_200x200.jpg\",\"contentUrl\":\"https:\/\/www.pressenza.com\/wp-content\/uploads\/2022\/10\/pressenza_logo_200x200.jpg\",\"width\":200,\"height\":200,\"caption\":\"Pressenza\"},\"image\":{\"@id\":\"https:\/\/www.pressenza.com\/it\/#\/schema\/logo\/image\/\"},\"sameAs\":[\"https:\/\/www.facebook.com\/PressenzaItalia\",\"https:\/\/x.com\/PressenzaIPA\"]},{\"@type\":\"Person\",\"@id\":\"https:\/\/www.pressenza.com\/it\/#\/schema\/person\/d983e81827ae24f2c7b1a2123d197f8d\",\"name\":\"Redazione Italia\",\"description\":\"News from the Pressenza Bureau in Italy\",\"sameAs\":[\"https:\/\/www.pressenza.com\/it\/author\/redazione-italia\/\",\"https:\/\/www.facebook.com\/PressenzaItalia\",\"https:\/\/www.instagram.com\/pressenza_italia\/\",\"https:\/\/x.com\/pressenza_it\",\"https:\/\/www.youtube.com\/channel\/UCSalEIWjE1RSxkwjfftFuqg\"],\"url\":\"https:\/\/www.pressenza.com\/it\/author\/redazione-italia\/\"}]}<\/script>\n<!-- \/ Yoast SEO plugin. -->","yoast_head_json":{"title":"Antigone: \"Alfano sbaglia, non abbassi l'et\u00e0 punibile per i minori\"","description":"Antigone\/Alfano: Il ministro sbaglia clamorosamente sull'et\u00e0 punibile per i minorenni. La strada da seguire \u00e8 un'altra. \u201cNon si tocchi la giustizia","robots":{"index":"index","follow":"follow","max-snippet":"max-snippet:-1","max-image-preview":"max-image-preview:large","max-video-preview":"max-video-preview:-1"},"canonical":"https:\/\/www.pressenza.com\/it\/2016\/02\/antigone-alfano-non-abbassi-eta-punibile-per-i-minori\/","og_locale":"it_IT","og_type":"article","og_title":"Antigone: \"Alfano sbaglia, non abbassi l'et\u00e0 punibile per i minori\"","og_description":"Antigone\/Alfano: Il ministro sbaglia clamorosamente sull'et\u00e0 punibile per i minorenni. La strada da seguire \u00e8 un'altra. \u201cNon si tocchi la giustizia","og_url":"https:\/\/www.pressenza.com\/it\/2016\/02\/antigone-alfano-non-abbassi-eta-punibile-per-i-minori\/","og_site_name":"Pressenza","article_publisher":"https:\/\/www.facebook.com\/PressenzaItalia","article_author":"https:\/\/www.facebook.com\/PressenzaItalia","article_published_time":"2016-02-05T23:29:10+00:00","og_image":[{"width":650,"height":330,"url":"https:\/\/www.pressenza.com\/wp-content\/uploads\/2016\/02\/5289400_Foto_29_Casal_Del_Marmo_20_Nov_2008_Una_detenuta_d-650x330.jpg","type":"image\/jpeg"}],"author":"Redazione Italia","twitter_card":"summary_large_image","twitter_creator":"@pressenza_it","twitter_site":"@PressenzaIPA","twitter_misc":{"Scritto da":"Redazione Italia","Tempo di lettura stimato":"4 minuti"},"schema":{"@context":"https:\/\/schema.org","@graph":[{"@type":"Article","@id":"https:\/\/www.pressenza.com\/it\/2016\/02\/antigone-alfano-non-abbassi-eta-punibile-per-i-minori\/#article","isPartOf":{"@id":"https:\/\/www.pressenza.com\/it\/2016\/02\/antigone-alfano-non-abbassi-eta-punibile-per-i-minori\/"},"author":{"name":"Redazione Italia","@id":"https:\/\/www.pressenza.com\/it\/#\/schema\/person\/d983e81827ae24f2c7b1a2123d197f8d"},"headline":"Antigone: &#8220;Alfano sbaglia, non abbassi l&#8217;et\u00e0 punibile per i minori&#8221;","datePublished":"2016-02-05T23:29:10+00:00","mainEntityOfPage":{"@id":"https:\/\/www.pressenza.com\/it\/2016\/02\/antigone-alfano-non-abbassi-eta-punibile-per-i-minori\/"},"wordCount":721,"publisher":{"@id":"https:\/\/www.pressenza.com\/it\/#organization"},"image":{"@id":"https:\/\/www.pressenza.com\/it\/2016\/02\/antigone-alfano-non-abbassi-eta-punibile-per-i-minori\/#primaryimage"},"thumbnailUrl":"https:\/\/www.pressenza.com\/wp-content\/uploads\/2016\/02\/5289400_Foto_29_Casal_Del_Marmo_20_Nov_2008_Una_detenuta_d-650x330.jpg","keywords":["Alfano","Antigone","carceri","deterrenza","diritti del minore","educazione","giustizia","giustizia minorile","Governo Renzi","minori","pedagogia","repressione"],"articleSection":["Comunicati Stampa","Diritti Umani","Europa","Politica"],"inLanguage":"it-IT"},{"@type":"WebPage","@id":"https:\/\/www.pressenza.com\/it\/2016\/02\/antigone-alfano-non-abbassi-eta-punibile-per-i-minori\/","url":"https:\/\/www.pressenza.com\/it\/2016\/02\/antigone-alfano-non-abbassi-eta-punibile-per-i-minori\/","name":"Antigone: \"Alfano sbaglia, non abbassi l'et\u00e0 punibile per i minori\"","isPartOf":{"@id":"https:\/\/www.pressenza.com\/it\/#website"},"primaryImageOfPage":{"@id":"https:\/\/www.pressenza.com\/it\/2016\/02\/antigone-alfano-non-abbassi-eta-punibile-per-i-minori\/#primaryimage"},"image":{"@id":"https:\/\/www.pressenza.com\/it\/2016\/02\/antigone-alfano-non-abbassi-eta-punibile-per-i-minori\/#primaryimage"},"thumbnailUrl":"https:\/\/www.pressenza.com\/wp-content\/uploads\/2016\/02\/5289400_Foto_29_Casal_Del_Marmo_20_Nov_2008_Una_detenuta_d-650x330.jpg","datePublished":"2016-02-05T23:29:10+00:00","description":"Antigone\/Alfano: Il ministro sbaglia clamorosamente sull'et\u00e0 punibile per i minorenni. La strada da seguire \u00e8 un'altra. \u201cNon si tocchi la giustizia","breadcrumb":{"@id":"https:\/\/www.pressenza.com\/it\/2016\/02\/antigone-alfano-non-abbassi-eta-punibile-per-i-minori\/#breadcrumb"},"inLanguage":"it-IT","potentialAction":[{"@type":"ReadAction","target":["https:\/\/www.pressenza.com\/it\/2016\/02\/antigone-alfano-non-abbassi-eta-punibile-per-i-minori\/"]}]},{"@type":"ImageObject","inLanguage":"it-IT","@id":"https:\/\/www.pressenza.com\/it\/2016\/02\/antigone-alfano-non-abbassi-eta-punibile-per-i-minori\/#primaryimage","url":"https:\/\/www.pressenza.com\/wp-content\/uploads\/2016\/02\/5289400_Foto_29_Casal_Del_Marmo_20_Nov_2008_Una_detenuta_d-650x330.jpg","contentUrl":"https:\/\/www.pressenza.com\/wp-content\/uploads\/2016\/02\/5289400_Foto_29_Casal_Del_Marmo_20_Nov_2008_Una_detenuta_d-650x330.jpg","width":650,"height":330,"caption":"antigone alfano et\u00e0 imputabile minori"},{"@type":"BreadcrumbList","@id":"https:\/\/www.pressenza.com\/it\/2016\/02\/antigone-alfano-non-abbassi-eta-punibile-per-i-minori\/#breadcrumb","itemListElement":[{"@type":"ListItem","position":1,"name":"Accueil","item":"https:\/\/www.pressenza.com\/it\/"},{"@type":"ListItem","position":2,"name":"Antigone: &#8220;Alfano sbaglia, non abbassi l&#8217;et\u00e0 punibile per i minori&#8221;"}]},{"@type":"WebSite","@id":"https:\/\/www.pressenza.com\/it\/#website","url":"https:\/\/www.pressenza.com\/it\/","name":"Pressenza","description":"Agenzia di Stampa Internazionale","publisher":{"@id":"https:\/\/www.pressenza.com\/it\/#organization"},"potentialAction":[{"@type":"SearchAction","target":{"@type":"EntryPoint","urlTemplate":"https:\/\/www.pressenza.com\/it\/?s={search_term_string}"},"query-input":{"@type":"PropertyValueSpecification","valueRequired":true,"valueName":"search_term_string"}}],"inLanguage":"it-IT"},{"@type":"Organization","@id":"https:\/\/www.pressenza.com\/it\/#organization","name":"Pressenza","url":"https:\/\/www.pressenza.com\/it\/","logo":{"@type":"ImageObject","inLanguage":"it-IT","@id":"https:\/\/www.pressenza.com\/it\/#\/schema\/logo\/image\/","url":"https:\/\/www.pressenza.com\/wp-content\/uploads\/2022\/10\/pressenza_logo_200x200.jpg","contentUrl":"https:\/\/www.pressenza.com\/wp-content\/uploads\/2022\/10\/pressenza_logo_200x200.jpg","width":200,"height":200,"caption":"Pressenza"},"image":{"@id":"https:\/\/www.pressenza.com\/it\/#\/schema\/logo\/image\/"},"sameAs":["https:\/\/www.facebook.com\/PressenzaItalia","https:\/\/x.com\/PressenzaIPA"]},{"@type":"Person","@id":"https:\/\/www.pressenza.com\/it\/#\/schema\/person\/d983e81827ae24f2c7b1a2123d197f8d","name":"Redazione Italia","description":"News from the Pressenza Bureau in Italy","sameAs":["https:\/\/www.pressenza.com\/it\/author\/redazione-italia\/","https:\/\/www.facebook.com\/PressenzaItalia","https:\/\/www.instagram.com\/pressenza_italia\/","https:\/\/x.com\/pressenza_it","https:\/\/www.youtube.com\/channel\/UCSalEIWjE1RSxkwjfftFuqg"],"url":"https:\/\/www.pressenza.com\/it\/author\/redazione-italia\/"}]}},"place":"","original_article_url":"","_links":{"self":[{"href":"https:\/\/www.pressenza.com\/it\/wp-json\/wp\/v2\/posts\/275610","targetHints":{"allow":["GET"]}}],"collection":[{"href":"https:\/\/www.pressenza.com\/it\/wp-json\/wp\/v2\/posts"}],"about":[{"href":"https:\/\/www.pressenza.com\/it\/wp-json\/wp\/v2\/types\/post"}],"author":[{"embeddable":true,"href":"https:\/\/www.pressenza.com\/it\/wp-json\/wp\/v2\/users\/594"}],"replies":[{"embeddable":true,"href":"https:\/\/www.pressenza.com\/it\/wp-json\/wp\/v2\/comments?post=275610"}],"version-history":[{"count":0,"href":"https:\/\/www.pressenza.com\/it\/wp-json\/wp\/v2\/posts\/275610\/revisions"}],"wp:featuredmedia":[{"embeddable":true,"href":"https:\/\/www.pressenza.com\/it\/wp-json\/wp\/v2\/media\/275616"}],"wp:attachment":[{"href":"https:\/\/www.pressenza.com\/it\/wp-json\/wp\/v2\/media?parent=275610"}],"wp:term":[{"taxonomy":"category","embeddable":true,"href":"https:\/\/www.pressenza.com\/it\/wp-json\/wp\/v2\/categories?post=275610"},{"taxonomy":"post_tag","embeddable":true,"href":"https:\/\/www.pressenza.com\/it\/wp-json\/wp\/v2\/tags?post=275610"}],"curies":[{"name":"wp","href":"https:\/\/api.w.org\/{rel}","templated":true}]}}