{"id":273801,"date":"2016-02-02T13:10:35","date_gmt":"2016-02-02T13:10:35","guid":{"rendered":"http:\/\/www.pressenza.com\/it\/?p=273801"},"modified":"2016-02-02T13:10:35","modified_gmt":"2016-02-02T13:10:35","slug":"morte-nanni-salio","status":"publish","type":"post","link":"https:\/\/www.pressenza.com\/it\/2016\/02\/morte-nanni-salio\/","title":{"rendered":"In morte di Nanni Salio"},"content":{"rendered":"<p style=\"text-align: left;\" align=\"CENTER\"><em>Riproduciamo l&#8217;annuncio che gli amici del Sereno Regis hanno fatto della partenza di Nanni Salio.<\/em><\/p>\n<p style=\"text-align: left;\" align=\"CENTER\"><em>Ci uniamo, come redazione di Pressenza, all&#8217;omaggio che sta giungendo da ogni parte a una persona buona e valorosa, certi che lo incontreremo ancora nella Citt\u00e0 della Luce, dove di sicuro sta riposando. Lo ricordiamo con questa <a href=\"https:\/\/www.pressenza.com\/it\/2013\/11\/irenea-un-passo-per-sviluppare-la-cultura-della-nonviolenza\/\">intervista<\/a> che fece per Pressenza.<\/em><\/p>\n<p style=\"text-align: left;\" align=\"CENTER\">Gli amici e le amiche del Centro Studi Sereno Regis di Torino comunicano addolorati la perdita del loro Presidente, Nanni Salio, avvenuta nella tarda serata di ieri, luned\u00ec 1 febbraio 2016. Per tanti anni \u00e8 stato infaticabile sostenitore della nonviolenza espressa in tutte le sue forme: dalla riflessione teorica alle manifestazioni di protesta contro la guerra, dalla raccolta di testi e documenti all\u2019avvio di iniziative per la pace: convegni, proiezioni di film, incontri con testimoni\u2026<\/p>\n<p>Nanni \u00e8 stato testimone di pace nei confronti di tutti e di tutte coloro che lo hanno incontrato: al Centro Studi o in occasione delle sue infaticabili visite presso gruppi e associazioni, in Italia e a livello internazionale.<\/p>\n<p>Per chi lo ha conosciuto, al di l\u00e0 dell\u2019ammirazione e del rispetto per la sua enorme preparazione teorica e per la sua coerenza, testimoniata in tante occasioni, resta nel cuore il calore della sua umanit\u00e0, della sua modestia, della sua attenzione per tutte e tutti. Il gruppo di persone che hanno avuto la fortuna di essergli vicine, nel Centro Studi Sereno Regis, condivide un senso di gratitudine per l\u2019accoglienza, il sorriso schivo, l\u2019ascolto profondo con cui Nanni si \u00e8 sempre rivolto a ciascuno e ciascuna, e anche per la sua fiducia incrollabile nella scelta della nonviolenza, nelle sue forme molteplici e creative, come possibilit\u00e0 privilegiata per vivere la propria vita e per operare nella collettivit\u00e0.<\/p>\n<hr \/>\n<p><strong>Il funerale avr\u00e0 luogo gioved\u00ec 4 febbraio alle ore 15.30 presso il Cimitero Monumentale di Torino. La camera ardente sar\u00e0 allestita all\u2019Ospedale Gradenigo, in corso Regina Margherita 8 a partire dalle ore 14 di mercoled\u00ec 3 febbraio fino alle ore 14.45 del giorno successivo.<\/strong><\/p>\n<p><strong>Le socie e i soci, le collaboratrici e i collaboratori aspettano quanti vogliano ricordare Nanni con\u00a0un momento di saluto, condivisione e compresenza presso la sala Poli mercoled\u00ec 3 febbraio dalle ore 20 alle ore 22.<\/strong><\/p>\n<p><strong>Su indicazione della famiglia di Nanni non fiori, ma donazioni al Centro Studi nelle consuete modalit<\/strong><\/p>\n","protected":false},"excerpt":{"rendered":"<p>Riproduciamo l&#8217;annuncio che gli amici del Sereno Regis hanno fatto della partenza di Nanni Salio. Ci uniamo, come redazione di Pressenza, all&#8217;omaggio che sta giungendo da ogni parte a una persona buona e valorosa, certi che lo incontreremo ancora nella&hellip;<\/p>\n","protected":false},"author":766,"featured_media":273804,"comment_status":"closed","ping_status":"open","sticky":false,"template":"","format":"standard","meta":{"footnotes":""},"categories":[20606],"tags":[3461,720,7657,3226],"class_list":["post-273801","post","type-post","status-publish","format-standard","has-post-thumbnail","hentry","category-non-categorizzato","tag-centro-sereno-regis-2","tag-movimento-nonviolento","tag-nanni-salio","tag-torino"],"yoast_head":"<!-- This site is optimized with the Yoast SEO plugin v27.1.1 - https:\/\/yoast.com\/product\/yoast-seo-wordpress\/ -->\n<title>In morte di Nanni Salio<\/title>\n<meta name=\"description\" content=\"Riproduciamo l&#039;annuncio che gli amici del Sereno Regis hanno fatto della partenza di Nanni Salio. Ci uniamo, come redazione di Pressenza, all&#039;omaggio che\" \/>\n<meta name=\"robots\" content=\"index, follow, max-snippet:-1, max-image-preview:large, max-video-preview:-1\" \/>\n<link rel=\"canonical\" href=\"https:\/\/www.pressenza.com\/it\/2016\/02\/morte-nanni-salio\/\" \/>\n<meta property=\"og:locale\" content=\"it_IT\" \/>\n<meta property=\"og:type\" content=\"article\" \/>\n<meta property=\"og:title\" content=\"In morte di Nanni Salio\" \/>\n<meta property=\"og:description\" content=\"Riproduciamo l&#039;annuncio che gli amici del Sereno Regis hanno fatto della partenza di Nanni Salio. Ci uniamo, come redazione di Pressenza, all&#039;omaggio che\" \/>\n<meta property=\"og:url\" content=\"https:\/\/www.pressenza.com\/it\/2016\/02\/morte-nanni-salio\/\" \/>\n<meta property=\"og:site_name\" content=\"Pressenza\" \/>\n<meta property=\"article:publisher\" content=\"https:\/\/www.facebook.com\/PressenzaItalia\" \/>\n<meta property=\"article:author\" content=\"https:\/\/www.facebook.com\/serenoregis\" \/>\n<meta property=\"article:published_time\" content=\"2016-02-02T13:10:35+00:00\" \/>\n<meta property=\"og:image\" content=\"https:\/\/www.pressenza.com\/wp-content\/uploads\/2016\/02\/Nanni-Salio-Kailash-600x503.jpg\" \/>\n\t<meta property=\"og:image:width\" content=\"600\" \/>\n\t<meta property=\"og:image:height\" content=\"503\" \/>\n\t<meta property=\"og:image:type\" content=\"image\/jpeg\" \/>\n<meta name=\"author\" content=\"Centro Sereno Regis\" \/>\n<meta name=\"twitter:card\" content=\"summary_large_image\" \/>\n<meta name=\"twitter:creator\" content=\"@Sereno_Regis\" \/>\n<meta name=\"twitter:site\" content=\"@PressenzaIPA\" \/>\n<meta name=\"twitter:label1\" content=\"Scritto da\" \/>\n\t<meta name=\"twitter:data1\" content=\"Centro Sereno Regis\" \/>\n\t<meta name=\"twitter:label2\" content=\"Tempo di lettura stimato\" \/>\n\t<meta name=\"twitter:data2\" content=\"2 minuti\" \/>\n<script type=\"application\/ld+json\" class=\"yoast-schema-graph\">{\"@context\":\"https:\/\/schema.org\",\"@graph\":[{\"@type\":\"Article\",\"@id\":\"https:\/\/www.pressenza.com\/it\/2016\/02\/morte-nanni-salio\/#article\",\"isPartOf\":{\"@id\":\"https:\/\/www.pressenza.com\/it\/2016\/02\/morte-nanni-salio\/\"},\"author\":{\"name\":\"Centro Sereno Regis\",\"@id\":\"https:\/\/www.pressenza.com\/it\/#\/schema\/person\/d8d4bb868e9033b87b22f9ac47dfc5d3\"},\"headline\":\"In morte di Nanni Salio\",\"datePublished\":\"2016-02-02T13:10:35+00:00\",\"mainEntityOfPage\":{\"@id\":\"https:\/\/www.pressenza.com\/it\/2016\/02\/morte-nanni-salio\/\"},\"wordCount\":379,\"publisher\":{\"@id\":\"https:\/\/www.pressenza.com\/it\/#organization\"},\"image\":{\"@id\":\"https:\/\/www.pressenza.com\/it\/2016\/02\/morte-nanni-salio\/#primaryimage\"},\"thumbnailUrl\":\"https:\/\/www.pressenza.com\/wp-content\/uploads\/2016\/02\/Nanni-Salio-Kailash-600x503.jpg\",\"keywords\":[\"Centro Sereno Regis\",\"Movimento Nonviolento\",\"Nanni Salio\",\"Torino\"],\"articleSection\":[\"non categorizzato\"],\"inLanguage\":\"it-IT\"},{\"@type\":\"WebPage\",\"@id\":\"https:\/\/www.pressenza.com\/it\/2016\/02\/morte-nanni-salio\/\",\"url\":\"https:\/\/www.pressenza.com\/it\/2016\/02\/morte-nanni-salio\/\",\"name\":\"In morte di Nanni Salio\",\"isPartOf\":{\"@id\":\"https:\/\/www.pressenza.com\/it\/#website\"},\"primaryImageOfPage\":{\"@id\":\"https:\/\/www.pressenza.com\/it\/2016\/02\/morte-nanni-salio\/#primaryimage\"},\"image\":{\"@id\":\"https:\/\/www.pressenza.com\/it\/2016\/02\/morte-nanni-salio\/#primaryimage\"},\"thumbnailUrl\":\"https:\/\/www.pressenza.com\/wp-content\/uploads\/2016\/02\/Nanni-Salio-Kailash-600x503.jpg\",\"datePublished\":\"2016-02-02T13:10:35+00:00\",\"description\":\"Riproduciamo l'annuncio che gli amici del Sereno Regis hanno fatto della partenza di Nanni Salio. Ci uniamo, come redazione di Pressenza, all'omaggio che\",\"breadcrumb\":{\"@id\":\"https:\/\/www.pressenza.com\/it\/2016\/02\/morte-nanni-salio\/#breadcrumb\"},\"inLanguage\":\"it-IT\",\"potentialAction\":[{\"@type\":\"ReadAction\",\"target\":[\"https:\/\/www.pressenza.com\/it\/2016\/02\/morte-nanni-salio\/\"]}]},{\"@type\":\"ImageObject\",\"inLanguage\":\"it-IT\",\"@id\":\"https:\/\/www.pressenza.com\/it\/2016\/02\/morte-nanni-salio\/#primaryimage\",\"url\":\"https:\/\/www.pressenza.com\/wp-content\/uploads\/2016\/02\/Nanni-Salio-Kailash-600x503.jpg\",\"contentUrl\":\"https:\/\/www.pressenza.com\/wp-content\/uploads\/2016\/02\/Nanni-Salio-Kailash-600x503.jpg\",\"width\":600,\"height\":503},{\"@type\":\"BreadcrumbList\",\"@id\":\"https:\/\/www.pressenza.com\/it\/2016\/02\/morte-nanni-salio\/#breadcrumb\",\"itemListElement\":[{\"@type\":\"ListItem\",\"position\":1,\"name\":\"Accueil\",\"item\":\"https:\/\/www.pressenza.com\/it\/\"},{\"@type\":\"ListItem\",\"position\":2,\"name\":\"In morte di Nanni Salio\"}]},{\"@type\":\"WebSite\",\"@id\":\"https:\/\/www.pressenza.com\/it\/#website\",\"url\":\"https:\/\/www.pressenza.com\/it\/\",\"name\":\"Pressenza\",\"description\":\"Agenzia di Stampa Internazionale\",\"publisher\":{\"@id\":\"https:\/\/www.pressenza.com\/it\/#organization\"},\"potentialAction\":[{\"@type\":\"SearchAction\",\"target\":{\"@type\":\"EntryPoint\",\"urlTemplate\":\"https:\/\/www.pressenza.com\/it\/?s={search_term_string}\"},\"query-input\":{\"@type\":\"PropertyValueSpecification\",\"valueRequired\":true,\"valueName\":\"search_term_string\"}}],\"inLanguage\":\"it-IT\"},{\"@type\":\"Organization\",\"@id\":\"https:\/\/www.pressenza.com\/it\/#organization\",\"name\":\"Pressenza\",\"url\":\"https:\/\/www.pressenza.com\/it\/\",\"logo\":{\"@type\":\"ImageObject\",\"inLanguage\":\"it-IT\",\"@id\":\"https:\/\/www.pressenza.com\/it\/#\/schema\/logo\/image\/\",\"url\":\"https:\/\/www.pressenza.com\/wp-content\/uploads\/2022\/10\/pressenza_logo_200x200.jpg\",\"contentUrl\":\"https:\/\/www.pressenza.com\/wp-content\/uploads\/2022\/10\/pressenza_logo_200x200.jpg\",\"width\":200,\"height\":200,\"caption\":\"Pressenza\"},\"image\":{\"@id\":\"https:\/\/www.pressenza.com\/it\/#\/schema\/logo\/image\/\"},\"sameAs\":[\"https:\/\/www.facebook.com\/PressenzaItalia\",\"https:\/\/x.com\/PressenzaIPA\"]},{\"@type\":\"Person\",\"@id\":\"https:\/\/www.pressenza.com\/it\/#\/schema\/person\/d8d4bb868e9033b87b22f9ac47dfc5d3\",\"name\":\"Centro Sereno Regis\",\"description\":\"Il Centro Studi Sereno Regis \u00e8 una ONLUS (Organizzazione Non Lucrativa di Utilit\u00e0 Sociale) che promuove programmi di ricerca, educazione e azione sui temi della partecipazione politica, della difesa popolare nonviolenta, dell\u2019educazione alla pace e all\u2019interculturalit\u00e0, della trasformazione nonviolenta dei conflitti, dei modelli di sviluppo, delle energie rinnovabili e dell\u2019ecologia. Il Centro Studi \u00e8 stato costituito nel 1982 su iniziativa del Movimento Internazionale della Riconciliazione (MIR) e del Movimento Nonviolento (MN), attivi nella nostra regione sin dalla seconda met\u00e0 degli anni \u201960. serenoregis.org\/\",\"sameAs\":[\"https:\/\/www.facebook.com\/serenoregis\",\"https:\/\/x.com\/Sereno_Regis\"],\"url\":\"https:\/\/www.pressenza.com\/it\/author\/centro-sereno-regis\/\"}]}<\/script>\n<!-- \/ Yoast SEO plugin. -->","yoast_head_json":{"title":"In morte di Nanni Salio","description":"Riproduciamo l'annuncio che gli amici del Sereno Regis hanno fatto della partenza di Nanni Salio. Ci uniamo, come redazione di Pressenza, all'omaggio che","robots":{"index":"index","follow":"follow","max-snippet":"max-snippet:-1","max-image-preview":"max-image-preview:large","max-video-preview":"max-video-preview:-1"},"canonical":"https:\/\/www.pressenza.com\/it\/2016\/02\/morte-nanni-salio\/","og_locale":"it_IT","og_type":"article","og_title":"In morte di Nanni Salio","og_description":"Riproduciamo l'annuncio che gli amici del Sereno Regis hanno fatto della partenza di Nanni Salio. Ci uniamo, come redazione di Pressenza, all'omaggio che","og_url":"https:\/\/www.pressenza.com\/it\/2016\/02\/morte-nanni-salio\/","og_site_name":"Pressenza","article_publisher":"https:\/\/www.facebook.com\/PressenzaItalia","article_author":"https:\/\/www.facebook.com\/serenoregis","article_published_time":"2016-02-02T13:10:35+00:00","og_image":[{"width":600,"height":503,"url":"https:\/\/www.pressenza.com\/wp-content\/uploads\/2016\/02\/Nanni-Salio-Kailash-600x503.jpg","type":"image\/jpeg"}],"author":"Centro Sereno Regis","twitter_card":"summary_large_image","twitter_creator":"@Sereno_Regis","twitter_site":"@PressenzaIPA","twitter_misc":{"Scritto da":"Centro Sereno Regis","Tempo di lettura stimato":"2 minuti"},"schema":{"@context":"https:\/\/schema.org","@graph":[{"@type":"Article","@id":"https:\/\/www.pressenza.com\/it\/2016\/02\/morte-nanni-salio\/#article","isPartOf":{"@id":"https:\/\/www.pressenza.com\/it\/2016\/02\/morte-nanni-salio\/"},"author":{"name":"Centro Sereno Regis","@id":"https:\/\/www.pressenza.com\/it\/#\/schema\/person\/d8d4bb868e9033b87b22f9ac47dfc5d3"},"headline":"In morte di Nanni Salio","datePublished":"2016-02-02T13:10:35+00:00","mainEntityOfPage":{"@id":"https:\/\/www.pressenza.com\/it\/2016\/02\/morte-nanni-salio\/"},"wordCount":379,"publisher":{"@id":"https:\/\/www.pressenza.com\/it\/#organization"},"image":{"@id":"https:\/\/www.pressenza.com\/it\/2016\/02\/morte-nanni-salio\/#primaryimage"},"thumbnailUrl":"https:\/\/www.pressenza.com\/wp-content\/uploads\/2016\/02\/Nanni-Salio-Kailash-600x503.jpg","keywords":["Centro Sereno Regis","Movimento Nonviolento","Nanni Salio","Torino"],"articleSection":["non categorizzato"],"inLanguage":"it-IT"},{"@type":"WebPage","@id":"https:\/\/www.pressenza.com\/it\/2016\/02\/morte-nanni-salio\/","url":"https:\/\/www.pressenza.com\/it\/2016\/02\/morte-nanni-salio\/","name":"In morte di Nanni Salio","isPartOf":{"@id":"https:\/\/www.pressenza.com\/it\/#website"},"primaryImageOfPage":{"@id":"https:\/\/www.pressenza.com\/it\/2016\/02\/morte-nanni-salio\/#primaryimage"},"image":{"@id":"https:\/\/www.pressenza.com\/it\/2016\/02\/morte-nanni-salio\/#primaryimage"},"thumbnailUrl":"https:\/\/www.pressenza.com\/wp-content\/uploads\/2016\/02\/Nanni-Salio-Kailash-600x503.jpg","datePublished":"2016-02-02T13:10:35+00:00","description":"Riproduciamo l'annuncio che gli amici del Sereno Regis hanno fatto della partenza di Nanni Salio. Ci uniamo, come redazione di Pressenza, all'omaggio che","breadcrumb":{"@id":"https:\/\/www.pressenza.com\/it\/2016\/02\/morte-nanni-salio\/#breadcrumb"},"inLanguage":"it-IT","potentialAction":[{"@type":"ReadAction","target":["https:\/\/www.pressenza.com\/it\/2016\/02\/morte-nanni-salio\/"]}]},{"@type":"ImageObject","inLanguage":"it-IT","@id":"https:\/\/www.pressenza.com\/it\/2016\/02\/morte-nanni-salio\/#primaryimage","url":"https:\/\/www.pressenza.com\/wp-content\/uploads\/2016\/02\/Nanni-Salio-Kailash-600x503.jpg","contentUrl":"https:\/\/www.pressenza.com\/wp-content\/uploads\/2016\/02\/Nanni-Salio-Kailash-600x503.jpg","width":600,"height":503},{"@type":"BreadcrumbList","@id":"https:\/\/www.pressenza.com\/it\/2016\/02\/morte-nanni-salio\/#breadcrumb","itemListElement":[{"@type":"ListItem","position":1,"name":"Accueil","item":"https:\/\/www.pressenza.com\/it\/"},{"@type":"ListItem","position":2,"name":"In morte di Nanni Salio"}]},{"@type":"WebSite","@id":"https:\/\/www.pressenza.com\/it\/#website","url":"https:\/\/www.pressenza.com\/it\/","name":"Pressenza","description":"Agenzia di Stampa Internazionale","publisher":{"@id":"https:\/\/www.pressenza.com\/it\/#organization"},"potentialAction":[{"@type":"SearchAction","target":{"@type":"EntryPoint","urlTemplate":"https:\/\/www.pressenza.com\/it\/?s={search_term_string}"},"query-input":{"@type":"PropertyValueSpecification","valueRequired":true,"valueName":"search_term_string"}}],"inLanguage":"it-IT"},{"@type":"Organization","@id":"https:\/\/www.pressenza.com\/it\/#organization","name":"Pressenza","url":"https:\/\/www.pressenza.com\/it\/","logo":{"@type":"ImageObject","inLanguage":"it-IT","@id":"https:\/\/www.pressenza.com\/it\/#\/schema\/logo\/image\/","url":"https:\/\/www.pressenza.com\/wp-content\/uploads\/2022\/10\/pressenza_logo_200x200.jpg","contentUrl":"https:\/\/www.pressenza.com\/wp-content\/uploads\/2022\/10\/pressenza_logo_200x200.jpg","width":200,"height":200,"caption":"Pressenza"},"image":{"@id":"https:\/\/www.pressenza.com\/it\/#\/schema\/logo\/image\/"},"sameAs":["https:\/\/www.facebook.com\/PressenzaItalia","https:\/\/x.com\/PressenzaIPA"]},{"@type":"Person","@id":"https:\/\/www.pressenza.com\/it\/#\/schema\/person\/d8d4bb868e9033b87b22f9ac47dfc5d3","name":"Centro Sereno Regis","description":"Il Centro Studi Sereno Regis \u00e8 una ONLUS (Organizzazione Non Lucrativa di Utilit\u00e0 Sociale) che promuove programmi di ricerca, educazione e azione sui temi della partecipazione politica, della difesa popolare nonviolenta, dell\u2019educazione alla pace e all\u2019interculturalit\u00e0, della trasformazione nonviolenta dei conflitti, dei modelli di sviluppo, delle energie rinnovabili e dell\u2019ecologia. Il Centro Studi \u00e8 stato costituito nel 1982 su iniziativa del Movimento Internazionale della Riconciliazione (MIR) e del Movimento Nonviolento (MN), attivi nella nostra regione sin dalla seconda met\u00e0 degli anni \u201960. serenoregis.org\/","sameAs":["https:\/\/www.facebook.com\/serenoregis","https:\/\/x.com\/Sereno_Regis"],"url":"https:\/\/www.pressenza.com\/it\/author\/centro-sereno-regis\/"}]}},"place":"","original_article_url":"","_links":{"self":[{"href":"https:\/\/www.pressenza.com\/it\/wp-json\/wp\/v2\/posts\/273801","targetHints":{"allow":["GET"]}}],"collection":[{"href":"https:\/\/www.pressenza.com\/it\/wp-json\/wp\/v2\/posts"}],"about":[{"href":"https:\/\/www.pressenza.com\/it\/wp-json\/wp\/v2\/types\/post"}],"author":[{"embeddable":true,"href":"https:\/\/www.pressenza.com\/it\/wp-json\/wp\/v2\/users\/766"}],"replies":[{"embeddable":true,"href":"https:\/\/www.pressenza.com\/it\/wp-json\/wp\/v2\/comments?post=273801"}],"version-history":[{"count":0,"href":"https:\/\/www.pressenza.com\/it\/wp-json\/wp\/v2\/posts\/273801\/revisions"}],"wp:featuredmedia":[{"embeddable":true,"href":"https:\/\/www.pressenza.com\/it\/wp-json\/wp\/v2\/media\/273804"}],"wp:attachment":[{"href":"https:\/\/www.pressenza.com\/it\/wp-json\/wp\/v2\/media?parent=273801"}],"wp:term":[{"taxonomy":"category","embeddable":true,"href":"https:\/\/www.pressenza.com\/it\/wp-json\/wp\/v2\/categories?post=273801"},{"taxonomy":"post_tag","embeddable":true,"href":"https:\/\/www.pressenza.com\/it\/wp-json\/wp\/v2\/tags?post=273801"}],"curies":[{"name":"wp","href":"https:\/\/api.w.org\/{rel}","templated":true}]}}