{"id":273654,"date":"2016-02-01T19:04:46","date_gmt":"2016-02-01T19:04:46","guid":{"rendered":"http:\/\/www.pressenza.com\/it\/?p=273654"},"modified":"2016-02-01T19:04:46","modified_gmt":"2016-02-01T19:04:46","slug":"massacro-di-curuguaty-processo-o-annullamento","status":"publish","type":"post","link":"https:\/\/www.pressenza.com\/it\/2016\/02\/massacro-di-curuguaty-processo-o-annullamento\/","title":{"rendered":"Massacro di Curuguaty: processo o annullamento"},"content":{"rendered":"<p><em>\u201cScrivere non significa trasformare il reale in parola, ma far s\u00ec che la parola diventi reale.\u201d<\/em><\/p>\n<p><strong>Augusto Roa Bastos,<\/strong> scrittore paraguaiano, che chiam\u00f2 il suo paese una isola circondata da terra.<\/p>\n<p>Il processo ai <em>campesinos<\/em>, accusati ingiustamente del massacro di Curuguaty, avvenuto il 15 giugno 2012, \u00e8 continuato durante il mese di gennaio ad Asunci\u00f3n, Paraguay. Da quando \u00e8 iniziato, il luglio scorso, vi sono state oltre una ventina di interruzioni. Riprender\u00e0 il 3 febbraio prossimo.<br \/>\nCrescono anche le prese di posizioni di organizzazioni politiche e sociali che dichiarano che il processo andrebbe annullato e gli imputati liberati. Le ragioni sono state enunciate, incluse le contraddizioni dei testimoni, in vari articoli apparsi su Pressenza, i cui links sono indicati a fine di questa nota.<br \/>\nUn&#8217; ultima riunione per l&#8217;annullamento del processo si \u00e8 svolta ad Asunci\u00f3n il 9 gennaio, con una grande partecipazione che riflette il sentimento della maggior parte dei paraguaiani che respingono l&#8217;evidente ingiustizia, in corso, contro innocenti.<br \/>\nIl movimento per l&#8217;annullamento non \u00e8 solo nazionale, ma internazionale. Fra le tante prese di posizione va segnalato l&#8217; impegno di <strong>Movimento 138<\/strong>, (<a href=\"http:\/\/movimiento138.blogspot.com\">movimiento138.blogspot.com<\/a>), collettivo di resistenza culturale argentino e di <strong>Somos Observadores<\/strong> <strong>De Curuguaty<\/strong>, (<a href=\"http:\/\/www.somosobservadores.org\">www.somosobservadores.org<\/a>),che segue giornalmente il processo, denuncia le irregolarit\u00e0 e raccoglie adesioni internazionali.<\/p>\n<p>Per sostenere l\u2019azione per l\u2019annullamento del processo\u00a0 \u00e8 opportuno rilanciare in Italia, aggiornandolo, un appello del giugno 2014 che ha visto aderire tra altri, Hugo Blanco Gald\u00f3s, direttore di Lucha Indigena, Jorge Agurte, direttore di Servindi, Marcelo Martinessi, regista, Alessandra Kersevan, storica, Lidia Menapace, dell\u2019ANPI, Antonio Moscato, docente universitario, Aldo Zanchetta, scrittore.<br \/>\n.L&#8217; appello verr\u00e0 pubblicato, in italiano e in spagnolo, su Pressenza entro breve e verr\u00e0 diffuso ed inviato all\u2019Ambasciata e ai consolati del Paraguay in Italia, all\u2019Ambasciata e ai consolati in Paraguay, a giornali e media italiani, come il Manifesto, a Oxfam, a Movimiento 138, a Somos Observadores de Curuguaty, a Paraguay Resiste di Barcellona e ad altri movimenti ed organizzazioni, nazionali ed internazionali.<br \/>\nIl fatto pi\u00f9 eclatante avvenuto ultimamente \u00e8 stata la nomina, il 22 gennaio, del procuratore generale Jalil Rachid, a viceministro della Sicurezza. Chi \u00e8 Jalil Rachid, una figura rappresentativa del livello di sottomissione del potere giudiziario agli interessi economici e politici del potere dell\u2019oligarchia paraguaiana, \u00e8 stato raccontato in note precedenti pubblicate su Pressenza. \u00c8 il protagonista principale della montatura giudiziaria contro i campesinos di Curuguaty. Jalil Rachid, il 22 gennaio, si present\u00f2 con a fianco del Ministro dell\u2019Interno, Francisco de Vargas, che ha affermato che la nomina \u00e8 avvenuta su una sua proposta che riconosce i meriti professionali del procuratore.\u00a0\u00a0 Altro che meriti professionali, quelli di Jalil Raschid, questi \u00e8 stato premiato per il lavoro sporco fatto contro i campesinos e la dice lunga sull\u2019 azione del governo di Cartes per condizionare il risultato del processo. Il governo di Cartes \u00e8 quello degli sfruttatori dei settori dei settori agro esportatori, dei latifondisti, degli impresari speculativi, tutti nemici di uno sviluppo nazionale, economico e sociale, che favorisca il popolo paraguaiano. Il massacro, organizzato da servizi speciali, serv\u00ec a rovesciare il governo di Lugo e ad aprire la strada che, dopo Franco, port\u00f2 Cartes al potere.<\/p>\n<p>Per avere un\u2019informazione generale sul massacro di Curuguaty segnalo i links con i quattro articoli precedentemente pubblicati su Pressenza.<\/p>\n<p><a href=\"http:\/\/www.pressenza.com\/...\/curuguaty-una-ferita-nelle-vene-aperte-dellameri\">www.<strong>pressenza<\/strong>.com\/\u2026\/<strong>curuguaty<\/strong>-una-ferita-nelle-vene-aperte-dellameri<\/a>\u2026 del 21.05.2015<\/p>\n<p><a href=\"https:\/\/www.pressenza.com\/it\/2015\/07\/bergoglio-e-curuguaty-in-paraguay\/\">www.<strong>pressenza<\/strong>.com\/it\/2015\/07\/bergoglio-e-<strong>curuguaty<\/strong>-in-paraguay\/<\/a> del 12.07. 2015<\/p>\n<p><a href=\"http:\/\/www.pressenza.com\/\u2026\/massacro-di-curuguaty-ennesimo-atto-di-una-tra\u2026\">www.pressenza.com\/\u2026\/massacro-di-curuguaty-ennesimo-atto-di-una-tra\u2026<\/a> del17.10. 2015<\/p>\n<p><u>www.<strong>pressenza<\/strong>.com\/it\/2016\/&#8230;\/paraguay-il-processo-<strong>curuguaty<\/strong>-va-avant<\/u><u>i<\/u>&#8230;18.01. 2016<\/p>\n<p>&nbsp;<\/p>\n","protected":false},"excerpt":{"rendered":"<p>\u201cScrivere non significa trasformare il reale in parola, ma far s\u00ec che la parola diventi reale.\u201d Augusto Roa Bastos, scrittore paraguaiano, che chiam\u00f2 il suo paese una isola circondata da terra. Il processo ai campesinos, accusati ingiustamente del massacro di&hellip;<\/p>\n","protected":false},"author":1190,"featured_media":273656,"comment_status":"closed","ping_status":"open","sticky":false,"template":"","format":"standard","meta":{"footnotes":""},"categories":[55,48],"tags":[3410,31],"class_list":["post-273654","post","type-post","status-publish","format-standard","has-post-thumbnail","hentry","category-politica","category-sud-america","tag-curuguaty","tag-paraguay"],"yoast_head":"<!-- This site is optimized with the Yoast SEO plugin v27.1.1 - https:\/\/yoast.com\/product\/yoast-seo-wordpress\/ -->\n<title>Massacro di Curuguaty: processo o annullamento<\/title>\n<meta name=\"description\" content=\"\u201cScrivere non significa trasformare il reale in parola, ma far s\u00ec che la parola diventi reale.\u201d Augusto Roa Bastos, scrittore paraguaiano, che chiam\u00f2 il\" \/>\n<meta name=\"robots\" content=\"index, follow, max-snippet:-1, max-image-preview:large, max-video-preview:-1\" \/>\n<link rel=\"canonical\" href=\"https:\/\/www.pressenza.com\/it\/2016\/02\/massacro-di-curuguaty-processo-o-annullamento\/\" \/>\n<meta property=\"og:locale\" content=\"it_IT\" \/>\n<meta property=\"og:type\" content=\"article\" \/>\n<meta property=\"og:title\" content=\"Massacro di Curuguaty: processo o annullamento\" \/>\n<meta property=\"og:description\" content=\"\u201cScrivere non significa trasformare il reale in parola, ma far s\u00ec che la parola diventi reale.\u201d Augusto Roa Bastos, scrittore paraguaiano, che chiam\u00f2 il\" \/>\n<meta property=\"og:url\" content=\"https:\/\/www.pressenza.com\/it\/2016\/02\/massacro-di-curuguaty-processo-o-annullamento\/\" \/>\n<meta property=\"og:site_name\" content=\"Pressenza\" \/>\n<meta property=\"article:publisher\" content=\"https:\/\/www.facebook.com\/PressenzaItalia\" \/>\n<meta property=\"article:published_time\" content=\"2016-02-01T19:04:46+00:00\" \/>\n<meta property=\"og:image\" content=\"https:\/\/www.pressenza.com\/wp-content\/uploads\/2016\/02\/curuguaty-cartel-1.jpg\" \/>\n\t<meta property=\"og:image:width\" content=\"348\" \/>\n\t<meta property=\"og:image:height\" content=\"260\" \/>\n\t<meta property=\"og:image:type\" content=\"image\/jpeg\" \/>\n<meta name=\"author\" content=\"Francesco Cecchini\" \/>\n<meta name=\"twitter:card\" content=\"summary_large_image\" \/>\n<meta name=\"twitter:creator\" content=\"@PressenzaIPA\" \/>\n<meta name=\"twitter:site\" content=\"@PressenzaIPA\" \/>\n<meta name=\"twitter:label1\" content=\"Scritto da\" \/>\n\t<meta name=\"twitter:data1\" content=\"Francesco Cecchini\" \/>\n\t<meta name=\"twitter:label2\" content=\"Tempo di lettura stimato\" \/>\n\t<meta name=\"twitter:data2\" content=\"3 minuti\" \/>\n<script type=\"application\/ld+json\" class=\"yoast-schema-graph\">{\"@context\":\"https:\/\/schema.org\",\"@graph\":[{\"@type\":\"Article\",\"@id\":\"https:\/\/www.pressenza.com\/it\/2016\/02\/massacro-di-curuguaty-processo-o-annullamento\/#article\",\"isPartOf\":{\"@id\":\"https:\/\/www.pressenza.com\/it\/2016\/02\/massacro-di-curuguaty-processo-o-annullamento\/\"},\"author\":{\"name\":\"Francesco Cecchini\",\"@id\":\"https:\/\/www.pressenza.com\/it\/#\/schema\/person\/921a58376e7663992b698cbe6e394c53\"},\"headline\":\"Massacro di Curuguaty: processo o annullamento\",\"datePublished\":\"2016-02-01T19:04:46+00:00\",\"mainEntityOfPage\":{\"@id\":\"https:\/\/www.pressenza.com\/it\/2016\/02\/massacro-di-curuguaty-processo-o-annullamento\/\"},\"wordCount\":564,\"publisher\":{\"@id\":\"https:\/\/www.pressenza.com\/it\/#organization\"},\"image\":{\"@id\":\"https:\/\/www.pressenza.com\/it\/2016\/02\/massacro-di-curuguaty-processo-o-annullamento\/#primaryimage\"},\"thumbnailUrl\":\"https:\/\/www.pressenza.com\/wp-content\/uploads\/2016\/02\/curuguaty-cartel-1.jpg\",\"keywords\":[\"Curuguaty\",\"Paraguay\"],\"articleSection\":[\"Politica\",\"Sud America\"],\"inLanguage\":\"it-IT\"},{\"@type\":\"WebPage\",\"@id\":\"https:\/\/www.pressenza.com\/it\/2016\/02\/massacro-di-curuguaty-processo-o-annullamento\/\",\"url\":\"https:\/\/www.pressenza.com\/it\/2016\/02\/massacro-di-curuguaty-processo-o-annullamento\/\",\"name\":\"Massacro di Curuguaty: processo o annullamento\",\"isPartOf\":{\"@id\":\"https:\/\/www.pressenza.com\/it\/#website\"},\"primaryImageOfPage\":{\"@id\":\"https:\/\/www.pressenza.com\/it\/2016\/02\/massacro-di-curuguaty-processo-o-annullamento\/#primaryimage\"},\"image\":{\"@id\":\"https:\/\/www.pressenza.com\/it\/2016\/02\/massacro-di-curuguaty-processo-o-annullamento\/#primaryimage\"},\"thumbnailUrl\":\"https:\/\/www.pressenza.com\/wp-content\/uploads\/2016\/02\/curuguaty-cartel-1.jpg\",\"datePublished\":\"2016-02-01T19:04:46+00:00\",\"description\":\"\u201cScrivere non significa trasformare il reale in parola, ma far s\u00ec che la parola diventi reale.\u201d Augusto Roa Bastos, scrittore paraguaiano, che chiam\u00f2 il\",\"breadcrumb\":{\"@id\":\"https:\/\/www.pressenza.com\/it\/2016\/02\/massacro-di-curuguaty-processo-o-annullamento\/#breadcrumb\"},\"inLanguage\":\"it-IT\",\"potentialAction\":[{\"@type\":\"ReadAction\",\"target\":[\"https:\/\/www.pressenza.com\/it\/2016\/02\/massacro-di-curuguaty-processo-o-annullamento\/\"]}]},{\"@type\":\"ImageObject\",\"inLanguage\":\"it-IT\",\"@id\":\"https:\/\/www.pressenza.com\/it\/2016\/02\/massacro-di-curuguaty-processo-o-annullamento\/#primaryimage\",\"url\":\"https:\/\/www.pressenza.com\/wp-content\/uploads\/2016\/02\/curuguaty-cartel-1.jpg\",\"contentUrl\":\"https:\/\/www.pressenza.com\/wp-content\/uploads\/2016\/02\/curuguaty-cartel-1.jpg\",\"width\":348,\"height\":260},{\"@type\":\"BreadcrumbList\",\"@id\":\"https:\/\/www.pressenza.com\/it\/2016\/02\/massacro-di-curuguaty-processo-o-annullamento\/#breadcrumb\",\"itemListElement\":[{\"@type\":\"ListItem\",\"position\":1,\"name\":\"Accueil\",\"item\":\"https:\/\/www.pressenza.com\/it\/\"},{\"@type\":\"ListItem\",\"position\":2,\"name\":\"Massacro di Curuguaty: processo o annullamento\"}]},{\"@type\":\"WebSite\",\"@id\":\"https:\/\/www.pressenza.com\/it\/#website\",\"url\":\"https:\/\/www.pressenza.com\/it\/\",\"name\":\"Pressenza\",\"description\":\"Agenzia di Stampa Internazionale\",\"publisher\":{\"@id\":\"https:\/\/www.pressenza.com\/it\/#organization\"},\"potentialAction\":[{\"@type\":\"SearchAction\",\"target\":{\"@type\":\"EntryPoint\",\"urlTemplate\":\"https:\/\/www.pressenza.com\/it\/?s={search_term_string}\"},\"query-input\":{\"@type\":\"PropertyValueSpecification\",\"valueRequired\":true,\"valueName\":\"search_term_string\"}}],\"inLanguage\":\"it-IT\"},{\"@type\":\"Organization\",\"@id\":\"https:\/\/www.pressenza.com\/it\/#organization\",\"name\":\"Pressenza\",\"url\":\"https:\/\/www.pressenza.com\/it\/\",\"logo\":{\"@type\":\"ImageObject\",\"inLanguage\":\"it-IT\",\"@id\":\"https:\/\/www.pressenza.com\/it\/#\/schema\/logo\/image\/\",\"url\":\"https:\/\/www.pressenza.com\/wp-content\/uploads\/2022\/10\/pressenza_logo_200x200.jpg\",\"contentUrl\":\"https:\/\/www.pressenza.com\/wp-content\/uploads\/2022\/10\/pressenza_logo_200x200.jpg\",\"width\":200,\"height\":200,\"caption\":\"Pressenza\"},\"image\":{\"@id\":\"https:\/\/www.pressenza.com\/it\/#\/schema\/logo\/image\/\"},\"sameAs\":[\"https:\/\/www.facebook.com\/PressenzaItalia\",\"https:\/\/x.com\/PressenzaIPA\"]},{\"@type\":\"Person\",\"@id\":\"https:\/\/www.pressenza.com\/it\/#\/schema\/person\/921a58376e7663992b698cbe6e394c53\",\"name\":\"Francesco Cecchini\",\"url\":\"https:\/\/www.pressenza.com\/it\/author\/francesco-cecchini\/\"}]}<\/script>\n<!-- \/ Yoast SEO plugin. -->","yoast_head_json":{"title":"Massacro di Curuguaty: processo o annullamento","description":"\u201cScrivere non significa trasformare il reale in parola, ma far s\u00ec che la parola diventi reale.\u201d Augusto Roa Bastos, scrittore paraguaiano, che chiam\u00f2 il","robots":{"index":"index","follow":"follow","max-snippet":"max-snippet:-1","max-image-preview":"max-image-preview:large","max-video-preview":"max-video-preview:-1"},"canonical":"https:\/\/www.pressenza.com\/it\/2016\/02\/massacro-di-curuguaty-processo-o-annullamento\/","og_locale":"it_IT","og_type":"article","og_title":"Massacro di Curuguaty: processo o annullamento","og_description":"\u201cScrivere non significa trasformare il reale in parola, ma far s\u00ec che la parola diventi reale.\u201d Augusto Roa Bastos, scrittore paraguaiano, che chiam\u00f2 il","og_url":"https:\/\/www.pressenza.com\/it\/2016\/02\/massacro-di-curuguaty-processo-o-annullamento\/","og_site_name":"Pressenza","article_publisher":"https:\/\/www.facebook.com\/PressenzaItalia","article_published_time":"2016-02-01T19:04:46+00:00","og_image":[{"width":348,"height":260,"url":"https:\/\/www.pressenza.com\/wp-content\/uploads\/2016\/02\/curuguaty-cartel-1.jpg","type":"image\/jpeg"}],"author":"Francesco Cecchini","twitter_card":"summary_large_image","twitter_creator":"@PressenzaIPA","twitter_site":"@PressenzaIPA","twitter_misc":{"Scritto da":"Francesco Cecchini","Tempo di lettura stimato":"3 minuti"},"schema":{"@context":"https:\/\/schema.org","@graph":[{"@type":"Article","@id":"https:\/\/www.pressenza.com\/it\/2016\/02\/massacro-di-curuguaty-processo-o-annullamento\/#article","isPartOf":{"@id":"https:\/\/www.pressenza.com\/it\/2016\/02\/massacro-di-curuguaty-processo-o-annullamento\/"},"author":{"name":"Francesco Cecchini","@id":"https:\/\/www.pressenza.com\/it\/#\/schema\/person\/921a58376e7663992b698cbe6e394c53"},"headline":"Massacro di Curuguaty: processo o annullamento","datePublished":"2016-02-01T19:04:46+00:00","mainEntityOfPage":{"@id":"https:\/\/www.pressenza.com\/it\/2016\/02\/massacro-di-curuguaty-processo-o-annullamento\/"},"wordCount":564,"publisher":{"@id":"https:\/\/www.pressenza.com\/it\/#organization"},"image":{"@id":"https:\/\/www.pressenza.com\/it\/2016\/02\/massacro-di-curuguaty-processo-o-annullamento\/#primaryimage"},"thumbnailUrl":"https:\/\/www.pressenza.com\/wp-content\/uploads\/2016\/02\/curuguaty-cartel-1.jpg","keywords":["Curuguaty","Paraguay"],"articleSection":["Politica","Sud America"],"inLanguage":"it-IT"},{"@type":"WebPage","@id":"https:\/\/www.pressenza.com\/it\/2016\/02\/massacro-di-curuguaty-processo-o-annullamento\/","url":"https:\/\/www.pressenza.com\/it\/2016\/02\/massacro-di-curuguaty-processo-o-annullamento\/","name":"Massacro di Curuguaty: processo o annullamento","isPartOf":{"@id":"https:\/\/www.pressenza.com\/it\/#website"},"primaryImageOfPage":{"@id":"https:\/\/www.pressenza.com\/it\/2016\/02\/massacro-di-curuguaty-processo-o-annullamento\/#primaryimage"},"image":{"@id":"https:\/\/www.pressenza.com\/it\/2016\/02\/massacro-di-curuguaty-processo-o-annullamento\/#primaryimage"},"thumbnailUrl":"https:\/\/www.pressenza.com\/wp-content\/uploads\/2016\/02\/curuguaty-cartel-1.jpg","datePublished":"2016-02-01T19:04:46+00:00","description":"\u201cScrivere non significa trasformare il reale in parola, ma far s\u00ec che la parola diventi reale.\u201d Augusto Roa Bastos, scrittore paraguaiano, che chiam\u00f2 il","breadcrumb":{"@id":"https:\/\/www.pressenza.com\/it\/2016\/02\/massacro-di-curuguaty-processo-o-annullamento\/#breadcrumb"},"inLanguage":"it-IT","potentialAction":[{"@type":"ReadAction","target":["https:\/\/www.pressenza.com\/it\/2016\/02\/massacro-di-curuguaty-processo-o-annullamento\/"]}]},{"@type":"ImageObject","inLanguage":"it-IT","@id":"https:\/\/www.pressenza.com\/it\/2016\/02\/massacro-di-curuguaty-processo-o-annullamento\/#primaryimage","url":"https:\/\/www.pressenza.com\/wp-content\/uploads\/2016\/02\/curuguaty-cartel-1.jpg","contentUrl":"https:\/\/www.pressenza.com\/wp-content\/uploads\/2016\/02\/curuguaty-cartel-1.jpg","width":348,"height":260},{"@type":"BreadcrumbList","@id":"https:\/\/www.pressenza.com\/it\/2016\/02\/massacro-di-curuguaty-processo-o-annullamento\/#breadcrumb","itemListElement":[{"@type":"ListItem","position":1,"name":"Accueil","item":"https:\/\/www.pressenza.com\/it\/"},{"@type":"ListItem","position":2,"name":"Massacro di Curuguaty: processo o annullamento"}]},{"@type":"WebSite","@id":"https:\/\/www.pressenza.com\/it\/#website","url":"https:\/\/www.pressenza.com\/it\/","name":"Pressenza","description":"Agenzia di Stampa Internazionale","publisher":{"@id":"https:\/\/www.pressenza.com\/it\/#organization"},"potentialAction":[{"@type":"SearchAction","target":{"@type":"EntryPoint","urlTemplate":"https:\/\/www.pressenza.com\/it\/?s={search_term_string}"},"query-input":{"@type":"PropertyValueSpecification","valueRequired":true,"valueName":"search_term_string"}}],"inLanguage":"it-IT"},{"@type":"Organization","@id":"https:\/\/www.pressenza.com\/it\/#organization","name":"Pressenza","url":"https:\/\/www.pressenza.com\/it\/","logo":{"@type":"ImageObject","inLanguage":"it-IT","@id":"https:\/\/www.pressenza.com\/it\/#\/schema\/logo\/image\/","url":"https:\/\/www.pressenza.com\/wp-content\/uploads\/2022\/10\/pressenza_logo_200x200.jpg","contentUrl":"https:\/\/www.pressenza.com\/wp-content\/uploads\/2022\/10\/pressenza_logo_200x200.jpg","width":200,"height":200,"caption":"Pressenza"},"image":{"@id":"https:\/\/www.pressenza.com\/it\/#\/schema\/logo\/image\/"},"sameAs":["https:\/\/www.facebook.com\/PressenzaItalia","https:\/\/x.com\/PressenzaIPA"]},{"@type":"Person","@id":"https:\/\/www.pressenza.com\/it\/#\/schema\/person\/921a58376e7663992b698cbe6e394c53","name":"Francesco Cecchini","url":"https:\/\/www.pressenza.com\/it\/author\/francesco-cecchini\/"}]}},"place":"","original_article_url":"","_links":{"self":[{"href":"https:\/\/www.pressenza.com\/it\/wp-json\/wp\/v2\/posts\/273654","targetHints":{"allow":["GET"]}}],"collection":[{"href":"https:\/\/www.pressenza.com\/it\/wp-json\/wp\/v2\/posts"}],"about":[{"href":"https:\/\/www.pressenza.com\/it\/wp-json\/wp\/v2\/types\/post"}],"author":[{"embeddable":true,"href":"https:\/\/www.pressenza.com\/it\/wp-json\/wp\/v2\/users\/1190"}],"replies":[{"embeddable":true,"href":"https:\/\/www.pressenza.com\/it\/wp-json\/wp\/v2\/comments?post=273654"}],"version-history":[{"count":0,"href":"https:\/\/www.pressenza.com\/it\/wp-json\/wp\/v2\/posts\/273654\/revisions"}],"wp:featuredmedia":[{"embeddable":true,"href":"https:\/\/www.pressenza.com\/it\/wp-json\/wp\/v2\/media\/273656"}],"wp:attachment":[{"href":"https:\/\/www.pressenza.com\/it\/wp-json\/wp\/v2\/media?parent=273654"}],"wp:term":[{"taxonomy":"category","embeddable":true,"href":"https:\/\/www.pressenza.com\/it\/wp-json\/wp\/v2\/categories?post=273654"},{"taxonomy":"post_tag","embeddable":true,"href":"https:\/\/www.pressenza.com\/it\/wp-json\/wp\/v2\/tags?post=273654"}],"curies":[{"name":"wp","href":"https:\/\/api.w.org\/{rel}","templated":true}]}}