{"id":270808,"date":"2016-01-24T09:59:44","date_gmt":"2016-01-24T09:59:44","guid":{"rendered":"http:\/\/www.pressenza.com\/it\/?p=270808"},"modified":"2016-01-24T11:43:28","modified_gmt":"2016-01-24T11:43:28","slug":"apre-il-primo-centro-di-nonviolenza-attiva-a-milano","status":"publish","type":"post","link":"https:\/\/www.pressenza.com\/it\/2016\/01\/apre-il-primo-centro-di-nonviolenza-attiva-a-milano\/","title":{"rendered":"Apre il primo centro di nonviolenza attiva a Milano"},"content":{"rendered":"<p><strong><em>U<\/em><\/strong><strong><em>n luogo di sperimentazione alla ricerca del senso dell&#8217;evoluzione umana e del superamento della sofferenza personale e sociale. Un luogo ricco di attivit\u00e0, <\/em><\/strong><strong><em>a cui tutti potranno partecipare gratuitamente. <\/em><\/strong><\/p>\n<p><strong>Sabato 30 gennaio<\/strong>\u00a0<strong>2016<\/strong> alle ore 17.30 il <strong>Centro di Nonviolenza Attiva<\/strong> inaugura la sua sede a Milano in via Mazzali 5, a pochi passi dalla fermata MM 2 Udine.<\/p>\n<p>Questo Centro \u00e8 il progetto congiunto di Mondo Senza Guerre e Senza Violenza e della Comunit\u00e0 per lo Sviluppo Umano Ahimsa, associazioni umaniste che da molti anni lavorano per la promozione di una nuova societ\u00e0 nonviolenta organizzando corsi nelle scuole, laboratori esperienziali e attivit\u00e0 socio-culturali.<\/p>\n<p><strong>\u00c8 il primo centro di questo tipo in Italia:<\/strong> qui si potranno incontrare esperienze, studi e riflessioni, apprendere e sperimentare le\u00a0 forme, le metodologie e gli strumenti per risvegliare la coscienza della nonviolenza attiva secondo l\u2019Umanesimo Universalista. Sar\u00e0 un luogo vivo, dove imparare a costruire una nuova mentalit\u00e0 attraverso azioni concrete che utilizzano differenti forme di espressione:\u00a0culturale, artistica, scientifica, sociale, spirituale e tecnologica.<\/p>\n<p>Le prime proposte del Centro sono dirette alla formazione e all\u2019educazione alla nonviolenza, alla sperimentazione teatrale, allo sviluppo di produzioni multimediali e alla costruzione di una biblioteca sul tema, ma l\u2019idea \u00e8 che nascano e crescano sempre pi\u00f9 progetti.<\/p>\n<p><strong>La partecipazione \u00e8 aperta<\/strong> a tutti e a tutte e chiunque pu\u00f2 proporre un\u2019iniziativa in questa direzione e attuarla nel Centro; sar\u00e0 sufficiente condividere il manifesto che esplicita i principi a cui si ispira. <a href=\"http:\/\/www.centrononviolenzattiva.org\/index.php\/chi-siamo\/principi\/\">http:\/\/www.centrononviolenzattiva.org\/index.php\/chi-siamo\/principi\/<\/a><\/p>\n<p>Da febbraio il Centro sar\u00e0 anche aperto al pubblico ogni marted\u00ec dalle 18.00 alle 20.00.<\/p>\n<p><strong>PROGRAMMA DELLA SERATA INAUGURALE<\/strong><\/p>\n<p>Il momento dell\u2019inaugurazione sar\u00e0 un\u2019occasione per la presentazione dei <strong>progetti per l\u2019anno 2016, <\/strong>raccontati attraverso le <strong>testimonianze dirette<\/strong> dei volontari delle due associazioni, che da anni si impegnano con passione e professionalit\u00e0. Verranno poi ascoltate le proposte dei partecipanti.<\/p>\n<p>La giornata sar\u00e0 ulteriormente arricchita dalla presenza dello scrittore umanista cileno <strong>Dario Ergas<\/strong>, che presenter\u00e0 il suo ultimo libro\u00a0 <strong><em>\u201cL\u2019unit\u00e0 nell\u2019azione\u201d<\/em><\/strong><em>,<\/em>\u00a0 a conclusione di una trilogia sul senso della vita iniziata con Il\u00a0<em>Senso del Nonsenso<\/em>\u00a0e proseguita con\u00a0<em>Lo sguardo del Senso<\/em>,\u00a0tutti pubblicati in italiano da Multimage. All\u2019incontro sar\u00e0 presente anche Olivier Turquet,\u00a0 direttore della casa editrice.<\/p>\n<p>\u201c<em>Se si giunge alla conclusione che il cambiamento umano \u00e8 una necessit\u00e0 per le sfide del futuro, bisogner\u00e0 trovare il progetto comune che permetta agli individui e ai popoli di superare la violenza e costruire nuove societ\u00e0 libertarie\u201d<\/em>. (Dario Ergas)<\/p>\n<p>A conclusione dell\u2019incontro, il Centro di Nonviolenza Attiva avr\u00e0 il piacere di offrire un aperitivo a tutti i presenti, che potranno anche partecipare al primo lavoro multimediale del Centro.<\/p>\n<p><strong>INFORMAZIONI<\/strong><\/p>\n<p>Sito: <a href=\"http:\/\/www.centrononviolenzattiva.org\">www.centrononviolenzattiva.org<\/a><\/p>\n<p>mail: <a href=\"mailto:info@centrononviolenzattiva.org\">info@centrononviolenzattiva.org<\/a><\/p>\n<p><strong>CHE COS\u2019\u00c8 LA NONVIOLENZA ATTIVA<\/strong><\/p>\n<p>La Nonviolenza Attiva \u00e8 uno stile di vita caratterizzato dal rifiuto e dal ripudio di tutte le forme di violenza. Il metodo di azione si basa sulla coerenza del pensare, del sentire e dell\u2019agire nella stessa direzione, trattando gli altri nel modo in cui si vorrebbe essere trattati.<\/p>\n<p>Nella lotta quotidiana per superare le condizioni di dolore e sofferenza l\u2019essere umano trova nella metodologia della Nonviolenza Attiva uno strumento di trasformazione dell\u2019ambiente storico-sociale coerente con il proprio registro interno di unit\u00e0.<\/p>\n<p><em>\u00a0\u201cMondo Senza Guerra e\u00a0Senza Violenza\u201d e \u201cLa Comunit\u00e0 per lo Sviluppo Umano\u201d sono associazioni di volontariato con sede a Milano e fanno parte delle rispettive organizzazioni internazionali umaniste che da\u00a0anni progettano e realizzano attivit\u00e0 in tutto il mondo al fine di promuovere la diffusione e l\u2019instaurazione di una nuova cultura nonviolenta.<\/em><\/p>\n<p><em>Tra le innumerevoli attivit\u00e0 svolte, MSGV e la Comunit\u00e0 hanno promosso la prima Marcia Mondiale per la Pace e la Nonviolenza, che si \u00e8 svolta nel 2009 coinvolgendo centinaia di migliaia di persone, associazioni, istituzioni ed enti in tutto il mondo.<\/em><\/p>\n<p>Siti internazionali: <u><a href=\"http:\/\/www.worldwithoutwars.org\/\">www.worldwithoutwars.org<\/a><\/u> \u00a0| <a href=\"http:\/\/www.lacomunidadmundial.org\">www.lacomunidadmudial.org<\/a><\/p>\n<p><em>Dario Ergas vive a Santiago del Cile, \u00e8 ingegnere, ha due figli ed \u00e8 stato sposato con Laura Rodr\u00edguez, deputata umanista nel primo Parlamento dopo la dittatura di Pinochet, scomparsa nel 1992. E\u2019 fondatore e presidente della Fondazione intitolata al suo nome. Attualmente scrive, tiene conferenze e promuove la formazione di comunit\u00e0 intorno al<\/em><em>\u00a0<\/em><a href=\"http:\/\/it.humanipedia.org\/index.php\/Il_Messaggio_di_Silo\"><em>messaggio<\/em><\/a><em>\u00a0ed agli insegnamenti di\u00a0<\/em><a href=\"http:\/\/it.humanipedia.org\/index.php\/Silo\"><em>Silo<\/em><\/a><em>. <\/em><\/p>\n<p>Biografia e bibliografia:<u> <a href=\"http:\/\/it.humanipedia.org\/index.php\/Ergas,_Dario\">http:\/\/it.humanipedia.org\/index.php\/Ergas,_Dario<\/a><\/u><\/p>\n<p><em>Multimage\u00a0\u00e8 un&#8217;Associazione Editoriale senza fini di lucro che l&#8217;obiettivo di far nascere un&#8217;onda culturale umanista nella societ\u00e0. <\/em><\/p>\n<p>Sito: <a href=\"http:\/\/www.multimage.org\/\">\/www.multimage.org<\/a><\/p>\n<p>&nbsp;<\/p>\n<p>&nbsp;<\/p>\n","protected":false},"excerpt":{"rendered":"<p>Un luogo di sperimentazione alla ricerca del senso dell&#8217;evoluzione umana e del superamento della sofferenza personale e sociale. Un luogo ricco di attivit\u00e0, a cui tutti potranno partecipare gratuitamente. Sabato 30 gennaio\u00a02016 alle ore 17.30 il Centro di Nonviolenza Attiva&hellip;<\/p>\n","protected":false},"author":594,"featured_media":270809,"comment_status":"closed","ping_status":"open","sticky":false,"template":"","format":"standard","meta":{"footnotes":""},"categories":[11388,47,1262],"tags":[20102,8397,4247,14650,4231,22224],"class_list":["post-270808","post","type-post","status-publish","format-standard","has-post-thumbnail","hentry","category-contenuti-originali","category-europa","category-nonviolenza-argomento","tag-centro-di-nonviolenza-attiva","tag-dario-ergas-it","tag-la-comunita-per-lo-sviluppo-umano","tag-mondo-senza-guerre-e-senza-violenza-2","tag-movimento-umanista","tag-cap-multimage"],"yoast_head":"<!-- This site is optimized with the Yoast SEO plugin v27.1.1 - https:\/\/yoast.com\/product\/yoast-seo-wordpress\/ -->\n<title>Apre il primo centro di nonviolenza attiva a Milano<\/title>\n<meta name=\"description\" content=\"Un luogo di sperimentazione alla ricerca del senso dell&#039;evoluzione umana e del superamento della sofferenza personale e sociale. Un luogo ricco di\" \/>\n<meta name=\"robots\" content=\"index, follow, max-snippet:-1, max-image-preview:large, max-video-preview:-1\" \/>\n<link rel=\"canonical\" href=\"https:\/\/www.pressenza.com\/it\/2016\/01\/apre-il-primo-centro-di-nonviolenza-attiva-a-milano\/\" \/>\n<meta property=\"og:locale\" content=\"it_IT\" \/>\n<meta property=\"og:type\" content=\"article\" \/>\n<meta property=\"og:title\" content=\"Apre il primo centro di nonviolenza attiva a Milano\" \/>\n<meta property=\"og:description\" content=\"Un luogo di sperimentazione alla ricerca del senso dell&#039;evoluzione umana e del superamento della sofferenza personale e sociale. Un luogo ricco di\" \/>\n<meta property=\"og:url\" content=\"https:\/\/www.pressenza.com\/it\/2016\/01\/apre-il-primo-centro-di-nonviolenza-attiva-a-milano\/\" \/>\n<meta property=\"og:site_name\" content=\"Pressenza\" \/>\n<meta property=\"article:publisher\" content=\"https:\/\/www.facebook.com\/PressenzaItalia\" \/>\n<meta property=\"article:author\" content=\"https:\/\/www.facebook.com\/PressenzaItalia\" \/>\n<meta property=\"article:published_time\" content=\"2016-01-24T09:59:44+00:00\" \/>\n<meta property=\"article:modified_time\" content=\"2016-01-24T11:43:28+00:00\" \/>\n<meta property=\"og:image\" content=\"https:\/\/www.pressenza.com\/wp-content\/uploads\/2016\/01\/noi_magliette_cenva_light.jpg\" \/>\n\t<meta property=\"og:image:width\" content=\"1024\" \/>\n\t<meta property=\"og:image:height\" content=\"806\" \/>\n\t<meta property=\"og:image:type\" content=\"image\/jpeg\" \/>\n<meta name=\"author\" content=\"Redazione Italia\" \/>\n<meta name=\"twitter:card\" content=\"summary_large_image\" \/>\n<meta name=\"twitter:creator\" content=\"@pressenza_it\" \/>\n<meta name=\"twitter:site\" content=\"@PressenzaIPA\" \/>\n<meta name=\"twitter:label1\" content=\"Scritto da\" \/>\n\t<meta name=\"twitter:data1\" content=\"Redazione Italia\" \/>\n\t<meta name=\"twitter:label2\" content=\"Tempo di lettura stimato\" \/>\n\t<meta name=\"twitter:data2\" content=\"4 minuti\" \/>\n<script type=\"application\/ld+json\" class=\"yoast-schema-graph\">{\"@context\":\"https:\/\/schema.org\",\"@graph\":[{\"@type\":\"Article\",\"@id\":\"https:\/\/www.pressenza.com\/it\/2016\/01\/apre-il-primo-centro-di-nonviolenza-attiva-a-milano\/#article\",\"isPartOf\":{\"@id\":\"https:\/\/www.pressenza.com\/it\/2016\/01\/apre-il-primo-centro-di-nonviolenza-attiva-a-milano\/\"},\"author\":{\"name\":\"Redazione Italia\",\"@id\":\"https:\/\/www.pressenza.com\/it\/#\/schema\/person\/d983e81827ae24f2c7b1a2123d197f8d\"},\"headline\":\"Apre il primo centro di nonviolenza attiva a Milano\",\"datePublished\":\"2016-01-24T09:59:44+00:00\",\"dateModified\":\"2016-01-24T11:43:28+00:00\",\"mainEntityOfPage\":{\"@id\":\"https:\/\/www.pressenza.com\/it\/2016\/01\/apre-il-primo-centro-di-nonviolenza-attiva-a-milano\/\"},\"wordCount\":737,\"publisher\":{\"@id\":\"https:\/\/www.pressenza.com\/it\/#organization\"},\"image\":{\"@id\":\"https:\/\/www.pressenza.com\/it\/2016\/01\/apre-il-primo-centro-di-nonviolenza-attiva-a-milano\/#primaryimage\"},\"thumbnailUrl\":\"https:\/\/www.pressenza.com\/wp-content\/uploads\/2016\/01\/noi_magliette_cenva_light.jpg\",\"keywords\":[\"Centro di Nonviolenza Attiva\",\"Dario Ergas\",\"La Comunit\u00e0 per lo Sviluppo Umano\",\"Mondo senza guerre e senza Violenza\",\"Movimento Umanista\",\"Multimage\"],\"articleSection\":[\"contenuti originali\",\"Europa\",\"Nonviolenza\"],\"inLanguage\":\"it-IT\"},{\"@type\":\"WebPage\",\"@id\":\"https:\/\/www.pressenza.com\/it\/2016\/01\/apre-il-primo-centro-di-nonviolenza-attiva-a-milano\/\",\"url\":\"https:\/\/www.pressenza.com\/it\/2016\/01\/apre-il-primo-centro-di-nonviolenza-attiva-a-milano\/\",\"name\":\"Apre il primo centro di nonviolenza attiva a Milano\",\"isPartOf\":{\"@id\":\"https:\/\/www.pressenza.com\/it\/#website\"},\"primaryImageOfPage\":{\"@id\":\"https:\/\/www.pressenza.com\/it\/2016\/01\/apre-il-primo-centro-di-nonviolenza-attiva-a-milano\/#primaryimage\"},\"image\":{\"@id\":\"https:\/\/www.pressenza.com\/it\/2016\/01\/apre-il-primo-centro-di-nonviolenza-attiva-a-milano\/#primaryimage\"},\"thumbnailUrl\":\"https:\/\/www.pressenza.com\/wp-content\/uploads\/2016\/01\/noi_magliette_cenva_light.jpg\",\"datePublished\":\"2016-01-24T09:59:44+00:00\",\"dateModified\":\"2016-01-24T11:43:28+00:00\",\"description\":\"Un luogo di sperimentazione alla ricerca del senso dell'evoluzione umana e del superamento della sofferenza personale e sociale. Un luogo ricco di\",\"breadcrumb\":{\"@id\":\"https:\/\/www.pressenza.com\/it\/2016\/01\/apre-il-primo-centro-di-nonviolenza-attiva-a-milano\/#breadcrumb\"},\"inLanguage\":\"it-IT\",\"potentialAction\":[{\"@type\":\"ReadAction\",\"target\":[\"https:\/\/www.pressenza.com\/it\/2016\/01\/apre-il-primo-centro-di-nonviolenza-attiva-a-milano\/\"]}]},{\"@type\":\"ImageObject\",\"inLanguage\":\"it-IT\",\"@id\":\"https:\/\/www.pressenza.com\/it\/2016\/01\/apre-il-primo-centro-di-nonviolenza-attiva-a-milano\/#primaryimage\",\"url\":\"https:\/\/www.pressenza.com\/wp-content\/uploads\/2016\/01\/noi_magliette_cenva_light.jpg\",\"contentUrl\":\"https:\/\/www.pressenza.com\/wp-content\/uploads\/2016\/01\/noi_magliette_cenva_light.jpg\",\"width\":1024,\"height\":806},{\"@type\":\"BreadcrumbList\",\"@id\":\"https:\/\/www.pressenza.com\/it\/2016\/01\/apre-il-primo-centro-di-nonviolenza-attiva-a-milano\/#breadcrumb\",\"itemListElement\":[{\"@type\":\"ListItem\",\"position\":1,\"name\":\"Accueil\",\"item\":\"https:\/\/www.pressenza.com\/it\/\"},{\"@type\":\"ListItem\",\"position\":2,\"name\":\"Apre il primo centro di nonviolenza attiva a Milano\"}]},{\"@type\":\"WebSite\",\"@id\":\"https:\/\/www.pressenza.com\/it\/#website\",\"url\":\"https:\/\/www.pressenza.com\/it\/\",\"name\":\"Pressenza\",\"description\":\"Agenzia di Stampa Internazionale\",\"publisher\":{\"@id\":\"https:\/\/www.pressenza.com\/it\/#organization\"},\"potentialAction\":[{\"@type\":\"SearchAction\",\"target\":{\"@type\":\"EntryPoint\",\"urlTemplate\":\"https:\/\/www.pressenza.com\/it\/?s={search_term_string}\"},\"query-input\":{\"@type\":\"PropertyValueSpecification\",\"valueRequired\":true,\"valueName\":\"search_term_string\"}}],\"inLanguage\":\"it-IT\"},{\"@type\":\"Organization\",\"@id\":\"https:\/\/www.pressenza.com\/it\/#organization\",\"name\":\"Pressenza\",\"url\":\"https:\/\/www.pressenza.com\/it\/\",\"logo\":{\"@type\":\"ImageObject\",\"inLanguage\":\"it-IT\",\"@id\":\"https:\/\/www.pressenza.com\/it\/#\/schema\/logo\/image\/\",\"url\":\"https:\/\/www.pressenza.com\/wp-content\/uploads\/2022\/10\/pressenza_logo_200x200.jpg\",\"contentUrl\":\"https:\/\/www.pressenza.com\/wp-content\/uploads\/2022\/10\/pressenza_logo_200x200.jpg\",\"width\":200,\"height\":200,\"caption\":\"Pressenza\"},\"image\":{\"@id\":\"https:\/\/www.pressenza.com\/it\/#\/schema\/logo\/image\/\"},\"sameAs\":[\"https:\/\/www.facebook.com\/PressenzaItalia\",\"https:\/\/x.com\/PressenzaIPA\"]},{\"@type\":\"Person\",\"@id\":\"https:\/\/www.pressenza.com\/it\/#\/schema\/person\/d983e81827ae24f2c7b1a2123d197f8d\",\"name\":\"Redazione Italia\",\"description\":\"News from the Pressenza Bureau in Italy\",\"sameAs\":[\"https:\/\/www.pressenza.com\/it\/author\/redazione-italia\/\",\"https:\/\/www.facebook.com\/PressenzaItalia\",\"https:\/\/www.instagram.com\/pressenza_italia\/\",\"https:\/\/x.com\/pressenza_it\",\"https:\/\/www.youtube.com\/channel\/UCSalEIWjE1RSxkwjfftFuqg\"],\"url\":\"https:\/\/www.pressenza.com\/it\/author\/redazione-italia\/\"}]}<\/script>\n<!-- \/ Yoast SEO plugin. -->","yoast_head_json":{"title":"Apre il primo centro di nonviolenza attiva a Milano","description":"Un luogo di sperimentazione alla ricerca del senso dell'evoluzione umana e del superamento della sofferenza personale e sociale. Un luogo ricco di","robots":{"index":"index","follow":"follow","max-snippet":"max-snippet:-1","max-image-preview":"max-image-preview:large","max-video-preview":"max-video-preview:-1"},"canonical":"https:\/\/www.pressenza.com\/it\/2016\/01\/apre-il-primo-centro-di-nonviolenza-attiva-a-milano\/","og_locale":"it_IT","og_type":"article","og_title":"Apre il primo centro di nonviolenza attiva a Milano","og_description":"Un luogo di sperimentazione alla ricerca del senso dell'evoluzione umana e del superamento della sofferenza personale e sociale. Un luogo ricco di","og_url":"https:\/\/www.pressenza.com\/it\/2016\/01\/apre-il-primo-centro-di-nonviolenza-attiva-a-milano\/","og_site_name":"Pressenza","article_publisher":"https:\/\/www.facebook.com\/PressenzaItalia","article_author":"https:\/\/www.facebook.com\/PressenzaItalia","article_published_time":"2016-01-24T09:59:44+00:00","article_modified_time":"2016-01-24T11:43:28+00:00","og_image":[{"width":1024,"height":806,"url":"https:\/\/www.pressenza.com\/wp-content\/uploads\/2016\/01\/noi_magliette_cenva_light.jpg","type":"image\/jpeg"}],"author":"Redazione Italia","twitter_card":"summary_large_image","twitter_creator":"@pressenza_it","twitter_site":"@PressenzaIPA","twitter_misc":{"Scritto da":"Redazione Italia","Tempo di lettura stimato":"4 minuti"},"schema":{"@context":"https:\/\/schema.org","@graph":[{"@type":"Article","@id":"https:\/\/www.pressenza.com\/it\/2016\/01\/apre-il-primo-centro-di-nonviolenza-attiva-a-milano\/#article","isPartOf":{"@id":"https:\/\/www.pressenza.com\/it\/2016\/01\/apre-il-primo-centro-di-nonviolenza-attiva-a-milano\/"},"author":{"name":"Redazione Italia","@id":"https:\/\/www.pressenza.com\/it\/#\/schema\/person\/d983e81827ae24f2c7b1a2123d197f8d"},"headline":"Apre il primo centro di nonviolenza attiva a Milano","datePublished":"2016-01-24T09:59:44+00:00","dateModified":"2016-01-24T11:43:28+00:00","mainEntityOfPage":{"@id":"https:\/\/www.pressenza.com\/it\/2016\/01\/apre-il-primo-centro-di-nonviolenza-attiva-a-milano\/"},"wordCount":737,"publisher":{"@id":"https:\/\/www.pressenza.com\/it\/#organization"},"image":{"@id":"https:\/\/www.pressenza.com\/it\/2016\/01\/apre-il-primo-centro-di-nonviolenza-attiva-a-milano\/#primaryimage"},"thumbnailUrl":"https:\/\/www.pressenza.com\/wp-content\/uploads\/2016\/01\/noi_magliette_cenva_light.jpg","keywords":["Centro di Nonviolenza Attiva","Dario Ergas","La Comunit\u00e0 per lo Sviluppo Umano","Mondo senza guerre e senza Violenza","Movimento Umanista","Multimage"],"articleSection":["contenuti originali","Europa","Nonviolenza"],"inLanguage":"it-IT"},{"@type":"WebPage","@id":"https:\/\/www.pressenza.com\/it\/2016\/01\/apre-il-primo-centro-di-nonviolenza-attiva-a-milano\/","url":"https:\/\/www.pressenza.com\/it\/2016\/01\/apre-il-primo-centro-di-nonviolenza-attiva-a-milano\/","name":"Apre il primo centro di nonviolenza attiva a Milano","isPartOf":{"@id":"https:\/\/www.pressenza.com\/it\/#website"},"primaryImageOfPage":{"@id":"https:\/\/www.pressenza.com\/it\/2016\/01\/apre-il-primo-centro-di-nonviolenza-attiva-a-milano\/#primaryimage"},"image":{"@id":"https:\/\/www.pressenza.com\/it\/2016\/01\/apre-il-primo-centro-di-nonviolenza-attiva-a-milano\/#primaryimage"},"thumbnailUrl":"https:\/\/www.pressenza.com\/wp-content\/uploads\/2016\/01\/noi_magliette_cenva_light.jpg","datePublished":"2016-01-24T09:59:44+00:00","dateModified":"2016-01-24T11:43:28+00:00","description":"Un luogo di sperimentazione alla ricerca del senso dell'evoluzione umana e del superamento della sofferenza personale e sociale. Un luogo ricco di","breadcrumb":{"@id":"https:\/\/www.pressenza.com\/it\/2016\/01\/apre-il-primo-centro-di-nonviolenza-attiva-a-milano\/#breadcrumb"},"inLanguage":"it-IT","potentialAction":[{"@type":"ReadAction","target":["https:\/\/www.pressenza.com\/it\/2016\/01\/apre-il-primo-centro-di-nonviolenza-attiva-a-milano\/"]}]},{"@type":"ImageObject","inLanguage":"it-IT","@id":"https:\/\/www.pressenza.com\/it\/2016\/01\/apre-il-primo-centro-di-nonviolenza-attiva-a-milano\/#primaryimage","url":"https:\/\/www.pressenza.com\/wp-content\/uploads\/2016\/01\/noi_magliette_cenva_light.jpg","contentUrl":"https:\/\/www.pressenza.com\/wp-content\/uploads\/2016\/01\/noi_magliette_cenva_light.jpg","width":1024,"height":806},{"@type":"BreadcrumbList","@id":"https:\/\/www.pressenza.com\/it\/2016\/01\/apre-il-primo-centro-di-nonviolenza-attiva-a-milano\/#breadcrumb","itemListElement":[{"@type":"ListItem","position":1,"name":"Accueil","item":"https:\/\/www.pressenza.com\/it\/"},{"@type":"ListItem","position":2,"name":"Apre il primo centro di nonviolenza attiva a Milano"}]},{"@type":"WebSite","@id":"https:\/\/www.pressenza.com\/it\/#website","url":"https:\/\/www.pressenza.com\/it\/","name":"Pressenza","description":"Agenzia di Stampa Internazionale","publisher":{"@id":"https:\/\/www.pressenza.com\/it\/#organization"},"potentialAction":[{"@type":"SearchAction","target":{"@type":"EntryPoint","urlTemplate":"https:\/\/www.pressenza.com\/it\/?s={search_term_string}"},"query-input":{"@type":"PropertyValueSpecification","valueRequired":true,"valueName":"search_term_string"}}],"inLanguage":"it-IT"},{"@type":"Organization","@id":"https:\/\/www.pressenza.com\/it\/#organization","name":"Pressenza","url":"https:\/\/www.pressenza.com\/it\/","logo":{"@type":"ImageObject","inLanguage":"it-IT","@id":"https:\/\/www.pressenza.com\/it\/#\/schema\/logo\/image\/","url":"https:\/\/www.pressenza.com\/wp-content\/uploads\/2022\/10\/pressenza_logo_200x200.jpg","contentUrl":"https:\/\/www.pressenza.com\/wp-content\/uploads\/2022\/10\/pressenza_logo_200x200.jpg","width":200,"height":200,"caption":"Pressenza"},"image":{"@id":"https:\/\/www.pressenza.com\/it\/#\/schema\/logo\/image\/"},"sameAs":["https:\/\/www.facebook.com\/PressenzaItalia","https:\/\/x.com\/PressenzaIPA"]},{"@type":"Person","@id":"https:\/\/www.pressenza.com\/it\/#\/schema\/person\/d983e81827ae24f2c7b1a2123d197f8d","name":"Redazione Italia","description":"News from the Pressenza Bureau in Italy","sameAs":["https:\/\/www.pressenza.com\/it\/author\/redazione-italia\/","https:\/\/www.facebook.com\/PressenzaItalia","https:\/\/www.instagram.com\/pressenza_italia\/","https:\/\/x.com\/pressenza_it","https:\/\/www.youtube.com\/channel\/UCSalEIWjE1RSxkwjfftFuqg"],"url":"https:\/\/www.pressenza.com\/it\/author\/redazione-italia\/"}]}},"place":"Milano","original_article_url":"","_links":{"self":[{"href":"https:\/\/www.pressenza.com\/it\/wp-json\/wp\/v2\/posts\/270808","targetHints":{"allow":["GET"]}}],"collection":[{"href":"https:\/\/www.pressenza.com\/it\/wp-json\/wp\/v2\/posts"}],"about":[{"href":"https:\/\/www.pressenza.com\/it\/wp-json\/wp\/v2\/types\/post"}],"author":[{"embeddable":true,"href":"https:\/\/www.pressenza.com\/it\/wp-json\/wp\/v2\/users\/594"}],"replies":[{"embeddable":true,"href":"https:\/\/www.pressenza.com\/it\/wp-json\/wp\/v2\/comments?post=270808"}],"version-history":[{"count":0,"href":"https:\/\/www.pressenza.com\/it\/wp-json\/wp\/v2\/posts\/270808\/revisions"}],"wp:featuredmedia":[{"embeddable":true,"href":"https:\/\/www.pressenza.com\/it\/wp-json\/wp\/v2\/media\/270809"}],"wp:attachment":[{"href":"https:\/\/www.pressenza.com\/it\/wp-json\/wp\/v2\/media?parent=270808"}],"wp:term":[{"taxonomy":"category","embeddable":true,"href":"https:\/\/www.pressenza.com\/it\/wp-json\/wp\/v2\/categories?post=270808"},{"taxonomy":"post_tag","embeddable":true,"href":"https:\/\/www.pressenza.com\/it\/wp-json\/wp\/v2\/tags?post=270808"}],"curies":[{"name":"wp","href":"https:\/\/api.w.org\/{rel}","templated":true}]}}