{"id":2706,"date":"2010-01-03T00:00:00","date_gmt":"2010-01-03T00:00:00","guid":{"rendered":""},"modified":"2013-03-26T08:09:05","modified_gmt":"2013-03-26T08:09:05","slug":"una-nuova-partenza-per-il-centro-mondiale-di-studi-umanisti","status":"publish","type":"post","link":"https:\/\/www.pressenza.com\/it\/2010\/01\/una-nuova-partenza-per-il-centro-mondiale-di-studi-umanisti\/","title":{"rendered":"Una nuova partenza per il Centro Mondiale di Studi Umanisti"},"content":{"rendered":"<p>Oggi 3 gennaio 2010 al Parco di Studio e Riflessione Punta de Vacas (Argentina), pi\u00f9 di 1000 attivisti del Movimento Umanista provenienti da diverse parti del mondo, hanno partecipato all&#8217;incontro di riorganizzazione del Centro Mondiale di Studi Umanisti, organismo nato nel quadro del Nuovo Umanesimo pi\u00f9 di 10 anni fa.<\/p>\n<p>Il Centro Mondiale di Studi Umanisti (CMSU) \u00e8 un\u2019organizzazione che si dedica allo studio, alla ricerca e alla diffusione del pensiero dell\u2019Umanesimo Universalista e della sua applicazione ai problemi della societ\u00e0 e della scienza attuali. Inoltre propone che la ricerca scientifica sia accompagnata da un *Impegno Etico* esplicito da parte di studiosi e ricercatori in modo che la ricerca venga utilizzata solamente a favore della vita umana.<\/p>\n<p>L&#8217;incontro \u00e8 stato introdotto da Hugo Novotny, uno dei fondatori del Centro Mondiale, che ha sottolineato l&#8217;urgenza di elaborazione di nuovi paradigmi \u201cdi fronte al collasso di questo mondo violento e disumano\u201d. Oscar Cevey, dello staff promotore mondiale, aggiunge: \u201cLa scienza \u00e8 ferma gi\u00e0 da alcune decadi, cos\u00ec come l&#8217;arte, la filosofia e la cultura in generale. L&#8217;obiettivo del Centro Mondiale \u00e8 trasmettere la dottrina dell&#8217;Umanesimo Universalista e potenziare lo sviluppo della Nazione Umana Universale\u201d.<\/p>\n<p>Il Centro Mondiale di Studi Umanisti \u00e8 nato nel 1993 durante il Primo Forum Umanista Mondiale tenutosi a Mosca per iniziativa di Silo. Negli anni successivi il CMSU ha pubblicato diversi annuari e il Dizionario del Nuovo Umanesimo. Dal 2003 hanno cominciato a svilupparsi Centri di Studi locali che nel 2008 si sono costituiti nella Federazione Mondiale dei Centri di Studi Umanisti durante il Simposio \u201cL&#8217;etica nella conocenza\u201d.<\/p>\n<p>Attualmente sono 40 i gruppi promotori di Centri di Studio nel mondo, con circa 400 membri attivi, che ricercano in differenti discipline: psicologia, economia, ambiente, nonviolenza, spiritualit\u00e0, tecnologia, scienza, estetica.<\/p>\n<p>Tra i vari interventi Aaron Elberg del Centro di Studi di Tel Aviv racconta il progetto, iniziato un anno fa, di studio dei movimenti sociali israeliani e palestinesi, al fine di promuoverne la conoscenza reciproca in un&#8217;ottica di riconciliazione e superamento del sentimento di vendetta. &#8220;L&#8217;aspirazione \u00e8 contribuire alla creazione di un nuovo modo di pensare capace di vero dialogo&#8221;.<\/p>\n<p>Questo \u00e8 anche l&#8217;obiettivo del prossimo Simposio Mondiale \u201cFondamenti per una nuova civilt\u00e0\u201d, che si terr\u00e0 nell&#8217;autunno 2010 al Parco di Studio e Riflessione di Attigliano (Italia), in cui si aspira a far incontrare esperti e studiosi che possano contribuire a gettare le basi filosofiche e pratiche della societ\u00e0 del futuro, che gi\u00e0 ora appare negli elementi pi\u00f9 progressivi della conoscenza attuale.<\/p>\n<p>Per approfondimenti: [www.cmehumanistas.org](http:\/\/www.cmehumanistas.org &#8220;www.cmehumanistas.org&#8221;)<\/p>\n","protected":false},"excerpt":{"rendered":"<p>Pi\u00f9 di 1000 persone all&#8217;incontro dell&#8217;organismo pi\u00f9 giovane nato dal Movimento Umanista, per fare il punto della situazione e lanciare proposte in questa nuova fase di mondializzazione in cui si sta mettendo in moto la rete dei Centri di Studi locali in tutto il pianeta. Si progetta il Secondo Simposio Mondiale \u201cFondamenti per una Nuova Civilt\u00e0\u201d.<\/p>\n","protected":false},"author":19,"featured_media":0,"comment_status":"closed","ping_status":"open","sticky":false,"template":"","format":"standard","meta":{"footnotes":""},"categories":[150,56,38,48],"tags":[1062,4231,4251,4241],"class_list":["post-2706","post","type-post","status-publish","format-standard","hentry","category-comunicati-stampa","category-cultura","category-internazionale","category-sud-america","tag-centro-studi-umanisti","tag-movimento-umanista","tag-punta-de-vacas-it","tag-umanesimo-universalista"],"yoast_head":"<!-- This site is optimized with the Yoast SEO plugin v27.1.1 - https:\/\/yoast.com\/product\/yoast-seo-wordpress\/ -->\n<title>Una nuova partenza per il Centro Mondiale di Studi Umanisti<\/title>\n<meta name=\"description\" content=\"Pi\u00f9 di 1000 persone all&#039;incontro dell&#039;organismo pi\u00f9 giovane nato dal Movimento Umanista, per fare il punto della situazione e lanciare proposte in questa nuova fase di mondializzazione in cui si sta mettendo in moto la rete dei Centri di Studi locali in tutto il pianeta. Si progetta il Secondo Simposio Mondiale \u201cFondamenti per una Nuova Civilt\u00e0\u201d.\" \/>\n<meta name=\"robots\" content=\"index, follow, max-snippet:-1, max-image-preview:large, max-video-preview:-1\" \/>\n<link rel=\"canonical\" href=\"https:\/\/www.pressenza.com\/it\/2010\/01\/una-nuova-partenza-per-il-centro-mondiale-di-studi-umanisti\/\" \/>\n<meta property=\"og:locale\" content=\"it_IT\" \/>\n<meta property=\"og:type\" content=\"article\" \/>\n<meta property=\"og:title\" content=\"Una nuova partenza per il Centro Mondiale di Studi Umanisti\" \/>\n<meta property=\"og:description\" content=\"Pi\u00f9 di 1000 persone all&#039;incontro dell&#039;organismo pi\u00f9 giovane nato dal Movimento Umanista, per fare il punto della situazione e lanciare proposte in questa nuova fase di mondializzazione in cui si sta mettendo in moto la rete dei Centri di Studi locali in tutto il pianeta. Si progetta il Secondo Simposio Mondiale \u201cFondamenti per una Nuova Civilt\u00e0\u201d.\" \/>\n<meta property=\"og:url\" content=\"https:\/\/www.pressenza.com\/it\/2010\/01\/una-nuova-partenza-per-il-centro-mondiale-di-studi-umanisti\/\" \/>\n<meta property=\"og:site_name\" content=\"Pressenza\" \/>\n<meta property=\"article:publisher\" content=\"https:\/\/www.facebook.com\/PressenzaItalia\" \/>\n<meta property=\"article:author\" content=\"https:\/\/www.facebook.com\/pressenza\" \/>\n<meta property=\"article:published_time\" content=\"2010-01-03T00:00:00+00:00\" \/>\n<meta property=\"article:modified_time\" content=\"2013-03-26T08:09:05+00:00\" \/>\n<meta name=\"author\" content=\"Pressenza IPA\" \/>\n<meta name=\"twitter:card\" content=\"summary_large_image\" \/>\n<meta name=\"twitter:creator\" content=\"@PressenzaIPA\" \/>\n<meta name=\"twitter:site\" content=\"@PressenzaIPA\" \/>\n<meta name=\"twitter:label1\" content=\"Scritto da\" \/>\n\t<meta name=\"twitter:data1\" content=\"Pressenza IPA\" \/>\n\t<meta name=\"twitter:label2\" content=\"Tempo di lettura stimato\" \/>\n\t<meta name=\"twitter:data2\" content=\"2 minuti\" \/>\n<script type=\"application\/ld+json\" class=\"yoast-schema-graph\">{\"@context\":\"https:\/\/schema.org\",\"@graph\":[{\"@type\":\"Article\",\"@id\":\"https:\/\/www.pressenza.com\/it\/2010\/01\/una-nuova-partenza-per-il-centro-mondiale-di-studi-umanisti\/#article\",\"isPartOf\":{\"@id\":\"https:\/\/www.pressenza.com\/it\/2010\/01\/una-nuova-partenza-per-il-centro-mondiale-di-studi-umanisti\/\"},\"author\":{\"name\":\"Pressenza IPA\",\"@id\":\"https:\/\/www.pressenza.com\/it\/#\/schema\/person\/010e5d02bcf40965427a1289a4cc8d75\"},\"headline\":\"Una nuova partenza per il Centro Mondiale di Studi Umanisti\",\"datePublished\":\"2010-01-03T00:00:00+00:00\",\"dateModified\":\"2013-03-26T08:09:05+00:00\",\"mainEntityOfPage\":{\"@id\":\"https:\/\/www.pressenza.com\/it\/2010\/01\/una-nuova-partenza-per-il-centro-mondiale-di-studi-umanisti\/\"},\"wordCount\":430,\"publisher\":{\"@id\":\"https:\/\/www.pressenza.com\/it\/#organization\"},\"keywords\":[\"Centro studi Umanisti\",\"Movimento Umanista\",\"Punta de Vacas\",\"Umanesimo Universalista\"],\"articleSection\":[\"Comunicati Stampa\",\"Cultura e Media\",\"Internazionale\",\"Sud America\"],\"inLanguage\":\"it-IT\"},{\"@type\":\"WebPage\",\"@id\":\"https:\/\/www.pressenza.com\/it\/2010\/01\/una-nuova-partenza-per-il-centro-mondiale-di-studi-umanisti\/\",\"url\":\"https:\/\/www.pressenza.com\/it\/2010\/01\/una-nuova-partenza-per-il-centro-mondiale-di-studi-umanisti\/\",\"name\":\"Una nuova partenza per il Centro Mondiale di Studi Umanisti\",\"isPartOf\":{\"@id\":\"https:\/\/www.pressenza.com\/it\/#website\"},\"datePublished\":\"2010-01-03T00:00:00+00:00\",\"dateModified\":\"2013-03-26T08:09:05+00:00\",\"description\":\"Pi\u00f9 di 1000 persone all'incontro dell'organismo pi\u00f9 giovane nato dal Movimento Umanista, per fare il punto della situazione e lanciare proposte in questa nuova fase di mondializzazione in cui si sta mettendo in moto la rete dei Centri di Studi locali in tutto il pianeta. Si progetta il Secondo Simposio Mondiale \u201cFondamenti per una Nuova Civilt\u00e0\u201d.\",\"breadcrumb\":{\"@id\":\"https:\/\/www.pressenza.com\/it\/2010\/01\/una-nuova-partenza-per-il-centro-mondiale-di-studi-umanisti\/#breadcrumb\"},\"inLanguage\":\"it-IT\",\"potentialAction\":[{\"@type\":\"ReadAction\",\"target\":[\"https:\/\/www.pressenza.com\/it\/2010\/01\/una-nuova-partenza-per-il-centro-mondiale-di-studi-umanisti\/\"]}]},{\"@type\":\"BreadcrumbList\",\"@id\":\"https:\/\/www.pressenza.com\/it\/2010\/01\/una-nuova-partenza-per-il-centro-mondiale-di-studi-umanisti\/#breadcrumb\",\"itemListElement\":[{\"@type\":\"ListItem\",\"position\":1,\"name\":\"Accueil\",\"item\":\"https:\/\/www.pressenza.com\/it\/\"},{\"@type\":\"ListItem\",\"position\":2,\"name\":\"Una nuova partenza per il Centro Mondiale di Studi Umanisti\"}]},{\"@type\":\"WebSite\",\"@id\":\"https:\/\/www.pressenza.com\/it\/#website\",\"url\":\"https:\/\/www.pressenza.com\/it\/\",\"name\":\"Pressenza\",\"description\":\"Agenzia di Stampa Internazionale\",\"publisher\":{\"@id\":\"https:\/\/www.pressenza.com\/it\/#organization\"},\"potentialAction\":[{\"@type\":\"SearchAction\",\"target\":{\"@type\":\"EntryPoint\",\"urlTemplate\":\"https:\/\/www.pressenza.com\/it\/?s={search_term_string}\"},\"query-input\":{\"@type\":\"PropertyValueSpecification\",\"valueRequired\":true,\"valueName\":\"search_term_string\"}}],\"inLanguage\":\"it-IT\"},{\"@type\":\"Organization\",\"@id\":\"https:\/\/www.pressenza.com\/it\/#organization\",\"name\":\"Pressenza\",\"url\":\"https:\/\/www.pressenza.com\/it\/\",\"logo\":{\"@type\":\"ImageObject\",\"inLanguage\":\"it-IT\",\"@id\":\"https:\/\/www.pressenza.com\/it\/#\/schema\/logo\/image\/\",\"url\":\"https:\/\/www.pressenza.com\/wp-content\/uploads\/2022\/10\/pressenza_logo_200x200.jpg\",\"contentUrl\":\"https:\/\/www.pressenza.com\/wp-content\/uploads\/2022\/10\/pressenza_logo_200x200.jpg\",\"width\":200,\"height\":200,\"caption\":\"Pressenza\"},\"image\":{\"@id\":\"https:\/\/www.pressenza.com\/it\/#\/schema\/logo\/image\/\"},\"sameAs\":[\"https:\/\/www.facebook.com\/PressenzaItalia\",\"https:\/\/x.com\/PressenzaIPA\"]},{\"@type\":\"Person\",\"@id\":\"https:\/\/www.pressenza.com\/it\/#\/schema\/person\/010e5d02bcf40965427a1289a4cc8d75\",\"name\":\"Pressenza IPA\",\"description\":\"News from Pressenza IPA correspondents\",\"sameAs\":[\"https:\/\/www.facebook.com\/pressenza\",\"https:\/\/x.com\/PressenzaIPA\"],\"url\":\"https:\/\/www.pressenza.com\/it\/author\/pressenza-ipa\/\"}]}<\/script>\n<!-- \/ Yoast SEO plugin. -->","yoast_head_json":{"title":"Una nuova partenza per il Centro Mondiale di Studi Umanisti","description":"Pi\u00f9 di 1000 persone all'incontro dell'organismo pi\u00f9 giovane nato dal Movimento Umanista, per fare il punto della situazione e lanciare proposte in questa nuova fase di mondializzazione in cui si sta mettendo in moto la rete dei Centri di Studi locali in tutto il pianeta. Si progetta il Secondo Simposio Mondiale \u201cFondamenti per una Nuova Civilt\u00e0\u201d.","robots":{"index":"index","follow":"follow","max-snippet":"max-snippet:-1","max-image-preview":"max-image-preview:large","max-video-preview":"max-video-preview:-1"},"canonical":"https:\/\/www.pressenza.com\/it\/2010\/01\/una-nuova-partenza-per-il-centro-mondiale-di-studi-umanisti\/","og_locale":"it_IT","og_type":"article","og_title":"Una nuova partenza per il Centro Mondiale di Studi Umanisti","og_description":"Pi\u00f9 di 1000 persone all'incontro dell'organismo pi\u00f9 giovane nato dal Movimento Umanista, per fare il punto della situazione e lanciare proposte in questa nuova fase di mondializzazione in cui si sta mettendo in moto la rete dei Centri di Studi locali in tutto il pianeta. Si progetta il Secondo Simposio Mondiale \u201cFondamenti per una Nuova Civilt\u00e0\u201d.","og_url":"https:\/\/www.pressenza.com\/it\/2010\/01\/una-nuova-partenza-per-il-centro-mondiale-di-studi-umanisti\/","og_site_name":"Pressenza","article_publisher":"https:\/\/www.facebook.com\/PressenzaItalia","article_author":"https:\/\/www.facebook.com\/pressenza","article_published_time":"2010-01-03T00:00:00+00:00","article_modified_time":"2013-03-26T08:09:05+00:00","author":"Pressenza IPA","twitter_card":"summary_large_image","twitter_creator":"@PressenzaIPA","twitter_site":"@PressenzaIPA","twitter_misc":{"Scritto da":"Pressenza IPA","Tempo di lettura stimato":"2 minuti"},"schema":{"@context":"https:\/\/schema.org","@graph":[{"@type":"Article","@id":"https:\/\/www.pressenza.com\/it\/2010\/01\/una-nuova-partenza-per-il-centro-mondiale-di-studi-umanisti\/#article","isPartOf":{"@id":"https:\/\/www.pressenza.com\/it\/2010\/01\/una-nuova-partenza-per-il-centro-mondiale-di-studi-umanisti\/"},"author":{"name":"Pressenza IPA","@id":"https:\/\/www.pressenza.com\/it\/#\/schema\/person\/010e5d02bcf40965427a1289a4cc8d75"},"headline":"Una nuova partenza per il Centro Mondiale di Studi Umanisti","datePublished":"2010-01-03T00:00:00+00:00","dateModified":"2013-03-26T08:09:05+00:00","mainEntityOfPage":{"@id":"https:\/\/www.pressenza.com\/it\/2010\/01\/una-nuova-partenza-per-il-centro-mondiale-di-studi-umanisti\/"},"wordCount":430,"publisher":{"@id":"https:\/\/www.pressenza.com\/it\/#organization"},"keywords":["Centro studi Umanisti","Movimento Umanista","Punta de Vacas","Umanesimo Universalista"],"articleSection":["Comunicati Stampa","Cultura e Media","Internazionale","Sud America"],"inLanguage":"it-IT"},{"@type":"WebPage","@id":"https:\/\/www.pressenza.com\/it\/2010\/01\/una-nuova-partenza-per-il-centro-mondiale-di-studi-umanisti\/","url":"https:\/\/www.pressenza.com\/it\/2010\/01\/una-nuova-partenza-per-il-centro-mondiale-di-studi-umanisti\/","name":"Una nuova partenza per il Centro Mondiale di Studi Umanisti","isPartOf":{"@id":"https:\/\/www.pressenza.com\/it\/#website"},"datePublished":"2010-01-03T00:00:00+00:00","dateModified":"2013-03-26T08:09:05+00:00","description":"Pi\u00f9 di 1000 persone all'incontro dell'organismo pi\u00f9 giovane nato dal Movimento Umanista, per fare il punto della situazione e lanciare proposte in questa nuova fase di mondializzazione in cui si sta mettendo in moto la rete dei Centri di Studi locali in tutto il pianeta. Si progetta il Secondo Simposio Mondiale \u201cFondamenti per una Nuova Civilt\u00e0\u201d.","breadcrumb":{"@id":"https:\/\/www.pressenza.com\/it\/2010\/01\/una-nuova-partenza-per-il-centro-mondiale-di-studi-umanisti\/#breadcrumb"},"inLanguage":"it-IT","potentialAction":[{"@type":"ReadAction","target":["https:\/\/www.pressenza.com\/it\/2010\/01\/una-nuova-partenza-per-il-centro-mondiale-di-studi-umanisti\/"]}]},{"@type":"BreadcrumbList","@id":"https:\/\/www.pressenza.com\/it\/2010\/01\/una-nuova-partenza-per-il-centro-mondiale-di-studi-umanisti\/#breadcrumb","itemListElement":[{"@type":"ListItem","position":1,"name":"Accueil","item":"https:\/\/www.pressenza.com\/it\/"},{"@type":"ListItem","position":2,"name":"Una nuova partenza per il Centro Mondiale di Studi Umanisti"}]},{"@type":"WebSite","@id":"https:\/\/www.pressenza.com\/it\/#website","url":"https:\/\/www.pressenza.com\/it\/","name":"Pressenza","description":"Agenzia di Stampa Internazionale","publisher":{"@id":"https:\/\/www.pressenza.com\/it\/#organization"},"potentialAction":[{"@type":"SearchAction","target":{"@type":"EntryPoint","urlTemplate":"https:\/\/www.pressenza.com\/it\/?s={search_term_string}"},"query-input":{"@type":"PropertyValueSpecification","valueRequired":true,"valueName":"search_term_string"}}],"inLanguage":"it-IT"},{"@type":"Organization","@id":"https:\/\/www.pressenza.com\/it\/#organization","name":"Pressenza","url":"https:\/\/www.pressenza.com\/it\/","logo":{"@type":"ImageObject","inLanguage":"it-IT","@id":"https:\/\/www.pressenza.com\/it\/#\/schema\/logo\/image\/","url":"https:\/\/www.pressenza.com\/wp-content\/uploads\/2022\/10\/pressenza_logo_200x200.jpg","contentUrl":"https:\/\/www.pressenza.com\/wp-content\/uploads\/2022\/10\/pressenza_logo_200x200.jpg","width":200,"height":200,"caption":"Pressenza"},"image":{"@id":"https:\/\/www.pressenza.com\/it\/#\/schema\/logo\/image\/"},"sameAs":["https:\/\/www.facebook.com\/PressenzaItalia","https:\/\/x.com\/PressenzaIPA"]},{"@type":"Person","@id":"https:\/\/www.pressenza.com\/it\/#\/schema\/person\/010e5d02bcf40965427a1289a4cc8d75","name":"Pressenza IPA","description":"News from Pressenza IPA correspondents","sameAs":["https:\/\/www.facebook.com\/pressenza","https:\/\/x.com\/PressenzaIPA"],"url":"https:\/\/www.pressenza.com\/it\/author\/pressenza-ipa\/"}]}},"place":"Punta de Vacas","original_article_url":"","_links":{"self":[{"href":"https:\/\/www.pressenza.com\/it\/wp-json\/wp\/v2\/posts\/2706","targetHints":{"allow":["GET"]}}],"collection":[{"href":"https:\/\/www.pressenza.com\/it\/wp-json\/wp\/v2\/posts"}],"about":[{"href":"https:\/\/www.pressenza.com\/it\/wp-json\/wp\/v2\/types\/post"}],"author":[{"embeddable":true,"href":"https:\/\/www.pressenza.com\/it\/wp-json\/wp\/v2\/users\/19"}],"replies":[{"embeddable":true,"href":"https:\/\/www.pressenza.com\/it\/wp-json\/wp\/v2\/comments?post=2706"}],"version-history":[{"count":0,"href":"https:\/\/www.pressenza.com\/it\/wp-json\/wp\/v2\/posts\/2706\/revisions"}],"wp:attachment":[{"href":"https:\/\/www.pressenza.com\/it\/wp-json\/wp\/v2\/media?parent=2706"}],"wp:term":[{"taxonomy":"category","embeddable":true,"href":"https:\/\/www.pressenza.com\/it\/wp-json\/wp\/v2\/categories?post=2706"},{"taxonomy":"post_tag","embeddable":true,"href":"https:\/\/www.pressenza.com\/it\/wp-json\/wp\/v2\/tags?post=2706"}],"curies":[{"name":"wp","href":"https:\/\/api.w.org\/{rel}","templated":true}]}}