{"id":27039,"date":"2012-12-06T09:20:17","date_gmt":"2012-12-06T09:20:17","guid":{"rendered":"http:\/\/www.pressenza.com\/?p=27039"},"modified":"2012-12-06T09:20:17","modified_gmt":"2012-12-06T09:20:17","slug":"quarta-giornata-di-sciopero-della-sanita-pubblica-madrilena","status":"publish","type":"post","link":"https:\/\/www.pressenza.com\/it\/2012\/12\/quarta-giornata-di-sciopero-della-sanita-pubblica-madrilena\/","title":{"rendered":"Quarta giornata di sciopero della sanit\u00e0 pubblica madrilena"},"content":{"rendered":"<p>Il 5 dicembre il personale sanitario di Madrid ha organizzato la sua quarta e ultima giornata di sciopero contro i tagli ai finanziamenti e i piani di privatizzazione della sanit\u00e0 pubblica previsti dal governo di questa regione autonoma spagnola.<\/p>\n<p>Circa 75.000 lavoratori degli ospedali e dei centri sanitari di \u00a0Madrid, amministrata dal Partito Popolare (PP), di destra, sono stati chiamati ad aderire allo sciopero; alla vigilia\u00a0 della giornata di lotta sindacati hanno dichiarato una partecipazione del 90%.<\/p>\n<p>Inoltre l\u2019Asociaci\u00f3n de Facultativos Especialistas di Madrid ( che riunisce i medici specialisti, N.d.T.) ha ripreso uno sciopero a oltranza sempre a difesa della sanit\u00e0 pubblica e gratuita, che si ripeter\u00e0 ogni settimana dal luned\u00ec al gioved\u00ec.<\/p>\n<p>L\u2019obiettivo delle mobilitazioni \u00e8 il ritiro del cosiddetto Piano di Sostenibilit\u00e0 del Sistema Sanitario Pubblico di questo territorio, incluso nei Bilanci autonomi per il 2013.<\/p>\n<p>Tale piano implica il trasferimento ai privati della gestione di sei ospedali e 27 centri, cos\u00ec come dell\u2019amministrazione non sanitaria di tutta la rete della sanit\u00e0 statale. Al fine di ridurre il deficit fiscale prevede anche la chiusura dell\u2019Istituto di Cardiologia, la centralizzazione dei laboratori, l\u2019eliminazione di 26 categorie di personale non sanitario e il pagamento di un euro a ricetta, tutte misure molto impopolari.<\/p>\n<p>Secondo i sei sindacati del settore questo progetto, insieme al bilancio approvato in ottobre dall\u2019Esecutivo autonomo del PP ( e dal governo spagnolo) distrugge le condizioni lavorative e affida la gestione del Servizio Sanitario Pubblico a imprese private a fini di lucro.<\/p>\n<p>Come \u00e8 gi\u00f9 successo in occasione dello sciopero del 26 e 27 novembre, le autorit\u00e0 e le organizzazioni di categoria hanno concordato lo svolgimento di servizi minimi equivalenti a quelli domenicali o festivi e il mantenimento delle guardie mediche programmate.<\/p>\n<p>I sindacati hanno anche convocato un concentramento davanti all\u2019Assemblea di Madrid (ossia il Parlamento autonomo).<\/p>\n","protected":false},"excerpt":{"rendered":"<p>Il 5 dicembre il personale sanitario di Madrid ha organizzato la sua quarta e ultima giornata di sciopero contro i tagli ai finanziamenti e i piani di privatizzazione della sanit\u00e0 pubblica previsti dal governo di questa regione autonoma spagnola. Circa&hellip;<\/p>\n","protected":false},"author":90,"featured_media":27040,"comment_status":"closed","ping_status":"open","sticky":false,"template":"","format":"standard","meta":{"footnotes":""},"categories":[47,1259],"tags":[965,1764,1602],"class_list":["post-27039","post","type-post","status-publish","format-standard","has-post-thumbnail","hentry","category-europa","category-salute-argomento","tag-madrid","tag-sciopero-sanita","tag-spagna"],"yoast_head":"<!-- This site is optimized with the Yoast SEO plugin v27.1.1 - https:\/\/yoast.com\/product\/yoast-seo-wordpress\/ -->\n<title>Quarta giornata di sciopero della sanit\u00e0 pubblica madrilena<\/title>\n<meta name=\"description\" content=\"Il 5 dicembre il personale sanitario di Madrid ha organizzato la sua quarta e ultima giornata di sciopero contro i tagli ai finanziamenti e i piani di\" \/>\n<meta name=\"robots\" content=\"index, follow, max-snippet:-1, max-image-preview:large, max-video-preview:-1\" \/>\n<link rel=\"canonical\" href=\"https:\/\/www.pressenza.com\/it\/2012\/12\/quarta-giornata-di-sciopero-della-sanita-pubblica-madrilena\/\" \/>\n<meta property=\"og:locale\" content=\"it_IT\" \/>\n<meta property=\"og:type\" content=\"article\" \/>\n<meta property=\"og:title\" content=\"Quarta giornata di sciopero della sanit\u00e0 pubblica madrilena\" \/>\n<meta property=\"og:description\" content=\"Il 5 dicembre il personale sanitario di Madrid ha organizzato la sua quarta e ultima giornata di sciopero contro i tagli ai finanziamenti e i piani di\" \/>\n<meta property=\"og:url\" content=\"https:\/\/www.pressenza.com\/it\/2012\/12\/quarta-giornata-di-sciopero-della-sanita-pubblica-madrilena\/\" \/>\n<meta property=\"og:site_name\" content=\"Pressenza\" \/>\n<meta property=\"article:publisher\" content=\"https:\/\/www.facebook.com\/PressenzaItalia\" \/>\n<meta property=\"article:author\" content=\"https:\/\/www.facebook.com\/AgenciaPrensaLatina\" \/>\n<meta property=\"article:published_time\" content=\"2012-12-06T09:20:17+00:00\" \/>\n<meta property=\"og:image\" content=\"https:\/\/www.pressenza.com\/wp-content\/uploads\/2012\/12\/esp-madrid-huelgasalud1.jpg\" \/>\n\t<meta property=\"og:image:width\" content=\"286\" \/>\n\t<meta property=\"og:image:height\" content=\"215\" \/>\n\t<meta property=\"og:image:type\" content=\"image\/jpeg\" \/>\n<meta name=\"author\" content=\"Prensa Latina\" \/>\n<meta name=\"twitter:card\" content=\"summary_large_image\" \/>\n<meta name=\"twitter:creator\" content=\"@prensalatina_cu\" \/>\n<meta name=\"twitter:site\" content=\"@PressenzaIPA\" \/>\n<meta name=\"twitter:label1\" content=\"Scritto da\" \/>\n\t<meta name=\"twitter:data1\" content=\"Prensa Latina\" \/>\n\t<meta name=\"twitter:label2\" content=\"Tempo di lettura stimato\" \/>\n\t<meta name=\"twitter:data2\" content=\"1 minuto\" \/>\n<script type=\"application\/ld+json\" class=\"yoast-schema-graph\">{\"@context\":\"https:\/\/schema.org\",\"@graph\":[{\"@type\":\"Article\",\"@id\":\"https:\/\/www.pressenza.com\/it\/2012\/12\/quarta-giornata-di-sciopero-della-sanita-pubblica-madrilena\/#article\",\"isPartOf\":{\"@id\":\"https:\/\/www.pressenza.com\/it\/2012\/12\/quarta-giornata-di-sciopero-della-sanita-pubblica-madrilena\/\"},\"author\":{\"name\":\"Prensa Latina\",\"@id\":\"https:\/\/www.pressenza.com\/it\/#\/schema\/person\/e35c78ffa242d98f4f49ccb18c8631de\"},\"headline\":\"Quarta giornata di sciopero della sanit\u00e0 pubblica madrilena\",\"datePublished\":\"2012-12-06T09:20:17+00:00\",\"mainEntityOfPage\":{\"@id\":\"https:\/\/www.pressenza.com\/it\/2012\/12\/quarta-giornata-di-sciopero-della-sanita-pubblica-madrilena\/\"},\"wordCount\":307,\"publisher\":{\"@id\":\"https:\/\/www.pressenza.com\/it\/#organization\"},\"image\":{\"@id\":\"https:\/\/www.pressenza.com\/it\/2012\/12\/quarta-giornata-di-sciopero-della-sanita-pubblica-madrilena\/#primaryimage\"},\"thumbnailUrl\":\"https:\/\/www.pressenza.com\/wp-content\/uploads\/2012\/12\/esp-madrid-huelgasalud1.jpg\",\"keywords\":[\"Madrid\",\"sciopero sanit\u00e0\",\"Spagna\"],\"articleSection\":[\"Europa\",\"Salute\"],\"inLanguage\":\"it-IT\"},{\"@type\":\"WebPage\",\"@id\":\"https:\/\/www.pressenza.com\/it\/2012\/12\/quarta-giornata-di-sciopero-della-sanita-pubblica-madrilena\/\",\"url\":\"https:\/\/www.pressenza.com\/it\/2012\/12\/quarta-giornata-di-sciopero-della-sanita-pubblica-madrilena\/\",\"name\":\"Quarta giornata di sciopero della sanit\u00e0 pubblica madrilena\",\"isPartOf\":{\"@id\":\"https:\/\/www.pressenza.com\/it\/#website\"},\"primaryImageOfPage\":{\"@id\":\"https:\/\/www.pressenza.com\/it\/2012\/12\/quarta-giornata-di-sciopero-della-sanita-pubblica-madrilena\/#primaryimage\"},\"image\":{\"@id\":\"https:\/\/www.pressenza.com\/it\/2012\/12\/quarta-giornata-di-sciopero-della-sanita-pubblica-madrilena\/#primaryimage\"},\"thumbnailUrl\":\"https:\/\/www.pressenza.com\/wp-content\/uploads\/2012\/12\/esp-madrid-huelgasalud1.jpg\",\"datePublished\":\"2012-12-06T09:20:17+00:00\",\"description\":\"Il 5 dicembre il personale sanitario di Madrid ha organizzato la sua quarta e ultima giornata di sciopero contro i tagli ai finanziamenti e i piani di\",\"breadcrumb\":{\"@id\":\"https:\/\/www.pressenza.com\/it\/2012\/12\/quarta-giornata-di-sciopero-della-sanita-pubblica-madrilena\/#breadcrumb\"},\"inLanguage\":\"it-IT\",\"potentialAction\":[{\"@type\":\"ReadAction\",\"target\":[\"https:\/\/www.pressenza.com\/it\/2012\/12\/quarta-giornata-di-sciopero-della-sanita-pubblica-madrilena\/\"]}]},{\"@type\":\"ImageObject\",\"inLanguage\":\"it-IT\",\"@id\":\"https:\/\/www.pressenza.com\/it\/2012\/12\/quarta-giornata-di-sciopero-della-sanita-pubblica-madrilena\/#primaryimage\",\"url\":\"https:\/\/www.pressenza.com\/wp-content\/uploads\/2012\/12\/esp-madrid-huelgasalud1.jpg\",\"contentUrl\":\"https:\/\/www.pressenza.com\/wp-content\/uploads\/2012\/12\/esp-madrid-huelgasalud1.jpg\",\"width\":\"286\",\"height\":\"215\"},{\"@type\":\"BreadcrumbList\",\"@id\":\"https:\/\/www.pressenza.com\/it\/2012\/12\/quarta-giornata-di-sciopero-della-sanita-pubblica-madrilena\/#breadcrumb\",\"itemListElement\":[{\"@type\":\"ListItem\",\"position\":1,\"name\":\"Accueil\",\"item\":\"https:\/\/www.pressenza.com\/it\/\"},{\"@type\":\"ListItem\",\"position\":2,\"name\":\"Quarta giornata di sciopero della sanit\u00e0 pubblica madrilena\"}]},{\"@type\":\"WebSite\",\"@id\":\"https:\/\/www.pressenza.com\/it\/#website\",\"url\":\"https:\/\/www.pressenza.com\/it\/\",\"name\":\"Pressenza\",\"description\":\"Agenzia di Stampa Internazionale\",\"publisher\":{\"@id\":\"https:\/\/www.pressenza.com\/it\/#organization\"},\"potentialAction\":[{\"@type\":\"SearchAction\",\"target\":{\"@type\":\"EntryPoint\",\"urlTemplate\":\"https:\/\/www.pressenza.com\/it\/?s={search_term_string}\"},\"query-input\":{\"@type\":\"PropertyValueSpecification\",\"valueRequired\":true,\"valueName\":\"search_term_string\"}}],\"inLanguage\":\"it-IT\"},{\"@type\":\"Organization\",\"@id\":\"https:\/\/www.pressenza.com\/it\/#organization\",\"name\":\"Pressenza\",\"url\":\"https:\/\/www.pressenza.com\/it\/\",\"logo\":{\"@type\":\"ImageObject\",\"inLanguage\":\"it-IT\",\"@id\":\"https:\/\/www.pressenza.com\/it\/#\/schema\/logo\/image\/\",\"url\":\"https:\/\/www.pressenza.com\/wp-content\/uploads\/2022\/10\/pressenza_logo_200x200.jpg\",\"contentUrl\":\"https:\/\/www.pressenza.com\/wp-content\/uploads\/2022\/10\/pressenza_logo_200x200.jpg\",\"width\":200,\"height\":200,\"caption\":\"Pressenza\"},\"image\":{\"@id\":\"https:\/\/www.pressenza.com\/it\/#\/schema\/logo\/image\/\"},\"sameAs\":[\"https:\/\/www.facebook.com\/PressenzaItalia\",\"https:\/\/x.com\/PressenzaIPA\"]},{\"@type\":\"Person\",\"@id\":\"https:\/\/www.pressenza.com\/it\/#\/schema\/person\/e35c78ffa242d98f4f49ccb18c8631de\",\"name\":\"Prensa Latina\",\"description\":\"www.prensa-latina.cu\",\"sameAs\":[\"https:\/\/www.facebook.com\/AgenciaPrensaLatina\",\"https:\/\/x.com\/prensalatina_cu\"],\"url\":\"https:\/\/www.pressenza.com\/it\/author\/prensa-latina\/\"}]}<\/script>\n<!-- \/ Yoast SEO plugin. -->","yoast_head_json":{"title":"Quarta giornata di sciopero della sanit\u00e0 pubblica madrilena","description":"Il 5 dicembre il personale sanitario di Madrid ha organizzato la sua quarta e ultima giornata di sciopero contro i tagli ai finanziamenti e i piani di","robots":{"index":"index","follow":"follow","max-snippet":"max-snippet:-1","max-image-preview":"max-image-preview:large","max-video-preview":"max-video-preview:-1"},"canonical":"https:\/\/www.pressenza.com\/it\/2012\/12\/quarta-giornata-di-sciopero-della-sanita-pubblica-madrilena\/","og_locale":"it_IT","og_type":"article","og_title":"Quarta giornata di sciopero della sanit\u00e0 pubblica madrilena","og_description":"Il 5 dicembre il personale sanitario di Madrid ha organizzato la sua quarta e ultima giornata di sciopero contro i tagli ai finanziamenti e i piani di","og_url":"https:\/\/www.pressenza.com\/it\/2012\/12\/quarta-giornata-di-sciopero-della-sanita-pubblica-madrilena\/","og_site_name":"Pressenza","article_publisher":"https:\/\/www.facebook.com\/PressenzaItalia","article_author":"https:\/\/www.facebook.com\/AgenciaPrensaLatina","article_published_time":"2012-12-06T09:20:17+00:00","og_image":[{"width":286,"height":215,"url":"https:\/\/www.pressenza.com\/wp-content\/uploads\/2012\/12\/esp-madrid-huelgasalud1.jpg","type":"image\/jpeg"}],"author":"Prensa Latina","twitter_card":"summary_large_image","twitter_creator":"@prensalatina_cu","twitter_site":"@PressenzaIPA","twitter_misc":{"Scritto da":"Prensa Latina","Tempo di lettura stimato":"1 minuto"},"schema":{"@context":"https:\/\/schema.org","@graph":[{"@type":"Article","@id":"https:\/\/www.pressenza.com\/it\/2012\/12\/quarta-giornata-di-sciopero-della-sanita-pubblica-madrilena\/#article","isPartOf":{"@id":"https:\/\/www.pressenza.com\/it\/2012\/12\/quarta-giornata-di-sciopero-della-sanita-pubblica-madrilena\/"},"author":{"name":"Prensa Latina","@id":"https:\/\/www.pressenza.com\/it\/#\/schema\/person\/e35c78ffa242d98f4f49ccb18c8631de"},"headline":"Quarta giornata di sciopero della sanit\u00e0 pubblica madrilena","datePublished":"2012-12-06T09:20:17+00:00","mainEntityOfPage":{"@id":"https:\/\/www.pressenza.com\/it\/2012\/12\/quarta-giornata-di-sciopero-della-sanita-pubblica-madrilena\/"},"wordCount":307,"publisher":{"@id":"https:\/\/www.pressenza.com\/it\/#organization"},"image":{"@id":"https:\/\/www.pressenza.com\/it\/2012\/12\/quarta-giornata-di-sciopero-della-sanita-pubblica-madrilena\/#primaryimage"},"thumbnailUrl":"https:\/\/www.pressenza.com\/wp-content\/uploads\/2012\/12\/esp-madrid-huelgasalud1.jpg","keywords":["Madrid","sciopero sanit\u00e0","Spagna"],"articleSection":["Europa","Salute"],"inLanguage":"it-IT"},{"@type":"WebPage","@id":"https:\/\/www.pressenza.com\/it\/2012\/12\/quarta-giornata-di-sciopero-della-sanita-pubblica-madrilena\/","url":"https:\/\/www.pressenza.com\/it\/2012\/12\/quarta-giornata-di-sciopero-della-sanita-pubblica-madrilena\/","name":"Quarta giornata di sciopero della sanit\u00e0 pubblica madrilena","isPartOf":{"@id":"https:\/\/www.pressenza.com\/it\/#website"},"primaryImageOfPage":{"@id":"https:\/\/www.pressenza.com\/it\/2012\/12\/quarta-giornata-di-sciopero-della-sanita-pubblica-madrilena\/#primaryimage"},"image":{"@id":"https:\/\/www.pressenza.com\/it\/2012\/12\/quarta-giornata-di-sciopero-della-sanita-pubblica-madrilena\/#primaryimage"},"thumbnailUrl":"https:\/\/www.pressenza.com\/wp-content\/uploads\/2012\/12\/esp-madrid-huelgasalud1.jpg","datePublished":"2012-12-06T09:20:17+00:00","description":"Il 5 dicembre il personale sanitario di Madrid ha organizzato la sua quarta e ultima giornata di sciopero contro i tagli ai finanziamenti e i piani di","breadcrumb":{"@id":"https:\/\/www.pressenza.com\/it\/2012\/12\/quarta-giornata-di-sciopero-della-sanita-pubblica-madrilena\/#breadcrumb"},"inLanguage":"it-IT","potentialAction":[{"@type":"ReadAction","target":["https:\/\/www.pressenza.com\/it\/2012\/12\/quarta-giornata-di-sciopero-della-sanita-pubblica-madrilena\/"]}]},{"@type":"ImageObject","inLanguage":"it-IT","@id":"https:\/\/www.pressenza.com\/it\/2012\/12\/quarta-giornata-di-sciopero-della-sanita-pubblica-madrilena\/#primaryimage","url":"https:\/\/www.pressenza.com\/wp-content\/uploads\/2012\/12\/esp-madrid-huelgasalud1.jpg","contentUrl":"https:\/\/www.pressenza.com\/wp-content\/uploads\/2012\/12\/esp-madrid-huelgasalud1.jpg","width":"286","height":"215"},{"@type":"BreadcrumbList","@id":"https:\/\/www.pressenza.com\/it\/2012\/12\/quarta-giornata-di-sciopero-della-sanita-pubblica-madrilena\/#breadcrumb","itemListElement":[{"@type":"ListItem","position":1,"name":"Accueil","item":"https:\/\/www.pressenza.com\/it\/"},{"@type":"ListItem","position":2,"name":"Quarta giornata di sciopero della sanit\u00e0 pubblica madrilena"}]},{"@type":"WebSite","@id":"https:\/\/www.pressenza.com\/it\/#website","url":"https:\/\/www.pressenza.com\/it\/","name":"Pressenza","description":"Agenzia di Stampa Internazionale","publisher":{"@id":"https:\/\/www.pressenza.com\/it\/#organization"},"potentialAction":[{"@type":"SearchAction","target":{"@type":"EntryPoint","urlTemplate":"https:\/\/www.pressenza.com\/it\/?s={search_term_string}"},"query-input":{"@type":"PropertyValueSpecification","valueRequired":true,"valueName":"search_term_string"}}],"inLanguage":"it-IT"},{"@type":"Organization","@id":"https:\/\/www.pressenza.com\/it\/#organization","name":"Pressenza","url":"https:\/\/www.pressenza.com\/it\/","logo":{"@type":"ImageObject","inLanguage":"it-IT","@id":"https:\/\/www.pressenza.com\/it\/#\/schema\/logo\/image\/","url":"https:\/\/www.pressenza.com\/wp-content\/uploads\/2022\/10\/pressenza_logo_200x200.jpg","contentUrl":"https:\/\/www.pressenza.com\/wp-content\/uploads\/2022\/10\/pressenza_logo_200x200.jpg","width":200,"height":200,"caption":"Pressenza"},"image":{"@id":"https:\/\/www.pressenza.com\/it\/#\/schema\/logo\/image\/"},"sameAs":["https:\/\/www.facebook.com\/PressenzaItalia","https:\/\/x.com\/PressenzaIPA"]},{"@type":"Person","@id":"https:\/\/www.pressenza.com\/it\/#\/schema\/person\/e35c78ffa242d98f4f49ccb18c8631de","name":"Prensa Latina","description":"www.prensa-latina.cu","sameAs":["https:\/\/www.facebook.com\/AgenciaPrensaLatina","https:\/\/x.com\/prensalatina_cu"],"url":"https:\/\/www.pressenza.com\/it\/author\/prensa-latina\/"}]}},"place":"","original_article_url":"","_links":{"self":[{"href":"https:\/\/www.pressenza.com\/it\/wp-json\/wp\/v2\/posts\/27039","targetHints":{"allow":["GET"]}}],"collection":[{"href":"https:\/\/www.pressenza.com\/it\/wp-json\/wp\/v2\/posts"}],"about":[{"href":"https:\/\/www.pressenza.com\/it\/wp-json\/wp\/v2\/types\/post"}],"author":[{"embeddable":true,"href":"https:\/\/www.pressenza.com\/it\/wp-json\/wp\/v2\/users\/90"}],"replies":[{"embeddable":true,"href":"https:\/\/www.pressenza.com\/it\/wp-json\/wp\/v2\/comments?post=27039"}],"version-history":[{"count":0,"href":"https:\/\/www.pressenza.com\/it\/wp-json\/wp\/v2\/posts\/27039\/revisions"}],"wp:featuredmedia":[{"embeddable":true,"href":"https:\/\/www.pressenza.com\/it\/wp-json\/wp\/v2\/media\/27040"}],"wp:attachment":[{"href":"https:\/\/www.pressenza.com\/it\/wp-json\/wp\/v2\/media?parent=27039"}],"wp:term":[{"taxonomy":"category","embeddable":true,"href":"https:\/\/www.pressenza.com\/it\/wp-json\/wp\/v2\/categories?post=27039"},{"taxonomy":"post_tag","embeddable":true,"href":"https:\/\/www.pressenza.com\/it\/wp-json\/wp\/v2\/tags?post=27039"}],"curies":[{"name":"wp","href":"https:\/\/api.w.org\/{rel}","templated":true}]}}