{"id":270225,"date":"2016-01-23T12:27:37","date_gmt":"2016-01-23T12:27:37","guid":{"rendered":"http:\/\/www.pressenza.com\/it\/?p=270225"},"modified":"2016-05-29T23:23:18","modified_gmt":"2016-05-29T22:23:18","slug":"trema-macri-per-milagro-sala","status":"publish","type":"post","link":"https:\/\/www.pressenza.com\/it\/2016\/01\/trema-macri-per-milagro-sala\/","title":{"rendered":"L&#8217;arresto di Milagro Sala fa tremare il presidente argentino Macri"},"content":{"rendered":"<p>La Rete delle Organizzazioni Sociali intanto denuncia che la vita della deputata sarebbe in pericolo<\/p>\n<p><em>di Fabrizio Verde<\/em><\/p>\n<p class=\"p1\">Il caso <strong>Milagro Sala<\/strong>, la deputata del Parlasur tratta in arresto la settimana scorsa, imbarazza a tal punto il presidente argentino <strong>Macri<\/strong>, da mandarlo letteralmente in tilt.<\/p>\n<p class=\"p1\">In occasione di una conferenza stampa in quel di Davos, in Svizzera, il giornalista <strong>Alejandro Bercovich di BAE<\/strong> ha chiesto al presidente se \u00ab<em>l&#8217;aver incarcerato una leader dell&#8217;opposizione<\/em>\u00bb, non gli provocasse imbarazzo oppure obiezioni da parte degli imprenditori presenti in Svizzera. Anche alla luce delle sue reiterate proteste nei confronti del Venezuela per la detenzione del golpista <strong>Leopoldo L\u00f3pez<\/strong>.<\/p>\n<p class=\"p1\">Una volta ascoltata la domanda, Macri, \u00e8 apparso subito fuori di s\u00e9 a causa della forte rabbia, cercando di argomentare su come non sia possibile effettuare comparazioni tra Leopoldo L\u00f3pez e Milagro Sala. \u00ab<em>Non puoi accostare Leopoldo L\u00f3pez a Milagro Sala<\/em> \u2013 ha dichiarato un Macri evidentemente infastidito \u2013 <em>L\u00f3pez non ha fatto nulla di male<\/em>\u00bb.<\/p>\n<p class=\"p1\"><strong>In seguito alla laconica e lacunosa risposta, il presidente argentino ha deciso di abbandonare la conferenza stampa, evidentemente contrariato dalla domanda<\/strong>.<\/p>\n<p class=\"p1\">Intanto dall&#8217;Argentina la Rete delle Organizzazioni Sociali di Jjuy, ha denunciato che \u00ab<strong><em>la vita di Milagro Sala \u00e8 in pericolo<\/em><\/strong>\u00bb e che se avverranno violazioni \u00ab<em>dei diritti costituzionali di Milagro Sala, la responsabilit\u00e0 ricadr\u00e0 sul governatore Morales e sul presidente Macri<\/em>\u00bb.<\/p>\n<p class=\"p1\">E&#8217; tornato a far sentire la sua voce l&#8217;ex ministro dell&#8217;economia <strong>Axel Kicillof<\/strong> \u2013 attualmente deputato del Frente para la Victoria \u2013 il quale ha condannato fermamente la dura repressione attuata da Macri, portando ad esempio il caso dei lavoratori di Cresta Roja, i lavoratori municipali di La Plata e la detenzione arbitraria di Milagro Sala. \u00ab<strong><em>Le politiche neoliberiste, in Argentina, vengono sempre accompagnate dalla repressione<\/em><\/strong>\u00bb, ha denunciato l&#8217;ex ministro del governo kirchnerista.<\/p>\n<p class=\"p1\">Fonte: <a href=\"http:\/\/www.lantidiplomatico.it\/dettnews.php?idx=5694&amp;pg=14074\">L&#8217;Antidiplomatico<\/a><\/p>\n","protected":false},"excerpt":{"rendered":"<p>La Rete delle Organizzazioni Sociali intanto denuncia che la vita della deputata sarebbe in pericolo di Fabrizio Verde Il caso Milagro Sala, la deputata del Parlasur tratta in arresto la settimana scorsa, imbarazza a tal punto il presidente argentino Macri,&hellip;<\/p>\n","protected":false},"author":594,"featured_media":270228,"comment_status":"closed","ping_status":"open","sticky":false,"template":"","format":"standard","meta":{"footnotes":""},"categories":[60,47,38,48],"tags":[932,7399,4862,27487],"class_list":["post-270225","post","type-post","status-publish","format-standard","has-post-thumbnail","hentry","category-diritti-umani","category-europa","category-internazionale","category-sud-america","tag-argentina-en","tag-jujuy","tag-mauricio-macri","tag-milagro-sala-it"],"yoast_head":"<!-- This site is optimized with the Yoast SEO plugin v27.1.1 - https:\/\/yoast.com\/product\/yoast-seo-wordpress\/ -->\n<title>L&#039;arresto di Milagro Sala fa tremare il presidente argentino Macri<\/title>\n<meta name=\"description\" content=\"La Rete delle Organizzazioni Sociali intanto denuncia che la vita della deputata sarebbe in pericolo di Fabrizio Verde Il caso Milagro Sala, la deputata\" \/>\n<meta name=\"robots\" content=\"index, follow, max-snippet:-1, max-image-preview:large, max-video-preview:-1\" \/>\n<link rel=\"canonical\" href=\"https:\/\/www.pressenza.com\/it\/2016\/01\/trema-macri-per-milagro-sala\/\" \/>\n<meta property=\"og:locale\" content=\"it_IT\" \/>\n<meta property=\"og:type\" content=\"article\" \/>\n<meta property=\"og:title\" content=\"L&#039;arresto di Milagro Sala fa tremare il presidente argentino Macri\" \/>\n<meta property=\"og:description\" content=\"La Rete delle Organizzazioni Sociali intanto denuncia che la vita della deputata sarebbe in pericolo di Fabrizio Verde Il caso Milagro Sala, la deputata\" \/>\n<meta property=\"og:url\" content=\"https:\/\/www.pressenza.com\/it\/2016\/01\/trema-macri-per-milagro-sala\/\" \/>\n<meta property=\"og:site_name\" content=\"Pressenza\" \/>\n<meta property=\"article:publisher\" content=\"https:\/\/www.facebook.com\/PressenzaItalia\" \/>\n<meta property=\"article:author\" content=\"https:\/\/www.facebook.com\/PressenzaItalia\" \/>\n<meta property=\"article:published_time\" content=\"2016-01-23T12:27:37+00:00\" \/>\n<meta property=\"article:modified_time\" content=\"2016-05-29T22:23:18+00:00\" \/>\n<meta property=\"og:image\" content=\"https:\/\/www.pressenza.com\/wp-content\/uploads\/2016\/01\/macri-a-davos.png\" \/>\n\t<meta property=\"og:image:width\" content=\"590\" \/>\n\t<meta property=\"og:image:height\" content=\"300\" \/>\n\t<meta property=\"og:image:type\" content=\"image\/png\" \/>\n<meta name=\"author\" content=\"Redazione Italia\" \/>\n<meta name=\"twitter:card\" content=\"summary_large_image\" \/>\n<meta name=\"twitter:creator\" content=\"@pressenza_it\" \/>\n<meta name=\"twitter:site\" content=\"@PressenzaIPA\" \/>\n<meta name=\"twitter:label1\" content=\"Scritto da\" \/>\n\t<meta name=\"twitter:data1\" content=\"Redazione Italia\" \/>\n\t<meta name=\"twitter:label2\" content=\"Tempo di lettura stimato\" \/>\n\t<meta name=\"twitter:data2\" content=\"1 minuto\" \/>\n<script type=\"application\/ld+json\" class=\"yoast-schema-graph\">{\"@context\":\"https:\/\/schema.org\",\"@graph\":[{\"@type\":\"Article\",\"@id\":\"https:\/\/www.pressenza.com\/it\/2016\/01\/trema-macri-per-milagro-sala\/#article\",\"isPartOf\":{\"@id\":\"https:\/\/www.pressenza.com\/it\/2016\/01\/trema-macri-per-milagro-sala\/\"},\"author\":{\"name\":\"Redazione Italia\",\"@id\":\"https:\/\/www.pressenza.com\/it\/#\/schema\/person\/d983e81827ae24f2c7b1a2123d197f8d\"},\"headline\":\"L&#8217;arresto di Milagro Sala fa tremare il presidente argentino Macri\",\"datePublished\":\"2016-01-23T12:27:37+00:00\",\"dateModified\":\"2016-05-29T22:23:18+00:00\",\"mainEntityOfPage\":{\"@id\":\"https:\/\/www.pressenza.com\/it\/2016\/01\/trema-macri-per-milagro-sala\/\"},\"wordCount\":313,\"publisher\":{\"@id\":\"https:\/\/www.pressenza.com\/it\/#organization\"},\"image\":{\"@id\":\"https:\/\/www.pressenza.com\/it\/2016\/01\/trema-macri-per-milagro-sala\/#primaryimage\"},\"thumbnailUrl\":\"https:\/\/www.pressenza.com\/wp-content\/uploads\/2016\/01\/macri-a-davos.png\",\"keywords\":[\"Argentina\",\"Jujuy\",\"Mauricio Macri\",\"Milagro Sala\"],\"articleSection\":[\"Diritti Umani\",\"Europa\",\"Internazionale\",\"Sud America\"],\"inLanguage\":\"it-IT\"},{\"@type\":\"WebPage\",\"@id\":\"https:\/\/www.pressenza.com\/it\/2016\/01\/trema-macri-per-milagro-sala\/\",\"url\":\"https:\/\/www.pressenza.com\/it\/2016\/01\/trema-macri-per-milagro-sala\/\",\"name\":\"L'arresto di Milagro Sala fa tremare il presidente argentino Macri\",\"isPartOf\":{\"@id\":\"https:\/\/www.pressenza.com\/it\/#website\"},\"primaryImageOfPage\":{\"@id\":\"https:\/\/www.pressenza.com\/it\/2016\/01\/trema-macri-per-milagro-sala\/#primaryimage\"},\"image\":{\"@id\":\"https:\/\/www.pressenza.com\/it\/2016\/01\/trema-macri-per-milagro-sala\/#primaryimage\"},\"thumbnailUrl\":\"https:\/\/www.pressenza.com\/wp-content\/uploads\/2016\/01\/macri-a-davos.png\",\"datePublished\":\"2016-01-23T12:27:37+00:00\",\"dateModified\":\"2016-05-29T22:23:18+00:00\",\"description\":\"La Rete delle Organizzazioni Sociali intanto denuncia che la vita della deputata sarebbe in pericolo di Fabrizio Verde Il caso Milagro Sala, la deputata\",\"breadcrumb\":{\"@id\":\"https:\/\/www.pressenza.com\/it\/2016\/01\/trema-macri-per-milagro-sala\/#breadcrumb\"},\"inLanguage\":\"it-IT\",\"potentialAction\":[{\"@type\":\"ReadAction\",\"target\":[\"https:\/\/www.pressenza.com\/it\/2016\/01\/trema-macri-per-milagro-sala\/\"]}]},{\"@type\":\"ImageObject\",\"inLanguage\":\"it-IT\",\"@id\":\"https:\/\/www.pressenza.com\/it\/2016\/01\/trema-macri-per-milagro-sala\/#primaryimage\",\"url\":\"https:\/\/www.pressenza.com\/wp-content\/uploads\/2016\/01\/macri-a-davos.png\",\"contentUrl\":\"https:\/\/www.pressenza.com\/wp-content\/uploads\/2016\/01\/macri-a-davos.png\",\"width\":590,\"height\":300},{\"@type\":\"BreadcrumbList\",\"@id\":\"https:\/\/www.pressenza.com\/it\/2016\/01\/trema-macri-per-milagro-sala\/#breadcrumb\",\"itemListElement\":[{\"@type\":\"ListItem\",\"position\":1,\"name\":\"Accueil\",\"item\":\"https:\/\/www.pressenza.com\/it\/\"},{\"@type\":\"ListItem\",\"position\":2,\"name\":\"L&#8217;arresto di Milagro Sala fa tremare il presidente argentino Macri\"}]},{\"@type\":\"WebSite\",\"@id\":\"https:\/\/www.pressenza.com\/it\/#website\",\"url\":\"https:\/\/www.pressenza.com\/it\/\",\"name\":\"Pressenza\",\"description\":\"Agenzia di Stampa Internazionale\",\"publisher\":{\"@id\":\"https:\/\/www.pressenza.com\/it\/#organization\"},\"potentialAction\":[{\"@type\":\"SearchAction\",\"target\":{\"@type\":\"EntryPoint\",\"urlTemplate\":\"https:\/\/www.pressenza.com\/it\/?s={search_term_string}\"},\"query-input\":{\"@type\":\"PropertyValueSpecification\",\"valueRequired\":true,\"valueName\":\"search_term_string\"}}],\"inLanguage\":\"it-IT\"},{\"@type\":\"Organization\",\"@id\":\"https:\/\/www.pressenza.com\/it\/#organization\",\"name\":\"Pressenza\",\"url\":\"https:\/\/www.pressenza.com\/it\/\",\"logo\":{\"@type\":\"ImageObject\",\"inLanguage\":\"it-IT\",\"@id\":\"https:\/\/www.pressenza.com\/it\/#\/schema\/logo\/image\/\",\"url\":\"https:\/\/www.pressenza.com\/wp-content\/uploads\/2022\/10\/pressenza_logo_200x200.jpg\",\"contentUrl\":\"https:\/\/www.pressenza.com\/wp-content\/uploads\/2022\/10\/pressenza_logo_200x200.jpg\",\"width\":200,\"height\":200,\"caption\":\"Pressenza\"},\"image\":{\"@id\":\"https:\/\/www.pressenza.com\/it\/#\/schema\/logo\/image\/\"},\"sameAs\":[\"https:\/\/www.facebook.com\/PressenzaItalia\",\"https:\/\/x.com\/PressenzaIPA\"]},{\"@type\":\"Person\",\"@id\":\"https:\/\/www.pressenza.com\/it\/#\/schema\/person\/d983e81827ae24f2c7b1a2123d197f8d\",\"name\":\"Redazione Italia\",\"description\":\"News from the Pressenza Bureau in Italy\",\"sameAs\":[\"https:\/\/www.pressenza.com\/it\/author\/redazione-italia\/\",\"https:\/\/www.facebook.com\/PressenzaItalia\",\"https:\/\/www.instagram.com\/pressenza_italia\/\",\"https:\/\/x.com\/pressenza_it\",\"https:\/\/www.youtube.com\/channel\/UCSalEIWjE1RSxkwjfftFuqg\"],\"url\":\"https:\/\/www.pressenza.com\/it\/author\/redazione-italia\/\"}]}<\/script>\n<!-- \/ Yoast SEO plugin. -->","yoast_head_json":{"title":"L'arresto di Milagro Sala fa tremare il presidente argentino Macri","description":"La Rete delle Organizzazioni Sociali intanto denuncia che la vita della deputata sarebbe in pericolo di Fabrizio Verde Il caso Milagro Sala, la deputata","robots":{"index":"index","follow":"follow","max-snippet":"max-snippet:-1","max-image-preview":"max-image-preview:large","max-video-preview":"max-video-preview:-1"},"canonical":"https:\/\/www.pressenza.com\/it\/2016\/01\/trema-macri-per-milagro-sala\/","og_locale":"it_IT","og_type":"article","og_title":"L'arresto di Milagro Sala fa tremare il presidente argentino Macri","og_description":"La Rete delle Organizzazioni Sociali intanto denuncia che la vita della deputata sarebbe in pericolo di Fabrizio Verde Il caso Milagro Sala, la deputata","og_url":"https:\/\/www.pressenza.com\/it\/2016\/01\/trema-macri-per-milagro-sala\/","og_site_name":"Pressenza","article_publisher":"https:\/\/www.facebook.com\/PressenzaItalia","article_author":"https:\/\/www.facebook.com\/PressenzaItalia","article_published_time":"2016-01-23T12:27:37+00:00","article_modified_time":"2016-05-29T22:23:18+00:00","og_image":[{"width":590,"height":300,"url":"https:\/\/www.pressenza.com\/wp-content\/uploads\/2016\/01\/macri-a-davos.png","type":"image\/png"}],"author":"Redazione Italia","twitter_card":"summary_large_image","twitter_creator":"@pressenza_it","twitter_site":"@PressenzaIPA","twitter_misc":{"Scritto da":"Redazione Italia","Tempo di lettura stimato":"1 minuto"},"schema":{"@context":"https:\/\/schema.org","@graph":[{"@type":"Article","@id":"https:\/\/www.pressenza.com\/it\/2016\/01\/trema-macri-per-milagro-sala\/#article","isPartOf":{"@id":"https:\/\/www.pressenza.com\/it\/2016\/01\/trema-macri-per-milagro-sala\/"},"author":{"name":"Redazione Italia","@id":"https:\/\/www.pressenza.com\/it\/#\/schema\/person\/d983e81827ae24f2c7b1a2123d197f8d"},"headline":"L&#8217;arresto di Milagro Sala fa tremare il presidente argentino Macri","datePublished":"2016-01-23T12:27:37+00:00","dateModified":"2016-05-29T22:23:18+00:00","mainEntityOfPage":{"@id":"https:\/\/www.pressenza.com\/it\/2016\/01\/trema-macri-per-milagro-sala\/"},"wordCount":313,"publisher":{"@id":"https:\/\/www.pressenza.com\/it\/#organization"},"image":{"@id":"https:\/\/www.pressenza.com\/it\/2016\/01\/trema-macri-per-milagro-sala\/#primaryimage"},"thumbnailUrl":"https:\/\/www.pressenza.com\/wp-content\/uploads\/2016\/01\/macri-a-davos.png","keywords":["Argentina","Jujuy","Mauricio Macri","Milagro Sala"],"articleSection":["Diritti Umani","Europa","Internazionale","Sud America"],"inLanguage":"it-IT"},{"@type":"WebPage","@id":"https:\/\/www.pressenza.com\/it\/2016\/01\/trema-macri-per-milagro-sala\/","url":"https:\/\/www.pressenza.com\/it\/2016\/01\/trema-macri-per-milagro-sala\/","name":"L'arresto di Milagro Sala fa tremare il presidente argentino Macri","isPartOf":{"@id":"https:\/\/www.pressenza.com\/it\/#website"},"primaryImageOfPage":{"@id":"https:\/\/www.pressenza.com\/it\/2016\/01\/trema-macri-per-milagro-sala\/#primaryimage"},"image":{"@id":"https:\/\/www.pressenza.com\/it\/2016\/01\/trema-macri-per-milagro-sala\/#primaryimage"},"thumbnailUrl":"https:\/\/www.pressenza.com\/wp-content\/uploads\/2016\/01\/macri-a-davos.png","datePublished":"2016-01-23T12:27:37+00:00","dateModified":"2016-05-29T22:23:18+00:00","description":"La Rete delle Organizzazioni Sociali intanto denuncia che la vita della deputata sarebbe in pericolo di Fabrizio Verde Il caso Milagro Sala, la deputata","breadcrumb":{"@id":"https:\/\/www.pressenza.com\/it\/2016\/01\/trema-macri-per-milagro-sala\/#breadcrumb"},"inLanguage":"it-IT","potentialAction":[{"@type":"ReadAction","target":["https:\/\/www.pressenza.com\/it\/2016\/01\/trema-macri-per-milagro-sala\/"]}]},{"@type":"ImageObject","inLanguage":"it-IT","@id":"https:\/\/www.pressenza.com\/it\/2016\/01\/trema-macri-per-milagro-sala\/#primaryimage","url":"https:\/\/www.pressenza.com\/wp-content\/uploads\/2016\/01\/macri-a-davos.png","contentUrl":"https:\/\/www.pressenza.com\/wp-content\/uploads\/2016\/01\/macri-a-davos.png","width":590,"height":300},{"@type":"BreadcrumbList","@id":"https:\/\/www.pressenza.com\/it\/2016\/01\/trema-macri-per-milagro-sala\/#breadcrumb","itemListElement":[{"@type":"ListItem","position":1,"name":"Accueil","item":"https:\/\/www.pressenza.com\/it\/"},{"@type":"ListItem","position":2,"name":"L&#8217;arresto di Milagro Sala fa tremare il presidente argentino Macri"}]},{"@type":"WebSite","@id":"https:\/\/www.pressenza.com\/it\/#website","url":"https:\/\/www.pressenza.com\/it\/","name":"Pressenza","description":"Agenzia di Stampa Internazionale","publisher":{"@id":"https:\/\/www.pressenza.com\/it\/#organization"},"potentialAction":[{"@type":"SearchAction","target":{"@type":"EntryPoint","urlTemplate":"https:\/\/www.pressenza.com\/it\/?s={search_term_string}"},"query-input":{"@type":"PropertyValueSpecification","valueRequired":true,"valueName":"search_term_string"}}],"inLanguage":"it-IT"},{"@type":"Organization","@id":"https:\/\/www.pressenza.com\/it\/#organization","name":"Pressenza","url":"https:\/\/www.pressenza.com\/it\/","logo":{"@type":"ImageObject","inLanguage":"it-IT","@id":"https:\/\/www.pressenza.com\/it\/#\/schema\/logo\/image\/","url":"https:\/\/www.pressenza.com\/wp-content\/uploads\/2022\/10\/pressenza_logo_200x200.jpg","contentUrl":"https:\/\/www.pressenza.com\/wp-content\/uploads\/2022\/10\/pressenza_logo_200x200.jpg","width":200,"height":200,"caption":"Pressenza"},"image":{"@id":"https:\/\/www.pressenza.com\/it\/#\/schema\/logo\/image\/"},"sameAs":["https:\/\/www.facebook.com\/PressenzaItalia","https:\/\/x.com\/PressenzaIPA"]},{"@type":"Person","@id":"https:\/\/www.pressenza.com\/it\/#\/schema\/person\/d983e81827ae24f2c7b1a2123d197f8d","name":"Redazione Italia","description":"News from the Pressenza Bureau in Italy","sameAs":["https:\/\/www.pressenza.com\/it\/author\/redazione-italia\/","https:\/\/www.facebook.com\/PressenzaItalia","https:\/\/www.instagram.com\/pressenza_italia\/","https:\/\/x.com\/pressenza_it","https:\/\/www.youtube.com\/channel\/UCSalEIWjE1RSxkwjfftFuqg"],"url":"https:\/\/www.pressenza.com\/it\/author\/redazione-italia\/"}]}},"place":"","original_article_url":"","_links":{"self":[{"href":"https:\/\/www.pressenza.com\/it\/wp-json\/wp\/v2\/posts\/270225","targetHints":{"allow":["GET"]}}],"collection":[{"href":"https:\/\/www.pressenza.com\/it\/wp-json\/wp\/v2\/posts"}],"about":[{"href":"https:\/\/www.pressenza.com\/it\/wp-json\/wp\/v2\/types\/post"}],"author":[{"embeddable":true,"href":"https:\/\/www.pressenza.com\/it\/wp-json\/wp\/v2\/users\/594"}],"replies":[{"embeddable":true,"href":"https:\/\/www.pressenza.com\/it\/wp-json\/wp\/v2\/comments?post=270225"}],"version-history":[{"count":0,"href":"https:\/\/www.pressenza.com\/it\/wp-json\/wp\/v2\/posts\/270225\/revisions"}],"wp:featuredmedia":[{"embeddable":true,"href":"https:\/\/www.pressenza.com\/it\/wp-json\/wp\/v2\/media\/270228"}],"wp:attachment":[{"href":"https:\/\/www.pressenza.com\/it\/wp-json\/wp\/v2\/media?parent=270225"}],"wp:term":[{"taxonomy":"category","embeddable":true,"href":"https:\/\/www.pressenza.com\/it\/wp-json\/wp\/v2\/categories?post=270225"},{"taxonomy":"post_tag","embeddable":true,"href":"https:\/\/www.pressenza.com\/it\/wp-json\/wp\/v2\/tags?post=270225"}],"curies":[{"name":"wp","href":"https:\/\/api.w.org\/{rel}","templated":true}]}}