{"id":2697063,"date":"2026-05-01T20:13:48","date_gmt":"2026-05-01T19:13:48","guid":{"rendered":"https:\/\/www.pressenza.com\/?p=2697063"},"modified":"2026-05-01T20:13:48","modified_gmt":"2026-05-01T19:13:48","slug":"la-detenzione-illegale-di-thiago-e-saif-e-la-farsa-della-pace-a-gaza-smascherata-dalla-flotilla","status":"publish","type":"post","link":"https:\/\/www.pressenza.com\/it\/2026\/05\/la-detenzione-illegale-di-thiago-e-saif-e-la-farsa-della-pace-a-gaza-smascherata-dalla-flotilla\/","title":{"rendered":"La detenzione illegale di Thiago e Saif e la farsa della pace a Gaza smascherata dalla Flotilla"},"content":{"rendered":"<p>Il recente sequestro in acque internazionali ai danni della Global Sumud Flotilla ha portato alla luce una realt\u00e0 inquietante e inaccettabile: la detenzione illegale di due attivisti, Thiago de Avila e Saif Abukeshek, da parte delle autorit\u00e0 israeliane, con la complicit\u00e0 delle autorit\u00e0 greche. Questo evento smaschera in modo chiaro e inoppugnabile la farsa della cosiddetta \u201cpace\u201d a Gaza, rivelando invece la brutalit\u00e0 e l\u2019illegalit\u00e0 che continuano a caratterizzare il blocco imposto sulla Striscia di Gaza, trasformata in un campo di sterminio.<\/p>\n<p>Tra i sequestrati, due attivisti stranieri, Thiago de Avila e Saif Abukeshek, sono stati trattenuti in modo illegale e trasferiti in Israele per essere interrogati, contrariamente a quanto avvenuto per la maggior parte degli altri attivisti, che sono stati consegnati alle autorit\u00e0 greche, e sarebbero gi\u00e0 in aeroporto.<\/p>\n<p>Adalah, il Centro Legale per i Diritti delle Minoranze Arabe in Israele, ha inviato una lettera urgente al Consulente Legale della Marina israeliana, chiedendo la immediata rivelazione del luogo in cui si trovano Thiago e Saif, la base giuridica della loro detenzione e le misure legali che si intendono adottare nei loro confronti. Adalah ha inoltre richiesto che ai due attivisti venga garantito immediato accesso a un avvocato prima di qualsiasi interrogatorio.<\/p>\n<p>Questi fatti dimostrano in modo inequivocabile che la cosiddetta \u201cpace\u201d a Gaza \u00e8 una farsa. Il blocco imposto da Israele continua a essere illegale e disumano, causando sofferenze indicibili alla popolazione palestinese, tra cui fame e privazioni di beni essenziali.<\/p>\n<p>La flottiglia umanitaria rappresenta un atto legittimo di solidariet\u00e0 e protesta contro questa situazione di ingiustizia.<\/p>\n<p>La complicit\u00e0 delle autorit\u00e0 greche, che hanno ignorato le richieste di soccorso e hanno facilitato la repressione israeliana, aggiunge un ulteriore livello di gravit\u00e0 a questa vicenda, mostrando come la comunit\u00e0 internazionale spesso chiuda gli occhi di fronte alle violazioni dei diritti umani.<\/p>\n<p>La detenzione illegale di Thiago de Avila e Saif Abukeshek, insieme alla brutale repressione della Global Sumud Flotilla, rappresenta una chiara violazione del diritto internazionale e dei diritti umani.<\/p>\n<p>\u00c8 fondamentale che la comunit\u00e0 internazionale chieda con forza la loro immediata liberazione e che si ponga fine al blocco illegale di Gaza, affinch\u00e9 la pace non rimanga una mera illusione, ma diventi realt\u00e0 concreta per il popolo palestinese.<\/p>\n","protected":false},"excerpt":{"rendered":"<p>Il recente sequestro in acque internazionali ai danni della Global Sumud Flotilla ha portato alla luce una realt\u00e0 inquietante e inaccettabile: la detenzione illegale di due attivisti, Thiago de Avila e Saif Abukeshek, da parte delle autorit\u00e0 israeliane, con la&hellip;<\/p>\n","protected":false},"author":2407,"featured_media":2697024,"comment_status":"closed","ping_status":"closed","sticky":false,"template":"","format":"standard","meta":{"footnotes":""},"categories":[11388,1263],"tags":[1103,1005,139558,129542,156240,156244],"class_list":["post-2697063","post","type-post","status-publish","format-standard","has-post-thumbnail","hentry","category-contenuti-originali","category-pace-disarmo","tag-diritto-internazionale","tag-gaza","tag-global-sumud-flotilla","tag-israele-2","tag-saif-abukeshek","tag-thiago-de-avila"],"yoast_head":"<!-- This site is optimized with the Yoast SEO plugin v27.1.1 - https:\/\/yoast.com\/product\/yoast-seo-wordpress\/ -->\n<title>La detenzione illegale di Thiago e Saif e la farsa della pace a Gaza smascherata dalla Flotilla<\/title>\n<meta name=\"description\" content=\"Il recente sequestro in acque internazionali ai danni della Global Sumud Flotilla ha portato alla luce una realt\u00e0 inquietante e inaccettabile: la\" \/>\n<meta name=\"robots\" content=\"index, follow, max-snippet:-1, max-image-preview:large, max-video-preview:-1\" \/>\n<link rel=\"canonical\" href=\"https:\/\/www.pressenza.com\/it\/2026\/05\/la-detenzione-illegale-di-thiago-e-saif-e-la-farsa-della-pace-a-gaza-smascherata-dalla-flotilla\/\" \/>\n<meta property=\"og:locale\" content=\"it_IT\" \/>\n<meta property=\"og:type\" content=\"article\" \/>\n<meta property=\"og:title\" content=\"La detenzione illegale di Thiago e Saif e la farsa della pace a Gaza smascherata dalla Flotilla\" \/>\n<meta property=\"og:description\" content=\"Il recente sequestro in acque internazionali ai danni della Global Sumud Flotilla ha portato alla luce una realt\u00e0 inquietante e inaccettabile: la\" \/>\n<meta property=\"og:url\" content=\"https:\/\/www.pressenza.com\/it\/2026\/05\/la-detenzione-illegale-di-thiago-e-saif-e-la-farsa-della-pace-a-gaza-smascherata-dalla-flotilla\/\" \/>\n<meta property=\"og:site_name\" content=\"Pressenza\" \/>\n<meta property=\"article:publisher\" content=\"https:\/\/www.facebook.com\/PressenzaItalia\" \/>\n<meta property=\"article:published_time\" content=\"2026-05-01T19:13:48+00:00\" \/>\n<meta property=\"og:image\" content=\"https:\/\/www.pressenza.com\/wp-content\/uploads\/2026\/05\/Thiago-e-Saif-rit.jpg\" \/>\n\t<meta property=\"og:image:width\" content=\"590\" \/>\n\t<meta property=\"og:image:height\" content=\"546\" \/>\n\t<meta property=\"og:image:type\" content=\"image\/jpeg\" \/>\n<meta name=\"author\" content=\"Ray Man\" \/>\n<meta name=\"twitter:card\" content=\"summary_large_image\" \/>\n<meta name=\"twitter:creator\" content=\"@PressenzaIPA\" \/>\n<meta name=\"twitter:site\" content=\"@PressenzaIPA\" \/>\n<meta name=\"twitter:label1\" content=\"Scritto da\" \/>\n\t<meta name=\"twitter:data1\" content=\"Ray Man\" \/>\n\t<meta name=\"twitter:label2\" content=\"Tempo di lettura stimato\" \/>\n\t<meta name=\"twitter:data2\" content=\"3 minuti\" \/>\n<script type=\"application\/ld+json\" class=\"yoast-schema-graph\">{\"@context\":\"https:\/\/schema.org\",\"@graph\":[{\"@type\":\"Article\",\"@id\":\"https:\/\/www.pressenza.com\/it\/2026\/05\/la-detenzione-illegale-di-thiago-e-saif-e-la-farsa-della-pace-a-gaza-smascherata-dalla-flotilla\/#article\",\"isPartOf\":{\"@id\":\"https:\/\/www.pressenza.com\/it\/2026\/05\/la-detenzione-illegale-di-thiago-e-saif-e-la-farsa-della-pace-a-gaza-smascherata-dalla-flotilla\/\"},\"author\":{\"name\":\"Ray Man\",\"@id\":\"https:\/\/www.pressenza.com\/it\/#\/schema\/person\/65f839df5847a390cd84df4e1e061bd6\"},\"headline\":\"La detenzione illegale di Thiago e Saif e la farsa della pace a Gaza smascherata dalla Flotilla\",\"datePublished\":\"2026-05-01T19:13:48+00:00\",\"mainEntityOfPage\":{\"@id\":\"https:\/\/www.pressenza.com\/it\/2026\/05\/la-detenzione-illegale-di-thiago-e-saif-e-la-farsa-della-pace-a-gaza-smascherata-dalla-flotilla\/\"},\"wordCount\":385,\"publisher\":{\"@id\":\"https:\/\/www.pressenza.com\/it\/#organization\"},\"image\":{\"@id\":\"https:\/\/www.pressenza.com\/it\/2026\/05\/la-detenzione-illegale-di-thiago-e-saif-e-la-farsa-della-pace-a-gaza-smascherata-dalla-flotilla\/#primaryimage\"},\"thumbnailUrl\":\"https:\/\/www.pressenza.com\/wp-content\/uploads\/2026\/05\/Thiago-e-Saif-rit.jpg\",\"keywords\":[\"diritto internazionale\",\"Gaza\",\"Global Sumud Flotilla\",\"Israele\",\"Saif Abukeshek\",\"Thiago de Avila\"],\"articleSection\":[\"contenuti originali\",\"Pace e Disarmo\"],\"inLanguage\":\"it-IT\"},{\"@type\":\"WebPage\",\"@id\":\"https:\/\/www.pressenza.com\/it\/2026\/05\/la-detenzione-illegale-di-thiago-e-saif-e-la-farsa-della-pace-a-gaza-smascherata-dalla-flotilla\/\",\"url\":\"https:\/\/www.pressenza.com\/it\/2026\/05\/la-detenzione-illegale-di-thiago-e-saif-e-la-farsa-della-pace-a-gaza-smascherata-dalla-flotilla\/\",\"name\":\"La detenzione illegale di Thiago e Saif e la farsa della pace a Gaza smascherata dalla Flotilla\",\"isPartOf\":{\"@id\":\"https:\/\/www.pressenza.com\/it\/#website\"},\"primaryImageOfPage\":{\"@id\":\"https:\/\/www.pressenza.com\/it\/2026\/05\/la-detenzione-illegale-di-thiago-e-saif-e-la-farsa-della-pace-a-gaza-smascherata-dalla-flotilla\/#primaryimage\"},\"image\":{\"@id\":\"https:\/\/www.pressenza.com\/it\/2026\/05\/la-detenzione-illegale-di-thiago-e-saif-e-la-farsa-della-pace-a-gaza-smascherata-dalla-flotilla\/#primaryimage\"},\"thumbnailUrl\":\"https:\/\/www.pressenza.com\/wp-content\/uploads\/2026\/05\/Thiago-e-Saif-rit.jpg\",\"datePublished\":\"2026-05-01T19:13:48+00:00\",\"description\":\"Il recente sequestro in acque internazionali ai danni della Global Sumud Flotilla ha portato alla luce una realt\u00e0 inquietante e inaccettabile: la\",\"breadcrumb\":{\"@id\":\"https:\/\/www.pressenza.com\/it\/2026\/05\/la-detenzione-illegale-di-thiago-e-saif-e-la-farsa-della-pace-a-gaza-smascherata-dalla-flotilla\/#breadcrumb\"},\"inLanguage\":\"it-IT\",\"potentialAction\":[{\"@type\":\"ReadAction\",\"target\":[\"https:\/\/www.pressenza.com\/it\/2026\/05\/la-detenzione-illegale-di-thiago-e-saif-e-la-farsa-della-pace-a-gaza-smascherata-dalla-flotilla\/\"]}]},{\"@type\":\"ImageObject\",\"inLanguage\":\"it-IT\",\"@id\":\"https:\/\/www.pressenza.com\/it\/2026\/05\/la-detenzione-illegale-di-thiago-e-saif-e-la-farsa-della-pace-a-gaza-smascherata-dalla-flotilla\/#primaryimage\",\"url\":\"https:\/\/www.pressenza.com\/wp-content\/uploads\/2026\/05\/Thiago-e-Saif-rit.jpg\",\"contentUrl\":\"https:\/\/www.pressenza.com\/wp-content\/uploads\/2026\/05\/Thiago-e-Saif-rit.jpg\",\"width\":590,\"height\":546},{\"@type\":\"BreadcrumbList\",\"@id\":\"https:\/\/www.pressenza.com\/it\/2026\/05\/la-detenzione-illegale-di-thiago-e-saif-e-la-farsa-della-pace-a-gaza-smascherata-dalla-flotilla\/#breadcrumb\",\"itemListElement\":[{\"@type\":\"ListItem\",\"position\":1,\"name\":\"Accueil\",\"item\":\"https:\/\/www.pressenza.com\/it\/\"},{\"@type\":\"ListItem\",\"position\":2,\"name\":\"La detenzione illegale di Thiago e Saif e la farsa della pace a Gaza smascherata dalla Flotilla\"}]},{\"@type\":\"WebSite\",\"@id\":\"https:\/\/www.pressenza.com\/it\/#website\",\"url\":\"https:\/\/www.pressenza.com\/it\/\",\"name\":\"Pressenza\",\"description\":\"Agenzia di Stampa Internazionale\",\"publisher\":{\"@id\":\"https:\/\/www.pressenza.com\/it\/#organization\"},\"potentialAction\":[{\"@type\":\"SearchAction\",\"target\":{\"@type\":\"EntryPoint\",\"urlTemplate\":\"https:\/\/www.pressenza.com\/it\/?s={search_term_string}\"},\"query-input\":{\"@type\":\"PropertyValueSpecification\",\"valueRequired\":true,\"valueName\":\"search_term_string\"}}],\"inLanguage\":\"it-IT\"},{\"@type\":\"Organization\",\"@id\":\"https:\/\/www.pressenza.com\/it\/#organization\",\"name\":\"Pressenza\",\"url\":\"https:\/\/www.pressenza.com\/it\/\",\"logo\":{\"@type\":\"ImageObject\",\"inLanguage\":\"it-IT\",\"@id\":\"https:\/\/www.pressenza.com\/it\/#\/schema\/logo\/image\/\",\"url\":\"https:\/\/www.pressenza.com\/wp-content\/uploads\/2022\/10\/pressenza_logo_200x200.jpg\",\"contentUrl\":\"https:\/\/www.pressenza.com\/wp-content\/uploads\/2022\/10\/pressenza_logo_200x200.jpg\",\"width\":200,\"height\":200,\"caption\":\"Pressenza\"},\"image\":{\"@id\":\"https:\/\/www.pressenza.com\/it\/#\/schema\/logo\/image\/\"},\"sameAs\":[\"https:\/\/www.facebook.com\/PressenzaItalia\",\"https:\/\/x.com\/PressenzaIPA\"]},{\"@type\":\"Person\",\"@id\":\"https:\/\/www.pressenza.com\/it\/#\/schema\/person\/65f839df5847a390cd84df4e1e061bd6\",\"name\":\"Ray Man\",\"url\":\"https:\/\/www.pressenza.com\/it\/author\/rayman\/\"}]}<\/script>\n<!-- \/ Yoast SEO plugin. -->","yoast_head_json":{"title":"La detenzione illegale di Thiago e Saif e la farsa della pace a Gaza smascherata dalla Flotilla","description":"Il recente sequestro in acque internazionali ai danni della Global Sumud Flotilla ha portato alla luce una realt\u00e0 inquietante e inaccettabile: la","robots":{"index":"index","follow":"follow","max-snippet":"max-snippet:-1","max-image-preview":"max-image-preview:large","max-video-preview":"max-video-preview:-1"},"canonical":"https:\/\/www.pressenza.com\/it\/2026\/05\/la-detenzione-illegale-di-thiago-e-saif-e-la-farsa-della-pace-a-gaza-smascherata-dalla-flotilla\/","og_locale":"it_IT","og_type":"article","og_title":"La detenzione illegale di Thiago e Saif e la farsa della pace a Gaza smascherata dalla Flotilla","og_description":"Il recente sequestro in acque internazionali ai danni della Global Sumud Flotilla ha portato alla luce una realt\u00e0 inquietante e inaccettabile: la","og_url":"https:\/\/www.pressenza.com\/it\/2026\/05\/la-detenzione-illegale-di-thiago-e-saif-e-la-farsa-della-pace-a-gaza-smascherata-dalla-flotilla\/","og_site_name":"Pressenza","article_publisher":"https:\/\/www.facebook.com\/PressenzaItalia","article_published_time":"2026-05-01T19:13:48+00:00","og_image":[{"width":590,"height":546,"url":"https:\/\/www.pressenza.com\/wp-content\/uploads\/2026\/05\/Thiago-e-Saif-rit.jpg","type":"image\/jpeg"}],"author":"Ray Man","twitter_card":"summary_large_image","twitter_creator":"@PressenzaIPA","twitter_site":"@PressenzaIPA","twitter_misc":{"Scritto da":"Ray Man","Tempo di lettura stimato":"3 minuti"},"schema":{"@context":"https:\/\/schema.org","@graph":[{"@type":"Article","@id":"https:\/\/www.pressenza.com\/it\/2026\/05\/la-detenzione-illegale-di-thiago-e-saif-e-la-farsa-della-pace-a-gaza-smascherata-dalla-flotilla\/#article","isPartOf":{"@id":"https:\/\/www.pressenza.com\/it\/2026\/05\/la-detenzione-illegale-di-thiago-e-saif-e-la-farsa-della-pace-a-gaza-smascherata-dalla-flotilla\/"},"author":{"name":"Ray Man","@id":"https:\/\/www.pressenza.com\/it\/#\/schema\/person\/65f839df5847a390cd84df4e1e061bd6"},"headline":"La detenzione illegale di Thiago e Saif e la farsa della pace a Gaza smascherata dalla Flotilla","datePublished":"2026-05-01T19:13:48+00:00","mainEntityOfPage":{"@id":"https:\/\/www.pressenza.com\/it\/2026\/05\/la-detenzione-illegale-di-thiago-e-saif-e-la-farsa-della-pace-a-gaza-smascherata-dalla-flotilla\/"},"wordCount":385,"publisher":{"@id":"https:\/\/www.pressenza.com\/it\/#organization"},"image":{"@id":"https:\/\/www.pressenza.com\/it\/2026\/05\/la-detenzione-illegale-di-thiago-e-saif-e-la-farsa-della-pace-a-gaza-smascherata-dalla-flotilla\/#primaryimage"},"thumbnailUrl":"https:\/\/www.pressenza.com\/wp-content\/uploads\/2026\/05\/Thiago-e-Saif-rit.jpg","keywords":["diritto internazionale","Gaza","Global Sumud Flotilla","Israele","Saif Abukeshek","Thiago de Avila"],"articleSection":["contenuti originali","Pace e Disarmo"],"inLanguage":"it-IT"},{"@type":"WebPage","@id":"https:\/\/www.pressenza.com\/it\/2026\/05\/la-detenzione-illegale-di-thiago-e-saif-e-la-farsa-della-pace-a-gaza-smascherata-dalla-flotilla\/","url":"https:\/\/www.pressenza.com\/it\/2026\/05\/la-detenzione-illegale-di-thiago-e-saif-e-la-farsa-della-pace-a-gaza-smascherata-dalla-flotilla\/","name":"La detenzione illegale di Thiago e Saif e la farsa della pace a Gaza smascherata dalla Flotilla","isPartOf":{"@id":"https:\/\/www.pressenza.com\/it\/#website"},"primaryImageOfPage":{"@id":"https:\/\/www.pressenza.com\/it\/2026\/05\/la-detenzione-illegale-di-thiago-e-saif-e-la-farsa-della-pace-a-gaza-smascherata-dalla-flotilla\/#primaryimage"},"image":{"@id":"https:\/\/www.pressenza.com\/it\/2026\/05\/la-detenzione-illegale-di-thiago-e-saif-e-la-farsa-della-pace-a-gaza-smascherata-dalla-flotilla\/#primaryimage"},"thumbnailUrl":"https:\/\/www.pressenza.com\/wp-content\/uploads\/2026\/05\/Thiago-e-Saif-rit.jpg","datePublished":"2026-05-01T19:13:48+00:00","description":"Il recente sequestro in acque internazionali ai danni della Global Sumud Flotilla ha portato alla luce una realt\u00e0 inquietante e inaccettabile: la","breadcrumb":{"@id":"https:\/\/www.pressenza.com\/it\/2026\/05\/la-detenzione-illegale-di-thiago-e-saif-e-la-farsa-della-pace-a-gaza-smascherata-dalla-flotilla\/#breadcrumb"},"inLanguage":"it-IT","potentialAction":[{"@type":"ReadAction","target":["https:\/\/www.pressenza.com\/it\/2026\/05\/la-detenzione-illegale-di-thiago-e-saif-e-la-farsa-della-pace-a-gaza-smascherata-dalla-flotilla\/"]}]},{"@type":"ImageObject","inLanguage":"it-IT","@id":"https:\/\/www.pressenza.com\/it\/2026\/05\/la-detenzione-illegale-di-thiago-e-saif-e-la-farsa-della-pace-a-gaza-smascherata-dalla-flotilla\/#primaryimage","url":"https:\/\/www.pressenza.com\/wp-content\/uploads\/2026\/05\/Thiago-e-Saif-rit.jpg","contentUrl":"https:\/\/www.pressenza.com\/wp-content\/uploads\/2026\/05\/Thiago-e-Saif-rit.jpg","width":590,"height":546},{"@type":"BreadcrumbList","@id":"https:\/\/www.pressenza.com\/it\/2026\/05\/la-detenzione-illegale-di-thiago-e-saif-e-la-farsa-della-pace-a-gaza-smascherata-dalla-flotilla\/#breadcrumb","itemListElement":[{"@type":"ListItem","position":1,"name":"Accueil","item":"https:\/\/www.pressenza.com\/it\/"},{"@type":"ListItem","position":2,"name":"La detenzione illegale di Thiago e Saif e la farsa della pace a Gaza smascherata dalla Flotilla"}]},{"@type":"WebSite","@id":"https:\/\/www.pressenza.com\/it\/#website","url":"https:\/\/www.pressenza.com\/it\/","name":"Pressenza","description":"Agenzia di Stampa Internazionale","publisher":{"@id":"https:\/\/www.pressenza.com\/it\/#organization"},"potentialAction":[{"@type":"SearchAction","target":{"@type":"EntryPoint","urlTemplate":"https:\/\/www.pressenza.com\/it\/?s={search_term_string}"},"query-input":{"@type":"PropertyValueSpecification","valueRequired":true,"valueName":"search_term_string"}}],"inLanguage":"it-IT"},{"@type":"Organization","@id":"https:\/\/www.pressenza.com\/it\/#organization","name":"Pressenza","url":"https:\/\/www.pressenza.com\/it\/","logo":{"@type":"ImageObject","inLanguage":"it-IT","@id":"https:\/\/www.pressenza.com\/it\/#\/schema\/logo\/image\/","url":"https:\/\/www.pressenza.com\/wp-content\/uploads\/2022\/10\/pressenza_logo_200x200.jpg","contentUrl":"https:\/\/www.pressenza.com\/wp-content\/uploads\/2022\/10\/pressenza_logo_200x200.jpg","width":200,"height":200,"caption":"Pressenza"},"image":{"@id":"https:\/\/www.pressenza.com\/it\/#\/schema\/logo\/image\/"},"sameAs":["https:\/\/www.facebook.com\/PressenzaItalia","https:\/\/x.com\/PressenzaIPA"]},{"@type":"Person","@id":"https:\/\/www.pressenza.com\/it\/#\/schema\/person\/65f839df5847a390cd84df4e1e061bd6","name":"Ray Man","url":"https:\/\/www.pressenza.com\/it\/author\/rayman\/"}]}},"place":"","original_article_url":"","_links":{"self":[{"href":"https:\/\/www.pressenza.com\/it\/wp-json\/wp\/v2\/posts\/2697063","targetHints":{"allow":["GET"]}}],"collection":[{"href":"https:\/\/www.pressenza.com\/it\/wp-json\/wp\/v2\/posts"}],"about":[{"href":"https:\/\/www.pressenza.com\/it\/wp-json\/wp\/v2\/types\/post"}],"author":[{"embeddable":true,"href":"https:\/\/www.pressenza.com\/it\/wp-json\/wp\/v2\/users\/2407"}],"replies":[{"embeddable":true,"href":"https:\/\/www.pressenza.com\/it\/wp-json\/wp\/v2\/comments?post=2697063"}],"version-history":[{"count":1,"href":"https:\/\/www.pressenza.com\/it\/wp-json\/wp\/v2\/posts\/2697063\/revisions"}],"predecessor-version":[{"id":2697067,"href":"https:\/\/www.pressenza.com\/it\/wp-json\/wp\/v2\/posts\/2697063\/revisions\/2697067"}],"wp:featuredmedia":[{"embeddable":true,"href":"https:\/\/www.pressenza.com\/it\/wp-json\/wp\/v2\/media\/2697024"}],"wp:attachment":[{"href":"https:\/\/www.pressenza.com\/it\/wp-json\/wp\/v2\/media?parent=2697063"}],"wp:term":[{"taxonomy":"category","embeddable":true,"href":"https:\/\/www.pressenza.com\/it\/wp-json\/wp\/v2\/categories?post=2697063"},{"taxonomy":"post_tag","embeddable":true,"href":"https:\/\/www.pressenza.com\/it\/wp-json\/wp\/v2\/tags?post=2697063"}],"curies":[{"name":"wp","href":"https:\/\/api.w.org\/{rel}","templated":true}]}}