{"id":2697062,"date":"2026-05-01T20:50:57","date_gmt":"2026-05-01T19:50:57","guid":{"rendered":"https:\/\/www.pressenza.com\/?p=2697062"},"modified":"2026-05-01T21:15:21","modified_gmt":"2026-05-01T20:15:21","slug":"casale-monferrato-per-global-sumud-flotilla","status":"publish","type":"post","link":"https:\/\/www.pressenza.com\/it\/2026\/05\/casale-monferrato-per-global-sumud-flotilla\/","title":{"rendered":"La manifestazione settimanale in solidariet\u00e0 con gli equipaggi della GSF"},"content":{"rendered":"<p>Oggi &#8211; 1\u00b0 maggio 2026 &#8211; la consueta &#8220;Mezz&#8217;ora di silenzio per la pace e la giustizia sociale&#8221; \u00e8 stata svolta in solidariet\u00e0 con gli equipaggi della Global Sumud Flotilla che nella notte tra il 29 e 30 marzo scorsi sono stati assaltati e sequestrati dalla marina israeliana.<\/p>\n<p><img loading=\"lazy\" decoding=\"async\" class=\"aligncenter wp-image-2697071 size-large\" src=\"https:\/\/www.pressenza.com\/wp-content\/uploads\/2026\/05\/Casale-Monferrato-1\u00b0-maggio-2026-2-820x511.jpg\" alt=\"\" width=\"820\" height=\"511\" srcset=\"https:\/\/www.pressenza.com\/wp-content\/uploads\/2026\/05\/Casale-Monferrato-1\u00b0-maggio-2026-2-820x511.jpg 820w, https:\/\/www.pressenza.com\/wp-content\/uploads\/2026\/05\/Casale-Monferrato-1\u00b0-maggio-2026-2-300x187.jpg 300w, https:\/\/www.pressenza.com\/wp-content\/uploads\/2026\/05\/Casale-Monferrato-1\u00b0-maggio-2026-2.jpg 1000w\" sizes=\"auto, (max-width: 820px) 100vw, 820px\" \/><\/p>\n<p>Da venerd\u00ec 24 aprile scorso durante la manifestazione viene diffuso il suono della sirena che, nelle citt\u00e0 assediate, avverte la popolazione di un imminente attacco. Al sentirla, una donna ha spiegato di ricordare questo suono, che sentiva da piccola, e raccontato:<\/p>\n<p><iframe title=\"Spotify Embed: La &amp;apos;sirena&amp;apos; alla MEZZ&amp;apos;ORA DI SILENZIO PER LA PACE E LA GIUSTIZIA SOCIALE\" style=\"border-radius: 12px\" width=\"100%\" height=\"152\" frameborder=\"0\" allowfullscreen allow=\"autoplay; clipboard-write; encrypted-media; fullscreen; picture-in-picture\" loading=\"lazy\" src=\"https:\/\/open.spotify.com\/embed\/episode\/3o033vUZKRwwCz3gM37JdD?si=-yBgBDI0RtCSkMO-eV2HVA&amp;utm_source=oembed\"><\/iframe><\/p>\n<p>L&#8217;iniziativa della &#8220;Mezz&#8217;ora di silenzio per la pace e la giustizia sociale&#8221;, una delle numerose attivit\u00e0 indicate sulla mappa di presidi per la pace <em>online<\/em> nella colonna a destra delle pagine\u00a0nella sezione italiana del sito di Pressenza, viene praticata a Casale Monferrato ogni venerd\u00ec continuativamente dal primo di gennaio 2024.<\/p>\n<p><iframe loading=\"lazy\" title=\"MEZZ&#039;ORA DI SILENZIO PER LA PACE E LA GIUSTIZIA SOCIALE in solidariet\u00e0 con la Global Sumud Flotilla\" width=\"500\" height=\"281\" src=\"https:\/\/www.youtube.com\/embed\/cmQNvPoxBzk?feature=oembed\" frameborder=\"0\" allow=\"accelerometer; autoplay; clipboard-write; encrypted-media; gyroscope; picture-in-picture; web-share\" referrerpolicy=\"strict-origin-when-cross-origin\" allowfullscreen><\/iframe><\/p>\n<p style=\"text-align: left;\">MEZZ&#8217;ORA DI SILENZIO PER LA PACE E LA GIUSTIZIA SOCIALE a Casale Monferrato, in piazza Mazzini (o &#8216;del cavallo&#8217;), ogni venerd\u00ec, dalle 18:30 alle 19<\/p>\n<p><a href=\"https:\/\/mezzoraperlapace.wordpress.com\/\" target=\"_blank\" rel=\"noopener\">sito <em>web<\/em><\/a> &#8211; <a href=\"https:\/\/www.facebook.com\/profile.php?id=61572572625726\" target=\"_blank\" rel=\"noopener\">Facebook<\/a> &#8211; <a href=\"mailto:mezzoraperlapace@gmail.com\" target=\"_blank\" rel=\"noopener\">mezzoraperlapace@gmail.com<\/a><\/p>\n<p style=\"text-align: right;\">Reportage realizzato a cura di LISISTRATA NEL XXI SECOLO (<a href=\"https:\/\/www.pressenza.com\/it\/author\/m-brunasti\/\" target=\"_blank\" rel=\"noopener\">Maddalena Brunasti<\/a>)<\/p>\n","protected":false},"excerpt":{"rendered":"<p>Oggi &#8211; 1\u00b0 maggio 2026 &#8211; la consueta &#8220;Mezz&#8217;ora di silenzio per la pace e la giustizia sociale&#8221; \u00e8 stata svolta in solidariet\u00e0 con gli equipaggi della Global Sumud Flotilla che nella notte tra il 29 e 30 marzo scorsi&hellip;<\/p>\n","protected":false},"author":2284,"featured_media":2697064,"comment_status":"closed","ping_status":"closed","sticky":false,"template":"","format":"standard","meta":{"footnotes":""},"categories":[11388,60,1263],"tags":[143797,143314,134320,152889,144927,156197,156196,142112],"class_list":["post-2697062","post","type-post","status-publish","format-standard","has-post-thumbnail","hentry","category-contenuti-originali","category-diritti-umani","category-pace-disarmo","tag-abbordaggio-alla-global-sumud-flotilla","tag-attacco-alla-global-sumud-flotilla","tag-maddalena-brunasti","tag-mappa-dei-gruppi-praticanti-iniziative-pacifiste","tag-mezzora-di-silenzio-per-la-pace-e-la-giustizia-sociale-casale-monferrato-al","tag-sequestro-equipaggi-global-sumud-flotilla","tag-sequestro-navi-global-sumud-flotilla","tag-solidarieta-a-global-sumud-flottilla"],"yoast_head":"<!-- This site is optimized with the Yoast SEO plugin v27.1.1 - https:\/\/yoast.com\/product\/yoast-seo-wordpress\/ -->\n<title>La manifestazione settimanale in solidariet\u00e0 con gli equipaggi della GSF<\/title>\n<meta name=\"description\" content=\"Oggi - 1\u00b0 maggio 2026 - la consueta &quot;Mezz&#039;ora di silenzio per la pace e la giustizia sociale&quot; \u00e8 stata svolta in solidariet\u00e0 con gli equipaggi della Global Venerd\u00ec 1\u00b0 maggio 2026 la settimanale &quot;Mezz&#039;ora di silenzio per la pace e la giustizia sociale&quot; \u00e8 stata svolta in solidariet\u00e0 con gli equipaggi della Global Sumud Flotilla che nella notte tra il 29 e 30 marzo scorsi sono stati assaltati e sequestrati dalla marina israeliana.\" \/>\n<meta name=\"robots\" content=\"index, follow, max-snippet:-1, max-image-preview:large, max-video-preview:-1\" \/>\n<link rel=\"canonical\" href=\"https:\/\/www.pressenza.com\/it\/2026\/05\/casale-monferrato-per-global-sumud-flotilla\/\" \/>\n<meta property=\"og:locale\" content=\"it_IT\" \/>\n<meta property=\"og:type\" content=\"article\" \/>\n<meta property=\"og:title\" content=\"La manifestazione settimanale in solidariet\u00e0 con gli equipaggi della GSF\" \/>\n<meta property=\"og:description\" content=\"Oggi - 1\u00b0 maggio 2026 - la consueta &quot;Mezz&#039;ora di silenzio per la pace e la giustizia sociale&quot; \u00e8 stata svolta in solidariet\u00e0 con gli equipaggi della Global Venerd\u00ec 1\u00b0 maggio 2026 la settimanale &quot;Mezz&#039;ora di silenzio per la pace e la giustizia sociale&quot; \u00e8 stata svolta in solidariet\u00e0 con gli equipaggi della Global Sumud Flotilla che nella notte tra il 29 e 30 marzo scorsi sono stati assaltati e sequestrati dalla marina israeliana.\" \/>\n<meta property=\"og:url\" content=\"https:\/\/www.pressenza.com\/it\/2026\/05\/casale-monferrato-per-global-sumud-flotilla\/\" \/>\n<meta property=\"og:site_name\" content=\"Pressenza\" \/>\n<meta property=\"article:publisher\" content=\"https:\/\/www.facebook.com\/PressenzaItalia\" \/>\n<meta property=\"article:published_time\" content=\"2026-05-01T19:50:57+00:00\" \/>\n<meta property=\"article:modified_time\" content=\"2026-05-01T20:15:21+00:00\" \/>\n<meta property=\"og:image\" content=\"https:\/\/www.pressenza.com\/wp-content\/uploads\/2026\/05\/Casale-Monferrato-1\u00b0-maggio-2026-pic.jpg\" \/>\n\t<meta property=\"og:image:width\" content=\"1000\" \/>\n\t<meta property=\"og:image:height\" content=\"652\" \/>\n\t<meta property=\"og:image:type\" content=\"image\/jpeg\" \/>\n<meta name=\"author\" content=\"Redazione Piemonte Orientale\" \/>\n<meta name=\"twitter:card\" content=\"summary_large_image\" \/>\n<meta name=\"twitter:creator\" content=\"@PressenzaIPA\" \/>\n<meta name=\"twitter:site\" content=\"@PressenzaIPA\" \/>\n<meta name=\"twitter:label1\" content=\"Scritto da\" \/>\n\t<meta name=\"twitter:data1\" content=\"Redazione Piemonte Orientale\" \/>\n\t<meta name=\"twitter:label2\" content=\"Tempo di lettura stimato\" \/>\n\t<meta name=\"twitter:data2\" content=\"2 minuti\" \/>\n<script type=\"application\/ld+json\" class=\"yoast-schema-graph\">{\"@context\":\"https:\/\/schema.org\",\"@graph\":[{\"@type\":\"Article\",\"@id\":\"https:\/\/www.pressenza.com\/it\/2026\/05\/casale-monferrato-per-global-sumud-flotilla\/#article\",\"isPartOf\":{\"@id\":\"https:\/\/www.pressenza.com\/it\/2026\/05\/casale-monferrato-per-global-sumud-flotilla\/\"},\"author\":{\"name\":\"Redazione Piemonte Orientale\",\"@id\":\"https:\/\/www.pressenza.com\/it\/#\/schema\/person\/a5a18a1f9bd17ddfdc899816e18307e1\"},\"headline\":\"La manifestazione settimanale in solidariet\u00e0 con gli equipaggi della GSF\",\"datePublished\":\"2026-05-01T19:50:57+00:00\",\"dateModified\":\"2026-05-01T20:15:21+00:00\",\"mainEntityOfPage\":{\"@id\":\"https:\/\/www.pressenza.com\/it\/2026\/05\/casale-monferrato-per-global-sumud-flotilla\/\"},\"wordCount\":210,\"publisher\":{\"@id\":\"https:\/\/www.pressenza.com\/it\/#organization\"},\"image\":{\"@id\":\"https:\/\/www.pressenza.com\/it\/2026\/05\/casale-monferrato-per-global-sumud-flotilla\/#primaryimage\"},\"thumbnailUrl\":\"https:\/\/www.pressenza.com\/wp-content\/uploads\/2026\/05\/Casale-Monferrato-1\u00b0-maggio-2026-pic.jpg\",\"keywords\":[\"abbordaggio alla Global Sumud Flotilla\",\"attacco alla Global Sumud Flotilla\",\"Maddalena Brunasti\",\"mappa dei gruppi praticanti iniziative pacifiste\",\"Mezzora di silenzio per la pace e la giustizia sociale - Casale Monferrato - AL\",\"sequestro equipaggi Global Sumud Flotilla\",\"sequestro navi Global Sumud Flotilla\",\"solidariet\u00e0 a Global Sumud Flottilla\"],\"articleSection\":[\"contenuti originali\",\"Diritti Umani\",\"Pace e Disarmo\"],\"inLanguage\":\"it-IT\"},{\"@type\":\"WebPage\",\"@id\":\"https:\/\/www.pressenza.com\/it\/2026\/05\/casale-monferrato-per-global-sumud-flotilla\/\",\"url\":\"https:\/\/www.pressenza.com\/it\/2026\/05\/casale-monferrato-per-global-sumud-flotilla\/\",\"name\":\"La manifestazione settimanale in solidariet\u00e0 con gli equipaggi della GSF\",\"isPartOf\":{\"@id\":\"https:\/\/www.pressenza.com\/it\/#website\"},\"primaryImageOfPage\":{\"@id\":\"https:\/\/www.pressenza.com\/it\/2026\/05\/casale-monferrato-per-global-sumud-flotilla\/#primaryimage\"},\"image\":{\"@id\":\"https:\/\/www.pressenza.com\/it\/2026\/05\/casale-monferrato-per-global-sumud-flotilla\/#primaryimage\"},\"thumbnailUrl\":\"https:\/\/www.pressenza.com\/wp-content\/uploads\/2026\/05\/Casale-Monferrato-1\u00b0-maggio-2026-pic.jpg\",\"datePublished\":\"2026-05-01T19:50:57+00:00\",\"dateModified\":\"2026-05-01T20:15:21+00:00\",\"description\":\"Oggi - 1\u00b0 maggio 2026 - la consueta \\\"Mezz'ora di silenzio per la pace e la giustizia sociale\\\" \u00e8 stata svolta in solidariet\u00e0 con gli equipaggi della Global Venerd\u00ec 1\u00b0 maggio 2026 la settimanale \\\"Mezz'ora di silenzio per la pace e la giustizia sociale\\\" \u00e8 stata svolta in solidariet\u00e0 con gli equipaggi della Global Sumud Flotilla che nella notte tra il 29 e 30 marzo scorsi sono stati assaltati e sequestrati dalla marina israeliana.\",\"breadcrumb\":{\"@id\":\"https:\/\/www.pressenza.com\/it\/2026\/05\/casale-monferrato-per-global-sumud-flotilla\/#breadcrumb\"},\"inLanguage\":\"it-IT\",\"potentialAction\":[{\"@type\":\"ReadAction\",\"target\":[\"https:\/\/www.pressenza.com\/it\/2026\/05\/casale-monferrato-per-global-sumud-flotilla\/\"]}]},{\"@type\":\"ImageObject\",\"inLanguage\":\"it-IT\",\"@id\":\"https:\/\/www.pressenza.com\/it\/2026\/05\/casale-monferrato-per-global-sumud-flotilla\/#primaryimage\",\"url\":\"https:\/\/www.pressenza.com\/wp-content\/uploads\/2026\/05\/Casale-Monferrato-1\u00b0-maggio-2026-pic.jpg\",\"contentUrl\":\"https:\/\/www.pressenza.com\/wp-content\/uploads\/2026\/05\/Casale-Monferrato-1\u00b0-maggio-2026-pic.jpg\",\"width\":1000,\"height\":652},{\"@type\":\"BreadcrumbList\",\"@id\":\"https:\/\/www.pressenza.com\/it\/2026\/05\/casale-monferrato-per-global-sumud-flotilla\/#breadcrumb\",\"itemListElement\":[{\"@type\":\"ListItem\",\"position\":1,\"name\":\"Accueil\",\"item\":\"https:\/\/www.pressenza.com\/it\/\"},{\"@type\":\"ListItem\",\"position\":2,\"name\":\"La manifestazione settimanale in solidariet\u00e0 con gli equipaggi della GSF\"}]},{\"@type\":\"WebSite\",\"@id\":\"https:\/\/www.pressenza.com\/it\/#website\",\"url\":\"https:\/\/www.pressenza.com\/it\/\",\"name\":\"Pressenza\",\"description\":\"Agenzia di Stampa Internazionale\",\"publisher\":{\"@id\":\"https:\/\/www.pressenza.com\/it\/#organization\"},\"potentialAction\":[{\"@type\":\"SearchAction\",\"target\":{\"@type\":\"EntryPoint\",\"urlTemplate\":\"https:\/\/www.pressenza.com\/it\/?s={search_term_string}\"},\"query-input\":{\"@type\":\"PropertyValueSpecification\",\"valueRequired\":true,\"valueName\":\"search_term_string\"}}],\"inLanguage\":\"it-IT\"},{\"@type\":\"Organization\",\"@id\":\"https:\/\/www.pressenza.com\/it\/#organization\",\"name\":\"Pressenza\",\"url\":\"https:\/\/www.pressenza.com\/it\/\",\"logo\":{\"@type\":\"ImageObject\",\"inLanguage\":\"it-IT\",\"@id\":\"https:\/\/www.pressenza.com\/it\/#\/schema\/logo\/image\/\",\"url\":\"https:\/\/www.pressenza.com\/wp-content\/uploads\/2022\/10\/pressenza_logo_200x200.jpg\",\"contentUrl\":\"https:\/\/www.pressenza.com\/wp-content\/uploads\/2022\/10\/pressenza_logo_200x200.jpg\",\"width\":200,\"height\":200,\"caption\":\"Pressenza\"},\"image\":{\"@id\":\"https:\/\/www.pressenza.com\/it\/#\/schema\/logo\/image\/\"},\"sameAs\":[\"https:\/\/www.facebook.com\/PressenzaItalia\",\"https:\/\/x.com\/PressenzaIPA\"]},{\"@type\":\"Person\",\"@id\":\"https:\/\/www.pressenza.com\/it\/#\/schema\/person\/a5a18a1f9bd17ddfdc899816e18307e1\",\"name\":\"Redazione Piemonte Orientale\",\"url\":\"https:\/\/www.pressenza.com\/it\/author\/redazione-piemonte-orientale\/\"}]}<\/script>\n<!-- \/ Yoast SEO plugin. -->","yoast_head_json":{"title":"La manifestazione settimanale in solidariet\u00e0 con gli equipaggi della GSF","description":"Oggi - 1\u00b0 maggio 2026 - la consueta \"Mezz'ora di silenzio per la pace e la giustizia sociale\" \u00e8 stata svolta in solidariet\u00e0 con gli equipaggi della Global Venerd\u00ec 1\u00b0 maggio 2026 la settimanale \"Mezz'ora di silenzio per la pace e la giustizia sociale\" \u00e8 stata svolta in solidariet\u00e0 con gli equipaggi della Global Sumud Flotilla che nella notte tra il 29 e 30 marzo scorsi sono stati assaltati e sequestrati dalla marina israeliana.","robots":{"index":"index","follow":"follow","max-snippet":"max-snippet:-1","max-image-preview":"max-image-preview:large","max-video-preview":"max-video-preview:-1"},"canonical":"https:\/\/www.pressenza.com\/it\/2026\/05\/casale-monferrato-per-global-sumud-flotilla\/","og_locale":"it_IT","og_type":"article","og_title":"La manifestazione settimanale in solidariet\u00e0 con gli equipaggi della GSF","og_description":"Oggi - 1\u00b0 maggio 2026 - la consueta \"Mezz'ora di silenzio per la pace e la giustizia sociale\" \u00e8 stata svolta in solidariet\u00e0 con gli equipaggi della Global Venerd\u00ec 1\u00b0 maggio 2026 la settimanale \"Mezz'ora di silenzio per la pace e la giustizia sociale\" \u00e8 stata svolta in solidariet\u00e0 con gli equipaggi della Global Sumud Flotilla che nella notte tra il 29 e 30 marzo scorsi sono stati assaltati e sequestrati dalla marina israeliana.","og_url":"https:\/\/www.pressenza.com\/it\/2026\/05\/casale-monferrato-per-global-sumud-flotilla\/","og_site_name":"Pressenza","article_publisher":"https:\/\/www.facebook.com\/PressenzaItalia","article_published_time":"2026-05-01T19:50:57+00:00","article_modified_time":"2026-05-01T20:15:21+00:00","og_image":[{"width":1000,"height":652,"url":"https:\/\/www.pressenza.com\/wp-content\/uploads\/2026\/05\/Casale-Monferrato-1\u00b0-maggio-2026-pic.jpg","type":"image\/jpeg"}],"author":"Redazione Piemonte Orientale","twitter_card":"summary_large_image","twitter_creator":"@PressenzaIPA","twitter_site":"@PressenzaIPA","twitter_misc":{"Scritto da":"Redazione Piemonte Orientale","Tempo di lettura stimato":"2 minuti"},"schema":{"@context":"https:\/\/schema.org","@graph":[{"@type":"Article","@id":"https:\/\/www.pressenza.com\/it\/2026\/05\/casale-monferrato-per-global-sumud-flotilla\/#article","isPartOf":{"@id":"https:\/\/www.pressenza.com\/it\/2026\/05\/casale-monferrato-per-global-sumud-flotilla\/"},"author":{"name":"Redazione Piemonte Orientale","@id":"https:\/\/www.pressenza.com\/it\/#\/schema\/person\/a5a18a1f9bd17ddfdc899816e18307e1"},"headline":"La manifestazione settimanale in solidariet\u00e0 con gli equipaggi della GSF","datePublished":"2026-05-01T19:50:57+00:00","dateModified":"2026-05-01T20:15:21+00:00","mainEntityOfPage":{"@id":"https:\/\/www.pressenza.com\/it\/2026\/05\/casale-monferrato-per-global-sumud-flotilla\/"},"wordCount":210,"publisher":{"@id":"https:\/\/www.pressenza.com\/it\/#organization"},"image":{"@id":"https:\/\/www.pressenza.com\/it\/2026\/05\/casale-monferrato-per-global-sumud-flotilla\/#primaryimage"},"thumbnailUrl":"https:\/\/www.pressenza.com\/wp-content\/uploads\/2026\/05\/Casale-Monferrato-1\u00b0-maggio-2026-pic.jpg","keywords":["abbordaggio alla Global Sumud Flotilla","attacco alla Global Sumud Flotilla","Maddalena Brunasti","mappa dei gruppi praticanti iniziative pacifiste","Mezzora di silenzio per la pace e la giustizia sociale - Casale Monferrato - AL","sequestro equipaggi Global Sumud Flotilla","sequestro navi Global Sumud Flotilla","solidariet\u00e0 a Global Sumud Flottilla"],"articleSection":["contenuti originali","Diritti Umani","Pace e Disarmo"],"inLanguage":"it-IT"},{"@type":"WebPage","@id":"https:\/\/www.pressenza.com\/it\/2026\/05\/casale-monferrato-per-global-sumud-flotilla\/","url":"https:\/\/www.pressenza.com\/it\/2026\/05\/casale-monferrato-per-global-sumud-flotilla\/","name":"La manifestazione settimanale in solidariet\u00e0 con gli equipaggi della GSF","isPartOf":{"@id":"https:\/\/www.pressenza.com\/it\/#website"},"primaryImageOfPage":{"@id":"https:\/\/www.pressenza.com\/it\/2026\/05\/casale-monferrato-per-global-sumud-flotilla\/#primaryimage"},"image":{"@id":"https:\/\/www.pressenza.com\/it\/2026\/05\/casale-monferrato-per-global-sumud-flotilla\/#primaryimage"},"thumbnailUrl":"https:\/\/www.pressenza.com\/wp-content\/uploads\/2026\/05\/Casale-Monferrato-1\u00b0-maggio-2026-pic.jpg","datePublished":"2026-05-01T19:50:57+00:00","dateModified":"2026-05-01T20:15:21+00:00","description":"Oggi - 1\u00b0 maggio 2026 - la consueta \"Mezz'ora di silenzio per la pace e la giustizia sociale\" \u00e8 stata svolta in solidariet\u00e0 con gli equipaggi della Global Venerd\u00ec 1\u00b0 maggio 2026 la settimanale \"Mezz'ora di silenzio per la pace e la giustizia sociale\" \u00e8 stata svolta in solidariet\u00e0 con gli equipaggi della Global Sumud Flotilla che nella notte tra il 29 e 30 marzo scorsi sono stati assaltati e sequestrati dalla marina israeliana.","breadcrumb":{"@id":"https:\/\/www.pressenza.com\/it\/2026\/05\/casale-monferrato-per-global-sumud-flotilla\/#breadcrumb"},"inLanguage":"it-IT","potentialAction":[{"@type":"ReadAction","target":["https:\/\/www.pressenza.com\/it\/2026\/05\/casale-monferrato-per-global-sumud-flotilla\/"]}]},{"@type":"ImageObject","inLanguage":"it-IT","@id":"https:\/\/www.pressenza.com\/it\/2026\/05\/casale-monferrato-per-global-sumud-flotilla\/#primaryimage","url":"https:\/\/www.pressenza.com\/wp-content\/uploads\/2026\/05\/Casale-Monferrato-1\u00b0-maggio-2026-pic.jpg","contentUrl":"https:\/\/www.pressenza.com\/wp-content\/uploads\/2026\/05\/Casale-Monferrato-1\u00b0-maggio-2026-pic.jpg","width":1000,"height":652},{"@type":"BreadcrumbList","@id":"https:\/\/www.pressenza.com\/it\/2026\/05\/casale-monferrato-per-global-sumud-flotilla\/#breadcrumb","itemListElement":[{"@type":"ListItem","position":1,"name":"Accueil","item":"https:\/\/www.pressenza.com\/it\/"},{"@type":"ListItem","position":2,"name":"La manifestazione settimanale in solidariet\u00e0 con gli equipaggi della GSF"}]},{"@type":"WebSite","@id":"https:\/\/www.pressenza.com\/it\/#website","url":"https:\/\/www.pressenza.com\/it\/","name":"Pressenza","description":"Agenzia di Stampa Internazionale","publisher":{"@id":"https:\/\/www.pressenza.com\/it\/#organization"},"potentialAction":[{"@type":"SearchAction","target":{"@type":"EntryPoint","urlTemplate":"https:\/\/www.pressenza.com\/it\/?s={search_term_string}"},"query-input":{"@type":"PropertyValueSpecification","valueRequired":true,"valueName":"search_term_string"}}],"inLanguage":"it-IT"},{"@type":"Organization","@id":"https:\/\/www.pressenza.com\/it\/#organization","name":"Pressenza","url":"https:\/\/www.pressenza.com\/it\/","logo":{"@type":"ImageObject","inLanguage":"it-IT","@id":"https:\/\/www.pressenza.com\/it\/#\/schema\/logo\/image\/","url":"https:\/\/www.pressenza.com\/wp-content\/uploads\/2022\/10\/pressenza_logo_200x200.jpg","contentUrl":"https:\/\/www.pressenza.com\/wp-content\/uploads\/2022\/10\/pressenza_logo_200x200.jpg","width":200,"height":200,"caption":"Pressenza"},"image":{"@id":"https:\/\/www.pressenza.com\/it\/#\/schema\/logo\/image\/"},"sameAs":["https:\/\/www.facebook.com\/PressenzaItalia","https:\/\/x.com\/PressenzaIPA"]},{"@type":"Person","@id":"https:\/\/www.pressenza.com\/it\/#\/schema\/person\/a5a18a1f9bd17ddfdc899816e18307e1","name":"Redazione Piemonte Orientale","url":"https:\/\/www.pressenza.com\/it\/author\/redazione-piemonte-orientale\/"}]}},"place":"Casale Monferrato (AL)","original_article_url":"https:\/\/mezzoraperlapace.wordpress.com\/2026\/05\/01\/venerdi-1-maggio\/","_links":{"self":[{"href":"https:\/\/www.pressenza.com\/it\/wp-json\/wp\/v2\/posts\/2697062","targetHints":{"allow":["GET"]}}],"collection":[{"href":"https:\/\/www.pressenza.com\/it\/wp-json\/wp\/v2\/posts"}],"about":[{"href":"https:\/\/www.pressenza.com\/it\/wp-json\/wp\/v2\/types\/post"}],"author":[{"embeddable":true,"href":"https:\/\/www.pressenza.com\/it\/wp-json\/wp\/v2\/users\/2284"}],"replies":[{"embeddable":true,"href":"https:\/\/www.pressenza.com\/it\/wp-json\/wp\/v2\/comments?post=2697062"}],"version-history":[{"count":9,"href":"https:\/\/www.pressenza.com\/it\/wp-json\/wp\/v2\/posts\/2697062\/revisions"}],"predecessor-version":[{"id":2697086,"href":"https:\/\/www.pressenza.com\/it\/wp-json\/wp\/v2\/posts\/2697062\/revisions\/2697086"}],"wp:featuredmedia":[{"embeddable":true,"href":"https:\/\/www.pressenza.com\/it\/wp-json\/wp\/v2\/media\/2697064"}],"wp:attachment":[{"href":"https:\/\/www.pressenza.com\/it\/wp-json\/wp\/v2\/media?parent=2697062"}],"wp:term":[{"taxonomy":"category","embeddable":true,"href":"https:\/\/www.pressenza.com\/it\/wp-json\/wp\/v2\/categories?post=2697062"},{"taxonomy":"post_tag","embeddable":true,"href":"https:\/\/www.pressenza.com\/it\/wp-json\/wp\/v2\/tags?post=2697062"}],"curies":[{"name":"wp","href":"https:\/\/api.w.org\/{rel}","templated":true}]}}