{"id":2697041,"date":"2026-05-01T16:04:32","date_gmt":"2026-05-01T15:04:32","guid":{"rendered":"https:\/\/www.pressenza.com\/?p=2697041"},"modified":"2026-05-01T16:04:32","modified_gmt":"2026-05-01T15:04:32","slug":"cagliari-scende-in-piazza-con-la-freedom-flotilla","status":"publish","type":"post","link":"https:\/\/www.pressenza.com\/it\/2026\/05\/cagliari-scende-in-piazza-con-la-freedom-flotilla\/","title":{"rendered":"Cagliari scende in piazza con la Freedom Flotilla"},"content":{"rendered":"<p>&nbsp;<\/p>\n<p>Si \u00e8 svolta sabato 30 aprile, in contemporanea con tante altre citt\u00e0 in Italia e nel mondo, una manifestazione in appoggio alla Sumud Flotilla, attaccata dalla Marina israeliana in acque internazionali, a largo dell\u2019isola di Creta.<\/p>\n<p>Identico copione di altre volte: un attacco con droni per mettere fuori uso i comandi delle imbarcazioni, quindi l\u2019abbordaggio, il sequestro dei mezzi e l\u2019arresto dei membri dell\u2019equipaggio. Dal punto di vista del diritto internazionale, un vero e proprio atto di pirateria. Fra i 175 attivisti fermati dall\u2019IDV figurano anche 24 italiani, fra cui almeno due giornalisti. Il governo, in una nota, si \u00e8 limitato a chiederne l\u2019immediato rilascio, ricordando che la libert\u00e0 di navigazione va rispettata, ma guardandosi bene da prendere le misure che in casi cos\u00ec gravi un governo davvero indipendente dovrebbe assumere: una chiara condanna pubblica del violento atto di pirateria israeliano contro imbarcazioni civili, se non addirittura il ritiro dei propri diplomatici.<\/p>\n<p>Ma \u00e8 evidente che l\u2019atteggiamento del governo Meloni \u00e8 di accondiscendenza e complicit\u00e0 con le azioni israeliane, il cui governo che si \u00e8 macchiato e tutt\u2019oggi continua a macchiarsi di crimini contro l\u2019umanit\u00e0, resta tuttavia in cima alla lista dei paesi alleati, insieme agli USA, a dispetto di ogni efferatezza e di ogni strategia genocidaria.<\/p>\n<p>A Cagliari, nella piazza centrale piazza Yenne, alcune centinaia di persone hanno risposto alla chiamata urgente alla protesta, per rispondere a quest\u2019atto criminale, a questa palese violazione del diritto. Le bandiere palestinesi hanno sventolato fino alle otto di sera nella piazza, per chiedere che il governo e le istituzioni europee prendano le distanze da Israele, condannando fermamente la sua azione di pirateria internazionale, sospendendo le relazioni diplomatiche ed adottando sanzioni politico-economiche concrete.<\/p>\n<p>Ancora una volta si palesa la distanza che corre fra le posizioni istituzionali e quelle espresse dalla societ\u00e0 civile e dal dissenso. Cagliari lo ha dimostrato questo 30 maggio, confermando come gi\u00e0 da tempo la propria posizione: di fronte al genocidio, nessuna forma di indifferenza pu\u00f2 essere accettabile. Come testimonia il presidio giornaliero che da ormai sei mesi \u00e8 diventato un punto fermo del paesaggio cittadino e dal quale quotidianamente si leva il grido: FREE FREE PALESTINE!<\/p>\n","protected":false},"excerpt":{"rendered":"<p>&nbsp; Si \u00e8 svolta sabato 30 aprile, in contemporanea con tante altre citt\u00e0 in Italia e nel mondo, una manifestazione in appoggio alla Sumud Flotilla, attaccata dalla Marina israeliana in acque internazionali, a largo dell\u2019isola di Creta. Identico copione di&hellip;<\/p>\n","protected":false},"author":2131,"featured_media":2697043,"comment_status":"closed","ping_status":"closed","sticky":false,"template":"","format":"standard","meta":{"footnotes":""},"categories":[],"tags":[23301,150494,129542,1227,148009,145457,156242],"class_list":["post-2697041","post","type-post","status-publish","format-standard","has-post-thumbnail","hentry","tag-cagliari","tag-genocidio-israeli","tag-israele-2","tag-palestina-it","tag-pirateria-internazionale","tag-presidio-giornaliero","tag-sumud-global-flotilla"],"yoast_head":"<!-- This site is optimized with the Yoast SEO plugin v27.1.1 - https:\/\/yoast.com\/product\/yoast-seo-wordpress\/ -->\n<title>Cagliari scende in piazza con la Freedom Flotilla<\/title>\n<meta name=\"description\" content=\"&nbsp; Si \u00e8 svolta sabato 30 aprile, in contemporanea con tante altre citt\u00e0 in Italia e nel mondo, una manifestazione in appoggio alla Sumud Flotilla,\" \/>\n<meta name=\"robots\" content=\"index, follow, max-snippet:-1, max-image-preview:large, max-video-preview:-1\" \/>\n<link rel=\"canonical\" href=\"https:\/\/www.pressenza.com\/it\/2026\/05\/cagliari-scende-in-piazza-con-la-freedom-flotilla\/\" \/>\n<meta property=\"og:locale\" content=\"it_IT\" \/>\n<meta property=\"og:type\" content=\"article\" \/>\n<meta property=\"og:title\" content=\"Cagliari scende in piazza con la Freedom Flotilla\" \/>\n<meta property=\"og:description\" content=\"&nbsp; Si \u00e8 svolta sabato 30 aprile, in contemporanea con tante altre citt\u00e0 in Italia e nel mondo, una manifestazione in appoggio alla Sumud Flotilla,\" \/>\n<meta property=\"og:url\" content=\"https:\/\/www.pressenza.com\/it\/2026\/05\/cagliari-scende-in-piazza-con-la-freedom-flotilla\/\" \/>\n<meta property=\"og:site_name\" content=\"Pressenza\" \/>\n<meta property=\"article:publisher\" content=\"https:\/\/www.facebook.com\/PressenzaItalia\" \/>\n<meta property=\"article:published_time\" content=\"2026-05-01T15:04:32+00:00\" \/>\n<meta property=\"og:image\" content=\"https:\/\/www.pressenza.com\/wp-content\/uploads\/2026\/05\/1777619354003.jpg-solidarieta-flotilla-2.jpg\" \/>\n\t<meta property=\"og:image:width\" content=\"1920\" \/>\n\t<meta property=\"og:image:height\" content=\"1440\" \/>\n\t<meta property=\"og:image:type\" content=\"image\/jpeg\" \/>\n<meta name=\"author\" content=\"Carlo Bellisai\" \/>\n<meta name=\"twitter:card\" content=\"summary_large_image\" \/>\n<meta name=\"twitter:creator\" content=\"@PressenzaIPA\" \/>\n<meta name=\"twitter:site\" content=\"@PressenzaIPA\" \/>\n<meta name=\"twitter:label1\" content=\"Scritto da\" \/>\n\t<meta name=\"twitter:data1\" content=\"Carlo Bellisai\" \/>\n\t<meta name=\"twitter:label2\" content=\"Tempo di lettura stimato\" \/>\n\t<meta name=\"twitter:data2\" content=\"2 minuti\" \/>\n<script type=\"application\/ld+json\" class=\"yoast-schema-graph\">{\"@context\":\"https:\/\/schema.org\",\"@graph\":[{\"@type\":\"Article\",\"@id\":\"https:\/\/www.pressenza.com\/it\/2026\/05\/cagliari-scende-in-piazza-con-la-freedom-flotilla\/#article\",\"isPartOf\":{\"@id\":\"https:\/\/www.pressenza.com\/it\/2026\/05\/cagliari-scende-in-piazza-con-la-freedom-flotilla\/\"},\"author\":{\"name\":\"Carlo Bellisai\",\"@id\":\"https:\/\/www.pressenza.com\/it\/#\/schema\/person\/2efaf89de911f967d3d8a8494805864d\"},\"headline\":\"Cagliari scende in piazza con la Freedom Flotilla\",\"datePublished\":\"2026-05-01T15:04:32+00:00\",\"mainEntityOfPage\":{\"@id\":\"https:\/\/www.pressenza.com\/it\/2026\/05\/cagliari-scende-in-piazza-con-la-freedom-flotilla\/\"},\"wordCount\":365,\"publisher\":{\"@id\":\"https:\/\/www.pressenza.com\/it\/#organization\"},\"image\":{\"@id\":\"https:\/\/www.pressenza.com\/it\/2026\/05\/cagliari-scende-in-piazza-con-la-freedom-flotilla\/#primaryimage\"},\"thumbnailUrl\":\"https:\/\/www.pressenza.com\/wp-content\/uploads\/2026\/05\/1777619354003.jpg-solidarieta-flotilla-2.jpg\",\"keywords\":[\"Cagliari\",\"genocidio israel\u00ed\",\"Israele\",\"Palestina\",\"pirateria internazionale\",\"presidio giornaliero\",\"Sumud Global Flotilla\"],\"inLanguage\":\"it-IT\"},{\"@type\":\"WebPage\",\"@id\":\"https:\/\/www.pressenza.com\/it\/2026\/05\/cagliari-scende-in-piazza-con-la-freedom-flotilla\/\",\"url\":\"https:\/\/www.pressenza.com\/it\/2026\/05\/cagliari-scende-in-piazza-con-la-freedom-flotilla\/\",\"name\":\"Cagliari scende in piazza con la Freedom Flotilla\",\"isPartOf\":{\"@id\":\"https:\/\/www.pressenza.com\/it\/#website\"},\"primaryImageOfPage\":{\"@id\":\"https:\/\/www.pressenza.com\/it\/2026\/05\/cagliari-scende-in-piazza-con-la-freedom-flotilla\/#primaryimage\"},\"image\":{\"@id\":\"https:\/\/www.pressenza.com\/it\/2026\/05\/cagliari-scende-in-piazza-con-la-freedom-flotilla\/#primaryimage\"},\"thumbnailUrl\":\"https:\/\/www.pressenza.com\/wp-content\/uploads\/2026\/05\/1777619354003.jpg-solidarieta-flotilla-2.jpg\",\"datePublished\":\"2026-05-01T15:04:32+00:00\",\"description\":\"&nbsp; Si \u00e8 svolta sabato 30 aprile, in contemporanea con tante altre citt\u00e0 in Italia e nel mondo, una manifestazione in appoggio alla Sumud Flotilla,\",\"breadcrumb\":{\"@id\":\"https:\/\/www.pressenza.com\/it\/2026\/05\/cagliari-scende-in-piazza-con-la-freedom-flotilla\/#breadcrumb\"},\"inLanguage\":\"it-IT\",\"potentialAction\":[{\"@type\":\"ReadAction\",\"target\":[\"https:\/\/www.pressenza.com\/it\/2026\/05\/cagliari-scende-in-piazza-con-la-freedom-flotilla\/\"]}]},{\"@type\":\"ImageObject\",\"inLanguage\":\"it-IT\",\"@id\":\"https:\/\/www.pressenza.com\/it\/2026\/05\/cagliari-scende-in-piazza-con-la-freedom-flotilla\/#primaryimage\",\"url\":\"https:\/\/www.pressenza.com\/wp-content\/uploads\/2026\/05\/1777619354003.jpg-solidarieta-flotilla-2.jpg\",\"contentUrl\":\"https:\/\/www.pressenza.com\/wp-content\/uploads\/2026\/05\/1777619354003.jpg-solidarieta-flotilla-2.jpg\",\"width\":1920,\"height\":1440},{\"@type\":\"BreadcrumbList\",\"@id\":\"https:\/\/www.pressenza.com\/it\/2026\/05\/cagliari-scende-in-piazza-con-la-freedom-flotilla\/#breadcrumb\",\"itemListElement\":[{\"@type\":\"ListItem\",\"position\":1,\"name\":\"Accueil\",\"item\":\"https:\/\/www.pressenza.com\/it\/\"},{\"@type\":\"ListItem\",\"position\":2,\"name\":\"Cagliari scende in piazza con la Freedom Flotilla\"}]},{\"@type\":\"WebSite\",\"@id\":\"https:\/\/www.pressenza.com\/it\/#website\",\"url\":\"https:\/\/www.pressenza.com\/it\/\",\"name\":\"Pressenza\",\"description\":\"Agenzia di Stampa Internazionale\",\"publisher\":{\"@id\":\"https:\/\/www.pressenza.com\/it\/#organization\"},\"potentialAction\":[{\"@type\":\"SearchAction\",\"target\":{\"@type\":\"EntryPoint\",\"urlTemplate\":\"https:\/\/www.pressenza.com\/it\/?s={search_term_string}\"},\"query-input\":{\"@type\":\"PropertyValueSpecification\",\"valueRequired\":true,\"valueName\":\"search_term_string\"}}],\"inLanguage\":\"it-IT\"},{\"@type\":\"Organization\",\"@id\":\"https:\/\/www.pressenza.com\/it\/#organization\",\"name\":\"Pressenza\",\"url\":\"https:\/\/www.pressenza.com\/it\/\",\"logo\":{\"@type\":\"ImageObject\",\"inLanguage\":\"it-IT\",\"@id\":\"https:\/\/www.pressenza.com\/it\/#\/schema\/logo\/image\/\",\"url\":\"https:\/\/www.pressenza.com\/wp-content\/uploads\/2022\/10\/pressenza_logo_200x200.jpg\",\"contentUrl\":\"https:\/\/www.pressenza.com\/wp-content\/uploads\/2022\/10\/pressenza_logo_200x200.jpg\",\"width\":200,\"height\":200,\"caption\":\"Pressenza\"},\"image\":{\"@id\":\"https:\/\/www.pressenza.com\/it\/#\/schema\/logo\/image\/\"},\"sameAs\":[\"https:\/\/www.facebook.com\/PressenzaItalia\",\"https:\/\/x.com\/PressenzaIPA\"]},{\"@type\":\"Person\",\"@id\":\"https:\/\/www.pressenza.com\/it\/#\/schema\/person\/2efaf89de911f967d3d8a8494805864d\",\"name\":\"Carlo Bellisai\",\"description\":\"Sono nato e vivo in Sardegna. Da oltre trent\u2019anni lavoro come maestro di scuola elementare. Dagli anni Novanta dello scorso secolo mi occupo di nonviolenza e di gestione costruttiva dei conflitti. Faccio parte del Movimento Nonviolento, col ruolo di portavoce del centro territoriale sardo, oltre che membro del Comitato di Coordinamento. Ho pubblicato: \u201cAnimalandia\u201d (filastrocche per far ridere e riflettere su temi importanti) Punto di Fuga Editrice 2008 \u2013 esaurito; \u201cNon so come sia da voi ma da noi \u00e8 cos\u00ec\u201d (un percorso didattico per gli alunni dagli 8 ai 12 anni, ispirato al metodo dell\u2019equivalenza di Pat Patfoort), Infinito Edizioni 2017; \u201cSulle rive di un mare di plastica\u201d (un libro di racconti, per grandi e piccoli, sui temi dell\u2019ambiente e dei rifiuti), Edizioni La citt\u00e0 degli dei 2018.\",\"url\":\"https:\/\/www.pressenza.com\/it\/author\/carlo-bellisai\/\"}]}<\/script>\n<!-- \/ Yoast SEO plugin. -->","yoast_head_json":{"title":"Cagliari scende in piazza con la Freedom Flotilla","description":"&nbsp; Si \u00e8 svolta sabato 30 aprile, in contemporanea con tante altre citt\u00e0 in Italia e nel mondo, una manifestazione in appoggio alla Sumud Flotilla,","robots":{"index":"index","follow":"follow","max-snippet":"max-snippet:-1","max-image-preview":"max-image-preview:large","max-video-preview":"max-video-preview:-1"},"canonical":"https:\/\/www.pressenza.com\/it\/2026\/05\/cagliari-scende-in-piazza-con-la-freedom-flotilla\/","og_locale":"it_IT","og_type":"article","og_title":"Cagliari scende in piazza con la Freedom Flotilla","og_description":"&nbsp; Si \u00e8 svolta sabato 30 aprile, in contemporanea con tante altre citt\u00e0 in Italia e nel mondo, una manifestazione in appoggio alla Sumud Flotilla,","og_url":"https:\/\/www.pressenza.com\/it\/2026\/05\/cagliari-scende-in-piazza-con-la-freedom-flotilla\/","og_site_name":"Pressenza","article_publisher":"https:\/\/www.facebook.com\/PressenzaItalia","article_published_time":"2026-05-01T15:04:32+00:00","og_image":[{"width":1920,"height":1440,"url":"https:\/\/www.pressenza.com\/wp-content\/uploads\/2026\/05\/1777619354003.jpg-solidarieta-flotilla-2.jpg","type":"image\/jpeg"}],"author":"Carlo Bellisai","twitter_card":"summary_large_image","twitter_creator":"@PressenzaIPA","twitter_site":"@PressenzaIPA","twitter_misc":{"Scritto da":"Carlo Bellisai","Tempo di lettura stimato":"2 minuti"},"schema":{"@context":"https:\/\/schema.org","@graph":[{"@type":"Article","@id":"https:\/\/www.pressenza.com\/it\/2026\/05\/cagliari-scende-in-piazza-con-la-freedom-flotilla\/#article","isPartOf":{"@id":"https:\/\/www.pressenza.com\/it\/2026\/05\/cagliari-scende-in-piazza-con-la-freedom-flotilla\/"},"author":{"name":"Carlo Bellisai","@id":"https:\/\/www.pressenza.com\/it\/#\/schema\/person\/2efaf89de911f967d3d8a8494805864d"},"headline":"Cagliari scende in piazza con la Freedom Flotilla","datePublished":"2026-05-01T15:04:32+00:00","mainEntityOfPage":{"@id":"https:\/\/www.pressenza.com\/it\/2026\/05\/cagliari-scende-in-piazza-con-la-freedom-flotilla\/"},"wordCount":365,"publisher":{"@id":"https:\/\/www.pressenza.com\/it\/#organization"},"image":{"@id":"https:\/\/www.pressenza.com\/it\/2026\/05\/cagliari-scende-in-piazza-con-la-freedom-flotilla\/#primaryimage"},"thumbnailUrl":"https:\/\/www.pressenza.com\/wp-content\/uploads\/2026\/05\/1777619354003.jpg-solidarieta-flotilla-2.jpg","keywords":["Cagliari","genocidio israel\u00ed","Israele","Palestina","pirateria internazionale","presidio giornaliero","Sumud Global Flotilla"],"inLanguage":"it-IT"},{"@type":"WebPage","@id":"https:\/\/www.pressenza.com\/it\/2026\/05\/cagliari-scende-in-piazza-con-la-freedom-flotilla\/","url":"https:\/\/www.pressenza.com\/it\/2026\/05\/cagliari-scende-in-piazza-con-la-freedom-flotilla\/","name":"Cagliari scende in piazza con la Freedom Flotilla","isPartOf":{"@id":"https:\/\/www.pressenza.com\/it\/#website"},"primaryImageOfPage":{"@id":"https:\/\/www.pressenza.com\/it\/2026\/05\/cagliari-scende-in-piazza-con-la-freedom-flotilla\/#primaryimage"},"image":{"@id":"https:\/\/www.pressenza.com\/it\/2026\/05\/cagliari-scende-in-piazza-con-la-freedom-flotilla\/#primaryimage"},"thumbnailUrl":"https:\/\/www.pressenza.com\/wp-content\/uploads\/2026\/05\/1777619354003.jpg-solidarieta-flotilla-2.jpg","datePublished":"2026-05-01T15:04:32+00:00","description":"&nbsp; Si \u00e8 svolta sabato 30 aprile, in contemporanea con tante altre citt\u00e0 in Italia e nel mondo, una manifestazione in appoggio alla Sumud Flotilla,","breadcrumb":{"@id":"https:\/\/www.pressenza.com\/it\/2026\/05\/cagliari-scende-in-piazza-con-la-freedom-flotilla\/#breadcrumb"},"inLanguage":"it-IT","potentialAction":[{"@type":"ReadAction","target":["https:\/\/www.pressenza.com\/it\/2026\/05\/cagliari-scende-in-piazza-con-la-freedom-flotilla\/"]}]},{"@type":"ImageObject","inLanguage":"it-IT","@id":"https:\/\/www.pressenza.com\/it\/2026\/05\/cagliari-scende-in-piazza-con-la-freedom-flotilla\/#primaryimage","url":"https:\/\/www.pressenza.com\/wp-content\/uploads\/2026\/05\/1777619354003.jpg-solidarieta-flotilla-2.jpg","contentUrl":"https:\/\/www.pressenza.com\/wp-content\/uploads\/2026\/05\/1777619354003.jpg-solidarieta-flotilla-2.jpg","width":1920,"height":1440},{"@type":"BreadcrumbList","@id":"https:\/\/www.pressenza.com\/it\/2026\/05\/cagliari-scende-in-piazza-con-la-freedom-flotilla\/#breadcrumb","itemListElement":[{"@type":"ListItem","position":1,"name":"Accueil","item":"https:\/\/www.pressenza.com\/it\/"},{"@type":"ListItem","position":2,"name":"Cagliari scende in piazza con la Freedom Flotilla"}]},{"@type":"WebSite","@id":"https:\/\/www.pressenza.com\/it\/#website","url":"https:\/\/www.pressenza.com\/it\/","name":"Pressenza","description":"Agenzia di Stampa Internazionale","publisher":{"@id":"https:\/\/www.pressenza.com\/it\/#organization"},"potentialAction":[{"@type":"SearchAction","target":{"@type":"EntryPoint","urlTemplate":"https:\/\/www.pressenza.com\/it\/?s={search_term_string}"},"query-input":{"@type":"PropertyValueSpecification","valueRequired":true,"valueName":"search_term_string"}}],"inLanguage":"it-IT"},{"@type":"Organization","@id":"https:\/\/www.pressenza.com\/it\/#organization","name":"Pressenza","url":"https:\/\/www.pressenza.com\/it\/","logo":{"@type":"ImageObject","inLanguage":"it-IT","@id":"https:\/\/www.pressenza.com\/it\/#\/schema\/logo\/image\/","url":"https:\/\/www.pressenza.com\/wp-content\/uploads\/2022\/10\/pressenza_logo_200x200.jpg","contentUrl":"https:\/\/www.pressenza.com\/wp-content\/uploads\/2022\/10\/pressenza_logo_200x200.jpg","width":200,"height":200,"caption":"Pressenza"},"image":{"@id":"https:\/\/www.pressenza.com\/it\/#\/schema\/logo\/image\/"},"sameAs":["https:\/\/www.facebook.com\/PressenzaItalia","https:\/\/x.com\/PressenzaIPA"]},{"@type":"Person","@id":"https:\/\/www.pressenza.com\/it\/#\/schema\/person\/2efaf89de911f967d3d8a8494805864d","name":"Carlo Bellisai","description":"Sono nato e vivo in Sardegna. Da oltre trent\u2019anni lavoro come maestro di scuola elementare. Dagli anni Novanta dello scorso secolo mi occupo di nonviolenza e di gestione costruttiva dei conflitti. Faccio parte del Movimento Nonviolento, col ruolo di portavoce del centro territoriale sardo, oltre che membro del Comitato di Coordinamento. Ho pubblicato: \u201cAnimalandia\u201d (filastrocche per far ridere e riflettere su temi importanti) Punto di Fuga Editrice 2008 \u2013 esaurito; \u201cNon so come sia da voi ma da noi \u00e8 cos\u00ec\u201d (un percorso didattico per gli alunni dagli 8 ai 12 anni, ispirato al metodo dell\u2019equivalenza di Pat Patfoort), Infinito Edizioni 2017; \u201cSulle rive di un mare di plastica\u201d (un libro di racconti, per grandi e piccoli, sui temi dell\u2019ambiente e dei rifiuti), Edizioni La citt\u00e0 degli dei 2018.","url":"https:\/\/www.pressenza.com\/it\/author\/carlo-bellisai\/"}]}},"place":"","original_article_url":"","_links":{"self":[{"href":"https:\/\/www.pressenza.com\/it\/wp-json\/wp\/v2\/posts\/2697041","targetHints":{"allow":["GET"]}}],"collection":[{"href":"https:\/\/www.pressenza.com\/it\/wp-json\/wp\/v2\/posts"}],"about":[{"href":"https:\/\/www.pressenza.com\/it\/wp-json\/wp\/v2\/types\/post"}],"author":[{"embeddable":true,"href":"https:\/\/www.pressenza.com\/it\/wp-json\/wp\/v2\/users\/2131"}],"replies":[{"embeddable":true,"href":"https:\/\/www.pressenza.com\/it\/wp-json\/wp\/v2\/comments?post=2697041"}],"version-history":[{"count":1,"href":"https:\/\/www.pressenza.com\/it\/wp-json\/wp\/v2\/posts\/2697041\/revisions"}],"predecessor-version":[{"id":2697044,"href":"https:\/\/www.pressenza.com\/it\/wp-json\/wp\/v2\/posts\/2697041\/revisions\/2697044"}],"wp:featuredmedia":[{"embeddable":true,"href":"https:\/\/www.pressenza.com\/it\/wp-json\/wp\/v2\/media\/2697043"}],"wp:attachment":[{"href":"https:\/\/www.pressenza.com\/it\/wp-json\/wp\/v2\/media?parent=2697041"}],"wp:term":[{"taxonomy":"category","embeddable":true,"href":"https:\/\/www.pressenza.com\/it\/wp-json\/wp\/v2\/categories?post=2697041"},{"taxonomy":"post_tag","embeddable":true,"href":"https:\/\/www.pressenza.com\/it\/wp-json\/wp\/v2\/tags?post=2697041"}],"curies":[{"name":"wp","href":"https:\/\/api.w.org\/{rel}","templated":true}]}}