{"id":2697029,"date":"2026-05-01T15:48:32","date_gmt":"2026-05-01T14:48:32","guid":{"rendered":"https:\/\/www.pressenza.com\/?p=2697029"},"modified":"2026-05-01T19:30:08","modified_gmt":"2026-05-01T18:30:08","slug":"terza-edizione-del-peoples-peace-summit-deve-essere-puo-essere-sara-pace","status":"publish","type":"post","link":"https:\/\/www.pressenza.com\/it\/2026\/05\/terza-edizione-del-peoples-peace-summit-deve-essere-puo-essere-sara-pace\/","title":{"rendered":"Terza edizione del People\u2019s Peace Summit. Deve essere. Pu\u00f2 essere. Sar\u00e0. Pace"},"content":{"rendered":"<p>Tel Aviv, gioved\u00ec 30 aprile: sono da poco passate le 19 (le 18 per noi) e dentro l\u2019Expo Center strapieno di gente \u00e8 da poco iniziata la <strong>terza edizione dell\u2019annuale People\u2019s Peace Summit.<\/strong> Sul palco si fronteggiano le due voci-guida della serata: la giovane Lei israeliana, e il coetaneo Lui arabo, alternativamente tradotti nelle rispettive lingue dai sottotitoli sul grande schermo.<\/p>\n<p>Lei: \u201cIn tutto il mondo la parola pace \u00e8 diventata imbarazzante&#8230; \u201c<\/p>\n<p>Lui: \u201cDifficile ritenerla una realt\u00e0, in effetti&#8230;\u201d<\/p>\n<p>Lei: \u201cSoprattutto quando vediamo solo guerra intorno a noi&#8230;\u201d<\/p>\n<p>In effetti. Solo poco prima sul lato sinistro del grande schermo dove per tutta la serata si muover\u00e0 una nuvola di stilizzate colombe che per\u00f2 potrebbero anche essere mani che si aprono a ventaglio, \u00e8 passata la scritta: <em>\u201cIn caso di sirene rimanete per favore seduti, copritevi la testa e aspettate 10 minuti prima di muovervi&#8230;\u201d.<\/em><\/p>\n<p><img loading=\"lazy\" decoding=\"async\" class=\"alignnone size-large wp-image-2697039\" src=\"https:\/\/www.pressenza.com\/wp-content\/uploads\/2026\/05\/simboli-820x547.jpg\" alt=\"\" width=\"820\" height=\"547\" srcset=\"https:\/\/www.pressenza.com\/wp-content\/uploads\/2026\/05\/simboli-820x547.jpg 820w, https:\/\/www.pressenza.com\/wp-content\/uploads\/2026\/05\/simboli-300x200.jpg 300w, https:\/\/www.pressenza.com\/wp-content\/uploads\/2026\/05\/simboli.jpg 1920w\" sizes=\"auto, (max-width: 820px) 100vw, 820px\" \/><\/p>\n<p>Tanto per avere un\u2019idea della situazione con cui fino all\u2019ultimo hanno dovuto confrontarsi gli organizzatori (e pure gli spettatori!) di questa <strong><em>Conferenza di Pace<\/em><\/strong>, sostenuta quest\u2019anno da ben 80 sigle e organizzazioni al lavoro su prospettive di riconciliazione.<\/p>\n<p>E insomma complimenti a tutta la squadra, principalmente coordinata da <strong>Mika Almog<\/strong> e <strong>Tami Yakir<\/strong>a, affiancate dal duo<strong> Maoz Inon<\/strong> e <strong>Aziz Abu Sarah<\/strong> (quest\u2019anno impegnatissimi nel lancio del libro <strong><em>The Future is Peace<\/em><\/strong> da poco uscito per Crown Publishing e gi\u00e0 best seller) e sostenute da tutta la rete che da tempo si muove sotto la sigla <strong><em>ALLMEP (Alliance for Middle East Peace<\/em><\/strong>).<\/p>\n<p>Ma proviamo a raccontare come si \u00e8 svolta la serata e prima ancora la giornata di ieri a Tel Aviv.<\/p>\n<p>Fin dalla mattinata gran via vai tra gli stands delle varie organizzazioni aderenti alla coalizione: <strong><em>Combatants for Peace, Standing Together, B\u2019tselem, Attivisti per la Jordan Valley, Hand in Hand, Looking occupation in the eyes<\/em>, <em>Women Wage Peace<\/em><\/strong>, <strong><em>Parents Circle Families Forum<\/em><\/strong> e tante altre solitamente descritte in minoranza rispetto al resto della societ\u00e0 arabo-israeliana, ma che ormai rappresentano una variegata cittadinanza attiva, di veterani del pacifismo per niente scoraggiati dalle circostanze, e sempre pi\u00f9 di giovani e giovanissimi.<\/p>\n<p><img loading=\"lazy\" decoding=\"async\" class=\"alignnone size-large wp-image-2697035\" src=\"https:\/\/www.pressenza.com\/wp-content\/uploads\/2026\/05\/stand-820x547.jpg\" alt=\"\" width=\"820\" height=\"547\" srcset=\"https:\/\/www.pressenza.com\/wp-content\/uploads\/2026\/05\/stand-820x547.jpg 820w, https:\/\/www.pressenza.com\/wp-content\/uploads\/2026\/05\/stand-300x200.jpg 300w, https:\/\/www.pressenza.com\/wp-content\/uploads\/2026\/05\/stand.jpg 1920w\" sizes=\"auto, (max-width: 820px) 100vw, 820px\" \/><\/p>\n<p><img loading=\"lazy\" decoding=\"async\" class=\"alignnone size-large wp-image-2697033\" src=\"https:\/\/www.pressenza.com\/wp-content\/uploads\/2026\/05\/stand-Interact-820x547.jpg\" alt=\"\" width=\"820\" height=\"547\" srcset=\"https:\/\/www.pressenza.com\/wp-content\/uploads\/2026\/05\/stand-Interact-820x547.jpg 820w, https:\/\/www.pressenza.com\/wp-content\/uploads\/2026\/05\/stand-Interact-300x200.jpg 300w, https:\/\/www.pressenza.com\/wp-content\/uploads\/2026\/05\/stand-Interact.jpg 1920w\" sizes=\"auto, (max-width: 820px) 100vw, 820px\" \/><\/p>\n<p><img loading=\"lazy\" decoding=\"async\" class=\"alignnone size-large wp-image-2697034\" src=\"https:\/\/www.pressenza.com\/wp-content\/uploads\/2026\/05\/istallazione-820x547.jpg\" alt=\"\" width=\"820\" height=\"547\" srcset=\"https:\/\/www.pressenza.com\/wp-content\/uploads\/2026\/05\/istallazione-820x547.jpg 820w, https:\/\/www.pressenza.com\/wp-content\/uploads\/2026\/05\/istallazione-300x200.jpg 300w, https:\/\/www.pressenza.com\/wp-content\/uploads\/2026\/05\/istallazione.jpg 1920w\" sizes=\"auto, (max-width: 820px) 100vw, 820px\" \/><\/p>\n<p><img loading=\"lazy\" decoding=\"async\" class=\"size-large wp-image-2697036\" src=\"https:\/\/www.pressenza.com\/wp-content\/uploads\/2026\/05\/bancone-820x547.jpg\" alt=\"\" width=\"820\" height=\"547\" srcset=\"https:\/\/www.pressenza.com\/wp-content\/uploads\/2026\/05\/bancone-820x547.jpg 820w, https:\/\/www.pressenza.com\/wp-content\/uploads\/2026\/05\/bancone-300x200.jpg 300w, https:\/\/www.pressenza.com\/wp-content\/uploads\/2026\/05\/bancone.jpg 1920w\" sizes=\"auto, (max-width: 820px) 100vw, 820px\" \/><\/p>\n<p><img loading=\"lazy\" decoding=\"async\" class=\"alignnone size-large wp-image-2697037\" src=\"https:\/\/www.pressenza.com\/wp-content\/uploads\/2026\/05\/vecchi-e-giovani-820x609.jpg\" alt=\"\" width=\"820\" height=\"609\" srcset=\"https:\/\/www.pressenza.com\/wp-content\/uploads\/2026\/05\/vecchi-e-giovani-820x609.jpg 820w, https:\/\/www.pressenza.com\/wp-content\/uploads\/2026\/05\/vecchi-e-giovani-300x223.jpg 300w, https:\/\/www.pressenza.com\/wp-content\/uploads\/2026\/05\/vecchi-e-giovani.jpg 1920w\" sizes=\"auto, (max-width: 820px) 100vw, 820px\" \/><\/p>\n<p><img loading=\"lazy\" decoding=\"async\" class=\"alignnone size-large wp-image-2697038\" src=\"https:\/\/www.pressenza.com\/wp-content\/uploads\/2026\/05\/citazione-Martin-Luther-King-820x547.jpg\" alt=\"\" width=\"820\" height=\"547\" srcset=\"https:\/\/www.pressenza.com\/wp-content\/uploads\/2026\/05\/citazione-Martin-Luther-King-820x547.jpg 820w, https:\/\/www.pressenza.com\/wp-content\/uploads\/2026\/05\/citazione-Martin-Luther-King-300x200.jpg 300w, https:\/\/www.pressenza.com\/wp-content\/uploads\/2026\/05\/citazione-Martin-Luther-King.jpg 1920w\" sizes=\"auto, (max-width: 820px) 100vw, 820px\" \/><\/p>\n<p>A un certo punto \u00e8 arrivato, non annunciato, anche il Patriarca di Gerusalemme, Monsignor Pizzaballa; applauditissimo, tutti in fila per un selfie insieme a lui. \u201cC\u2019\u00e8 ancora speranza in questa terra. \u00c8 necessario coinvolgere la societ\u00e0 civile. Non si pu\u00f2, ad esempio, pensare di ricostruire Gaza senza la partecipazione dei gazawi.\u00a0C\u2019\u00e8 chi pensa che il problema sia la religione. Non lo \u00e8 cos\u00ec. Il problema \u00e8 la sua strumentalizzazione. La prossima generazione non avr\u00e0 pace se non cominciamo a lavorarci da adesso. Magari non riusciremo a farla, ma saremo il mal di testa di coloro che non la vogliono.\u00a0Non possiamo lasciare che a narrare questa storia siano i pi\u00f9 violenti di entrambe le parti.\u201d<\/p>\n<p><strong> <img loading=\"lazy\" decoding=\"async\" class=\"alignnone size-large wp-image-2697032\" src=\"https:\/\/www.pressenza.com\/wp-content\/uploads\/2026\/05\/Pizzaballa-foto-Interact-rit-820x643.jpg\" alt=\"\" width=\"820\" height=\"643\" srcset=\"https:\/\/www.pressenza.com\/wp-content\/uploads\/2026\/05\/Pizzaballa-foto-Interact-rit-820x643.jpg 820w, https:\/\/www.pressenza.com\/wp-content\/uploads\/2026\/05\/Pizzaballa-foto-Interact-rit-300x235.jpg 300w, https:\/\/www.pressenza.com\/wp-content\/uploads\/2026\/05\/Pizzaballa-foto-Interact-rit.jpg 840w\" sizes=\"auto, (max-width: 820px) 100vw, 820px\" \/><\/strong><\/p>\n<p><em>Monsignor Pizzaballa, Patriarca di Gerusalemme, con Maoz Inon e Aziz Abu Sarah. Foto di Interact<\/em><\/p>\n<p>Mentre lo struscio fluiva tra gli stand e in visita alle mostre (molto affollata quella dei <strong><em>PCFF<\/em><\/strong> di cui abbiamo accennato <a href=\"https:\/\/www.pressenza.com\/it\/2026\/04\/peoples-peace-summit-terza-edizione-il-lato-creattivo-della-pace\/\">qui)<\/a>, per tutto il pomeriggio si \u00e8 svolto tra le varie sale collaterali il programma serratissimo di incontri, seminari, laboratori: <a href=\"https:\/\/www.pressenza.com\/it\/2026\/04\/terza-edizione-del-peoples-peace-summit-domani-a-tel-aviv-in-diecimila-a-parlare-di-pace\/\">oltre una quindicina<\/a>, tutti molto ben curati, che via via troveremo condivisi nelle prossime ore sulle pagine social delle varie organizzazioni coinvolte.<\/p>\n<p>Particolarmente importante la sessione che ha visto riunite varie rappresentanze della cosiddetta <strong>comunit\u00e0 internazionale<\/strong>, in cui il Ministro degli Esteri Jean-Noel Barrot \u00e8 intervenuto in teleconferenza per ribadire l\u2019intenzione della Francia di ospitare un\u2019ennesima <strong><em>Conferenza di Pace<\/em><\/strong> internazionale, con la partecipazione di rappresentanti della societ\u00e0 civile israeliana e palestinese. La data sar\u00e0 il 12 giugno \u201candando verso il G7 la cui presidenza sar\u00e0 quest\u2019anno francese. Cosa potr\u00e0 esserci di meglio che dichiarare la nostra fiducia a coloro che tra voi stanno costruendo condizioni di pace nella vostra terra?\u201d Barrot ha poi ricordato le <strong>scadenze elettorali<\/strong>, appena inaugurate in Cisgiordania e Gaza e previste in autunno in Israele: \u201cEntrambi fondamentali espressione di democrazia, e opportunit\u00e0 per l\u2019avvicinamento dei vostri due popoli: ben pi\u00f9 importante di qualsiasi dichiarazione di pace, \u00e8 l\u2019intenzione dall\u2019interno della comunit\u00e0 civile che potr\u00e0 fare la differenza.\u201d Tra i partecipanti alla stessa sessione erano fisicamente presenti l\u2019Ambasciatrice Canadese in Israele Leslie Scanion, l\u2019Ambasciatore EU Michael Mann e il Console francese Nicolas Kassianides.<\/p>\n<p>E veniamo all\u2019<strong>evento principale<\/strong>, come si \u00e8 gi\u00e0 detto partecipatissimo: oltre due ore di interventi suddivisi per sezioni seguendo appunto il tema di quest\u2019anno: <strong><em>Deve&#8230; pu\u00f2&#8230; sar\u00e0: Pace<\/em><\/strong>. Impossibile in queste poche righe riassumerli tutti, limitiamoci ai momenti principali.<\/p>\n<p>Commoventi come sempre le testimonianze di coloro che nel conflitto hanno <strong>perso gli affetti pi\u00f9 cari<\/strong>; tra tutti citiamo in particolare quella del giovanissimo Dor Inon, figlio di Maoz, che con forza ha ricordato non solo il dolore per la perdita degli amatissimi nonni Bilha e Yaajovi, ma soprattutto la rabbia nel constatare la strumentalizzazione di questa vicenda e decine di altre fatta dal governo di Netanyahu. Applauditissimo.<\/p>\n<p>Importante ma forse insufficiente la serie di <strong>voci raccolte da Gaza e Cisgiordania<\/strong>, tutte preregistrate data l\u2019interdizione di transito in Israele imposto alla popolazione palestinese dal 7 ottobre. Ma senz\u2019altro molto efficace \u00e8 stato l\u2019intervento di <strong>Amira Musallam<\/strong>, ricercatrice palestinese, preparatissima, punto di riferimento per quel crescente numero di iniziative di <strong><em>Presenza Protettiva<\/em><\/strong> che sempre pi\u00f9 numerose si muovono da vari settori della cittadinanza attiva israeliana, in solidariet\u00e0 con le comunit\u00e0 palestinesi assediate dai coloni, spesso diventando oggetto di violenza al pari dei palestinesi, come successo recentemente a Qusra. \u201cIl vostro sostegno ha per le nostre comunit\u00e0 un valore immenso, e vorrei qui esprimere la nostra pi\u00f9 sincera gratitudine per il vostro coraggio\u201d ha detto Amira alla platea di Tel Aviv. \u201cMa altrettanto sinceramente mi auguro che queste iniziative si intensifichino, che da poche decine gli israeliani che si mobilitano diventino migliaia, perch\u00e9 solo quando potrete toccare con mano quando succede ogni giorno qui da noi sar\u00e0 possibile parlare di autentica solidariet\u00e0 e quindi di pace, su basi di giustizia davvero riparativa.\u201d<\/p>\n<p>Importantissima la sezione della serata dedicata agli <strong>interventi pi\u00f9 politici<\/strong>, da parte dei vari membri della Knesset (Parlamento israeliano): Yair Golan, Naama Lazimi, Gilad Kariv, che ha annunciato l\u2019intenzione di una commissione parlamentare per combattere l\u2019annessione e la violenza in Cisgiordania, Ahmad Tibi, che \u00e8 arrivato a proporre misure di annullamento delle annessioni gi\u00e0 di fatto avvenute e lo smantellamento degli avamposti dei coloni (!!!) e infine Ayman Odeh, portavoce del partito Hadash, che con forza ha sostenuto la necessit\u00e0 di presentarsi alle molto prossime elezioni con una <strong>coalizione arabo-israeliana<\/strong> in grado di catalizzare le sempre pi\u00f9 gravi istanze a livello politico e sociale che ormai assediano anche le periferie delle citt\u00e0 israeliane, la stessa Gerusalemme, oltre ai territori occupati. Tutti applauditissimi.<\/p>\n<p>La serata si \u00e8 conclusa infine sulle note della nostra <strong><em>Bella Ciao (dal minuto 2:09: 57 del video) <\/em><\/strong>, con testi riadattati in tema con l\u2019evento e il palco che man mano si affollava dei portavoce di tutte le 80 organizzazioni coinvolte nella coalizione <strong><em>It\u2019s Time<\/em><\/strong>, compresa la banda dei tamburi (l\u2019equivalente per chi vive a Milano della Banda degli Ottoni), che gi\u00e0 da prima del 7 ottobre era la colonna sonora delle manifestazioni di Kaplan Street.<\/p>\n<p><iframe loading=\"lazy\" title=\"\u05d5\u05e2\u05d9\u05d3\u05ea \u05d4\u05e9\u05dc\u05d5\u05dd \u05d4\u05e2\u05de\u05de\u05d9\u05ea 2026 \u2727 \u05ea\u05dc \u05d0\u05d1\u05d9\u05d1 | \u0645\u0624\u062a\u0645\u0631 \u0627\u0644\u0633\u0644\u0627\u0645 \u0627\u0644\u0634\u0639\u0628\u064a 2026 | \u062a\u0644 \u0627\u0628\u064a\u0628 \u2727People\u2019s Peace Summit 2026\" width=\"500\" height=\"281\" src=\"https:\/\/www.youtube.com\/embed\/Z6nOTkXzQHI?feature=oembed\" frameborder=\"0\" allow=\"accelerometer; autoplay; clipboard-write; encrypted-media; gyroscope; picture-in-picture; web-share\" referrerpolicy=\"strict-origin-when-cross-origin\" allowfullscreen><\/iframe><\/p>\n<p><img loading=\"lazy\" decoding=\"async\" class=\"alignnone size-large wp-image-2697031\" src=\"https:\/\/www.pressenza.com\/wp-content\/uploads\/2026\/05\/organizzatori-sul-palco-820x547.jpg\" alt=\"\" width=\"820\" height=\"547\" srcset=\"https:\/\/www.pressenza.com\/wp-content\/uploads\/2026\/05\/organizzatori-sul-palco-820x547.jpg 820w, https:\/\/www.pressenza.com\/wp-content\/uploads\/2026\/05\/organizzatori-sul-palco-300x200.jpg 300w, https:\/\/www.pressenza.com\/wp-content\/uploads\/2026\/05\/organizzatori-sul-palco.jpg 1920w\" sizes=\"auto, (max-width: 820px) 100vw, 820px\" \/><\/p>\n<p>E insomma s\u00ec: il momento della pace \u00e8 venuto, \u00e8 qui, e ieri sera lo si \u00e8 visto anche da remoto, con i numerosi applausi a scena aperta, la gente che spesso si asciugava i lacrimoni e si alzava a ballare negli intermezzi musicali. Per la coalizione <strong><em>It\u2019s Time<\/em><\/strong> era gi\u00e0 il momento quando il 1\u00b0 luglio 2024 nonostante le ferite del 7 ottobre si present\u00f2 con quel primo sorprendente evento all\u2019<strong><em>Arena Menora<\/em><\/strong> di Tel Aviv; era di nuovo il momento lo scorso anno con la due giorni (8 e 9 maggio) di Gerusalemme, con un buon numero di ostaggi da recuperare mentre a Gaza si consumava l\u2019orrore delle guerra per fame oltre ai bombardamenti. Ed \u00e8 pi\u00f9 che mai il momento ora, mentre la guerra preme su tutti i fronti e nonostante il cosiddetto \u201cpiano di Pace\u201d di Trump a Gaza si continua a morire &#8211; \u00a0oltre 800 i decessi da ottobre &#8211; mentre gli aiuti umanitari arrivano con il contagocce.<\/p>\n<p>Domanda: dopo due anni di guerra, la societ\u00e0 israeliana \u00e8 davvero pronta a considerare una soluzione politica al conflitto in alternativa a quella militare? I sondaggi continuano a dare responsi altalenanti, sintomo di una situazione instabile e potenzialmente in divenire, quindi permeabile. L\u2019unica speranza sembra (a noi di Pressenza) questo \u201ccampo di pace\u201d: che sar\u00e0 pure in minoranza, ma in tre anni da quando \u00e8 iniziato non ha smesso di crescere e lavorare e restare (cosa gi\u00e0 di per s\u00e9 notevole) unito. E dunque, s\u00ec<strong><em>: It\u2019s time,<\/em><\/strong> <strong><em>Give peace a chance<\/em><\/strong>, come risuona il trailer dell\u2019evento.<\/p>\n<p>Foto di Irit Hakim-keller<\/p>\n","protected":false},"excerpt":{"rendered":"<p>Tel Aviv, gioved\u00ec 30 aprile: sono da poco passate le 19 (le 18 per noi) e dentro l\u2019Expo Center strapieno di gente \u00e8 da poco iniziata la terza edizione dell\u2019annuale People\u2019s Peace Summit. Sul palco si fronteggiano le due voci-guida&hellip;<\/p>\n","protected":false},"author":2072,"featured_media":2697030,"comment_status":"closed","ping_status":"closed","sticky":false,"template":"","format":"standard","meta":{"footnotes":""},"categories":[11388,52,1263,55],"tags":[156097,156096],"class_list":["post-2697029","post","type-post","status-publish","format-standard","has-post-thumbnail","hentry","category-contenuti-originali","category-medio-oriente","category-pace-disarmo","category-politica","tag-coalizione-its-time","tag-terza-edizione-del-peoples-peace-summit"],"yoast_head":"<!-- This site is optimized with the Yoast SEO plugin v27.1.1 - https:\/\/yoast.com\/product\/yoast-seo-wordpress\/ -->\n<title>Terza edizione del People\u2019s Peace Summit. Deve essere. Pu\u00f2 essere. Sar\u00e0. Pace<\/title>\n<meta name=\"description\" content=\"Tel Aviv, gioved\u00ec 30 aprile: sono da poco passate le 19 (le 18 per noi) e dentro l\u2019Expo Center strapieno di gente \u00e8 da poco iniziata la terza edizione\" \/>\n<meta name=\"robots\" content=\"index, follow, max-snippet:-1, max-image-preview:large, max-video-preview:-1\" \/>\n<link rel=\"canonical\" href=\"https:\/\/www.pressenza.com\/it\/2026\/05\/terza-edizione-del-peoples-peace-summit-deve-essere-puo-essere-sara-pace\/\" \/>\n<meta property=\"og:locale\" content=\"it_IT\" \/>\n<meta property=\"og:type\" content=\"article\" \/>\n<meta property=\"og:title\" content=\"Terza edizione del People\u2019s Peace Summit. Deve essere. Pu\u00f2 essere. Sar\u00e0. Pace\" \/>\n<meta property=\"og:description\" content=\"Tel Aviv, gioved\u00ec 30 aprile: sono da poco passate le 19 (le 18 per noi) e dentro l\u2019Expo Center strapieno di gente \u00e8 da poco iniziata la terza edizione\" \/>\n<meta property=\"og:url\" content=\"https:\/\/www.pressenza.com\/it\/2026\/05\/terza-edizione-del-peoples-peace-summit-deve-essere-puo-essere-sara-pace\/\" \/>\n<meta property=\"og:site_name\" content=\"Pressenza\" \/>\n<meta property=\"article:publisher\" content=\"https:\/\/www.facebook.com\/PressenzaItalia\" \/>\n<meta property=\"article:published_time\" content=\"2026-05-01T14:48:32+00:00\" \/>\n<meta property=\"article:modified_time\" content=\"2026-05-01T18:30:08+00:00\" \/>\n<meta property=\"og:image\" content=\"https:\/\/www.pressenza.com\/wp-content\/uploads\/2026\/05\/organizzatori-sul-palco-1.jpg\" \/>\n\t<meta property=\"og:image:width\" content=\"1920\" \/>\n\t<meta property=\"og:image:height\" content=\"1280\" \/>\n\t<meta property=\"og:image:type\" content=\"image\/jpeg\" \/>\n<meta name=\"author\" content=\"Daniela Bezzi\" \/>\n<meta name=\"twitter:card\" content=\"summary_large_image\" \/>\n<meta name=\"twitter:creator\" content=\"@PressenzaIPA\" \/>\n<meta name=\"twitter:site\" content=\"@PressenzaIPA\" \/>\n<meta name=\"twitter:label1\" content=\"Scritto da\" \/>\n\t<meta name=\"twitter:data1\" content=\"Daniela Bezzi\" \/>\n\t<meta name=\"twitter:label2\" content=\"Tempo di lettura stimato\" \/>\n\t<meta name=\"twitter:data2\" content=\"10 minuti\" \/>\n<script type=\"application\/ld+json\" class=\"yoast-schema-graph\">{\"@context\":\"https:\/\/schema.org\",\"@graph\":[{\"@type\":\"Article\",\"@id\":\"https:\/\/www.pressenza.com\/it\/2026\/05\/terza-edizione-del-peoples-peace-summit-deve-essere-puo-essere-sara-pace\/#article\",\"isPartOf\":{\"@id\":\"https:\/\/www.pressenza.com\/it\/2026\/05\/terza-edizione-del-peoples-peace-summit-deve-essere-puo-essere-sara-pace\/\"},\"author\":{\"name\":\"Daniela Bezzi\",\"@id\":\"https:\/\/www.pressenza.com\/it\/#\/schema\/person\/e824ea519c79c3808f4910f1c2b90688\"},\"headline\":\"Terza edizione del People\u2019s Peace Summit. Deve essere. Pu\u00f2 essere. Sar\u00e0. Pace\",\"datePublished\":\"2026-05-01T14:48:32+00:00\",\"dateModified\":\"2026-05-01T18:30:08+00:00\",\"mainEntityOfPage\":{\"@id\":\"https:\/\/www.pressenza.com\/it\/2026\/05\/terza-edizione-del-peoples-peace-summit-deve-essere-puo-essere-sara-pace\/\"},\"wordCount\":1456,\"publisher\":{\"@id\":\"https:\/\/www.pressenza.com\/it\/#organization\"},\"image\":{\"@id\":\"https:\/\/www.pressenza.com\/it\/2026\/05\/terza-edizione-del-peoples-peace-summit-deve-essere-puo-essere-sara-pace\/#primaryimage\"},\"thumbnailUrl\":\"https:\/\/www.pressenza.com\/wp-content\/uploads\/2026\/05\/organizzatori-sul-palco-1.jpg\",\"keywords\":[\"coalizione It\u2019s Time\",\"terza edizione del People\u2019s Peace Summit\"],\"articleSection\":[\"contenuti originali\",\"Medio Oriente\",\"Pace e Disarmo\",\"Politica\"],\"inLanguage\":\"it-IT\"},{\"@type\":\"WebPage\",\"@id\":\"https:\/\/www.pressenza.com\/it\/2026\/05\/terza-edizione-del-peoples-peace-summit-deve-essere-puo-essere-sara-pace\/\",\"url\":\"https:\/\/www.pressenza.com\/it\/2026\/05\/terza-edizione-del-peoples-peace-summit-deve-essere-puo-essere-sara-pace\/\",\"name\":\"Terza edizione del People\u2019s Peace Summit. Deve essere. Pu\u00f2 essere. Sar\u00e0. Pace\",\"isPartOf\":{\"@id\":\"https:\/\/www.pressenza.com\/it\/#website\"},\"primaryImageOfPage\":{\"@id\":\"https:\/\/www.pressenza.com\/it\/2026\/05\/terza-edizione-del-peoples-peace-summit-deve-essere-puo-essere-sara-pace\/#primaryimage\"},\"image\":{\"@id\":\"https:\/\/www.pressenza.com\/it\/2026\/05\/terza-edizione-del-peoples-peace-summit-deve-essere-puo-essere-sara-pace\/#primaryimage\"},\"thumbnailUrl\":\"https:\/\/www.pressenza.com\/wp-content\/uploads\/2026\/05\/organizzatori-sul-palco-1.jpg\",\"datePublished\":\"2026-05-01T14:48:32+00:00\",\"dateModified\":\"2026-05-01T18:30:08+00:00\",\"description\":\"Tel Aviv, gioved\u00ec 30 aprile: sono da poco passate le 19 (le 18 per noi) e dentro l\u2019Expo Center strapieno di gente \u00e8 da poco iniziata la terza edizione\",\"breadcrumb\":{\"@id\":\"https:\/\/www.pressenza.com\/it\/2026\/05\/terza-edizione-del-peoples-peace-summit-deve-essere-puo-essere-sara-pace\/#breadcrumb\"},\"inLanguage\":\"it-IT\",\"potentialAction\":[{\"@type\":\"ReadAction\",\"target\":[\"https:\/\/www.pressenza.com\/it\/2026\/05\/terza-edizione-del-peoples-peace-summit-deve-essere-puo-essere-sara-pace\/\"]}]},{\"@type\":\"ImageObject\",\"inLanguage\":\"it-IT\",\"@id\":\"https:\/\/www.pressenza.com\/it\/2026\/05\/terza-edizione-del-peoples-peace-summit-deve-essere-puo-essere-sara-pace\/#primaryimage\",\"url\":\"https:\/\/www.pressenza.com\/wp-content\/uploads\/2026\/05\/organizzatori-sul-palco-1.jpg\",\"contentUrl\":\"https:\/\/www.pressenza.com\/wp-content\/uploads\/2026\/05\/organizzatori-sul-palco-1.jpg\",\"width\":1920,\"height\":1280},{\"@type\":\"BreadcrumbList\",\"@id\":\"https:\/\/www.pressenza.com\/it\/2026\/05\/terza-edizione-del-peoples-peace-summit-deve-essere-puo-essere-sara-pace\/#breadcrumb\",\"itemListElement\":[{\"@type\":\"ListItem\",\"position\":1,\"name\":\"Accueil\",\"item\":\"https:\/\/www.pressenza.com\/it\/\"},{\"@type\":\"ListItem\",\"position\":2,\"name\":\"Terza edizione del People\u2019s Peace Summit. Deve essere. Pu\u00f2 essere. Sar\u00e0. Pace\"}]},{\"@type\":\"WebSite\",\"@id\":\"https:\/\/www.pressenza.com\/it\/#website\",\"url\":\"https:\/\/www.pressenza.com\/it\/\",\"name\":\"Pressenza\",\"description\":\"Agenzia di Stampa Internazionale\",\"publisher\":{\"@id\":\"https:\/\/www.pressenza.com\/it\/#organization\"},\"potentialAction\":[{\"@type\":\"SearchAction\",\"target\":{\"@type\":\"EntryPoint\",\"urlTemplate\":\"https:\/\/www.pressenza.com\/it\/?s={search_term_string}\"},\"query-input\":{\"@type\":\"PropertyValueSpecification\",\"valueRequired\":true,\"valueName\":\"search_term_string\"}}],\"inLanguage\":\"it-IT\"},{\"@type\":\"Organization\",\"@id\":\"https:\/\/www.pressenza.com\/it\/#organization\",\"name\":\"Pressenza\",\"url\":\"https:\/\/www.pressenza.com\/it\/\",\"logo\":{\"@type\":\"ImageObject\",\"inLanguage\":\"it-IT\",\"@id\":\"https:\/\/www.pressenza.com\/it\/#\/schema\/logo\/image\/\",\"url\":\"https:\/\/www.pressenza.com\/wp-content\/uploads\/2022\/10\/pressenza_logo_200x200.jpg\",\"contentUrl\":\"https:\/\/www.pressenza.com\/wp-content\/uploads\/2022\/10\/pressenza_logo_200x200.jpg\",\"width\":200,\"height\":200,\"caption\":\"Pressenza\"},\"image\":{\"@id\":\"https:\/\/www.pressenza.com\/it\/#\/schema\/logo\/image\/\"},\"sameAs\":[\"https:\/\/www.facebook.com\/PressenzaItalia\",\"https:\/\/x.com\/PressenzaIPA\"]},{\"@type\":\"Person\",\"@id\":\"https:\/\/www.pressenza.com\/it\/#\/schema\/person\/e824ea519c79c3808f4910f1c2b90688\",\"name\":\"Daniela Bezzi\",\"description\":\"A journalist, cultural worker and independent researcher, she lived and worked for extended periods in Japan, the UK and India before settling back in Italy, where she contributes to various publications on environmental, human rights and labour issues.\",\"url\":\"https:\/\/www.pressenza.com\/it\/author\/daniela-bezzi\/\"}]}<\/script>\n<!-- \/ Yoast SEO plugin. -->","yoast_head_json":{"title":"Terza edizione del People\u2019s Peace Summit. Deve essere. Pu\u00f2 essere. Sar\u00e0. Pace","description":"Tel Aviv, gioved\u00ec 30 aprile: sono da poco passate le 19 (le 18 per noi) e dentro l\u2019Expo Center strapieno di gente \u00e8 da poco iniziata la terza edizione","robots":{"index":"index","follow":"follow","max-snippet":"max-snippet:-1","max-image-preview":"max-image-preview:large","max-video-preview":"max-video-preview:-1"},"canonical":"https:\/\/www.pressenza.com\/it\/2026\/05\/terza-edizione-del-peoples-peace-summit-deve-essere-puo-essere-sara-pace\/","og_locale":"it_IT","og_type":"article","og_title":"Terza edizione del People\u2019s Peace Summit. Deve essere. Pu\u00f2 essere. Sar\u00e0. Pace","og_description":"Tel Aviv, gioved\u00ec 30 aprile: sono da poco passate le 19 (le 18 per noi) e dentro l\u2019Expo Center strapieno di gente \u00e8 da poco iniziata la terza edizione","og_url":"https:\/\/www.pressenza.com\/it\/2026\/05\/terza-edizione-del-peoples-peace-summit-deve-essere-puo-essere-sara-pace\/","og_site_name":"Pressenza","article_publisher":"https:\/\/www.facebook.com\/PressenzaItalia","article_published_time":"2026-05-01T14:48:32+00:00","article_modified_time":"2026-05-01T18:30:08+00:00","og_image":[{"width":1920,"height":1280,"url":"https:\/\/www.pressenza.com\/wp-content\/uploads\/2026\/05\/organizzatori-sul-palco-1.jpg","type":"image\/jpeg"}],"author":"Daniela Bezzi","twitter_card":"summary_large_image","twitter_creator":"@PressenzaIPA","twitter_site":"@PressenzaIPA","twitter_misc":{"Scritto da":"Daniela Bezzi","Tempo di lettura stimato":"10 minuti"},"schema":{"@context":"https:\/\/schema.org","@graph":[{"@type":"Article","@id":"https:\/\/www.pressenza.com\/it\/2026\/05\/terza-edizione-del-peoples-peace-summit-deve-essere-puo-essere-sara-pace\/#article","isPartOf":{"@id":"https:\/\/www.pressenza.com\/it\/2026\/05\/terza-edizione-del-peoples-peace-summit-deve-essere-puo-essere-sara-pace\/"},"author":{"name":"Daniela Bezzi","@id":"https:\/\/www.pressenza.com\/it\/#\/schema\/person\/e824ea519c79c3808f4910f1c2b90688"},"headline":"Terza edizione del People\u2019s Peace Summit. Deve essere. Pu\u00f2 essere. Sar\u00e0. Pace","datePublished":"2026-05-01T14:48:32+00:00","dateModified":"2026-05-01T18:30:08+00:00","mainEntityOfPage":{"@id":"https:\/\/www.pressenza.com\/it\/2026\/05\/terza-edizione-del-peoples-peace-summit-deve-essere-puo-essere-sara-pace\/"},"wordCount":1456,"publisher":{"@id":"https:\/\/www.pressenza.com\/it\/#organization"},"image":{"@id":"https:\/\/www.pressenza.com\/it\/2026\/05\/terza-edizione-del-peoples-peace-summit-deve-essere-puo-essere-sara-pace\/#primaryimage"},"thumbnailUrl":"https:\/\/www.pressenza.com\/wp-content\/uploads\/2026\/05\/organizzatori-sul-palco-1.jpg","keywords":["coalizione It\u2019s Time","terza edizione del People\u2019s Peace Summit"],"articleSection":["contenuti originali","Medio Oriente","Pace e Disarmo","Politica"],"inLanguage":"it-IT"},{"@type":"WebPage","@id":"https:\/\/www.pressenza.com\/it\/2026\/05\/terza-edizione-del-peoples-peace-summit-deve-essere-puo-essere-sara-pace\/","url":"https:\/\/www.pressenza.com\/it\/2026\/05\/terza-edizione-del-peoples-peace-summit-deve-essere-puo-essere-sara-pace\/","name":"Terza edizione del People\u2019s Peace Summit. Deve essere. Pu\u00f2 essere. Sar\u00e0. Pace","isPartOf":{"@id":"https:\/\/www.pressenza.com\/it\/#website"},"primaryImageOfPage":{"@id":"https:\/\/www.pressenza.com\/it\/2026\/05\/terza-edizione-del-peoples-peace-summit-deve-essere-puo-essere-sara-pace\/#primaryimage"},"image":{"@id":"https:\/\/www.pressenza.com\/it\/2026\/05\/terza-edizione-del-peoples-peace-summit-deve-essere-puo-essere-sara-pace\/#primaryimage"},"thumbnailUrl":"https:\/\/www.pressenza.com\/wp-content\/uploads\/2026\/05\/organizzatori-sul-palco-1.jpg","datePublished":"2026-05-01T14:48:32+00:00","dateModified":"2026-05-01T18:30:08+00:00","description":"Tel Aviv, gioved\u00ec 30 aprile: sono da poco passate le 19 (le 18 per noi) e dentro l\u2019Expo Center strapieno di gente \u00e8 da poco iniziata la terza edizione","breadcrumb":{"@id":"https:\/\/www.pressenza.com\/it\/2026\/05\/terza-edizione-del-peoples-peace-summit-deve-essere-puo-essere-sara-pace\/#breadcrumb"},"inLanguage":"it-IT","potentialAction":[{"@type":"ReadAction","target":["https:\/\/www.pressenza.com\/it\/2026\/05\/terza-edizione-del-peoples-peace-summit-deve-essere-puo-essere-sara-pace\/"]}]},{"@type":"ImageObject","inLanguage":"it-IT","@id":"https:\/\/www.pressenza.com\/it\/2026\/05\/terza-edizione-del-peoples-peace-summit-deve-essere-puo-essere-sara-pace\/#primaryimage","url":"https:\/\/www.pressenza.com\/wp-content\/uploads\/2026\/05\/organizzatori-sul-palco-1.jpg","contentUrl":"https:\/\/www.pressenza.com\/wp-content\/uploads\/2026\/05\/organizzatori-sul-palco-1.jpg","width":1920,"height":1280},{"@type":"BreadcrumbList","@id":"https:\/\/www.pressenza.com\/it\/2026\/05\/terza-edizione-del-peoples-peace-summit-deve-essere-puo-essere-sara-pace\/#breadcrumb","itemListElement":[{"@type":"ListItem","position":1,"name":"Accueil","item":"https:\/\/www.pressenza.com\/it\/"},{"@type":"ListItem","position":2,"name":"Terza edizione del People\u2019s Peace Summit. Deve essere. Pu\u00f2 essere. Sar\u00e0. Pace"}]},{"@type":"WebSite","@id":"https:\/\/www.pressenza.com\/it\/#website","url":"https:\/\/www.pressenza.com\/it\/","name":"Pressenza","description":"Agenzia di Stampa Internazionale","publisher":{"@id":"https:\/\/www.pressenza.com\/it\/#organization"},"potentialAction":[{"@type":"SearchAction","target":{"@type":"EntryPoint","urlTemplate":"https:\/\/www.pressenza.com\/it\/?s={search_term_string}"},"query-input":{"@type":"PropertyValueSpecification","valueRequired":true,"valueName":"search_term_string"}}],"inLanguage":"it-IT"},{"@type":"Organization","@id":"https:\/\/www.pressenza.com\/it\/#organization","name":"Pressenza","url":"https:\/\/www.pressenza.com\/it\/","logo":{"@type":"ImageObject","inLanguage":"it-IT","@id":"https:\/\/www.pressenza.com\/it\/#\/schema\/logo\/image\/","url":"https:\/\/www.pressenza.com\/wp-content\/uploads\/2022\/10\/pressenza_logo_200x200.jpg","contentUrl":"https:\/\/www.pressenza.com\/wp-content\/uploads\/2022\/10\/pressenza_logo_200x200.jpg","width":200,"height":200,"caption":"Pressenza"},"image":{"@id":"https:\/\/www.pressenza.com\/it\/#\/schema\/logo\/image\/"},"sameAs":["https:\/\/www.facebook.com\/PressenzaItalia","https:\/\/x.com\/PressenzaIPA"]},{"@type":"Person","@id":"https:\/\/www.pressenza.com\/it\/#\/schema\/person\/e824ea519c79c3808f4910f1c2b90688","name":"Daniela Bezzi","description":"A journalist, cultural worker and independent researcher, she lived and worked for extended periods in Japan, the UK and India before settling back in Italy, where she contributes to various publications on environmental, human rights and labour issues.","url":"https:\/\/www.pressenza.com\/it\/author\/daniela-bezzi\/"}]}},"place":"Tel Aviv, Israele","original_article_url":"","_links":{"self":[{"href":"https:\/\/www.pressenza.com\/it\/wp-json\/wp\/v2\/posts\/2697029","targetHints":{"allow":["GET"]}}],"collection":[{"href":"https:\/\/www.pressenza.com\/it\/wp-json\/wp\/v2\/posts"}],"about":[{"href":"https:\/\/www.pressenza.com\/it\/wp-json\/wp\/v2\/types\/post"}],"author":[{"embeddable":true,"href":"https:\/\/www.pressenza.com\/it\/wp-json\/wp\/v2\/users\/2072"}],"replies":[{"embeddable":true,"href":"https:\/\/www.pressenza.com\/it\/wp-json\/wp\/v2\/comments?post=2697029"}],"version-history":[{"count":5,"href":"https:\/\/www.pressenza.com\/it\/wp-json\/wp\/v2\/posts\/2697029\/revisions"}],"predecessor-version":[{"id":2697058,"href":"https:\/\/www.pressenza.com\/it\/wp-json\/wp\/v2\/posts\/2697029\/revisions\/2697058"}],"wp:featuredmedia":[{"embeddable":true,"href":"https:\/\/www.pressenza.com\/it\/wp-json\/wp\/v2\/media\/2697030"}],"wp:attachment":[{"href":"https:\/\/www.pressenza.com\/it\/wp-json\/wp\/v2\/media?parent=2697029"}],"wp:term":[{"taxonomy":"category","embeddable":true,"href":"https:\/\/www.pressenza.com\/it\/wp-json\/wp\/v2\/categories?post=2697029"},{"taxonomy":"post_tag","embeddable":true,"href":"https:\/\/www.pressenza.com\/it\/wp-json\/wp\/v2\/tags?post=2697029"}],"curies":[{"name":"wp","href":"https:\/\/api.w.org\/{rel}","templated":true}]}}