{"id":2696967,"date":"2026-05-01T17:12:34","date_gmt":"2026-05-01T16:12:34","guid":{"rendered":"https:\/\/www.pressenza.com\/?p=2696967"},"modified":"2026-05-01T17:12:34","modified_gmt":"2026-05-01T16:12:34","slug":"la-rete-100-porti-100-citta-per-la-palestina","status":"publish","type":"post","link":"https:\/\/www.pressenza.com\/it\/2026\/05\/la-rete-100-porti-100-citta-per-la-palestina\/","title":{"rendered":"La Rete 100 Porti \u2022 100 Citt\u00e0 per la Palestina"},"content":{"rendered":"<p>La Rete 100 PORTI \u2022 100 CITT\u00c0 lancia l\u2019appello internazionale: \u201c<strong><em>Costruiamo una Rete di 1000 Porti e 1000 Citt\u00e0 solidali con la Palestina<\/em><\/strong>\u201d<\/p>\n<p>Dalle Flotille di mare alle Flotille di Terra: una rete permanente di pressione politica per Gaza, la Palestina tutta e il diritto internazionale<\/p>\n<p>La Rete 100 Porti \u2022 100 Citt\u00e0 lancia un appello a tutte le realt\u00e0 che hanno a cuore il destino del popolo palestinese: costruire insieme un coordinamento internazionale permanente, capace di restare al fianco della Palestina non solo quando le Flotille solcano il Mediterraneo, ma ogni giorno, in ogni citt\u00e0, dentro ogni istituzione, in ogni spazio civile.<\/p>\n<p>La solidariet\u00e0 non pu\u00f2 accendersi solo nell\u2019emergenza. Deve diventare struttura. Deve diventare pressione politica. Deve diventare continuit\u00e0.<\/p>\n<p>Il 22 aprile 2026, davanti al Global Sumud Parliamentary Congress di Bruxelles, Francesca Albanese, Relatrice Speciale delle Nazioni Unite sui territori palestinesi occupati, ha indicato con chiarezza una direzione che il movimento di solidariet\u00e0 internazionale non pu\u00f2 ignorare: andare oltre il simbolismo, costruire azioni capaci di incidere sui sistemi politici, economici e istituzionali che rendono possibile l\u2019oppressione del popolo palestinese.<\/p>\n<p>La Rete italiana 100 Porti \u2022 100 Citt\u00e0 raccoglie quella sfida e lancia un appello a tutte le Flotille del mondo, di terra e di mare, comprese quelle che in questo momento navigano verso Gaza:<\/p>\n<p>costruiamo insieme una rete internazionale di pressione politica dal basso: 1000 PORTI \u2022 1000 CITT\u00c0.<\/p>\n<p>Una rete che non si limiti alle azioni di forte rilievo mediatico, ma che sia costantemente attiva sul piano politico, sociale e istituzionale.<\/p>\n<p>Una rete capace di fare pressione su Comuni, Province, Regioni, Parlamenti nazionali e istituzioni europee per ottenere:<\/p>\n<ul>\n<li>mozioni di riconoscimento dello Stato di Palestina;<\/li>\n<li>iniziative BDS;<\/li>\n<li>interruzione dei rapporti commerciali con Israele;<\/li>\n<li>sospensione dei protocolli di cooperazione militare;<\/li>\n<li>blocco della fornitura e del transito di armi;<\/li>\n<li>politiche di acquisto etico negli enti pubblici;<\/li>\n<li>cooperazione diretta con Gaza, con particolare attenzione alla sanit\u00e0 e al complesso ospedaliero Al-Awda.<\/li>\n<\/ul>\n<p>Dal 2023, decine di Comuni, Province, Regioni e Universit\u00e0 italiane hanno gi\u00e0 approvato mozioni, preso posizione, sospeso collaborazioni o avviato percorsi di solidariet\u00e0 concreta con il popolo palestinese.<\/p>\n<p>La Rete 100 Porti \u2022 100 Citt\u00e0 nasce per dare direzione, strumenti e coordinamento a queste energie disperse, trasformando le singole voci in una forza unitaria capace di esercitare pressione reale sul Governo italiano, sul Parlamento e sull\u2019Unione Europea.<\/p>\n<p>Gli obiettivi sono concreti e misurabili:<\/p>\n<ul>\n<li>100 enti locali che approvino mozioni per il riconoscimento dello Stato di Palestina nei confini del 1967;<\/li>\n<li>decine di amministrazioni impegnate in politiche di acquisto etico;<\/li>\n<li>centinaia di enti, associazioni, scuole, universit\u00e0 e organizzazioni attive nella cooperazione decentrata e nel sostegno alla popolazione di Gaza.<\/li>\n<\/ul>\n<p>Una rete capillare, orizzontale, aperta. Non dipendente da alcun partito, n\u00e9 da una struttura centrale. Una rete che cresce ogni volta che qualcuno apre uno spazio, organizza un incontro, porta una mozione in consiglio comunale, costruisce un\u2019assemblea, coinvolge una scuola, attiva un porto, interpella un\u2019amministrazione.<\/p>\n<p>Ogni collettivo che aderisce \u00e8 un nodo. Ogni nodo rende la rete pi\u00f9 forte. Ogni citt\u00e0 attiva rende pi\u00f9 difficile la complicit\u00e0.<\/p>\n<p>Tra i progetti attuali della Rete vi \u00e8 l\u2019attivazione di decine di iniziative territoriali per portare la voce del popolo palestinese nel maggior numero possibile di luoghi.<\/p>\n<p>Grazie alla collaborazione con Freedom Flotilla Italia, questo percorso assume anche una forma fisica e riconoscibile: la barca Ghassan Kanafani e un camper attraverseranno porti e citt\u00e0 d\u2019Italia, co-progettando con realt\u00e0 locali, collettivi e associazioni eventi culturali, assemblee pubbliche, percorsi nelle scuole, proposte di mozione nei consigli comunali e campagne di gemellaggio tra citt\u00e0 italiane e palestinesi.<\/p>\n<p>Potranno fermare 100 barche, ma non potranno fermare 100 citt\u00e0 in rivolta.<\/p>\n<p>Sappiamo quanto coraggio richieda ogni missione in mare: Freedom Flotilla porta avanti questo impegno da 18 anni. Sappiamo cosa significa dirigere una barca verso Gaza sapendo che pu\u00f2 essere intercettata illegalmente dall\u2019esercito israeliano, con il sequestro delle persone, dell\u2019imbarcazione e degli aiuti umanitari a bordo.<\/p>\n<p>Per questo, con rispetto profondo verso chi oggi \u00e8 in navigazione, lanciamo una riflessione comune: in un contesto geopolitico sempre pi\u00f9 ostile, con una copertura mediatica sempre pi\u00f9 fragile e con i porti europei che continuano a sostenere, direttamente o indirettamente, la macchina bellica israeliana, la battaglia decisiva deve radicarsi anche a terra.<\/p>\n<p>Bloccare i porti complici. Costruire pressione nei municipi. Rendere impraticabile la complicit\u00e0 istituzionale. Trasformare la solidariet\u00e0 in forza politica organizzata.<\/p>\n<p>Ogni consiglio comunale che prende posizione per i diritti del popolo palestinese apre una breccia. Ogni nave carica di armi che viene fermata colpisce gli interessi dei padroni della guerra. Ogni porto che si sottrae alla complicit\u00e0 rende pi\u00f9 fragile il sistema dell\u2019assedio.<\/p>\n<p>Per questo non parliamo di semplici \u201cequipaggi di supporto\u201d. Parliamo di Flotille di Terra. Flotille capaci di attraversare scuole, universit\u00e0, porti, piazze, municipi, consigli comunali, sindacati, associazioni, reti civiche.<\/p>\n<p>\u00c8 un appello formale rivolto a tutte le organizzazioni che fanno parte delle Flotille e a tutti i movimenti di solidariet\u00e0 internazionale: unitevi a questa rete di attivismo permanente per essere marea costante, non solo onda quando salpiamo.<\/p>\n<p>Portiamo la stessa determinazione che guida le barche verso Gaza dentro ogni municipio, ogni universit\u00e0, ogni porto, ogni istituzione. Bloccchiamo ogni accordo complice. Ogni appalto assassino. Ogni cooperazione militare. Ogni silenzio interessato.<\/p>\n<p>100 Porti \u2022 100 Citt\u00e0 per un Mediterraneo ponte di pace, non cimitero dei diritti.<\/p>\n<p>MODULO \/ FORM ISCRIZIONE per segnalare l\u2019adesione al progetto ed entrare a far parte della rete:\u00a0 <a href=\"https:\/\/tinyurl.com\/centoporti\">https:\/\/tinyurl.com\/centoporti<\/a><\/p>\n<p>email adesioni: <a href=\"mailto:adesioni.freedom@gmail.com\">adesioni.freedom@gmail.com<\/a><\/p>\n","protected":false},"excerpt":{"rendered":"<p>La Rete 100 PORTI \u2022 100 CITT\u00c0 lancia l\u2019appello internazionale: \u201cCostruiamo una Rete di 1000 Porti e 1000 Citt\u00e0 solidali con la Palestina\u201d Dalle Flotille di mare alle Flotille di Terra: una rete permanente di pressione politica per Gaza, la&hellip;<\/p>\n","protected":false},"author":594,"featured_media":2696968,"comment_status":"closed","ping_status":"closed","sticky":false,"template":"","format":"standard","meta":{"footnotes":""},"categories":[150,60,38],"tags":[140788],"class_list":["post-2696967","post","type-post","status-publish","format-standard","has-post-thumbnail","hentry","category-comunicati-stampa","category-diritti-umani","category-internazionale","tag-freedom-flotilla-italia"],"yoast_head":"<!-- This site is optimized with the Yoast SEO plugin v27.1.1 - https:\/\/yoast.com\/product\/yoast-seo-wordpress\/ -->\n<title>La Rete 100 Porti \u2022 100 Citt\u00e0 per la Palestina<\/title>\n<meta name=\"description\" content=\"La Rete 100 PORTI \u2022 100 CITT\u00c0 lancia l\u2019appello internazionale: \u201cCostruiamo una Rete di 1000 Porti e 1000 Citt\u00e0 solidali con la Palestina\u201d Dalle Flotille\" \/>\n<meta name=\"robots\" content=\"index, follow, max-snippet:-1, max-image-preview:large, max-video-preview:-1\" \/>\n<link rel=\"canonical\" href=\"https:\/\/www.pressenza.com\/it\/2026\/05\/la-rete-100-porti-100-citta-per-la-palestina\/\" \/>\n<meta property=\"og:locale\" content=\"it_IT\" \/>\n<meta property=\"og:type\" content=\"article\" \/>\n<meta property=\"og:title\" content=\"La Rete 100 Porti \u2022 100 Citt\u00e0 per la Palestina\" \/>\n<meta property=\"og:description\" content=\"La Rete 100 PORTI \u2022 100 CITT\u00c0 lancia l\u2019appello internazionale: \u201cCostruiamo una Rete di 1000 Porti e 1000 Citt\u00e0 solidali con la Palestina\u201d Dalle Flotille\" \/>\n<meta property=\"og:url\" content=\"https:\/\/www.pressenza.com\/it\/2026\/05\/la-rete-100-porti-100-citta-per-la-palestina\/\" \/>\n<meta property=\"og:site_name\" content=\"Pressenza\" \/>\n<meta property=\"article:publisher\" content=\"https:\/\/www.facebook.com\/PressenzaItalia\" \/>\n<meta property=\"article:author\" content=\"https:\/\/www.facebook.com\/PressenzaItalia\" \/>\n<meta property=\"article:published_time\" content=\"2026-05-01T16:12:34+00:00\" \/>\n<meta property=\"og:image\" content=\"https:\/\/www.pressenza.com\/wp-content\/uploads\/2026\/05\/100-porti-100-citta.jpg\" \/>\n\t<meta property=\"og:image:width\" content=\"791\" \/>\n\t<meta property=\"og:image:height\" content=\"540\" \/>\n\t<meta property=\"og:image:type\" content=\"image\/jpeg\" \/>\n<meta name=\"author\" content=\"Redazione Italia\" \/>\n<meta name=\"twitter:card\" content=\"summary_large_image\" \/>\n<meta name=\"twitter:creator\" content=\"@pressenza_it\" \/>\n<meta name=\"twitter:site\" content=\"@PressenzaIPA\" \/>\n<meta name=\"twitter:label1\" content=\"Scritto da\" \/>\n\t<meta name=\"twitter:data1\" content=\"Redazione Italia\" \/>\n\t<meta name=\"twitter:label2\" content=\"Tempo di lettura stimato\" \/>\n\t<meta name=\"twitter:data2\" content=\"5 minuti\" \/>\n<script type=\"application\/ld+json\" class=\"yoast-schema-graph\">{\"@context\":\"https:\/\/schema.org\",\"@graph\":[{\"@type\":\"Article\",\"@id\":\"https:\/\/www.pressenza.com\/it\/2026\/05\/la-rete-100-porti-100-citta-per-la-palestina\/#article\",\"isPartOf\":{\"@id\":\"https:\/\/www.pressenza.com\/it\/2026\/05\/la-rete-100-porti-100-citta-per-la-palestina\/\"},\"author\":{\"name\":\"Redazione Italia\",\"@id\":\"https:\/\/www.pressenza.com\/it\/#\/schema\/person\/d983e81827ae24f2c7b1a2123d197f8d\"},\"headline\":\"La Rete 100 Porti \u2022 100 Citt\u00e0 per la Palestina\",\"datePublished\":\"2026-05-01T16:12:34+00:00\",\"mainEntityOfPage\":{\"@id\":\"https:\/\/www.pressenza.com\/it\/2026\/05\/la-rete-100-porti-100-citta-per-la-palestina\/\"},\"wordCount\":888,\"publisher\":{\"@id\":\"https:\/\/www.pressenza.com\/it\/#organization\"},\"image\":{\"@id\":\"https:\/\/www.pressenza.com\/it\/2026\/05\/la-rete-100-porti-100-citta-per-la-palestina\/#primaryimage\"},\"thumbnailUrl\":\"https:\/\/www.pressenza.com\/wp-content\/uploads\/2026\/05\/100-porti-100-citta.jpg\",\"keywords\":[\"Freedom Flotilla Italia\"],\"articleSection\":[\"Comunicati Stampa\",\"Diritti Umani\",\"Internazionale\"],\"inLanguage\":\"it-IT\"},{\"@type\":\"WebPage\",\"@id\":\"https:\/\/www.pressenza.com\/it\/2026\/05\/la-rete-100-porti-100-citta-per-la-palestina\/\",\"url\":\"https:\/\/www.pressenza.com\/it\/2026\/05\/la-rete-100-porti-100-citta-per-la-palestina\/\",\"name\":\"La Rete 100 Porti \u2022 100 Citt\u00e0 per la Palestina\",\"isPartOf\":{\"@id\":\"https:\/\/www.pressenza.com\/it\/#website\"},\"primaryImageOfPage\":{\"@id\":\"https:\/\/www.pressenza.com\/it\/2026\/05\/la-rete-100-porti-100-citta-per-la-palestina\/#primaryimage\"},\"image\":{\"@id\":\"https:\/\/www.pressenza.com\/it\/2026\/05\/la-rete-100-porti-100-citta-per-la-palestina\/#primaryimage\"},\"thumbnailUrl\":\"https:\/\/www.pressenza.com\/wp-content\/uploads\/2026\/05\/100-porti-100-citta.jpg\",\"datePublished\":\"2026-05-01T16:12:34+00:00\",\"description\":\"La Rete 100 PORTI \u2022 100 CITT\u00c0 lancia l\u2019appello internazionale: \u201cCostruiamo una Rete di 1000 Porti e 1000 Citt\u00e0 solidali con la Palestina\u201d Dalle Flotille\",\"breadcrumb\":{\"@id\":\"https:\/\/www.pressenza.com\/it\/2026\/05\/la-rete-100-porti-100-citta-per-la-palestina\/#breadcrumb\"},\"inLanguage\":\"it-IT\",\"potentialAction\":[{\"@type\":\"ReadAction\",\"target\":[\"https:\/\/www.pressenza.com\/it\/2026\/05\/la-rete-100-porti-100-citta-per-la-palestina\/\"]}]},{\"@type\":\"ImageObject\",\"inLanguage\":\"it-IT\",\"@id\":\"https:\/\/www.pressenza.com\/it\/2026\/05\/la-rete-100-porti-100-citta-per-la-palestina\/#primaryimage\",\"url\":\"https:\/\/www.pressenza.com\/wp-content\/uploads\/2026\/05\/100-porti-100-citta.jpg\",\"contentUrl\":\"https:\/\/www.pressenza.com\/wp-content\/uploads\/2026\/05\/100-porti-100-citta.jpg\",\"width\":791,\"height\":540},{\"@type\":\"BreadcrumbList\",\"@id\":\"https:\/\/www.pressenza.com\/it\/2026\/05\/la-rete-100-porti-100-citta-per-la-palestina\/#breadcrumb\",\"itemListElement\":[{\"@type\":\"ListItem\",\"position\":1,\"name\":\"Accueil\",\"item\":\"https:\/\/www.pressenza.com\/it\/\"},{\"@type\":\"ListItem\",\"position\":2,\"name\":\"La Rete 100 Porti \u2022 100 Citt\u00e0 per la Palestina\"}]},{\"@type\":\"WebSite\",\"@id\":\"https:\/\/www.pressenza.com\/it\/#website\",\"url\":\"https:\/\/www.pressenza.com\/it\/\",\"name\":\"Pressenza\",\"description\":\"Agenzia di Stampa Internazionale\",\"publisher\":{\"@id\":\"https:\/\/www.pressenza.com\/it\/#organization\"},\"potentialAction\":[{\"@type\":\"SearchAction\",\"target\":{\"@type\":\"EntryPoint\",\"urlTemplate\":\"https:\/\/www.pressenza.com\/it\/?s={search_term_string}\"},\"query-input\":{\"@type\":\"PropertyValueSpecification\",\"valueRequired\":true,\"valueName\":\"search_term_string\"}}],\"inLanguage\":\"it-IT\"},{\"@type\":\"Organization\",\"@id\":\"https:\/\/www.pressenza.com\/it\/#organization\",\"name\":\"Pressenza\",\"url\":\"https:\/\/www.pressenza.com\/it\/\",\"logo\":{\"@type\":\"ImageObject\",\"inLanguage\":\"it-IT\",\"@id\":\"https:\/\/www.pressenza.com\/it\/#\/schema\/logo\/image\/\",\"url\":\"https:\/\/www.pressenza.com\/wp-content\/uploads\/2022\/10\/pressenza_logo_200x200.jpg\",\"contentUrl\":\"https:\/\/www.pressenza.com\/wp-content\/uploads\/2022\/10\/pressenza_logo_200x200.jpg\",\"width\":200,\"height\":200,\"caption\":\"Pressenza\"},\"image\":{\"@id\":\"https:\/\/www.pressenza.com\/it\/#\/schema\/logo\/image\/\"},\"sameAs\":[\"https:\/\/www.facebook.com\/PressenzaItalia\",\"https:\/\/x.com\/PressenzaIPA\"]},{\"@type\":\"Person\",\"@id\":\"https:\/\/www.pressenza.com\/it\/#\/schema\/person\/d983e81827ae24f2c7b1a2123d197f8d\",\"name\":\"Redazione Italia\",\"description\":\"News from the Pressenza Bureau in Italy\",\"sameAs\":[\"https:\/\/www.pressenza.com\/it\/author\/redazione-italia\/\",\"https:\/\/www.facebook.com\/PressenzaItalia\",\"https:\/\/www.instagram.com\/pressenza_italia\/\",\"https:\/\/x.com\/pressenza_it\",\"https:\/\/www.youtube.com\/channel\/UCSalEIWjE1RSxkwjfftFuqg\"],\"url\":\"https:\/\/www.pressenza.com\/it\/author\/redazione-italia\/\"}]}<\/script>\n<!-- \/ Yoast SEO plugin. -->","yoast_head_json":{"title":"La Rete 100 Porti \u2022 100 Citt\u00e0 per la Palestina","description":"La Rete 100 PORTI \u2022 100 CITT\u00c0 lancia l\u2019appello internazionale: \u201cCostruiamo una Rete di 1000 Porti e 1000 Citt\u00e0 solidali con la Palestina\u201d Dalle Flotille","robots":{"index":"index","follow":"follow","max-snippet":"max-snippet:-1","max-image-preview":"max-image-preview:large","max-video-preview":"max-video-preview:-1"},"canonical":"https:\/\/www.pressenza.com\/it\/2026\/05\/la-rete-100-porti-100-citta-per-la-palestina\/","og_locale":"it_IT","og_type":"article","og_title":"La Rete 100 Porti \u2022 100 Citt\u00e0 per la Palestina","og_description":"La Rete 100 PORTI \u2022 100 CITT\u00c0 lancia l\u2019appello internazionale: \u201cCostruiamo una Rete di 1000 Porti e 1000 Citt\u00e0 solidali con la Palestina\u201d Dalle Flotille","og_url":"https:\/\/www.pressenza.com\/it\/2026\/05\/la-rete-100-porti-100-citta-per-la-palestina\/","og_site_name":"Pressenza","article_publisher":"https:\/\/www.facebook.com\/PressenzaItalia","article_author":"https:\/\/www.facebook.com\/PressenzaItalia","article_published_time":"2026-05-01T16:12:34+00:00","og_image":[{"width":791,"height":540,"url":"https:\/\/www.pressenza.com\/wp-content\/uploads\/2026\/05\/100-porti-100-citta.jpg","type":"image\/jpeg"}],"author":"Redazione Italia","twitter_card":"summary_large_image","twitter_creator":"@pressenza_it","twitter_site":"@PressenzaIPA","twitter_misc":{"Scritto da":"Redazione Italia","Tempo di lettura stimato":"5 minuti"},"schema":{"@context":"https:\/\/schema.org","@graph":[{"@type":"Article","@id":"https:\/\/www.pressenza.com\/it\/2026\/05\/la-rete-100-porti-100-citta-per-la-palestina\/#article","isPartOf":{"@id":"https:\/\/www.pressenza.com\/it\/2026\/05\/la-rete-100-porti-100-citta-per-la-palestina\/"},"author":{"name":"Redazione Italia","@id":"https:\/\/www.pressenza.com\/it\/#\/schema\/person\/d983e81827ae24f2c7b1a2123d197f8d"},"headline":"La Rete 100 Porti \u2022 100 Citt\u00e0 per la Palestina","datePublished":"2026-05-01T16:12:34+00:00","mainEntityOfPage":{"@id":"https:\/\/www.pressenza.com\/it\/2026\/05\/la-rete-100-porti-100-citta-per-la-palestina\/"},"wordCount":888,"publisher":{"@id":"https:\/\/www.pressenza.com\/it\/#organization"},"image":{"@id":"https:\/\/www.pressenza.com\/it\/2026\/05\/la-rete-100-porti-100-citta-per-la-palestina\/#primaryimage"},"thumbnailUrl":"https:\/\/www.pressenza.com\/wp-content\/uploads\/2026\/05\/100-porti-100-citta.jpg","keywords":["Freedom Flotilla Italia"],"articleSection":["Comunicati Stampa","Diritti Umani","Internazionale"],"inLanguage":"it-IT"},{"@type":"WebPage","@id":"https:\/\/www.pressenza.com\/it\/2026\/05\/la-rete-100-porti-100-citta-per-la-palestina\/","url":"https:\/\/www.pressenza.com\/it\/2026\/05\/la-rete-100-porti-100-citta-per-la-palestina\/","name":"La Rete 100 Porti \u2022 100 Citt\u00e0 per la Palestina","isPartOf":{"@id":"https:\/\/www.pressenza.com\/it\/#website"},"primaryImageOfPage":{"@id":"https:\/\/www.pressenza.com\/it\/2026\/05\/la-rete-100-porti-100-citta-per-la-palestina\/#primaryimage"},"image":{"@id":"https:\/\/www.pressenza.com\/it\/2026\/05\/la-rete-100-porti-100-citta-per-la-palestina\/#primaryimage"},"thumbnailUrl":"https:\/\/www.pressenza.com\/wp-content\/uploads\/2026\/05\/100-porti-100-citta.jpg","datePublished":"2026-05-01T16:12:34+00:00","description":"La Rete 100 PORTI \u2022 100 CITT\u00c0 lancia l\u2019appello internazionale: \u201cCostruiamo una Rete di 1000 Porti e 1000 Citt\u00e0 solidali con la Palestina\u201d Dalle Flotille","breadcrumb":{"@id":"https:\/\/www.pressenza.com\/it\/2026\/05\/la-rete-100-porti-100-citta-per-la-palestina\/#breadcrumb"},"inLanguage":"it-IT","potentialAction":[{"@type":"ReadAction","target":["https:\/\/www.pressenza.com\/it\/2026\/05\/la-rete-100-porti-100-citta-per-la-palestina\/"]}]},{"@type":"ImageObject","inLanguage":"it-IT","@id":"https:\/\/www.pressenza.com\/it\/2026\/05\/la-rete-100-porti-100-citta-per-la-palestina\/#primaryimage","url":"https:\/\/www.pressenza.com\/wp-content\/uploads\/2026\/05\/100-porti-100-citta.jpg","contentUrl":"https:\/\/www.pressenza.com\/wp-content\/uploads\/2026\/05\/100-porti-100-citta.jpg","width":791,"height":540},{"@type":"BreadcrumbList","@id":"https:\/\/www.pressenza.com\/it\/2026\/05\/la-rete-100-porti-100-citta-per-la-palestina\/#breadcrumb","itemListElement":[{"@type":"ListItem","position":1,"name":"Accueil","item":"https:\/\/www.pressenza.com\/it\/"},{"@type":"ListItem","position":2,"name":"La Rete 100 Porti \u2022 100 Citt\u00e0 per la Palestina"}]},{"@type":"WebSite","@id":"https:\/\/www.pressenza.com\/it\/#website","url":"https:\/\/www.pressenza.com\/it\/","name":"Pressenza","description":"Agenzia di Stampa Internazionale","publisher":{"@id":"https:\/\/www.pressenza.com\/it\/#organization"},"potentialAction":[{"@type":"SearchAction","target":{"@type":"EntryPoint","urlTemplate":"https:\/\/www.pressenza.com\/it\/?s={search_term_string}"},"query-input":{"@type":"PropertyValueSpecification","valueRequired":true,"valueName":"search_term_string"}}],"inLanguage":"it-IT"},{"@type":"Organization","@id":"https:\/\/www.pressenza.com\/it\/#organization","name":"Pressenza","url":"https:\/\/www.pressenza.com\/it\/","logo":{"@type":"ImageObject","inLanguage":"it-IT","@id":"https:\/\/www.pressenza.com\/it\/#\/schema\/logo\/image\/","url":"https:\/\/www.pressenza.com\/wp-content\/uploads\/2022\/10\/pressenza_logo_200x200.jpg","contentUrl":"https:\/\/www.pressenza.com\/wp-content\/uploads\/2022\/10\/pressenza_logo_200x200.jpg","width":200,"height":200,"caption":"Pressenza"},"image":{"@id":"https:\/\/www.pressenza.com\/it\/#\/schema\/logo\/image\/"},"sameAs":["https:\/\/www.facebook.com\/PressenzaItalia","https:\/\/x.com\/PressenzaIPA"]},{"@type":"Person","@id":"https:\/\/www.pressenza.com\/it\/#\/schema\/person\/d983e81827ae24f2c7b1a2123d197f8d","name":"Redazione Italia","description":"News from the Pressenza Bureau in Italy","sameAs":["https:\/\/www.pressenza.com\/it\/author\/redazione-italia\/","https:\/\/www.facebook.com\/PressenzaItalia","https:\/\/www.instagram.com\/pressenza_italia\/","https:\/\/x.com\/pressenza_it","https:\/\/www.youtube.com\/channel\/UCSalEIWjE1RSxkwjfftFuqg"],"url":"https:\/\/www.pressenza.com\/it\/author\/redazione-italia\/"}]}},"place":"","original_article_url":"https:\/\/www.facebook.com\/freedomflotilla.italia\/posts\/pfbid0KJdKBDd9zUJVQw7qxbc6HMin3DYTYJr32XLxQ45Zs5kiZrmmypxcFaBZuMwwCzWxl?__cft__[0]=AZZXyTyWft6t4qdRcIE_vk5mV8b9miDT7wp93v_4sRih7f37gdspHSR16aFZas-3VrVc9fGLK6Fbm436ARC48Lv5SJqKn1SexKOS2m8a_Akqkg5xEu4Cd7","_links":{"self":[{"href":"https:\/\/www.pressenza.com\/it\/wp-json\/wp\/v2\/posts\/2696967","targetHints":{"allow":["GET"]}}],"collection":[{"href":"https:\/\/www.pressenza.com\/it\/wp-json\/wp\/v2\/posts"}],"about":[{"href":"https:\/\/www.pressenza.com\/it\/wp-json\/wp\/v2\/types\/post"}],"author":[{"embeddable":true,"href":"https:\/\/www.pressenza.com\/it\/wp-json\/wp\/v2\/users\/594"}],"replies":[{"embeddable":true,"href":"https:\/\/www.pressenza.com\/it\/wp-json\/wp\/v2\/comments?post=2696967"}],"version-history":[{"count":1,"href":"https:\/\/www.pressenza.com\/it\/wp-json\/wp\/v2\/posts\/2696967\/revisions"}],"predecessor-version":[{"id":2696988,"href":"https:\/\/www.pressenza.com\/it\/wp-json\/wp\/v2\/posts\/2696967\/revisions\/2696988"}],"wp:featuredmedia":[{"embeddable":true,"href":"https:\/\/www.pressenza.com\/it\/wp-json\/wp\/v2\/media\/2696968"}],"wp:attachment":[{"href":"https:\/\/www.pressenza.com\/it\/wp-json\/wp\/v2\/media?parent=2696967"}],"wp:term":[{"taxonomy":"category","embeddable":true,"href":"https:\/\/www.pressenza.com\/it\/wp-json\/wp\/v2\/categories?post=2696967"},{"taxonomy":"post_tag","embeddable":true,"href":"https:\/\/www.pressenza.com\/it\/wp-json\/wp\/v2\/tags?post=2696967"}],"curies":[{"name":"wp","href":"https:\/\/api.w.org\/{rel}","templated":true}]}}