{"id":2696887,"date":"2026-04-30T21:55:53","date_gmt":"2026-04-30T20:55:53","guid":{"rendered":"https:\/\/www.pressenza.com\/?p=2696887"},"modified":"2026-04-30T22:12:20","modified_gmt":"2026-04-30T21:12:20","slug":"la-flotilla-di-terra-risponde-alla-chiamata","status":"publish","type":"post","link":"https:\/\/www.pressenza.com\/it\/2026\/04\/la-flotilla-di-terra-risponde-alla-chiamata\/","title":{"rendered":"La Flotilla di terra risponde alla chiamata. Milano c&#8217;\u00e8"},"content":{"rendered":"<p data-path-to-node=\"2\">Stamattina, chi \u00e8 andato a letto prima di mezzanotte si \u00e8 svegliato con l&#8217;ennesima brutta notizia arrivata da Israele \u2014 ancora una volta dal governo Netanyahu, cosiddetto democratico: la flotilla \u00e8 stata attaccata vicino alle coste greche, in acque internazionali.<\/p>\n<p data-path-to-node=\"3\">Sono state prelevate 175 persone pacifiche, sono stati messi fuori uso i motori delle loro imbarcazioni, lasciate poi andare alla deriva. Gli attivisti pacifisti della flotilla sono stati trasportati sulle imbarcazioni israeliane alla volta di Tel Aviv: un atto vile e barbarico della marina israeliana contro attivisti che hanno solo la colpa di supplire alla disumana assenza dell\u2019Europa sul genocidio palestinese.<\/p>\n<p data-path-to-node=\"4\">Ora tocca a noi; ora tocca ai democratici, agli antifascisti e agli antisionisti difendere il diritto a compiere atti di solidariet\u00e0 contro le barbarie perpetrate da governi guerrafondai senza scrupoli. Ora tocca alle forze democratiche ristabilire il diritto internazionale e un ordine mondiale che tenga conto del diritto dei popoli sovrani a vivere nei propri paesi, senza subire continui atti di terrorismo e bombardamenti da parte di chi intende sovvertire l&#8217;equilibrio globale per tutelare i propri interessi economici e di dominio politico. Vogliono imporre un\u2019idea di supremazia barbara e disumana, basata su una politica economica del profitto bellico; ma un&#8217;economia mondiale basata sul commercio di armi \u00e8 destinata a distruggere il nostro pianeta.<\/p>\n<p data-path-to-node=\"5\">\u00c8 ora di rimettere al centro i diritti umani. \u00c8 ora di dire basta all\u2019arrogante impunit\u00e0 israeliana.<\/p>\n<p data-path-to-node=\"6\">Oggi Milano si \u00e8 svegliata con la tristezza nel cuore, ma con ancora pi\u00f9 determinazione. La citt\u00e0 ha detto basta ai miserabili tentativi di sovvertire l\u2019ordine mondiale e si \u00e8 mobilitata: i cittadini democratici e antisionisti si sono dati appuntamento alle 17:00 davanti alla Prefettura. Io, insieme ad alcuni amici, abbiamo deciso di correre in aiuto alla flotilla. Di corsa abbiamo preso la metropolitana e, scesi a San Babila, abbiamo raggiunto il presidio che erano ormai le 17:00 passate.<\/p>\n<p data-path-to-node=\"7\">Intanto che si susseguivano i vari interventi, molti hanno pensato di formare un corteo. Io e i miei amici volevamo raggiungere il presidio permanente per la Palestina in Piazza Duomo e ci siamo avviati che erano ormai passate le 18:00. Mentre ce ne andavamo, molti altri arrivavano a dare il cambio in piazza davanti alla Prefettura.<\/p>\n<p data-path-to-node=\"8\">Di nuovo in metropolitana, abbiamo raggiunto Piazza Duomo. Finito il presidio, abbiamo deciso di scrivere a grandi lettere un messaggio di amore e di solidariet\u00e0 a tutti gli attivisti in mare: <b data-path-to-node=\"8\" data-index-in-node=\"193\">&#8220;Sumud Flottilla, siamo con voi&#8221;<\/b>. Abbiamo scattato una grande foto panoramica per poterla postare sui social, per far arrivare il nostro messaggio e non lasciare soli i nostri fratelli e le nostre sorelle che si sono imbarcati, ancora una volta, con grande coraggio per contrastare un ordine mondiale che non ci appartiene.<\/p>\n<p data-path-to-node=\"9\">Alle 19:00, molti non se la sono sentita di tornare a casa. E allora ancora di corsa, in metropolitana, per raggiungere il corteo che si stava snodando per le vie di Milano. Abbiamo raggiunto la coda a Lima e ci siamo resi conto che c&#8217;erano migliaia di persone a sfilare spontaneamente, in una Milano ancora immersa nelle attivit\u00e0 produttive.<\/p>\n<p data-path-to-node=\"10\">Chiss\u00e0 se stasera qualche telegiornale ci parler\u00e0 di ci\u00f2 che \u00e8 accaduto oggi a Milano per rispondere ai soprusi del governo israeliano.<\/p>\n<p data-path-to-node=\"10\">di Angela Masala<\/p>\n","protected":false},"excerpt":{"rendered":"<p>Stamattina, chi \u00e8 andato a letto prima di mezzanotte si \u00e8 svegliato con l&#8217;ennesima brutta notizia arrivata da Israele \u2014 ancora una volta dal governo Netanyahu, cosiddetto democratico: la flotilla \u00e8 stata attaccata vicino alle coste greche, in acque internazionali.&hellip;<\/p>\n","protected":false},"author":1722,"featured_media":2696889,"comment_status":"closed","ping_status":"closed","sticky":false,"template":"","format":"standard","meta":{"footnotes":""},"categories":[11388,60,52,57],"tags":[154585,142115,318,286],"class_list":["post-2696887","post","type-post","status-publish","format-standard","has-post-thumbnail","hentry","category-contenuti-originali","category-diritti-umani","category-medio-oriente","category-affari-esteri","tag-flotilla-per-gaza","tag-flottilla","tag-manifestazione","tag-milano"],"yoast_head":"<!-- This site is optimized with the Yoast SEO plugin v27.1.1 - https:\/\/yoast.com\/product\/yoast-seo-wordpress\/ -->\n<title>La Flotilla di terra risponde alla chiamata. Milano c&#039;\u00e8<\/title>\n<meta name=\"description\" content=\"Stamattina, chi \u00e8 andato a letto prima di mezzanotte si \u00e8 svegliato con l&#039;ennesima brutta notizia arrivata da Israele \u2014 ancora una volta dal governo\" \/>\n<meta name=\"robots\" content=\"index, follow, max-snippet:-1, max-image-preview:large, max-video-preview:-1\" \/>\n<link rel=\"canonical\" href=\"https:\/\/www.pressenza.com\/it\/2026\/04\/la-flotilla-di-terra-risponde-alla-chiamata\/\" \/>\n<meta property=\"og:locale\" content=\"it_IT\" \/>\n<meta property=\"og:type\" content=\"article\" \/>\n<meta property=\"og:title\" content=\"La Flotilla di terra risponde alla chiamata. Milano c&#039;\u00e8\" \/>\n<meta property=\"og:description\" content=\"Stamattina, chi \u00e8 andato a letto prima di mezzanotte si \u00e8 svegliato con l&#039;ennesima brutta notizia arrivata da Israele \u2014 ancora una volta dal governo\" \/>\n<meta property=\"og:url\" content=\"https:\/\/www.pressenza.com\/it\/2026\/04\/la-flotilla-di-terra-risponde-alla-chiamata\/\" \/>\n<meta property=\"og:site_name\" content=\"Pressenza\" \/>\n<meta property=\"article:publisher\" content=\"https:\/\/www.facebook.com\/PressenzaItalia\" \/>\n<meta property=\"article:published_time\" content=\"2026-04-30T20:55:53+00:00\" \/>\n<meta property=\"article:modified_time\" content=\"2026-04-30T21:12:20+00:00\" \/>\n<meta property=\"og:image\" content=\"https:\/\/www.pressenza.com\/wp-content\/uploads\/2026\/04\/presidio-Milano-300426.jpeg\" \/>\n\t<meta property=\"og:image:width\" content=\"1318\" \/>\n\t<meta property=\"og:image:height\" content=\"977\" \/>\n\t<meta property=\"og:image:type\" content=\"image\/jpeg\" \/>\n<meta name=\"author\" content=\"Redazione Milano\" \/>\n<meta name=\"twitter:card\" content=\"summary_large_image\" \/>\n<meta name=\"twitter:creator\" content=\"@PressenzaIPA\" \/>\n<meta name=\"twitter:site\" content=\"@PressenzaIPA\" \/>\n<meta name=\"twitter:label1\" content=\"Scritto da\" \/>\n\t<meta name=\"twitter:data1\" content=\"Redazione Milano\" \/>\n\t<meta name=\"twitter:label2\" content=\"Tempo di lettura stimato\" \/>\n\t<meta name=\"twitter:data2\" content=\"3 minuti\" \/>\n<script type=\"application\/ld+json\" class=\"yoast-schema-graph\">{\"@context\":\"https:\/\/schema.org\",\"@graph\":[{\"@type\":\"Article\",\"@id\":\"https:\/\/www.pressenza.com\/it\/2026\/04\/la-flotilla-di-terra-risponde-alla-chiamata\/#article\",\"isPartOf\":{\"@id\":\"https:\/\/www.pressenza.com\/it\/2026\/04\/la-flotilla-di-terra-risponde-alla-chiamata\/\"},\"author\":{\"name\":\"Redazione Milano\",\"@id\":\"https:\/\/www.pressenza.com\/it\/#\/schema\/person\/746fc8cdd6c8e3d918fb5714b3583e41\"},\"headline\":\"La Flotilla di terra risponde alla chiamata. Milano c&#8217;\u00e8\",\"datePublished\":\"2026-04-30T20:55:53+00:00\",\"dateModified\":\"2026-04-30T21:12:20+00:00\",\"mainEntityOfPage\":{\"@id\":\"https:\/\/www.pressenza.com\/it\/2026\/04\/la-flotilla-di-terra-risponde-alla-chiamata\/\"},\"wordCount\":535,\"publisher\":{\"@id\":\"https:\/\/www.pressenza.com\/it\/#organization\"},\"image\":{\"@id\":\"https:\/\/www.pressenza.com\/it\/2026\/04\/la-flotilla-di-terra-risponde-alla-chiamata\/#primaryimage\"},\"thumbnailUrl\":\"https:\/\/www.pressenza.com\/wp-content\/uploads\/2026\/04\/presidio-Milano-300426.jpeg\",\"keywords\":[\"Flotilla per Gaza\",\"Flottilla\",\"manifestazione\",\"Milano\"],\"articleSection\":[\"contenuti originali\",\"Diritti Umani\",\"Medio Oriente\",\"Questioni internazionali\"],\"inLanguage\":\"it-IT\"},{\"@type\":\"WebPage\",\"@id\":\"https:\/\/www.pressenza.com\/it\/2026\/04\/la-flotilla-di-terra-risponde-alla-chiamata\/\",\"url\":\"https:\/\/www.pressenza.com\/it\/2026\/04\/la-flotilla-di-terra-risponde-alla-chiamata\/\",\"name\":\"La Flotilla di terra risponde alla chiamata. Milano c'\u00e8\",\"isPartOf\":{\"@id\":\"https:\/\/www.pressenza.com\/it\/#website\"},\"primaryImageOfPage\":{\"@id\":\"https:\/\/www.pressenza.com\/it\/2026\/04\/la-flotilla-di-terra-risponde-alla-chiamata\/#primaryimage\"},\"image\":{\"@id\":\"https:\/\/www.pressenza.com\/it\/2026\/04\/la-flotilla-di-terra-risponde-alla-chiamata\/#primaryimage\"},\"thumbnailUrl\":\"https:\/\/www.pressenza.com\/wp-content\/uploads\/2026\/04\/presidio-Milano-300426.jpeg\",\"datePublished\":\"2026-04-30T20:55:53+00:00\",\"dateModified\":\"2026-04-30T21:12:20+00:00\",\"description\":\"Stamattina, chi \u00e8 andato a letto prima di mezzanotte si \u00e8 svegliato con l'ennesima brutta notizia arrivata da Israele \u2014 ancora una volta dal governo\",\"breadcrumb\":{\"@id\":\"https:\/\/www.pressenza.com\/it\/2026\/04\/la-flotilla-di-terra-risponde-alla-chiamata\/#breadcrumb\"},\"inLanguage\":\"it-IT\",\"potentialAction\":[{\"@type\":\"ReadAction\",\"target\":[\"https:\/\/www.pressenza.com\/it\/2026\/04\/la-flotilla-di-terra-risponde-alla-chiamata\/\"]}]},{\"@type\":\"ImageObject\",\"inLanguage\":\"it-IT\",\"@id\":\"https:\/\/www.pressenza.com\/it\/2026\/04\/la-flotilla-di-terra-risponde-alla-chiamata\/#primaryimage\",\"url\":\"https:\/\/www.pressenza.com\/wp-content\/uploads\/2026\/04\/presidio-Milano-300426.jpeg\",\"contentUrl\":\"https:\/\/www.pressenza.com\/wp-content\/uploads\/2026\/04\/presidio-Milano-300426.jpeg\",\"width\":1318,\"height\":977,\"caption\":\"di Angelo Maffezzoli\"},{\"@type\":\"BreadcrumbList\",\"@id\":\"https:\/\/www.pressenza.com\/it\/2026\/04\/la-flotilla-di-terra-risponde-alla-chiamata\/#breadcrumb\",\"itemListElement\":[{\"@type\":\"ListItem\",\"position\":1,\"name\":\"Accueil\",\"item\":\"https:\/\/www.pressenza.com\/it\/\"},{\"@type\":\"ListItem\",\"position\":2,\"name\":\"La Flotilla di terra risponde alla chiamata. Milano c&#8217;\u00e8\"}]},{\"@type\":\"WebSite\",\"@id\":\"https:\/\/www.pressenza.com\/it\/#website\",\"url\":\"https:\/\/www.pressenza.com\/it\/\",\"name\":\"Pressenza\",\"description\":\"Agenzia di Stampa Internazionale\",\"publisher\":{\"@id\":\"https:\/\/www.pressenza.com\/it\/#organization\"},\"potentialAction\":[{\"@type\":\"SearchAction\",\"target\":{\"@type\":\"EntryPoint\",\"urlTemplate\":\"https:\/\/www.pressenza.com\/it\/?s={search_term_string}\"},\"query-input\":{\"@type\":\"PropertyValueSpecification\",\"valueRequired\":true,\"valueName\":\"search_term_string\"}}],\"inLanguage\":\"it-IT\"},{\"@type\":\"Organization\",\"@id\":\"https:\/\/www.pressenza.com\/it\/#organization\",\"name\":\"Pressenza\",\"url\":\"https:\/\/www.pressenza.com\/it\/\",\"logo\":{\"@type\":\"ImageObject\",\"inLanguage\":\"it-IT\",\"@id\":\"https:\/\/www.pressenza.com\/it\/#\/schema\/logo\/image\/\",\"url\":\"https:\/\/www.pressenza.com\/wp-content\/uploads\/2022\/10\/pressenza_logo_200x200.jpg\",\"contentUrl\":\"https:\/\/www.pressenza.com\/wp-content\/uploads\/2022\/10\/pressenza_logo_200x200.jpg\",\"width\":200,\"height\":200,\"caption\":\"Pressenza\"},\"image\":{\"@id\":\"https:\/\/www.pressenza.com\/it\/#\/schema\/logo\/image\/\"},\"sameAs\":[\"https:\/\/www.facebook.com\/PressenzaItalia\",\"https:\/\/x.com\/PressenzaIPA\"]},{\"@type\":\"Person\",\"@id\":\"https:\/\/www.pressenza.com\/it\/#\/schema\/person\/746fc8cdd6c8e3d918fb5714b3583e41\",\"name\":\"Redazione Milano\",\"description\":\"News from the Pressenza Bureau in Milan, Italy\",\"url\":\"https:\/\/www.pressenza.com\/it\/author\/redazione-milano\/\"}]}<\/script>\n<!-- \/ Yoast SEO plugin. -->","yoast_head_json":{"title":"La Flotilla di terra risponde alla chiamata. Milano c'\u00e8","description":"Stamattina, chi \u00e8 andato a letto prima di mezzanotte si \u00e8 svegliato con l'ennesima brutta notizia arrivata da Israele \u2014 ancora una volta dal governo","robots":{"index":"index","follow":"follow","max-snippet":"max-snippet:-1","max-image-preview":"max-image-preview:large","max-video-preview":"max-video-preview:-1"},"canonical":"https:\/\/www.pressenza.com\/it\/2026\/04\/la-flotilla-di-terra-risponde-alla-chiamata\/","og_locale":"it_IT","og_type":"article","og_title":"La Flotilla di terra risponde alla chiamata. Milano c'\u00e8","og_description":"Stamattina, chi \u00e8 andato a letto prima di mezzanotte si \u00e8 svegliato con l'ennesima brutta notizia arrivata da Israele \u2014 ancora una volta dal governo","og_url":"https:\/\/www.pressenza.com\/it\/2026\/04\/la-flotilla-di-terra-risponde-alla-chiamata\/","og_site_name":"Pressenza","article_publisher":"https:\/\/www.facebook.com\/PressenzaItalia","article_published_time":"2026-04-30T20:55:53+00:00","article_modified_time":"2026-04-30T21:12:20+00:00","og_image":[{"width":1318,"height":977,"url":"https:\/\/www.pressenza.com\/wp-content\/uploads\/2026\/04\/presidio-Milano-300426.jpeg","type":"image\/jpeg"}],"author":"Redazione Milano","twitter_card":"summary_large_image","twitter_creator":"@PressenzaIPA","twitter_site":"@PressenzaIPA","twitter_misc":{"Scritto da":"Redazione Milano","Tempo di lettura stimato":"3 minuti"},"schema":{"@context":"https:\/\/schema.org","@graph":[{"@type":"Article","@id":"https:\/\/www.pressenza.com\/it\/2026\/04\/la-flotilla-di-terra-risponde-alla-chiamata\/#article","isPartOf":{"@id":"https:\/\/www.pressenza.com\/it\/2026\/04\/la-flotilla-di-terra-risponde-alla-chiamata\/"},"author":{"name":"Redazione Milano","@id":"https:\/\/www.pressenza.com\/it\/#\/schema\/person\/746fc8cdd6c8e3d918fb5714b3583e41"},"headline":"La Flotilla di terra risponde alla chiamata. Milano c&#8217;\u00e8","datePublished":"2026-04-30T20:55:53+00:00","dateModified":"2026-04-30T21:12:20+00:00","mainEntityOfPage":{"@id":"https:\/\/www.pressenza.com\/it\/2026\/04\/la-flotilla-di-terra-risponde-alla-chiamata\/"},"wordCount":535,"publisher":{"@id":"https:\/\/www.pressenza.com\/it\/#organization"},"image":{"@id":"https:\/\/www.pressenza.com\/it\/2026\/04\/la-flotilla-di-terra-risponde-alla-chiamata\/#primaryimage"},"thumbnailUrl":"https:\/\/www.pressenza.com\/wp-content\/uploads\/2026\/04\/presidio-Milano-300426.jpeg","keywords":["Flotilla per Gaza","Flottilla","manifestazione","Milano"],"articleSection":["contenuti originali","Diritti Umani","Medio Oriente","Questioni internazionali"],"inLanguage":"it-IT"},{"@type":"WebPage","@id":"https:\/\/www.pressenza.com\/it\/2026\/04\/la-flotilla-di-terra-risponde-alla-chiamata\/","url":"https:\/\/www.pressenza.com\/it\/2026\/04\/la-flotilla-di-terra-risponde-alla-chiamata\/","name":"La Flotilla di terra risponde alla chiamata. Milano c'\u00e8","isPartOf":{"@id":"https:\/\/www.pressenza.com\/it\/#website"},"primaryImageOfPage":{"@id":"https:\/\/www.pressenza.com\/it\/2026\/04\/la-flotilla-di-terra-risponde-alla-chiamata\/#primaryimage"},"image":{"@id":"https:\/\/www.pressenza.com\/it\/2026\/04\/la-flotilla-di-terra-risponde-alla-chiamata\/#primaryimage"},"thumbnailUrl":"https:\/\/www.pressenza.com\/wp-content\/uploads\/2026\/04\/presidio-Milano-300426.jpeg","datePublished":"2026-04-30T20:55:53+00:00","dateModified":"2026-04-30T21:12:20+00:00","description":"Stamattina, chi \u00e8 andato a letto prima di mezzanotte si \u00e8 svegliato con l'ennesima brutta notizia arrivata da Israele \u2014 ancora una volta dal governo","breadcrumb":{"@id":"https:\/\/www.pressenza.com\/it\/2026\/04\/la-flotilla-di-terra-risponde-alla-chiamata\/#breadcrumb"},"inLanguage":"it-IT","potentialAction":[{"@type":"ReadAction","target":["https:\/\/www.pressenza.com\/it\/2026\/04\/la-flotilla-di-terra-risponde-alla-chiamata\/"]}]},{"@type":"ImageObject","inLanguage":"it-IT","@id":"https:\/\/www.pressenza.com\/it\/2026\/04\/la-flotilla-di-terra-risponde-alla-chiamata\/#primaryimage","url":"https:\/\/www.pressenza.com\/wp-content\/uploads\/2026\/04\/presidio-Milano-300426.jpeg","contentUrl":"https:\/\/www.pressenza.com\/wp-content\/uploads\/2026\/04\/presidio-Milano-300426.jpeg","width":1318,"height":977,"caption":"di Angelo Maffezzoli"},{"@type":"BreadcrumbList","@id":"https:\/\/www.pressenza.com\/it\/2026\/04\/la-flotilla-di-terra-risponde-alla-chiamata\/#breadcrumb","itemListElement":[{"@type":"ListItem","position":1,"name":"Accueil","item":"https:\/\/www.pressenza.com\/it\/"},{"@type":"ListItem","position":2,"name":"La Flotilla di terra risponde alla chiamata. Milano c&#8217;\u00e8"}]},{"@type":"WebSite","@id":"https:\/\/www.pressenza.com\/it\/#website","url":"https:\/\/www.pressenza.com\/it\/","name":"Pressenza","description":"Agenzia di Stampa Internazionale","publisher":{"@id":"https:\/\/www.pressenza.com\/it\/#organization"},"potentialAction":[{"@type":"SearchAction","target":{"@type":"EntryPoint","urlTemplate":"https:\/\/www.pressenza.com\/it\/?s={search_term_string}"},"query-input":{"@type":"PropertyValueSpecification","valueRequired":true,"valueName":"search_term_string"}}],"inLanguage":"it-IT"},{"@type":"Organization","@id":"https:\/\/www.pressenza.com\/it\/#organization","name":"Pressenza","url":"https:\/\/www.pressenza.com\/it\/","logo":{"@type":"ImageObject","inLanguage":"it-IT","@id":"https:\/\/www.pressenza.com\/it\/#\/schema\/logo\/image\/","url":"https:\/\/www.pressenza.com\/wp-content\/uploads\/2022\/10\/pressenza_logo_200x200.jpg","contentUrl":"https:\/\/www.pressenza.com\/wp-content\/uploads\/2022\/10\/pressenza_logo_200x200.jpg","width":200,"height":200,"caption":"Pressenza"},"image":{"@id":"https:\/\/www.pressenza.com\/it\/#\/schema\/logo\/image\/"},"sameAs":["https:\/\/www.facebook.com\/PressenzaItalia","https:\/\/x.com\/PressenzaIPA"]},{"@type":"Person","@id":"https:\/\/www.pressenza.com\/it\/#\/schema\/person\/746fc8cdd6c8e3d918fb5714b3583e41","name":"Redazione Milano","description":"News from the Pressenza Bureau in Milan, Italy","url":"https:\/\/www.pressenza.com\/it\/author\/redazione-milano\/"}]}},"place":"","original_article_url":"","_links":{"self":[{"href":"https:\/\/www.pressenza.com\/it\/wp-json\/wp\/v2\/posts\/2696887","targetHints":{"allow":["GET"]}}],"collection":[{"href":"https:\/\/www.pressenza.com\/it\/wp-json\/wp\/v2\/posts"}],"about":[{"href":"https:\/\/www.pressenza.com\/it\/wp-json\/wp\/v2\/types\/post"}],"author":[{"embeddable":true,"href":"https:\/\/www.pressenza.com\/it\/wp-json\/wp\/v2\/users\/1722"}],"replies":[{"embeddable":true,"href":"https:\/\/www.pressenza.com\/it\/wp-json\/wp\/v2\/comments?post=2696887"}],"version-history":[{"count":3,"href":"https:\/\/www.pressenza.com\/it\/wp-json\/wp\/v2\/posts\/2696887\/revisions"}],"predecessor-version":[{"id":2696900,"href":"https:\/\/www.pressenza.com\/it\/wp-json\/wp\/v2\/posts\/2696887\/revisions\/2696900"}],"wp:featuredmedia":[{"embeddable":true,"href":"https:\/\/www.pressenza.com\/it\/wp-json\/wp\/v2\/media\/2696889"}],"wp:attachment":[{"href":"https:\/\/www.pressenza.com\/it\/wp-json\/wp\/v2\/media?parent=2696887"}],"wp:term":[{"taxonomy":"category","embeddable":true,"href":"https:\/\/www.pressenza.com\/it\/wp-json\/wp\/v2\/categories?post=2696887"},{"taxonomy":"post_tag","embeddable":true,"href":"https:\/\/www.pressenza.com\/it\/wp-json\/wp\/v2\/tags?post=2696887"}],"curies":[{"name":"wp","href":"https:\/\/api.w.org\/{rel}","templated":true}]}}