{"id":2696838,"date":"2026-04-30T19:50:36","date_gmt":"2026-04-30T18:50:36","guid":{"rendered":"https:\/\/www.pressenza.com\/?p=2696838"},"modified":"2026-04-30T19:50:36","modified_gmt":"2026-04-30T18:50:36","slug":"aung-san-suu-kyi-la-donna-piu-temuta-dai-generali-e-di-nuovo-libera","status":"publish","type":"post","link":"https:\/\/www.pressenza.com\/it\/2026\/04\/aung-san-suu-kyi-la-donna-piu-temuta-dai-generali-e-di-nuovo-libera\/","title":{"rendered":"Aung San Suu Kyi: la donna pi\u00f9 temuta dai generali \u00e8 di nuovo libera"},"content":{"rendered":"<p><span style=\"font-weight: 400;\">Aung San Suu Kyi, la leader birmana premio Nobel per la Pace, ha qualcosa che i generali non hanno mai avuto: \u00e8 legittimata dal mandato che il popolo le ha conferito per governare il paese. I generali invece non sono mai stati eletti e agli occhi del popolo non hanno alcuna autorit\u00e0 riconosciuta.<\/span><\/p>\n<p><span style=\"font-weight: 400;\">Nel suo primo discorso politico il 26 agosto del 1988, una donna quarantatreenne digiuna di politica che fino a poche settimane prima viveva a Cambridge con il marito e due figli, gettata nella mischia dai capi della rivolta che le chiesero in virt\u00f9 del suo lignaggio come figlia dell\u2019eroe nazionale dell\u2019indipendenza birmana di mettersi a capo della rivoluzione, ebbe l\u2019ardire di definire l&#8217;insurrezione popolare in corso dall\u2019ottobre agosto, la \u201cseconda lotta di indipendenza\u201d e da quel momento entr\u00f2 in politica. Il suo messaggio politico da allora \u00e8 stato di sfidare diligentemente ogni autorit\u00e0 e ordine ingiusto. Incoraggiava le persone ad impegnarsi in una resistenza politica nonviolenta.<\/span><\/p>\n<p><span style=\"font-weight: 400;\">Il suo goal politico \u00e8 sempre stato chiaro e apertamente dichiarato: rovesciare il regime dittatoriale e stabilire un ordine democratico per assicurare uguali diritti e dignit\u00e0 in uno stato confederato.\u00a0 Proprio grazie all\u2019insurrezione generale dell&#8217;agosto 1988 la consapevolezza degli ideali democratici tra i birmani da allora \u00e8 aumentata in modo significativo. Per questa ragione i generali la misero agli arresti domiciliari gi\u00e0 dal 20 luglio 1989. Da allora sono passati pi\u00f9 di trentacinque anni e venti di questi Aung San Suu Kyi li ha passati agli arresti domiciliari se non proprio in prigione come questi ultimi cinque. <\/span><\/p>\n<p><span style=\"font-weight: 400;\">Ma oggi finalmente \u00e8 arrivata la notizia che tutti aspettavamo: questa notte \u00e8 stata liberata e portata in \u201cuna casa\u201d, sicuramente agli arresti domiciliari. Speriamo di avere presto sue notizie.<\/span><\/p>\n","protected":false},"excerpt":{"rendered":"<p>Aung San Suu Kyi, la leader birmana premio Nobel per la Pace, ha qualcosa che i generali non hanno mai avuto: \u00e8 legittimata dal mandato che il popolo le ha conferito per governare il paese. I generali invece non sono&hellip;<\/p>\n","protected":false},"author":1795,"featured_media":994003,"comment_status":"closed","ping_status":"closed","sticky":false,"template":"","format":"standard","meta":{"footnotes":""},"categories":[11388,107392,55],"tags":[6098,1150],"class_list":["post-2696838","post","type-post","status-publish","format-standard","has-post-thumbnail","hentry","category-contenuti-originali","category-noticia-it","category-politica","tag-aung-san-suu-kyi","tag-myanmar"],"yoast_head":"<!-- This site is optimized with the Yoast SEO plugin v27.1.1 - https:\/\/yoast.com\/product\/yoast-seo-wordpress\/ -->\n<title>Aung San Suu Kyi: la donna pi\u00f9 temuta dai generali \u00e8 di nuovo libera<\/title>\n<meta name=\"description\" content=\"Aung San Suu Kyi, la leader birmana premio Nobel per la Pace, ha qualcosa che i generali non hanno mai avuto: \u00e8 legittimata dal mandato che il popolo le\" \/>\n<meta name=\"robots\" content=\"index, follow, max-snippet:-1, max-image-preview:large, max-video-preview:-1\" \/>\n<link rel=\"canonical\" href=\"https:\/\/www.pressenza.com\/it\/2026\/04\/aung-san-suu-kyi-la-donna-piu-temuta-dai-generali-e-di-nuovo-libera\/\" \/>\n<meta property=\"og:locale\" content=\"it_IT\" \/>\n<meta property=\"og:type\" content=\"article\" \/>\n<meta property=\"og:title\" content=\"Aung San Suu Kyi: la donna pi\u00f9 temuta dai generali \u00e8 di nuovo libera\" \/>\n<meta property=\"og:description\" content=\"Aung San Suu Kyi, la leader birmana premio Nobel per la Pace, ha qualcosa che i generali non hanno mai avuto: \u00e8 legittimata dal mandato che il popolo le\" \/>\n<meta property=\"og:url\" content=\"https:\/\/www.pressenza.com\/it\/2026\/04\/aung-san-suu-kyi-la-donna-piu-temuta-dai-generali-e-di-nuovo-libera\/\" \/>\n<meta property=\"og:site_name\" content=\"Pressenza\" \/>\n<meta property=\"article:publisher\" content=\"https:\/\/www.facebook.com\/PressenzaItalia\" \/>\n<meta property=\"article:published_time\" content=\"2026-04-30T18:50:36+00:00\" \/>\n<meta property=\"og:image\" content=\"https:\/\/www.pressenza.com\/wp-content\/uploads\/2019\/12\/Aung_San_Suu_Kyi_31_ott_13_021.jpg\" \/>\n\t<meta property=\"og:image:width\" content=\"1024\" \/>\n\t<meta property=\"og:image:height\" content=\"680\" \/>\n\t<meta property=\"og:image:type\" content=\"image\/jpeg\" \/>\n<meta name=\"author\" content=\"Fiorella Carollo\" \/>\n<meta name=\"twitter:card\" content=\"summary_large_image\" \/>\n<meta name=\"twitter:creator\" content=\"@PressenzaIPA\" \/>\n<meta name=\"twitter:site\" content=\"@PressenzaIPA\" \/>\n<meta name=\"twitter:label1\" content=\"Scritto da\" \/>\n\t<meta name=\"twitter:data1\" content=\"Fiorella Carollo\" \/>\n\t<meta name=\"twitter:label2\" content=\"Tempo di lettura stimato\" \/>\n\t<meta name=\"twitter:data2\" content=\"2 minuti\" \/>\n<script type=\"application\/ld+json\" class=\"yoast-schema-graph\">{\"@context\":\"https:\/\/schema.org\",\"@graph\":[{\"@type\":\"Article\",\"@id\":\"https:\/\/www.pressenza.com\/it\/2026\/04\/aung-san-suu-kyi-la-donna-piu-temuta-dai-generali-e-di-nuovo-libera\/#article\",\"isPartOf\":{\"@id\":\"https:\/\/www.pressenza.com\/it\/2026\/04\/aung-san-suu-kyi-la-donna-piu-temuta-dai-generali-e-di-nuovo-libera\/\"},\"author\":{\"name\":\"Fiorella Carollo\",\"@id\":\"https:\/\/www.pressenza.com\/it\/#\/schema\/person\/84ebf19dce4d902a223619c900b9d714\"},\"headline\":\"Aung San Suu Kyi: la donna pi\u00f9 temuta dai generali \u00e8 di nuovo libera\",\"datePublished\":\"2026-04-30T18:50:36+00:00\",\"mainEntityOfPage\":{\"@id\":\"https:\/\/www.pressenza.com\/it\/2026\/04\/aung-san-suu-kyi-la-donna-piu-temuta-dai-generali-e-di-nuovo-libera\/\"},\"wordCount\":295,\"publisher\":{\"@id\":\"https:\/\/www.pressenza.com\/it\/#organization\"},\"image\":{\"@id\":\"https:\/\/www.pressenza.com\/it\/2026\/04\/aung-san-suu-kyi-la-donna-piu-temuta-dai-generali-e-di-nuovo-libera\/#primaryimage\"},\"thumbnailUrl\":\"https:\/\/www.pressenza.com\/wp-content\/uploads\/2019\/12\/Aung_San_Suu_Kyi_31_ott_13_021.jpg\",\"keywords\":[\"Aung San Suu Kyi\",\"Myanmar\"],\"articleSection\":[\"contenuti originali\",\"Cronaca\",\"Politica\"],\"inLanguage\":\"it-IT\"},{\"@type\":\"WebPage\",\"@id\":\"https:\/\/www.pressenza.com\/it\/2026\/04\/aung-san-suu-kyi-la-donna-piu-temuta-dai-generali-e-di-nuovo-libera\/\",\"url\":\"https:\/\/www.pressenza.com\/it\/2026\/04\/aung-san-suu-kyi-la-donna-piu-temuta-dai-generali-e-di-nuovo-libera\/\",\"name\":\"Aung San Suu Kyi: la donna pi\u00f9 temuta dai generali \u00e8 di nuovo libera\",\"isPartOf\":{\"@id\":\"https:\/\/www.pressenza.com\/it\/#website\"},\"primaryImageOfPage\":{\"@id\":\"https:\/\/www.pressenza.com\/it\/2026\/04\/aung-san-suu-kyi-la-donna-piu-temuta-dai-generali-e-di-nuovo-libera\/#primaryimage\"},\"image\":{\"@id\":\"https:\/\/www.pressenza.com\/it\/2026\/04\/aung-san-suu-kyi-la-donna-piu-temuta-dai-generali-e-di-nuovo-libera\/#primaryimage\"},\"thumbnailUrl\":\"https:\/\/www.pressenza.com\/wp-content\/uploads\/2019\/12\/Aung_San_Suu_Kyi_31_ott_13_021.jpg\",\"datePublished\":\"2026-04-30T18:50:36+00:00\",\"description\":\"Aung San Suu Kyi, la leader birmana premio Nobel per la Pace, ha qualcosa che i generali non hanno mai avuto: \u00e8 legittimata dal mandato che il popolo le\",\"breadcrumb\":{\"@id\":\"https:\/\/www.pressenza.com\/it\/2026\/04\/aung-san-suu-kyi-la-donna-piu-temuta-dai-generali-e-di-nuovo-libera\/#breadcrumb\"},\"inLanguage\":\"it-IT\",\"potentialAction\":[{\"@type\":\"ReadAction\",\"target\":[\"https:\/\/www.pressenza.com\/it\/2026\/04\/aung-san-suu-kyi-la-donna-piu-temuta-dai-generali-e-di-nuovo-libera\/\"]}]},{\"@type\":\"ImageObject\",\"inLanguage\":\"it-IT\",\"@id\":\"https:\/\/www.pressenza.com\/it\/2026\/04\/aung-san-suu-kyi-la-donna-piu-temuta-dai-generali-e-di-nuovo-libera\/#primaryimage\",\"url\":\"https:\/\/www.pressenza.com\/wp-content\/uploads\/2019\/12\/Aung_San_Suu_Kyi_31_ott_13_021.jpg\",\"contentUrl\":\"https:\/\/www.pressenza.com\/wp-content\/uploads\/2019\/12\/Aung_San_Suu_Kyi_31_ott_13_021.jpg\",\"width\":1024,\"height\":680},{\"@type\":\"BreadcrumbList\",\"@id\":\"https:\/\/www.pressenza.com\/it\/2026\/04\/aung-san-suu-kyi-la-donna-piu-temuta-dai-generali-e-di-nuovo-libera\/#breadcrumb\",\"itemListElement\":[{\"@type\":\"ListItem\",\"position\":1,\"name\":\"Accueil\",\"item\":\"https:\/\/www.pressenza.com\/it\/\"},{\"@type\":\"ListItem\",\"position\":2,\"name\":\"Aung San Suu Kyi: la donna pi\u00f9 temuta dai generali \u00e8 di nuovo libera\"}]},{\"@type\":\"WebSite\",\"@id\":\"https:\/\/www.pressenza.com\/it\/#website\",\"url\":\"https:\/\/www.pressenza.com\/it\/\",\"name\":\"Pressenza\",\"description\":\"Agenzia di Stampa Internazionale\",\"publisher\":{\"@id\":\"https:\/\/www.pressenza.com\/it\/#organization\"},\"potentialAction\":[{\"@type\":\"SearchAction\",\"target\":{\"@type\":\"EntryPoint\",\"urlTemplate\":\"https:\/\/www.pressenza.com\/it\/?s={search_term_string}\"},\"query-input\":{\"@type\":\"PropertyValueSpecification\",\"valueRequired\":true,\"valueName\":\"search_term_string\"}}],\"inLanguage\":\"it-IT\"},{\"@type\":\"Organization\",\"@id\":\"https:\/\/www.pressenza.com\/it\/#organization\",\"name\":\"Pressenza\",\"url\":\"https:\/\/www.pressenza.com\/it\/\",\"logo\":{\"@type\":\"ImageObject\",\"inLanguage\":\"it-IT\",\"@id\":\"https:\/\/www.pressenza.com\/it\/#\/schema\/logo\/image\/\",\"url\":\"https:\/\/www.pressenza.com\/wp-content\/uploads\/2022\/10\/pressenza_logo_200x200.jpg\",\"contentUrl\":\"https:\/\/www.pressenza.com\/wp-content\/uploads\/2022\/10\/pressenza_logo_200x200.jpg\",\"width\":200,\"height\":200,\"caption\":\"Pressenza\"},\"image\":{\"@id\":\"https:\/\/www.pressenza.com\/it\/#\/schema\/logo\/image\/\"},\"sameAs\":[\"https:\/\/www.facebook.com\/PressenzaItalia\",\"https:\/\/x.com\/PressenzaIPA\"]},{\"@type\":\"Person\",\"@id\":\"https:\/\/www.pressenza.com\/it\/#\/schema\/person\/84ebf19dce4d902a223619c900b9d714\",\"name\":\"Fiorella Carollo\",\"description\":\"Orientalista, nello specifico nipponista, con una formazione in antropologia, studiosa del pensiero femminista e di cinema delle donne. Ha vissuto a Venezia, Londra, Tokyo, Melbourne, Bali e Roma. Nel 2009 pubblica con il contributo del comune di Venezia la raccolta di recensioni \u201cNuove eroine al cinema. Venti anni di cinema declinato al femminile\u201d. Nel biennio 2014-15 due campagne di crowdfunding finanziano il progetto \u201cI Reportage di Donna Reporter: diamo voce e visibilit\u00e0 alle donne che in Asia stanno cambiando il mondo\u201d. Questi reportage, le interviste e gli articoli scritti per The Bali Times hanno fornito il materiale per un libro di prossima pubblicazione. Il 2019 ha visto l\u2019emergere prepotente della questione climatica a cui dedica il libro \u201cExtinction Rebellion e la rivoluzione climatica\u201d 2020 Multimage. Nel marzo del 2022 grazie ad una campagna di crowdfunding \u00e8 stato pubblicato il libro \u201cDonne tra protesta e attivismo. Ambiente, economia, societ\u00e0\u201d sempre per la casa editrice Multimage di Firenze.\",\"url\":\"https:\/\/www.pressenza.com\/it\/author\/fiorella-carollo\/\"}]}<\/script>\n<!-- \/ Yoast SEO plugin. -->","yoast_head_json":{"title":"Aung San Suu Kyi: la donna pi\u00f9 temuta dai generali \u00e8 di nuovo libera","description":"Aung San Suu Kyi, la leader birmana premio Nobel per la Pace, ha qualcosa che i generali non hanno mai avuto: \u00e8 legittimata dal mandato che il popolo le","robots":{"index":"index","follow":"follow","max-snippet":"max-snippet:-1","max-image-preview":"max-image-preview:large","max-video-preview":"max-video-preview:-1"},"canonical":"https:\/\/www.pressenza.com\/it\/2026\/04\/aung-san-suu-kyi-la-donna-piu-temuta-dai-generali-e-di-nuovo-libera\/","og_locale":"it_IT","og_type":"article","og_title":"Aung San Suu Kyi: la donna pi\u00f9 temuta dai generali \u00e8 di nuovo libera","og_description":"Aung San Suu Kyi, la leader birmana premio Nobel per la Pace, ha qualcosa che i generali non hanno mai avuto: \u00e8 legittimata dal mandato che il popolo le","og_url":"https:\/\/www.pressenza.com\/it\/2026\/04\/aung-san-suu-kyi-la-donna-piu-temuta-dai-generali-e-di-nuovo-libera\/","og_site_name":"Pressenza","article_publisher":"https:\/\/www.facebook.com\/PressenzaItalia","article_published_time":"2026-04-30T18:50:36+00:00","og_image":[{"width":1024,"height":680,"url":"https:\/\/www.pressenza.com\/wp-content\/uploads\/2019\/12\/Aung_San_Suu_Kyi_31_ott_13_021.jpg","type":"image\/jpeg"}],"author":"Fiorella Carollo","twitter_card":"summary_large_image","twitter_creator":"@PressenzaIPA","twitter_site":"@PressenzaIPA","twitter_misc":{"Scritto da":"Fiorella Carollo","Tempo di lettura stimato":"2 minuti"},"schema":{"@context":"https:\/\/schema.org","@graph":[{"@type":"Article","@id":"https:\/\/www.pressenza.com\/it\/2026\/04\/aung-san-suu-kyi-la-donna-piu-temuta-dai-generali-e-di-nuovo-libera\/#article","isPartOf":{"@id":"https:\/\/www.pressenza.com\/it\/2026\/04\/aung-san-suu-kyi-la-donna-piu-temuta-dai-generali-e-di-nuovo-libera\/"},"author":{"name":"Fiorella Carollo","@id":"https:\/\/www.pressenza.com\/it\/#\/schema\/person\/84ebf19dce4d902a223619c900b9d714"},"headline":"Aung San Suu Kyi: la donna pi\u00f9 temuta dai generali \u00e8 di nuovo libera","datePublished":"2026-04-30T18:50:36+00:00","mainEntityOfPage":{"@id":"https:\/\/www.pressenza.com\/it\/2026\/04\/aung-san-suu-kyi-la-donna-piu-temuta-dai-generali-e-di-nuovo-libera\/"},"wordCount":295,"publisher":{"@id":"https:\/\/www.pressenza.com\/it\/#organization"},"image":{"@id":"https:\/\/www.pressenza.com\/it\/2026\/04\/aung-san-suu-kyi-la-donna-piu-temuta-dai-generali-e-di-nuovo-libera\/#primaryimage"},"thumbnailUrl":"https:\/\/www.pressenza.com\/wp-content\/uploads\/2019\/12\/Aung_San_Suu_Kyi_31_ott_13_021.jpg","keywords":["Aung San Suu Kyi","Myanmar"],"articleSection":["contenuti originali","Cronaca","Politica"],"inLanguage":"it-IT"},{"@type":"WebPage","@id":"https:\/\/www.pressenza.com\/it\/2026\/04\/aung-san-suu-kyi-la-donna-piu-temuta-dai-generali-e-di-nuovo-libera\/","url":"https:\/\/www.pressenza.com\/it\/2026\/04\/aung-san-suu-kyi-la-donna-piu-temuta-dai-generali-e-di-nuovo-libera\/","name":"Aung San Suu Kyi: la donna pi\u00f9 temuta dai generali \u00e8 di nuovo libera","isPartOf":{"@id":"https:\/\/www.pressenza.com\/it\/#website"},"primaryImageOfPage":{"@id":"https:\/\/www.pressenza.com\/it\/2026\/04\/aung-san-suu-kyi-la-donna-piu-temuta-dai-generali-e-di-nuovo-libera\/#primaryimage"},"image":{"@id":"https:\/\/www.pressenza.com\/it\/2026\/04\/aung-san-suu-kyi-la-donna-piu-temuta-dai-generali-e-di-nuovo-libera\/#primaryimage"},"thumbnailUrl":"https:\/\/www.pressenza.com\/wp-content\/uploads\/2019\/12\/Aung_San_Suu_Kyi_31_ott_13_021.jpg","datePublished":"2026-04-30T18:50:36+00:00","description":"Aung San Suu Kyi, la leader birmana premio Nobel per la Pace, ha qualcosa che i generali non hanno mai avuto: \u00e8 legittimata dal mandato che il popolo le","breadcrumb":{"@id":"https:\/\/www.pressenza.com\/it\/2026\/04\/aung-san-suu-kyi-la-donna-piu-temuta-dai-generali-e-di-nuovo-libera\/#breadcrumb"},"inLanguage":"it-IT","potentialAction":[{"@type":"ReadAction","target":["https:\/\/www.pressenza.com\/it\/2026\/04\/aung-san-suu-kyi-la-donna-piu-temuta-dai-generali-e-di-nuovo-libera\/"]}]},{"@type":"ImageObject","inLanguage":"it-IT","@id":"https:\/\/www.pressenza.com\/it\/2026\/04\/aung-san-suu-kyi-la-donna-piu-temuta-dai-generali-e-di-nuovo-libera\/#primaryimage","url":"https:\/\/www.pressenza.com\/wp-content\/uploads\/2019\/12\/Aung_San_Suu_Kyi_31_ott_13_021.jpg","contentUrl":"https:\/\/www.pressenza.com\/wp-content\/uploads\/2019\/12\/Aung_San_Suu_Kyi_31_ott_13_021.jpg","width":1024,"height":680},{"@type":"BreadcrumbList","@id":"https:\/\/www.pressenza.com\/it\/2026\/04\/aung-san-suu-kyi-la-donna-piu-temuta-dai-generali-e-di-nuovo-libera\/#breadcrumb","itemListElement":[{"@type":"ListItem","position":1,"name":"Accueil","item":"https:\/\/www.pressenza.com\/it\/"},{"@type":"ListItem","position":2,"name":"Aung San Suu Kyi: la donna pi\u00f9 temuta dai generali \u00e8 di nuovo libera"}]},{"@type":"WebSite","@id":"https:\/\/www.pressenza.com\/it\/#website","url":"https:\/\/www.pressenza.com\/it\/","name":"Pressenza","description":"Agenzia di Stampa Internazionale","publisher":{"@id":"https:\/\/www.pressenza.com\/it\/#organization"},"potentialAction":[{"@type":"SearchAction","target":{"@type":"EntryPoint","urlTemplate":"https:\/\/www.pressenza.com\/it\/?s={search_term_string}"},"query-input":{"@type":"PropertyValueSpecification","valueRequired":true,"valueName":"search_term_string"}}],"inLanguage":"it-IT"},{"@type":"Organization","@id":"https:\/\/www.pressenza.com\/it\/#organization","name":"Pressenza","url":"https:\/\/www.pressenza.com\/it\/","logo":{"@type":"ImageObject","inLanguage":"it-IT","@id":"https:\/\/www.pressenza.com\/it\/#\/schema\/logo\/image\/","url":"https:\/\/www.pressenza.com\/wp-content\/uploads\/2022\/10\/pressenza_logo_200x200.jpg","contentUrl":"https:\/\/www.pressenza.com\/wp-content\/uploads\/2022\/10\/pressenza_logo_200x200.jpg","width":200,"height":200,"caption":"Pressenza"},"image":{"@id":"https:\/\/www.pressenza.com\/it\/#\/schema\/logo\/image\/"},"sameAs":["https:\/\/www.facebook.com\/PressenzaItalia","https:\/\/x.com\/PressenzaIPA"]},{"@type":"Person","@id":"https:\/\/www.pressenza.com\/it\/#\/schema\/person\/84ebf19dce4d902a223619c900b9d714","name":"Fiorella Carollo","description":"Orientalista, nello specifico nipponista, con una formazione in antropologia, studiosa del pensiero femminista e di cinema delle donne. Ha vissuto a Venezia, Londra, Tokyo, Melbourne, Bali e Roma. Nel 2009 pubblica con il contributo del comune di Venezia la raccolta di recensioni \u201cNuove eroine al cinema. Venti anni di cinema declinato al femminile\u201d. Nel biennio 2014-15 due campagne di crowdfunding finanziano il progetto \u201cI Reportage di Donna Reporter: diamo voce e visibilit\u00e0 alle donne che in Asia stanno cambiando il mondo\u201d. Questi reportage, le interviste e gli articoli scritti per The Bali Times hanno fornito il materiale per un libro di prossima pubblicazione. Il 2019 ha visto l\u2019emergere prepotente della questione climatica a cui dedica il libro \u201cExtinction Rebellion e la rivoluzione climatica\u201d 2020 Multimage. Nel marzo del 2022 grazie ad una campagna di crowdfunding \u00e8 stato pubblicato il libro \u201cDonne tra protesta e attivismo. Ambiente, economia, societ\u00e0\u201d sempre per la casa editrice Multimage di Firenze.","url":"https:\/\/www.pressenza.com\/it\/author\/fiorella-carollo\/"}]}},"place":"","original_article_url":"","_links":{"self":[{"href":"https:\/\/www.pressenza.com\/it\/wp-json\/wp\/v2\/posts\/2696838","targetHints":{"allow":["GET"]}}],"collection":[{"href":"https:\/\/www.pressenza.com\/it\/wp-json\/wp\/v2\/posts"}],"about":[{"href":"https:\/\/www.pressenza.com\/it\/wp-json\/wp\/v2\/types\/post"}],"author":[{"embeddable":true,"href":"https:\/\/www.pressenza.com\/it\/wp-json\/wp\/v2\/users\/1795"}],"replies":[{"embeddable":true,"href":"https:\/\/www.pressenza.com\/it\/wp-json\/wp\/v2\/comments?post=2696838"}],"version-history":[{"count":1,"href":"https:\/\/www.pressenza.com\/it\/wp-json\/wp\/v2\/posts\/2696838\/revisions"}],"predecessor-version":[{"id":2696846,"href":"https:\/\/www.pressenza.com\/it\/wp-json\/wp\/v2\/posts\/2696838\/revisions\/2696846"}],"wp:featuredmedia":[{"embeddable":true,"href":"https:\/\/www.pressenza.com\/it\/wp-json\/wp\/v2\/media\/994003"}],"wp:attachment":[{"href":"https:\/\/www.pressenza.com\/it\/wp-json\/wp\/v2\/media?parent=2696838"}],"wp:term":[{"taxonomy":"category","embeddable":true,"href":"https:\/\/www.pressenza.com\/it\/wp-json\/wp\/v2\/categories?post=2696838"},{"taxonomy":"post_tag","embeddable":true,"href":"https:\/\/www.pressenza.com\/it\/wp-json\/wp\/v2\/tags?post=2696838"}],"curies":[{"name":"wp","href":"https:\/\/api.w.org\/{rel}","templated":true}]}}