{"id":2696831,"date":"2026-04-30T19:06:33","date_gmt":"2026-04-30T18:06:33","guid":{"rendered":"https:\/\/www.pressenza.com\/?p=2696831"},"modified":"2026-04-30T19:06:33","modified_gmt":"2026-04-30T18:06:33","slug":"clima-responsabilita-e-partecipazione-la-giornata-della-terra-alla-biblioteca-della-nonviolenza-di-san-lorenzo","status":"publish","type":"post","link":"https:\/\/www.pressenza.com\/it\/2026\/04\/clima-responsabilita-e-partecipazione-la-giornata-della-terra-alla-biblioteca-della-nonviolenza-di-san-lorenzo\/","title":{"rendered":"Clima, responsabilit\u00e0 e partecipazione: la Giornata della Terra alla Biblioteca della Nonviolenza di San Lorenzo"},"content":{"rendered":"<p>Mercoled\u00ec 22 aprile, in occasione della Giornata Mondiale della Terra, presso la Biblioteca della Nonviolenza, con sede in via dei Latini 12\/14 a Roma, si \u00e8 tenuto un momento di riflessione e confronto sulle tematiche ambientali, sull\u2019attivismo e sulle azioni nonviolente portate avanti dagli attivisti di Ultima Generazione. Nel corso della serata \u00e8 stato presentato il documentario \u201cCome se non ci fosse un domani\u201d, dedicato all\u2019esperienza degli attivisti del movimento e alle motivazioni che guidano il loro impegno in difesa del clima. L\u2019incontro, organizzato nell\u2019ambito del club del libro della biblioteca, ha rappresentato un\u2019occasione di approfondimento sui temi della sostenibilit\u00e0, della partecipazione sociale e della responsabilit\u00e0 collettiva di fronte alla crisi climatica.<\/p>\n<p>La serata \u00e8 iniziata con un momento di confronto con Beatrice, una delle attiviste protagoniste del documentario, con cui \u00e8 stato aperto un dialogo sulla giustizia intergenerazionale e sull\u2019irreversibilit\u00e0 dei limiti planetari a partire da alcuni estratti del libro Ecologia e libert\u00e0 di Andr\u00e9 Gorz, scelto appositamente per l\u2019evento e considerato particolarmente anticipatore rispetto a molte delle questioni ecologiche oggi al centro del dibattito pubblico. Le riflessioni, legate alla sua esperienza di attivismo e alla sua sensibilit\u00e0 sul tema, hanno introdotto la proiezione, creando un ponte tra elaborazione teorica e testimonianza diretta.<\/p>\n<p>La proiezione \u00e8 stata poi seguita da un ulteriore momento di confronto con un\u2019altra delle protagoniste del documentario, Chlo\u00e9, che ha condiviso con il pubblico la propria esperienza personale, soffermandosi sulle difficolt\u00e0 e sulle implicazioni dell\u2019attivismo ambientale nel contesto contemporaneo. Il dialogo ha favorito una riflessione condivisa sul rapporto tra crisi climatica, disobbedienza civile e consapevolezza collettiva, mettendo in evidenza il ruolo della cittadinanza attiva nella costruzione di una giustizia ambientale intergenerazionale.<\/p>\n<p>Il pomeriggio ha rappresentato un\u2019occasione in cui letteratura, cinema e attivismo si sono intrecciati, creando uno spazio di confronto e approfondimento sui temi della crisi climatica. Attraverso il dialogo tra letture, immagini e testimonianze dirette, l\u2019incontro ha sottolineato l\u2019importanza di continuare a riflettere collettivamente sulle trasformazioni ambientali in corso e sulla necessit\u00e0 di sviluppare una maggiore consapevolezza ecologica e sociale.<\/p>\n<div class=\"post-gallery\">\n\t\t\t<figure class=\"post-gallery-item\">\n\t\t\t\t<img decoding=\"async\" src=\"https:\/\/www.pressenza.com\/wp-content\/uploads\/2026\/04\/giornata-della-Terra-Biblioteca-Nonviolenza-05-820x615.jpeg\" loading=\"lazy\">\n\t\t\t\t<figcaption>\n\t\t\t\t\t\n\t\t\t\t<\/figcaption>\n\t\t\t<\/figure>\n\t\t\t<figure class=\"post-gallery-item\">\n\t\t\t\t<img decoding=\"async\" src=\"https:\/\/www.pressenza.com\/wp-content\/uploads\/2026\/04\/giornata-della-Terra-Biblioteca-Nonviolenza-01-820x445.jpeg\" loading=\"lazy\">\n\t\t\t\t<figcaption>\n\t\t\t\t\t\n\t\t\t\t<\/figcaption>\n\t\t\t<\/figure>\n\t\t\t<figure class=\"post-gallery-item\">\n\t\t\t\t<img decoding=\"async\" src=\"https:\/\/www.pressenza.com\/wp-content\/uploads\/2026\/04\/giornata-della-Terra-Biblioteca-Nonviolenza-04-820x615.jpeg\" loading=\"lazy\">\n\t\t\t\t<figcaption>\n\t\t\t\t\t\n\t\t\t\t<\/figcaption>\n\t\t\t<\/figure>\n\t\t\t<figure class=\"post-gallery-item\">\n\t\t\t\t<img decoding=\"async\" src=\"https:\/\/www.pressenza.com\/wp-content\/uploads\/2026\/04\/giornata-della-Terra-Biblioteca-Nonviolenza-03-820x615.jpeg\" loading=\"lazy\">\n\t\t\t\t<figcaption>\n\t\t\t\t\t\n\t\t\t\t<\/figcaption>\n\t\t\t<\/figure>\n\t\t\t<figure class=\"post-gallery-item\">\n\t\t\t\t<img decoding=\"async\" src=\"https:\/\/www.pressenza.com\/wp-content\/uploads\/2026\/04\/giornata-della-Terra-Biblioteca-Nonviolenza-02-820x615.jpeg\" loading=\"lazy\">\n\t\t\t\t<figcaption>\n\t\t\t\t\t\n\t\t\t\t<\/figcaption>\n\t\t\t<\/figure><\/div>\n","protected":false},"excerpt":{"rendered":"<p>Mercoled\u00ec 22 aprile, in occasione della Giornata Mondiale della Terra, presso la Biblioteca della Nonviolenza, con sede in via dei Latini 12\/14 a Roma, si \u00e8 tenuto un momento di riflessione e confronto sulle tematiche ambientali, sull\u2019attivismo e sulle azioni&hellip;<\/p>\n","protected":false},"author":2558,"featured_media":2696835,"comment_status":"closed","ping_status":"closed","sticky":false,"template":"","format":"standard","meta":{"footnotes":""},"categories":[107392,59],"tags":[117804,10123,3873,97370],"class_list":["post-2696831","post","type-post","status-publish","format-standard","has-post-thumbnail","hentry","category-noticia-it","category-ambiente-ecologia","tag-biblioteca-della-nonviolenza","tag-giornata-della-terra","tag-roma","tag-ultima-generazione"],"yoast_head":"<!-- This site is optimized with the Yoast SEO plugin v27.1.1 - https:\/\/yoast.com\/product\/yoast-seo-wordpress\/ -->\n<title>Clima, responsabilit\u00e0 e partecipazione: la Giornata della Terra alla Biblioteca della Nonviolenza di San Lorenzo<\/title>\n<meta name=\"description\" content=\"Mercoled\u00ec 22 aprile, in occasione della Giornata Mondiale della Terra, presso la Biblioteca della Nonviolenza, con sede in via dei Latini 12\/14 a Roma, si\" \/>\n<meta name=\"robots\" content=\"index, follow, max-snippet:-1, max-image-preview:large, max-video-preview:-1\" \/>\n<link rel=\"canonical\" href=\"https:\/\/www.pressenza.com\/it\/2026\/04\/clima-responsabilita-e-partecipazione-la-giornata-della-terra-alla-biblioteca-della-nonviolenza-di-san-lorenzo\/\" \/>\n<meta property=\"og:locale\" content=\"it_IT\" \/>\n<meta property=\"og:type\" content=\"article\" \/>\n<meta property=\"og:title\" content=\"Clima, responsabilit\u00e0 e partecipazione: la Giornata della Terra alla Biblioteca della Nonviolenza di San Lorenzo\" \/>\n<meta property=\"og:description\" content=\"Mercoled\u00ec 22 aprile, in occasione della Giornata Mondiale della Terra, presso la Biblioteca della Nonviolenza, con sede in via dei Latini 12\/14 a Roma, si\" \/>\n<meta property=\"og:url\" content=\"https:\/\/www.pressenza.com\/it\/2026\/04\/clima-responsabilita-e-partecipazione-la-giornata-della-terra-alla-biblioteca-della-nonviolenza-di-san-lorenzo\/\" \/>\n<meta property=\"og:site_name\" content=\"Pressenza\" \/>\n<meta property=\"article:publisher\" content=\"https:\/\/www.facebook.com\/PressenzaItalia\" \/>\n<meta property=\"article:published_time\" content=\"2026-04-30T18:06:33+00:00\" \/>\n<meta property=\"og:image\" content=\"https:\/\/www.pressenza.com\/wp-content\/uploads\/2026\/04\/giornata-della-Terra-Biblioteca-Nonviolenza-03.jpeg\" \/>\n\t<meta property=\"og:image:width\" content=\"2048\" \/>\n\t<meta property=\"og:image:height\" content=\"1536\" \/>\n\t<meta property=\"og:image:type\" content=\"image\/jpeg\" \/>\n<meta name=\"author\" content=\"Francesca De Vito\" \/>\n<meta name=\"twitter:card\" content=\"summary_large_image\" \/>\n<meta name=\"twitter:creator\" content=\"@PressenzaIPA\" \/>\n<meta name=\"twitter:site\" content=\"@PressenzaIPA\" \/>\n<meta name=\"twitter:label1\" content=\"Scritto da\" \/>\n\t<meta name=\"twitter:data1\" content=\"Francesca De Vito\" \/>\n\t<meta name=\"twitter:label2\" content=\"Tempo di lettura stimato\" \/>\n\t<meta name=\"twitter:data2\" content=\"2 minuti\" \/>\n<script type=\"application\/ld+json\" class=\"yoast-schema-graph\">{\"@context\":\"https:\/\/schema.org\",\"@graph\":[{\"@type\":\"Article\",\"@id\":\"https:\/\/www.pressenza.com\/it\/2026\/04\/clima-responsabilita-e-partecipazione-la-giornata-della-terra-alla-biblioteca-della-nonviolenza-di-san-lorenzo\/#article\",\"isPartOf\":{\"@id\":\"https:\/\/www.pressenza.com\/it\/2026\/04\/clima-responsabilita-e-partecipazione-la-giornata-della-terra-alla-biblioteca-della-nonviolenza-di-san-lorenzo\/\"},\"author\":{\"name\":\"Francesca De Vito\",\"@id\":\"https:\/\/www.pressenza.com\/it\/#\/schema\/person\/f823f006d9ce0d421fecc47006a4ff6f\"},\"headline\":\"Clima, responsabilit\u00e0 e partecipazione: la Giornata della Terra alla Biblioteca della Nonviolenza di San Lorenzo\",\"datePublished\":\"2026-04-30T18:06:33+00:00\",\"mainEntityOfPage\":{\"@id\":\"https:\/\/www.pressenza.com\/it\/2026\/04\/clima-responsabilita-e-partecipazione-la-giornata-della-terra-alla-biblioteca-della-nonviolenza-di-san-lorenzo\/\"},\"wordCount\":358,\"publisher\":{\"@id\":\"https:\/\/www.pressenza.com\/it\/#organization\"},\"image\":{\"@id\":\"https:\/\/www.pressenza.com\/it\/2026\/04\/clima-responsabilita-e-partecipazione-la-giornata-della-terra-alla-biblioteca-della-nonviolenza-di-san-lorenzo\/#primaryimage\"},\"thumbnailUrl\":\"https:\/\/www.pressenza.com\/wp-content\/uploads\/2026\/04\/giornata-della-Terra-Biblioteca-Nonviolenza-03.jpeg\",\"keywords\":[\"Biblioteca della nonviolenza\",\"Giornata della Terra\",\"Roma\",\"Ultima Generazione\"],\"articleSection\":[\"Cronaca\",\"Ecologia ed Ambiente\"],\"inLanguage\":\"it-IT\"},{\"@type\":\"WebPage\",\"@id\":\"https:\/\/www.pressenza.com\/it\/2026\/04\/clima-responsabilita-e-partecipazione-la-giornata-della-terra-alla-biblioteca-della-nonviolenza-di-san-lorenzo\/\",\"url\":\"https:\/\/www.pressenza.com\/it\/2026\/04\/clima-responsabilita-e-partecipazione-la-giornata-della-terra-alla-biblioteca-della-nonviolenza-di-san-lorenzo\/\",\"name\":\"Clima, responsabilit\u00e0 e partecipazione: la Giornata della Terra alla Biblioteca della Nonviolenza di San Lorenzo\",\"isPartOf\":{\"@id\":\"https:\/\/www.pressenza.com\/it\/#website\"},\"primaryImageOfPage\":{\"@id\":\"https:\/\/www.pressenza.com\/it\/2026\/04\/clima-responsabilita-e-partecipazione-la-giornata-della-terra-alla-biblioteca-della-nonviolenza-di-san-lorenzo\/#primaryimage\"},\"image\":{\"@id\":\"https:\/\/www.pressenza.com\/it\/2026\/04\/clima-responsabilita-e-partecipazione-la-giornata-della-terra-alla-biblioteca-della-nonviolenza-di-san-lorenzo\/#primaryimage\"},\"thumbnailUrl\":\"https:\/\/www.pressenza.com\/wp-content\/uploads\/2026\/04\/giornata-della-Terra-Biblioteca-Nonviolenza-03.jpeg\",\"datePublished\":\"2026-04-30T18:06:33+00:00\",\"description\":\"Mercoled\u00ec 22 aprile, in occasione della Giornata Mondiale della Terra, presso la Biblioteca della Nonviolenza, con sede in via dei Latini 12\/14 a Roma, si\",\"breadcrumb\":{\"@id\":\"https:\/\/www.pressenza.com\/it\/2026\/04\/clima-responsabilita-e-partecipazione-la-giornata-della-terra-alla-biblioteca-della-nonviolenza-di-san-lorenzo\/#breadcrumb\"},\"inLanguage\":\"it-IT\",\"potentialAction\":[{\"@type\":\"ReadAction\",\"target\":[\"https:\/\/www.pressenza.com\/it\/2026\/04\/clima-responsabilita-e-partecipazione-la-giornata-della-terra-alla-biblioteca-della-nonviolenza-di-san-lorenzo\/\"]}]},{\"@type\":\"ImageObject\",\"inLanguage\":\"it-IT\",\"@id\":\"https:\/\/www.pressenza.com\/it\/2026\/04\/clima-responsabilita-e-partecipazione-la-giornata-della-terra-alla-biblioteca-della-nonviolenza-di-san-lorenzo\/#primaryimage\",\"url\":\"https:\/\/www.pressenza.com\/wp-content\/uploads\/2026\/04\/giornata-della-Terra-Biblioteca-Nonviolenza-03.jpeg\",\"contentUrl\":\"https:\/\/www.pressenza.com\/wp-content\/uploads\/2026\/04\/giornata-della-Terra-Biblioteca-Nonviolenza-03.jpeg\",\"width\":2048,\"height\":1536},{\"@type\":\"BreadcrumbList\",\"@id\":\"https:\/\/www.pressenza.com\/it\/2026\/04\/clima-responsabilita-e-partecipazione-la-giornata-della-terra-alla-biblioteca-della-nonviolenza-di-san-lorenzo\/#breadcrumb\",\"itemListElement\":[{\"@type\":\"ListItem\",\"position\":1,\"name\":\"Accueil\",\"item\":\"https:\/\/www.pressenza.com\/it\/\"},{\"@type\":\"ListItem\",\"position\":2,\"name\":\"Clima, responsabilit\u00e0 e partecipazione: la Giornata della Terra alla Biblioteca della Nonviolenza di San Lorenzo\"}]},{\"@type\":\"WebSite\",\"@id\":\"https:\/\/www.pressenza.com\/it\/#website\",\"url\":\"https:\/\/www.pressenza.com\/it\/\",\"name\":\"Pressenza\",\"description\":\"Agenzia di Stampa Internazionale\",\"publisher\":{\"@id\":\"https:\/\/www.pressenza.com\/it\/#organization\"},\"potentialAction\":[{\"@type\":\"SearchAction\",\"target\":{\"@type\":\"EntryPoint\",\"urlTemplate\":\"https:\/\/www.pressenza.com\/it\/?s={search_term_string}\"},\"query-input\":{\"@type\":\"PropertyValueSpecification\",\"valueRequired\":true,\"valueName\":\"search_term_string\"}}],\"inLanguage\":\"it-IT\"},{\"@type\":\"Organization\",\"@id\":\"https:\/\/www.pressenza.com\/it\/#organization\",\"name\":\"Pressenza\",\"url\":\"https:\/\/www.pressenza.com\/it\/\",\"logo\":{\"@type\":\"ImageObject\",\"inLanguage\":\"it-IT\",\"@id\":\"https:\/\/www.pressenza.com\/it\/#\/schema\/logo\/image\/\",\"url\":\"https:\/\/www.pressenza.com\/wp-content\/uploads\/2022\/10\/pressenza_logo_200x200.jpg\",\"contentUrl\":\"https:\/\/www.pressenza.com\/wp-content\/uploads\/2022\/10\/pressenza_logo_200x200.jpg\",\"width\":200,\"height\":200,\"caption\":\"Pressenza\"},\"image\":{\"@id\":\"https:\/\/www.pressenza.com\/it\/#\/schema\/logo\/image\/\"},\"sameAs\":[\"https:\/\/www.facebook.com\/PressenzaItalia\",\"https:\/\/x.com\/PressenzaIPA\"]},{\"@type\":\"Person\",\"@id\":\"https:\/\/www.pressenza.com\/it\/#\/schema\/person\/f823f006d9ce0d421fecc47006a4ff6f\",\"name\":\"Francesca De Vito\",\"url\":\"https:\/\/www.pressenza.com\/it\/author\/francesca-de-vito\/\"}]}<\/script>\n<!-- \/ Yoast SEO plugin. -->","yoast_head_json":{"title":"Clima, responsabilit\u00e0 e partecipazione: la Giornata della Terra alla Biblioteca della Nonviolenza di San Lorenzo","description":"Mercoled\u00ec 22 aprile, in occasione della Giornata Mondiale della Terra, presso la Biblioteca della Nonviolenza, con sede in via dei Latini 12\/14 a Roma, si","robots":{"index":"index","follow":"follow","max-snippet":"max-snippet:-1","max-image-preview":"max-image-preview:large","max-video-preview":"max-video-preview:-1"},"canonical":"https:\/\/www.pressenza.com\/it\/2026\/04\/clima-responsabilita-e-partecipazione-la-giornata-della-terra-alla-biblioteca-della-nonviolenza-di-san-lorenzo\/","og_locale":"it_IT","og_type":"article","og_title":"Clima, responsabilit\u00e0 e partecipazione: la Giornata della Terra alla Biblioteca della Nonviolenza di San Lorenzo","og_description":"Mercoled\u00ec 22 aprile, in occasione della Giornata Mondiale della Terra, presso la Biblioteca della Nonviolenza, con sede in via dei Latini 12\/14 a Roma, si","og_url":"https:\/\/www.pressenza.com\/it\/2026\/04\/clima-responsabilita-e-partecipazione-la-giornata-della-terra-alla-biblioteca-della-nonviolenza-di-san-lorenzo\/","og_site_name":"Pressenza","article_publisher":"https:\/\/www.facebook.com\/PressenzaItalia","article_published_time":"2026-04-30T18:06:33+00:00","og_image":[{"width":2048,"height":1536,"url":"https:\/\/www.pressenza.com\/wp-content\/uploads\/2026\/04\/giornata-della-Terra-Biblioteca-Nonviolenza-03.jpeg","type":"image\/jpeg"}],"author":"Francesca De Vito","twitter_card":"summary_large_image","twitter_creator":"@PressenzaIPA","twitter_site":"@PressenzaIPA","twitter_misc":{"Scritto da":"Francesca De Vito","Tempo di lettura stimato":"2 minuti"},"schema":{"@context":"https:\/\/schema.org","@graph":[{"@type":"Article","@id":"https:\/\/www.pressenza.com\/it\/2026\/04\/clima-responsabilita-e-partecipazione-la-giornata-della-terra-alla-biblioteca-della-nonviolenza-di-san-lorenzo\/#article","isPartOf":{"@id":"https:\/\/www.pressenza.com\/it\/2026\/04\/clima-responsabilita-e-partecipazione-la-giornata-della-terra-alla-biblioteca-della-nonviolenza-di-san-lorenzo\/"},"author":{"name":"Francesca De Vito","@id":"https:\/\/www.pressenza.com\/it\/#\/schema\/person\/f823f006d9ce0d421fecc47006a4ff6f"},"headline":"Clima, responsabilit\u00e0 e partecipazione: la Giornata della Terra alla Biblioteca della Nonviolenza di San Lorenzo","datePublished":"2026-04-30T18:06:33+00:00","mainEntityOfPage":{"@id":"https:\/\/www.pressenza.com\/it\/2026\/04\/clima-responsabilita-e-partecipazione-la-giornata-della-terra-alla-biblioteca-della-nonviolenza-di-san-lorenzo\/"},"wordCount":358,"publisher":{"@id":"https:\/\/www.pressenza.com\/it\/#organization"},"image":{"@id":"https:\/\/www.pressenza.com\/it\/2026\/04\/clima-responsabilita-e-partecipazione-la-giornata-della-terra-alla-biblioteca-della-nonviolenza-di-san-lorenzo\/#primaryimage"},"thumbnailUrl":"https:\/\/www.pressenza.com\/wp-content\/uploads\/2026\/04\/giornata-della-Terra-Biblioteca-Nonviolenza-03.jpeg","keywords":["Biblioteca della nonviolenza","Giornata della Terra","Roma","Ultima Generazione"],"articleSection":["Cronaca","Ecologia ed Ambiente"],"inLanguage":"it-IT"},{"@type":"WebPage","@id":"https:\/\/www.pressenza.com\/it\/2026\/04\/clima-responsabilita-e-partecipazione-la-giornata-della-terra-alla-biblioteca-della-nonviolenza-di-san-lorenzo\/","url":"https:\/\/www.pressenza.com\/it\/2026\/04\/clima-responsabilita-e-partecipazione-la-giornata-della-terra-alla-biblioteca-della-nonviolenza-di-san-lorenzo\/","name":"Clima, responsabilit\u00e0 e partecipazione: la Giornata della Terra alla Biblioteca della Nonviolenza di San Lorenzo","isPartOf":{"@id":"https:\/\/www.pressenza.com\/it\/#website"},"primaryImageOfPage":{"@id":"https:\/\/www.pressenza.com\/it\/2026\/04\/clima-responsabilita-e-partecipazione-la-giornata-della-terra-alla-biblioteca-della-nonviolenza-di-san-lorenzo\/#primaryimage"},"image":{"@id":"https:\/\/www.pressenza.com\/it\/2026\/04\/clima-responsabilita-e-partecipazione-la-giornata-della-terra-alla-biblioteca-della-nonviolenza-di-san-lorenzo\/#primaryimage"},"thumbnailUrl":"https:\/\/www.pressenza.com\/wp-content\/uploads\/2026\/04\/giornata-della-Terra-Biblioteca-Nonviolenza-03.jpeg","datePublished":"2026-04-30T18:06:33+00:00","description":"Mercoled\u00ec 22 aprile, in occasione della Giornata Mondiale della Terra, presso la Biblioteca della Nonviolenza, con sede in via dei Latini 12\/14 a Roma, si","breadcrumb":{"@id":"https:\/\/www.pressenza.com\/it\/2026\/04\/clima-responsabilita-e-partecipazione-la-giornata-della-terra-alla-biblioteca-della-nonviolenza-di-san-lorenzo\/#breadcrumb"},"inLanguage":"it-IT","potentialAction":[{"@type":"ReadAction","target":["https:\/\/www.pressenza.com\/it\/2026\/04\/clima-responsabilita-e-partecipazione-la-giornata-della-terra-alla-biblioteca-della-nonviolenza-di-san-lorenzo\/"]}]},{"@type":"ImageObject","inLanguage":"it-IT","@id":"https:\/\/www.pressenza.com\/it\/2026\/04\/clima-responsabilita-e-partecipazione-la-giornata-della-terra-alla-biblioteca-della-nonviolenza-di-san-lorenzo\/#primaryimage","url":"https:\/\/www.pressenza.com\/wp-content\/uploads\/2026\/04\/giornata-della-Terra-Biblioteca-Nonviolenza-03.jpeg","contentUrl":"https:\/\/www.pressenza.com\/wp-content\/uploads\/2026\/04\/giornata-della-Terra-Biblioteca-Nonviolenza-03.jpeg","width":2048,"height":1536},{"@type":"BreadcrumbList","@id":"https:\/\/www.pressenza.com\/it\/2026\/04\/clima-responsabilita-e-partecipazione-la-giornata-della-terra-alla-biblioteca-della-nonviolenza-di-san-lorenzo\/#breadcrumb","itemListElement":[{"@type":"ListItem","position":1,"name":"Accueil","item":"https:\/\/www.pressenza.com\/it\/"},{"@type":"ListItem","position":2,"name":"Clima, responsabilit\u00e0 e partecipazione: la Giornata della Terra alla Biblioteca della Nonviolenza di San Lorenzo"}]},{"@type":"WebSite","@id":"https:\/\/www.pressenza.com\/it\/#website","url":"https:\/\/www.pressenza.com\/it\/","name":"Pressenza","description":"Agenzia di Stampa Internazionale","publisher":{"@id":"https:\/\/www.pressenza.com\/it\/#organization"},"potentialAction":[{"@type":"SearchAction","target":{"@type":"EntryPoint","urlTemplate":"https:\/\/www.pressenza.com\/it\/?s={search_term_string}"},"query-input":{"@type":"PropertyValueSpecification","valueRequired":true,"valueName":"search_term_string"}}],"inLanguage":"it-IT"},{"@type":"Organization","@id":"https:\/\/www.pressenza.com\/it\/#organization","name":"Pressenza","url":"https:\/\/www.pressenza.com\/it\/","logo":{"@type":"ImageObject","inLanguage":"it-IT","@id":"https:\/\/www.pressenza.com\/it\/#\/schema\/logo\/image\/","url":"https:\/\/www.pressenza.com\/wp-content\/uploads\/2022\/10\/pressenza_logo_200x200.jpg","contentUrl":"https:\/\/www.pressenza.com\/wp-content\/uploads\/2022\/10\/pressenza_logo_200x200.jpg","width":200,"height":200,"caption":"Pressenza"},"image":{"@id":"https:\/\/www.pressenza.com\/it\/#\/schema\/logo\/image\/"},"sameAs":["https:\/\/www.facebook.com\/PressenzaItalia","https:\/\/x.com\/PressenzaIPA"]},{"@type":"Person","@id":"https:\/\/www.pressenza.com\/it\/#\/schema\/person\/f823f006d9ce0d421fecc47006a4ff6f","name":"Francesca De Vito","url":"https:\/\/www.pressenza.com\/it\/author\/francesca-de-vito\/"}]}},"place":"","original_article_url":"","_links":{"self":[{"href":"https:\/\/www.pressenza.com\/it\/wp-json\/wp\/v2\/posts\/2696831","targetHints":{"allow":["GET"]}}],"collection":[{"href":"https:\/\/www.pressenza.com\/it\/wp-json\/wp\/v2\/posts"}],"about":[{"href":"https:\/\/www.pressenza.com\/it\/wp-json\/wp\/v2\/types\/post"}],"author":[{"embeddable":true,"href":"https:\/\/www.pressenza.com\/it\/wp-json\/wp\/v2\/users\/2558"}],"replies":[{"embeddable":true,"href":"https:\/\/www.pressenza.com\/it\/wp-json\/wp\/v2\/comments?post=2696831"}],"version-history":[{"count":1,"href":"https:\/\/www.pressenza.com\/it\/wp-json\/wp\/v2\/posts\/2696831\/revisions"}],"predecessor-version":[{"id":2696837,"href":"https:\/\/www.pressenza.com\/it\/wp-json\/wp\/v2\/posts\/2696831\/revisions\/2696837"}],"wp:featuredmedia":[{"embeddable":true,"href":"https:\/\/www.pressenza.com\/it\/wp-json\/wp\/v2\/media\/2696835"}],"wp:attachment":[{"href":"https:\/\/www.pressenza.com\/it\/wp-json\/wp\/v2\/media?parent=2696831"}],"wp:term":[{"taxonomy":"category","embeddable":true,"href":"https:\/\/www.pressenza.com\/it\/wp-json\/wp\/v2\/categories?post=2696831"},{"taxonomy":"post_tag","embeddable":true,"href":"https:\/\/www.pressenza.com\/it\/wp-json\/wp\/v2\/tags?post=2696831"}],"curies":[{"name":"wp","href":"https:\/\/api.w.org\/{rel}","templated":true}]}}