{"id":2696785,"date":"2026-04-30T15:40:42","date_gmt":"2026-04-30T14:40:42","guid":{"rendered":"https:\/\/www.pressenza.com\/?p=2696785"},"modified":"2026-04-30T15:50:41","modified_gmt":"2026-04-30T14:50:41","slug":"contro-la-legge-del-piu-forte-la-piazza-e-partigiana","status":"publish","type":"post","link":"https:\/\/www.pressenza.com\/it\/2026\/04\/contro-la-legge-del-piu-forte-la-piazza-e-partigiana\/","title":{"rendered":"Contro la legge del pi\u00f9 forte, la piazza \u00e8 partigiana"},"content":{"rendered":"<p>I fatti avvenuti a Milano il 25 aprile che hanno coinvolto la Brigata Ebraica (con una eco mediatica, oltretutto, spropositata a fronte del ferimento a Roma della coppia di compagni dell\u2019ANPI da parte di un giovane di religione ebraica) meritano una riflessione, a bocce ferme, riflessione che ci sforzeremo di impostare in modo che sia la pi\u00f9 obiettiva e neutrale possibile, anche a dispetto delle idee politiche di chi scrive.<\/p>\n<p>Sorvoliamo pertanto sulle bandiere israeliane e su quelle americane e sui cartelli che inneggiavano al ritorno in Iran della dinastia dello Sci\u00e0. Per quel che mi riguarda il tutto \u00e8 una dimostrazione colpevolmente negazionista rispetto al genocidio in corso in Palestina e all\u2019aggressione statunitense nei riguardi dell&#8217;Iran. Ma non \u00e8 questo che ora ci interessa.<\/p>\n<p>In fondo si potrebbe argomentare, e non senza ragione, che ognuno \u00e8 libero di pensarla come vuole e di manifestare liberamente e pubblicamente le proprie idee. Hanno dunque sbagliato coloro che hanno cacciato la Brigata Ebraica dal corteo? La risposta \u00e8 assolutamente NO!<\/p>\n<p>La possibilit\u00e0 di esprimere le proprie opinioni e il proprio modo di essere schierati politicamente non \u00e8 un diritto che si possa esercitare senza limitazioni formali e senza il rispetto di alcune determinate regole. Tanto per mettere subito le carte in tavola: cosa direbbero quei giornalisti di destra che hanno parlato di &#8220;caccia all&#8217;ebreo&#8221;, se domani qualcuno si presentasse ad un comizio della Meloni con una bandiera rossa con falce e martello e iniziasse a inneggiare a Stalin e alla vecchia Unione Sovietica? E se il contestatore fosse allontanato, (temo in modo non gentile) pensate che si indignerebbero blaterando di &#8220;caccia al comunista&#8221;?<\/p>\n<p>Per capire la questione bisogna fare una netta distinzione tra la logica del &#8220;palazzo&#8221; e quella della &#8220;piazza&#8221;.<\/p>\n<p>Il Palazzo \u00e8 tipicamente il luogo istituzionale, per esempio il Parlamento, dove tutti gli schieramenti hanno il diritto di esprimersi e dove il confronto, anche quando assume i caratteri dello scontro aperto, viene comunque sempre regolato (almeno in linea di principio) da una presidenza che ne \u00e8 responsabile, in modo da non permettere prevaricazioni o esclusioni.<\/p>\n<p>Al contrario la &#8220;piazza&#8221; non \u00e8 un luogo di confronto, ma si caratterizza sempre come manifestazione partigiana (cio\u00e8 di una parte specifica) tendente ad affermare un tema o un obiettivo particolare (partigiana anche in senso gramsciano, dunque). Per fare un esempio banale, sarebbe del tutto senza senso immaginare una manifestazione sulla guerra, o meglio su una specifica guerra, cui partecipassero insieme sostenitori del conflitto armato e sostenitori della pace.<\/p>\n<p>Date queste premesse il responsabile della manifestazione di Piazza (anche in senso legale) non pu\u00f2\u00a0 che essere il soggetto che l&#8217;ha organizzata e che ne ha fissato i contenuti e le modalit\u00e0, dandone anche comunicazione alla questura. Gli organizzatori hanno pertanto il diritto di stabilire chi pu\u00f2 e chi non pu\u00f2 partecipare, quali striscioni possono essere portati e quali slogan possono essere ammessi.<\/p>\n<p>Ricordiamo che ad organizzare la commemorazione del 25 aprile a Milano e ad avere il diritto di fissarne le modalit\u00e0 di svolgimento, era l&#8217;ANPI, a cui la Brigata Ebraica avrebbe dovuto chiedere l&#8217;autorizzazione a portare i propri contenuti, invece di irrompere nel corteo in modo provocatorio e senza averne alcun diritto, per sostenere posizioni estranee, e financo opposte, a quelle degli organizzatori.<\/p>\n<p>La sua cacciata dal corteo &#8211; nonviolenta, a differenza dell\u2019uso di una pistola scacciacani a Roma &#8211; era a quel punto un atto doveroso anche in considerazione della distanza abissale tra l&#8217;accusa di genocidio nei confronti di Israele sostenuta della stragrande maggioranza dei partecipanti e il sostegno al sionismo degli intrusi.<\/p>\n<p>Qualcuno ha sostenuto che in questo modo la commemorazione del 25 aprile sarebbe stata monopolizzata da una sola parte politica. Ma questa obiezione \u00e8 del tutto priva di senso. Nessuno infatti impediva alla Brigata Ebraica di indire una manifestazione alternativa in un&#8217;altra piazza. Ma forse si temeva il confronto, o forse si temeva soprattutto di non poter alzare la voce facendo le vittime di un 25 aprile falsamente spacciato per antisemita.<\/p>\n<p>Noterella a margine: la cronaca dei crimini israeliani supera i tempi delle nostre riflessioni. Ieri la Flottiglia \u00e8 stata sequestrata dai criminali sionisti in acque internazionali. Qui si apre un altro capitolo: non vi \u00e8 solo &#8220;il palazzo&#8221; o &#8220;la piazza&#8221; dentro i confini di uno Stato, ma vi sono anche i luoghi di tutti come le acque internazionali, dove le regole le detta (o le dovrebbe dettare) il diritto internazionale, e la responsabilit\u00e0 del loro rispetto dovrebbe essere demandata alla comunit\u00e0 globale, ma spesso in spregio a tutto ci\u00f2 vige invece la legge del pi\u00f9 forte.<\/p>\n<p>Il nostro dovere, e la nostra sola possibilit\u00e0, \u00e8 quella di lavorare per sostituire la forza dei giusti a quella degli usurpatori.<\/p>\n","protected":false},"excerpt":{"rendered":"<p>I fatti avvenuti a Milano il 25 aprile che hanno coinvolto la Brigata Ebraica (con una eco mediatica, oltretutto, spropositata a fronte del ferimento a Roma della coppia di compagni dell\u2019ANPI da parte di un giovane di religione ebraica) meritano&hellip;<\/p>\n","protected":false},"author":2068,"featured_media":2597113,"comment_status":"closed","ping_status":"closed","sticky":false,"template":"","format":"standard","meta":{"footnotes":""},"categories":[1263],"tags":[156100,136104,143314],"class_list":["post-2696785","post","type-post","status-publish","format-standard","has-post-thumbnail","hentry","category-pace-disarmo","tag-25-aprile-a-milano","tag-25-aprile-a-roma","tag-attacco-alla-global-sumud-flotilla"],"yoast_head":"<!-- This site is optimized with the Yoast SEO plugin v27.1.1 - https:\/\/yoast.com\/product\/yoast-seo-wordpress\/ -->\n<title>Contro la legge del pi\u00f9 forte, la piazza \u00e8 partigiana<\/title>\n<meta name=\"description\" content=\"I fatti avvenuti a Milano il 25 aprile che hanno coinvolto la Brigata Ebraica (con una eco mediatica, oltretutto, spropositata a fronte del ferimento a\" \/>\n<meta name=\"robots\" content=\"index, follow, max-snippet:-1, max-image-preview:large, max-video-preview:-1\" \/>\n<link rel=\"canonical\" href=\"https:\/\/www.pressenza.com\/it\/2026\/04\/contro-la-legge-del-piu-forte-la-piazza-e-partigiana\/\" \/>\n<meta property=\"og:locale\" content=\"it_IT\" \/>\n<meta property=\"og:type\" content=\"article\" \/>\n<meta property=\"og:title\" content=\"Contro la legge del pi\u00f9 forte, la piazza \u00e8 partigiana\" \/>\n<meta property=\"og:description\" content=\"I fatti avvenuti a Milano il 25 aprile che hanno coinvolto la Brigata Ebraica (con una eco mediatica, oltretutto, spropositata a fronte del ferimento a\" \/>\n<meta property=\"og:url\" content=\"https:\/\/www.pressenza.com\/it\/2026\/04\/contro-la-legge-del-piu-forte-la-piazza-e-partigiana\/\" \/>\n<meta property=\"og:site_name\" content=\"Pressenza\" \/>\n<meta property=\"article:publisher\" content=\"https:\/\/www.facebook.com\/PressenzaItalia\" \/>\n<meta property=\"article:published_time\" content=\"2026-04-30T14:40:42+00:00\" \/>\n<meta property=\"article:modified_time\" content=\"2026-04-30T14:50:41+00:00\" \/>\n<meta property=\"og:image\" content=\"https:\/\/www.pressenza.com\/wp-content\/uploads\/2025\/04\/milano-palestina-aprile-25-Andrea-De-Lotto-02.jpg\" \/>\n\t<meta property=\"og:image:width\" content=\"850\" \/>\n\t<meta property=\"og:image:height\" content=\"478\" \/>\n\t<meta property=\"og:image:type\" content=\"image\/jpeg\" \/>\n<meta name=\"author\" content=\"Antonio Minaldi\" \/>\n<meta name=\"twitter:card\" content=\"summary_large_image\" \/>\n<meta name=\"twitter:creator\" content=\"@PressenzaIPA\" \/>\n<meta name=\"twitter:site\" content=\"@PressenzaIPA\" \/>\n<meta name=\"twitter:label1\" content=\"Scritto da\" \/>\n\t<meta name=\"twitter:data1\" content=\"Antonio Minaldi\" \/>\n\t<meta name=\"twitter:label2\" content=\"Tempo di lettura stimato\" \/>\n\t<meta name=\"twitter:data2\" content=\"5 minuti\" \/>\n<script type=\"application\/ld+json\" class=\"yoast-schema-graph\">{\"@context\":\"https:\/\/schema.org\",\"@graph\":[{\"@type\":\"Article\",\"@id\":\"https:\/\/www.pressenza.com\/it\/2026\/04\/contro-la-legge-del-piu-forte-la-piazza-e-partigiana\/#article\",\"isPartOf\":{\"@id\":\"https:\/\/www.pressenza.com\/it\/2026\/04\/contro-la-legge-del-piu-forte-la-piazza-e-partigiana\/\"},\"author\":{\"name\":\"Antonio Minaldi\",\"@id\":\"https:\/\/www.pressenza.com\/it\/#\/schema\/person\/9e5a601e0e08231e544785bc97fff528\"},\"headline\":\"Contro la legge del pi\u00f9 forte, la piazza \u00e8 partigiana\",\"datePublished\":\"2026-04-30T14:40:42+00:00\",\"dateModified\":\"2026-04-30T14:50:41+00:00\",\"mainEntityOfPage\":{\"@id\":\"https:\/\/www.pressenza.com\/it\/2026\/04\/contro-la-legge-del-piu-forte-la-piazza-e-partigiana\/\"},\"wordCount\":783,\"publisher\":{\"@id\":\"https:\/\/www.pressenza.com\/it\/#organization\"},\"image\":{\"@id\":\"https:\/\/www.pressenza.com\/it\/2026\/04\/contro-la-legge-del-piu-forte-la-piazza-e-partigiana\/#primaryimage\"},\"thumbnailUrl\":\"https:\/\/www.pressenza.com\/wp-content\/uploads\/2025\/04\/milano-palestina-aprile-25-Andrea-De-Lotto-02.jpg\",\"keywords\":[\"25 aprile a Milano\",\"25 aprile a Roma\",\"attacco alla Global Sumud Flotilla\"],\"articleSection\":[\"Pace e Disarmo\"],\"inLanguage\":\"it-IT\"},{\"@type\":\"WebPage\",\"@id\":\"https:\/\/www.pressenza.com\/it\/2026\/04\/contro-la-legge-del-piu-forte-la-piazza-e-partigiana\/\",\"url\":\"https:\/\/www.pressenza.com\/it\/2026\/04\/contro-la-legge-del-piu-forte-la-piazza-e-partigiana\/\",\"name\":\"Contro la legge del pi\u00f9 forte, la piazza \u00e8 partigiana\",\"isPartOf\":{\"@id\":\"https:\/\/www.pressenza.com\/it\/#website\"},\"primaryImageOfPage\":{\"@id\":\"https:\/\/www.pressenza.com\/it\/2026\/04\/contro-la-legge-del-piu-forte-la-piazza-e-partigiana\/#primaryimage\"},\"image\":{\"@id\":\"https:\/\/www.pressenza.com\/it\/2026\/04\/contro-la-legge-del-piu-forte-la-piazza-e-partigiana\/#primaryimage\"},\"thumbnailUrl\":\"https:\/\/www.pressenza.com\/wp-content\/uploads\/2025\/04\/milano-palestina-aprile-25-Andrea-De-Lotto-02.jpg\",\"datePublished\":\"2026-04-30T14:40:42+00:00\",\"dateModified\":\"2026-04-30T14:50:41+00:00\",\"description\":\"I fatti avvenuti a Milano il 25 aprile che hanno coinvolto la Brigata Ebraica (con una eco mediatica, oltretutto, spropositata a fronte del ferimento a\",\"breadcrumb\":{\"@id\":\"https:\/\/www.pressenza.com\/it\/2026\/04\/contro-la-legge-del-piu-forte-la-piazza-e-partigiana\/#breadcrumb\"},\"inLanguage\":\"it-IT\",\"potentialAction\":[{\"@type\":\"ReadAction\",\"target\":[\"https:\/\/www.pressenza.com\/it\/2026\/04\/contro-la-legge-del-piu-forte-la-piazza-e-partigiana\/\"]}]},{\"@type\":\"ImageObject\",\"inLanguage\":\"it-IT\",\"@id\":\"https:\/\/www.pressenza.com\/it\/2026\/04\/contro-la-legge-del-piu-forte-la-piazza-e-partigiana\/#primaryimage\",\"url\":\"https:\/\/www.pressenza.com\/wp-content\/uploads\/2025\/04\/milano-palestina-aprile-25-Andrea-De-Lotto-02.jpg\",\"contentUrl\":\"https:\/\/www.pressenza.com\/wp-content\/uploads\/2025\/04\/milano-palestina-aprile-25-Andrea-De-Lotto-02.jpg\",\"width\":850,\"height\":478,\"caption\":\"milano 25 aprile 2026\"},{\"@type\":\"BreadcrumbList\",\"@id\":\"https:\/\/www.pressenza.com\/it\/2026\/04\/contro-la-legge-del-piu-forte-la-piazza-e-partigiana\/#breadcrumb\",\"itemListElement\":[{\"@type\":\"ListItem\",\"position\":1,\"name\":\"Accueil\",\"item\":\"https:\/\/www.pressenza.com\/it\/\"},{\"@type\":\"ListItem\",\"position\":2,\"name\":\"Contro la legge del pi\u00f9 forte, la piazza \u00e8 partigiana\"}]},{\"@type\":\"WebSite\",\"@id\":\"https:\/\/www.pressenza.com\/it\/#website\",\"url\":\"https:\/\/www.pressenza.com\/it\/\",\"name\":\"Pressenza\",\"description\":\"Agenzia di Stampa Internazionale\",\"publisher\":{\"@id\":\"https:\/\/www.pressenza.com\/it\/#organization\"},\"potentialAction\":[{\"@type\":\"SearchAction\",\"target\":{\"@type\":\"EntryPoint\",\"urlTemplate\":\"https:\/\/www.pressenza.com\/it\/?s={search_term_string}\"},\"query-input\":{\"@type\":\"PropertyValueSpecification\",\"valueRequired\":true,\"valueName\":\"search_term_string\"}}],\"inLanguage\":\"it-IT\"},{\"@type\":\"Organization\",\"@id\":\"https:\/\/www.pressenza.com\/it\/#organization\",\"name\":\"Pressenza\",\"url\":\"https:\/\/www.pressenza.com\/it\/\",\"logo\":{\"@type\":\"ImageObject\",\"inLanguage\":\"it-IT\",\"@id\":\"https:\/\/www.pressenza.com\/it\/#\/schema\/logo\/image\/\",\"url\":\"https:\/\/www.pressenza.com\/wp-content\/uploads\/2022\/10\/pressenza_logo_200x200.jpg\",\"contentUrl\":\"https:\/\/www.pressenza.com\/wp-content\/uploads\/2022\/10\/pressenza_logo_200x200.jpg\",\"width\":200,\"height\":200,\"caption\":\"Pressenza\"},\"image\":{\"@id\":\"https:\/\/www.pressenza.com\/it\/#\/schema\/logo\/image\/\"},\"sameAs\":[\"https:\/\/www.facebook.com\/PressenzaItalia\",\"https:\/\/x.com\/PressenzaIPA\"]},{\"@type\":\"Person\",\"@id\":\"https:\/\/www.pressenza.com\/it\/#\/schema\/person\/9e5a601e0e08231e544785bc97fff528\",\"name\":\"Antonio Minaldi\",\"description\":\"Militante nei movimenti fin dal 68. Esponente del movimento studentesco del 77 e fra i fondatori dei COBAS SCUOLA nell'87. Si occupa di attualit\u00e0 politica e di studi di filosofia collaborando con varie riviste.\",\"url\":\"https:\/\/www.pressenza.com\/it\/author\/antonio-minaldi\/\"}]}<\/script>\n<!-- \/ Yoast SEO plugin. -->","yoast_head_json":{"title":"Contro la legge del pi\u00f9 forte, la piazza \u00e8 partigiana","description":"I fatti avvenuti a Milano il 25 aprile che hanno coinvolto la Brigata Ebraica (con una eco mediatica, oltretutto, spropositata a fronte del ferimento a","robots":{"index":"index","follow":"follow","max-snippet":"max-snippet:-1","max-image-preview":"max-image-preview:large","max-video-preview":"max-video-preview:-1"},"canonical":"https:\/\/www.pressenza.com\/it\/2026\/04\/contro-la-legge-del-piu-forte-la-piazza-e-partigiana\/","og_locale":"it_IT","og_type":"article","og_title":"Contro la legge del pi\u00f9 forte, la piazza \u00e8 partigiana","og_description":"I fatti avvenuti a Milano il 25 aprile che hanno coinvolto la Brigata Ebraica (con una eco mediatica, oltretutto, spropositata a fronte del ferimento a","og_url":"https:\/\/www.pressenza.com\/it\/2026\/04\/contro-la-legge-del-piu-forte-la-piazza-e-partigiana\/","og_site_name":"Pressenza","article_publisher":"https:\/\/www.facebook.com\/PressenzaItalia","article_published_time":"2026-04-30T14:40:42+00:00","article_modified_time":"2026-04-30T14:50:41+00:00","og_image":[{"width":850,"height":478,"url":"https:\/\/www.pressenza.com\/wp-content\/uploads\/2025\/04\/milano-palestina-aprile-25-Andrea-De-Lotto-02.jpg","type":"image\/jpeg"}],"author":"Antonio Minaldi","twitter_card":"summary_large_image","twitter_creator":"@PressenzaIPA","twitter_site":"@PressenzaIPA","twitter_misc":{"Scritto da":"Antonio Minaldi","Tempo di lettura stimato":"5 minuti"},"schema":{"@context":"https:\/\/schema.org","@graph":[{"@type":"Article","@id":"https:\/\/www.pressenza.com\/it\/2026\/04\/contro-la-legge-del-piu-forte-la-piazza-e-partigiana\/#article","isPartOf":{"@id":"https:\/\/www.pressenza.com\/it\/2026\/04\/contro-la-legge-del-piu-forte-la-piazza-e-partigiana\/"},"author":{"name":"Antonio Minaldi","@id":"https:\/\/www.pressenza.com\/it\/#\/schema\/person\/9e5a601e0e08231e544785bc97fff528"},"headline":"Contro la legge del pi\u00f9 forte, la piazza \u00e8 partigiana","datePublished":"2026-04-30T14:40:42+00:00","dateModified":"2026-04-30T14:50:41+00:00","mainEntityOfPage":{"@id":"https:\/\/www.pressenza.com\/it\/2026\/04\/contro-la-legge-del-piu-forte-la-piazza-e-partigiana\/"},"wordCount":783,"publisher":{"@id":"https:\/\/www.pressenza.com\/it\/#organization"},"image":{"@id":"https:\/\/www.pressenza.com\/it\/2026\/04\/contro-la-legge-del-piu-forte-la-piazza-e-partigiana\/#primaryimage"},"thumbnailUrl":"https:\/\/www.pressenza.com\/wp-content\/uploads\/2025\/04\/milano-palestina-aprile-25-Andrea-De-Lotto-02.jpg","keywords":["25 aprile a Milano","25 aprile a Roma","attacco alla Global Sumud Flotilla"],"articleSection":["Pace e Disarmo"],"inLanguage":"it-IT"},{"@type":"WebPage","@id":"https:\/\/www.pressenza.com\/it\/2026\/04\/contro-la-legge-del-piu-forte-la-piazza-e-partigiana\/","url":"https:\/\/www.pressenza.com\/it\/2026\/04\/contro-la-legge-del-piu-forte-la-piazza-e-partigiana\/","name":"Contro la legge del pi\u00f9 forte, la piazza \u00e8 partigiana","isPartOf":{"@id":"https:\/\/www.pressenza.com\/it\/#website"},"primaryImageOfPage":{"@id":"https:\/\/www.pressenza.com\/it\/2026\/04\/contro-la-legge-del-piu-forte-la-piazza-e-partigiana\/#primaryimage"},"image":{"@id":"https:\/\/www.pressenza.com\/it\/2026\/04\/contro-la-legge-del-piu-forte-la-piazza-e-partigiana\/#primaryimage"},"thumbnailUrl":"https:\/\/www.pressenza.com\/wp-content\/uploads\/2025\/04\/milano-palestina-aprile-25-Andrea-De-Lotto-02.jpg","datePublished":"2026-04-30T14:40:42+00:00","dateModified":"2026-04-30T14:50:41+00:00","description":"I fatti avvenuti a Milano il 25 aprile che hanno coinvolto la Brigata Ebraica (con una eco mediatica, oltretutto, spropositata a fronte del ferimento a","breadcrumb":{"@id":"https:\/\/www.pressenza.com\/it\/2026\/04\/contro-la-legge-del-piu-forte-la-piazza-e-partigiana\/#breadcrumb"},"inLanguage":"it-IT","potentialAction":[{"@type":"ReadAction","target":["https:\/\/www.pressenza.com\/it\/2026\/04\/contro-la-legge-del-piu-forte-la-piazza-e-partigiana\/"]}]},{"@type":"ImageObject","inLanguage":"it-IT","@id":"https:\/\/www.pressenza.com\/it\/2026\/04\/contro-la-legge-del-piu-forte-la-piazza-e-partigiana\/#primaryimage","url":"https:\/\/www.pressenza.com\/wp-content\/uploads\/2025\/04\/milano-palestina-aprile-25-Andrea-De-Lotto-02.jpg","contentUrl":"https:\/\/www.pressenza.com\/wp-content\/uploads\/2025\/04\/milano-palestina-aprile-25-Andrea-De-Lotto-02.jpg","width":850,"height":478,"caption":"milano 25 aprile 2026"},{"@type":"BreadcrumbList","@id":"https:\/\/www.pressenza.com\/it\/2026\/04\/contro-la-legge-del-piu-forte-la-piazza-e-partigiana\/#breadcrumb","itemListElement":[{"@type":"ListItem","position":1,"name":"Accueil","item":"https:\/\/www.pressenza.com\/it\/"},{"@type":"ListItem","position":2,"name":"Contro la legge del pi\u00f9 forte, la piazza \u00e8 partigiana"}]},{"@type":"WebSite","@id":"https:\/\/www.pressenza.com\/it\/#website","url":"https:\/\/www.pressenza.com\/it\/","name":"Pressenza","description":"Agenzia di Stampa Internazionale","publisher":{"@id":"https:\/\/www.pressenza.com\/it\/#organization"},"potentialAction":[{"@type":"SearchAction","target":{"@type":"EntryPoint","urlTemplate":"https:\/\/www.pressenza.com\/it\/?s={search_term_string}"},"query-input":{"@type":"PropertyValueSpecification","valueRequired":true,"valueName":"search_term_string"}}],"inLanguage":"it-IT"},{"@type":"Organization","@id":"https:\/\/www.pressenza.com\/it\/#organization","name":"Pressenza","url":"https:\/\/www.pressenza.com\/it\/","logo":{"@type":"ImageObject","inLanguage":"it-IT","@id":"https:\/\/www.pressenza.com\/it\/#\/schema\/logo\/image\/","url":"https:\/\/www.pressenza.com\/wp-content\/uploads\/2022\/10\/pressenza_logo_200x200.jpg","contentUrl":"https:\/\/www.pressenza.com\/wp-content\/uploads\/2022\/10\/pressenza_logo_200x200.jpg","width":200,"height":200,"caption":"Pressenza"},"image":{"@id":"https:\/\/www.pressenza.com\/it\/#\/schema\/logo\/image\/"},"sameAs":["https:\/\/www.facebook.com\/PressenzaItalia","https:\/\/x.com\/PressenzaIPA"]},{"@type":"Person","@id":"https:\/\/www.pressenza.com\/it\/#\/schema\/person\/9e5a601e0e08231e544785bc97fff528","name":"Antonio Minaldi","description":"Militante nei movimenti fin dal 68. Esponente del movimento studentesco del 77 e fra i fondatori dei COBAS SCUOLA nell'87. Si occupa di attualit\u00e0 politica e di studi di filosofia collaborando con varie riviste.","url":"https:\/\/www.pressenza.com\/it\/author\/antonio-minaldi\/"}]}},"place":"","original_article_url":"","_links":{"self":[{"href":"https:\/\/www.pressenza.com\/it\/wp-json\/wp\/v2\/posts\/2696785","targetHints":{"allow":["GET"]}}],"collection":[{"href":"https:\/\/www.pressenza.com\/it\/wp-json\/wp\/v2\/posts"}],"about":[{"href":"https:\/\/www.pressenza.com\/it\/wp-json\/wp\/v2\/types\/post"}],"author":[{"embeddable":true,"href":"https:\/\/www.pressenza.com\/it\/wp-json\/wp\/v2\/users\/2068"}],"replies":[{"embeddable":true,"href":"https:\/\/www.pressenza.com\/it\/wp-json\/wp\/v2\/comments?post=2696785"}],"version-history":[{"count":2,"href":"https:\/\/www.pressenza.com\/it\/wp-json\/wp\/v2\/posts\/2696785\/revisions"}],"predecessor-version":[{"id":2696796,"href":"https:\/\/www.pressenza.com\/it\/wp-json\/wp\/v2\/posts\/2696785\/revisions\/2696796"}],"wp:featuredmedia":[{"embeddable":true,"href":"https:\/\/www.pressenza.com\/it\/wp-json\/wp\/v2\/media\/2597113"}],"wp:attachment":[{"href":"https:\/\/www.pressenza.com\/it\/wp-json\/wp\/v2\/media?parent=2696785"}],"wp:term":[{"taxonomy":"category","embeddable":true,"href":"https:\/\/www.pressenza.com\/it\/wp-json\/wp\/v2\/categories?post=2696785"},{"taxonomy":"post_tag","embeddable":true,"href":"https:\/\/www.pressenza.com\/it\/wp-json\/wp\/v2\/tags?post=2696785"}],"curies":[{"name":"wp","href":"https:\/\/api.w.org\/{rel}","templated":true}]}}