{"id":2696775,"date":"2026-04-30T15:19:30","date_gmt":"2026-04-30T14:19:30","guid":{"rendered":"https:\/\/www.pressenza.com\/?p=2696775"},"modified":"2026-04-30T15:19:30","modified_gmt":"2026-04-30T14:19:30","slug":"la-5-assemblea-del-forum-umanista-mondiale-affrontera-il-tema-dei-percorsi-collettivi-verso-una-nazione-umana-universale","status":"publish","type":"post","link":"https:\/\/www.pressenza.com\/it\/2026\/04\/la-5-assemblea-del-forum-umanista-mondiale-affrontera-il-tema-dei-percorsi-collettivi-verso-una-nazione-umana-universale\/","title":{"rendered":"La 5\u00b0 Assemblea del Forum Umanista Mondiale affronter\u00e0 il tema dei Percorsi collettivi verso una Nazione Umana Universale"},"content":{"rendered":"<blockquote><p><strong>Il 23 e 24 maggio si terr\u00e0 una nuova Assemblea aperta del Forum Umanista Mondiale. Il titolo che far\u00e0 da filo conduttore agli scambi \u00e8 senza dubbio audace per i tempi che corrono: \u00abVerso una Nazione Umana Universale. Avanzare con azioni collettive per costruire un mondo basato sulla solidariet\u00e0 e la nonviolenza\u00bb.<\/strong><\/p><\/blockquote>\n<p>\u00c8 proprio questa la sfida, sottolineano gli organizzatori. Lo spirito che li anima \u00e8 quello di non lasciarsi abbattere dalla disperazione, dallo scetticismo o dall\u2019inazione e di puntare verso il futuro con azioni collettive costruttive, con l\u2019immagine guida di una Nazione Umana Universale, che garantisca una vita dignitosa, senza violenze n\u00e9 discriminazioni, per ogni abitante della Terra.<\/p>\n<h3>Il programma della 5\u00b0 Assemblea<\/h3>\n<p>Con un formato ibrido, in cui si combinano incontri collettivi in presenza e la connessione virtuale che permette di mettere in contatto attivisti di tutte le culture, l\u2019Assemblea presenter\u00e0, dopo un momento di raccoglimento iniziale, alcune delle attivit\u00e0 pi\u00f9 significative che stanno sviluppando i suoi tavoli tematici. Tra queste, l\u2019ispirante programma in diverse carceri del Kenya a cui stanno lavorando congiuntamente i Tavoli di Educazione e di Sviluppo Interiore.<\/p>\n<p>Verr\u00e0 inoltre raccontato il viaggio intrapreso da un gruppo composto da artisti, giornalisti e agricoltori del Tavolo di Musica, Arte e Cultura, che ha attraversato Kenya, Tanzania, Zambia e Malawi, visitando e realizzando performance artistiche ed educative in scuole, comunit\u00e0 rurali, centri culturali e chiese con un messaggio forte: \u00abPer un\u2019Africa senza frontiere\u00bb.<\/p>\n<p>Dopo la presentazione di altre iniziative realizzate dagli attivisti riuniti nei 20 Tavoli del Forum, il programma prevede interventi dall\u2019Asia, dall\u2019Europa, dall\u2019America Latina, dall\u2019Africa e dal Nord America, con l\u2019intento di descrivere gli impatti dell\u2019attuale crisi sistemica in ciascuna regione. Successivamente, verr\u00e0 effettuata una valutazione globale della crisi e si analizzeranno in gruppi i passi necessari per lasciarci alle spalle un sistema antiumanista, che non pone al centro della sua scala di valori il benessere e l\u2019evoluzione dell\u2019essere umano, ma la stupida spirale dell\u2019accumulo di denaro e del consumo sfrenato e privo di senso.<\/p>\n<p>Come contributo fondamentale alla riflessione e allo scambio, verranno ascoltate le parole del fondatore della corrente dell\u2019Umanesimo Universalista, Silo. Questo frammento audiovisivo fornir\u00e0 il quadro preciso e al tempo stesso poetico dell\u2019immagine della Nazione Umana Universale, un possibile mito sociale per questo tempo in cui sta nascendo la prima civilt\u00e0 planetaria della Storia.<\/p>\n<p>La seconda giornata dell\u2019Assemblea avr\u00e0 inizio domenica 24 con la presentazione di una sintesi dei lavori svolti nei gruppi. Dopo alcuni spunti concettuali e l\u2019esposizione dei punti centrali che caratterizzano l\u2019ideologia umanista, avr\u00e0 luogo un nuovo scambio in cui i partecipanti discuteranno e pianificheranno il proseguimento dell\u2019azione nei diversi tavoli di lavoro.<\/p>\n<p>Le aree tematiche trattate dal Forum Umanista Mondiale, sempre aperte a nuove iniziative, comprendono la Salute, i Diritti Umani, l\u2019Ecologia Sociale, l\u2019Educazione, la Decolonizzazione, la Pace e il Disarmo, le proposte per un profondo cambiamento nell\u2019organizzazione economica, con l\u2019inclusione di un Reddito di Base Universale e la lotta contro la Violenza di Genere. Allo stesso modo, altri tavoli di lavoro indagano sulle rivoluzioni e sui fenomeni psicosociali, sui momenti e gli atteggiamenti umanisti nelle diverse culture, sulla proposta di creare un&#8217;Assemblea Civica Mondiale, sulla promozione della pace e dello sviluppo attraverso lo sport e sulla sperimentazione e l&#8217;apprendimento di pratiche di sviluppo interiore per l&#8217;essere umano.<\/p>\n<p>Tra i temi pi\u00f9 recenti, si esplora in modo creativo la musica e le diverse espressioni artistiche e culturali come via per sensibilizzare alla pace e alla nonviolenza, nonch\u00e9 la promozione di alternative per garantire un&#8217;alimentazione efficace e la sovranit\u00e0 alimentare per la popolazione.<\/p>\n<p>In occasione di questa 5\u00b0 Assemblea saranno inaugurati i Tavoli sul Giornalismo Nonviolento, in collaborazione con l\u2019Agenzia Internazionale di Notizie Pressenza, e il Tavolo su Politica e Geopolitica, fondamentali per approfondire la comprensione e le proposte volte a superare gli eventi che oggi scuotono la scena internazionale.<\/p>\n<h3>Il Forum Umanista Mondiale<\/h3>\n<p>Il Forum Umanista Mondiale si concepisce come uno spazio diversificato che elabora proposte e sviluppa azioni volte alla trasformazione sociale e personale simultanea di fronte alle sfide della congiuntura mondiale.<\/p>\n<p>Si caratterizza per un lavoro permanente in diversi ambiti e la sua intenzione \u00e8 quella di connettersi con una molteplicit\u00e0 di settori sociali, accademici e istituzionali per promuovere proposte di cambiamento ed esperienze di umanizzazione.<\/p>\n<p>L&#8217;unico requisito per la partecipazione al Forum \u00e8 non sostenere metodologie violente n\u00e9 idee o pratiche basate sulla discriminazione.<\/p>\n<p>A questa Assemblea si prevede, come in precedenti occasioni, la partecipazione di centinaia di attivisti, associazioni e collettivi provenienti da tutti i continenti, integrando al suo interno la pi\u00f9 ampia diversit\u00e0 culturale.<\/p>\n<p>L&#8217;evento disporr\u00e0 di interpretazione simultanea in inglese, francese, spagnolo e swahili.<\/p>\n<p>Per partecipare alla 5\u00aa Assemblea del Forum Umanista Mondiale e ricevere il link per collegarsi virtualmente, \u00e8 necessario registrarsi all&#8217;indirizzo <a href=\"https:\/\/us02web.zoom.us\/meeting\/register\/Pl6zrqowQ3S7T8yyWKLg9g\">https:\/\/us02web.zoom.us\/meeting\/register\/Pl6zrqowQ3S7T8yyWKLg9g<\/a><\/p>\n","protected":false},"excerpt":{"rendered":"<p>Il 23 e 24 maggio si terr\u00e0 una nuova Assemblea aperta del Forum Umanista Mondiale. Il titolo che far\u00e0 da filo conduttore agli scambi \u00e8 senza dubbio audace per i tempi che corrono: \u00abVerso una Nazione Umana Universale. Avanzare con&hellip;<\/p>\n","protected":false},"author":19,"featured_media":2696776,"comment_status":"closed","ping_status":"closed","sticky":false,"template":"","format":"standard","meta":{"footnotes":""},"categories":[11388,38,1262,1260],"tags":[121412,4603,4245,1127],"class_list":["post-2696775","post","type-post","status-publish","format-standard","has-post-thumbnail","hentry","category-contenuti-originali","category-internazionale","category-nonviolenza-argomento","category-umanesimo-spiritualita","tag-forum-umanista-mondiale","tag-movimenti-sociali","tag-nazione-umana-universale","tag-nuovo-umanesimo"],"yoast_head":"<!-- This site is optimized with the Yoast SEO plugin v27.1.1 - https:\/\/yoast.com\/product\/yoast-seo-wordpress\/ -->\n<title>La 5\u00b0 Assemblea del Forum Umanista Mondiale affronter\u00e0 il tema dei Percorsi collettivi verso una Nazione Umana Universale<\/title>\n<meta name=\"description\" content=\"Il 23 e 24 maggio si terr\u00e0 una nuova Assemblea aperta del Forum Umanista Mondiale. Il titolo che far\u00e0 da filo conduttore agli scambi \u00e8 senza dubbio audace\" \/>\n<meta name=\"robots\" content=\"index, follow, max-snippet:-1, max-image-preview:large, max-video-preview:-1\" \/>\n<link rel=\"canonical\" href=\"https:\/\/www.pressenza.com\/it\/2026\/04\/la-5-assemblea-del-forum-umanista-mondiale-affrontera-il-tema-dei-percorsi-collettivi-verso-una-nazione-umana-universale\/\" \/>\n<meta property=\"og:locale\" content=\"it_IT\" \/>\n<meta property=\"og:type\" content=\"article\" \/>\n<meta property=\"og:title\" content=\"La 5\u00b0 Assemblea del Forum Umanista Mondiale affronter\u00e0 il tema dei Percorsi collettivi verso una Nazione Umana Universale\" \/>\n<meta property=\"og:description\" content=\"Il 23 e 24 maggio si terr\u00e0 una nuova Assemblea aperta del Forum Umanista Mondiale. Il titolo che far\u00e0 da filo conduttore agli scambi \u00e8 senza dubbio audace\" \/>\n<meta property=\"og:url\" content=\"https:\/\/www.pressenza.com\/it\/2026\/04\/la-5-assemblea-del-forum-umanista-mondiale-affrontera-il-tema-dei-percorsi-collettivi-verso-una-nazione-umana-universale\/\" \/>\n<meta property=\"og:site_name\" content=\"Pressenza\" \/>\n<meta property=\"article:publisher\" content=\"https:\/\/www.facebook.com\/PressenzaItalia\" \/>\n<meta property=\"article:author\" content=\"https:\/\/www.facebook.com\/pressenza\" \/>\n<meta property=\"article:published_time\" content=\"2026-04-30T14:19:30+00:00\" \/>\n<meta property=\"og:image\" content=\"https:\/\/www.pressenza.com\/wp-content\/uploads\/2026\/04\/flyer-provisorio-V-asamblea.jpg\" \/>\n\t<meta property=\"og:image:width\" content=\"959\" \/>\n\t<meta property=\"og:image:height\" content=\"640\" \/>\n\t<meta property=\"og:image:type\" content=\"image\/jpeg\" \/>\n<meta name=\"author\" content=\"Pressenza IPA\" \/>\n<meta name=\"twitter:card\" content=\"summary_large_image\" \/>\n<meta name=\"twitter:creator\" content=\"@PressenzaIPA\" \/>\n<meta name=\"twitter:site\" content=\"@PressenzaIPA\" \/>\n<meta name=\"twitter:label1\" content=\"Scritto da\" \/>\n\t<meta name=\"twitter:data1\" content=\"Pressenza IPA\" \/>\n\t<meta name=\"twitter:label2\" content=\"Tempo di lettura stimato\" \/>\n\t<meta name=\"twitter:data2\" content=\"4 minuti\" \/>\n<script type=\"application\/ld+json\" class=\"yoast-schema-graph\">{\"@context\":\"https:\/\/schema.org\",\"@graph\":[{\"@type\":\"Article\",\"@id\":\"https:\/\/www.pressenza.com\/it\/2026\/04\/la-5-assemblea-del-forum-umanista-mondiale-affrontera-il-tema-dei-percorsi-collettivi-verso-una-nazione-umana-universale\/#article\",\"isPartOf\":{\"@id\":\"https:\/\/www.pressenza.com\/it\/2026\/04\/la-5-assemblea-del-forum-umanista-mondiale-affrontera-il-tema-dei-percorsi-collettivi-verso-una-nazione-umana-universale\/\"},\"author\":{\"name\":\"Pressenza IPA\",\"@id\":\"https:\/\/www.pressenza.com\/it\/#\/schema\/person\/010e5d02bcf40965427a1289a4cc8d75\"},\"headline\":\"La 5\u00b0 Assemblea del Forum Umanista Mondiale affronter\u00e0 il tema dei Percorsi collettivi verso una Nazione Umana Universale\",\"datePublished\":\"2026-04-30T14:19:30+00:00\",\"mainEntityOfPage\":{\"@id\":\"https:\/\/www.pressenza.com\/it\/2026\/04\/la-5-assemblea-del-forum-umanista-mondiale-affrontera-il-tema-dei-percorsi-collettivi-verso-una-nazione-umana-universale\/\"},\"wordCount\":832,\"publisher\":{\"@id\":\"https:\/\/www.pressenza.com\/it\/#organization\"},\"image\":{\"@id\":\"https:\/\/www.pressenza.com\/it\/2026\/04\/la-5-assemblea-del-forum-umanista-mondiale-affrontera-il-tema-dei-percorsi-collettivi-verso-una-nazione-umana-universale\/#primaryimage\"},\"thumbnailUrl\":\"https:\/\/www.pressenza.com\/wp-content\/uploads\/2026\/04\/flyer-provisorio-V-asamblea.jpg\",\"keywords\":[\"Forum Umanista Mondiale\",\"movimenti sociali\",\"Nazione Umana Universale\",\"Nuovo Umanesimo\"],\"articleSection\":[\"contenuti originali\",\"Internazionale\",\"Nonviolenza\",\"Umanesimo e Spiritualit\u00e0\"],\"inLanguage\":\"it-IT\"},{\"@type\":\"WebPage\",\"@id\":\"https:\/\/www.pressenza.com\/it\/2026\/04\/la-5-assemblea-del-forum-umanista-mondiale-affrontera-il-tema-dei-percorsi-collettivi-verso-una-nazione-umana-universale\/\",\"url\":\"https:\/\/www.pressenza.com\/it\/2026\/04\/la-5-assemblea-del-forum-umanista-mondiale-affrontera-il-tema-dei-percorsi-collettivi-verso-una-nazione-umana-universale\/\",\"name\":\"La 5\u00b0 Assemblea del Forum Umanista Mondiale affronter\u00e0 il tema dei Percorsi collettivi verso una Nazione Umana Universale\",\"isPartOf\":{\"@id\":\"https:\/\/www.pressenza.com\/it\/#website\"},\"primaryImageOfPage\":{\"@id\":\"https:\/\/www.pressenza.com\/it\/2026\/04\/la-5-assemblea-del-forum-umanista-mondiale-affrontera-il-tema-dei-percorsi-collettivi-verso-una-nazione-umana-universale\/#primaryimage\"},\"image\":{\"@id\":\"https:\/\/www.pressenza.com\/it\/2026\/04\/la-5-assemblea-del-forum-umanista-mondiale-affrontera-il-tema-dei-percorsi-collettivi-verso-una-nazione-umana-universale\/#primaryimage\"},\"thumbnailUrl\":\"https:\/\/www.pressenza.com\/wp-content\/uploads\/2026\/04\/flyer-provisorio-V-asamblea.jpg\",\"datePublished\":\"2026-04-30T14:19:30+00:00\",\"description\":\"Il 23 e 24 maggio si terr\u00e0 una nuova Assemblea aperta del Forum Umanista Mondiale. Il titolo che far\u00e0 da filo conduttore agli scambi \u00e8 senza dubbio audace\",\"breadcrumb\":{\"@id\":\"https:\/\/www.pressenza.com\/it\/2026\/04\/la-5-assemblea-del-forum-umanista-mondiale-affrontera-il-tema-dei-percorsi-collettivi-verso-una-nazione-umana-universale\/#breadcrumb\"},\"inLanguage\":\"it-IT\",\"potentialAction\":[{\"@type\":\"ReadAction\",\"target\":[\"https:\/\/www.pressenza.com\/it\/2026\/04\/la-5-assemblea-del-forum-umanista-mondiale-affrontera-il-tema-dei-percorsi-collettivi-verso-una-nazione-umana-universale\/\"]}]},{\"@type\":\"ImageObject\",\"inLanguage\":\"it-IT\",\"@id\":\"https:\/\/www.pressenza.com\/it\/2026\/04\/la-5-assemblea-del-forum-umanista-mondiale-affrontera-il-tema-dei-percorsi-collettivi-verso-una-nazione-umana-universale\/#primaryimage\",\"url\":\"https:\/\/www.pressenza.com\/wp-content\/uploads\/2026\/04\/flyer-provisorio-V-asamblea.jpg\",\"contentUrl\":\"https:\/\/www.pressenza.com\/wp-content\/uploads\/2026\/04\/flyer-provisorio-V-asamblea.jpg\",\"width\":959,\"height\":640},{\"@type\":\"BreadcrumbList\",\"@id\":\"https:\/\/www.pressenza.com\/it\/2026\/04\/la-5-assemblea-del-forum-umanista-mondiale-affrontera-il-tema-dei-percorsi-collettivi-verso-una-nazione-umana-universale\/#breadcrumb\",\"itemListElement\":[{\"@type\":\"ListItem\",\"position\":1,\"name\":\"Accueil\",\"item\":\"https:\/\/www.pressenza.com\/it\/\"},{\"@type\":\"ListItem\",\"position\":2,\"name\":\"La 5\u00b0 Assemblea del Forum Umanista Mondiale affronter\u00e0 il tema dei Percorsi collettivi verso una Nazione Umana Universale\"}]},{\"@type\":\"WebSite\",\"@id\":\"https:\/\/www.pressenza.com\/it\/#website\",\"url\":\"https:\/\/www.pressenza.com\/it\/\",\"name\":\"Pressenza\",\"description\":\"Agenzia di Stampa Internazionale\",\"publisher\":{\"@id\":\"https:\/\/www.pressenza.com\/it\/#organization\"},\"potentialAction\":[{\"@type\":\"SearchAction\",\"target\":{\"@type\":\"EntryPoint\",\"urlTemplate\":\"https:\/\/www.pressenza.com\/it\/?s={search_term_string}\"},\"query-input\":{\"@type\":\"PropertyValueSpecification\",\"valueRequired\":true,\"valueName\":\"search_term_string\"}}],\"inLanguage\":\"it-IT\"},{\"@type\":\"Organization\",\"@id\":\"https:\/\/www.pressenza.com\/it\/#organization\",\"name\":\"Pressenza\",\"url\":\"https:\/\/www.pressenza.com\/it\/\",\"logo\":{\"@type\":\"ImageObject\",\"inLanguage\":\"it-IT\",\"@id\":\"https:\/\/www.pressenza.com\/it\/#\/schema\/logo\/image\/\",\"url\":\"https:\/\/www.pressenza.com\/wp-content\/uploads\/2022\/10\/pressenza_logo_200x200.jpg\",\"contentUrl\":\"https:\/\/www.pressenza.com\/wp-content\/uploads\/2022\/10\/pressenza_logo_200x200.jpg\",\"width\":200,\"height\":200,\"caption\":\"Pressenza\"},\"image\":{\"@id\":\"https:\/\/www.pressenza.com\/it\/#\/schema\/logo\/image\/\"},\"sameAs\":[\"https:\/\/www.facebook.com\/PressenzaItalia\",\"https:\/\/x.com\/PressenzaIPA\"]},{\"@type\":\"Person\",\"@id\":\"https:\/\/www.pressenza.com\/it\/#\/schema\/person\/010e5d02bcf40965427a1289a4cc8d75\",\"name\":\"Pressenza IPA\",\"description\":\"News from Pressenza IPA correspondents\",\"sameAs\":[\"https:\/\/www.facebook.com\/pressenza\",\"https:\/\/x.com\/PressenzaIPA\"],\"url\":\"https:\/\/www.pressenza.com\/it\/author\/pressenza-ipa\/\"}]}<\/script>\n<!-- \/ Yoast SEO plugin. -->","yoast_head_json":{"title":"La 5\u00b0 Assemblea del Forum Umanista Mondiale affronter\u00e0 il tema dei Percorsi collettivi verso una Nazione Umana Universale","description":"Il 23 e 24 maggio si terr\u00e0 una nuova Assemblea aperta del Forum Umanista Mondiale. Il titolo che far\u00e0 da filo conduttore agli scambi \u00e8 senza dubbio audace","robots":{"index":"index","follow":"follow","max-snippet":"max-snippet:-1","max-image-preview":"max-image-preview:large","max-video-preview":"max-video-preview:-1"},"canonical":"https:\/\/www.pressenza.com\/it\/2026\/04\/la-5-assemblea-del-forum-umanista-mondiale-affrontera-il-tema-dei-percorsi-collettivi-verso-una-nazione-umana-universale\/","og_locale":"it_IT","og_type":"article","og_title":"La 5\u00b0 Assemblea del Forum Umanista Mondiale affronter\u00e0 il tema dei Percorsi collettivi verso una Nazione Umana Universale","og_description":"Il 23 e 24 maggio si terr\u00e0 una nuova Assemblea aperta del Forum Umanista Mondiale. Il titolo che far\u00e0 da filo conduttore agli scambi \u00e8 senza dubbio audace","og_url":"https:\/\/www.pressenza.com\/it\/2026\/04\/la-5-assemblea-del-forum-umanista-mondiale-affrontera-il-tema-dei-percorsi-collettivi-verso-una-nazione-umana-universale\/","og_site_name":"Pressenza","article_publisher":"https:\/\/www.facebook.com\/PressenzaItalia","article_author":"https:\/\/www.facebook.com\/pressenza","article_published_time":"2026-04-30T14:19:30+00:00","og_image":[{"width":959,"height":640,"url":"https:\/\/www.pressenza.com\/wp-content\/uploads\/2026\/04\/flyer-provisorio-V-asamblea.jpg","type":"image\/jpeg"}],"author":"Pressenza IPA","twitter_card":"summary_large_image","twitter_creator":"@PressenzaIPA","twitter_site":"@PressenzaIPA","twitter_misc":{"Scritto da":"Pressenza IPA","Tempo di lettura stimato":"4 minuti"},"schema":{"@context":"https:\/\/schema.org","@graph":[{"@type":"Article","@id":"https:\/\/www.pressenza.com\/it\/2026\/04\/la-5-assemblea-del-forum-umanista-mondiale-affrontera-il-tema-dei-percorsi-collettivi-verso-una-nazione-umana-universale\/#article","isPartOf":{"@id":"https:\/\/www.pressenza.com\/it\/2026\/04\/la-5-assemblea-del-forum-umanista-mondiale-affrontera-il-tema-dei-percorsi-collettivi-verso-una-nazione-umana-universale\/"},"author":{"name":"Pressenza IPA","@id":"https:\/\/www.pressenza.com\/it\/#\/schema\/person\/010e5d02bcf40965427a1289a4cc8d75"},"headline":"La 5\u00b0 Assemblea del Forum Umanista Mondiale affronter\u00e0 il tema dei Percorsi collettivi verso una Nazione Umana Universale","datePublished":"2026-04-30T14:19:30+00:00","mainEntityOfPage":{"@id":"https:\/\/www.pressenza.com\/it\/2026\/04\/la-5-assemblea-del-forum-umanista-mondiale-affrontera-il-tema-dei-percorsi-collettivi-verso-una-nazione-umana-universale\/"},"wordCount":832,"publisher":{"@id":"https:\/\/www.pressenza.com\/it\/#organization"},"image":{"@id":"https:\/\/www.pressenza.com\/it\/2026\/04\/la-5-assemblea-del-forum-umanista-mondiale-affrontera-il-tema-dei-percorsi-collettivi-verso-una-nazione-umana-universale\/#primaryimage"},"thumbnailUrl":"https:\/\/www.pressenza.com\/wp-content\/uploads\/2026\/04\/flyer-provisorio-V-asamblea.jpg","keywords":["Forum Umanista Mondiale","movimenti sociali","Nazione Umana Universale","Nuovo Umanesimo"],"articleSection":["contenuti originali","Internazionale","Nonviolenza","Umanesimo e Spiritualit\u00e0"],"inLanguage":"it-IT"},{"@type":"WebPage","@id":"https:\/\/www.pressenza.com\/it\/2026\/04\/la-5-assemblea-del-forum-umanista-mondiale-affrontera-il-tema-dei-percorsi-collettivi-verso-una-nazione-umana-universale\/","url":"https:\/\/www.pressenza.com\/it\/2026\/04\/la-5-assemblea-del-forum-umanista-mondiale-affrontera-il-tema-dei-percorsi-collettivi-verso-una-nazione-umana-universale\/","name":"La 5\u00b0 Assemblea del Forum Umanista Mondiale affronter\u00e0 il tema dei Percorsi collettivi verso una Nazione Umana Universale","isPartOf":{"@id":"https:\/\/www.pressenza.com\/it\/#website"},"primaryImageOfPage":{"@id":"https:\/\/www.pressenza.com\/it\/2026\/04\/la-5-assemblea-del-forum-umanista-mondiale-affrontera-il-tema-dei-percorsi-collettivi-verso-una-nazione-umana-universale\/#primaryimage"},"image":{"@id":"https:\/\/www.pressenza.com\/it\/2026\/04\/la-5-assemblea-del-forum-umanista-mondiale-affrontera-il-tema-dei-percorsi-collettivi-verso-una-nazione-umana-universale\/#primaryimage"},"thumbnailUrl":"https:\/\/www.pressenza.com\/wp-content\/uploads\/2026\/04\/flyer-provisorio-V-asamblea.jpg","datePublished":"2026-04-30T14:19:30+00:00","description":"Il 23 e 24 maggio si terr\u00e0 una nuova Assemblea aperta del Forum Umanista Mondiale. Il titolo che far\u00e0 da filo conduttore agli scambi \u00e8 senza dubbio audace","breadcrumb":{"@id":"https:\/\/www.pressenza.com\/it\/2026\/04\/la-5-assemblea-del-forum-umanista-mondiale-affrontera-il-tema-dei-percorsi-collettivi-verso-una-nazione-umana-universale\/#breadcrumb"},"inLanguage":"it-IT","potentialAction":[{"@type":"ReadAction","target":["https:\/\/www.pressenza.com\/it\/2026\/04\/la-5-assemblea-del-forum-umanista-mondiale-affrontera-il-tema-dei-percorsi-collettivi-verso-una-nazione-umana-universale\/"]}]},{"@type":"ImageObject","inLanguage":"it-IT","@id":"https:\/\/www.pressenza.com\/it\/2026\/04\/la-5-assemblea-del-forum-umanista-mondiale-affrontera-il-tema-dei-percorsi-collettivi-verso-una-nazione-umana-universale\/#primaryimage","url":"https:\/\/www.pressenza.com\/wp-content\/uploads\/2026\/04\/flyer-provisorio-V-asamblea.jpg","contentUrl":"https:\/\/www.pressenza.com\/wp-content\/uploads\/2026\/04\/flyer-provisorio-V-asamblea.jpg","width":959,"height":640},{"@type":"BreadcrumbList","@id":"https:\/\/www.pressenza.com\/it\/2026\/04\/la-5-assemblea-del-forum-umanista-mondiale-affrontera-il-tema-dei-percorsi-collettivi-verso-una-nazione-umana-universale\/#breadcrumb","itemListElement":[{"@type":"ListItem","position":1,"name":"Accueil","item":"https:\/\/www.pressenza.com\/it\/"},{"@type":"ListItem","position":2,"name":"La 5\u00b0 Assemblea del Forum Umanista Mondiale affronter\u00e0 il tema dei Percorsi collettivi verso una Nazione Umana Universale"}]},{"@type":"WebSite","@id":"https:\/\/www.pressenza.com\/it\/#website","url":"https:\/\/www.pressenza.com\/it\/","name":"Pressenza","description":"Agenzia di Stampa Internazionale","publisher":{"@id":"https:\/\/www.pressenza.com\/it\/#organization"},"potentialAction":[{"@type":"SearchAction","target":{"@type":"EntryPoint","urlTemplate":"https:\/\/www.pressenza.com\/it\/?s={search_term_string}"},"query-input":{"@type":"PropertyValueSpecification","valueRequired":true,"valueName":"search_term_string"}}],"inLanguage":"it-IT"},{"@type":"Organization","@id":"https:\/\/www.pressenza.com\/it\/#organization","name":"Pressenza","url":"https:\/\/www.pressenza.com\/it\/","logo":{"@type":"ImageObject","inLanguage":"it-IT","@id":"https:\/\/www.pressenza.com\/it\/#\/schema\/logo\/image\/","url":"https:\/\/www.pressenza.com\/wp-content\/uploads\/2022\/10\/pressenza_logo_200x200.jpg","contentUrl":"https:\/\/www.pressenza.com\/wp-content\/uploads\/2022\/10\/pressenza_logo_200x200.jpg","width":200,"height":200,"caption":"Pressenza"},"image":{"@id":"https:\/\/www.pressenza.com\/it\/#\/schema\/logo\/image\/"},"sameAs":["https:\/\/www.facebook.com\/PressenzaItalia","https:\/\/x.com\/PressenzaIPA"]},{"@type":"Person","@id":"https:\/\/www.pressenza.com\/it\/#\/schema\/person\/010e5d02bcf40965427a1289a4cc8d75","name":"Pressenza IPA","description":"News from Pressenza IPA correspondents","sameAs":["https:\/\/www.facebook.com\/pressenza","https:\/\/x.com\/PressenzaIPA"],"url":"https:\/\/www.pressenza.com\/it\/author\/pressenza-ipa\/"}]}},"place":"","original_article_url":"","_links":{"self":[{"href":"https:\/\/www.pressenza.com\/it\/wp-json\/wp\/v2\/posts\/2696775","targetHints":{"allow":["GET"]}}],"collection":[{"href":"https:\/\/www.pressenza.com\/it\/wp-json\/wp\/v2\/posts"}],"about":[{"href":"https:\/\/www.pressenza.com\/it\/wp-json\/wp\/v2\/types\/post"}],"author":[{"embeddable":true,"href":"https:\/\/www.pressenza.com\/it\/wp-json\/wp\/v2\/users\/19"}],"replies":[{"embeddable":true,"href":"https:\/\/www.pressenza.com\/it\/wp-json\/wp\/v2\/comments?post=2696775"}],"version-history":[{"count":1,"href":"https:\/\/www.pressenza.com\/it\/wp-json\/wp\/v2\/posts\/2696775\/revisions"}],"predecessor-version":[{"id":2696781,"href":"https:\/\/www.pressenza.com\/it\/wp-json\/wp\/v2\/posts\/2696775\/revisions\/2696781"}],"wp:featuredmedia":[{"embeddable":true,"href":"https:\/\/www.pressenza.com\/it\/wp-json\/wp\/v2\/media\/2696776"}],"wp:attachment":[{"href":"https:\/\/www.pressenza.com\/it\/wp-json\/wp\/v2\/media?parent=2696775"}],"wp:term":[{"taxonomy":"category","embeddable":true,"href":"https:\/\/www.pressenza.com\/it\/wp-json\/wp\/v2\/categories?post=2696775"},{"taxonomy":"post_tag","embeddable":true,"href":"https:\/\/www.pressenza.com\/it\/wp-json\/wp\/v2\/tags?post=2696775"}],"curies":[{"name":"wp","href":"https:\/\/api.w.org\/{rel}","templated":true}]}}