{"id":2696773,"date":"2026-04-30T15:17:07","date_gmt":"2026-04-30T14:17:07","guid":{"rendered":"https:\/\/www.pressenza.com\/?p=2696773"},"modified":"2026-04-30T15:17:07","modified_gmt":"2026-04-30T14:17:07","slug":"15-maggio-cerimonia-congiunta-di-commemorazione-della-nakba","status":"publish","type":"post","link":"https:\/\/www.pressenza.com\/it\/2026\/04\/15-maggio-cerimonia-congiunta-di-commemorazione-della-nakba\/","title":{"rendered":"15 maggio, Cerimonia Congiunta di Commemorazione della Nakba"},"content":{"rendered":"<p><strong>Il 15 maggio 2026 Combatants for Peace terr\u00e0 la sua settima Cerimonia Congiunta di Commemorazione della Nakba.<\/strong> La storia della Nakba non si \u00e8 conclusa nel 1948. Gli ultimi due anni a Gaza \u2014 segnati da genocidio, distruzione di massa e fame forzata \u2014 insieme all&#8217;accelerazione degli sfollamenti, alla pulizia etnica e alle realt\u00e0 in corso in Cisgiordania, rappresentano gli ultimi capitoli di questa lunga e dolorosa storia.<\/p>\n<p>Il tema di quest&#8217;anno \u00e8 &#8220;Sumud nell&#8217;Umanit\u00e0&#8221;. Il termine Sumud \u2014 che significa resilienza \u2014 \u00e8 spesso inteso come fermezza, incrollabilit\u00e0 e un profondo legame con la terra. Eppure, crediamo che Sumud non sia l&#8217;assenza di dolore, ma la scelta consapevole di rimanere umani, specialmente quando le circostanze rendono pi\u00f9 facile disumanizzare gli altri. \u00c8 il coraggio di continuare a credere nella giustizia e nella resistenza condivisa quando la disperazione sembra pi\u00f9 razionale. Significa salvaguardare la nostra umanit\u00e0 essenziale \u2014 dignit\u00e0, compassione e chiarezza morale \u2014 anche quando sia la storia che le realt\u00e0 presenti la mettono a dura prova.<\/p>\n<p>Questa cerimonia, proprio come la Cerimonia congiunta in memoria delle vittime (Joint Memorial Ceremony), affonda le radici nella convinzione fondamentale di Combatants for Peace: comprendere autenticamente le esperienze vissute e le narrazioni storiche di entrambe le societ\u00e0 \u00e8 essenziale per spezzare il ciclo della violenza e costruire un futuro diverso. Riflette un impegno verso la giustizia, il riconoscimento e la responsabilit\u00e0 e afferma che la vera pace pu\u00f2 emergere solo quando tutti i popoli saranno liberi e l&#8217;umanit\u00e0 di ogni individuo sar\u00e0 difesa senza eccezioni.<\/p>\n<p><a href=\"https:\/\/www.youtube.com\/watch?v=m8KmgaQHQlU\">https:\/\/www.youtube.com\/watch?v=m8KmgaQHQlU<\/a><\/p>\n<p>REGISTRATI QUI\u00a0 <a href=\"https:\/\/www.cfpeace.org\/nakba-ceremony\">https:\/\/www.cfpeace.org\/nakba-ceremony<\/a><\/p>\n<p>&nbsp;<\/p>\n","protected":false},"excerpt":{"rendered":"<p>Il 15 maggio 2026 Combatants for Peace terr\u00e0 la sua settima Cerimonia Congiunta di Commemorazione della Nakba. La storia della Nakba non si \u00e8 conclusa nel 1948. Gli ultimi due anni a Gaza \u2014 segnati da genocidio, distruzione di massa&hellip;<\/p>\n","protected":false},"author":2478,"featured_media":2696777,"comment_status":"closed","ping_status":"closed","sticky":false,"template":"","format":"standard","meta":{"footnotes":""},"categories":[150,52,1262,1263],"tags":[136826,74476,1005,129542],"class_list":["post-2696773","post","type-post","status-publish","format-standard","has-post-thumbnail","hentry","category-comunicati-stampa","category-medio-oriente","category-nonviolenza-argomento","category-pace-disarmo","tag-cerimonia-congiunta-di-commemorazione-della-nakba","tag-combatants-for-peace-it","tag-gaza","tag-israele-2"],"yoast_head":"<!-- This site is optimized with the Yoast SEO plugin v27.1.1 - https:\/\/yoast.com\/product\/yoast-seo-wordpress\/ -->\n<title>15 maggio, Cerimonia Congiunta di Commemorazione della Nakba<\/title>\n<meta name=\"description\" content=\"Il 15 maggio 2026 Combatants for Peace terr\u00e0 la sua settima Cerimonia Congiunta di Commemorazione della Nakba. La storia della Nakba non si \u00e8 conclusa nel\" \/>\n<meta name=\"robots\" content=\"index, follow, max-snippet:-1, max-image-preview:large, max-video-preview:-1\" \/>\n<link rel=\"canonical\" href=\"https:\/\/www.pressenza.com\/it\/2026\/04\/15-maggio-cerimonia-congiunta-di-commemorazione-della-nakba\/\" \/>\n<meta property=\"og:locale\" content=\"it_IT\" \/>\n<meta property=\"og:type\" content=\"article\" \/>\n<meta property=\"og:title\" content=\"15 maggio, Cerimonia Congiunta di Commemorazione della Nakba\" \/>\n<meta property=\"og:description\" content=\"Il 15 maggio 2026 Combatants for Peace terr\u00e0 la sua settima Cerimonia Congiunta di Commemorazione della Nakba. La storia della Nakba non si \u00e8 conclusa nel\" \/>\n<meta property=\"og:url\" content=\"https:\/\/www.pressenza.com\/it\/2026\/04\/15-maggio-cerimonia-congiunta-di-commemorazione-della-nakba\/\" \/>\n<meta property=\"og:site_name\" content=\"Pressenza\" \/>\n<meta property=\"article:publisher\" content=\"https:\/\/www.facebook.com\/PressenzaItalia\" \/>\n<meta property=\"article:published_time\" content=\"2026-04-30T14:17:07+00:00\" \/>\n<meta property=\"og:image\" content=\"https:\/\/www.pressenza.com\/wp-content\/uploads\/2026\/04\/cerimonia-Nakba.jpeg\" \/>\n\t<meta property=\"og:image:width\" content=\"1127\" \/>\n\t<meta property=\"og:image:height\" content=\"433\" \/>\n\t<meta property=\"og:image:type\" content=\"image\/jpeg\" \/>\n<meta name=\"author\" content=\"Combatants for Peace\" \/>\n<meta name=\"twitter:card\" content=\"summary_large_image\" \/>\n<meta name=\"twitter:creator\" content=\"@PressenzaIPA\" \/>\n<meta name=\"twitter:site\" content=\"@PressenzaIPA\" \/>\n<meta name=\"twitter:label1\" content=\"Scritto da\" \/>\n\t<meta name=\"twitter:data1\" content=\"Combatants for Peace\" \/>\n\t<meta name=\"twitter:label2\" content=\"Tempo di lettura stimato\" \/>\n\t<meta name=\"twitter:data2\" content=\"2 minuti\" \/>\n<script type=\"application\/ld+json\" class=\"yoast-schema-graph\">{\"@context\":\"https:\/\/schema.org\",\"@graph\":[{\"@type\":\"Article\",\"@id\":\"https:\/\/www.pressenza.com\/it\/2026\/04\/15-maggio-cerimonia-congiunta-di-commemorazione-della-nakba\/#article\",\"isPartOf\":{\"@id\":\"https:\/\/www.pressenza.com\/it\/2026\/04\/15-maggio-cerimonia-congiunta-di-commemorazione-della-nakba\/\"},\"author\":{\"name\":\"Combatants for Peace\",\"@id\":\"https:\/\/www.pressenza.com\/it\/#\/schema\/person\/a6d616419ef7af2ee1c0134f91f04ba5\"},\"headline\":\"15 maggio, Cerimonia Congiunta di Commemorazione della Nakba\",\"datePublished\":\"2026-04-30T14:17:07+00:00\",\"mainEntityOfPage\":{\"@id\":\"https:\/\/www.pressenza.com\/it\/2026\/04\/15-maggio-cerimonia-congiunta-di-commemorazione-della-nakba\/\"},\"wordCount\":267,\"publisher\":{\"@id\":\"https:\/\/www.pressenza.com\/it\/#organization\"},\"image\":{\"@id\":\"https:\/\/www.pressenza.com\/it\/2026\/04\/15-maggio-cerimonia-congiunta-di-commemorazione-della-nakba\/#primaryimage\"},\"thumbnailUrl\":\"https:\/\/www.pressenza.com\/wp-content\/uploads\/2026\/04\/cerimonia-Nakba.jpeg\",\"keywords\":[\"Cerimonia Congiunta di Commemorazione della Nakba\",\"Combatants for Peace\",\"Gaza\",\"Israele\"],\"articleSection\":[\"Comunicati Stampa\",\"Medio Oriente\",\"Nonviolenza\",\"Pace e Disarmo\"],\"inLanguage\":\"it-IT\"},{\"@type\":\"WebPage\",\"@id\":\"https:\/\/www.pressenza.com\/it\/2026\/04\/15-maggio-cerimonia-congiunta-di-commemorazione-della-nakba\/\",\"url\":\"https:\/\/www.pressenza.com\/it\/2026\/04\/15-maggio-cerimonia-congiunta-di-commemorazione-della-nakba\/\",\"name\":\"15 maggio, Cerimonia Congiunta di Commemorazione della Nakba\",\"isPartOf\":{\"@id\":\"https:\/\/www.pressenza.com\/it\/#website\"},\"primaryImageOfPage\":{\"@id\":\"https:\/\/www.pressenza.com\/it\/2026\/04\/15-maggio-cerimonia-congiunta-di-commemorazione-della-nakba\/#primaryimage\"},\"image\":{\"@id\":\"https:\/\/www.pressenza.com\/it\/2026\/04\/15-maggio-cerimonia-congiunta-di-commemorazione-della-nakba\/#primaryimage\"},\"thumbnailUrl\":\"https:\/\/www.pressenza.com\/wp-content\/uploads\/2026\/04\/cerimonia-Nakba.jpeg\",\"datePublished\":\"2026-04-30T14:17:07+00:00\",\"description\":\"Il 15 maggio 2026 Combatants for Peace terr\u00e0 la sua settima Cerimonia Congiunta di Commemorazione della Nakba. La storia della Nakba non si \u00e8 conclusa nel\",\"breadcrumb\":{\"@id\":\"https:\/\/www.pressenza.com\/it\/2026\/04\/15-maggio-cerimonia-congiunta-di-commemorazione-della-nakba\/#breadcrumb\"},\"inLanguage\":\"it-IT\",\"potentialAction\":[{\"@type\":\"ReadAction\",\"target\":[\"https:\/\/www.pressenza.com\/it\/2026\/04\/15-maggio-cerimonia-congiunta-di-commemorazione-della-nakba\/\"]}]},{\"@type\":\"ImageObject\",\"inLanguage\":\"it-IT\",\"@id\":\"https:\/\/www.pressenza.com\/it\/2026\/04\/15-maggio-cerimonia-congiunta-di-commemorazione-della-nakba\/#primaryimage\",\"url\":\"https:\/\/www.pressenza.com\/wp-content\/uploads\/2026\/04\/cerimonia-Nakba.jpeg\",\"contentUrl\":\"https:\/\/www.pressenza.com\/wp-content\/uploads\/2026\/04\/cerimonia-Nakba.jpeg\",\"width\":1127,\"height\":433},{\"@type\":\"BreadcrumbList\",\"@id\":\"https:\/\/www.pressenza.com\/it\/2026\/04\/15-maggio-cerimonia-congiunta-di-commemorazione-della-nakba\/#breadcrumb\",\"itemListElement\":[{\"@type\":\"ListItem\",\"position\":1,\"name\":\"Accueil\",\"item\":\"https:\/\/www.pressenza.com\/it\/\"},{\"@type\":\"ListItem\",\"position\":2,\"name\":\"15 maggio, Cerimonia Congiunta di Commemorazione della Nakba\"}]},{\"@type\":\"WebSite\",\"@id\":\"https:\/\/www.pressenza.com\/it\/#website\",\"url\":\"https:\/\/www.pressenza.com\/it\/\",\"name\":\"Pressenza\",\"description\":\"Agenzia di Stampa Internazionale\",\"publisher\":{\"@id\":\"https:\/\/www.pressenza.com\/it\/#organization\"},\"potentialAction\":[{\"@type\":\"SearchAction\",\"target\":{\"@type\":\"EntryPoint\",\"urlTemplate\":\"https:\/\/www.pressenza.com\/it\/?s={search_term_string}\"},\"query-input\":{\"@type\":\"PropertyValueSpecification\",\"valueRequired\":true,\"valueName\":\"search_term_string\"}}],\"inLanguage\":\"it-IT\"},{\"@type\":\"Organization\",\"@id\":\"https:\/\/www.pressenza.com\/it\/#organization\",\"name\":\"Pressenza\",\"url\":\"https:\/\/www.pressenza.com\/it\/\",\"logo\":{\"@type\":\"ImageObject\",\"inLanguage\":\"it-IT\",\"@id\":\"https:\/\/www.pressenza.com\/it\/#\/schema\/logo\/image\/\",\"url\":\"https:\/\/www.pressenza.com\/wp-content\/uploads\/2022\/10\/pressenza_logo_200x200.jpg\",\"contentUrl\":\"https:\/\/www.pressenza.com\/wp-content\/uploads\/2022\/10\/pressenza_logo_200x200.jpg\",\"width\":200,\"height\":200,\"caption\":\"Pressenza\"},\"image\":{\"@id\":\"https:\/\/www.pressenza.com\/it\/#\/schema\/logo\/image\/\"},\"sameAs\":[\"https:\/\/www.facebook.com\/PressenzaItalia\",\"https:\/\/x.com\/PressenzaIPA\"]},{\"@type\":\"Person\",\"@id\":\"https:\/\/www.pressenza.com\/it\/#\/schema\/person\/a6d616419ef7af2ee1c0134f91f04ba5\",\"name\":\"Combatants for Peace\",\"description\":\"Combatants for Peace is a grassroots movement of Israelis and Palestinians, working together to end the occupation and bring peace, equality, and freedom to our homeland. https:\/\/www.cfpeace.org\/\",\"sameAs\":[\"https:\/\/www.cfpeace.org\/\"],\"url\":\"https:\/\/www.pressenza.com\/it\/author\/combatants-for-peace\/\"}]}<\/script>\n<!-- \/ Yoast SEO plugin. -->","yoast_head_json":{"title":"15 maggio, Cerimonia Congiunta di Commemorazione della Nakba","description":"Il 15 maggio 2026 Combatants for Peace terr\u00e0 la sua settima Cerimonia Congiunta di Commemorazione della Nakba. La storia della Nakba non si \u00e8 conclusa nel","robots":{"index":"index","follow":"follow","max-snippet":"max-snippet:-1","max-image-preview":"max-image-preview:large","max-video-preview":"max-video-preview:-1"},"canonical":"https:\/\/www.pressenza.com\/it\/2026\/04\/15-maggio-cerimonia-congiunta-di-commemorazione-della-nakba\/","og_locale":"it_IT","og_type":"article","og_title":"15 maggio, Cerimonia Congiunta di Commemorazione della Nakba","og_description":"Il 15 maggio 2026 Combatants for Peace terr\u00e0 la sua settima Cerimonia Congiunta di Commemorazione della Nakba. La storia della Nakba non si \u00e8 conclusa nel","og_url":"https:\/\/www.pressenza.com\/it\/2026\/04\/15-maggio-cerimonia-congiunta-di-commemorazione-della-nakba\/","og_site_name":"Pressenza","article_publisher":"https:\/\/www.facebook.com\/PressenzaItalia","article_published_time":"2026-04-30T14:17:07+00:00","og_image":[{"width":1127,"height":433,"url":"https:\/\/www.pressenza.com\/wp-content\/uploads\/2026\/04\/cerimonia-Nakba.jpeg","type":"image\/jpeg"}],"author":"Combatants for Peace","twitter_card":"summary_large_image","twitter_creator":"@PressenzaIPA","twitter_site":"@PressenzaIPA","twitter_misc":{"Scritto da":"Combatants for Peace","Tempo di lettura stimato":"2 minuti"},"schema":{"@context":"https:\/\/schema.org","@graph":[{"@type":"Article","@id":"https:\/\/www.pressenza.com\/it\/2026\/04\/15-maggio-cerimonia-congiunta-di-commemorazione-della-nakba\/#article","isPartOf":{"@id":"https:\/\/www.pressenza.com\/it\/2026\/04\/15-maggio-cerimonia-congiunta-di-commemorazione-della-nakba\/"},"author":{"name":"Combatants for Peace","@id":"https:\/\/www.pressenza.com\/it\/#\/schema\/person\/a6d616419ef7af2ee1c0134f91f04ba5"},"headline":"15 maggio, Cerimonia Congiunta di Commemorazione della Nakba","datePublished":"2026-04-30T14:17:07+00:00","mainEntityOfPage":{"@id":"https:\/\/www.pressenza.com\/it\/2026\/04\/15-maggio-cerimonia-congiunta-di-commemorazione-della-nakba\/"},"wordCount":267,"publisher":{"@id":"https:\/\/www.pressenza.com\/it\/#organization"},"image":{"@id":"https:\/\/www.pressenza.com\/it\/2026\/04\/15-maggio-cerimonia-congiunta-di-commemorazione-della-nakba\/#primaryimage"},"thumbnailUrl":"https:\/\/www.pressenza.com\/wp-content\/uploads\/2026\/04\/cerimonia-Nakba.jpeg","keywords":["Cerimonia Congiunta di Commemorazione della Nakba","Combatants for Peace","Gaza","Israele"],"articleSection":["Comunicati Stampa","Medio Oriente","Nonviolenza","Pace e Disarmo"],"inLanguage":"it-IT"},{"@type":"WebPage","@id":"https:\/\/www.pressenza.com\/it\/2026\/04\/15-maggio-cerimonia-congiunta-di-commemorazione-della-nakba\/","url":"https:\/\/www.pressenza.com\/it\/2026\/04\/15-maggio-cerimonia-congiunta-di-commemorazione-della-nakba\/","name":"15 maggio, Cerimonia Congiunta di Commemorazione della Nakba","isPartOf":{"@id":"https:\/\/www.pressenza.com\/it\/#website"},"primaryImageOfPage":{"@id":"https:\/\/www.pressenza.com\/it\/2026\/04\/15-maggio-cerimonia-congiunta-di-commemorazione-della-nakba\/#primaryimage"},"image":{"@id":"https:\/\/www.pressenza.com\/it\/2026\/04\/15-maggio-cerimonia-congiunta-di-commemorazione-della-nakba\/#primaryimage"},"thumbnailUrl":"https:\/\/www.pressenza.com\/wp-content\/uploads\/2026\/04\/cerimonia-Nakba.jpeg","datePublished":"2026-04-30T14:17:07+00:00","description":"Il 15 maggio 2026 Combatants for Peace terr\u00e0 la sua settima Cerimonia Congiunta di Commemorazione della Nakba. La storia della Nakba non si \u00e8 conclusa nel","breadcrumb":{"@id":"https:\/\/www.pressenza.com\/it\/2026\/04\/15-maggio-cerimonia-congiunta-di-commemorazione-della-nakba\/#breadcrumb"},"inLanguage":"it-IT","potentialAction":[{"@type":"ReadAction","target":["https:\/\/www.pressenza.com\/it\/2026\/04\/15-maggio-cerimonia-congiunta-di-commemorazione-della-nakba\/"]}]},{"@type":"ImageObject","inLanguage":"it-IT","@id":"https:\/\/www.pressenza.com\/it\/2026\/04\/15-maggio-cerimonia-congiunta-di-commemorazione-della-nakba\/#primaryimage","url":"https:\/\/www.pressenza.com\/wp-content\/uploads\/2026\/04\/cerimonia-Nakba.jpeg","contentUrl":"https:\/\/www.pressenza.com\/wp-content\/uploads\/2026\/04\/cerimonia-Nakba.jpeg","width":1127,"height":433},{"@type":"BreadcrumbList","@id":"https:\/\/www.pressenza.com\/it\/2026\/04\/15-maggio-cerimonia-congiunta-di-commemorazione-della-nakba\/#breadcrumb","itemListElement":[{"@type":"ListItem","position":1,"name":"Accueil","item":"https:\/\/www.pressenza.com\/it\/"},{"@type":"ListItem","position":2,"name":"15 maggio, Cerimonia Congiunta di Commemorazione della Nakba"}]},{"@type":"WebSite","@id":"https:\/\/www.pressenza.com\/it\/#website","url":"https:\/\/www.pressenza.com\/it\/","name":"Pressenza","description":"Agenzia di Stampa Internazionale","publisher":{"@id":"https:\/\/www.pressenza.com\/it\/#organization"},"potentialAction":[{"@type":"SearchAction","target":{"@type":"EntryPoint","urlTemplate":"https:\/\/www.pressenza.com\/it\/?s={search_term_string}"},"query-input":{"@type":"PropertyValueSpecification","valueRequired":true,"valueName":"search_term_string"}}],"inLanguage":"it-IT"},{"@type":"Organization","@id":"https:\/\/www.pressenza.com\/it\/#organization","name":"Pressenza","url":"https:\/\/www.pressenza.com\/it\/","logo":{"@type":"ImageObject","inLanguage":"it-IT","@id":"https:\/\/www.pressenza.com\/it\/#\/schema\/logo\/image\/","url":"https:\/\/www.pressenza.com\/wp-content\/uploads\/2022\/10\/pressenza_logo_200x200.jpg","contentUrl":"https:\/\/www.pressenza.com\/wp-content\/uploads\/2022\/10\/pressenza_logo_200x200.jpg","width":200,"height":200,"caption":"Pressenza"},"image":{"@id":"https:\/\/www.pressenza.com\/it\/#\/schema\/logo\/image\/"},"sameAs":["https:\/\/www.facebook.com\/PressenzaItalia","https:\/\/x.com\/PressenzaIPA"]},{"@type":"Person","@id":"https:\/\/www.pressenza.com\/it\/#\/schema\/person\/a6d616419ef7af2ee1c0134f91f04ba5","name":"Combatants for Peace","description":"Combatants for Peace is a grassroots movement of Israelis and Palestinians, working together to end the occupation and bring peace, equality, and freedom to our homeland. https:\/\/www.cfpeace.org\/","sameAs":["https:\/\/www.cfpeace.org\/"],"url":"https:\/\/www.pressenza.com\/it\/author\/combatants-for-peace\/"}]}},"place":"","original_article_url":"","_links":{"self":[{"href":"https:\/\/www.pressenza.com\/it\/wp-json\/wp\/v2\/posts\/2696773","targetHints":{"allow":["GET"]}}],"collection":[{"href":"https:\/\/www.pressenza.com\/it\/wp-json\/wp\/v2\/posts"}],"about":[{"href":"https:\/\/www.pressenza.com\/it\/wp-json\/wp\/v2\/types\/post"}],"author":[{"embeddable":true,"href":"https:\/\/www.pressenza.com\/it\/wp-json\/wp\/v2\/users\/2478"}],"replies":[{"embeddable":true,"href":"https:\/\/www.pressenza.com\/it\/wp-json\/wp\/v2\/comments?post=2696773"}],"version-history":[{"count":1,"href":"https:\/\/www.pressenza.com\/it\/wp-json\/wp\/v2\/posts\/2696773\/revisions"}],"predecessor-version":[{"id":2696780,"href":"https:\/\/www.pressenza.com\/it\/wp-json\/wp\/v2\/posts\/2696773\/revisions\/2696780"}],"wp:featuredmedia":[{"embeddable":true,"href":"https:\/\/www.pressenza.com\/it\/wp-json\/wp\/v2\/media\/2696777"}],"wp:attachment":[{"href":"https:\/\/www.pressenza.com\/it\/wp-json\/wp\/v2\/media?parent=2696773"}],"wp:term":[{"taxonomy":"category","embeddable":true,"href":"https:\/\/www.pressenza.com\/it\/wp-json\/wp\/v2\/categories?post=2696773"},{"taxonomy":"post_tag","embeddable":true,"href":"https:\/\/www.pressenza.com\/it\/wp-json\/wp\/v2\/tags?post=2696773"}],"curies":[{"name":"wp","href":"https:\/\/api.w.org\/{rel}","templated":true}]}}