{"id":2696761,"date":"2026-04-30T14:58:12","date_gmt":"2026-04-30T13:58:12","guid":{"rendered":"https:\/\/www.pressenza.com\/?p=2696761"},"modified":"2026-04-30T14:58:12","modified_gmt":"2026-04-30T13:58:12","slug":"progetto-palestina-2026-aiutiamoli-insieme","status":"publish","type":"post","link":"https:\/\/www.pressenza.com\/it\/2026\/04\/progetto-palestina-2026-aiutiamoli-insieme\/","title":{"rendered":"Progetto Palestina 2026: \u201cAiutiamoli insieme\u201d"},"content":{"rendered":"<p>Raccolta fondi a favore del Centro ospedaliero BASR di Betlemme.<\/p>\n<p>Al via la raccolta fondi per supportare il Centro Ospedaliero BASR di Betlemme, in Cisgiordania;<br \/>\nl\u2019attuale raccolta fondi, che rester\u00e0 attiva fino al 31 dicembre 2026, promossa da CGIL Forl\u00ec<br \/>\nCesena, CISL Romagna, UIL Forl\u00ec e ACLI Forl\u00ec-Cesena, con il supporto del Centro per la Pace di<br \/>\nForl\u00ec, prende forma da un percorso di confronto sviluppatosi proprio all\u2019interno del Centro per la<br \/>\nPace, su impulso di Don Stefano Pascucci nell\u2019ambito della Pastorale del Lavoro della Diocesi di<br \/>\nForl\u00ec-Bertinoro.<\/p>\n<p>Questo momento di incontro \u00e8 maturato a seguito di un\u2019esperienza diretta nei territori della<br \/>\nCisgiordania. All\u2019inizio di quest\u2019anno una delegazione del territorio, in un\u2019iniziativa di visita in<br \/>\npellegrinaggio promossa dalla Diocesi, aperta al popolo della pace e sostenuta da diverse realt\u00e0 tra<br \/>\ncui CGIL CISL UIL e ACLI, ha visitato diverse realt\u00e0 locali, tra cui il centro ospedaliero Bethlehem<br \/>\nArab Society for Rehabilitation (BASR) a Betlemme (West Bank, Palestine).<\/p>\n<p>L\u2019esperienza ha favorito una comprensione diretta delle condizioni di vita delle persone e ha<br \/>\nrafforzato la volont\u00e0 di costruire una risposta concreta e condivisa; da qui \u00e8 nata la volont\u00e0 di<br \/>\nraccogliere fondi per sostenere le attivit\u00e0 sanitarie e di riabilitazione rivolte alle vittime a Gaza e in<br \/>\nCisgiordania.<\/p>\n<p>Con questo progetto il territorio forlivese ha dato vita a un\u2019azione coordinata di solidariet\u00e0<br \/>\ninternazionale, con l\u2019obiettivo di sostenere il centro ospedaliero BASR di Betlemme, una realt\u00e0<br \/>\nfondamentale per l\u2019accesso alle cure riabilitative per persone ferite, con disabilit\u00e0 e per chi vive le<br \/>\nconseguenze dei conflitti in corso nella regione.<\/p>\n<p>Il progetto si pone in continuit\u00e0 con quello avviato precedentemente dalla Regione Emilia-Romagna<br \/>\na Nablus, Jenin e Betlemme, comprendente supporto psico-socioeducativo, distribuzione di<br \/>\nmateriale didattico, assistenza ai disabili e formazione per il personale nei campi profughi affidato<br \/>\nalla Fondazione AVSI e che ha visto proprio il sostegno alle attivit\u00e0 del Centro Ospedaliero BASR<br \/>\ncome rendicontato dal Comune di Forl\u00ec, partner del progetto assieme alla Regione.<br \/>\nInvitiamo tutte e tutti a partecipare alla raccolta fondi anche con un piccolo contributo, ogni aiuto \u00e8<br \/>\nimportante per sostenere il Centro Ospedaliero BASR per la cura, per la dignit\u00e0 delle persone, per<br \/>\nl\u2019inclusione, anche in contesti complessi e fragili.<\/p>\n<p>\u00c8 possibile contribuire fino al 31.12.2026, salvo proroghe, attraverso donazione:<br \/>\nIntestatario: Centro per la Pace Forl\u00ec \u2013 Progetto Palestina 2026<br \/>\nIBAN: IT49G05018024000000020000899<\/p>\n<p>Le risorse saranno interamente versate per il sostegno delle attivit\u00e0 del Centro ospedaliero<br \/>\nBethlehem Arab Society for Rehabilitation (BASR), a Betlemme (West Bank, Palestine).<\/p>\n","protected":false},"excerpt":{"rendered":"<p>Raccolta fondi a favore del Centro ospedaliero BASR di Betlemme. Al via la raccolta fondi per supportare il Centro Ospedaliero BASR di Betlemme, in Cisgiordania; l\u2019attuale raccolta fondi, che rester\u00e0 attiva fino al 31 dicembre 2026, promossa da CGIL Forl\u00ec&hellip;<\/p>\n","protected":false},"author":2449,"featured_media":2696270,"comment_status":"closed","ping_status":"closed","sticky":false,"template":"","format":"standard","meta":{"footnotes":""},"categories":[150,57],"tags":[897,1578,139906,1227],"class_list":["post-2696761","post","type-post","status-publish","format-standard","has-post-thumbnail","hentry","category-comunicati-stampa","category-affari-esteri","tag-diritti-umani","tag-medio-oriente-it","tag-pace-it","tag-palestina-it"],"yoast_head":"<!-- This site is optimized with the Yoast SEO plugin v27.1.1 - https:\/\/yoast.com\/product\/yoast-seo-wordpress\/ -->\n<title>Progetto Palestina 2026: \u201cAiutiamoli insieme\u201d<\/title>\n<meta name=\"description\" content=\"Raccolta fondi a favore del Centro ospedaliero BASR di Betlemme. Al via la raccolta fondi per supportare il Centro Ospedaliero BASR di Betlemme, in\" \/>\n<meta name=\"robots\" content=\"index, follow, max-snippet:-1, max-image-preview:large, max-video-preview:-1\" \/>\n<link rel=\"canonical\" href=\"https:\/\/www.pressenza.com\/it\/2026\/04\/progetto-palestina-2026-aiutiamoli-insieme\/\" \/>\n<meta property=\"og:locale\" content=\"it_IT\" \/>\n<meta property=\"og:type\" content=\"article\" \/>\n<meta property=\"og:title\" content=\"Progetto Palestina 2026: \u201cAiutiamoli insieme\u201d\" \/>\n<meta property=\"og:description\" content=\"Raccolta fondi a favore del Centro ospedaliero BASR di Betlemme. Al via la raccolta fondi per supportare il Centro Ospedaliero BASR di Betlemme, in\" \/>\n<meta property=\"og:url\" content=\"https:\/\/www.pressenza.com\/it\/2026\/04\/progetto-palestina-2026-aiutiamoli-insieme\/\" \/>\n<meta property=\"og:site_name\" content=\"Pressenza\" \/>\n<meta property=\"article:publisher\" content=\"https:\/\/www.facebook.com\/PressenzaItalia\" \/>\n<meta property=\"article:published_time\" content=\"2026-04-30T13:58:12+00:00\" \/>\n<meta property=\"og:image\" content=\"https:\/\/www.pressenza.com\/wp-content\/uploads\/2026\/04\/aYj4YHQ2beDW.jpg\" \/>\n\t<meta property=\"og:image:width\" content=\"1280\" \/>\n\t<meta property=\"og:image:height\" content=\"847\" \/>\n\t<meta property=\"og:image:type\" content=\"image\/jpeg\" \/>\n<meta name=\"author\" content=\"Redazione Romagna\" \/>\n<meta name=\"twitter:card\" content=\"summary_large_image\" \/>\n<meta name=\"twitter:creator\" content=\"@PressenzaIPA\" \/>\n<meta name=\"twitter:site\" content=\"@PressenzaIPA\" \/>\n<meta name=\"twitter:label1\" content=\"Scritto da\" \/>\n\t<meta name=\"twitter:data1\" content=\"Redazione Romagna\" \/>\n\t<meta name=\"twitter:label2\" content=\"Tempo di lettura stimato\" \/>\n\t<meta name=\"twitter:data2\" content=\"2 minuti\" \/>\n<script type=\"application\/ld+json\" class=\"yoast-schema-graph\">{\"@context\":\"https:\/\/schema.org\",\"@graph\":[{\"@type\":\"Article\",\"@id\":\"https:\/\/www.pressenza.com\/it\/2026\/04\/progetto-palestina-2026-aiutiamoli-insieme\/#article\",\"isPartOf\":{\"@id\":\"https:\/\/www.pressenza.com\/it\/2026\/04\/progetto-palestina-2026-aiutiamoli-insieme\/\"},\"author\":{\"name\":\"Redazione Romagna\",\"@id\":\"https:\/\/www.pressenza.com\/it\/#\/schema\/person\/bd20012effb4a200220e868c6dc89e72\"},\"headline\":\"Progetto Palestina 2026: \u201cAiutiamoli insieme\u201d\",\"datePublished\":\"2026-04-30T13:58:12+00:00\",\"mainEntityOfPage\":{\"@id\":\"https:\/\/www.pressenza.com\/it\/2026\/04\/progetto-palestina-2026-aiutiamoli-insieme\/\"},\"wordCount\":417,\"publisher\":{\"@id\":\"https:\/\/www.pressenza.com\/it\/#organization\"},\"image\":{\"@id\":\"https:\/\/www.pressenza.com\/it\/2026\/04\/progetto-palestina-2026-aiutiamoli-insieme\/#primaryimage\"},\"thumbnailUrl\":\"https:\/\/www.pressenza.com\/wp-content\/uploads\/2026\/04\/aYj4YHQ2beDW.jpg\",\"keywords\":[\"diritti umani\",\"Medio Oriente\",\"Pace\",\"Palestina\"],\"articleSection\":[\"Comunicati Stampa\",\"Questioni internazionali\"],\"inLanguage\":\"it-IT\"},{\"@type\":\"WebPage\",\"@id\":\"https:\/\/www.pressenza.com\/it\/2026\/04\/progetto-palestina-2026-aiutiamoli-insieme\/\",\"url\":\"https:\/\/www.pressenza.com\/it\/2026\/04\/progetto-palestina-2026-aiutiamoli-insieme\/\",\"name\":\"Progetto Palestina 2026: \u201cAiutiamoli insieme\u201d\",\"isPartOf\":{\"@id\":\"https:\/\/www.pressenza.com\/it\/#website\"},\"primaryImageOfPage\":{\"@id\":\"https:\/\/www.pressenza.com\/it\/2026\/04\/progetto-palestina-2026-aiutiamoli-insieme\/#primaryimage\"},\"image\":{\"@id\":\"https:\/\/www.pressenza.com\/it\/2026\/04\/progetto-palestina-2026-aiutiamoli-insieme\/#primaryimage\"},\"thumbnailUrl\":\"https:\/\/www.pressenza.com\/wp-content\/uploads\/2026\/04\/aYj4YHQ2beDW.jpg\",\"datePublished\":\"2026-04-30T13:58:12+00:00\",\"description\":\"Raccolta fondi a favore del Centro ospedaliero BASR di Betlemme. Al via la raccolta fondi per supportare il Centro Ospedaliero BASR di Betlemme, in\",\"breadcrumb\":{\"@id\":\"https:\/\/www.pressenza.com\/it\/2026\/04\/progetto-palestina-2026-aiutiamoli-insieme\/#breadcrumb\"},\"inLanguage\":\"it-IT\",\"potentialAction\":[{\"@type\":\"ReadAction\",\"target\":[\"https:\/\/www.pressenza.com\/it\/2026\/04\/progetto-palestina-2026-aiutiamoli-insieme\/\"]}]},{\"@type\":\"ImageObject\",\"inLanguage\":\"it-IT\",\"@id\":\"https:\/\/www.pressenza.com\/it\/2026\/04\/progetto-palestina-2026-aiutiamoli-insieme\/#primaryimage\",\"url\":\"https:\/\/www.pressenza.com\/wp-content\/uploads\/2026\/04\/aYj4YHQ2beDW.jpg\",\"contentUrl\":\"https:\/\/www.pressenza.com\/wp-content\/uploads\/2026\/04\/aYj4YHQ2beDW.jpg\",\"width\":1280,\"height\":847,\"caption\":\"\\\"Com\u2019e\u0300 il cielo in Palestina?\\\", opera ideata da Giovanni Gaggia per Global Sumud Flotilla - 26 APRILE 2026, porto di Augusta\"},{\"@type\":\"BreadcrumbList\",\"@id\":\"https:\/\/www.pressenza.com\/it\/2026\/04\/progetto-palestina-2026-aiutiamoli-insieme\/#breadcrumb\",\"itemListElement\":[{\"@type\":\"ListItem\",\"position\":1,\"name\":\"Accueil\",\"item\":\"https:\/\/www.pressenza.com\/it\/\"},{\"@type\":\"ListItem\",\"position\":2,\"name\":\"Progetto Palestina 2026: \u201cAiutiamoli insieme\u201d\"}]},{\"@type\":\"WebSite\",\"@id\":\"https:\/\/www.pressenza.com\/it\/#website\",\"url\":\"https:\/\/www.pressenza.com\/it\/\",\"name\":\"Pressenza\",\"description\":\"Agenzia di Stampa Internazionale\",\"publisher\":{\"@id\":\"https:\/\/www.pressenza.com\/it\/#organization\"},\"potentialAction\":[{\"@type\":\"SearchAction\",\"target\":{\"@type\":\"EntryPoint\",\"urlTemplate\":\"https:\/\/www.pressenza.com\/it\/?s={search_term_string}\"},\"query-input\":{\"@type\":\"PropertyValueSpecification\",\"valueRequired\":true,\"valueName\":\"search_term_string\"}}],\"inLanguage\":\"it-IT\"},{\"@type\":\"Organization\",\"@id\":\"https:\/\/www.pressenza.com\/it\/#organization\",\"name\":\"Pressenza\",\"url\":\"https:\/\/www.pressenza.com\/it\/\",\"logo\":{\"@type\":\"ImageObject\",\"inLanguage\":\"it-IT\",\"@id\":\"https:\/\/www.pressenza.com\/it\/#\/schema\/logo\/image\/\",\"url\":\"https:\/\/www.pressenza.com\/wp-content\/uploads\/2022\/10\/pressenza_logo_200x200.jpg\",\"contentUrl\":\"https:\/\/www.pressenza.com\/wp-content\/uploads\/2022\/10\/pressenza_logo_200x200.jpg\",\"width\":200,\"height\":200,\"caption\":\"Pressenza\"},\"image\":{\"@id\":\"https:\/\/www.pressenza.com\/it\/#\/schema\/logo\/image\/\"},\"sameAs\":[\"https:\/\/www.facebook.com\/PressenzaItalia\",\"https:\/\/x.com\/PressenzaIPA\"]},{\"@type\":\"Person\",\"@id\":\"https:\/\/www.pressenza.com\/it\/#\/schema\/person\/bd20012effb4a200220e868c6dc89e72\",\"name\":\"Redazione Romagna\",\"url\":\"https:\/\/www.pressenza.com\/it\/author\/redazione-romagna\/\"}]}<\/script>\n<!-- \/ Yoast SEO plugin. -->","yoast_head_json":{"title":"Progetto Palestina 2026: \u201cAiutiamoli insieme\u201d","description":"Raccolta fondi a favore del Centro ospedaliero BASR di Betlemme. Al via la raccolta fondi per supportare il Centro Ospedaliero BASR di Betlemme, in","robots":{"index":"index","follow":"follow","max-snippet":"max-snippet:-1","max-image-preview":"max-image-preview:large","max-video-preview":"max-video-preview:-1"},"canonical":"https:\/\/www.pressenza.com\/it\/2026\/04\/progetto-palestina-2026-aiutiamoli-insieme\/","og_locale":"it_IT","og_type":"article","og_title":"Progetto Palestina 2026: \u201cAiutiamoli insieme\u201d","og_description":"Raccolta fondi a favore del Centro ospedaliero BASR di Betlemme. Al via la raccolta fondi per supportare il Centro Ospedaliero BASR di Betlemme, in","og_url":"https:\/\/www.pressenza.com\/it\/2026\/04\/progetto-palestina-2026-aiutiamoli-insieme\/","og_site_name":"Pressenza","article_publisher":"https:\/\/www.facebook.com\/PressenzaItalia","article_published_time":"2026-04-30T13:58:12+00:00","og_image":[{"width":1280,"height":847,"url":"https:\/\/www.pressenza.com\/wp-content\/uploads\/2026\/04\/aYj4YHQ2beDW.jpg","type":"image\/jpeg"}],"author":"Redazione Romagna","twitter_card":"summary_large_image","twitter_creator":"@PressenzaIPA","twitter_site":"@PressenzaIPA","twitter_misc":{"Scritto da":"Redazione Romagna","Tempo di lettura stimato":"2 minuti"},"schema":{"@context":"https:\/\/schema.org","@graph":[{"@type":"Article","@id":"https:\/\/www.pressenza.com\/it\/2026\/04\/progetto-palestina-2026-aiutiamoli-insieme\/#article","isPartOf":{"@id":"https:\/\/www.pressenza.com\/it\/2026\/04\/progetto-palestina-2026-aiutiamoli-insieme\/"},"author":{"name":"Redazione Romagna","@id":"https:\/\/www.pressenza.com\/it\/#\/schema\/person\/bd20012effb4a200220e868c6dc89e72"},"headline":"Progetto Palestina 2026: \u201cAiutiamoli insieme\u201d","datePublished":"2026-04-30T13:58:12+00:00","mainEntityOfPage":{"@id":"https:\/\/www.pressenza.com\/it\/2026\/04\/progetto-palestina-2026-aiutiamoli-insieme\/"},"wordCount":417,"publisher":{"@id":"https:\/\/www.pressenza.com\/it\/#organization"},"image":{"@id":"https:\/\/www.pressenza.com\/it\/2026\/04\/progetto-palestina-2026-aiutiamoli-insieme\/#primaryimage"},"thumbnailUrl":"https:\/\/www.pressenza.com\/wp-content\/uploads\/2026\/04\/aYj4YHQ2beDW.jpg","keywords":["diritti umani","Medio Oriente","Pace","Palestina"],"articleSection":["Comunicati Stampa","Questioni internazionali"],"inLanguage":"it-IT"},{"@type":"WebPage","@id":"https:\/\/www.pressenza.com\/it\/2026\/04\/progetto-palestina-2026-aiutiamoli-insieme\/","url":"https:\/\/www.pressenza.com\/it\/2026\/04\/progetto-palestina-2026-aiutiamoli-insieme\/","name":"Progetto Palestina 2026: \u201cAiutiamoli insieme\u201d","isPartOf":{"@id":"https:\/\/www.pressenza.com\/it\/#website"},"primaryImageOfPage":{"@id":"https:\/\/www.pressenza.com\/it\/2026\/04\/progetto-palestina-2026-aiutiamoli-insieme\/#primaryimage"},"image":{"@id":"https:\/\/www.pressenza.com\/it\/2026\/04\/progetto-palestina-2026-aiutiamoli-insieme\/#primaryimage"},"thumbnailUrl":"https:\/\/www.pressenza.com\/wp-content\/uploads\/2026\/04\/aYj4YHQ2beDW.jpg","datePublished":"2026-04-30T13:58:12+00:00","description":"Raccolta fondi a favore del Centro ospedaliero BASR di Betlemme. Al via la raccolta fondi per supportare il Centro Ospedaliero BASR di Betlemme, in","breadcrumb":{"@id":"https:\/\/www.pressenza.com\/it\/2026\/04\/progetto-palestina-2026-aiutiamoli-insieme\/#breadcrumb"},"inLanguage":"it-IT","potentialAction":[{"@type":"ReadAction","target":["https:\/\/www.pressenza.com\/it\/2026\/04\/progetto-palestina-2026-aiutiamoli-insieme\/"]}]},{"@type":"ImageObject","inLanguage":"it-IT","@id":"https:\/\/www.pressenza.com\/it\/2026\/04\/progetto-palestina-2026-aiutiamoli-insieme\/#primaryimage","url":"https:\/\/www.pressenza.com\/wp-content\/uploads\/2026\/04\/aYj4YHQ2beDW.jpg","contentUrl":"https:\/\/www.pressenza.com\/wp-content\/uploads\/2026\/04\/aYj4YHQ2beDW.jpg","width":1280,"height":847,"caption":"\"Com\u2019e\u0300 il cielo in Palestina?\", opera ideata da Giovanni Gaggia per Global Sumud Flotilla - 26 APRILE 2026, porto di Augusta"},{"@type":"BreadcrumbList","@id":"https:\/\/www.pressenza.com\/it\/2026\/04\/progetto-palestina-2026-aiutiamoli-insieme\/#breadcrumb","itemListElement":[{"@type":"ListItem","position":1,"name":"Accueil","item":"https:\/\/www.pressenza.com\/it\/"},{"@type":"ListItem","position":2,"name":"Progetto Palestina 2026: \u201cAiutiamoli insieme\u201d"}]},{"@type":"WebSite","@id":"https:\/\/www.pressenza.com\/it\/#website","url":"https:\/\/www.pressenza.com\/it\/","name":"Pressenza","description":"Agenzia di Stampa Internazionale","publisher":{"@id":"https:\/\/www.pressenza.com\/it\/#organization"},"potentialAction":[{"@type":"SearchAction","target":{"@type":"EntryPoint","urlTemplate":"https:\/\/www.pressenza.com\/it\/?s={search_term_string}"},"query-input":{"@type":"PropertyValueSpecification","valueRequired":true,"valueName":"search_term_string"}}],"inLanguage":"it-IT"},{"@type":"Organization","@id":"https:\/\/www.pressenza.com\/it\/#organization","name":"Pressenza","url":"https:\/\/www.pressenza.com\/it\/","logo":{"@type":"ImageObject","inLanguage":"it-IT","@id":"https:\/\/www.pressenza.com\/it\/#\/schema\/logo\/image\/","url":"https:\/\/www.pressenza.com\/wp-content\/uploads\/2022\/10\/pressenza_logo_200x200.jpg","contentUrl":"https:\/\/www.pressenza.com\/wp-content\/uploads\/2022\/10\/pressenza_logo_200x200.jpg","width":200,"height":200,"caption":"Pressenza"},"image":{"@id":"https:\/\/www.pressenza.com\/it\/#\/schema\/logo\/image\/"},"sameAs":["https:\/\/www.facebook.com\/PressenzaItalia","https:\/\/x.com\/PressenzaIPA"]},{"@type":"Person","@id":"https:\/\/www.pressenza.com\/it\/#\/schema\/person\/bd20012effb4a200220e868c6dc89e72","name":"Redazione Romagna","url":"https:\/\/www.pressenza.com\/it\/author\/redazione-romagna\/"}]}},"place":"","original_article_url":"","_links":{"self":[{"href":"https:\/\/www.pressenza.com\/it\/wp-json\/wp\/v2\/posts\/2696761","targetHints":{"allow":["GET"]}}],"collection":[{"href":"https:\/\/www.pressenza.com\/it\/wp-json\/wp\/v2\/posts"}],"about":[{"href":"https:\/\/www.pressenza.com\/it\/wp-json\/wp\/v2\/types\/post"}],"author":[{"embeddable":true,"href":"https:\/\/www.pressenza.com\/it\/wp-json\/wp\/v2\/users\/2449"}],"replies":[{"embeddable":true,"href":"https:\/\/www.pressenza.com\/it\/wp-json\/wp\/v2\/comments?post=2696761"}],"version-history":[{"count":2,"href":"https:\/\/www.pressenza.com\/it\/wp-json\/wp\/v2\/posts\/2696761\/revisions"}],"predecessor-version":[{"id":2696799,"href":"https:\/\/www.pressenza.com\/it\/wp-json\/wp\/v2\/posts\/2696761\/revisions\/2696799"}],"wp:featuredmedia":[{"embeddable":true,"href":"https:\/\/www.pressenza.com\/it\/wp-json\/wp\/v2\/media\/2696270"}],"wp:attachment":[{"href":"https:\/\/www.pressenza.com\/it\/wp-json\/wp\/v2\/media?parent=2696761"}],"wp:term":[{"taxonomy":"category","embeddable":true,"href":"https:\/\/www.pressenza.com\/it\/wp-json\/wp\/v2\/categories?post=2696761"},{"taxonomy":"post_tag","embeddable":true,"href":"https:\/\/www.pressenza.com\/it\/wp-json\/wp\/v2\/tags?post=2696761"}],"curies":[{"name":"wp","href":"https:\/\/api.w.org\/{rel}","templated":true}]}}