{"id":2696753,"date":"2026-04-30T14:35:01","date_gmt":"2026-04-30T13:35:01","guid":{"rendered":"https:\/\/www.pressenza.com\/?p=2696753"},"modified":"2026-04-30T14:35:01","modified_gmt":"2026-04-30T13:35:01","slug":"a-new-york-la-conferenza-del-trattato-di-non-proliferazione-lora-della-verita-per-il-disarmo-nucleare","status":"publish","type":"post","link":"https:\/\/www.pressenza.com\/it\/2026\/04\/a-new-york-la-conferenza-del-trattato-di-non-proliferazione-lora-della-verita-per-il-disarmo-nucleare\/","title":{"rendered":"A New York la conferenza del Trattato di non proliferazione: l\u2019ora della verit\u00e0 per il disarmo nucleare"},"content":{"rendered":"<p><strong>Mentre gli arsenali crescono e le potenze nucleari ignorano i propri obblighi, l\u2019XI Conferenza di revisione del Trattato di Non Proliferazione si apre in un clima di allarme: solo il TPAN offre un percorso concreto verso il disarmo.<\/strong><\/p>\n<p>Dal 27 aprile al 22 maggio si svolge a New York, presso la sede delle Nazioni Unite, l\u2019XI Conferenza di revisione del Trattato di non proliferazione delle armi nucleari (TNP).\u00a0<strong>Rete Pace Disarmo segue con attenzione questo processo come parte della campagna ICAN, Premio Nobel per la Pace 2017, e lo fa con un misto di urgenza e lucidit\u00e0 critica<\/strong>: urgenza, perch\u00e9 il momento non potrebbe essere pi\u00f9 grave e lucidit\u00e0, perch\u00e9 occorre guardare in faccia una realt\u00e0 scomoda.<\/p>\n<p><strong>Un trattato che non funziona pi\u00f9<\/strong><\/p>\n<p>Il TNP \u00e8 entrato in vigore nel 1970 fondato su una promessa reciproca: i Paesi privi di armi nucleari si impegnavano a non svilupparle, i cinque Stati gi\u00e0 dotati di arsenali (Stati Uniti, Russia, Cina, Francia e Regno Unito) si impegnavano a eliminarli.\u00a0<strong>Cinquantasei anni dopo, una parte ha mantenuto la parola, l\u2019altra no.<\/strong><\/p>\n<p><strong>Come\u00a0<a href=\"https:\/\/retepacedisarmo.us14.list-manage.com\/track\/click?u=fa5bab19e0386a407221c9180&amp;id=acbd893c3f&amp;e=2ae5623109\">documenta in dettaglio il \u201cCornerstone Report\u201d di ICAN<\/a>, le potenze nucleari hanno usato le conferenze di revisione del TNP per\u00a0<em>simulare<\/em>\u00a0il rispetto degli obblighi di disarmo<\/strong>, attraverso un linguaggio diplomatico costruito per oscurare piuttosto che comunicare, attraverso processi che sostituiscono l\u2019attivit\u00e0 ai risultati, attraverso un catalogo permanente di giustificazioni per cui il disarmo \u00e8 sempre necessario ma mai ancora possibile. Il<strong>\u00a0fallimento del pilastro del disarmo del TNP non \u00e8 accidentale: \u00e8 il prodotto di scelte deliberate da parte di Stati specifici<\/strong>. Le due precedenti conferenze di revisione (nel 2015 e nel 2022) si sono concluse senza nessun documento d\u2019accordo.\u00a0<strong>La terza fallisce gi\u00e0 in partenza? \u00c8 la domanda che aleggia sui lavori di queste settimane.<\/strong><\/p>\n<p><strong>La corsa al riarmo che non si pu\u00f2 ignorare<\/strong><\/p>\n<p>I numeri sono incontrovertibili. La spesa militare globale ha raggiunto nel 2025 la cifra record di 2.887 miliardi di dollari, secondo i dati del SIPRI, una cifra che equivale a oltre tredici volte l\u2019ammontare totale degli aiuti allo sviluppo nel mondo. Per la prima volta in decenni, il numero delle testate nucleari nel mondo \u00e8 in aumento. Nel\u00a0<a href=\"https:\/\/retepacedisarmo.us14.list-manage.com\/track\/click?u=fa5bab19e0386a407221c9180&amp;id=0adf6871da&amp;e=2ae5623109\">solo 2024, i nove Stati dotati di armi nucleari hanno speso oltre 100 miliardi di dollari per i loro arsenali: un record storico<\/a>, quasi 10 miliardi in pi\u00f9 rispetto all\u2019anno precedente.<\/p>\n<p>Lo ha detto\u00a0<strong>con chiarezza il Segretario Generale dell\u2019ONU Ant\u00f3nio Guterres, aprendo la conferenza il 27 aprile:\u00a0\u201cLe sciabole nucleari risuonano di nuovo. La sfiducia regna. Le norme conquistate con fatica si stanno erodendo.<\/strong>\u00a0Il controllo degli armamenti sta morendo.\u201d Un quadro impietoso, pronunciato davanti ai rappresentanti di 191 Stati.\u00a0\u201cPer troppo tempo il Trattato si \u00e8 eroso. Gli impegni rimangono inadempiuti. La fiducia e la credibilit\u00e0 si assottigliano,\u201d ha aggiunto Guterres, con un appello diretto:\u00a0\u201cDobbiamo infondere nuova vita al Trattato.\u201d E ancora,\u00a0<strong>una domanda retorica rivolta all\u2019intera comunit\u00e0 internazionale:\u00a0\u201cAbbiamo dimenticato che una guerra nucleare non pu\u00f2 essere vinta e non deve essere combattuta? Abbiamo dimenticato che le armi nucleari non rendono nessuno pi\u00f9 sicuro?\u201d.<\/strong><\/p>\n<p>I Paesi dotati di armi nucleari non si stanno limitando a mantenere i loro arsenali: li stanno modernizzando, potenziando, adattando alle nuove tecnologie. L\u2019intelligenza artificiale e il calcolo quantistico introducono nuovi fattori di rischio che il TNP, nella sua architettura originaria, non \u00e8 attrezzato ad affrontare. Alcuni governi stanno apertamente valutando l\u2019acquisizione di armi nucleari. L\u2019Europa discute di nuove alleanze nucleari e di dottrine modificate e il Canada ha annunciato forniture di uranio all\u2019India, potenza nucleare non firmataria del TNP.\u00a0<strong>Tutte notizie e tendenze che destano grande preoccupazione.<\/strong><\/p>\n<p><strong>Un<\/strong>\u2019<strong>amnesia collettiva pericolosa<\/strong><\/p>\n<p><strong>Guterres ha evocato un\u2019immagine potente: quella di un\u2019amnesia collettiva che ha preso possesso del mondo<\/strong>. Non \u00e8 passato molto tempo da quando i bambini si esercitavano ad accovacciarsi sotto i banchi in caso di attacco missilistico. Da quando la corsa agli armamenti nucleari ci aveva costretti a costruire rifugi antiatomici. Da quando i test nucleari distruggevano ambienti incontaminati e comunit\u00e0 vulnerabili. Da quando l\u2019umanit\u00e0 viveva sotto l\u2019ombra di un potenziale Armageddon nucleare.<\/p>\n<p><strong>Eppure oggi quella memoria si \u00e8 dissolta. Ed \u00e8 in questo vuoto che prosperano le retoriche della deterrenza, le giustificazioni per nuove spese, i rinvii sine die del disarmo.<\/strong><\/p>\n<p>All\u2019apertura della conferenza, fuori dall\u2019aula assembleare, gli\u00a0<em>hibakusha<\/em>\u00a0(i sopravvissuti ai bombardamenti atomici di Hiroshima e Nagasaki) hanno allestito una mostra per ricordare ai leader le loro responsabilit\u00e0.\u00a0<strong>Guterres li ha citati con parole di grande intensit\u00e0 morale:\u00a0\u201cSono sopravvissuti al peggio che l\u2019umanit\u00e0 aveva da offrire per mostrarci il meglio di essa. Ogni anno sono sempre meno, ma il loro messaggio al mondo non potrebbe essere pi\u00f9 attuale e urgente\u201d.<\/strong>\u00a0E ha concluso con un appello:\u00a0\u201cSpezziamo l\u2019amnesia collettiva sulle armi nucleari. Rinnoviamo la fiducia in ci\u00f2 che possiamo raggiungere quando ci uniamo.\u00a0<strong>Agiamo con urgenza per sollevare questa nube che pesa sull\u2019umanit\u00e0<\/strong>\u201d. La sua sintesi finale risuona come un imperativo politico e morale:\u00a0<strong>\u201cIl disarmo non \u00e8 la ricompensa della pace. Il disarmo \u00e8 il fondamento della pace.\u201d<\/strong><\/p>\n<p><strong>Il TPAN: il percorso concreto che esiste gi\u00e0<\/strong><\/p>\n<p>Di fronte allo stallo del TNP, esiste uno strumento che non \u00e8 interlocutorio e non \u00e8 schiavo delle retoriche incrociate: il\u00a0<a href=\"https:\/\/retepacedisarmo.us14.list-manage.com\/track\/click?u=fa5bab19e0386a407221c9180&amp;id=bfa3f8107a&amp;e=2ae5623109\">Trattato sulla proibizione delle armi nucleari (TPAN)<\/a>, in vigore dal gennaio 2021, di cui\u00a0<a href=\"https:\/\/retepacedisarmo.us14.list-manage.com\/track\/click?u=fa5bab19e0386a407221c9180&amp;id=1f401edf28&amp;e=2ae5623109\">quest\u2019anno ricorrono i cinque anni dall\u2019entrata in vigore<\/a>. Come ICAN documenta, la maggioranza dei Paesi del mondo dispone gi\u00e0 di una risposta concreta alla crisi del disarmo nucleare:\u00a0<strong>aderire e ratificare il TPAN, il primo strumento giuridicamente vincolante che mette fuori legge in modo esplicito le armi nucleari in tutte le loro fasi<\/strong>\u00a0(sviluppo, produzione, stoccaggio, trasferimento, uso e minaccia d\u2019uso).<\/p>\n<p>Il\u00a0<strong>TPAN non \u00e8 in contraddizione con il TNP: ne rappresenta l\u2019adempimento pi\u00f9 coerente, la traduzione concreta degli obblighi di disarmo dell\u2019articolo VI che le potenze nucleari non hanno mai onorato<\/strong>. Dove il TNP ha promesso e non mantenuto, il TPAN costruisce norme, stigmatizza gli arsenali, crea pressione economica e politica per il disarmo reale.<\/p>\n<p><strong>Rete Pace Disarmo chiede all\u2019Italia (che come Paese ospita le armi nucleari della NATO sul proprio territorio, in virt\u00f9 degli accordi di\u00a0\u201cnuclear sharing\u201d) di riconsiderare la propria posizione<\/strong>\u00a0e di aprire un dibattito pubblico, parlamentare e civile sulla partecipazione al TPAN. Non farlo significa essere complici di un sistema che tutti dichiarano di voler superare, ma che nessuno tra i potenti ha il coraggio di abbandonare.<\/p>\n<p><strong>L<\/strong>\u2019<strong>urgenza di agire<\/strong><\/p>\n<p>Questa non \u00e8 un\u2019altra conferenza diplomatica di routine. Come ha dichiarato\u00a0<strong>il presidente della conferenza, l\u2019ambasciatore Do Hung Viet del Vietnam:\u00a0\u201cIl pericolo di una guerra nucleare \u00e8 percepito e sentito in modo molto pi\u00f9 concreto in questi giorni. Una corsa agli armamenti nucleari si sta profilando all\u2019orizzonte\u201d.<\/strong>\u00a0Il rischio non \u00e8 astratto. \u00c8 presente, misurabile, crescente.<\/p>\n<p>Rete Pace Disarmo continuer\u00e0 a seguire, denunciare e mobilitare. Perch\u00e9 il disarmo nucleare non \u00e8 un\u2019utopia: \u00e8 una necessit\u00e0 e<strong>\u00a0gli strumenti per perseguirla esistono. Basta avere il coraggio politico di usarli.<\/strong><\/p>\n","protected":false},"excerpt":{"rendered":"<p>Mentre gli arsenali crescono e le potenze nucleari ignorano i propri obblighi, l\u2019XI Conferenza di revisione del Trattato di Non Proliferazione si apre in un clima di allarme: solo il TPAN offre un percorso concreto verso il disarmo. Dal 27&hellip;<\/p>\n","protected":false},"author":1931,"featured_media":2648805,"comment_status":"closed","ping_status":"closed","sticky":false,"template":"","format":"standard","meta":{"footnotes":""},"categories":[150,107392,1263],"tags":[16031,3854,3858,208,139318,156188],"class_list":["post-2696753","post","type-post","status-publish","format-standard","has-post-thumbnail","hentry","category-comunicati-stampa","category-noticia-it","category-pace-disarmo","tag-antonio-guterres","tag-disarmo-nucleare","tag-ican-it","tag-onu","tag-trattato-di-non-proliferazione-tnp","tag-trattato-sulla-proibizione-delle-armi-nucleari-tpan"],"yoast_head":"<!-- This site is optimized with the Yoast SEO plugin v27.1.1 - https:\/\/yoast.com\/product\/yoast-seo-wordpress\/ -->\n<title>A New York la conferenza del Trattato di non proliferazione: l\u2019ora della verit\u00e0 per il disarmo nucleare<\/title>\n<meta name=\"description\" content=\"Mentre gli arsenali crescono e le potenze nucleari ignorano i propri obblighi, l\u2019XI Conferenza di revisione del Trattato di Non Proliferazione si apre in\" \/>\n<meta name=\"robots\" content=\"index, follow, max-snippet:-1, max-image-preview:large, max-video-preview:-1\" \/>\n<link rel=\"canonical\" href=\"https:\/\/www.pressenza.com\/it\/2026\/04\/a-new-york-la-conferenza-del-trattato-di-non-proliferazione-lora-della-verita-per-il-disarmo-nucleare\/\" \/>\n<meta property=\"og:locale\" content=\"it_IT\" \/>\n<meta property=\"og:type\" content=\"article\" \/>\n<meta property=\"og:title\" content=\"A New York la conferenza del Trattato di non proliferazione: l\u2019ora della verit\u00e0 per il disarmo nucleare\" \/>\n<meta property=\"og:description\" content=\"Mentre gli arsenali crescono e le potenze nucleari ignorano i propri obblighi, l\u2019XI Conferenza di revisione del Trattato di Non Proliferazione si apre in\" \/>\n<meta property=\"og:url\" content=\"https:\/\/www.pressenza.com\/it\/2026\/04\/a-new-york-la-conferenza-del-trattato-di-non-proliferazione-lora-della-verita-per-il-disarmo-nucleare\/\" \/>\n<meta property=\"og:site_name\" content=\"Pressenza\" \/>\n<meta property=\"article:publisher\" content=\"https:\/\/www.facebook.com\/PressenzaItalia\" \/>\n<meta property=\"article:published_time\" content=\"2026-04-30T13:35:01+00:00\" \/>\n<meta property=\"og:image\" content=\"https:\/\/www.pressenza.com\/wp-content\/uploads\/2025\/10\/striscione-TPAN-rit.jpg\" \/>\n\t<meta property=\"og:image:width\" content=\"1071\" \/>\n\t<meta property=\"og:image:height\" content=\"672\" \/>\n\t<meta property=\"og:image:type\" content=\"image\/jpeg\" \/>\n<meta name=\"author\" content=\"Rete Italiana Pace e Disarmo\" \/>\n<meta name=\"twitter:card\" content=\"summary_large_image\" \/>\n<meta name=\"twitter:creator\" content=\"@PressenzaIPA\" \/>\n<meta name=\"twitter:site\" content=\"@PressenzaIPA\" \/>\n<meta name=\"twitter:label1\" content=\"Scritto da\" \/>\n\t<meta name=\"twitter:data1\" content=\"Rete Italiana Pace e Disarmo\" \/>\n\t<meta name=\"twitter:label2\" content=\"Tempo di lettura stimato\" \/>\n\t<meta name=\"twitter:data2\" content=\"7 minuti\" \/>\n<script type=\"application\/ld+json\" class=\"yoast-schema-graph\">{\"@context\":\"https:\/\/schema.org\",\"@graph\":[{\"@type\":\"Article\",\"@id\":\"https:\/\/www.pressenza.com\/it\/2026\/04\/a-new-york-la-conferenza-del-trattato-di-non-proliferazione-lora-della-verita-per-il-disarmo-nucleare\/#article\",\"isPartOf\":{\"@id\":\"https:\/\/www.pressenza.com\/it\/2026\/04\/a-new-york-la-conferenza-del-trattato-di-non-proliferazione-lora-della-verita-per-il-disarmo-nucleare\/\"},\"author\":{\"name\":\"Rete Italiana Pace e Disarmo\",\"@id\":\"https:\/\/www.pressenza.com\/it\/#\/schema\/person\/c697939f2f841af28d9c0be1521c28d1\"},\"headline\":\"A New York la conferenza del Trattato di non proliferazione: l\u2019ora della verit\u00e0 per il disarmo nucleare\",\"datePublished\":\"2026-04-30T13:35:01+00:00\",\"mainEntityOfPage\":{\"@id\":\"https:\/\/www.pressenza.com\/it\/2026\/04\/a-new-york-la-conferenza-del-trattato-di-non-proliferazione-lora-della-verita-per-il-disarmo-nucleare\/\"},\"wordCount\":1167,\"publisher\":{\"@id\":\"https:\/\/www.pressenza.com\/it\/#organization\"},\"image\":{\"@id\":\"https:\/\/www.pressenza.com\/it\/2026\/04\/a-new-york-la-conferenza-del-trattato-di-non-proliferazione-lora-della-verita-per-il-disarmo-nucleare\/#primaryimage\"},\"thumbnailUrl\":\"https:\/\/www.pressenza.com\/wp-content\/uploads\/2025\/10\/striscione-TPAN-rit.jpg\",\"keywords\":[\"Antonio Guterres\",\"disarmo nucleare\",\"ICAN\",\"ONU\",\"Trattato di non proliferazione- TNP\",\"Trattato sulla proibizione delle armi nucleari (TPAN)\"],\"articleSection\":[\"Comunicati Stampa\",\"Cronaca\",\"Pace e Disarmo\"],\"inLanguage\":\"it-IT\"},{\"@type\":\"WebPage\",\"@id\":\"https:\/\/www.pressenza.com\/it\/2026\/04\/a-new-york-la-conferenza-del-trattato-di-non-proliferazione-lora-della-verita-per-il-disarmo-nucleare\/\",\"url\":\"https:\/\/www.pressenza.com\/it\/2026\/04\/a-new-york-la-conferenza-del-trattato-di-non-proliferazione-lora-della-verita-per-il-disarmo-nucleare\/\",\"name\":\"A New York la conferenza del Trattato di non proliferazione: l\u2019ora della verit\u00e0 per il disarmo nucleare\",\"isPartOf\":{\"@id\":\"https:\/\/www.pressenza.com\/it\/#website\"},\"primaryImageOfPage\":{\"@id\":\"https:\/\/www.pressenza.com\/it\/2026\/04\/a-new-york-la-conferenza-del-trattato-di-non-proliferazione-lora-della-verita-per-il-disarmo-nucleare\/#primaryimage\"},\"image\":{\"@id\":\"https:\/\/www.pressenza.com\/it\/2026\/04\/a-new-york-la-conferenza-del-trattato-di-non-proliferazione-lora-della-verita-per-il-disarmo-nucleare\/#primaryimage\"},\"thumbnailUrl\":\"https:\/\/www.pressenza.com\/wp-content\/uploads\/2025\/10\/striscione-TPAN-rit.jpg\",\"datePublished\":\"2026-04-30T13:35:01+00:00\",\"description\":\"Mentre gli arsenali crescono e le potenze nucleari ignorano i propri obblighi, l\u2019XI Conferenza di revisione del Trattato di Non Proliferazione si apre in\",\"breadcrumb\":{\"@id\":\"https:\/\/www.pressenza.com\/it\/2026\/04\/a-new-york-la-conferenza-del-trattato-di-non-proliferazione-lora-della-verita-per-il-disarmo-nucleare\/#breadcrumb\"},\"inLanguage\":\"it-IT\",\"potentialAction\":[{\"@type\":\"ReadAction\",\"target\":[\"https:\/\/www.pressenza.com\/it\/2026\/04\/a-new-york-la-conferenza-del-trattato-di-non-proliferazione-lora-della-verita-per-il-disarmo-nucleare\/\"]}]},{\"@type\":\"ImageObject\",\"inLanguage\":\"it-IT\",\"@id\":\"https:\/\/www.pressenza.com\/it\/2026\/04\/a-new-york-la-conferenza-del-trattato-di-non-proliferazione-lora-della-verita-per-il-disarmo-nucleare\/#primaryimage\",\"url\":\"https:\/\/www.pressenza.com\/wp-content\/uploads\/2025\/10\/striscione-TPAN-rit.jpg\",\"contentUrl\":\"https:\/\/www.pressenza.com\/wp-content\/uploads\/2025\/10\/striscione-TPAN-rit.jpg\",\"width\":1071,\"height\":672},{\"@type\":\"BreadcrumbList\",\"@id\":\"https:\/\/www.pressenza.com\/it\/2026\/04\/a-new-york-la-conferenza-del-trattato-di-non-proliferazione-lora-della-verita-per-il-disarmo-nucleare\/#breadcrumb\",\"itemListElement\":[{\"@type\":\"ListItem\",\"position\":1,\"name\":\"Accueil\",\"item\":\"https:\/\/www.pressenza.com\/it\/\"},{\"@type\":\"ListItem\",\"position\":2,\"name\":\"A New York la conferenza del Trattato di non proliferazione: l\u2019ora della verit\u00e0 per il disarmo nucleare\"}]},{\"@type\":\"WebSite\",\"@id\":\"https:\/\/www.pressenza.com\/it\/#website\",\"url\":\"https:\/\/www.pressenza.com\/it\/\",\"name\":\"Pressenza\",\"description\":\"Agenzia di Stampa Internazionale\",\"publisher\":{\"@id\":\"https:\/\/www.pressenza.com\/it\/#organization\"},\"potentialAction\":[{\"@type\":\"SearchAction\",\"target\":{\"@type\":\"EntryPoint\",\"urlTemplate\":\"https:\/\/www.pressenza.com\/it\/?s={search_term_string}\"},\"query-input\":{\"@type\":\"PropertyValueSpecification\",\"valueRequired\":true,\"valueName\":\"search_term_string\"}}],\"inLanguage\":\"it-IT\"},{\"@type\":\"Organization\",\"@id\":\"https:\/\/www.pressenza.com\/it\/#organization\",\"name\":\"Pressenza\",\"url\":\"https:\/\/www.pressenza.com\/it\/\",\"logo\":{\"@type\":\"ImageObject\",\"inLanguage\":\"it-IT\",\"@id\":\"https:\/\/www.pressenza.com\/it\/#\/schema\/logo\/image\/\",\"url\":\"https:\/\/www.pressenza.com\/wp-content\/uploads\/2022\/10\/pressenza_logo_200x200.jpg\",\"contentUrl\":\"https:\/\/www.pressenza.com\/wp-content\/uploads\/2022\/10\/pressenza_logo_200x200.jpg\",\"width\":200,\"height\":200,\"caption\":\"Pressenza\"},\"image\":{\"@id\":\"https:\/\/www.pressenza.com\/it\/#\/schema\/logo\/image\/\"},\"sameAs\":[\"https:\/\/www.facebook.com\/PressenzaItalia\",\"https:\/\/x.com\/PressenzaIPA\"]},{\"@type\":\"Person\",\"@id\":\"https:\/\/www.pressenza.com\/it\/#\/schema\/person\/c697939f2f841af28d9c0be1521c28d1\",\"name\":\"Rete Italiana Pace e Disarmo\",\"description\":\"La Rete Italiana Pace e Disarmo nasce il 21 settembre 2020 dalla unificazione di due organismi storici del movimento pacifista e disarmista italiano: la Rete della Pace (fondata nel 2014) e la Rete Italiana Disarmo (fondata nel 2004). Entrambe le reti hanno potuto contare fin dalla loro fondazione sul sostegno di decine di associazioni, organizzazioni, sindacati, movimenti della societ\u00e0 civile italiana. Lo scopo \u00e8 quello di creare insieme la pace a partire dall\u2019unione delle nostre forze, degli obiettivi comuni, per rafforzare e far crescere il lavoro collettivo per la pace ed il disarmo.\",\"url\":\"https:\/\/www.pressenza.com\/it\/author\/rete-italiana-pace-e-disarmo\/\"}]}<\/script>\n<!-- \/ Yoast SEO plugin. -->","yoast_head_json":{"title":"A New York la conferenza del Trattato di non proliferazione: l\u2019ora della verit\u00e0 per il disarmo nucleare","description":"Mentre gli arsenali crescono e le potenze nucleari ignorano i propri obblighi, l\u2019XI Conferenza di revisione del Trattato di Non Proliferazione si apre in","robots":{"index":"index","follow":"follow","max-snippet":"max-snippet:-1","max-image-preview":"max-image-preview:large","max-video-preview":"max-video-preview:-1"},"canonical":"https:\/\/www.pressenza.com\/it\/2026\/04\/a-new-york-la-conferenza-del-trattato-di-non-proliferazione-lora-della-verita-per-il-disarmo-nucleare\/","og_locale":"it_IT","og_type":"article","og_title":"A New York la conferenza del Trattato di non proliferazione: l\u2019ora della verit\u00e0 per il disarmo nucleare","og_description":"Mentre gli arsenali crescono e le potenze nucleari ignorano i propri obblighi, l\u2019XI Conferenza di revisione del Trattato di Non Proliferazione si apre in","og_url":"https:\/\/www.pressenza.com\/it\/2026\/04\/a-new-york-la-conferenza-del-trattato-di-non-proliferazione-lora-della-verita-per-il-disarmo-nucleare\/","og_site_name":"Pressenza","article_publisher":"https:\/\/www.facebook.com\/PressenzaItalia","article_published_time":"2026-04-30T13:35:01+00:00","og_image":[{"width":1071,"height":672,"url":"https:\/\/www.pressenza.com\/wp-content\/uploads\/2025\/10\/striscione-TPAN-rit.jpg","type":"image\/jpeg"}],"author":"Rete Italiana Pace e Disarmo","twitter_card":"summary_large_image","twitter_creator":"@PressenzaIPA","twitter_site":"@PressenzaIPA","twitter_misc":{"Scritto da":"Rete Italiana Pace e Disarmo","Tempo di lettura stimato":"7 minuti"},"schema":{"@context":"https:\/\/schema.org","@graph":[{"@type":"Article","@id":"https:\/\/www.pressenza.com\/it\/2026\/04\/a-new-york-la-conferenza-del-trattato-di-non-proliferazione-lora-della-verita-per-il-disarmo-nucleare\/#article","isPartOf":{"@id":"https:\/\/www.pressenza.com\/it\/2026\/04\/a-new-york-la-conferenza-del-trattato-di-non-proliferazione-lora-della-verita-per-il-disarmo-nucleare\/"},"author":{"name":"Rete Italiana Pace e Disarmo","@id":"https:\/\/www.pressenza.com\/it\/#\/schema\/person\/c697939f2f841af28d9c0be1521c28d1"},"headline":"A New York la conferenza del Trattato di non proliferazione: l\u2019ora della verit\u00e0 per il disarmo nucleare","datePublished":"2026-04-30T13:35:01+00:00","mainEntityOfPage":{"@id":"https:\/\/www.pressenza.com\/it\/2026\/04\/a-new-york-la-conferenza-del-trattato-di-non-proliferazione-lora-della-verita-per-il-disarmo-nucleare\/"},"wordCount":1167,"publisher":{"@id":"https:\/\/www.pressenza.com\/it\/#organization"},"image":{"@id":"https:\/\/www.pressenza.com\/it\/2026\/04\/a-new-york-la-conferenza-del-trattato-di-non-proliferazione-lora-della-verita-per-il-disarmo-nucleare\/#primaryimage"},"thumbnailUrl":"https:\/\/www.pressenza.com\/wp-content\/uploads\/2025\/10\/striscione-TPAN-rit.jpg","keywords":["Antonio Guterres","disarmo nucleare","ICAN","ONU","Trattato di non proliferazione- TNP","Trattato sulla proibizione delle armi nucleari (TPAN)"],"articleSection":["Comunicati Stampa","Cronaca","Pace e Disarmo"],"inLanguage":"it-IT"},{"@type":"WebPage","@id":"https:\/\/www.pressenza.com\/it\/2026\/04\/a-new-york-la-conferenza-del-trattato-di-non-proliferazione-lora-della-verita-per-il-disarmo-nucleare\/","url":"https:\/\/www.pressenza.com\/it\/2026\/04\/a-new-york-la-conferenza-del-trattato-di-non-proliferazione-lora-della-verita-per-il-disarmo-nucleare\/","name":"A New York la conferenza del Trattato di non proliferazione: l\u2019ora della verit\u00e0 per il disarmo nucleare","isPartOf":{"@id":"https:\/\/www.pressenza.com\/it\/#website"},"primaryImageOfPage":{"@id":"https:\/\/www.pressenza.com\/it\/2026\/04\/a-new-york-la-conferenza-del-trattato-di-non-proliferazione-lora-della-verita-per-il-disarmo-nucleare\/#primaryimage"},"image":{"@id":"https:\/\/www.pressenza.com\/it\/2026\/04\/a-new-york-la-conferenza-del-trattato-di-non-proliferazione-lora-della-verita-per-il-disarmo-nucleare\/#primaryimage"},"thumbnailUrl":"https:\/\/www.pressenza.com\/wp-content\/uploads\/2025\/10\/striscione-TPAN-rit.jpg","datePublished":"2026-04-30T13:35:01+00:00","description":"Mentre gli arsenali crescono e le potenze nucleari ignorano i propri obblighi, l\u2019XI Conferenza di revisione del Trattato di Non Proliferazione si apre in","breadcrumb":{"@id":"https:\/\/www.pressenza.com\/it\/2026\/04\/a-new-york-la-conferenza-del-trattato-di-non-proliferazione-lora-della-verita-per-il-disarmo-nucleare\/#breadcrumb"},"inLanguage":"it-IT","potentialAction":[{"@type":"ReadAction","target":["https:\/\/www.pressenza.com\/it\/2026\/04\/a-new-york-la-conferenza-del-trattato-di-non-proliferazione-lora-della-verita-per-il-disarmo-nucleare\/"]}]},{"@type":"ImageObject","inLanguage":"it-IT","@id":"https:\/\/www.pressenza.com\/it\/2026\/04\/a-new-york-la-conferenza-del-trattato-di-non-proliferazione-lora-della-verita-per-il-disarmo-nucleare\/#primaryimage","url":"https:\/\/www.pressenza.com\/wp-content\/uploads\/2025\/10\/striscione-TPAN-rit.jpg","contentUrl":"https:\/\/www.pressenza.com\/wp-content\/uploads\/2025\/10\/striscione-TPAN-rit.jpg","width":1071,"height":672},{"@type":"BreadcrumbList","@id":"https:\/\/www.pressenza.com\/it\/2026\/04\/a-new-york-la-conferenza-del-trattato-di-non-proliferazione-lora-della-verita-per-il-disarmo-nucleare\/#breadcrumb","itemListElement":[{"@type":"ListItem","position":1,"name":"Accueil","item":"https:\/\/www.pressenza.com\/it\/"},{"@type":"ListItem","position":2,"name":"A New York la conferenza del Trattato di non proliferazione: l\u2019ora della verit\u00e0 per il disarmo nucleare"}]},{"@type":"WebSite","@id":"https:\/\/www.pressenza.com\/it\/#website","url":"https:\/\/www.pressenza.com\/it\/","name":"Pressenza","description":"Agenzia di Stampa Internazionale","publisher":{"@id":"https:\/\/www.pressenza.com\/it\/#organization"},"potentialAction":[{"@type":"SearchAction","target":{"@type":"EntryPoint","urlTemplate":"https:\/\/www.pressenza.com\/it\/?s={search_term_string}"},"query-input":{"@type":"PropertyValueSpecification","valueRequired":true,"valueName":"search_term_string"}}],"inLanguage":"it-IT"},{"@type":"Organization","@id":"https:\/\/www.pressenza.com\/it\/#organization","name":"Pressenza","url":"https:\/\/www.pressenza.com\/it\/","logo":{"@type":"ImageObject","inLanguage":"it-IT","@id":"https:\/\/www.pressenza.com\/it\/#\/schema\/logo\/image\/","url":"https:\/\/www.pressenza.com\/wp-content\/uploads\/2022\/10\/pressenza_logo_200x200.jpg","contentUrl":"https:\/\/www.pressenza.com\/wp-content\/uploads\/2022\/10\/pressenza_logo_200x200.jpg","width":200,"height":200,"caption":"Pressenza"},"image":{"@id":"https:\/\/www.pressenza.com\/it\/#\/schema\/logo\/image\/"},"sameAs":["https:\/\/www.facebook.com\/PressenzaItalia","https:\/\/x.com\/PressenzaIPA"]},{"@type":"Person","@id":"https:\/\/www.pressenza.com\/it\/#\/schema\/person\/c697939f2f841af28d9c0be1521c28d1","name":"Rete Italiana Pace e Disarmo","description":"La Rete Italiana Pace e Disarmo nasce il 21 settembre 2020 dalla unificazione di due organismi storici del movimento pacifista e disarmista italiano: la Rete della Pace (fondata nel 2014) e la Rete Italiana Disarmo (fondata nel 2004). Entrambe le reti hanno potuto contare fin dalla loro fondazione sul sostegno di decine di associazioni, organizzazioni, sindacati, movimenti della societ\u00e0 civile italiana. Lo scopo \u00e8 quello di creare insieme la pace a partire dall\u2019unione delle nostre forze, degli obiettivi comuni, per rafforzare e far crescere il lavoro collettivo per la pace ed il disarmo.","url":"https:\/\/www.pressenza.com\/it\/author\/rete-italiana-pace-e-disarmo\/"}]}},"place":"","original_article_url":"","_links":{"self":[{"href":"https:\/\/www.pressenza.com\/it\/wp-json\/wp\/v2\/posts\/2696753","targetHints":{"allow":["GET"]}}],"collection":[{"href":"https:\/\/www.pressenza.com\/it\/wp-json\/wp\/v2\/posts"}],"about":[{"href":"https:\/\/www.pressenza.com\/it\/wp-json\/wp\/v2\/types\/post"}],"author":[{"embeddable":true,"href":"https:\/\/www.pressenza.com\/it\/wp-json\/wp\/v2\/users\/1931"}],"replies":[{"embeddable":true,"href":"https:\/\/www.pressenza.com\/it\/wp-json\/wp\/v2\/comments?post=2696753"}],"version-history":[{"count":1,"href":"https:\/\/www.pressenza.com\/it\/wp-json\/wp\/v2\/posts\/2696753\/revisions"}],"predecessor-version":[{"id":2696758,"href":"https:\/\/www.pressenza.com\/it\/wp-json\/wp\/v2\/posts\/2696753\/revisions\/2696758"}],"wp:featuredmedia":[{"embeddable":true,"href":"https:\/\/www.pressenza.com\/it\/wp-json\/wp\/v2\/media\/2648805"}],"wp:attachment":[{"href":"https:\/\/www.pressenza.com\/it\/wp-json\/wp\/v2\/media?parent=2696753"}],"wp:term":[{"taxonomy":"category","embeddable":true,"href":"https:\/\/www.pressenza.com\/it\/wp-json\/wp\/v2\/categories?post=2696753"},{"taxonomy":"post_tag","embeddable":true,"href":"https:\/\/www.pressenza.com\/it\/wp-json\/wp\/v2\/tags?post=2696753"}],"curies":[{"name":"wp","href":"https:\/\/api.w.org\/{rel}","templated":true}]}}