{"id":2696747,"date":"2026-04-30T14:08:27","date_gmt":"2026-04-30T13:08:27","guid":{"rendered":"https:\/\/www.pressenza.com\/?p=2696747"},"modified":"2026-04-30T14:08:27","modified_gmt":"2026-04-30T13:08:27","slug":"eirenefest-bergamo-alla-67a-fiera-dei-librai-educare-alla-complessita","status":"publish","type":"post","link":"https:\/\/www.pressenza.com\/it\/2026\/04\/eirenefest-bergamo-alla-67a-fiera-dei-librai-educare-alla-complessita\/","title":{"rendered":"EireneFest Bergamo alla 67\u00aa Fiera dei Librai: \u201cEducare alla complessit\u00e0\u201d"},"content":{"rendered":"<p>Il libro <em>Per una civilt\u00e0 della Terra \u2013 La sfida di un nuovo umanesimo nel tempo della complessit\u00e0, <\/em>di Mauro Ceruti e Francesco Bellusci, Aboca Editore, 2025, \u00e8 stato presentato ad EireneFest Bergamo, nell\u2019ambito della 67\u00b0 Fiera dei Librai in corso sul Sentierone cittadino. L\u2019evento \u00e8 stato coordinato da Daniele Rocchetti, direttore artistico della Fiera dei Librai di Bergamo, in dialogo con Mauro Ceruti, professore emerito e direttore del Centro di ricerca sui sistemi complessi presso l\u2019Universit\u00e0 Iulm di Milano.<\/p>\n<p><em>Per una civilt\u00e0 della terra <\/em>\u00e8 senz\u2019altro un libro di filosofia: \u201cUn modo per reimparare a vedere il mondo. E perci\u00f2 molto concreto, molto politico\u201d. Il XXI secolo non ci ha consegnato una crisi, ma una <em>policrisi, <\/em>un unico sistema complesso e interconnesso. Una costellazione di crisi simultanee dove il collasso climatico si specchia nelle disuguaglianze feroci e dove la \u201cterza guerra mondiale a pezzi\u201d dialoga con un\u2019economia che logora il pianeta. Un sistema non comprensibile separatamente.<\/p>\n<p>\u00abSiamo come in un disegno di Escher (la mano che disegna la mano)\u00bb, un&#8217;immagine efficace che Ceruti utilizza per dire quante oggi sono le mani che ci disegnano (la crisi sociale disegna la crisi economica che, a sua volta, disegna quella psicologica, ecc.), intrecciate in un groviglio inestricabile.<\/p>\n<p>Da dove partire per invertire la rotta?<\/p>\n<p>Oggi abbiamo bisogno di sviluppare la nostra conoscenza e la nostra coscienza \u2013 dice Ceruti \u2013 di ci\u00f2 che rende <em>inedito<\/em> questo nostro tempo. La condizione umana e del mondo \u00e8 radicalmente mutata: soprattutto a partire dal secondo dopoguerra ha subito un mutamento di scala, per effetto dell\u2019accelerazione tecnologica e della globalizzazione. Dopo il 1989 osserviamo due livelli: quello geopolitico, antropologico e quello di uno sviluppo rapidissimo delle tecnologie dell&#8217;informazione: un passaggio d&#8217;epoca della storia umana che ha bisogno di essere ancora elaborata con occhiali nuovi.<\/p>\n<p>\u00abLa pandemia di Covid-19 \u00e8 stata l\u2019esempio di una crisi sanitaria che \u00e8 presto divenuta anche crisi economica, sociale, relazionale per miliardi di esseri umani. Stiamo sperimentando che, nel nostro mondo, tutto \u00e8 connesso con tutto: lo aveva indicato con grande lucidit\u00e0 Papa Francesco, nelle sue due encicliche \u201cLaudato si\u2019\u201d e \u201cFratelli tutti\u201d. Di conseguenza, nessuno pu\u00f2 sperare di salvarsi da solo: ci salveremo insieme, o insieme andremo incontro al disastro\u00bb.<\/p>\n<p>Esiste un paradigma alternativo realistico per pensare la sicurezza e la pace su scala planetaria?<\/p>\n<p>Secondo Ceruti, stiamo scontando un deficit di conoscenza e di consapevolezza, rispetto alla novit\u00e0 radicale dell\u2019epoca in cui ci troviamo a vivere: \u00abDal 1945, dopo l\u2019utilizzo dell\u2019arma atomica su Hiroshima e Nagasaki, la condizione umana \u00e8 radicalmente cambiata. Per la prima volta nella storia della vita sul nostro pianeta, una specie \u2013 la nostra \u2013 ha acquisito la capacit\u00e0 di praticare un suicidio su scala globale, mediante un conflitto termonucleare\u00bb.<\/p>\n<p>La reazione di fronte alla complessit\u00e0 \u00e8 di semplificazione, la stessa che non vede alternative alla logica del realismo della forza (in chiave geopolitica e militare). Ma necessariamente oggi possiamo affermare, per la prima volta nella storia umana, che le ragioni dell\u2019utopia coincidono con quelle di un autentico realismo. Ernesto Balducci, che definiva la pace \u201cil realismo dell&#8217;utopia\u201d, ha scritto che \u201cl&#8217;uomo del futuro sar\u00e0 l&#8217;uomo di pace o non sar\u00e0\u201d.<\/p>\n<p>Secondo Ceruti il pacifismo ha bisogno di essere fondato sulla conoscenza e sulla coscienza di ci\u00f2 che oggi rende inedita l&#8217;umanit\u00e0: \u00abPer la prima volta i viventi umani fanno l&#8217;esperienza del pericolo in tutti gli aspetti della loro esistenza e l&#8217;esperienza dell&#8217;estensione della fragilit\u00e0 all&#8217;insieme dei viventi sul pianeta\u00bb.<\/p>\n<p>Per chi si occupa di educazione, questa non \u00e8 solo una cronaca esterna, \u00e8 il perimetro di una sfida cognitiva senza precedenti: l\u2019obiettivo di una nuova <em>paideia <\/em>\u00e8 la formazione dell\u2019<em>uomo planetario, <\/em>un soggetto che non \u00e8 pi\u00f9 lineare o unico, ma multiplo e conflittuale. \u00c8 un progetto che si articola in direzioni chiare: educare al dialogo e alla fraternit\u00e0 universale, educare all\u2019intelligenza della complessit\u00e0 e alla comprensione di s\u00e9, educare alla scienza con coscienza.<\/p>\n<p>Educare alla complessit\u00e0 significa, per Ceruti, gestire i processi di apprendimento non come accumulo di nozioni, ma come attribuzione di senso a un nuovo umanesimo. Per educare alla cittadinanza servono mappe cognitive, di cultura, per navigare nella rete in modo critico e creativo.<\/p>\n<p>In questo scenario, la solidariet\u00e0 non \u00e8 un vago sentimento etico, ma una necessit\u00e0 evolutiva: una societ\u00e0 pu\u00f2 progredire in complessit\u00e0 solo se progredisce in solidariet\u00e0. \u00c8 qui che entra in gioco la \u201cresistenza\u201d delle <em>f<strong>orze vive della complessit\u00e0<\/strong><\/em>: fiducia e intelligenza cosciente, fraternit\u00e0. Queste forze sono le uniche capaci di affrontare le sfide globali e di trasformare l\u2019inquietudine della policrisi nel lievito di una nuova civilizzazione planetaria, fondata sulla cooperazione e sul multilateralismo. \u00abLa nuova civilt\u00e0 della Terra \u00e8 la sfida della coesistenza pacifica, solidale, di molteplici nazionalit\u00e0, culture, popoli, sull\u2019habitat terrestre comune, in un mondo sempre pi\u00f9 interconnesso e interdipendente\u00bb.<\/p>\n<p>&nbsp;<\/p>\n<p>&nbsp;<\/p>\n<p>&nbsp;<\/p>\n","protected":false},"excerpt":{"rendered":"<p>Il libro Per una civilt\u00e0 della Terra \u2013 La sfida di un nuovo umanesimo nel tempo della complessit\u00e0, di Mauro Ceruti e Francesco Bellusci, Aboca Editore, 2025, \u00e8 stato presentato ad EireneFest Bergamo, nell\u2019ambito della 67\u00b0 Fiera dei Librai in&hellip;<\/p>\n","protected":false},"author":594,"featured_media":2696750,"comment_status":"closed","ping_status":"closed","sticky":false,"template":"","format":"standard","meta":{"footnotes":""},"categories":[11388,56,1258,47,1263],"tags":[156168,156167,156186,156184,156185,156183],"class_list":["post-2696747","post","type-post","status-publish","format-standard","has-post-thumbnail","hentry","category-contenuti-originali","category-cultura","category-educazione","category-europa","category-pace-disarmo","tag-67a-fiera-dei-librai","tag-eirenefest-bergamo","tag-francesco-bellusci","tag-libro-per-una-civilta-della-terra-la-sfida-di-un-nuovo-umanesimo-nel-tempo-della-complessita","tag-mauro-ceruti","tag-nuova-civilizzazione-planetaria"],"yoast_head":"<!-- This site is optimized with the Yoast SEO plugin v27.1.1 - https:\/\/yoast.com\/product\/yoast-seo-wordpress\/ -->\n<title>EireneFest Bergamo alla 67\u00aa Fiera dei Librai: \u201cEducare alla complessit\u00e0\u201d<\/title>\n<meta name=\"description\" content=\"Il libro Per una civilt\u00e0 della Terra \u2013 La sfida di un nuovo umanesimo nel tempo della complessit\u00e0, di Mauro Ceruti e Francesco Bellusci, Aboca Editore,\" \/>\n<meta name=\"robots\" content=\"index, follow, max-snippet:-1, max-image-preview:large, max-video-preview:-1\" \/>\n<link rel=\"canonical\" href=\"https:\/\/www.pressenza.com\/it\/2026\/04\/eirenefest-bergamo-alla-67a-fiera-dei-librai-educare-alla-complessita\/\" \/>\n<meta property=\"og:locale\" content=\"it_IT\" \/>\n<meta property=\"og:type\" content=\"article\" \/>\n<meta property=\"og:title\" content=\"EireneFest Bergamo alla 67\u00aa Fiera dei Librai: \u201cEducare alla complessit\u00e0\u201d\" \/>\n<meta property=\"og:description\" content=\"Il libro Per una civilt\u00e0 della Terra \u2013 La sfida di un nuovo umanesimo nel tempo della complessit\u00e0, di Mauro Ceruti e Francesco Bellusci, Aboca Editore,\" \/>\n<meta property=\"og:url\" content=\"https:\/\/www.pressenza.com\/it\/2026\/04\/eirenefest-bergamo-alla-67a-fiera-dei-librai-educare-alla-complessita\/\" \/>\n<meta property=\"og:site_name\" content=\"Pressenza\" \/>\n<meta property=\"article:publisher\" content=\"https:\/\/www.facebook.com\/PressenzaItalia\" \/>\n<meta property=\"article:author\" content=\"https:\/\/www.facebook.com\/PressenzaItalia\" \/>\n<meta property=\"article:published_time\" content=\"2026-04-30T13:08:27+00:00\" \/>\n<meta property=\"og:image\" content=\"https:\/\/www.pressenza.com\/wp-content\/uploads\/2026\/04\/libro-Cerruti.jpg\" \/>\n\t<meta property=\"og:image:width\" content=\"1280\" \/>\n\t<meta property=\"og:image:height\" content=\"960\" \/>\n\t<meta property=\"og:image:type\" content=\"image\/jpeg\" \/>\n<meta name=\"author\" content=\"Redazione Italia\" \/>\n<meta name=\"twitter:card\" content=\"summary_large_image\" \/>\n<meta name=\"twitter:creator\" content=\"@pressenza_it\" \/>\n<meta name=\"twitter:site\" content=\"@PressenzaIPA\" \/>\n<meta name=\"twitter:label1\" content=\"Scritto da\" \/>\n\t<meta name=\"twitter:data1\" content=\"Redazione Italia\" \/>\n\t<meta name=\"twitter:label2\" content=\"Tempo di lettura stimato\" \/>\n\t<meta name=\"twitter:data2\" content=\"5 minuti\" \/>\n<script type=\"application\/ld+json\" class=\"yoast-schema-graph\">{\"@context\":\"https:\/\/schema.org\",\"@graph\":[{\"@type\":\"Article\",\"@id\":\"https:\/\/www.pressenza.com\/it\/2026\/04\/eirenefest-bergamo-alla-67a-fiera-dei-librai-educare-alla-complessita\/#article\",\"isPartOf\":{\"@id\":\"https:\/\/www.pressenza.com\/it\/2026\/04\/eirenefest-bergamo-alla-67a-fiera-dei-librai-educare-alla-complessita\/\"},\"author\":{\"name\":\"Redazione Italia\",\"@id\":\"https:\/\/www.pressenza.com\/it\/#\/schema\/person\/d983e81827ae24f2c7b1a2123d197f8d\"},\"headline\":\"EireneFest Bergamo alla 67\u00aa Fiera dei Librai: \u201cEducare alla complessit\u00e0\u201d\",\"datePublished\":\"2026-04-30T13:08:27+00:00\",\"mainEntityOfPage\":{\"@id\":\"https:\/\/www.pressenza.com\/it\/2026\/04\/eirenefest-bergamo-alla-67a-fiera-dei-librai-educare-alla-complessita\/\"},\"wordCount\":807,\"publisher\":{\"@id\":\"https:\/\/www.pressenza.com\/it\/#organization\"},\"image\":{\"@id\":\"https:\/\/www.pressenza.com\/it\/2026\/04\/eirenefest-bergamo-alla-67a-fiera-dei-librai-educare-alla-complessita\/#primaryimage\"},\"thumbnailUrl\":\"https:\/\/www.pressenza.com\/wp-content\/uploads\/2026\/04\/libro-Cerruti.jpg\",\"keywords\":[\"67\u00aa Fiera dei Librai\",\"EireneFest Bergamo\",\"Francesco Bellusci\",\"libro Per una civilt\u00e0 della Terra \u2013 La sfida di un nuovo umanesimo nel tempo della complessit\u00e0\",\"Mauro Ceruti\",\"nuova civilizzazione planetaria\"],\"articleSection\":[\"contenuti originali\",\"Cultura e Media\",\"Educazione\",\"Europa\",\"Pace e Disarmo\"],\"inLanguage\":\"it-IT\"},{\"@type\":\"WebPage\",\"@id\":\"https:\/\/www.pressenza.com\/it\/2026\/04\/eirenefest-bergamo-alla-67a-fiera-dei-librai-educare-alla-complessita\/\",\"url\":\"https:\/\/www.pressenza.com\/it\/2026\/04\/eirenefest-bergamo-alla-67a-fiera-dei-librai-educare-alla-complessita\/\",\"name\":\"EireneFest Bergamo alla 67\u00aa Fiera dei Librai: \u201cEducare alla complessit\u00e0\u201d\",\"isPartOf\":{\"@id\":\"https:\/\/www.pressenza.com\/it\/#website\"},\"primaryImageOfPage\":{\"@id\":\"https:\/\/www.pressenza.com\/it\/2026\/04\/eirenefest-bergamo-alla-67a-fiera-dei-librai-educare-alla-complessita\/#primaryimage\"},\"image\":{\"@id\":\"https:\/\/www.pressenza.com\/it\/2026\/04\/eirenefest-bergamo-alla-67a-fiera-dei-librai-educare-alla-complessita\/#primaryimage\"},\"thumbnailUrl\":\"https:\/\/www.pressenza.com\/wp-content\/uploads\/2026\/04\/libro-Cerruti.jpg\",\"datePublished\":\"2026-04-30T13:08:27+00:00\",\"description\":\"Il libro Per una civilt\u00e0 della Terra \u2013 La sfida di un nuovo umanesimo nel tempo della complessit\u00e0, di Mauro Ceruti e Francesco Bellusci, Aboca Editore,\",\"breadcrumb\":{\"@id\":\"https:\/\/www.pressenza.com\/it\/2026\/04\/eirenefest-bergamo-alla-67a-fiera-dei-librai-educare-alla-complessita\/#breadcrumb\"},\"inLanguage\":\"it-IT\",\"potentialAction\":[{\"@type\":\"ReadAction\",\"target\":[\"https:\/\/www.pressenza.com\/it\/2026\/04\/eirenefest-bergamo-alla-67a-fiera-dei-librai-educare-alla-complessita\/\"]}]},{\"@type\":\"ImageObject\",\"inLanguage\":\"it-IT\",\"@id\":\"https:\/\/www.pressenza.com\/it\/2026\/04\/eirenefest-bergamo-alla-67a-fiera-dei-librai-educare-alla-complessita\/#primaryimage\",\"url\":\"https:\/\/www.pressenza.com\/wp-content\/uploads\/2026\/04\/libro-Cerruti.jpg\",\"contentUrl\":\"https:\/\/www.pressenza.com\/wp-content\/uploads\/2026\/04\/libro-Cerruti.jpg\",\"width\":1280,\"height\":960},{\"@type\":\"BreadcrumbList\",\"@id\":\"https:\/\/www.pressenza.com\/it\/2026\/04\/eirenefest-bergamo-alla-67a-fiera-dei-librai-educare-alla-complessita\/#breadcrumb\",\"itemListElement\":[{\"@type\":\"ListItem\",\"position\":1,\"name\":\"Accueil\",\"item\":\"https:\/\/www.pressenza.com\/it\/\"},{\"@type\":\"ListItem\",\"position\":2,\"name\":\"EireneFest Bergamo alla 67\u00aa Fiera dei Librai: \u201cEducare alla complessit\u00e0\u201d\"}]},{\"@type\":\"WebSite\",\"@id\":\"https:\/\/www.pressenza.com\/it\/#website\",\"url\":\"https:\/\/www.pressenza.com\/it\/\",\"name\":\"Pressenza\",\"description\":\"Agenzia di Stampa Internazionale\",\"publisher\":{\"@id\":\"https:\/\/www.pressenza.com\/it\/#organization\"},\"potentialAction\":[{\"@type\":\"SearchAction\",\"target\":{\"@type\":\"EntryPoint\",\"urlTemplate\":\"https:\/\/www.pressenza.com\/it\/?s={search_term_string}\"},\"query-input\":{\"@type\":\"PropertyValueSpecification\",\"valueRequired\":true,\"valueName\":\"search_term_string\"}}],\"inLanguage\":\"it-IT\"},{\"@type\":\"Organization\",\"@id\":\"https:\/\/www.pressenza.com\/it\/#organization\",\"name\":\"Pressenza\",\"url\":\"https:\/\/www.pressenza.com\/it\/\",\"logo\":{\"@type\":\"ImageObject\",\"inLanguage\":\"it-IT\",\"@id\":\"https:\/\/www.pressenza.com\/it\/#\/schema\/logo\/image\/\",\"url\":\"https:\/\/www.pressenza.com\/wp-content\/uploads\/2022\/10\/pressenza_logo_200x200.jpg\",\"contentUrl\":\"https:\/\/www.pressenza.com\/wp-content\/uploads\/2022\/10\/pressenza_logo_200x200.jpg\",\"width\":200,\"height\":200,\"caption\":\"Pressenza\"},\"image\":{\"@id\":\"https:\/\/www.pressenza.com\/it\/#\/schema\/logo\/image\/\"},\"sameAs\":[\"https:\/\/www.facebook.com\/PressenzaItalia\",\"https:\/\/x.com\/PressenzaIPA\"]},{\"@type\":\"Person\",\"@id\":\"https:\/\/www.pressenza.com\/it\/#\/schema\/person\/d983e81827ae24f2c7b1a2123d197f8d\",\"name\":\"Redazione Italia\",\"description\":\"News from the Pressenza Bureau in Italy\",\"sameAs\":[\"https:\/\/www.pressenza.com\/it\/author\/redazione-italia\/\",\"https:\/\/www.facebook.com\/PressenzaItalia\",\"https:\/\/www.instagram.com\/pressenza_italia\/\",\"https:\/\/x.com\/pressenza_it\",\"https:\/\/www.youtube.com\/channel\/UCSalEIWjE1RSxkwjfftFuqg\"],\"url\":\"https:\/\/www.pressenza.com\/it\/author\/redazione-italia\/\"}]}<\/script>\n<!-- \/ Yoast SEO plugin. -->","yoast_head_json":{"title":"EireneFest Bergamo alla 67\u00aa Fiera dei Librai: \u201cEducare alla complessit\u00e0\u201d","description":"Il libro Per una civilt\u00e0 della Terra \u2013 La sfida di un nuovo umanesimo nel tempo della complessit\u00e0, di Mauro Ceruti e Francesco Bellusci, Aboca Editore,","robots":{"index":"index","follow":"follow","max-snippet":"max-snippet:-1","max-image-preview":"max-image-preview:large","max-video-preview":"max-video-preview:-1"},"canonical":"https:\/\/www.pressenza.com\/it\/2026\/04\/eirenefest-bergamo-alla-67a-fiera-dei-librai-educare-alla-complessita\/","og_locale":"it_IT","og_type":"article","og_title":"EireneFest Bergamo alla 67\u00aa Fiera dei Librai: \u201cEducare alla complessit\u00e0\u201d","og_description":"Il libro Per una civilt\u00e0 della Terra \u2013 La sfida di un nuovo umanesimo nel tempo della complessit\u00e0, di Mauro Ceruti e Francesco Bellusci, Aboca Editore,","og_url":"https:\/\/www.pressenza.com\/it\/2026\/04\/eirenefest-bergamo-alla-67a-fiera-dei-librai-educare-alla-complessita\/","og_site_name":"Pressenza","article_publisher":"https:\/\/www.facebook.com\/PressenzaItalia","article_author":"https:\/\/www.facebook.com\/PressenzaItalia","article_published_time":"2026-04-30T13:08:27+00:00","og_image":[{"width":1280,"height":960,"url":"https:\/\/www.pressenza.com\/wp-content\/uploads\/2026\/04\/libro-Cerruti.jpg","type":"image\/jpeg"}],"author":"Redazione Italia","twitter_card":"summary_large_image","twitter_creator":"@pressenza_it","twitter_site":"@PressenzaIPA","twitter_misc":{"Scritto da":"Redazione Italia","Tempo di lettura stimato":"5 minuti"},"schema":{"@context":"https:\/\/schema.org","@graph":[{"@type":"Article","@id":"https:\/\/www.pressenza.com\/it\/2026\/04\/eirenefest-bergamo-alla-67a-fiera-dei-librai-educare-alla-complessita\/#article","isPartOf":{"@id":"https:\/\/www.pressenza.com\/it\/2026\/04\/eirenefest-bergamo-alla-67a-fiera-dei-librai-educare-alla-complessita\/"},"author":{"name":"Redazione Italia","@id":"https:\/\/www.pressenza.com\/it\/#\/schema\/person\/d983e81827ae24f2c7b1a2123d197f8d"},"headline":"EireneFest Bergamo alla 67\u00aa Fiera dei Librai: \u201cEducare alla complessit\u00e0\u201d","datePublished":"2026-04-30T13:08:27+00:00","mainEntityOfPage":{"@id":"https:\/\/www.pressenza.com\/it\/2026\/04\/eirenefest-bergamo-alla-67a-fiera-dei-librai-educare-alla-complessita\/"},"wordCount":807,"publisher":{"@id":"https:\/\/www.pressenza.com\/it\/#organization"},"image":{"@id":"https:\/\/www.pressenza.com\/it\/2026\/04\/eirenefest-bergamo-alla-67a-fiera-dei-librai-educare-alla-complessita\/#primaryimage"},"thumbnailUrl":"https:\/\/www.pressenza.com\/wp-content\/uploads\/2026\/04\/libro-Cerruti.jpg","keywords":["67\u00aa Fiera dei Librai","EireneFest Bergamo","Francesco Bellusci","libro Per una civilt\u00e0 della Terra \u2013 La sfida di un nuovo umanesimo nel tempo della complessit\u00e0","Mauro Ceruti","nuova civilizzazione planetaria"],"articleSection":["contenuti originali","Cultura e Media","Educazione","Europa","Pace e Disarmo"],"inLanguage":"it-IT"},{"@type":"WebPage","@id":"https:\/\/www.pressenza.com\/it\/2026\/04\/eirenefest-bergamo-alla-67a-fiera-dei-librai-educare-alla-complessita\/","url":"https:\/\/www.pressenza.com\/it\/2026\/04\/eirenefest-bergamo-alla-67a-fiera-dei-librai-educare-alla-complessita\/","name":"EireneFest Bergamo alla 67\u00aa Fiera dei Librai: \u201cEducare alla complessit\u00e0\u201d","isPartOf":{"@id":"https:\/\/www.pressenza.com\/it\/#website"},"primaryImageOfPage":{"@id":"https:\/\/www.pressenza.com\/it\/2026\/04\/eirenefest-bergamo-alla-67a-fiera-dei-librai-educare-alla-complessita\/#primaryimage"},"image":{"@id":"https:\/\/www.pressenza.com\/it\/2026\/04\/eirenefest-bergamo-alla-67a-fiera-dei-librai-educare-alla-complessita\/#primaryimage"},"thumbnailUrl":"https:\/\/www.pressenza.com\/wp-content\/uploads\/2026\/04\/libro-Cerruti.jpg","datePublished":"2026-04-30T13:08:27+00:00","description":"Il libro Per una civilt\u00e0 della Terra \u2013 La sfida di un nuovo umanesimo nel tempo della complessit\u00e0, di Mauro Ceruti e Francesco Bellusci, Aboca Editore,","breadcrumb":{"@id":"https:\/\/www.pressenza.com\/it\/2026\/04\/eirenefest-bergamo-alla-67a-fiera-dei-librai-educare-alla-complessita\/#breadcrumb"},"inLanguage":"it-IT","potentialAction":[{"@type":"ReadAction","target":["https:\/\/www.pressenza.com\/it\/2026\/04\/eirenefest-bergamo-alla-67a-fiera-dei-librai-educare-alla-complessita\/"]}]},{"@type":"ImageObject","inLanguage":"it-IT","@id":"https:\/\/www.pressenza.com\/it\/2026\/04\/eirenefest-bergamo-alla-67a-fiera-dei-librai-educare-alla-complessita\/#primaryimage","url":"https:\/\/www.pressenza.com\/wp-content\/uploads\/2026\/04\/libro-Cerruti.jpg","contentUrl":"https:\/\/www.pressenza.com\/wp-content\/uploads\/2026\/04\/libro-Cerruti.jpg","width":1280,"height":960},{"@type":"BreadcrumbList","@id":"https:\/\/www.pressenza.com\/it\/2026\/04\/eirenefest-bergamo-alla-67a-fiera-dei-librai-educare-alla-complessita\/#breadcrumb","itemListElement":[{"@type":"ListItem","position":1,"name":"Accueil","item":"https:\/\/www.pressenza.com\/it\/"},{"@type":"ListItem","position":2,"name":"EireneFest Bergamo alla 67\u00aa Fiera dei Librai: \u201cEducare alla complessit\u00e0\u201d"}]},{"@type":"WebSite","@id":"https:\/\/www.pressenza.com\/it\/#website","url":"https:\/\/www.pressenza.com\/it\/","name":"Pressenza","description":"Agenzia di Stampa Internazionale","publisher":{"@id":"https:\/\/www.pressenza.com\/it\/#organization"},"potentialAction":[{"@type":"SearchAction","target":{"@type":"EntryPoint","urlTemplate":"https:\/\/www.pressenza.com\/it\/?s={search_term_string}"},"query-input":{"@type":"PropertyValueSpecification","valueRequired":true,"valueName":"search_term_string"}}],"inLanguage":"it-IT"},{"@type":"Organization","@id":"https:\/\/www.pressenza.com\/it\/#organization","name":"Pressenza","url":"https:\/\/www.pressenza.com\/it\/","logo":{"@type":"ImageObject","inLanguage":"it-IT","@id":"https:\/\/www.pressenza.com\/it\/#\/schema\/logo\/image\/","url":"https:\/\/www.pressenza.com\/wp-content\/uploads\/2022\/10\/pressenza_logo_200x200.jpg","contentUrl":"https:\/\/www.pressenza.com\/wp-content\/uploads\/2022\/10\/pressenza_logo_200x200.jpg","width":200,"height":200,"caption":"Pressenza"},"image":{"@id":"https:\/\/www.pressenza.com\/it\/#\/schema\/logo\/image\/"},"sameAs":["https:\/\/www.facebook.com\/PressenzaItalia","https:\/\/x.com\/PressenzaIPA"]},{"@type":"Person","@id":"https:\/\/www.pressenza.com\/it\/#\/schema\/person\/d983e81827ae24f2c7b1a2123d197f8d","name":"Redazione Italia","description":"News from the Pressenza Bureau in Italy","sameAs":["https:\/\/www.pressenza.com\/it\/author\/redazione-italia\/","https:\/\/www.facebook.com\/PressenzaItalia","https:\/\/www.instagram.com\/pressenza_italia\/","https:\/\/x.com\/pressenza_it","https:\/\/www.youtube.com\/channel\/UCSalEIWjE1RSxkwjfftFuqg"],"url":"https:\/\/www.pressenza.com\/it\/author\/redazione-italia\/"}]}},"place":"Fabio Amigoni, Bergamo","original_article_url":"","_links":{"self":[{"href":"https:\/\/www.pressenza.com\/it\/wp-json\/wp\/v2\/posts\/2696747","targetHints":{"allow":["GET"]}}],"collection":[{"href":"https:\/\/www.pressenza.com\/it\/wp-json\/wp\/v2\/posts"}],"about":[{"href":"https:\/\/www.pressenza.com\/it\/wp-json\/wp\/v2\/types\/post"}],"author":[{"embeddable":true,"href":"https:\/\/www.pressenza.com\/it\/wp-json\/wp\/v2\/users\/594"}],"replies":[{"embeddable":true,"href":"https:\/\/www.pressenza.com\/it\/wp-json\/wp\/v2\/comments?post=2696747"}],"version-history":[{"count":1,"href":"https:\/\/www.pressenza.com\/it\/wp-json\/wp\/v2\/posts\/2696747\/revisions"}],"predecessor-version":[{"id":2696751,"href":"https:\/\/www.pressenza.com\/it\/wp-json\/wp\/v2\/posts\/2696747\/revisions\/2696751"}],"wp:featuredmedia":[{"embeddable":true,"href":"https:\/\/www.pressenza.com\/it\/wp-json\/wp\/v2\/media\/2696750"}],"wp:attachment":[{"href":"https:\/\/www.pressenza.com\/it\/wp-json\/wp\/v2\/media?parent=2696747"}],"wp:term":[{"taxonomy":"category","embeddable":true,"href":"https:\/\/www.pressenza.com\/it\/wp-json\/wp\/v2\/categories?post=2696747"},{"taxonomy":"post_tag","embeddable":true,"href":"https:\/\/www.pressenza.com\/it\/wp-json\/wp\/v2\/tags?post=2696747"}],"curies":[{"name":"wp","href":"https:\/\/api.w.org\/{rel}","templated":true}]}}