{"id":2696727,"date":"2026-04-30T13:44:16","date_gmt":"2026-04-30T12:44:16","guid":{"rendered":"https:\/\/www.pressenza.com\/?p=2696727"},"modified":"2026-04-30T13:44:16","modified_gmt":"2026-04-30T12:44:16","slug":"peoples-peace-summit-terza-edizione-il-lato-creattivo-della-pace","status":"publish","type":"post","link":"https:\/\/www.pressenza.com\/it\/2026\/04\/peoples-peace-summit-terza-edizione-il-lato-creattivo-della-pace\/","title":{"rendered":"People\u2019s Peace Summit terza edizione: il lato creaTTivo della pace"},"content":{"rendered":"<p>Mentre nella notte le autorit\u00e0 israeliane hanno aperto un ennesimo fronte di guerra contro le imbarcazioni della Global Sumud Flotilla, dal People\u2019s Peace Summitdi Tel Aviv arriva un breve filmato che, sulle note di\u00a0<strong style=\"font-style: inherit;\"><em>Give\u00a0Peace a Chance<\/em><\/strong>\u00a0di John Lennon, visualizza le varie installazioni\u00a0<em>in progress<\/em>\u00a0negli spazi esterni all\u2019Expo Center dove si terranno i vari incontri oggi. Un arco di bacchette di legno dev\u2019essere sicuramente l\u2019opera\u00a0<strong style=\"font-style: inherit;\"><em><a href=\"https:\/\/www.facebook.com\/reel\/2384444535409434\/\">The Gate<\/a>, Il\u00a0Portale, la Porta di Accesso,<\/em><\/strong>\u00a0che lo scultore palestinese Mahmoud Qais ha concepito apposta per questa terza edizione. Accesso pi\u00f9 che mai sbarrato per chiunque voglia tentare di rompere l\u2019assedio di Gaza\u2026<\/p>\n<p>Non solo dibattiti e testimonianze a confronto, dunque, per questa terza edizione del\u00a0<strong style=\"font-style: inherit;\"><em>People\u2019s\u00a0Peace Summit<\/em><\/strong>\u00a0che si inaugura oggi a Tel Aviv. Per non farsi mancare nulla gli organizzatori hanno infatti incluso nel programmone anche uno buffo spettacolo teatrale per bambini, un documentario che avrebbe quasi meritato l\u2019Oscar di quest\u2019anno se non fosse stato considerato un po\u2019 troppo \u201cfastidioso\u201d, e una bella serie di installazioni artistiche concepite\u00a0<em>ad hoc<\/em>\u00a0per l\u2019occasione.<\/p>\n<p>Cominciamo dal documentario anche perch\u00e9 il programma lo segnala in anticipo su tutto il resto, h 12.30: si intitola\u00a0<strong style=\"font-style: inherit;\"><em>Children No More:\u00a0Were\u00a0and Are\u00a0Gone\u00a0(Bambini che non ci sono pi\u00f9: erano e sono andati<\/em><\/strong><strong>)\u00a0<\/strong>che\u00a0la regista Hilla Medalia ha realizzato iniziando\u00a0quasi casualmente le riprese in quei primi giorni di silenziosi <em>sit- in<\/em> che a un certo punto cominciarono a manifestarsi l\u2019anno scorso a Tel Aviv: inizialmente solo tra pochi, pi\u00f9 che altro donne, poi sempre di pi\u00f9, nel massimo silenzio, tutti in fila, con\u00a0le foto dei bambini uccisi a Gaza tra le mani.<\/p>\n<p><iframe loading=\"lazy\" title=\"Children No More &quot;Were and are Gone&quot;  \/\/ Oscar Nominated Documentary Short \/\/ Official Trailer\" width=\"500\" height=\"281\" src=\"https:\/\/www.youtube.com\/embed\/uepnezDX7LY?feature=oembed\" frameborder=\"0\" allow=\"accelerometer; autoplay; clipboard-write; encrypted-media; gyroscope; picture-in-picture; web-share\" referrerpolicy=\"strict-origin-when-cross-origin\" allowfullscreen><\/iframe><\/p>\n<p>Man mano che il gruppo cresceva, crescevano anche le manifestazioni di rabbia dei passanti: \u201cFate schifo \/ Siete nemici\u00a0d\u2019Israele \/ Andatevene a Gaza \/ Piantatela con questa buffonata\u201d, nel pi\u00f9 totale silenzio dei manifestanti. \u201cNon siamo qui per provocare, ma per suscitare dei pensieri, risvegliare se possibile l\u2019umanit\u00e0 che \u00e8 in tutti i noi, suggerire percorsi di consapevolezza che possano contribuire al cambiamento, perch\u00e9 ogni cambiamento parte sempre dal cuore\u201d spiegavano i manifestanti alla regista che torn\u00f2 a riprenderli in pi\u00f9 occasioni.<\/p>\n<p>Le riprese terminarono verso la fine di settembre, quando il presidio silenzioso era ormai diventato l\u2019appuntamento da non mancare del\u00a0<em>peace camp<\/em>\u00a0israeliano, con Habima\u00a0Square che ogni sabato si riempiva sempre di pi\u00f9. Nonostante la\u00a0nominationper il Premio Oscar nella sezione documentari il cortometraggio (dura 35 minuti) non ha trovato distribuzione negli Stati Uniti perch\u00e9 ritenuto appunto \u201ctroublesome\u201d, ovvero \u201cfastidioso\u201d. Speriamo che non lo sia per qualche distributore o festival nostrano.<\/p>\n<p>La proiezione di oggi al\u00a0<strong><em>Peace Summit<\/em><\/strong>\u00a0di Tel Aviv pu\u00f2 considerarsi quindi un evento importante e verr\u00e0 presentata\u00a0<a href=\"https:\/\/www.pressenza.com\/2025\/05\/towards-the-peoples-peace-summit-in-jerusalem-8-9-may-women-can-make-the-difference\/\">da Maya\u00a0Savir<\/a>, che oltre a essere figlia di Uri Savir (tra i principali negoziatori degli \u201caccordi di Olso\u201d) e autrice di un importante libro sul processo di riconciliazione in Rwanda, \u00e8 la responsabile israeliana dell\u2019organizzazione\u00a0<a href=\"https:\/\/www.sfcg.org\/\">Search\u00a0for a Common Ground<\/a>, impegnata su progetti di riconciliazione dei conflitti in varie parti del mondo.<\/p>\n<p>Sullo stesso tema della strage di bambini gazawi giocher\u00e0 anche la toccante installazione dal titolo\u00a0<strong><em>A Child\u00a0Is\u00a0a Child\u00a0Is\u00a0a Child (Un bambino \u00e8 un bambino \u00e8 un bambino)<\/em><\/strong>\u00a0in memoria delle migliaia di bambini palestinesi e israeliani morti durante questi due anni abbondanti di conflitto. \u201cOgni bambino \u00e8 un mondo intero\u201d recita il testo di accompagnamento \u201ca cominciare dai genitori che non potranno pi\u00f9 chiamarlo per nome la mattina, per gli amici che hanno perso un compagno di giochi e per quella cartella rimasta l\u00ec per ricordo\u2026 accendi una candela prima di lasciare questa sala.\u201d<\/p>\n<p>Non meno toccante l\u2019installazione proposta dai\u00a0<strong><em>Parents\u00a0Circle\u00a0Family Forum<\/em><\/strong>, che semplicemente si intitola\u00a0<strong><em>Con sincerit\u00e0 di cuore<\/em><\/strong>: sedici storie di inconsolabile perdita che altrettanti genitori, israeliani e palestinesi, hanno scelto di raccontare attraverso quegli oggetti \u201cche si rifiutano di sparire, perch\u00e9 \u00e8 tutto ci\u00f2 che resta di coloro che non rivedremo mai pi\u00f9\u201d. Un giocattolo, un orologio che non segna pi\u00f9 nessuna ora, un abito che nessuno indosser\u00e0 pi\u00f9, una collanina, una cartella da scuola con dentro ancora i quaderni\u2026 Oggetti che verranno presentati senza alcuna indicazione, circa il nome, l\u2019et\u00e0, l\u2019identit\u00e0, la nazionalit\u00e0, \u201cperch\u00e9 lo sguardo possa cogliere solo l\u2019essenza di ci\u00f2 che hanno in comune per chi li ha conservati: il dolore della perdita e la determinazione per\u00f2 di attraversarlo e andare oltre, rinnovando ogni giorno la speranza di un futuro possibile all\u2019insegna della giustizia, della libert\u00e0 per tutti e della pace\u201d.<\/p>\n<p><strong><img loading=\"lazy\" decoding=\"async\" class=\"alignnone size-large wp-image-2696735\" src=\"https:\/\/www.pressenza.com\/wp-content\/uploads\/2026\/04\/braccialetto-ricordo-820x547.jpeg\" alt=\"\" width=\"820\" height=\"547\" srcset=\"https:\/\/www.pressenza.com\/wp-content\/uploads\/2026\/04\/braccialetto-ricordo-820x547.jpeg 820w, https:\/\/www.pressenza.com\/wp-content\/uploads\/2026\/04\/braccialetto-ricordo-300x200.jpeg 300w, https:\/\/www.pressenza.com\/wp-content\/uploads\/2026\/04\/braccialetto-ricordo.jpeg 1600w\" sizes=\"auto, (max-width: 820px) 100vw, 820px\" \/><\/strong><\/p>\n<p><img loading=\"lazy\" decoding=\"async\" class=\"alignnone size-large wp-image-2696736\" src=\"https:\/\/www.pressenza.com\/wp-content\/uploads\/2026\/04\/orologio-ricordo-820x547.jpeg\" alt=\"\" width=\"820\" height=\"547\" srcset=\"https:\/\/www.pressenza.com\/wp-content\/uploads\/2026\/04\/orologio-ricordo-820x547.jpeg 820w, https:\/\/www.pressenza.com\/wp-content\/uploads\/2026\/04\/orologio-ricordo-300x200.jpeg 300w, https:\/\/www.pressenza.com\/wp-content\/uploads\/2026\/04\/orologio-ricordo.jpeg 1600w\" sizes=\"auto, (max-width: 820px) 100vw, 820px\" \/><\/p>\n<p>Spostiamoci sullo spettacolo teatrale, previsto verso le 17.00 in un capannone di Giaffa area, un po\u2019 fuori rispetto\u00a0<strong style=\"font-style: inherit;\"><em>all\u2019Expo Center<\/em><\/strong>.\u00a0Si intitola\u00a0<strong style=\"font-style: inherit;\"><em>The Stand, La Bancarella\u00a0<\/em><\/strong>e gli autori, i coniugi Norman e Gidona Issa, l\u2019hanno pensato in lingua araba ed ebraica per un pubblico infantile, mettendo in scena due venditori ambulanti, uno israeliano e l\u2019altro appunto arabo, che siccome non si capiscono ma si trovano a condividere lo stesso spazio-vendita al mercato, trovano il modo di capirsi per forza e alla fine, in un crescendo di buffi\u00a0<em style=\"font-weight: inherit;\">qui pro quo<\/em>, si mettono persino in societ\u00e0.<\/p>\n<p>E resterebbe da dire dell\u2019installazione del collettivo di artisti di strada\u00a0<strong style=\"font-style: inherit;\"><em>Broken\u00a0Fingaz<\/em><\/strong>, originari di Haifa ma ormai noti in tutto il mondo per i loro pirotecnici\u00a0<em style=\"font-weight: inherit;\">murals<\/em> e della mostra fotografica di Alia Khalil e Adam Yekutieli, il cui lavoro attinge a testi e materiali d\u2019archivio, con l\u2019obiettivo di riattivare spazi di memoria e potenzialit\u00e0 d\u2019empatia, altrimenti difficili da esplorare.<strong style=\"font-style: inherit;\"><em>\u00a0<\/em><\/strong>Tutti lavori concepiti apposta per questo\u00a0<strong style=\"font-style: inherit;\"><em>People Peace Summit,<\/em><\/strong>\u00a0che dovremo accontentarci di vedere solo da lontano, magari da domani, sulle varie pagine social.<\/p>\n<p>Per assistere alla plenaria di\u00a0<strong style=\"font-style: inherit;\"><em>It\u2019s\u00a0time<\/em><\/strong>\u00a0oggi dalle 18 fino alle 20 oggi 30 aprile:<\/p>\n<p><iframe loading=\"lazy\" title=\"\u05d5\u05e2\u05d9\u05d3\u05ea \u05d4\u05e9\u05dc\u05d5\u05dd \u05d4\u05e2\u05de\u05de\u05d9\u05ea 2026 \u2727 \u05ea\u05dc \u05d0\u05d1\u05d9\u05d1 | \u0645\u0624\u062a\u0645\u0631 \u0627\u0644\u0633\u0644\u0627\u0645 \u0627\u0644\u0634\u0639\u0628\u064a 2026 | \u062a\u0644 \u0627\u0628\u064a\u0628 \u2727People\u2019s Peace Summit 2026\" width=\"500\" height=\"281\" src=\"https:\/\/www.youtube.com\/embed\/Z6nOTkXzQHI?feature=oembed\" frameborder=\"0\" allow=\"accelerometer; autoplay; clipboard-write; encrypted-media; gyroscope; picture-in-picture; web-share\" referrerpolicy=\"strict-origin-when-cross-origin\" allowfullscreen><\/iframe><\/p>\n<p>Facebook:\u00a0<a href=\"https:\/\/www.facebook.com\/events\/1299320968820425\/\">https:\/\/www.facebook.com\/events\/1299320968820425\/<\/a><\/p>\n<p>Per l\u2019elenco di tutte le organizzazioni che aderiscono alla coalizione\u00a0<strong><em>It\u2019s\u00a0Time<\/em><\/strong>:\u00a0<a href=\"https:\/\/bit.ly\/42zfQrB\">https:\/\/bit.ly\/42zfQrB<\/a><\/p>\n<p>&nbsp;<\/p>\n","protected":false},"excerpt":{"rendered":"<p>Mentre nella notte le autorit\u00e0 israeliane hanno aperto un ennesimo fronte di guerra contro le imbarcazioni della Global Sumud Flotilla, dal People\u2019s Peace Summitdi Tel Aviv arriva un breve filmato che, sulle note di\u00a0Give\u00a0Peace a Chance\u00a0di John Lennon, visualizza le&hellip;<\/p>\n","protected":false},"author":2072,"featured_media":2696732,"comment_status":"closed","ping_status":"closed","sticky":false,"template":"","format":"standard","meta":{"footnotes":""},"categories":[11388,56,52,1263],"tags":[156097,1005,156178,129542,134228],"class_list":["post-2696727","post","type-post","status-publish","format-standard","has-post-thumbnail","hentry","category-contenuti-originali","category-cultura","category-medio-oriente","category-pace-disarmo","tag-coalizione-its-time","tag-gaza","tag-installazioni-creative","tag-israele-2","tag-peoples-peace-summit"],"yoast_head":"<!-- This site is optimized with the Yoast SEO plugin v27.1.1 - https:\/\/yoast.com\/product\/yoast-seo-wordpress\/ -->\n<title>People\u2019s Peace Summit terza edizione: il lato creaTTivo della pace<\/title>\n<meta name=\"description\" content=\"Mentre nella notte le autorit\u00e0 israeliane hanno aperto un ennesimo fronte di guerra contro le imbarcazioni della Global Sumud Flotilla, dal People\u2019s Peace\" \/>\n<meta name=\"robots\" content=\"index, follow, max-snippet:-1, max-image-preview:large, max-video-preview:-1\" \/>\n<link rel=\"canonical\" href=\"https:\/\/www.pressenza.com\/it\/2026\/04\/peoples-peace-summit-terza-edizione-il-lato-creattivo-della-pace\/\" \/>\n<meta property=\"og:locale\" content=\"it_IT\" \/>\n<meta property=\"og:type\" content=\"article\" \/>\n<meta property=\"og:title\" content=\"People\u2019s Peace Summit terza edizione: il lato creaTTivo della pace\" \/>\n<meta property=\"og:description\" content=\"Mentre nella notte le autorit\u00e0 israeliane hanno aperto un ennesimo fronte di guerra contro le imbarcazioni della Global Sumud Flotilla, dal People\u2019s Peace\" \/>\n<meta property=\"og:url\" content=\"https:\/\/www.pressenza.com\/it\/2026\/04\/peoples-peace-summit-terza-edizione-il-lato-creattivo-della-pace\/\" \/>\n<meta property=\"og:site_name\" content=\"Pressenza\" \/>\n<meta property=\"article:publisher\" content=\"https:\/\/www.facebook.com\/PressenzaItalia\" \/>\n<meta property=\"article:published_time\" content=\"2026-04-30T12:44:16+00:00\" \/>\n<meta property=\"og:image\" content=\"https:\/\/www.pressenza.com\/wp-content\/uploads\/2026\/04\/cover-peace-summit-copia-1030x579-1.jpg\" \/>\n\t<meta property=\"og:image:width\" content=\"1030\" \/>\n\t<meta property=\"og:image:height\" content=\"579\" \/>\n\t<meta property=\"og:image:type\" content=\"image\/jpeg\" \/>\n<meta name=\"author\" content=\"Daniela Bezzi\" \/>\n<meta name=\"twitter:card\" content=\"summary_large_image\" \/>\n<meta name=\"twitter:creator\" content=\"@PressenzaIPA\" \/>\n<meta name=\"twitter:site\" content=\"@PressenzaIPA\" \/>\n<meta name=\"twitter:label1\" content=\"Scritto da\" \/>\n\t<meta name=\"twitter:data1\" content=\"Daniela Bezzi\" \/>\n\t<meta name=\"twitter:label2\" content=\"Tempo di lettura stimato\" \/>\n\t<meta name=\"twitter:data2\" content=\"6 minuti\" \/>\n<script type=\"application\/ld+json\" class=\"yoast-schema-graph\">{\"@context\":\"https:\/\/schema.org\",\"@graph\":[{\"@type\":\"Article\",\"@id\":\"https:\/\/www.pressenza.com\/it\/2026\/04\/peoples-peace-summit-terza-edizione-il-lato-creattivo-della-pace\/#article\",\"isPartOf\":{\"@id\":\"https:\/\/www.pressenza.com\/it\/2026\/04\/peoples-peace-summit-terza-edizione-il-lato-creattivo-della-pace\/\"},\"author\":{\"name\":\"Daniela Bezzi\",\"@id\":\"https:\/\/www.pressenza.com\/it\/#\/schema\/person\/e824ea519c79c3808f4910f1c2b90688\"},\"headline\":\"People\u2019s Peace Summit terza edizione: il lato creaTTivo della pace\",\"datePublished\":\"2026-04-30T12:44:16+00:00\",\"mainEntityOfPage\":{\"@id\":\"https:\/\/www.pressenza.com\/it\/2026\/04\/peoples-peace-summit-terza-edizione-il-lato-creattivo-della-pace\/\"},\"wordCount\":1008,\"publisher\":{\"@id\":\"https:\/\/www.pressenza.com\/it\/#organization\"},\"image\":{\"@id\":\"https:\/\/www.pressenza.com\/it\/2026\/04\/peoples-peace-summit-terza-edizione-il-lato-creattivo-della-pace\/#primaryimage\"},\"thumbnailUrl\":\"https:\/\/www.pressenza.com\/wp-content\/uploads\/2026\/04\/cover-peace-summit-copia-1030x579-1.jpg\",\"keywords\":[\"coalizione It\u2019s Time\",\"Gaza\",\"installazioni creative\",\"Israele\",\"People\u2019s Peace Summit\"],\"articleSection\":[\"contenuti originali\",\"Cultura e Media\",\"Medio Oriente\",\"Pace e Disarmo\"],\"inLanguage\":\"it-IT\"},{\"@type\":\"WebPage\",\"@id\":\"https:\/\/www.pressenza.com\/it\/2026\/04\/peoples-peace-summit-terza-edizione-il-lato-creattivo-della-pace\/\",\"url\":\"https:\/\/www.pressenza.com\/it\/2026\/04\/peoples-peace-summit-terza-edizione-il-lato-creattivo-della-pace\/\",\"name\":\"People\u2019s Peace Summit terza edizione: il lato creaTTivo della pace\",\"isPartOf\":{\"@id\":\"https:\/\/www.pressenza.com\/it\/#website\"},\"primaryImageOfPage\":{\"@id\":\"https:\/\/www.pressenza.com\/it\/2026\/04\/peoples-peace-summit-terza-edizione-il-lato-creattivo-della-pace\/#primaryimage\"},\"image\":{\"@id\":\"https:\/\/www.pressenza.com\/it\/2026\/04\/peoples-peace-summit-terza-edizione-il-lato-creattivo-della-pace\/#primaryimage\"},\"thumbnailUrl\":\"https:\/\/www.pressenza.com\/wp-content\/uploads\/2026\/04\/cover-peace-summit-copia-1030x579-1.jpg\",\"datePublished\":\"2026-04-30T12:44:16+00:00\",\"description\":\"Mentre nella notte le autorit\u00e0 israeliane hanno aperto un ennesimo fronte di guerra contro le imbarcazioni della Global Sumud Flotilla, dal People\u2019s Peace\",\"breadcrumb\":{\"@id\":\"https:\/\/www.pressenza.com\/it\/2026\/04\/peoples-peace-summit-terza-edizione-il-lato-creattivo-della-pace\/#breadcrumb\"},\"inLanguage\":\"it-IT\",\"potentialAction\":[{\"@type\":\"ReadAction\",\"target\":[\"https:\/\/www.pressenza.com\/it\/2026\/04\/peoples-peace-summit-terza-edizione-il-lato-creattivo-della-pace\/\"]}]},{\"@type\":\"ImageObject\",\"inLanguage\":\"it-IT\",\"@id\":\"https:\/\/www.pressenza.com\/it\/2026\/04\/peoples-peace-summit-terza-edizione-il-lato-creattivo-della-pace\/#primaryimage\",\"url\":\"https:\/\/www.pressenza.com\/wp-content\/uploads\/2026\/04\/cover-peace-summit-copia-1030x579-1.jpg\",\"contentUrl\":\"https:\/\/www.pressenza.com\/wp-content\/uploads\/2026\/04\/cover-peace-summit-copia-1030x579-1.jpg\",\"width\":1030,\"height\":579},{\"@type\":\"BreadcrumbList\",\"@id\":\"https:\/\/www.pressenza.com\/it\/2026\/04\/peoples-peace-summit-terza-edizione-il-lato-creattivo-della-pace\/#breadcrumb\",\"itemListElement\":[{\"@type\":\"ListItem\",\"position\":1,\"name\":\"Accueil\",\"item\":\"https:\/\/www.pressenza.com\/it\/\"},{\"@type\":\"ListItem\",\"position\":2,\"name\":\"People\u2019s Peace Summit terza edizione: il lato creaTTivo della pace\"}]},{\"@type\":\"WebSite\",\"@id\":\"https:\/\/www.pressenza.com\/it\/#website\",\"url\":\"https:\/\/www.pressenza.com\/it\/\",\"name\":\"Pressenza\",\"description\":\"Agenzia di Stampa Internazionale\",\"publisher\":{\"@id\":\"https:\/\/www.pressenza.com\/it\/#organization\"},\"potentialAction\":[{\"@type\":\"SearchAction\",\"target\":{\"@type\":\"EntryPoint\",\"urlTemplate\":\"https:\/\/www.pressenza.com\/it\/?s={search_term_string}\"},\"query-input\":{\"@type\":\"PropertyValueSpecification\",\"valueRequired\":true,\"valueName\":\"search_term_string\"}}],\"inLanguage\":\"it-IT\"},{\"@type\":\"Organization\",\"@id\":\"https:\/\/www.pressenza.com\/it\/#organization\",\"name\":\"Pressenza\",\"url\":\"https:\/\/www.pressenza.com\/it\/\",\"logo\":{\"@type\":\"ImageObject\",\"inLanguage\":\"it-IT\",\"@id\":\"https:\/\/www.pressenza.com\/it\/#\/schema\/logo\/image\/\",\"url\":\"https:\/\/www.pressenza.com\/wp-content\/uploads\/2022\/10\/pressenza_logo_200x200.jpg\",\"contentUrl\":\"https:\/\/www.pressenza.com\/wp-content\/uploads\/2022\/10\/pressenza_logo_200x200.jpg\",\"width\":200,\"height\":200,\"caption\":\"Pressenza\"},\"image\":{\"@id\":\"https:\/\/www.pressenza.com\/it\/#\/schema\/logo\/image\/\"},\"sameAs\":[\"https:\/\/www.facebook.com\/PressenzaItalia\",\"https:\/\/x.com\/PressenzaIPA\"]},{\"@type\":\"Person\",\"@id\":\"https:\/\/www.pressenza.com\/it\/#\/schema\/person\/e824ea519c79c3808f4910f1c2b90688\",\"name\":\"Daniela Bezzi\",\"description\":\"A journalist, cultural worker and independent researcher, she lived and worked for extended periods in Japan, the UK and India before settling back in Italy, where she contributes to various publications on environmental, human rights and labour issues.\",\"url\":\"https:\/\/www.pressenza.com\/it\/author\/daniela-bezzi\/\"}]}<\/script>\n<!-- \/ Yoast SEO plugin. -->","yoast_head_json":{"title":"People\u2019s Peace Summit terza edizione: il lato creaTTivo della pace","description":"Mentre nella notte le autorit\u00e0 israeliane hanno aperto un ennesimo fronte di guerra contro le imbarcazioni della Global Sumud Flotilla, dal People\u2019s Peace","robots":{"index":"index","follow":"follow","max-snippet":"max-snippet:-1","max-image-preview":"max-image-preview:large","max-video-preview":"max-video-preview:-1"},"canonical":"https:\/\/www.pressenza.com\/it\/2026\/04\/peoples-peace-summit-terza-edizione-il-lato-creattivo-della-pace\/","og_locale":"it_IT","og_type":"article","og_title":"People\u2019s Peace Summit terza edizione: il lato creaTTivo della pace","og_description":"Mentre nella notte le autorit\u00e0 israeliane hanno aperto un ennesimo fronte di guerra contro le imbarcazioni della Global Sumud Flotilla, dal People\u2019s Peace","og_url":"https:\/\/www.pressenza.com\/it\/2026\/04\/peoples-peace-summit-terza-edizione-il-lato-creattivo-della-pace\/","og_site_name":"Pressenza","article_publisher":"https:\/\/www.facebook.com\/PressenzaItalia","article_published_time":"2026-04-30T12:44:16+00:00","og_image":[{"width":1030,"height":579,"url":"https:\/\/www.pressenza.com\/wp-content\/uploads\/2026\/04\/cover-peace-summit-copia-1030x579-1.jpg","type":"image\/jpeg"}],"author":"Daniela Bezzi","twitter_card":"summary_large_image","twitter_creator":"@PressenzaIPA","twitter_site":"@PressenzaIPA","twitter_misc":{"Scritto da":"Daniela Bezzi","Tempo di lettura stimato":"6 minuti"},"schema":{"@context":"https:\/\/schema.org","@graph":[{"@type":"Article","@id":"https:\/\/www.pressenza.com\/it\/2026\/04\/peoples-peace-summit-terza-edizione-il-lato-creattivo-della-pace\/#article","isPartOf":{"@id":"https:\/\/www.pressenza.com\/it\/2026\/04\/peoples-peace-summit-terza-edizione-il-lato-creattivo-della-pace\/"},"author":{"name":"Daniela Bezzi","@id":"https:\/\/www.pressenza.com\/it\/#\/schema\/person\/e824ea519c79c3808f4910f1c2b90688"},"headline":"People\u2019s Peace Summit terza edizione: il lato creaTTivo della pace","datePublished":"2026-04-30T12:44:16+00:00","mainEntityOfPage":{"@id":"https:\/\/www.pressenza.com\/it\/2026\/04\/peoples-peace-summit-terza-edizione-il-lato-creattivo-della-pace\/"},"wordCount":1008,"publisher":{"@id":"https:\/\/www.pressenza.com\/it\/#organization"},"image":{"@id":"https:\/\/www.pressenza.com\/it\/2026\/04\/peoples-peace-summit-terza-edizione-il-lato-creattivo-della-pace\/#primaryimage"},"thumbnailUrl":"https:\/\/www.pressenza.com\/wp-content\/uploads\/2026\/04\/cover-peace-summit-copia-1030x579-1.jpg","keywords":["coalizione It\u2019s Time","Gaza","installazioni creative","Israele","People\u2019s Peace Summit"],"articleSection":["contenuti originali","Cultura e Media","Medio Oriente","Pace e Disarmo"],"inLanguage":"it-IT"},{"@type":"WebPage","@id":"https:\/\/www.pressenza.com\/it\/2026\/04\/peoples-peace-summit-terza-edizione-il-lato-creattivo-della-pace\/","url":"https:\/\/www.pressenza.com\/it\/2026\/04\/peoples-peace-summit-terza-edizione-il-lato-creattivo-della-pace\/","name":"People\u2019s Peace Summit terza edizione: il lato creaTTivo della pace","isPartOf":{"@id":"https:\/\/www.pressenza.com\/it\/#website"},"primaryImageOfPage":{"@id":"https:\/\/www.pressenza.com\/it\/2026\/04\/peoples-peace-summit-terza-edizione-il-lato-creattivo-della-pace\/#primaryimage"},"image":{"@id":"https:\/\/www.pressenza.com\/it\/2026\/04\/peoples-peace-summit-terza-edizione-il-lato-creattivo-della-pace\/#primaryimage"},"thumbnailUrl":"https:\/\/www.pressenza.com\/wp-content\/uploads\/2026\/04\/cover-peace-summit-copia-1030x579-1.jpg","datePublished":"2026-04-30T12:44:16+00:00","description":"Mentre nella notte le autorit\u00e0 israeliane hanno aperto un ennesimo fronte di guerra contro le imbarcazioni della Global Sumud Flotilla, dal People\u2019s Peace","breadcrumb":{"@id":"https:\/\/www.pressenza.com\/it\/2026\/04\/peoples-peace-summit-terza-edizione-il-lato-creattivo-della-pace\/#breadcrumb"},"inLanguage":"it-IT","potentialAction":[{"@type":"ReadAction","target":["https:\/\/www.pressenza.com\/it\/2026\/04\/peoples-peace-summit-terza-edizione-il-lato-creattivo-della-pace\/"]}]},{"@type":"ImageObject","inLanguage":"it-IT","@id":"https:\/\/www.pressenza.com\/it\/2026\/04\/peoples-peace-summit-terza-edizione-il-lato-creattivo-della-pace\/#primaryimage","url":"https:\/\/www.pressenza.com\/wp-content\/uploads\/2026\/04\/cover-peace-summit-copia-1030x579-1.jpg","contentUrl":"https:\/\/www.pressenza.com\/wp-content\/uploads\/2026\/04\/cover-peace-summit-copia-1030x579-1.jpg","width":1030,"height":579},{"@type":"BreadcrumbList","@id":"https:\/\/www.pressenza.com\/it\/2026\/04\/peoples-peace-summit-terza-edizione-il-lato-creattivo-della-pace\/#breadcrumb","itemListElement":[{"@type":"ListItem","position":1,"name":"Accueil","item":"https:\/\/www.pressenza.com\/it\/"},{"@type":"ListItem","position":2,"name":"People\u2019s Peace Summit terza edizione: il lato creaTTivo della pace"}]},{"@type":"WebSite","@id":"https:\/\/www.pressenza.com\/it\/#website","url":"https:\/\/www.pressenza.com\/it\/","name":"Pressenza","description":"Agenzia di Stampa Internazionale","publisher":{"@id":"https:\/\/www.pressenza.com\/it\/#organization"},"potentialAction":[{"@type":"SearchAction","target":{"@type":"EntryPoint","urlTemplate":"https:\/\/www.pressenza.com\/it\/?s={search_term_string}"},"query-input":{"@type":"PropertyValueSpecification","valueRequired":true,"valueName":"search_term_string"}}],"inLanguage":"it-IT"},{"@type":"Organization","@id":"https:\/\/www.pressenza.com\/it\/#organization","name":"Pressenza","url":"https:\/\/www.pressenza.com\/it\/","logo":{"@type":"ImageObject","inLanguage":"it-IT","@id":"https:\/\/www.pressenza.com\/it\/#\/schema\/logo\/image\/","url":"https:\/\/www.pressenza.com\/wp-content\/uploads\/2022\/10\/pressenza_logo_200x200.jpg","contentUrl":"https:\/\/www.pressenza.com\/wp-content\/uploads\/2022\/10\/pressenza_logo_200x200.jpg","width":200,"height":200,"caption":"Pressenza"},"image":{"@id":"https:\/\/www.pressenza.com\/it\/#\/schema\/logo\/image\/"},"sameAs":["https:\/\/www.facebook.com\/PressenzaItalia","https:\/\/x.com\/PressenzaIPA"]},{"@type":"Person","@id":"https:\/\/www.pressenza.com\/it\/#\/schema\/person\/e824ea519c79c3808f4910f1c2b90688","name":"Daniela Bezzi","description":"A journalist, cultural worker and independent researcher, she lived and worked for extended periods in Japan, the UK and India before settling back in Italy, where she contributes to various publications on environmental, human rights and labour issues.","url":"https:\/\/www.pressenza.com\/it\/author\/daniela-bezzi\/"}]}},"place":"Tel Aviv, Israele","original_article_url":"","_links":{"self":[{"href":"https:\/\/www.pressenza.com\/it\/wp-json\/wp\/v2\/posts\/2696727","targetHints":{"allow":["GET"]}}],"collection":[{"href":"https:\/\/www.pressenza.com\/it\/wp-json\/wp\/v2\/posts"}],"about":[{"href":"https:\/\/www.pressenza.com\/it\/wp-json\/wp\/v2\/types\/post"}],"author":[{"embeddable":true,"href":"https:\/\/www.pressenza.com\/it\/wp-json\/wp\/v2\/users\/2072"}],"replies":[{"embeddable":true,"href":"https:\/\/www.pressenza.com\/it\/wp-json\/wp\/v2\/comments?post=2696727"}],"version-history":[{"count":3,"href":"https:\/\/www.pressenza.com\/it\/wp-json\/wp\/v2\/posts\/2696727\/revisions"}],"predecessor-version":[{"id":2696738,"href":"https:\/\/www.pressenza.com\/it\/wp-json\/wp\/v2\/posts\/2696727\/revisions\/2696738"}],"wp:featuredmedia":[{"embeddable":true,"href":"https:\/\/www.pressenza.com\/it\/wp-json\/wp\/v2\/media\/2696732"}],"wp:attachment":[{"href":"https:\/\/www.pressenza.com\/it\/wp-json\/wp\/v2\/media?parent=2696727"}],"wp:term":[{"taxonomy":"category","embeddable":true,"href":"https:\/\/www.pressenza.com\/it\/wp-json\/wp\/v2\/categories?post=2696727"},{"taxonomy":"post_tag","embeddable":true,"href":"https:\/\/www.pressenza.com\/it\/wp-json\/wp\/v2\/tags?post=2696727"}],"curies":[{"name":"wp","href":"https:\/\/api.w.org\/{rel}","templated":true}]}}