{"id":2696704,"date":"2026-04-30T13:11:28","date_gmt":"2026-04-30T12:11:28","guid":{"rendered":"https:\/\/www.pressenza.com\/?p=2696704"},"modified":"2026-04-30T13:11:28","modified_gmt":"2026-04-30T12:11:28","slug":"cuba-e-lalternativa-ecosostenibile-linventiva-cubana-contro-il-bloqueo-petrolifero","status":"publish","type":"post","link":"https:\/\/www.pressenza.com\/it\/2026\/04\/cuba-e-lalternativa-ecosostenibile-linventiva-cubana-contro-il-bloqueo-petrolifero\/","title":{"rendered":"Cuba e l&#8217;alternativa ecosostenibile: l&#8217;inventiva cubana contro il bloqueo petrolifero"},"content":{"rendered":"<p><strong>Premesse<\/strong><\/p>\n<p><span dir=\"auto\">All&#8217;inizio di febbraio, il presidente cubano Miguel D\u00edaz-Canel ha dichiarato che il suo governo stava preparando un piano per far fronte a una &#8220;grave carenza di carburante&#8221; in risposta alle pressioni degli Stati Uniti. Di conseguenza, le partenze degli autobus interprovinciali sono state ridotte a un quarto del numero abituale e il trasporto pubblico locale \u00e8 stato quasi completamente bloccato.<\/span><\/p>\n<p><span dir=\"auto\">Da parte sua, il Ministro dei Trasporti, Eduardo Rodr\u00edguez, ha annunciato il 18 marzo che sono state incentivate le opzioni di trasporto in taxi o tricicli elettrici anche per i pazienti sottoposti a emodialisi.<\/span><\/p>\n<p><span dir=\"auto\">Il 31 marzo 2026 Cuba ha ricevuto la petroliera russa Anatoly Kolodkin, che trasportava circa 100.000 tonnellate di petrolio greggio. La raffinazione del petrolio ha fornito alla nazione caraibica carburante sufficiente solo per 15 giorni. La precedente petroliera straniera era arrivata il 9 gennaio.<\/span><\/p>\n<p><span dir=\"auto\">D&#8217;altro canto, grazie alle misure adottate da Cuba e dagli Stati Uniti, il carburante importato dal settore privato dell&#8217;isola ha iniziato ad arrivare nel paese (circa 30.000 barili fino a febbraio); tuttavia, gli esperti ritengono che ci\u00f2 rappresenti solo un piccolo sollievo per le esigenze del paese.<\/span><\/p>\n<p><span dir=\"auto\">Cuba necessita di circa 100.000 barili di petrolio greggio al giorno per soddisfare il proprio fabbisogno energetico e attualmente ne ricava circa 40.000 dalla produzione interna.<\/span><\/p>\n<p><span dir=\"auto\">Tuttavia, questa materia prima non viene attualmente raffinata su larga scala, quindi l&#8217;isola ha bisogno di importare petrolio greggio raffinabile o suoi derivati \u200b\u200b(benzina, gasolio, olio combustibile, cherosene&#8230;) per soddisfare il proprio fabbisogno.<\/span><\/p>\n<p>&nbsp;<\/p>\n<p><strong>Tricicli elettrici, con pannelli solari<\/strong><\/p>\n<p><span dir=\"auto\">La cronica carenza di carburante nel Paese si \u00e8 aggravata da gennaio con l&#8217;embargo petrolifero statunitense. I distributori di benzina hanno smesso di vendere carburante, l&#8217;industria \u00e8 paralizzata e i veicoli a motore scarseggiano per le strade dell&#8217;Avana.<\/span><\/p>\n<p><span dir=\"auto\">Negli ultimi mesi la capitale cubana \u00e8 stata dominata da diversi e creativi veicoli elettrici, come i tricicli, che ora sono dotati anche di pannelli solari sui tetti.<\/span><\/p>\n<p><span dir=\"auto\">Questo giovane dell&#8217;Avana ha iniziato a installare pannelli solari poco meno di un mese fa, insieme a suo padre, tre fratelli e un amico, ad Arroyo Naranjo, un comune alla periferia della capitale cubana. Da allora, hanno installato pi\u00f9 di quindici pannelli con una potenza compresa tra 550 e 650 watt.<\/span><\/p>\n<p><span dir=\"auto\">Il suo obiettivo \u00e8 quello di aumentare l&#8217;autonomia dei tricicli elettrici sfruttando l&#8217;energia fotovoltaica: un&#8217;alternativa a quelli a benzina, nel contesto della grave crisi energetica che sta attraversando l&#8217;isola.<\/span><\/p>\n<p>&nbsp;<\/p>\n<p><img loading=\"lazy\" decoding=\"async\" class=\" wp-image-2696707\" src=\"https:\/\/www.pressenza.com\/wp-content\/uploads\/2026\/04\/Yadan-Pablo-Espinosa-21-anni-lavora-allinstallazione-di-un-pannello-EFE-200x300.jpg\" alt=\"\" width=\"334\" height=\"502\" srcset=\"https:\/\/www.pressenza.com\/wp-content\/uploads\/2026\/04\/Yadan-Pablo-Espinosa-21-anni-lavora-allinstallazione-di-un-pannello-EFE-200x300.jpg 200w, https:\/\/www.pressenza.com\/wp-content\/uploads\/2026\/04\/Yadan-Pablo-Espinosa-21-anni-lavora-allinstallazione-di-un-pannello-EFE-683x1024.jpg 683w, https:\/\/www.pressenza.com\/wp-content\/uploads\/2026\/04\/Yadan-Pablo-Espinosa-21-anni-lavora-allinstallazione-di-un-pannello-EFE.jpg 1140w\" sizes=\"auto, (max-width: 334px) 100vw, 334px\" \/><\/p>\n<p style=\"text-align: center;\"><em>Yad\u00e1n Pablo Espinosa, 21 anni, lavora all&#8217;installazione di un pannello su un&#8217;ape-car<\/em><\/p>\n<p>&nbsp;<\/p>\n<p><span dir=\"auto\">Espinosa e il suo team offrono ai clienti un servizio di installazione completo con tutti gli strumenti necessari, oltre a realizzare i supporti in ferro che sorreggono i pannelli solari, trasformandoli in utili coperture per i tricicli.<\/span><\/p>\n<p><span dir=\"auto\">\u201cL\u2019impianto che realizziamo permette al pannello di fornire energia costante e diretta al motore del triciclo mentre \u00e8 in movimento, grazie alla batteria. Una volta che il veicolo si ferma, l\u2019energia ricevuta dal pannello ricarica la batteria\u201d, ha spiegato a\u00a0<\/span><em><span dir=\"auto\">EFE<\/span><\/em><span dir=\"auto\">\u00a0Yad\u00e1n Pablo Espinosa, 21 anni .<\/span><\/p>\n<p><span dir=\"auto\">Il pannello solare sul veicolo \u00e8 &#8220;ottimo, perch\u00e9 aiuta con la ricarica&#8221;, dice Yoandis Castro, una cliente, all&#8217;agenzia\u00a0<\/span><em><span dir=\"auto\">EFE<\/span><\/em><span dir=\"auto\">\u00a0mentre aspetta nell&#8217;officina di Espinosa che il pannello venga installato sul suo triciclo.<\/span><\/p>\n<p>&nbsp;<\/p>\n<p><img loading=\"lazy\" decoding=\"async\" class=\" wp-image-2696708 aligncenter\" src=\"https:\/\/www.pressenza.com\/wp-content\/uploads\/2026\/04\/Alcune-persone-stanno-lavorando-allinstallazione-di-un-pannello-per-un-triciclo-elettrico-EFE-300x191.jpg\" alt=\"\" width=\"506\" height=\"322\" srcset=\"https:\/\/www.pressenza.com\/wp-content\/uploads\/2026\/04\/Alcune-persone-stanno-lavorando-allinstallazione-di-un-pannello-per-un-triciclo-elettrico-EFE-300x191.jpg 300w, https:\/\/www.pressenza.com\/wp-content\/uploads\/2026\/04\/Alcune-persone-stanno-lavorando-allinstallazione-di-un-pannello-per-un-triciclo-elettrico-EFE-820x521.jpg 820w, https:\/\/www.pressenza.com\/wp-content\/uploads\/2026\/04\/Alcune-persone-stanno-lavorando-allinstallazione-di-un-pannello-per-un-triciclo-elettrico-EFE.jpg 1140w\" sizes=\"auto, (max-width: 506px) 100vw, 506px\" \/><\/p>\n<p style=\"text-align: center;\"><em>Alcune persone stanno lavorando all&#8217;installazione di un pannello per un triciclo elettrico<\/em><\/p>\n<p>&nbsp;<\/p>\n<p><span dir=\"auto\">A <em>OnCubaNews<\/em>, una donna di 47 anni, originaria dell&#8217;Avana, spiega di dedicarsi al trasporto di merci per i mercati e sottolinea di voler ampliare la flotta di veicoli elettrici della sua attivit\u00e0, sui quali intende anche installare pannelli solari.<\/span><\/p>\n<p><span dir=\"auto\">La stessa opinione \u00e8 condivisa da Orlando Mu\u00f1oz, 62 anni, che lavora come trasportatore di passeggeri nel trafficato incrocio tra la 100esima e la via Boyeros all&#8217;Avana e possiede un triciclo elettrico con pannello solare.<\/span><\/p>\n<p><span dir=\"auto\">Grazie all&#8217;energia solare, afferma, il suo veicolo &#8220;ha prestazioni migliori&#8221;. &#8220;Aiuta a evitare che la batteria si scarichi e fa s\u00ec che la carica duri pi\u00f9 a lungo mentre lavoro&#8221;, spiega all&#8217;agenzia EFE.<\/span><\/p>\n<p>&nbsp;<\/p>\n<p><strong>Santa Clara (Villa Clara), nasce una centrale solare con scopi solidali e comunitari<\/strong><\/p>\n<p><span dir=\"auto\">Il 5 aprile 2026, il Gomate Local Development Project (PDL) (1) ha inaugurato presso il Virginia People&#8217;s Council di Santa Clara il primo impianto solare della provincia, una struttura che genera elettricit\u00e0 da fonti rinnovabili per uso collettivo e che opera in modo indipendente dalla rete elettrica nazionale (SEN).<\/span><\/p>\n<p><span dir=\"auto\">Julio Ernesto Gomate Morales, direttore del PDL, ha dichiarato che l&#8217;iniziativa consiste nell&#8217;utilizzo di energia solare per fornire servizi di cottura dei cibi e per ricaricare diversi tipi di computer portatili e veicoli destinati al trasporto della popolazione.\u00a0<\/span><\/p>\n<p><span dir=\"auto\"><em>&#8220;Nello specifico, a Gomate abbiamo installato 30 kilowatt di potenza con 60 kilowatt di accumulo, provenienti da 56 pannelli che conferiscono autonomia all&#8217;impianto solare, progettato anche per far fronte a situazioni di crisi come uragani e altre emergenze che generalmente causano blackout prolungati&#8221; &#8211;<\/em>\u00a0ha riferito.\u00a0<\/span><\/p>\n<p><span dir=\"auto\"><em>&#8220;Oggi abbiamo inaugurato questa solinera con grande impegno e sacrificio in tempi record, dato che ci sono voluti solo nove giorni per costruirla e assemblarla da zero, perch\u00e9 abbiamo iniziato i lavori dal terreno nudo&#8221; &#8211;<\/em>\u00a0ha spiegato.\u00a0<\/span><\/p>\n<p><img loading=\"lazy\" decoding=\"async\" class=\" wp-image-2696715 aligncenter\" src=\"https:\/\/www.pressenza.com\/wp-content\/uploads\/2026\/04\/Stazione-PDL-Gomate-300x194.jpg\" alt=\"\" width=\"529\" height=\"342\" srcset=\"https:\/\/www.pressenza.com\/wp-content\/uploads\/2026\/04\/Stazione-PDL-Gomate-300x194.jpg 300w, https:\/\/www.pressenza.com\/wp-content\/uploads\/2026\/04\/Stazione-PDL-Gomate.jpg 720w\" sizes=\"auto, (max-width: 529px) 100vw, 529px\" \/><\/p>\n<p>&nbsp;<\/p>\n<p><span dir=\"auto\">La struttura dispone di un&#8217;area per la ricarica di ciclomotori, tricicli e ogni tipo di dispositivo a batteria, nonch\u00e9 di uno spazio per la preparazione dei cibi con pentole, fornelli e altri elettrodomestici.\u00a0<\/span><\/p>\n<p><span dir=\"auto\">Gomate Morales ha spiegato che la stazione di rifornimento ha una capacit\u00e0 simultanea per sei veicoli e 26 prese doppie che consentono il collegamento di 52 apparecchi di cottura.<\/span><\/p>\n<p><span dir=\"auto\">Ha specificato che il servizio di preparazione dei pasti sar\u00e0 gratuito per tutta la popolazione, mentre il costo del trasporto sar\u00e0 ancora da definire, ma verr\u00e0 comunque mantenuto il pi\u00f9 basso possibile, in quanto necessario per rendere il sito autosufficiente.\u00a0<\/span><\/p>\n<p><span dir=\"auto\"><em>&#8220;Sono orgoglioso di aver reso possibile questa alternativa per tutta Santa Clara e che serva da incentivo per esperienze simili in tutto il paese&#8221;<\/em>, ha affermato.\u00a0<\/span><\/p>\n<p><span dir=\"auto\">Zoraima Escobar Poveda, presidente del Virginia People&#8217;s Council, ha descritto la <em>solinera<\/em> come un punto di forza per la comunit\u00e0.\u00a0<\/span><\/p>\n<p><span dir=\"auto\">L&#8217;iniziativa contribuisce all&#8217;indipendenza energetica locale, sia per i trasporti a breve e medio raggio che per la cottura dei cibi; rappresenta un&#8217;ottima opportunit\u00e0 per far fronte alle prolungate interruzioni di corrente nella zona, dimostrando al contempo l&#8217;efficacia del collegamento tra l&#8217;impresa statale socialista e i metodi di gestione privati, ha osservato.\u00a0<\/span><\/p>\n<p><span dir=\"auto\">Reinaldo Andino Gonz\u00e1lez, socio fondatore di <strong>El\u00e9ctrica Total<\/strong>, un gruppo con sede nel comune di Ranchuelo dedicato all&#8217;installazione di energie rinnovabili (2), ha dichiarato: <\/span><span dir=\"auto\"><em>&#8220;Questo impianto rappresenta un&#8217;esperienza senza precedenti che ci ha richiesto di innovare, pensando sempre al benessere delle persone attraverso fonti di energia pulita e l&#8217;automazione dei processi di carico&#8221;<\/em>.\u00a0<\/span><\/p>\n<p><span dir=\"auto\">Andino Gonz\u00e1lez ha spiegato che tra le innovazioni promosse dalla sua azienda figurano l&#8217;installazione di pannelli solari su tricicli elettrici per una fornitura continua di energia e l&#8217;installazione di inverter fotovoltaici che generano corrente sia all&#8217;interno che all&#8217;esterno della rete SEN.\u00a0<\/span><\/p>\n<p><span dir=\"auto\">L&#8217;impianto solare di Gomate \u00e8 la prima esperienza di questo tipo a Villa Clara e costituisce un precedente per la replicazione di progetti simili in altri comuni del territorio e del Paese.<\/span><\/p>\n<p>&nbsp;<\/p>\n<p>(1) <span dir=\"auto\"><strong>PDL Gomate<\/strong>, fondata circa dieci anni fa, opera nel commercio all&#8217;ingrosso di elettrodomestici, pneumatici, lubrificanti e batterie, con un mercato costituito principalmente da enti statali.\u00a0<\/span><\/p>\n<p>(2) <span dir=\"auto\"><strong>El\u00e9ctrica Total<\/strong>\u00a0ha partecipato a iniziative destinate a localit\u00e0 remote e rurali, tra cui la refrigerazione di serbatoi per il latte per lo stoccaggio e la conservazione, e l&#8217;installazione di pompe idrauliche per l&#8217;irrigazione.\u00a0<\/span><\/p>\n<p>&nbsp;<\/p>\n<p><strong>Fonti:<\/strong><\/p>\n<blockquote class=\"wp-embedded-content\" data-secret=\"5rCCXXYev5\"><p><a href=\"https:\/\/oncubanews.com\/cuba\/economia\/triciclos-electricos-con-panel-solar-la-inventiva-cubana-se-afila-en-el-bloqueo-petrolero\/\">Triciclos el\u00e9ctricos con panel solar: la inventiva cubana se afila en el bloqueo petrolero<\/a><\/p><\/blockquote>\n<p><iframe loading=\"lazy\" class=\"wp-embedded-content\" sandbox=\"allow-scripts\" security=\"restricted\" style=\"position: absolute; visibility: hidden;\" title=\"\u00abTriciclos el\u00e9ctricos con panel solar: la inventiva cubana se afila en el bloqueo petrolero\u00bb \u2014 OnCubaNews\" src=\"https:\/\/oncubanews.com\/cuba\/economia\/triciclos-electricos-con-panel-solar-la-inventiva-cubana-se-afila-en-el-bloqueo-petrolero\/embed\/#?secret=koxcX4HiCo#?secret=5rCCXXYev5\" data-secret=\"5rCCXXYev5\" width=\"500\" height=\"282\" frameborder=\"0\" marginwidth=\"0\" marginheight=\"0\" scrolling=\"no\"><\/iframe><\/p>\n<p><a href=\"https:\/\/www.granma.cu\/cuba\/2026-04-05\/inauguran-en-villa-clara-la-primera-solinera-para-uso-comunitario-05-04-2026-08-04-06\">https:\/\/www.granma.cu\/cuba\/2026-04-05\/inauguran-en-villa-clara-la-primera-solinera-para-uso-comunitario-05-04-2026-08-04-06<\/a><\/p>\n","protected":false},"excerpt":{"rendered":"<p>Premesse All&#8217;inizio di febbraio, il presidente cubano Miguel D\u00edaz-Canel ha dichiarato che il suo governo stava preparando un piano per far fronte a una &#8220;grave carenza di carburante&#8221; in risposta alle pressioni degli Stati Uniti. Di conseguenza, le partenze degli&hellip;<\/p>\n","protected":false},"author":1887,"featured_media":2696709,"comment_status":"closed","ping_status":"closed","sticky":false,"template":"","format":"standard","meta":{"footnotes":""},"categories":[107392,59,62,57,48],"tags":[156169,156172,4377,156174,156171,12528,156173,58178,156170,156175],"class_list":["post-2696704","post","type-post","status-publish","format-standard","has-post-thumbnail","hentry","category-noticia-it","category-ambiente-ecologia","category-economia","category-affari-esteri","category-sud-america","tag-alternativa-ecosostenibile","tag-bloqueo-petrolifero","tag-cuba-it","tag-impianto-solare-di-gomate","tag-inventiva-cubana","tag-pannelli-solari","tag-pdl-gomate","tag-santa-clara-it","tag-tricicli-elettrici","tag-villa-clara"],"yoast_head":"<!-- This site is optimized with the Yoast SEO plugin v27.1.1 - https:\/\/yoast.com\/product\/yoast-seo-wordpress\/ -->\n<title>Cuba e l&#039;alternativa ecosostenibile: l&#039;inventiva cubana contro il bloqueo petrolifero<\/title>\n<meta name=\"description\" content=\"Premesse All&#039;inizio di febbraio, il presidente cubano Miguel D\u00edaz-Canel ha dichiarato che il suo governo stava preparando un piano per far fronte a una\" \/>\n<meta name=\"robots\" content=\"index, follow, max-snippet:-1, max-image-preview:large, max-video-preview:-1\" \/>\n<link rel=\"canonical\" href=\"https:\/\/www.pressenza.com\/it\/2026\/04\/cuba-e-lalternativa-ecosostenibile-linventiva-cubana-contro-il-bloqueo-petrolifero\/\" \/>\n<meta property=\"og:locale\" content=\"it_IT\" \/>\n<meta property=\"og:type\" content=\"article\" \/>\n<meta property=\"og:title\" content=\"Cuba e l&#039;alternativa ecosostenibile: l&#039;inventiva cubana contro il bloqueo petrolifero\" \/>\n<meta property=\"og:description\" content=\"Premesse All&#039;inizio di febbraio, il presidente cubano Miguel D\u00edaz-Canel ha dichiarato che il suo governo stava preparando un piano per far fronte a una\" \/>\n<meta property=\"og:url\" content=\"https:\/\/www.pressenza.com\/it\/2026\/04\/cuba-e-lalternativa-ecosostenibile-linventiva-cubana-contro-il-bloqueo-petrolifero\/\" \/>\n<meta property=\"og:site_name\" content=\"Pressenza\" \/>\n<meta property=\"article:publisher\" content=\"https:\/\/www.facebook.com\/PressenzaItalia\" \/>\n<meta property=\"article:published_time\" content=\"2026-04-30T12:11:28+00:00\" \/>\n<meta property=\"og:image\" content=\"https:\/\/www.pressenza.com\/wp-content\/uploads\/2026\/04\/Tricicli-elettrici-a-Cuba.jpg\" \/>\n\t<meta property=\"og:image:width\" content=\"750\" \/>\n\t<meta property=\"og:image:height\" content=\"486\" \/>\n\t<meta property=\"og:image:type\" content=\"image\/jpeg\" \/>\n<meta name=\"author\" content=\"Lorenzo Poli\" \/>\n<meta name=\"twitter:card\" content=\"summary_large_image\" \/>\n<meta name=\"twitter:creator\" content=\"@PressenzaIPA\" \/>\n<meta name=\"twitter:site\" content=\"@PressenzaIPA\" \/>\n<meta name=\"twitter:label1\" content=\"Scritto da\" \/>\n\t<meta name=\"twitter:data1\" content=\"Lorenzo Poli\" \/>\n\t<meta name=\"twitter:label2\" content=\"Tempo di lettura stimato\" \/>\n\t<meta name=\"twitter:data2\" content=\"7 minuti\" \/>\n<script type=\"application\/ld+json\" class=\"yoast-schema-graph\">{\"@context\":\"https:\/\/schema.org\",\"@graph\":[{\"@type\":\"Article\",\"@id\":\"https:\/\/www.pressenza.com\/it\/2026\/04\/cuba-e-lalternativa-ecosostenibile-linventiva-cubana-contro-il-bloqueo-petrolifero\/#article\",\"isPartOf\":{\"@id\":\"https:\/\/www.pressenza.com\/it\/2026\/04\/cuba-e-lalternativa-ecosostenibile-linventiva-cubana-contro-il-bloqueo-petrolifero\/\"},\"author\":{\"name\":\"Lorenzo Poli\",\"@id\":\"https:\/\/www.pressenza.com\/it\/#\/schema\/person\/83cab62d5aaad28d2ef7c9b71a62926b\"},\"headline\":\"Cuba e l&#8217;alternativa ecosostenibile: l&#8217;inventiva cubana contro il bloqueo petrolifero\",\"datePublished\":\"2026-04-30T12:11:28+00:00\",\"mainEntityOfPage\":{\"@id\":\"https:\/\/www.pressenza.com\/it\/2026\/04\/cuba-e-lalternativa-ecosostenibile-linventiva-cubana-contro-il-bloqueo-petrolifero\/\"},\"wordCount\":1272,\"publisher\":{\"@id\":\"https:\/\/www.pressenza.com\/it\/#organization\"},\"image\":{\"@id\":\"https:\/\/www.pressenza.com\/it\/2026\/04\/cuba-e-lalternativa-ecosostenibile-linventiva-cubana-contro-il-bloqueo-petrolifero\/#primaryimage\"},\"thumbnailUrl\":\"https:\/\/www.pressenza.com\/wp-content\/uploads\/2026\/04\/Tricicli-elettrici-a-Cuba.jpg\",\"keywords\":[\"alternativa ecosostenibile\",\"bloqueo petrolifero\",\"Cuba\",\"impianto solare di Gomate\",\"inventiva cubana\",\"pannelli solari\",\"PDL Gomate\",\"Santa Clara\",\"tricicli elettrici\",\"Villa Clara\"],\"articleSection\":[\"Cronaca\",\"Ecologia ed Ambiente\",\"Economia\",\"Questioni internazionali\",\"Sud America\"],\"inLanguage\":\"it-IT\"},{\"@type\":\"WebPage\",\"@id\":\"https:\/\/www.pressenza.com\/it\/2026\/04\/cuba-e-lalternativa-ecosostenibile-linventiva-cubana-contro-il-bloqueo-petrolifero\/\",\"url\":\"https:\/\/www.pressenza.com\/it\/2026\/04\/cuba-e-lalternativa-ecosostenibile-linventiva-cubana-contro-il-bloqueo-petrolifero\/\",\"name\":\"Cuba e l'alternativa ecosostenibile: l'inventiva cubana contro il bloqueo petrolifero\",\"isPartOf\":{\"@id\":\"https:\/\/www.pressenza.com\/it\/#website\"},\"primaryImageOfPage\":{\"@id\":\"https:\/\/www.pressenza.com\/it\/2026\/04\/cuba-e-lalternativa-ecosostenibile-linventiva-cubana-contro-il-bloqueo-petrolifero\/#primaryimage\"},\"image\":{\"@id\":\"https:\/\/www.pressenza.com\/it\/2026\/04\/cuba-e-lalternativa-ecosostenibile-linventiva-cubana-contro-il-bloqueo-petrolifero\/#primaryimage\"},\"thumbnailUrl\":\"https:\/\/www.pressenza.com\/wp-content\/uploads\/2026\/04\/Tricicli-elettrici-a-Cuba.jpg\",\"datePublished\":\"2026-04-30T12:11:28+00:00\",\"description\":\"Premesse All'inizio di febbraio, il presidente cubano Miguel D\u00edaz-Canel ha dichiarato che il suo governo stava preparando un piano per far fronte a una\",\"breadcrumb\":{\"@id\":\"https:\/\/www.pressenza.com\/it\/2026\/04\/cuba-e-lalternativa-ecosostenibile-linventiva-cubana-contro-il-bloqueo-petrolifero\/#breadcrumb\"},\"inLanguage\":\"it-IT\",\"potentialAction\":[{\"@type\":\"ReadAction\",\"target\":[\"https:\/\/www.pressenza.com\/it\/2026\/04\/cuba-e-lalternativa-ecosostenibile-linventiva-cubana-contro-il-bloqueo-petrolifero\/\"]}]},{\"@type\":\"ImageObject\",\"inLanguage\":\"it-IT\",\"@id\":\"https:\/\/www.pressenza.com\/it\/2026\/04\/cuba-e-lalternativa-ecosostenibile-linventiva-cubana-contro-il-bloqueo-petrolifero\/#primaryimage\",\"url\":\"https:\/\/www.pressenza.com\/wp-content\/uploads\/2026\/04\/Tricicli-elettrici-a-Cuba.jpg\",\"contentUrl\":\"https:\/\/www.pressenza.com\/wp-content\/uploads\/2026\/04\/Tricicli-elettrici-a-Cuba.jpg\",\"width\":750,\"height\":486},{\"@type\":\"BreadcrumbList\",\"@id\":\"https:\/\/www.pressenza.com\/it\/2026\/04\/cuba-e-lalternativa-ecosostenibile-linventiva-cubana-contro-il-bloqueo-petrolifero\/#breadcrumb\",\"itemListElement\":[{\"@type\":\"ListItem\",\"position\":1,\"name\":\"Accueil\",\"item\":\"https:\/\/www.pressenza.com\/it\/\"},{\"@type\":\"ListItem\",\"position\":2,\"name\":\"Cuba e l&#8217;alternativa ecosostenibile: l&#8217;inventiva cubana contro il bloqueo petrolifero\"}]},{\"@type\":\"WebSite\",\"@id\":\"https:\/\/www.pressenza.com\/it\/#website\",\"url\":\"https:\/\/www.pressenza.com\/it\/\",\"name\":\"Pressenza\",\"description\":\"Agenzia di Stampa Internazionale\",\"publisher\":{\"@id\":\"https:\/\/www.pressenza.com\/it\/#organization\"},\"potentialAction\":[{\"@type\":\"SearchAction\",\"target\":{\"@type\":\"EntryPoint\",\"urlTemplate\":\"https:\/\/www.pressenza.com\/it\/?s={search_term_string}\"},\"query-input\":{\"@type\":\"PropertyValueSpecification\",\"valueRequired\":true,\"valueName\":\"search_term_string\"}}],\"inLanguage\":\"it-IT\"},{\"@type\":\"Organization\",\"@id\":\"https:\/\/www.pressenza.com\/it\/#organization\",\"name\":\"Pressenza\",\"url\":\"https:\/\/www.pressenza.com\/it\/\",\"logo\":{\"@type\":\"ImageObject\",\"inLanguage\":\"it-IT\",\"@id\":\"https:\/\/www.pressenza.com\/it\/#\/schema\/logo\/image\/\",\"url\":\"https:\/\/www.pressenza.com\/wp-content\/uploads\/2022\/10\/pressenza_logo_200x200.jpg\",\"contentUrl\":\"https:\/\/www.pressenza.com\/wp-content\/uploads\/2022\/10\/pressenza_logo_200x200.jpg\",\"width\":200,\"height\":200,\"caption\":\"Pressenza\"},\"image\":{\"@id\":\"https:\/\/www.pressenza.com\/it\/#\/schema\/logo\/image\/\"},\"sameAs\":[\"https:\/\/www.facebook.com\/PressenzaItalia\",\"https:\/\/x.com\/PressenzaIPA\"]},{\"@type\":\"Person\",\"@id\":\"https:\/\/www.pressenza.com\/it\/#\/schema\/person\/83cab62d5aaad28d2ef7c9b71a62926b\",\"name\":\"Lorenzo Poli\",\"url\":\"https:\/\/www.pressenza.com\/it\/author\/lorenzo-poli\/\"}]}<\/script>\n<!-- \/ Yoast SEO plugin. -->","yoast_head_json":{"title":"Cuba e l'alternativa ecosostenibile: l'inventiva cubana contro il bloqueo petrolifero","description":"Premesse All'inizio di febbraio, il presidente cubano Miguel D\u00edaz-Canel ha dichiarato che il suo governo stava preparando un piano per far fronte a una","robots":{"index":"index","follow":"follow","max-snippet":"max-snippet:-1","max-image-preview":"max-image-preview:large","max-video-preview":"max-video-preview:-1"},"canonical":"https:\/\/www.pressenza.com\/it\/2026\/04\/cuba-e-lalternativa-ecosostenibile-linventiva-cubana-contro-il-bloqueo-petrolifero\/","og_locale":"it_IT","og_type":"article","og_title":"Cuba e l'alternativa ecosostenibile: l'inventiva cubana contro il bloqueo petrolifero","og_description":"Premesse All'inizio di febbraio, il presidente cubano Miguel D\u00edaz-Canel ha dichiarato che il suo governo stava preparando un piano per far fronte a una","og_url":"https:\/\/www.pressenza.com\/it\/2026\/04\/cuba-e-lalternativa-ecosostenibile-linventiva-cubana-contro-il-bloqueo-petrolifero\/","og_site_name":"Pressenza","article_publisher":"https:\/\/www.facebook.com\/PressenzaItalia","article_published_time":"2026-04-30T12:11:28+00:00","og_image":[{"width":750,"height":486,"url":"https:\/\/www.pressenza.com\/wp-content\/uploads\/2026\/04\/Tricicli-elettrici-a-Cuba.jpg","type":"image\/jpeg"}],"author":"Lorenzo Poli","twitter_card":"summary_large_image","twitter_creator":"@PressenzaIPA","twitter_site":"@PressenzaIPA","twitter_misc":{"Scritto da":"Lorenzo Poli","Tempo di lettura stimato":"7 minuti"},"schema":{"@context":"https:\/\/schema.org","@graph":[{"@type":"Article","@id":"https:\/\/www.pressenza.com\/it\/2026\/04\/cuba-e-lalternativa-ecosostenibile-linventiva-cubana-contro-il-bloqueo-petrolifero\/#article","isPartOf":{"@id":"https:\/\/www.pressenza.com\/it\/2026\/04\/cuba-e-lalternativa-ecosostenibile-linventiva-cubana-contro-il-bloqueo-petrolifero\/"},"author":{"name":"Lorenzo Poli","@id":"https:\/\/www.pressenza.com\/it\/#\/schema\/person\/83cab62d5aaad28d2ef7c9b71a62926b"},"headline":"Cuba e l&#8217;alternativa ecosostenibile: l&#8217;inventiva cubana contro il bloqueo petrolifero","datePublished":"2026-04-30T12:11:28+00:00","mainEntityOfPage":{"@id":"https:\/\/www.pressenza.com\/it\/2026\/04\/cuba-e-lalternativa-ecosostenibile-linventiva-cubana-contro-il-bloqueo-petrolifero\/"},"wordCount":1272,"publisher":{"@id":"https:\/\/www.pressenza.com\/it\/#organization"},"image":{"@id":"https:\/\/www.pressenza.com\/it\/2026\/04\/cuba-e-lalternativa-ecosostenibile-linventiva-cubana-contro-il-bloqueo-petrolifero\/#primaryimage"},"thumbnailUrl":"https:\/\/www.pressenza.com\/wp-content\/uploads\/2026\/04\/Tricicli-elettrici-a-Cuba.jpg","keywords":["alternativa ecosostenibile","bloqueo petrolifero","Cuba","impianto solare di Gomate","inventiva cubana","pannelli solari","PDL Gomate","Santa Clara","tricicli elettrici","Villa Clara"],"articleSection":["Cronaca","Ecologia ed Ambiente","Economia","Questioni internazionali","Sud America"],"inLanguage":"it-IT"},{"@type":"WebPage","@id":"https:\/\/www.pressenza.com\/it\/2026\/04\/cuba-e-lalternativa-ecosostenibile-linventiva-cubana-contro-il-bloqueo-petrolifero\/","url":"https:\/\/www.pressenza.com\/it\/2026\/04\/cuba-e-lalternativa-ecosostenibile-linventiva-cubana-contro-il-bloqueo-petrolifero\/","name":"Cuba e l'alternativa ecosostenibile: l'inventiva cubana contro il bloqueo petrolifero","isPartOf":{"@id":"https:\/\/www.pressenza.com\/it\/#website"},"primaryImageOfPage":{"@id":"https:\/\/www.pressenza.com\/it\/2026\/04\/cuba-e-lalternativa-ecosostenibile-linventiva-cubana-contro-il-bloqueo-petrolifero\/#primaryimage"},"image":{"@id":"https:\/\/www.pressenza.com\/it\/2026\/04\/cuba-e-lalternativa-ecosostenibile-linventiva-cubana-contro-il-bloqueo-petrolifero\/#primaryimage"},"thumbnailUrl":"https:\/\/www.pressenza.com\/wp-content\/uploads\/2026\/04\/Tricicli-elettrici-a-Cuba.jpg","datePublished":"2026-04-30T12:11:28+00:00","description":"Premesse All'inizio di febbraio, il presidente cubano Miguel D\u00edaz-Canel ha dichiarato che il suo governo stava preparando un piano per far fronte a una","breadcrumb":{"@id":"https:\/\/www.pressenza.com\/it\/2026\/04\/cuba-e-lalternativa-ecosostenibile-linventiva-cubana-contro-il-bloqueo-petrolifero\/#breadcrumb"},"inLanguage":"it-IT","potentialAction":[{"@type":"ReadAction","target":["https:\/\/www.pressenza.com\/it\/2026\/04\/cuba-e-lalternativa-ecosostenibile-linventiva-cubana-contro-il-bloqueo-petrolifero\/"]}]},{"@type":"ImageObject","inLanguage":"it-IT","@id":"https:\/\/www.pressenza.com\/it\/2026\/04\/cuba-e-lalternativa-ecosostenibile-linventiva-cubana-contro-il-bloqueo-petrolifero\/#primaryimage","url":"https:\/\/www.pressenza.com\/wp-content\/uploads\/2026\/04\/Tricicli-elettrici-a-Cuba.jpg","contentUrl":"https:\/\/www.pressenza.com\/wp-content\/uploads\/2026\/04\/Tricicli-elettrici-a-Cuba.jpg","width":750,"height":486},{"@type":"BreadcrumbList","@id":"https:\/\/www.pressenza.com\/it\/2026\/04\/cuba-e-lalternativa-ecosostenibile-linventiva-cubana-contro-il-bloqueo-petrolifero\/#breadcrumb","itemListElement":[{"@type":"ListItem","position":1,"name":"Accueil","item":"https:\/\/www.pressenza.com\/it\/"},{"@type":"ListItem","position":2,"name":"Cuba e l&#8217;alternativa ecosostenibile: l&#8217;inventiva cubana contro il bloqueo petrolifero"}]},{"@type":"WebSite","@id":"https:\/\/www.pressenza.com\/it\/#website","url":"https:\/\/www.pressenza.com\/it\/","name":"Pressenza","description":"Agenzia di Stampa Internazionale","publisher":{"@id":"https:\/\/www.pressenza.com\/it\/#organization"},"potentialAction":[{"@type":"SearchAction","target":{"@type":"EntryPoint","urlTemplate":"https:\/\/www.pressenza.com\/it\/?s={search_term_string}"},"query-input":{"@type":"PropertyValueSpecification","valueRequired":true,"valueName":"search_term_string"}}],"inLanguage":"it-IT"},{"@type":"Organization","@id":"https:\/\/www.pressenza.com\/it\/#organization","name":"Pressenza","url":"https:\/\/www.pressenza.com\/it\/","logo":{"@type":"ImageObject","inLanguage":"it-IT","@id":"https:\/\/www.pressenza.com\/it\/#\/schema\/logo\/image\/","url":"https:\/\/www.pressenza.com\/wp-content\/uploads\/2022\/10\/pressenza_logo_200x200.jpg","contentUrl":"https:\/\/www.pressenza.com\/wp-content\/uploads\/2022\/10\/pressenza_logo_200x200.jpg","width":200,"height":200,"caption":"Pressenza"},"image":{"@id":"https:\/\/www.pressenza.com\/it\/#\/schema\/logo\/image\/"},"sameAs":["https:\/\/www.facebook.com\/PressenzaItalia","https:\/\/x.com\/PressenzaIPA"]},{"@type":"Person","@id":"https:\/\/www.pressenza.com\/it\/#\/schema\/person\/83cab62d5aaad28d2ef7c9b71a62926b","name":"Lorenzo Poli","url":"https:\/\/www.pressenza.com\/it\/author\/lorenzo-poli\/"}]}},"place":"","original_article_url":"","_links":{"self":[{"href":"https:\/\/www.pressenza.com\/it\/wp-json\/wp\/v2\/posts\/2696704","targetHints":{"allow":["GET"]}}],"collection":[{"href":"https:\/\/www.pressenza.com\/it\/wp-json\/wp\/v2\/posts"}],"about":[{"href":"https:\/\/www.pressenza.com\/it\/wp-json\/wp\/v2\/types\/post"}],"author":[{"embeddable":true,"href":"https:\/\/www.pressenza.com\/it\/wp-json\/wp\/v2\/users\/1887"}],"replies":[{"embeddable":true,"href":"https:\/\/www.pressenza.com\/it\/wp-json\/wp\/v2\/comments?post=2696704"}],"version-history":[{"count":1,"href":"https:\/\/www.pressenza.com\/it\/wp-json\/wp\/v2\/posts\/2696704\/revisions"}],"predecessor-version":[{"id":2696716,"href":"https:\/\/www.pressenza.com\/it\/wp-json\/wp\/v2\/posts\/2696704\/revisions\/2696716"}],"wp:featuredmedia":[{"embeddable":true,"href":"https:\/\/www.pressenza.com\/it\/wp-json\/wp\/v2\/media\/2696709"}],"wp:attachment":[{"href":"https:\/\/www.pressenza.com\/it\/wp-json\/wp\/v2\/media?parent=2696704"}],"wp:term":[{"taxonomy":"category","embeddable":true,"href":"https:\/\/www.pressenza.com\/it\/wp-json\/wp\/v2\/categories?post=2696704"},{"taxonomy":"post_tag","embeddable":true,"href":"https:\/\/www.pressenza.com\/it\/wp-json\/wp\/v2\/tags?post=2696704"}],"curies":[{"name":"wp","href":"https:\/\/api.w.org\/{rel}","templated":true}]}}