{"id":2696682,"date":"2026-04-30T09:55:19","date_gmt":"2026-04-30T08:55:19","guid":{"rendered":"https:\/\/www.pressenza.com\/?p=2696682"},"modified":"2026-04-30T09:55:19","modified_gmt":"2026-04-30T08:55:19","slug":"cuba-condannati-tre-ex-funzionari-per-corruzione-e-malversazione-di-fondi-statali","status":"publish","type":"post","link":"https:\/\/www.pressenza.com\/it\/2026\/04\/cuba-condannati-tre-ex-funzionari-per-corruzione-e-malversazione-di-fondi-statali\/","title":{"rendered":"Cuba, condannati tre ex-funzionari per corruzione e malversazione di fondi statali"},"content":{"rendered":"<p>Tre ex-funzionari sono stati condannati per corruzione e malversazione di fondi statali ed ora le parti (condannati e procura) hanno il diritto di presentare il corrispondente appello contro la decisione dell&#8217;organo giudiziario di primo grado, per un giudizio di secondo grado.<\/p>\n<p><span dir=\"auto\">La Prima Camera Penale del Tribunale Provinciale del Popolo di Santiago de Cuba ha emesso sentenze (26 aprile 2026) relative al caso n\u00b019 del 2026, in cui tre cittadini sono stati condannati rispettivamente a 15, 14 e 10 anni di reclusione per il reato di falsificazione continuativa di documenti bancari e commerciali finalizzata alla appropriazione indebita, e un cittadino a una multa di 600 quote da 40 pesos ciascuna per il reato di traffico illecito di valuta nazionale e valuta estera.\u00a0<\/span><\/p>\n<p><span dir=\"auto\">Gli imputati Amarilis Tellez Torres e Julio C\u00e9sar Palacios Peralta, rispettivamente Ragioniere C e Responsabile del Gruppo Contabilit\u00e0 Finanziaria dell&#8217;Unit\u00e0 Operativa di Base (UEB) della Societ\u00e0 di Conservazione di Verdure di Santiago de Cuba, una volta che a tale ente fu concesso un prestito bancario di 20 milioni di pesos, e in accordo con l&#8217;imputata Mar\u00eda Luisa Creme Quiroga, economista della Cooperativa di Credito e Servizi Rodolfo Rodr\u00edguez Ben\u00edtez, effettuarono 4 bonifici, per un totale di 5.175.504,22 dollari, sul conto personale di Creme Quiroga, e successivamente si divisero tra loro la somma di 3.986.504,22 dollari.<\/span><\/p>\n<p><span dir=\"auto\">In seguito, con il denaro proveniente dalla frode che corrispondeva a Creme Quiroga, e che era ancora presente sulla sua carta magnetica, acquist\u00f2 2000 dollari statunitensi dall&#8217;imputato Kenly Hierrezuelo Tellez, per la somma di 1.195.434,66 pesos.<\/span><\/p>\n<p><span dir=\"auto\">Tali fatti sono stati provati nel corso del processo orale e costituiscono i reati di falsificazione continuativa di documenti bancari e commerciali finalizzata alla appropriazione indebita, previsti e sanzionati dagli articoli 333.1.3 a) e b) in relazione agli articoli 9.1 a) e 2, 10.1, 297.1 e 2 del Codice Penale, la cui pena prevista va dagli 8 ai 20 anni di reclusione; e di traffico illecito di valuta nazionale e valuta estera, previsto e sanzionato dall&#8217;articolo 315.1 g), la cui pena prevista va dai 2 ai 5 anni di reclusione o una multa da 500 a 1000 unit\u00e0 o entrambe.<\/span><\/p>\n<p><span dir=\"auto\">Nel corso del procedimento e durante il dibattimento orale, sono state rispettate le garanzie procedurali e i diritti al giusto processo, sanciti dalla Costituzione della Repubblica di Cuba e dalla Legge di Procedura Penale, ma soprattutto la linea di &#8220;tolleranza zero&#8221; del governo rivoluzionario cubano contro la corruzione amministrativa.<\/span><\/p>\n<p><span dir=\"auto\">Nel comminare la pena a ciascuno degli imputati, il tribunale ha tenuto conto della gravit\u00e0 degli atti commessi, del grado di partecipazione di ciascuno all&#8217;attivit\u00e0 criminale e delle loro caratteristiche personali. <\/span>Oltre al carcere, i condannati sono stati interdetti dall&#8217;esercizio delle loro professioni; privati dei diritti pubblici e divieto di lasciare il paese; e obbligo di restituire <span dir=\"auto\">per intero<\/span> il denaro rubato all&#8217;entit\u00e0 statale.<\/p>\n<p>&nbsp;<\/p>\n<p><iframe loading=\"lazy\" src=\"https:\/\/www.facebook.com\/plugins\/post.php?href=https%3A%2F%2Fwww.facebook.com%2Ftribunalsupremopopular%2Fposts%2Fpfbid02M4QYSEfEvLGG4uhwwky2z1cHuXpDHg3PqUyf6cvCUEkwu67NrhhPzXTV7mG9Afj2l&amp;show_text=true&amp;width=500\" width=\"500\" height=\"464\" frameborder=\"0\" scrolling=\"no\" allowfullscreen=\"allowfullscreen\" data-mce-fragment=\"1\"><\/iframe><\/p>\n<p><a href=\"http:\/\/www.cubadebate.cu\/noticias\/2026\/04\/26\/juzgan-a-malversadores-de-la-empresa-de-conservas-de-vegetales-en-santiago-de-cuba\/\">http:\/\/www.cubadebate.cu\/noticias\/2026\/04\/26\/juzgan-a-malversadores-de-la-empresa-de-conservas-de-vegetales-en-santiago-de-cuba\/<\/a><\/p>\n<p>&nbsp;<\/p>\n<p>&nbsp;<\/p>\n","protected":false},"excerpt":{"rendered":"<p>Tre ex-funzionari sono stati condannati per corruzione e malversazione di fondi statali ed ora le parti (condannati e procura) hanno il diritto di presentare il corrispondente appello contro la decisione dell&#8217;organo giudiziario di primo grado, per un giudizio di secondo&hellip;<\/p>\n","protected":false},"author":1887,"featured_media":2696686,"comment_status":"closed","ping_status":"closed","sticky":false,"template":"","format":"standard","meta":{"footnotes":""},"categories":[107392,57,48],"tags":[156160,4377,156159],"class_list":["post-2696682","post","type-post","status-publish","format-standard","has-post-thumbnail","hentry","category-noticia-it","category-affari-esteri","category-sud-america","tag-corruzione-amministrativa","tag-cuba-it","tag-santiago-di-cuba"],"yoast_head":"<!-- This site is optimized with the Yoast SEO plugin v27.1.1 - https:\/\/yoast.com\/product\/yoast-seo-wordpress\/ -->\n<title>Cuba, condannati tre ex-funzionari per corruzione e malversazione di fondi statali<\/title>\n<meta name=\"description\" content=\"Tre ex-funzionari sono stati condannati per corruzione e malversazione di fondi statali ed ora le parti (condannati e procura) hanno il diritto di\" \/>\n<meta name=\"robots\" content=\"index, follow, max-snippet:-1, max-image-preview:large, max-video-preview:-1\" \/>\n<link rel=\"canonical\" href=\"https:\/\/www.pressenza.com\/it\/2026\/04\/cuba-condannati-tre-ex-funzionari-per-corruzione-e-malversazione-di-fondi-statali\/\" \/>\n<meta property=\"og:locale\" content=\"it_IT\" \/>\n<meta property=\"og:type\" content=\"article\" \/>\n<meta property=\"og:title\" content=\"Cuba, condannati tre ex-funzionari per corruzione e malversazione di fondi statali\" \/>\n<meta property=\"og:description\" content=\"Tre ex-funzionari sono stati condannati per corruzione e malversazione di fondi statali ed ora le parti (condannati e procura) hanno il diritto di\" \/>\n<meta property=\"og:url\" content=\"https:\/\/www.pressenza.com\/it\/2026\/04\/cuba-condannati-tre-ex-funzionari-per-corruzione-e-malversazione-di-fondi-statali\/\" \/>\n<meta property=\"og:site_name\" content=\"Pressenza\" \/>\n<meta property=\"article:publisher\" content=\"https:\/\/www.facebook.com\/PressenzaItalia\" \/>\n<meta property=\"article:published_time\" content=\"2026-04-30T08:55:19+00:00\" \/>\n<meta property=\"og:image\" content=\"https:\/\/www.pressenza.com\/wp-content\/uploads\/2026\/04\/tolleranza-zero-a-Cuba-su-corruzione-amministrativa.jpg\" \/>\n\t<meta property=\"og:image:width\" content=\"960\" \/>\n\t<meta property=\"og:image:height\" content=\"640\" \/>\n\t<meta property=\"og:image:type\" content=\"image\/jpeg\" \/>\n<meta name=\"author\" content=\"Lorenzo Poli\" \/>\n<meta name=\"twitter:card\" content=\"summary_large_image\" \/>\n<meta name=\"twitter:creator\" content=\"@PressenzaIPA\" \/>\n<meta name=\"twitter:site\" content=\"@PressenzaIPA\" \/>\n<meta name=\"twitter:label1\" content=\"Scritto da\" \/>\n\t<meta name=\"twitter:data1\" content=\"Lorenzo Poli\" \/>\n\t<meta name=\"twitter:label2\" content=\"Tempo di lettura stimato\" \/>\n\t<meta name=\"twitter:data2\" content=\"3 minuti\" \/>\n<script type=\"application\/ld+json\" class=\"yoast-schema-graph\">{\"@context\":\"https:\/\/schema.org\",\"@graph\":[{\"@type\":\"Article\",\"@id\":\"https:\/\/www.pressenza.com\/it\/2026\/04\/cuba-condannati-tre-ex-funzionari-per-corruzione-e-malversazione-di-fondi-statali\/#article\",\"isPartOf\":{\"@id\":\"https:\/\/www.pressenza.com\/it\/2026\/04\/cuba-condannati-tre-ex-funzionari-per-corruzione-e-malversazione-di-fondi-statali\/\"},\"author\":{\"name\":\"Lorenzo Poli\",\"@id\":\"https:\/\/www.pressenza.com\/it\/#\/schema\/person\/83cab62d5aaad28d2ef7c9b71a62926b\"},\"headline\":\"Cuba, condannati tre ex-funzionari per corruzione e malversazione di fondi statali\",\"datePublished\":\"2026-04-30T08:55:19+00:00\",\"mainEntityOfPage\":{\"@id\":\"https:\/\/www.pressenza.com\/it\/2026\/04\/cuba-condannati-tre-ex-funzionari-per-corruzione-e-malversazione-di-fondi-statali\/\"},\"wordCount\":471,\"publisher\":{\"@id\":\"https:\/\/www.pressenza.com\/it\/#organization\"},\"image\":{\"@id\":\"https:\/\/www.pressenza.com\/it\/2026\/04\/cuba-condannati-tre-ex-funzionari-per-corruzione-e-malversazione-di-fondi-statali\/#primaryimage\"},\"thumbnailUrl\":\"https:\/\/www.pressenza.com\/wp-content\/uploads\/2026\/04\/tolleranza-zero-a-Cuba-su-corruzione-amministrativa.jpg\",\"keywords\":[\"corruzione amministrativa\",\"Cuba\",\"Santiago di Cuba\"],\"articleSection\":[\"Cronaca\",\"Questioni internazionali\",\"Sud America\"],\"inLanguage\":\"it-IT\"},{\"@type\":\"WebPage\",\"@id\":\"https:\/\/www.pressenza.com\/it\/2026\/04\/cuba-condannati-tre-ex-funzionari-per-corruzione-e-malversazione-di-fondi-statali\/\",\"url\":\"https:\/\/www.pressenza.com\/it\/2026\/04\/cuba-condannati-tre-ex-funzionari-per-corruzione-e-malversazione-di-fondi-statali\/\",\"name\":\"Cuba, condannati tre ex-funzionari per corruzione e malversazione di fondi statali\",\"isPartOf\":{\"@id\":\"https:\/\/www.pressenza.com\/it\/#website\"},\"primaryImageOfPage\":{\"@id\":\"https:\/\/www.pressenza.com\/it\/2026\/04\/cuba-condannati-tre-ex-funzionari-per-corruzione-e-malversazione-di-fondi-statali\/#primaryimage\"},\"image\":{\"@id\":\"https:\/\/www.pressenza.com\/it\/2026\/04\/cuba-condannati-tre-ex-funzionari-per-corruzione-e-malversazione-di-fondi-statali\/#primaryimage\"},\"thumbnailUrl\":\"https:\/\/www.pressenza.com\/wp-content\/uploads\/2026\/04\/tolleranza-zero-a-Cuba-su-corruzione-amministrativa.jpg\",\"datePublished\":\"2026-04-30T08:55:19+00:00\",\"description\":\"Tre ex-funzionari sono stati condannati per corruzione e malversazione di fondi statali ed ora le parti (condannati e procura) hanno il diritto di\",\"breadcrumb\":{\"@id\":\"https:\/\/www.pressenza.com\/it\/2026\/04\/cuba-condannati-tre-ex-funzionari-per-corruzione-e-malversazione-di-fondi-statali\/#breadcrumb\"},\"inLanguage\":\"it-IT\",\"potentialAction\":[{\"@type\":\"ReadAction\",\"target\":[\"https:\/\/www.pressenza.com\/it\/2026\/04\/cuba-condannati-tre-ex-funzionari-per-corruzione-e-malversazione-di-fondi-statali\/\"]}]},{\"@type\":\"ImageObject\",\"inLanguage\":\"it-IT\",\"@id\":\"https:\/\/www.pressenza.com\/it\/2026\/04\/cuba-condannati-tre-ex-funzionari-per-corruzione-e-malversazione-di-fondi-statali\/#primaryimage\",\"url\":\"https:\/\/www.pressenza.com\/wp-content\/uploads\/2026\/04\/tolleranza-zero-a-Cuba-su-corruzione-amministrativa.jpg\",\"contentUrl\":\"https:\/\/www.pressenza.com\/wp-content\/uploads\/2026\/04\/tolleranza-zero-a-Cuba-su-corruzione-amministrativa.jpg\",\"width\":960,\"height\":640},{\"@type\":\"BreadcrumbList\",\"@id\":\"https:\/\/www.pressenza.com\/it\/2026\/04\/cuba-condannati-tre-ex-funzionari-per-corruzione-e-malversazione-di-fondi-statali\/#breadcrumb\",\"itemListElement\":[{\"@type\":\"ListItem\",\"position\":1,\"name\":\"Accueil\",\"item\":\"https:\/\/www.pressenza.com\/it\/\"},{\"@type\":\"ListItem\",\"position\":2,\"name\":\"Cuba, condannati tre ex-funzionari per corruzione e malversazione di fondi statali\"}]},{\"@type\":\"WebSite\",\"@id\":\"https:\/\/www.pressenza.com\/it\/#website\",\"url\":\"https:\/\/www.pressenza.com\/it\/\",\"name\":\"Pressenza\",\"description\":\"Agenzia di Stampa Internazionale\",\"publisher\":{\"@id\":\"https:\/\/www.pressenza.com\/it\/#organization\"},\"potentialAction\":[{\"@type\":\"SearchAction\",\"target\":{\"@type\":\"EntryPoint\",\"urlTemplate\":\"https:\/\/www.pressenza.com\/it\/?s={search_term_string}\"},\"query-input\":{\"@type\":\"PropertyValueSpecification\",\"valueRequired\":true,\"valueName\":\"search_term_string\"}}],\"inLanguage\":\"it-IT\"},{\"@type\":\"Organization\",\"@id\":\"https:\/\/www.pressenza.com\/it\/#organization\",\"name\":\"Pressenza\",\"url\":\"https:\/\/www.pressenza.com\/it\/\",\"logo\":{\"@type\":\"ImageObject\",\"inLanguage\":\"it-IT\",\"@id\":\"https:\/\/www.pressenza.com\/it\/#\/schema\/logo\/image\/\",\"url\":\"https:\/\/www.pressenza.com\/wp-content\/uploads\/2022\/10\/pressenza_logo_200x200.jpg\",\"contentUrl\":\"https:\/\/www.pressenza.com\/wp-content\/uploads\/2022\/10\/pressenza_logo_200x200.jpg\",\"width\":200,\"height\":200,\"caption\":\"Pressenza\"},\"image\":{\"@id\":\"https:\/\/www.pressenza.com\/it\/#\/schema\/logo\/image\/\"},\"sameAs\":[\"https:\/\/www.facebook.com\/PressenzaItalia\",\"https:\/\/x.com\/PressenzaIPA\"]},{\"@type\":\"Person\",\"@id\":\"https:\/\/www.pressenza.com\/it\/#\/schema\/person\/83cab62d5aaad28d2ef7c9b71a62926b\",\"name\":\"Lorenzo Poli\",\"url\":\"https:\/\/www.pressenza.com\/it\/author\/lorenzo-poli\/\"}]}<\/script>\n<!-- \/ Yoast SEO plugin. -->","yoast_head_json":{"title":"Cuba, condannati tre ex-funzionari per corruzione e malversazione di fondi statali","description":"Tre ex-funzionari sono stati condannati per corruzione e malversazione di fondi statali ed ora le parti (condannati e procura) hanno il diritto di","robots":{"index":"index","follow":"follow","max-snippet":"max-snippet:-1","max-image-preview":"max-image-preview:large","max-video-preview":"max-video-preview:-1"},"canonical":"https:\/\/www.pressenza.com\/it\/2026\/04\/cuba-condannati-tre-ex-funzionari-per-corruzione-e-malversazione-di-fondi-statali\/","og_locale":"it_IT","og_type":"article","og_title":"Cuba, condannati tre ex-funzionari per corruzione e malversazione di fondi statali","og_description":"Tre ex-funzionari sono stati condannati per corruzione e malversazione di fondi statali ed ora le parti (condannati e procura) hanno il diritto di","og_url":"https:\/\/www.pressenza.com\/it\/2026\/04\/cuba-condannati-tre-ex-funzionari-per-corruzione-e-malversazione-di-fondi-statali\/","og_site_name":"Pressenza","article_publisher":"https:\/\/www.facebook.com\/PressenzaItalia","article_published_time":"2026-04-30T08:55:19+00:00","og_image":[{"width":960,"height":640,"url":"https:\/\/www.pressenza.com\/wp-content\/uploads\/2026\/04\/tolleranza-zero-a-Cuba-su-corruzione-amministrativa.jpg","type":"image\/jpeg"}],"author":"Lorenzo Poli","twitter_card":"summary_large_image","twitter_creator":"@PressenzaIPA","twitter_site":"@PressenzaIPA","twitter_misc":{"Scritto da":"Lorenzo Poli","Tempo di lettura stimato":"3 minuti"},"schema":{"@context":"https:\/\/schema.org","@graph":[{"@type":"Article","@id":"https:\/\/www.pressenza.com\/it\/2026\/04\/cuba-condannati-tre-ex-funzionari-per-corruzione-e-malversazione-di-fondi-statali\/#article","isPartOf":{"@id":"https:\/\/www.pressenza.com\/it\/2026\/04\/cuba-condannati-tre-ex-funzionari-per-corruzione-e-malversazione-di-fondi-statali\/"},"author":{"name":"Lorenzo Poli","@id":"https:\/\/www.pressenza.com\/it\/#\/schema\/person\/83cab62d5aaad28d2ef7c9b71a62926b"},"headline":"Cuba, condannati tre ex-funzionari per corruzione e malversazione di fondi statali","datePublished":"2026-04-30T08:55:19+00:00","mainEntityOfPage":{"@id":"https:\/\/www.pressenza.com\/it\/2026\/04\/cuba-condannati-tre-ex-funzionari-per-corruzione-e-malversazione-di-fondi-statali\/"},"wordCount":471,"publisher":{"@id":"https:\/\/www.pressenza.com\/it\/#organization"},"image":{"@id":"https:\/\/www.pressenza.com\/it\/2026\/04\/cuba-condannati-tre-ex-funzionari-per-corruzione-e-malversazione-di-fondi-statali\/#primaryimage"},"thumbnailUrl":"https:\/\/www.pressenza.com\/wp-content\/uploads\/2026\/04\/tolleranza-zero-a-Cuba-su-corruzione-amministrativa.jpg","keywords":["corruzione amministrativa","Cuba","Santiago di Cuba"],"articleSection":["Cronaca","Questioni internazionali","Sud America"],"inLanguage":"it-IT"},{"@type":"WebPage","@id":"https:\/\/www.pressenza.com\/it\/2026\/04\/cuba-condannati-tre-ex-funzionari-per-corruzione-e-malversazione-di-fondi-statali\/","url":"https:\/\/www.pressenza.com\/it\/2026\/04\/cuba-condannati-tre-ex-funzionari-per-corruzione-e-malversazione-di-fondi-statali\/","name":"Cuba, condannati tre ex-funzionari per corruzione e malversazione di fondi statali","isPartOf":{"@id":"https:\/\/www.pressenza.com\/it\/#website"},"primaryImageOfPage":{"@id":"https:\/\/www.pressenza.com\/it\/2026\/04\/cuba-condannati-tre-ex-funzionari-per-corruzione-e-malversazione-di-fondi-statali\/#primaryimage"},"image":{"@id":"https:\/\/www.pressenza.com\/it\/2026\/04\/cuba-condannati-tre-ex-funzionari-per-corruzione-e-malversazione-di-fondi-statali\/#primaryimage"},"thumbnailUrl":"https:\/\/www.pressenza.com\/wp-content\/uploads\/2026\/04\/tolleranza-zero-a-Cuba-su-corruzione-amministrativa.jpg","datePublished":"2026-04-30T08:55:19+00:00","description":"Tre ex-funzionari sono stati condannati per corruzione e malversazione di fondi statali ed ora le parti (condannati e procura) hanno il diritto di","breadcrumb":{"@id":"https:\/\/www.pressenza.com\/it\/2026\/04\/cuba-condannati-tre-ex-funzionari-per-corruzione-e-malversazione-di-fondi-statali\/#breadcrumb"},"inLanguage":"it-IT","potentialAction":[{"@type":"ReadAction","target":["https:\/\/www.pressenza.com\/it\/2026\/04\/cuba-condannati-tre-ex-funzionari-per-corruzione-e-malversazione-di-fondi-statali\/"]}]},{"@type":"ImageObject","inLanguage":"it-IT","@id":"https:\/\/www.pressenza.com\/it\/2026\/04\/cuba-condannati-tre-ex-funzionari-per-corruzione-e-malversazione-di-fondi-statali\/#primaryimage","url":"https:\/\/www.pressenza.com\/wp-content\/uploads\/2026\/04\/tolleranza-zero-a-Cuba-su-corruzione-amministrativa.jpg","contentUrl":"https:\/\/www.pressenza.com\/wp-content\/uploads\/2026\/04\/tolleranza-zero-a-Cuba-su-corruzione-amministrativa.jpg","width":960,"height":640},{"@type":"BreadcrumbList","@id":"https:\/\/www.pressenza.com\/it\/2026\/04\/cuba-condannati-tre-ex-funzionari-per-corruzione-e-malversazione-di-fondi-statali\/#breadcrumb","itemListElement":[{"@type":"ListItem","position":1,"name":"Accueil","item":"https:\/\/www.pressenza.com\/it\/"},{"@type":"ListItem","position":2,"name":"Cuba, condannati tre ex-funzionari per corruzione e malversazione di fondi statali"}]},{"@type":"WebSite","@id":"https:\/\/www.pressenza.com\/it\/#website","url":"https:\/\/www.pressenza.com\/it\/","name":"Pressenza","description":"Agenzia di Stampa Internazionale","publisher":{"@id":"https:\/\/www.pressenza.com\/it\/#organization"},"potentialAction":[{"@type":"SearchAction","target":{"@type":"EntryPoint","urlTemplate":"https:\/\/www.pressenza.com\/it\/?s={search_term_string}"},"query-input":{"@type":"PropertyValueSpecification","valueRequired":true,"valueName":"search_term_string"}}],"inLanguage":"it-IT"},{"@type":"Organization","@id":"https:\/\/www.pressenza.com\/it\/#organization","name":"Pressenza","url":"https:\/\/www.pressenza.com\/it\/","logo":{"@type":"ImageObject","inLanguage":"it-IT","@id":"https:\/\/www.pressenza.com\/it\/#\/schema\/logo\/image\/","url":"https:\/\/www.pressenza.com\/wp-content\/uploads\/2022\/10\/pressenza_logo_200x200.jpg","contentUrl":"https:\/\/www.pressenza.com\/wp-content\/uploads\/2022\/10\/pressenza_logo_200x200.jpg","width":200,"height":200,"caption":"Pressenza"},"image":{"@id":"https:\/\/www.pressenza.com\/it\/#\/schema\/logo\/image\/"},"sameAs":["https:\/\/www.facebook.com\/PressenzaItalia","https:\/\/x.com\/PressenzaIPA"]},{"@type":"Person","@id":"https:\/\/www.pressenza.com\/it\/#\/schema\/person\/83cab62d5aaad28d2ef7c9b71a62926b","name":"Lorenzo Poli","url":"https:\/\/www.pressenza.com\/it\/author\/lorenzo-poli\/"}]}},"place":"","original_article_url":"","_links":{"self":[{"href":"https:\/\/www.pressenza.com\/it\/wp-json\/wp\/v2\/posts\/2696682","targetHints":{"allow":["GET"]}}],"collection":[{"href":"https:\/\/www.pressenza.com\/it\/wp-json\/wp\/v2\/posts"}],"about":[{"href":"https:\/\/www.pressenza.com\/it\/wp-json\/wp\/v2\/types\/post"}],"author":[{"embeddable":true,"href":"https:\/\/www.pressenza.com\/it\/wp-json\/wp\/v2\/users\/1887"}],"replies":[{"embeddable":true,"href":"https:\/\/www.pressenza.com\/it\/wp-json\/wp\/v2\/comments?post=2696682"}],"version-history":[{"count":1,"href":"https:\/\/www.pressenza.com\/it\/wp-json\/wp\/v2\/posts\/2696682\/revisions"}],"predecessor-version":[{"id":2696687,"href":"https:\/\/www.pressenza.com\/it\/wp-json\/wp\/v2\/posts\/2696682\/revisions\/2696687"}],"wp:featuredmedia":[{"embeddable":true,"href":"https:\/\/www.pressenza.com\/it\/wp-json\/wp\/v2\/media\/2696686"}],"wp:attachment":[{"href":"https:\/\/www.pressenza.com\/it\/wp-json\/wp\/v2\/media?parent=2696682"}],"wp:term":[{"taxonomy":"category","embeddable":true,"href":"https:\/\/www.pressenza.com\/it\/wp-json\/wp\/v2\/categories?post=2696682"},{"taxonomy":"post_tag","embeddable":true,"href":"https:\/\/www.pressenza.com\/it\/wp-json\/wp\/v2\/tags?post=2696682"}],"curies":[{"name":"wp","href":"https:\/\/api.w.org\/{rel}","templated":true}]}}