{"id":2696671,"date":"2026-04-30T08:59:09","date_gmt":"2026-04-30T07:59:09","guid":{"rendered":"https:\/\/www.pressenza.com\/?p=2696671"},"modified":"2026-04-30T08:59:09","modified_gmt":"2026-04-30T07:59:09","slug":"ad-un-anno-dal-liberation-day-i-dazi-statunitensi-ma-di-che-liberazione-parliamo","status":"publish","type":"post","link":"https:\/\/www.pressenza.com\/it\/2026\/04\/ad-un-anno-dal-liberation-day-i-dazi-statunitensi-ma-di-che-liberazione-parliamo\/","title":{"rendered":"Ad un anno dal \u201cLiberation Day\u201d (i dazi statunitensi): ma di che liberazione parliamo?"},"content":{"rendered":"<p>Il 2 aprile 2025, Trump, in modo trionfante, presentava nel Giardino delle Rose alla Casa Bianca il\u00a0<em>Liberation Day<\/em>, ordine esecutivo n. 14257, \u201c<em>Regulating Imports With a Reciprocal Tariff to Rectify Trade Practices That Contribute to Large and Persistent Annual United States Goods Trade Deficits\u201d<\/em>\u00a0(<em>Regolamento delle importazioni mediante un dazio reciproco per correggere le pratiche commerciali che contribuiscono ai deficit commerciali annuali consistenti e persistenti degli Stati Uniti nel settore dei beni<\/em>). Prendeva avvio cos\u00ec la politica protezionista del nuovo governo americano. Nel discorso di presentazione, Trump illustr\u00f2 diverse promesse, che a un anno di distanza il\u00a0<a href=\"https:\/\/www.whitehouse.gov\/releases\/2026\/04\/america-is-winning-once-again-a-year-after-liberation-day\/\">comunicato stampa<\/a>\u00a0del portavoce della Casa Bianca, Kush Desai afferma che si siano pienamente realizzate. Ecco il surreale testo:<\/p>\n<p><em>\u201cEsattamente un anno fa, il presidente Trump ha abbandonato le illusioni del \u201clibero scambio\u201d per mettere finalmente al primo posto gli americani e l\u2019America. I risultati ottenuti dal Giorno della Liberazione sono stati sorprendenti: oltre 20 nuovi accordi commerciali, investimenti nel settore manifatturiero per trilioni di dollari, prezzi dei farmaci pi\u00f9 bassi e un calo del deficit commerciale sui beni. E questo \u00e8 solo l\u2019inizio della trasformazione del commercio globale voluta dal Presidente: man mano che questi accordi commerciali e di investimento continueranno a produrre effetti e ne verranno firmati altri, gli americani potranno contare sul fatto che il meglio deve ancora venire.\u201d<\/em><\/p>\n<div class=\"post-content\">\n<p>&nbsp;<\/p>\n<p>Ma \u00e8 proprio vero?<\/p>\n<p>La prima promessa riguarda il deficit commerciale. Secondo i dati del\u00a0<a href=\"https:\/\/www.bea.gov\/news\/2026\/us-international-trade-goods-and-services-february-2026\">Bureau of Economic Analysis<\/a>, pubblicati il 19 febbraio scorso (i prossimi dati saranno resi noti il 5 maggio 2026), nel periodo\u00a0 2025-26, dopo il calo di aprile 2025 (effetto annuncio), il deficit mensile della bilancia commerciale \u00e8 rimasto pi\u00f9 o meno costante. Non si \u00e8 quindi registrato quella riduzione che era stata auspicata e affermata nella dichiarazione precedente.<\/p>\n<p><strong>Saldo mensile della Bilancia Commerciale Usa: marzo 2025-febbraio 2026<\/strong><\/p>\n<p><a href=\"http:\/\/effimera.org\/wp-content\/uploads\/2026\/04\/bilcommUsa.png\" data-caption=\"\"><img loading=\"lazy\" decoding=\"async\" class=\"wp-image-17297  aligncenter\" src=\"http:\/\/effimera.org\/wp-content\/uploads\/2026\/04\/bilcommUsa.png\" sizes=\"auto, (max-width: 1215px) 100vw, 1215px\" srcset=\"https:\/\/effimera.org\/wp-content\/uploads\/2026\/04\/bilcommUsa-200x75.png 200w, https:\/\/effimera.org\/wp-content\/uploads\/2026\/04\/bilcommUsa-300x112.png 300w, https:\/\/effimera.org\/wp-content\/uploads\/2026\/04\/bilcommUsa-400x150.png 400w, https:\/\/effimera.org\/wp-content\/uploads\/2026\/04\/bilcommUsa-600x225.png 600w, https:\/\/effimera.org\/wp-content\/uploads\/2026\/04\/bilcommUsa-768x288.png 768w, https:\/\/effimera.org\/wp-content\/uploads\/2026\/04\/bilcommUsa-800x300.png 800w, https:\/\/effimera.org\/wp-content\/uploads\/2026\/04\/bilcommUsa-1024x383.png 1024w, https:\/\/effimera.org\/wp-content\/uploads\/2026\/04\/bilcommUsa-1200x449.png 1200w, https:\/\/effimera.org\/wp-content\/uploads\/2026\/04\/bilcommUsa.png 1215w\" alt=\"\" width=\"758\" height=\"284\" \/><\/a><\/p>\n<p>Ne consegue che il deficit commerciale americano in beni \u00e8 salito a 1.241 miliardi di dollari nel 2025, rispetto ai 1.215 miliardi del 2024. \u00c8 un massimo storico. Le importazioni di beni hanno raggiunto 3.400 miliardi di dollari, il 4% in pi\u00f9 rispetto all\u2019anno precedente. Gli obiettivi dichiarati auspicavano esattamente l\u2019opposto.<\/p>\n<p><strong>Grafico deficit commerciale USA<\/strong><\/p>\n<p><a href=\"http:\/\/effimera.org\/wp-content\/uploads\/2026\/04\/BP-Usa.jpg\" data-caption=\"\"><img loading=\"lazy\" decoding=\"async\" class=\"wp-image-17298  aligncenter\" src=\"http:\/\/effimera.org\/wp-content\/uploads\/2026\/04\/BP-Usa.jpg\" sizes=\"auto, (max-width: 801px) 100vw, 801px\" srcset=\"https:\/\/effimera.org\/wp-content\/uploads\/2026\/04\/BP-Usa-66x66.jpg 66w, https:\/\/effimera.org\/wp-content\/uploads\/2026\/04\/BP-Usa-150x150.jpg 150w, https:\/\/effimera.org\/wp-content\/uploads\/2026\/04\/BP-Usa-200x200.jpg 200w, https:\/\/effimera.org\/wp-content\/uploads\/2026\/04\/BP-Usa-300x300.jpg 300w, https:\/\/effimera.org\/wp-content\/uploads\/2026\/04\/BP-Usa-400x400.jpg 400w, https:\/\/effimera.org\/wp-content\/uploads\/2026\/04\/BP-Usa-600x600.jpg 600w, https:\/\/effimera.org\/wp-content\/uploads\/2026\/04\/BP-Usa-768x768.jpg 768w, https:\/\/effimera.org\/wp-content\/uploads\/2026\/04\/BP-Usa.jpg 801w\" alt=\"\" width=\"703\" height=\"703\" \/><\/a><\/p>\n<p>Occorre per\u00f2 aggiungere che l\u2019unica eccezione parziale riguarda la Cina: le importazioni americane da Pechino sono diminuite del 30% nell\u2019ultimo anno e il deficit bilaterale \u00e8 calato a 202 miliardi di dollari, il pi\u00f9 basso degli ultimi vent\u2019anni. Un dato che potrebbe far cantare vittoria a Trump. Tuttavia tale calo non ha ridotto la quantit\u00e0 di beni strumentali cinesi necessari per l\u2019economia Usa. Queste merci non sono, infatti, scomparse ma sono arrivate dalla stesa Cina, attraverso triangolazioni con il Messico, il Vietnam e l\u2019India, che, non a caso, hanno pi\u00f9 che compensato il calo cinese. Il deficit totale, difatti, \u00e8 cresciuto lo stesso.<\/p>\n<p>La seconda promessa era la crescita del settore manifatturiero. L\u2019idea era che rendere i prodotti stranieri pi\u00f9 cari avrebbe spinto le aziende a tornare a produrre in America, creando posti di lavoro nei settori che il paese aveva perso negli ultimi trent\u2019anni. Il\u00a0<a href=\"https:\/\/www.bls.gov\/\">Bureau of Labor Statistics<\/a>\u00a0ha pubblicato i dati a febbraio 2026: nelle fabbriche americane l\u2019occupazione manifatturiera \u00e8 calata di 89.000 addetti. Se si consdera tutto il 2025, sono stati assunti 388.000 lavoratori in meno rispetto al 2024. Il rapporto tra occupati nel manifatturiero e totale degli occupati non agricoli \u00e8 sceso al livello pi\u00f9 basso dal 1939, da quando il Bureau of Labor Statistics registra questo dato, pari all\u20198%<\/p>\n<p>La terza promessa era l\u2019inflazione. \u00a0Il tasso di inflazione annuale negli Stati Uniti \u00e8 salito al 3,3% a marzo 2026, segnando il livello pi\u00f9 alto da maggio 2024 e un forte aumento rispetto al 2,4% di febbraio e gennaio. I dati sono stati in linea con le previsioni, con l\u2019aumento principalmente guidato dai costi energetici pi\u00f9 elevati (12,5%), soprattutto benzina (in aumento del 18,9%) e olio combustibile (44,2%), a causa della guerra con l\u2019Iran. \u00a0Tuttavia se consideriamo solo il dato di febbraio 2026 (quindi al netto degli effetti dell\u2019attacco all\u2019Iran), esso risulta del 2,4, di poco superiore a quello di aprile 2025 (+2,3%).<\/p>\n<p><strong>Tasso d\u2019inflazione USA: marzo 2025-marzo 2026<\/strong><a href=\"http:\/\/effimera.org\/wp-content\/uploads\/2026\/04\/tassoinflazione-Usa.png\" data-caption=\"\"><img loading=\"lazy\" decoding=\"async\" class=\"aligncenter wp-image-17299 \" src=\"http:\/\/effimera.org\/wp-content\/uploads\/2026\/04\/tassoinflazione-Usa.png\" sizes=\"auto, (max-width: 1161px) 100vw, 1161px\" srcset=\"https:\/\/effimera.org\/wp-content\/uploads\/2026\/04\/tassoinflazione-Usa-200x78.png 200w, https:\/\/effimera.org\/wp-content\/uploads\/2026\/04\/tassoinflazione-Usa-300x116.png 300w, https:\/\/effimera.org\/wp-content\/uploads\/2026\/04\/tassoinflazione-Usa-400x155.png 400w, https:\/\/effimera.org\/wp-content\/uploads\/2026\/04\/tassoinflazione-Usa-600x233.png 600w, https:\/\/effimera.org\/wp-content\/uploads\/2026\/04\/tassoinflazione-Usa-768x298.png 768w, https:\/\/effimera.org\/wp-content\/uploads\/2026\/04\/tassoinflazione-Usa-800x310.png 800w, https:\/\/effimera.org\/wp-content\/uploads\/2026\/04\/tassoinflazione-Usa-1024x397.png 1024w, https:\/\/effimera.org\/wp-content\/uploads\/2026\/04\/tassoinflazione-Usa.png 1161w\" alt=\"\" width=\"773\" height=\"300\" \/><\/a><\/p>\n<p>Inoltre, la\u00a0<a href=\"https:\/\/www.newyorkfed.org\/microeconomics\/hhdc\">Federal Reserve Bank di New York<\/a>\u00a0in un report pubblicato a febbraio riporta che il 90% del costo dei dazi \u00e8 stato pagato da consumatori e imprese americane, non dagli esportatori stranieri.<\/p>\n<p>Ad un anno di distanza, possiamo affermare che le previsioni di Trump non si sono avverate e non \u00e8 una sorpresa. Ma tale situazione getta una luce inquietante sulla stabilit\u00e0 dell\u2019economia Usa; una situazione che dipende sempre pi\u00f9 dalla capacit\u00e0 del dollaro di rimanere ancora di salvezza come valuta egemone nelle transizioni commerciali internazionali e nelle riserve valutarie. Il processo di dedollarizzazione, acuita dalla sua recente svalutazione, richiede interventi politici e militare in grado di ristabilire una fiducia che oggi non \u00e8 pi\u00f9 garantita dalla performance di mercati finanziari, trainati dalla bolla speculativa dell\u2019intelligenza Artificiale. Una bolla che rischia di scoppiare per la cannibalizzazione della stessa IA nei confronti del settore del software.<\/p>\n<p>\u00c8 anche alla luce di questa situazione che si pu\u00f2 spiegare l\u2019interventismo militare di Trump in varie parti del mondo (dal Venezuela all\u2019Iran), nel tentativo (che riteniamo illusorio) di mantenere un\u2019egemonia geopolitica unipolare.<\/p>\n<\/div>\n<h6>Andrea Fumagalli insegna all&#8217; Universit\u00e0 di Pavia e all&#8217;Universit\u00e0 di Bolzano. \u00c8 membro fondatore del BIN.Italia, collabora al sito Effimera. org<\/h6>\n","protected":false},"excerpt":{"rendered":"<p>Il 2 aprile 2025, Trump, in modo trionfante, presentava nel Giardino delle Rose alla Casa Bianca il\u00a0Liberation Day, ordine esecutivo n. 14257, \u201cRegulating Imports With a Reciprocal Tariff to Rectify Trade Practices That Contribute to Large and Persistent Annual United&hellip;<\/p>\n","protected":false},"author":594,"featured_media":2696674,"comment_status":"closed","ping_status":"closed","sticky":false,"template":"","format":"standard","meta":{"footnotes":""},"categories":[62,55,57],"tags":[135155,135149,143711,4339],"class_list":["post-2696671","post","type-post","status-publish","format-standard","has-post-thumbnail","hentry","category-economia","category-politica","category-affari-esteri","tag-contributi-degli-esperti","tag-dazi-usa","tag-effimera-org","tag-eventi"],"yoast_head":"<!-- This site is optimized with the Yoast SEO plugin v27.1.1 - https:\/\/yoast.com\/product\/yoast-seo-wordpress\/ -->\n<title>Ad un anno dal \u201cLiberation Day\u201d (i dazi statunitensi): ma di che liberazione parliamo?<\/title>\n<meta name=\"description\" content=\"Il 2 aprile 2025, Trump, in modo trionfante, presentava nel Giardino delle Rose alla Casa Bianca il\u00a0Liberation Day, ordine esecutivo n. 14257, \u201cRegulating\" \/>\n<meta name=\"robots\" content=\"index, follow, max-snippet:-1, max-image-preview:large, max-video-preview:-1\" \/>\n<link rel=\"canonical\" href=\"https:\/\/www.pressenza.com\/it\/2026\/04\/ad-un-anno-dal-liberation-day-i-dazi-statunitensi-ma-di-che-liberazione-parliamo\/\" \/>\n<meta property=\"og:locale\" content=\"it_IT\" \/>\n<meta property=\"og:type\" content=\"article\" \/>\n<meta property=\"og:title\" content=\"Ad un anno dal \u201cLiberation Day\u201d (i dazi statunitensi): ma di che liberazione parliamo?\" \/>\n<meta property=\"og:description\" content=\"Il 2 aprile 2025, Trump, in modo trionfante, presentava nel Giardino delle Rose alla Casa Bianca il\u00a0Liberation Day, ordine esecutivo n. 14257, \u201cRegulating\" \/>\n<meta property=\"og:url\" content=\"https:\/\/www.pressenza.com\/it\/2026\/04\/ad-un-anno-dal-liberation-day-i-dazi-statunitensi-ma-di-che-liberazione-parliamo\/\" \/>\n<meta property=\"og:site_name\" content=\"Pressenza\" \/>\n<meta property=\"article:publisher\" content=\"https:\/\/www.facebook.com\/PressenzaItalia\" \/>\n<meta property=\"article:author\" content=\"https:\/\/www.facebook.com\/PressenzaItalia\" \/>\n<meta property=\"article:published_time\" content=\"2026-04-30T07:59:09+00:00\" \/>\n<meta property=\"og:image\" content=\"https:\/\/www.pressenza.com\/wp-content\/uploads\/2026\/04\/liberation-day-800x400-1.jpg\" \/>\n\t<meta property=\"og:image:width\" content=\"800\" \/>\n\t<meta property=\"og:image:height\" content=\"400\" \/>\n\t<meta property=\"og:image:type\" content=\"image\/jpeg\" \/>\n<meta name=\"author\" content=\"Redazione Italia\" \/>\n<meta name=\"twitter:card\" content=\"summary_large_image\" \/>\n<meta name=\"twitter:creator\" content=\"@pressenza_it\" \/>\n<meta name=\"twitter:site\" content=\"@PressenzaIPA\" \/>\n<meta name=\"twitter:label1\" content=\"Scritto da\" \/>\n\t<meta name=\"twitter:data1\" content=\"Redazione Italia\" \/>\n\t<meta name=\"twitter:label2\" content=\"Tempo di lettura stimato\" \/>\n\t<meta name=\"twitter:data2\" content=\"6 minuti\" \/>\n<script type=\"application\/ld+json\" class=\"yoast-schema-graph\">{\"@context\":\"https:\/\/schema.org\",\"@graph\":[{\"@type\":\"Article\",\"@id\":\"https:\/\/www.pressenza.com\/it\/2026\/04\/ad-un-anno-dal-liberation-day-i-dazi-statunitensi-ma-di-che-liberazione-parliamo\/#article\",\"isPartOf\":{\"@id\":\"https:\/\/www.pressenza.com\/it\/2026\/04\/ad-un-anno-dal-liberation-day-i-dazi-statunitensi-ma-di-che-liberazione-parliamo\/\"},\"author\":{\"name\":\"Redazione Italia\",\"@id\":\"https:\/\/www.pressenza.com\/it\/#\/schema\/person\/d983e81827ae24f2c7b1a2123d197f8d\"},\"headline\":\"Ad un anno dal \u201cLiberation Day\u201d (i dazi statunitensi): ma di che liberazione parliamo?\",\"datePublished\":\"2026-04-30T07:59:09+00:00\",\"mainEntityOfPage\":{\"@id\":\"https:\/\/www.pressenza.com\/it\/2026\/04\/ad-un-anno-dal-liberation-day-i-dazi-statunitensi-ma-di-che-liberazione-parliamo\/\"},\"wordCount\":870,\"publisher\":{\"@id\":\"https:\/\/www.pressenza.com\/it\/#organization\"},\"image\":{\"@id\":\"https:\/\/www.pressenza.com\/it\/2026\/04\/ad-un-anno-dal-liberation-day-i-dazi-statunitensi-ma-di-che-liberazione-parliamo\/#primaryimage\"},\"thumbnailUrl\":\"https:\/\/www.pressenza.com\/wp-content\/uploads\/2026\/04\/liberation-day-800x400-1.jpg\",\"keywords\":[\"contributi degli esperti\",\"dazi USA\",\"Effimera.org\",\"eventi\"],\"articleSection\":[\"Economia\",\"Politica\",\"Questioni internazionali\"],\"inLanguage\":\"it-IT\"},{\"@type\":\"WebPage\",\"@id\":\"https:\/\/www.pressenza.com\/it\/2026\/04\/ad-un-anno-dal-liberation-day-i-dazi-statunitensi-ma-di-che-liberazione-parliamo\/\",\"url\":\"https:\/\/www.pressenza.com\/it\/2026\/04\/ad-un-anno-dal-liberation-day-i-dazi-statunitensi-ma-di-che-liberazione-parliamo\/\",\"name\":\"Ad un anno dal \u201cLiberation Day\u201d (i dazi statunitensi): ma di che liberazione parliamo?\",\"isPartOf\":{\"@id\":\"https:\/\/www.pressenza.com\/it\/#website\"},\"primaryImageOfPage\":{\"@id\":\"https:\/\/www.pressenza.com\/it\/2026\/04\/ad-un-anno-dal-liberation-day-i-dazi-statunitensi-ma-di-che-liberazione-parliamo\/#primaryimage\"},\"image\":{\"@id\":\"https:\/\/www.pressenza.com\/it\/2026\/04\/ad-un-anno-dal-liberation-day-i-dazi-statunitensi-ma-di-che-liberazione-parliamo\/#primaryimage\"},\"thumbnailUrl\":\"https:\/\/www.pressenza.com\/wp-content\/uploads\/2026\/04\/liberation-day-800x400-1.jpg\",\"datePublished\":\"2026-04-30T07:59:09+00:00\",\"description\":\"Il 2 aprile 2025, Trump, in modo trionfante, presentava nel Giardino delle Rose alla Casa Bianca il\u00a0Liberation Day, ordine esecutivo n. 14257, \u201cRegulating\",\"breadcrumb\":{\"@id\":\"https:\/\/www.pressenza.com\/it\/2026\/04\/ad-un-anno-dal-liberation-day-i-dazi-statunitensi-ma-di-che-liberazione-parliamo\/#breadcrumb\"},\"inLanguage\":\"it-IT\",\"potentialAction\":[{\"@type\":\"ReadAction\",\"target\":[\"https:\/\/www.pressenza.com\/it\/2026\/04\/ad-un-anno-dal-liberation-day-i-dazi-statunitensi-ma-di-che-liberazione-parliamo\/\"]}]},{\"@type\":\"ImageObject\",\"inLanguage\":\"it-IT\",\"@id\":\"https:\/\/www.pressenza.com\/it\/2026\/04\/ad-un-anno-dal-liberation-day-i-dazi-statunitensi-ma-di-che-liberazione-parliamo\/#primaryimage\",\"url\":\"https:\/\/www.pressenza.com\/wp-content\/uploads\/2026\/04\/liberation-day-800x400-1.jpg\",\"contentUrl\":\"https:\/\/www.pressenza.com\/wp-content\/uploads\/2026\/04\/liberation-day-800x400-1.jpg\",\"width\":800,\"height\":400},{\"@type\":\"BreadcrumbList\",\"@id\":\"https:\/\/www.pressenza.com\/it\/2026\/04\/ad-un-anno-dal-liberation-day-i-dazi-statunitensi-ma-di-che-liberazione-parliamo\/#breadcrumb\",\"itemListElement\":[{\"@type\":\"ListItem\",\"position\":1,\"name\":\"Accueil\",\"item\":\"https:\/\/www.pressenza.com\/it\/\"},{\"@type\":\"ListItem\",\"position\":2,\"name\":\"Ad un anno dal \u201cLiberation Day\u201d (i dazi statunitensi): ma di che liberazione parliamo?\"}]},{\"@type\":\"WebSite\",\"@id\":\"https:\/\/www.pressenza.com\/it\/#website\",\"url\":\"https:\/\/www.pressenza.com\/it\/\",\"name\":\"Pressenza\",\"description\":\"Agenzia di Stampa Internazionale\",\"publisher\":{\"@id\":\"https:\/\/www.pressenza.com\/it\/#organization\"},\"potentialAction\":[{\"@type\":\"SearchAction\",\"target\":{\"@type\":\"EntryPoint\",\"urlTemplate\":\"https:\/\/www.pressenza.com\/it\/?s={search_term_string}\"},\"query-input\":{\"@type\":\"PropertyValueSpecification\",\"valueRequired\":true,\"valueName\":\"search_term_string\"}}],\"inLanguage\":\"it-IT\"},{\"@type\":\"Organization\",\"@id\":\"https:\/\/www.pressenza.com\/it\/#organization\",\"name\":\"Pressenza\",\"url\":\"https:\/\/www.pressenza.com\/it\/\",\"logo\":{\"@type\":\"ImageObject\",\"inLanguage\":\"it-IT\",\"@id\":\"https:\/\/www.pressenza.com\/it\/#\/schema\/logo\/image\/\",\"url\":\"https:\/\/www.pressenza.com\/wp-content\/uploads\/2022\/10\/pressenza_logo_200x200.jpg\",\"contentUrl\":\"https:\/\/www.pressenza.com\/wp-content\/uploads\/2022\/10\/pressenza_logo_200x200.jpg\",\"width\":200,\"height\":200,\"caption\":\"Pressenza\"},\"image\":{\"@id\":\"https:\/\/www.pressenza.com\/it\/#\/schema\/logo\/image\/\"},\"sameAs\":[\"https:\/\/www.facebook.com\/PressenzaItalia\",\"https:\/\/x.com\/PressenzaIPA\"]},{\"@type\":\"Person\",\"@id\":\"https:\/\/www.pressenza.com\/it\/#\/schema\/person\/d983e81827ae24f2c7b1a2123d197f8d\",\"name\":\"Redazione Italia\",\"description\":\"News from the Pressenza Bureau in Italy\",\"sameAs\":[\"https:\/\/www.pressenza.com\/it\/author\/redazione-italia\/\",\"https:\/\/www.facebook.com\/PressenzaItalia\",\"https:\/\/www.instagram.com\/pressenza_italia\/\",\"https:\/\/x.com\/pressenza_it\",\"https:\/\/www.youtube.com\/channel\/UCSalEIWjE1RSxkwjfftFuqg\"],\"url\":\"https:\/\/www.pressenza.com\/it\/author\/redazione-italia\/\"}]}<\/script>\n<!-- \/ Yoast SEO plugin. -->","yoast_head_json":{"title":"Ad un anno dal \u201cLiberation Day\u201d (i dazi statunitensi): ma di che liberazione parliamo?","description":"Il 2 aprile 2025, Trump, in modo trionfante, presentava nel Giardino delle Rose alla Casa Bianca il\u00a0Liberation Day, ordine esecutivo n. 14257, \u201cRegulating","robots":{"index":"index","follow":"follow","max-snippet":"max-snippet:-1","max-image-preview":"max-image-preview:large","max-video-preview":"max-video-preview:-1"},"canonical":"https:\/\/www.pressenza.com\/it\/2026\/04\/ad-un-anno-dal-liberation-day-i-dazi-statunitensi-ma-di-che-liberazione-parliamo\/","og_locale":"it_IT","og_type":"article","og_title":"Ad un anno dal \u201cLiberation Day\u201d (i dazi statunitensi): ma di che liberazione parliamo?","og_description":"Il 2 aprile 2025, Trump, in modo trionfante, presentava nel Giardino delle Rose alla Casa Bianca il\u00a0Liberation Day, ordine esecutivo n. 14257, \u201cRegulating","og_url":"https:\/\/www.pressenza.com\/it\/2026\/04\/ad-un-anno-dal-liberation-day-i-dazi-statunitensi-ma-di-che-liberazione-parliamo\/","og_site_name":"Pressenza","article_publisher":"https:\/\/www.facebook.com\/PressenzaItalia","article_author":"https:\/\/www.facebook.com\/PressenzaItalia","article_published_time":"2026-04-30T07:59:09+00:00","og_image":[{"width":800,"height":400,"url":"https:\/\/www.pressenza.com\/wp-content\/uploads\/2026\/04\/liberation-day-800x400-1.jpg","type":"image\/jpeg"}],"author":"Redazione Italia","twitter_card":"summary_large_image","twitter_creator":"@pressenza_it","twitter_site":"@PressenzaIPA","twitter_misc":{"Scritto da":"Redazione Italia","Tempo di lettura stimato":"6 minuti"},"schema":{"@context":"https:\/\/schema.org","@graph":[{"@type":"Article","@id":"https:\/\/www.pressenza.com\/it\/2026\/04\/ad-un-anno-dal-liberation-day-i-dazi-statunitensi-ma-di-che-liberazione-parliamo\/#article","isPartOf":{"@id":"https:\/\/www.pressenza.com\/it\/2026\/04\/ad-un-anno-dal-liberation-day-i-dazi-statunitensi-ma-di-che-liberazione-parliamo\/"},"author":{"name":"Redazione Italia","@id":"https:\/\/www.pressenza.com\/it\/#\/schema\/person\/d983e81827ae24f2c7b1a2123d197f8d"},"headline":"Ad un anno dal \u201cLiberation Day\u201d (i dazi statunitensi): ma di che liberazione parliamo?","datePublished":"2026-04-30T07:59:09+00:00","mainEntityOfPage":{"@id":"https:\/\/www.pressenza.com\/it\/2026\/04\/ad-un-anno-dal-liberation-day-i-dazi-statunitensi-ma-di-che-liberazione-parliamo\/"},"wordCount":870,"publisher":{"@id":"https:\/\/www.pressenza.com\/it\/#organization"},"image":{"@id":"https:\/\/www.pressenza.com\/it\/2026\/04\/ad-un-anno-dal-liberation-day-i-dazi-statunitensi-ma-di-che-liberazione-parliamo\/#primaryimage"},"thumbnailUrl":"https:\/\/www.pressenza.com\/wp-content\/uploads\/2026\/04\/liberation-day-800x400-1.jpg","keywords":["contributi degli esperti","dazi USA","Effimera.org","eventi"],"articleSection":["Economia","Politica","Questioni internazionali"],"inLanguage":"it-IT"},{"@type":"WebPage","@id":"https:\/\/www.pressenza.com\/it\/2026\/04\/ad-un-anno-dal-liberation-day-i-dazi-statunitensi-ma-di-che-liberazione-parliamo\/","url":"https:\/\/www.pressenza.com\/it\/2026\/04\/ad-un-anno-dal-liberation-day-i-dazi-statunitensi-ma-di-che-liberazione-parliamo\/","name":"Ad un anno dal \u201cLiberation Day\u201d (i dazi statunitensi): ma di che liberazione parliamo?","isPartOf":{"@id":"https:\/\/www.pressenza.com\/it\/#website"},"primaryImageOfPage":{"@id":"https:\/\/www.pressenza.com\/it\/2026\/04\/ad-un-anno-dal-liberation-day-i-dazi-statunitensi-ma-di-che-liberazione-parliamo\/#primaryimage"},"image":{"@id":"https:\/\/www.pressenza.com\/it\/2026\/04\/ad-un-anno-dal-liberation-day-i-dazi-statunitensi-ma-di-che-liberazione-parliamo\/#primaryimage"},"thumbnailUrl":"https:\/\/www.pressenza.com\/wp-content\/uploads\/2026\/04\/liberation-day-800x400-1.jpg","datePublished":"2026-04-30T07:59:09+00:00","description":"Il 2 aprile 2025, Trump, in modo trionfante, presentava nel Giardino delle Rose alla Casa Bianca il\u00a0Liberation Day, ordine esecutivo n. 14257, \u201cRegulating","breadcrumb":{"@id":"https:\/\/www.pressenza.com\/it\/2026\/04\/ad-un-anno-dal-liberation-day-i-dazi-statunitensi-ma-di-che-liberazione-parliamo\/#breadcrumb"},"inLanguage":"it-IT","potentialAction":[{"@type":"ReadAction","target":["https:\/\/www.pressenza.com\/it\/2026\/04\/ad-un-anno-dal-liberation-day-i-dazi-statunitensi-ma-di-che-liberazione-parliamo\/"]}]},{"@type":"ImageObject","inLanguage":"it-IT","@id":"https:\/\/www.pressenza.com\/it\/2026\/04\/ad-un-anno-dal-liberation-day-i-dazi-statunitensi-ma-di-che-liberazione-parliamo\/#primaryimage","url":"https:\/\/www.pressenza.com\/wp-content\/uploads\/2026\/04\/liberation-day-800x400-1.jpg","contentUrl":"https:\/\/www.pressenza.com\/wp-content\/uploads\/2026\/04\/liberation-day-800x400-1.jpg","width":800,"height":400},{"@type":"BreadcrumbList","@id":"https:\/\/www.pressenza.com\/it\/2026\/04\/ad-un-anno-dal-liberation-day-i-dazi-statunitensi-ma-di-che-liberazione-parliamo\/#breadcrumb","itemListElement":[{"@type":"ListItem","position":1,"name":"Accueil","item":"https:\/\/www.pressenza.com\/it\/"},{"@type":"ListItem","position":2,"name":"Ad un anno dal \u201cLiberation Day\u201d (i dazi statunitensi): ma di che liberazione parliamo?"}]},{"@type":"WebSite","@id":"https:\/\/www.pressenza.com\/it\/#website","url":"https:\/\/www.pressenza.com\/it\/","name":"Pressenza","description":"Agenzia di Stampa Internazionale","publisher":{"@id":"https:\/\/www.pressenza.com\/it\/#organization"},"potentialAction":[{"@type":"SearchAction","target":{"@type":"EntryPoint","urlTemplate":"https:\/\/www.pressenza.com\/it\/?s={search_term_string}"},"query-input":{"@type":"PropertyValueSpecification","valueRequired":true,"valueName":"search_term_string"}}],"inLanguage":"it-IT"},{"@type":"Organization","@id":"https:\/\/www.pressenza.com\/it\/#organization","name":"Pressenza","url":"https:\/\/www.pressenza.com\/it\/","logo":{"@type":"ImageObject","inLanguage":"it-IT","@id":"https:\/\/www.pressenza.com\/it\/#\/schema\/logo\/image\/","url":"https:\/\/www.pressenza.com\/wp-content\/uploads\/2022\/10\/pressenza_logo_200x200.jpg","contentUrl":"https:\/\/www.pressenza.com\/wp-content\/uploads\/2022\/10\/pressenza_logo_200x200.jpg","width":200,"height":200,"caption":"Pressenza"},"image":{"@id":"https:\/\/www.pressenza.com\/it\/#\/schema\/logo\/image\/"},"sameAs":["https:\/\/www.facebook.com\/PressenzaItalia","https:\/\/x.com\/PressenzaIPA"]},{"@type":"Person","@id":"https:\/\/www.pressenza.com\/it\/#\/schema\/person\/d983e81827ae24f2c7b1a2123d197f8d","name":"Redazione Italia","description":"News from the Pressenza Bureau in Italy","sameAs":["https:\/\/www.pressenza.com\/it\/author\/redazione-italia\/","https:\/\/www.facebook.com\/PressenzaItalia","https:\/\/www.instagram.com\/pressenza_italia\/","https:\/\/x.com\/pressenza_it","https:\/\/www.youtube.com\/channel\/UCSalEIWjE1RSxkwjfftFuqg"],"url":"https:\/\/www.pressenza.com\/it\/author\/redazione-italia\/"}]}},"place":"Andrea Fumagalli","original_article_url":"https:\/\/effimera.org\/ad-un-anno-dal-liberation-day-i-dazi-statunitensi-ma-di-che-liberazione-parliamo-di-andrea-fumagalli\/","_links":{"self":[{"href":"https:\/\/www.pressenza.com\/it\/wp-json\/wp\/v2\/posts\/2696671","targetHints":{"allow":["GET"]}}],"collection":[{"href":"https:\/\/www.pressenza.com\/it\/wp-json\/wp\/v2\/posts"}],"about":[{"href":"https:\/\/www.pressenza.com\/it\/wp-json\/wp\/v2\/types\/post"}],"author":[{"embeddable":true,"href":"https:\/\/www.pressenza.com\/it\/wp-json\/wp\/v2\/users\/594"}],"replies":[{"embeddable":true,"href":"https:\/\/www.pressenza.com\/it\/wp-json\/wp\/v2\/comments?post=2696671"}],"version-history":[{"count":1,"href":"https:\/\/www.pressenza.com\/it\/wp-json\/wp\/v2\/posts\/2696671\/revisions"}],"predecessor-version":[{"id":2696675,"href":"https:\/\/www.pressenza.com\/it\/wp-json\/wp\/v2\/posts\/2696671\/revisions\/2696675"}],"wp:featuredmedia":[{"embeddable":true,"href":"https:\/\/www.pressenza.com\/it\/wp-json\/wp\/v2\/media\/2696674"}],"wp:attachment":[{"href":"https:\/\/www.pressenza.com\/it\/wp-json\/wp\/v2\/media?parent=2696671"}],"wp:term":[{"taxonomy":"category","embeddable":true,"href":"https:\/\/www.pressenza.com\/it\/wp-json\/wp\/v2\/categories?post=2696671"},{"taxonomy":"post_tag","embeddable":true,"href":"https:\/\/www.pressenza.com\/it\/wp-json\/wp\/v2\/tags?post=2696671"}],"curies":[{"name":"wp","href":"https:\/\/api.w.org\/{rel}","templated":true}]}}