{"id":2696666,"date":"2026-04-30T07:52:03","date_gmt":"2026-04-30T06:52:03","guid":{"rendered":"https:\/\/www.pressenza.com\/?p=2696666"},"modified":"2026-04-30T07:52:03","modified_gmt":"2026-04-30T06:52:03","slug":"fermare-il-governo-canaglia-di-israele-mobilitazione-per-la-pace-e-la-democrazia","status":"publish","type":"post","link":"https:\/\/www.pressenza.com\/it\/2026\/04\/fermare-il-governo-canaglia-di-israele-mobilitazione-per-la-pace-e-la-democrazia\/","title":{"rendered":"Fermare il governo canaglia di Israele. Mobilitazione per la Pace e la Democrazia"},"content":{"rendered":"<p><em>Difendere le Democrazie \u00e8 sempre pi\u00f9 un imperativo.\u00a0Difendere la democrazia e il diritto internazionale non \u00e8 retorica. Stanotte, nel Mediterraneo, quella difesa ha avuto un volto concreto: 400 civili disarmati che portavano cibo a Gaza.\u00a0Il diritto internazionale sotto attacco: un pattern sistematico.\u00a0L&#8217;intercettazione in alto mare: cosa dice il diritto internazionale?_<\/em><\/p>\n<p>&nbsp;<\/p>\n<p>L&#8217;episodio di questa notte non \u00e8 un incidente isolato \u2014 \u00e8 l&#8217;ultimo atto di un sistematico smantellamento del diritto internazionale da parte di Israele, condotto con crescente audacia proprio perch\u00e9 finora privo di conseguenze reali.<\/p>\n<p>La Convenzione ONU sul Diritto del Mare (UNCLOS) \u00e8 inequivocabile: le acque internazionali sono libere per tutti gli Stati. Nessun paese ha giurisdizione su navi straniere che navigano in acque internazionali, salvo casi specifici e tassativi previsti dal diritto consuetudinario (pirateria, tratta di schiavi, traffico di droga). Portare aiuti umanitari a una popolazione assediata non rientra in nessuna di queste eccezioni. L&#8217;intercettazione a 960 chilometri da Gaza, a ovest di Creta, in pieno Mar Mediterraneo, \u00e8 quindi \u2014 giuridicamente \u2014 un atto di pirateria di Stato, esattamente come denunciato dalla Flotilla.<\/p>\n<p>Un pattern sistematico, non episodi isolati<\/p>\n<p>Quello che rende questa vicenda ancora pi\u00f9 grave \u00e8 che non si tratta di un caso eccezionale, ma dell&#8217;ennesimo tassello di un mosaico coerente e deliberato:<\/p>\n<ol>\n<li>Il blocco illegale di Gaza Il blocco terrestre, aereo e marittimo della Striscia di Gaza \u2014 imposto da Israele e dal quale dipende la morte per fame di oltre 2 milioni di persone \u2014 \u00e8 stato dichiarato illegale dal diritto internazionale umanitario da decine di organismi ONU, dalla Corte Internazionale di Giustizia e da innumerevoli organizzazioni per i diritti umani. Impedire l&#8217;accesso agli aiuti umanitari \u00e8 una violazione della Quarta Convenzione di Ginevra.<\/li>\n<li>Il genocidio di Gaza La Corte Internazionale di Giustizia (ICJ) ha aperto un procedimento per genocidio contro Israele su ricorso del Sudafrica. La Corte ha gi\u00e0 emesso misure cautelari urgenti, ordinando a Israele di prevenire atti genocidari e di garantire l&#8217;accesso agli aiuti umanitari. Israele ha ignorato entrambe le ordinanze. Ignorare le sentenze della massima corte internazionale \u00e8, di per s\u00e9, una violazione gravissima dell&#8217;ordine giuridico internazionale.<\/li>\n<li>L&#8217;invasione e i bombardamenti del Libano L&#8217;operazione militare israeliana in Libano \u2014 con l&#8217;assassinio di leader di Hezbollah, i bombardamenti su Beirut e l&#8217;invasione di territorio sovrano libanese \u2014 ha violato la sovranit\u00e0 di uno Stato membro dell&#8217;ONU, la risoluzione 1701 del Consiglio di Sicurezza e il divieto di uso della forza sancito dall&#8217;articolo 2(4) della Carta delle Nazioni Unite.<\/li>\n<li>Gli attacchi all&#8217;Iran I ripetuti attacchi israeliani in territorio iraniano \u2014 compresi quelli contro installazioni militari \u2014 costituiscono atti di guerra contro uno Stato sovrano, condotti senza alcuna autorizzazione del Consiglio di Sicurezza ONU e al di fuori di qualsiasi quadro di legittima difesa riconoscibile dal diritto internazionale.<\/li>\n<li>Gli assassinii mirati in tutto il mondo Israele ha condotto operazioni di omicidio mirato in Iran, Siria, Libano, Qatar e altri paesi, violando sistematicamente la sovranit\u00e0 territoriale di Stati terzi. Questi atti, se compiuti da qualsiasi altro paese, sarebbero universalmente qualificati come terrorismo di Stato.<\/li>\n<\/ol>\n<p>Uno Stato al di sopra della legge: il doppio standard che uccide<\/p>\n<p>La comunit\u00e0 internazionale \u2014 in particolare l&#8217;Occidente \u2014 ha costruito il proprio ordine post-1945 su principi chiari: rispetto della sovranit\u00e0, divieto della forza, tutela dei civili, accesso umanitario. Quegli stessi principi vengono invocati con forza \u2014 giustamente \u2014 per condannare la Russia in Ucraina.<\/p>\n<p>Ma quando Israele:<\/p>\n<ul>\n<li>bombarda ospedali<\/li>\n<li>blocca cibo e medicine<\/li>\n<li>intercetta flotte umanitarie in acque internazionali<\/li>\n<li>invade Stati sovrani<\/li>\n<li>ignora le ordinanze della Corte Internazionale di Giustizia<\/li>\n<\/ul>\n<p>&#8230;il silenzio o la reazione tiepida di molti governi occidentali segnala che il diritto internazionale viene applicato selettivamente, non come principio universale ma come strumento geopolitico. Questo doppio standard non \u00e8 solo ipocrita: \u00e8 letale, perch\u00e9 legittima l&#8217;impunit\u00e0 e incoraggia ulteriori violazioni.<\/p>\n<p>Uno Stato canaglia nel cuore del sistema internazionale<\/p>\n<p>La definizione di &#8220;Stato canaglia&#8221; \u2014 storicamente usata dagli stessi Stati Uniti per giustificare pressioni e sanzioni contro altri paesi \u2014 si applica a chi: viola sistematicamente il diritto internazionale, ignora le risoluzioni ONU, conduce operazioni militari oltre i propri confini, usa la forza contro civili. Applicando quegli stessi criteri, il comportamento di Israele degli ultimi anni corrisponde pienamente a quella definizione, indipendentemente da qualsiasi altra considerazione politica.<\/p>\n<p>L&#8217;intercettazione della Global Sumud Flotilla non \u00e8 dunque solo un atto di pirateria: \u00e8 la rivendicazione pubblica e spudorata di un&#8217;impunit\u00e0 globale, la dimostrazione che Israele ritiene di poter operare \u2014 in mare, in cielo, su terra straniera \u2014 senza alcuna conseguenza.<\/p>\n<p>Cosa pu\u00f2 ancora fermare questa deriva<\/p>\n<p>Il punto pi\u00f9 preoccupante non \u00e8 solo ci\u00f2 che Israele ha fatto stanotte. \u00c8 che lo ha fatto sapendo che probabilmente non ne pagher\u00e0 il prezzo. Spetta ora ai governi europei \u2014 e all&#8217;Italia in particolare, con i suoi cittadini a bordo \u2014 dimostrare che il diritto internazionale non \u00e8 morto. Gli strumenti ci sono: sanzioni, sospensione degli accordi commerciali, sostegno pieno ai procedimenti ICJ e ICC, espulsione degli ambasciatori. La domanda \u00e8 se esiste ancora la volont\u00e0 politica di usarli.<\/p>\n<p>&nbsp;<\/p>\n","protected":false},"excerpt":{"rendered":"<p>Difendere le Democrazie \u00e8 sempre pi\u00f9 un imperativo.\u00a0Difendere la democrazia e il diritto internazionale non \u00e8 retorica. Stanotte, nel Mediterraneo, quella difesa ha avuto un volto concreto: 400 civili disarmati che portavano cibo a Gaza.\u00a0Il diritto internazionale sotto attacco: un&hellip;<\/p>\n","protected":false},"author":2619,"featured_media":2696667,"comment_status":"closed","ping_status":"closed","sticky":false,"template":"","format":"standard","meta":{"footnotes":""},"categories":[11388,60,162,55],"tags":[138439,156156,50524,4339,139558],"class_list":["post-2696666","post","type-post","status-publish","format-standard","has-post-thumbnail","hentry","category-contenuti-originali","category-diritti-umani","category-opinioni","category-politica","tag-attacco-israeliano","tag-convenzione-onu-sul-diritto-del-mare","tag-corte-internazionale-di-giustizia","tag-eventi","tag-global-sumud-flotilla"],"yoast_head":"<!-- This site is optimized with the Yoast SEO plugin v27.1.1 - https:\/\/yoast.com\/product\/yoast-seo-wordpress\/ -->\n<title>Fermare il governo canaglia di Israele. Mobilitazione per la Pace e la Democrazia<\/title>\n<meta name=\"description\" content=\"Difendere le Democrazie \u00e8 sempre pi\u00f9 un imperativo.\u00a0Difendere la democrazia e il diritto internazionale non \u00e8 retorica. Stanotte, nel Mediterraneo, quella\" \/>\n<meta name=\"robots\" content=\"index, follow, max-snippet:-1, max-image-preview:large, max-video-preview:-1\" \/>\n<link rel=\"canonical\" href=\"https:\/\/www.pressenza.com\/it\/2026\/04\/fermare-il-governo-canaglia-di-israele-mobilitazione-per-la-pace-e-la-democrazia\/\" \/>\n<meta property=\"og:locale\" content=\"it_IT\" \/>\n<meta property=\"og:type\" content=\"article\" \/>\n<meta property=\"og:title\" content=\"Fermare il governo canaglia di Israele. Mobilitazione per la Pace e la Democrazia\" \/>\n<meta property=\"og:description\" content=\"Difendere le Democrazie \u00e8 sempre pi\u00f9 un imperativo.\u00a0Difendere la democrazia e il diritto internazionale non \u00e8 retorica. Stanotte, nel Mediterraneo, quella\" \/>\n<meta property=\"og:url\" content=\"https:\/\/www.pressenza.com\/it\/2026\/04\/fermare-il-governo-canaglia-di-israele-mobilitazione-per-la-pace-e-la-democrazia\/\" \/>\n<meta property=\"og:site_name\" content=\"Pressenza\" \/>\n<meta property=\"article:publisher\" content=\"https:\/\/www.facebook.com\/PressenzaItalia\" \/>\n<meta property=\"article:published_time\" content=\"2026-04-30T06:52:03+00:00\" \/>\n<meta property=\"og:image\" content=\"https:\/\/www.pressenza.com\/wp-content\/uploads\/2026\/04\/684302221_10240714259295238_1791181332937085155_n.jpg\" \/>\n\t<meta property=\"og:image:width\" content=\"720\" \/>\n\t<meta property=\"og:image:height\" content=\"540\" \/>\n\t<meta property=\"og:image:type\" content=\"image\/jpeg\" \/>\n<meta name=\"author\" content=\"Aurelio Angelini\" \/>\n<meta name=\"twitter:card\" content=\"summary_large_image\" \/>\n<meta name=\"twitter:creator\" content=\"@PressenzaIPA\" \/>\n<meta name=\"twitter:site\" content=\"@PressenzaIPA\" \/>\n<meta name=\"twitter:label1\" content=\"Scritto da\" \/>\n\t<meta name=\"twitter:data1\" content=\"Aurelio Angelini\" \/>\n\t<meta name=\"twitter:label2\" content=\"Tempo di lettura stimato\" \/>\n\t<meta name=\"twitter:data2\" content=\"5 minuti\" \/>\n<script type=\"application\/ld+json\" class=\"yoast-schema-graph\">{\"@context\":\"https:\/\/schema.org\",\"@graph\":[{\"@type\":\"Article\",\"@id\":\"https:\/\/www.pressenza.com\/it\/2026\/04\/fermare-il-governo-canaglia-di-israele-mobilitazione-per-la-pace-e-la-democrazia\/#article\",\"isPartOf\":{\"@id\":\"https:\/\/www.pressenza.com\/it\/2026\/04\/fermare-il-governo-canaglia-di-israele-mobilitazione-per-la-pace-e-la-democrazia\/\"},\"author\":{\"name\":\"Aurelio Angelini\",\"@id\":\"https:\/\/www.pressenza.com\/it\/#\/schema\/person\/8ef76443debdf32d49d6cf8797d2e0ed\"},\"headline\":\"Fermare il governo canaglia di Israele. Mobilitazione per la Pace e la Democrazia\",\"datePublished\":\"2026-04-30T06:52:03+00:00\",\"mainEntityOfPage\":{\"@id\":\"https:\/\/www.pressenza.com\/it\/2026\/04\/fermare-il-governo-canaglia-di-israele-mobilitazione-per-la-pace-e-la-democrazia\/\"},\"wordCount\":826,\"publisher\":{\"@id\":\"https:\/\/www.pressenza.com\/it\/#organization\"},\"image\":{\"@id\":\"https:\/\/www.pressenza.com\/it\/2026\/04\/fermare-il-governo-canaglia-di-israele-mobilitazione-per-la-pace-e-la-democrazia\/#primaryimage\"},\"thumbnailUrl\":\"https:\/\/www.pressenza.com\/wp-content\/uploads\/2026\/04\/684302221_10240714259295238_1791181332937085155_n.jpg\",\"keywords\":[\"attacco israeliano\",\"Convenzione ONU sul Diritto del Mare\",\"Corte Internazionale di Giustizia\",\"eventi\",\"Global Sumud Flotilla\"],\"articleSection\":[\"contenuti originali\",\"Diritti Umani\",\"Opinioni\",\"Politica\"],\"inLanguage\":\"it-IT\"},{\"@type\":\"WebPage\",\"@id\":\"https:\/\/www.pressenza.com\/it\/2026\/04\/fermare-il-governo-canaglia-di-israele-mobilitazione-per-la-pace-e-la-democrazia\/\",\"url\":\"https:\/\/www.pressenza.com\/it\/2026\/04\/fermare-il-governo-canaglia-di-israele-mobilitazione-per-la-pace-e-la-democrazia\/\",\"name\":\"Fermare il governo canaglia di Israele. Mobilitazione per la Pace e la Democrazia\",\"isPartOf\":{\"@id\":\"https:\/\/www.pressenza.com\/it\/#website\"},\"primaryImageOfPage\":{\"@id\":\"https:\/\/www.pressenza.com\/it\/2026\/04\/fermare-il-governo-canaglia-di-israele-mobilitazione-per-la-pace-e-la-democrazia\/#primaryimage\"},\"image\":{\"@id\":\"https:\/\/www.pressenza.com\/it\/2026\/04\/fermare-il-governo-canaglia-di-israele-mobilitazione-per-la-pace-e-la-democrazia\/#primaryimage\"},\"thumbnailUrl\":\"https:\/\/www.pressenza.com\/wp-content\/uploads\/2026\/04\/684302221_10240714259295238_1791181332937085155_n.jpg\",\"datePublished\":\"2026-04-30T06:52:03+00:00\",\"description\":\"Difendere le Democrazie \u00e8 sempre pi\u00f9 un imperativo.\u00a0Difendere la democrazia e il diritto internazionale non \u00e8 retorica. Stanotte, nel Mediterraneo, quella\",\"breadcrumb\":{\"@id\":\"https:\/\/www.pressenza.com\/it\/2026\/04\/fermare-il-governo-canaglia-di-israele-mobilitazione-per-la-pace-e-la-democrazia\/#breadcrumb\"},\"inLanguage\":\"it-IT\",\"potentialAction\":[{\"@type\":\"ReadAction\",\"target\":[\"https:\/\/www.pressenza.com\/it\/2026\/04\/fermare-il-governo-canaglia-di-israele-mobilitazione-per-la-pace-e-la-democrazia\/\"]}]},{\"@type\":\"ImageObject\",\"inLanguage\":\"it-IT\",\"@id\":\"https:\/\/www.pressenza.com\/it\/2026\/04\/fermare-il-governo-canaglia-di-israele-mobilitazione-per-la-pace-e-la-democrazia\/#primaryimage\",\"url\":\"https:\/\/www.pressenza.com\/wp-content\/uploads\/2026\/04\/684302221_10240714259295238_1791181332937085155_n.jpg\",\"contentUrl\":\"https:\/\/www.pressenza.com\/wp-content\/uploads\/2026\/04\/684302221_10240714259295238_1791181332937085155_n.jpg\",\"width\":720,\"height\":540},{\"@type\":\"BreadcrumbList\",\"@id\":\"https:\/\/www.pressenza.com\/it\/2026\/04\/fermare-il-governo-canaglia-di-israele-mobilitazione-per-la-pace-e-la-democrazia\/#breadcrumb\",\"itemListElement\":[{\"@type\":\"ListItem\",\"position\":1,\"name\":\"Accueil\",\"item\":\"https:\/\/www.pressenza.com\/it\/\"},{\"@type\":\"ListItem\",\"position\":2,\"name\":\"Fermare il governo canaglia di Israele. Mobilitazione per la Pace e la Democrazia\"}]},{\"@type\":\"WebSite\",\"@id\":\"https:\/\/www.pressenza.com\/it\/#website\",\"url\":\"https:\/\/www.pressenza.com\/it\/\",\"name\":\"Pressenza\",\"description\":\"Agenzia di Stampa Internazionale\",\"publisher\":{\"@id\":\"https:\/\/www.pressenza.com\/it\/#organization\"},\"potentialAction\":[{\"@type\":\"SearchAction\",\"target\":{\"@type\":\"EntryPoint\",\"urlTemplate\":\"https:\/\/www.pressenza.com\/it\/?s={search_term_string}\"},\"query-input\":{\"@type\":\"PropertyValueSpecification\",\"valueRequired\":true,\"valueName\":\"search_term_string\"}}],\"inLanguage\":\"it-IT\"},{\"@type\":\"Organization\",\"@id\":\"https:\/\/www.pressenza.com\/it\/#organization\",\"name\":\"Pressenza\",\"url\":\"https:\/\/www.pressenza.com\/it\/\",\"logo\":{\"@type\":\"ImageObject\",\"inLanguage\":\"it-IT\",\"@id\":\"https:\/\/www.pressenza.com\/it\/#\/schema\/logo\/image\/\",\"url\":\"https:\/\/www.pressenza.com\/wp-content\/uploads\/2022\/10\/pressenza_logo_200x200.jpg\",\"contentUrl\":\"https:\/\/www.pressenza.com\/wp-content\/uploads\/2022\/10\/pressenza_logo_200x200.jpg\",\"width\":200,\"height\":200,\"caption\":\"Pressenza\"},\"image\":{\"@id\":\"https:\/\/www.pressenza.com\/it\/#\/schema\/logo\/image\/\"},\"sameAs\":[\"https:\/\/www.facebook.com\/PressenzaItalia\",\"https:\/\/x.com\/PressenzaIPA\"]},{\"@type\":\"Person\",\"@id\":\"https:\/\/www.pressenza.com\/it\/#\/schema\/person\/8ef76443debdf32d49d6cf8797d2e0ed\",\"name\":\"Aurelio Angelini\",\"url\":\"https:\/\/www.pressenza.com\/it\/author\/aurelio-angelini\/\"}]}<\/script>\n<!-- \/ Yoast SEO plugin. -->","yoast_head_json":{"title":"Fermare il governo canaglia di Israele. Mobilitazione per la Pace e la Democrazia","description":"Difendere le Democrazie \u00e8 sempre pi\u00f9 un imperativo.\u00a0Difendere la democrazia e il diritto internazionale non \u00e8 retorica. Stanotte, nel Mediterraneo, quella","robots":{"index":"index","follow":"follow","max-snippet":"max-snippet:-1","max-image-preview":"max-image-preview:large","max-video-preview":"max-video-preview:-1"},"canonical":"https:\/\/www.pressenza.com\/it\/2026\/04\/fermare-il-governo-canaglia-di-israele-mobilitazione-per-la-pace-e-la-democrazia\/","og_locale":"it_IT","og_type":"article","og_title":"Fermare il governo canaglia di Israele. Mobilitazione per la Pace e la Democrazia","og_description":"Difendere le Democrazie \u00e8 sempre pi\u00f9 un imperativo.\u00a0Difendere la democrazia e il diritto internazionale non \u00e8 retorica. Stanotte, nel Mediterraneo, quella","og_url":"https:\/\/www.pressenza.com\/it\/2026\/04\/fermare-il-governo-canaglia-di-israele-mobilitazione-per-la-pace-e-la-democrazia\/","og_site_name":"Pressenza","article_publisher":"https:\/\/www.facebook.com\/PressenzaItalia","article_published_time":"2026-04-30T06:52:03+00:00","og_image":[{"width":720,"height":540,"url":"https:\/\/www.pressenza.com\/wp-content\/uploads\/2026\/04\/684302221_10240714259295238_1791181332937085155_n.jpg","type":"image\/jpeg"}],"author":"Aurelio Angelini","twitter_card":"summary_large_image","twitter_creator":"@PressenzaIPA","twitter_site":"@PressenzaIPA","twitter_misc":{"Scritto da":"Aurelio Angelini","Tempo di lettura stimato":"5 minuti"},"schema":{"@context":"https:\/\/schema.org","@graph":[{"@type":"Article","@id":"https:\/\/www.pressenza.com\/it\/2026\/04\/fermare-il-governo-canaglia-di-israele-mobilitazione-per-la-pace-e-la-democrazia\/#article","isPartOf":{"@id":"https:\/\/www.pressenza.com\/it\/2026\/04\/fermare-il-governo-canaglia-di-israele-mobilitazione-per-la-pace-e-la-democrazia\/"},"author":{"name":"Aurelio Angelini","@id":"https:\/\/www.pressenza.com\/it\/#\/schema\/person\/8ef76443debdf32d49d6cf8797d2e0ed"},"headline":"Fermare il governo canaglia di Israele. Mobilitazione per la Pace e la Democrazia","datePublished":"2026-04-30T06:52:03+00:00","mainEntityOfPage":{"@id":"https:\/\/www.pressenza.com\/it\/2026\/04\/fermare-il-governo-canaglia-di-israele-mobilitazione-per-la-pace-e-la-democrazia\/"},"wordCount":826,"publisher":{"@id":"https:\/\/www.pressenza.com\/it\/#organization"},"image":{"@id":"https:\/\/www.pressenza.com\/it\/2026\/04\/fermare-il-governo-canaglia-di-israele-mobilitazione-per-la-pace-e-la-democrazia\/#primaryimage"},"thumbnailUrl":"https:\/\/www.pressenza.com\/wp-content\/uploads\/2026\/04\/684302221_10240714259295238_1791181332937085155_n.jpg","keywords":["attacco israeliano","Convenzione ONU sul Diritto del Mare","Corte Internazionale di Giustizia","eventi","Global Sumud Flotilla"],"articleSection":["contenuti originali","Diritti Umani","Opinioni","Politica"],"inLanguage":"it-IT"},{"@type":"WebPage","@id":"https:\/\/www.pressenza.com\/it\/2026\/04\/fermare-il-governo-canaglia-di-israele-mobilitazione-per-la-pace-e-la-democrazia\/","url":"https:\/\/www.pressenza.com\/it\/2026\/04\/fermare-il-governo-canaglia-di-israele-mobilitazione-per-la-pace-e-la-democrazia\/","name":"Fermare il governo canaglia di Israele. Mobilitazione per la Pace e la Democrazia","isPartOf":{"@id":"https:\/\/www.pressenza.com\/it\/#website"},"primaryImageOfPage":{"@id":"https:\/\/www.pressenza.com\/it\/2026\/04\/fermare-il-governo-canaglia-di-israele-mobilitazione-per-la-pace-e-la-democrazia\/#primaryimage"},"image":{"@id":"https:\/\/www.pressenza.com\/it\/2026\/04\/fermare-il-governo-canaglia-di-israele-mobilitazione-per-la-pace-e-la-democrazia\/#primaryimage"},"thumbnailUrl":"https:\/\/www.pressenza.com\/wp-content\/uploads\/2026\/04\/684302221_10240714259295238_1791181332937085155_n.jpg","datePublished":"2026-04-30T06:52:03+00:00","description":"Difendere le Democrazie \u00e8 sempre pi\u00f9 un imperativo.\u00a0Difendere la democrazia e il diritto internazionale non \u00e8 retorica. Stanotte, nel Mediterraneo, quella","breadcrumb":{"@id":"https:\/\/www.pressenza.com\/it\/2026\/04\/fermare-il-governo-canaglia-di-israele-mobilitazione-per-la-pace-e-la-democrazia\/#breadcrumb"},"inLanguage":"it-IT","potentialAction":[{"@type":"ReadAction","target":["https:\/\/www.pressenza.com\/it\/2026\/04\/fermare-il-governo-canaglia-di-israele-mobilitazione-per-la-pace-e-la-democrazia\/"]}]},{"@type":"ImageObject","inLanguage":"it-IT","@id":"https:\/\/www.pressenza.com\/it\/2026\/04\/fermare-il-governo-canaglia-di-israele-mobilitazione-per-la-pace-e-la-democrazia\/#primaryimage","url":"https:\/\/www.pressenza.com\/wp-content\/uploads\/2026\/04\/684302221_10240714259295238_1791181332937085155_n.jpg","contentUrl":"https:\/\/www.pressenza.com\/wp-content\/uploads\/2026\/04\/684302221_10240714259295238_1791181332937085155_n.jpg","width":720,"height":540},{"@type":"BreadcrumbList","@id":"https:\/\/www.pressenza.com\/it\/2026\/04\/fermare-il-governo-canaglia-di-israele-mobilitazione-per-la-pace-e-la-democrazia\/#breadcrumb","itemListElement":[{"@type":"ListItem","position":1,"name":"Accueil","item":"https:\/\/www.pressenza.com\/it\/"},{"@type":"ListItem","position":2,"name":"Fermare il governo canaglia di Israele. Mobilitazione per la Pace e la Democrazia"}]},{"@type":"WebSite","@id":"https:\/\/www.pressenza.com\/it\/#website","url":"https:\/\/www.pressenza.com\/it\/","name":"Pressenza","description":"Agenzia di Stampa Internazionale","publisher":{"@id":"https:\/\/www.pressenza.com\/it\/#organization"},"potentialAction":[{"@type":"SearchAction","target":{"@type":"EntryPoint","urlTemplate":"https:\/\/www.pressenza.com\/it\/?s={search_term_string}"},"query-input":{"@type":"PropertyValueSpecification","valueRequired":true,"valueName":"search_term_string"}}],"inLanguage":"it-IT"},{"@type":"Organization","@id":"https:\/\/www.pressenza.com\/it\/#organization","name":"Pressenza","url":"https:\/\/www.pressenza.com\/it\/","logo":{"@type":"ImageObject","inLanguage":"it-IT","@id":"https:\/\/www.pressenza.com\/it\/#\/schema\/logo\/image\/","url":"https:\/\/www.pressenza.com\/wp-content\/uploads\/2022\/10\/pressenza_logo_200x200.jpg","contentUrl":"https:\/\/www.pressenza.com\/wp-content\/uploads\/2022\/10\/pressenza_logo_200x200.jpg","width":200,"height":200,"caption":"Pressenza"},"image":{"@id":"https:\/\/www.pressenza.com\/it\/#\/schema\/logo\/image\/"},"sameAs":["https:\/\/www.facebook.com\/PressenzaItalia","https:\/\/x.com\/PressenzaIPA"]},{"@type":"Person","@id":"https:\/\/www.pressenza.com\/it\/#\/schema\/person\/8ef76443debdf32d49d6cf8797d2e0ed","name":"Aurelio Angelini","url":"https:\/\/www.pressenza.com\/it\/author\/aurelio-angelini\/"}]}},"place":"","original_article_url":"","_links":{"self":[{"href":"https:\/\/www.pressenza.com\/it\/wp-json\/wp\/v2\/posts\/2696666","targetHints":{"allow":["GET"]}}],"collection":[{"href":"https:\/\/www.pressenza.com\/it\/wp-json\/wp\/v2\/posts"}],"about":[{"href":"https:\/\/www.pressenza.com\/it\/wp-json\/wp\/v2\/types\/post"}],"author":[{"embeddable":true,"href":"https:\/\/www.pressenza.com\/it\/wp-json\/wp\/v2\/users\/2619"}],"replies":[{"embeddable":true,"href":"https:\/\/www.pressenza.com\/it\/wp-json\/wp\/v2\/comments?post=2696666"}],"version-history":[{"count":1,"href":"https:\/\/www.pressenza.com\/it\/wp-json\/wp\/v2\/posts\/2696666\/revisions"}],"predecessor-version":[{"id":2696668,"href":"https:\/\/www.pressenza.com\/it\/wp-json\/wp\/v2\/posts\/2696666\/revisions\/2696668"}],"wp:featuredmedia":[{"embeddable":true,"href":"https:\/\/www.pressenza.com\/it\/wp-json\/wp\/v2\/media\/2696667"}],"wp:attachment":[{"href":"https:\/\/www.pressenza.com\/it\/wp-json\/wp\/v2\/media?parent=2696666"}],"wp:term":[{"taxonomy":"category","embeddable":true,"href":"https:\/\/www.pressenza.com\/it\/wp-json\/wp\/v2\/categories?post=2696666"},{"taxonomy":"post_tag","embeddable":true,"href":"https:\/\/www.pressenza.com\/it\/wp-json\/wp\/v2\/tags?post=2696666"}],"curies":[{"name":"wp","href":"https:\/\/api.w.org\/{rel}","templated":true}]}}