{"id":2696517,"date":"2026-04-29T19:19:05","date_gmt":"2026-04-29T18:19:05","guid":{"rendered":"https:\/\/www.pressenza.com\/?p=2696517"},"modified":"2026-04-29T19:19:05","modified_gmt":"2026-04-29T18:19:05","slug":"volti-del-amianto","status":"publish","type":"post","link":"https:\/\/www.pressenza.com\/it\/2026\/04\/volti-del-amianto\/","title":{"rendered":"&#8220;I volti dell&#8217;amianto&#8221;, con gli alunni e studenti delle scuole Casale Monferrato"},"content":{"rendered":"<p>Nella mattinata di oggi, 29 aprile, un migliaio di bambini e ragazzi hanno attraversato il centro della citt\u00e0 marciando in corteo e poi, radunati in assemblea, hanno letto e ascoltato decine di testimonianze di vittime dell&#8217;amianto e dei loro familiari.<\/p>\n<p>La manifestazione all&#8217;insegna del motto \u201cNoi studenti ci siamo di testa, di cuore, di coscienza\u201d \u00e8 il primo evento di un ciclo di iniziative svolte nell\u2019ambito del progetto<em> I volti dell\u2019amianto<\/em> promosso dalla <strong>Rete Scuole Insieme<\/strong> e <strong>AFeVA<\/strong> (Associazione Familiari e Vittime dell&#8217;Amianto) di Casale Monferrato e realizzato con la regia del laboratorio creativo torinese Ecofficina, un programma che a sua volta viene sviluppato nel contesto delle attivit\u00e0 educative realizzate all\u2019<a href=\"https:\/\/www.amiantoasbesto.it\/\" target=\"_blank\" rel=\"noopener\"><strong>Aula permanente ed interattiva \u201cdelle due A&#8221;<\/strong><\/a>.<\/p>\n<p>Le due A che identificano questo peculiare spazio didattico allestito con lavagne multimediali e aperto all&#8217;interno del complesso in cui hanno sede i licei classico e scientifico della citt\u00e0, dove viene fruito dalle scolaresche di ogni istituto del territorio o in visita nella citta e anche dal pubblico, inizialmente significavano le iniziali di &#8220;Amianto e Asbesto&#8221;. Di recente l&#8217;aula \u00e8 stata ribatezzata &#8220;Amianto &amp; Ambiente&#8221; a evidenziare che, reagendo alla tragedia subita a causa dell&#8217;emissione di polveri contenenti il micidiale asbesto dentro e intorno allo stabilimento Eternit, dove dal 1906 al 1986 \u00e8 stato incessantemente prodotto il cemento-amianto, la popolazione di Casale Monferrato si \u00e8 impegnata nella tutela della salute delle persone e nel risanamento dell&#8217;ambiente.<\/p>\n<p>Il <strong>progetto <em>I volti dell\u2019amianto<\/em><\/strong> coinvolge alunni e studenti in un ciclo di attivit\u00e0 e iniziative finalizzate alla loro formazione come cittadini consapevoli e, allo scopo, far loro sapere quanto pi\u00f9 e meglio possibile delle vicende accadute e cos\u00ec capire la gravit\u00e0 delle ferite insanabili che sono state inferte alla popolazione del territorio e conoscere le sfide che devono ancora essere affrontate.<\/p>\n<p>\u00abIl percorso del progetto<em> I volti dell\u2019amianto<\/em> \u00e8 iniziato con la raccolta di storie con al centro la persona, le persone &#8211; ha spiegato<strong> Bruno Pesce<\/strong> di AFeVa &#8211; Emozioni, indicazioni, dolore, rabbia, speranza,&#8230; e obiettivi, punti realizzati o punti da realizzare\u00bb.<\/p>\n<p>Tra i punti &#8216;messi a segno&#8217; in particolare uno: i progressi nella <strong>ricerca medico-scientifica<\/strong> per la cura della patologia letale provocata dall&#8217;esposizione all&#8217;amianto, ripercorsi al <a href=\"https:\/\/www.pressenza.com\/it\/2026\/04\/progetto-mesotelioma\/\" target=\"_blank\" rel=\"noopener\">convegno di presentazione del <strong><em>Progetto Mesotelioma<\/em><\/strong><\/a> svolto il 22 aprile scorso.<\/p>\n<p>Ieri, <em>Giornata mondiale delle vittime dell\u2019amianto<\/em> &#8211; che ricorre il 28 aprile, in concomitanza con la <em>Giornata mondiale per la salute e la sicurezza sul lavoro<\/em> &#8211; a Casale Monferrato \u00e8 stato svolto un incontro sul tema della\u00a0<em>green criminology<\/em>, a cui \u00e8 intervenuto il professor <strong>Lorenzo Natali<\/strong>, docente associato di criminologia all\u2019Universit\u00e0 degli Studi di Milano-Bicocca, che ha focalizzato l&#8217;attenzione sulle questioni della violenza ambientale e della giustizia riparativa ai danni ecologici.<\/p>\n<p>In seguito \u00e8 stato consegnato il Premio <em>Vivaio Eternot<\/em> ed \u00e8 stata presentata la serie di filmati documentali, intitolata <em>Negli occhi di chi resta<\/em>, che raccoglie le testimonianze dei protagonisti delle lotte sindacali per la giustizia, le bonifiche e la ricerca che per oltre 40 anni hanno impegnato i lavoratori dell&#8217;Eternit insieme ai cittadini di Casale Monferrato e dintorni. La rassegna, prodotta da <em>LaV\u00a0Comunicazione<\/em>\u00a0in collaborazione con\u00a0<em>La Stampa<\/em>, \u00e8 composta da 4 episodi diretti da<strong>\u00a0Enzo Governale<\/strong>\u00a0per la regia di\u00a0<strong>Lucio Laugelli <\/strong>e la cui sceneggiatura \u00e8 opera dei giornalisti <strong>Giulia Di Leo<\/strong> de <em>La Stampa<\/em>\u00a0e\u00a0<strong>Alessandro Venticinque<\/strong> de <em>La Voce Alessandrina<\/em>.<\/p>\n<p>Inoltre al Teatro Municipale di Casale Monferrato domenica <strong>10 maggio <\/strong>alle ore 18:30 andr\u00e0 in scena un <em>gal\u00e0 <\/em>di beneficianza, intitolato <strong><em>Note e passi di speranza<\/em><\/strong>, nella cui cornice verr\u00e0 proiettato un videomessaggio di <strong>Roberto Bolle<\/strong>. Lo spettacolo curato da Elisa Cipriani propone un programma i cui protagonisti principali sono musicisti, cantanti e ballerini professionisti, in particolare alcune <em>etoile<\/em> del corpo di ballo del <em>Teatro alla Scala<\/em> di Milano, del <em>Ballet am Rhein<\/em> di Dusseldorf e della Compagnia\u00a0<em>EgriBiancoDanza<\/em>\u00a0 di Torino, che si esibiscono insieme ad allievi delle scuole di ballo e di musica.<\/p>\n<div class=\"post-gallery\">\n\t\t\t<figure class=\"post-gallery-item\">\n\t\t\t\t<img decoding=\"async\" src=\"https:\/\/www.pressenza.com\/wp-content\/uploads\/2026\/04\/f9b74108-250b-42e7-b40d-d2fc7886068f-820x615.jpg\" loading=\"lazy\">\n\t\t\t\t<figcaption>\n\t\t\t\t\t\n\t\t\t\t<\/figcaption>\n\t\t\t<\/figure>\n\t\t\t<figure class=\"post-gallery-item\">\n\t\t\t\t<img decoding=\"async\" src=\"https:\/\/www.pressenza.com\/wp-content\/uploads\/2026\/04\/e8338c24-20dd-40fb-970b-21db26a99fcc-820x615.jpg\" loading=\"lazy\">\n\t\t\t\t<figcaption>\n\t\t\t\t\t\n\t\t\t\t<\/figcaption>\n\t\t\t<\/figure>\n\t\t\t<figure class=\"post-gallery-item\">\n\t\t\t\t<img decoding=\"async\" src=\"https:\/\/www.pressenza.com\/wp-content\/uploads\/2026\/04\/bd174959-a990-4367-849f-45ac590f1f4b-820x615.jpg\" loading=\"lazy\">\n\t\t\t\t<figcaption>\n\t\t\t\t\t\n\t\t\t\t<\/figcaption>\n\t\t\t<\/figure>\n\t\t\t<figure class=\"post-gallery-item\">\n\t\t\t\t<img decoding=\"async\" src=\"https:\/\/www.pressenza.com\/wp-content\/uploads\/2026\/04\/0c9de377-3a6a-4d47-879d-bffef32fa0c6-820x615.jpg\" loading=\"lazy\">\n\t\t\t\t<figcaption>\n\t\t\t\t\t\n\t\t\t\t<\/figcaption>\n\t\t\t<\/figure>\n\t\t\t<figure class=\"post-gallery-item\">\n\t\t\t\t<img decoding=\"async\" src=\"https:\/\/www.pressenza.com\/wp-content\/uploads\/2026\/04\/60060a0b-a087-4a2e-8d79-c241ef7b4e90-820x615.jpg\" loading=\"lazy\">\n\t\t\t\t<figcaption>\n\t\t\t\t\t\n\t\t\t\t<\/figcaption>\n\t\t\t<\/figure>\n\t\t\t<figure class=\"post-gallery-item\">\n\t\t\t\t<img decoding=\"async\" src=\"https:\/\/www.pressenza.com\/wp-content\/uploads\/2026\/04\/5a5e224f-e42d-4a98-b825-d113ea456bcf-820x615.jpg\" loading=\"lazy\">\n\t\t\t\t<figcaption>\n\t\t\t\t\t\n\t\t\t\t<\/figcaption>\n\t\t\t<\/figure><\/div>\n<p><img loading=\"lazy\" decoding=\"async\" class=\"size-full wp-image-2696559 aligncenter\" src=\"https:\/\/www.pressenza.com\/wp-content\/uploads\/2026\/04\/684287513_2676642599382033_2811370478295617989_n.jpg\" alt=\"\" width=\"507\" height=\"720\" srcset=\"https:\/\/www.pressenza.com\/wp-content\/uploads\/2026\/04\/684287513_2676642599382033_2811370478295617989_n.jpg 507w, https:\/\/www.pressenza.com\/wp-content\/uploads\/2026\/04\/684287513_2676642599382033_2811370478295617989_n-211x300.jpg 211w\" sizes=\"auto, (max-width: 507px) 100vw, 507px\" \/><\/p>\n","protected":false},"excerpt":{"rendered":"<p>Nella mattinata di oggi, 29 aprile, un migliaio di bambini e ragazzi hanno attraversato il centro della citt\u00e0 marciando in corteo e poi, radunati in assemblea, hanno letto e ascoltato decine di testimonianze di vittime dell&#8217;amianto e dei loro familiari.&hellip;<\/p>\n","protected":false},"author":2469,"featured_media":2696518,"comment_status":"closed","ping_status":"closed","sticky":false,"template":"","format":"standard","meta":{"footnotes":""},"categories":[11388,1259],"tags":[2553,146019,48991,105057,156131,135738,156130],"class_list":["post-2696517","post","type-post","status-publish","format-standard","has-post-thumbnail","hentry","category-contenuti-originali","category-salute-argomento","tag-amianto","tag-associazione-familiari-e-vittime-dellamianto","tag-eternit","tag-giustizia-riparativa","tag-green-criminology","tag-processo-eternit-bis","tag-violenza-ambientale"],"yoast_head":"<!-- This site is optimized with the Yoast SEO plugin v27.1.1 - https:\/\/yoast.com\/product\/yoast-seo-wordpress\/ -->\n<title>&quot;I volti dell&#039;amianto&quot;, con gli alunni e studenti delle scuole Casale Monferrato<\/title>\n<meta name=\"description\" content=\"Nella mattinata di oggi, 29 aprile, un migliaio di bambini e ragazzi hanno attraversato il centro della citt\u00e0 marciando in corteo e poi, radunati in\" \/>\n<meta name=\"robots\" content=\"index, follow, max-snippet:-1, max-image-preview:large, max-video-preview:-1\" \/>\n<link rel=\"canonical\" href=\"https:\/\/www.pressenza.com\/it\/2026\/04\/volti-del-amianto\/\" \/>\n<meta property=\"og:locale\" content=\"it_IT\" \/>\n<meta property=\"og:type\" content=\"article\" \/>\n<meta property=\"og:title\" content=\"&quot;I volti dell&#039;amianto&quot;, con gli alunni e studenti delle scuole Casale Monferrato\" \/>\n<meta property=\"og:description\" content=\"Nella mattinata di oggi, 29 aprile, un migliaio di bambini e ragazzi hanno attraversato il centro della citt\u00e0 marciando in corteo e poi, radunati in\" \/>\n<meta property=\"og:url\" content=\"https:\/\/www.pressenza.com\/it\/2026\/04\/volti-del-amianto\/\" \/>\n<meta property=\"og:site_name\" content=\"Pressenza\" \/>\n<meta property=\"article:publisher\" content=\"https:\/\/www.facebook.com\/PressenzaItalia\" \/>\n<meta property=\"article:published_time\" content=\"2026-04-29T18:19:05+00:00\" \/>\n<meta property=\"og:image\" content=\"https:\/\/www.pressenza.com\/wp-content\/uploads\/2026\/04\/fedf82ed-f9fb-4a63-b56f-40045079ff24-e1777478399183.jpg\" \/>\n\t<meta property=\"og:image:width\" content=\"1600\" \/>\n\t<meta property=\"og:image:height\" content=\"744\" \/>\n\t<meta property=\"og:image:type\" content=\"image\/jpeg\" \/>\n<meta name=\"author\" content=\"Maddalena Brunasti\" \/>\n<meta name=\"twitter:card\" content=\"summary_large_image\" \/>\n<meta name=\"twitter:creator\" content=\"@PressenzaIPA\" \/>\n<meta name=\"twitter:site\" content=\"@PressenzaIPA\" \/>\n<meta name=\"twitter:label1\" content=\"Scritto da\" \/>\n\t<meta name=\"twitter:data1\" content=\"Maddalena Brunasti\" \/>\n\t<meta name=\"twitter:label2\" content=\"Tempo di lettura stimato\" \/>\n\t<meta name=\"twitter:data2\" content=\"4 minuti\" \/>\n<script type=\"application\/ld+json\" class=\"yoast-schema-graph\">{\"@context\":\"https:\/\/schema.org\",\"@graph\":[{\"@type\":\"Article\",\"@id\":\"https:\/\/www.pressenza.com\/it\/2026\/04\/volti-del-amianto\/#article\",\"isPartOf\":{\"@id\":\"https:\/\/www.pressenza.com\/it\/2026\/04\/volti-del-amianto\/\"},\"author\":{\"name\":\"Maddalena Brunasti\",\"@id\":\"https:\/\/www.pressenza.com\/it\/#\/schema\/person\/c40445c8c2b0f5eb307a44c0d7acec93\"},\"headline\":\"&#8220;I volti dell&#8217;amianto&#8221;, con gli alunni e studenti delle scuole Casale Monferrato\",\"datePublished\":\"2026-04-29T18:19:05+00:00\",\"mainEntityOfPage\":{\"@id\":\"https:\/\/www.pressenza.com\/it\/2026\/04\/volti-del-amianto\/\"},\"wordCount\":661,\"publisher\":{\"@id\":\"https:\/\/www.pressenza.com\/it\/#organization\"},\"image\":{\"@id\":\"https:\/\/www.pressenza.com\/it\/2026\/04\/volti-del-amianto\/#primaryimage\"},\"thumbnailUrl\":\"https:\/\/www.pressenza.com\/wp-content\/uploads\/2026\/04\/fedf82ed-f9fb-4a63-b56f-40045079ff24-e1777478399183.jpg\",\"keywords\":[\"amianto\",\"Associazione Familiari e Vittime dell'Amianto\",\"Eternit\",\"giustizia riparativa\",\"green criminology\",\"Processo Eternit-bis\",\"violenza ambientale\"],\"articleSection\":[\"contenuti originali\",\"Salute\"],\"inLanguage\":\"it-IT\"},{\"@type\":\"WebPage\",\"@id\":\"https:\/\/www.pressenza.com\/it\/2026\/04\/volti-del-amianto\/\",\"url\":\"https:\/\/www.pressenza.com\/it\/2026\/04\/volti-del-amianto\/\",\"name\":\"\\\"I volti dell'amianto\\\", con gli alunni e studenti delle scuole Casale Monferrato\",\"isPartOf\":{\"@id\":\"https:\/\/www.pressenza.com\/it\/#website\"},\"primaryImageOfPage\":{\"@id\":\"https:\/\/www.pressenza.com\/it\/2026\/04\/volti-del-amianto\/#primaryimage\"},\"image\":{\"@id\":\"https:\/\/www.pressenza.com\/it\/2026\/04\/volti-del-amianto\/#primaryimage\"},\"thumbnailUrl\":\"https:\/\/www.pressenza.com\/wp-content\/uploads\/2026\/04\/fedf82ed-f9fb-4a63-b56f-40045079ff24-e1777478399183.jpg\",\"datePublished\":\"2026-04-29T18:19:05+00:00\",\"description\":\"Nella mattinata di oggi, 29 aprile, un migliaio di bambini e ragazzi hanno attraversato il centro della citt\u00e0 marciando in corteo e poi, radunati in\",\"breadcrumb\":{\"@id\":\"https:\/\/www.pressenza.com\/it\/2026\/04\/volti-del-amianto\/#breadcrumb\"},\"inLanguage\":\"it-IT\",\"potentialAction\":[{\"@type\":\"ReadAction\",\"target\":[\"https:\/\/www.pressenza.com\/it\/2026\/04\/volti-del-amianto\/\"]}]},{\"@type\":\"ImageObject\",\"inLanguage\":\"it-IT\",\"@id\":\"https:\/\/www.pressenza.com\/it\/2026\/04\/volti-del-amianto\/#primaryimage\",\"url\":\"https:\/\/www.pressenza.com\/wp-content\/uploads\/2026\/04\/fedf82ed-f9fb-4a63-b56f-40045079ff24-e1777478399183.jpg\",\"contentUrl\":\"https:\/\/www.pressenza.com\/wp-content\/uploads\/2026\/04\/fedf82ed-f9fb-4a63-b56f-40045079ff24-e1777478399183.jpg\",\"width\":1600,\"height\":744},{\"@type\":\"BreadcrumbList\",\"@id\":\"https:\/\/www.pressenza.com\/it\/2026\/04\/volti-del-amianto\/#breadcrumb\",\"itemListElement\":[{\"@type\":\"ListItem\",\"position\":1,\"name\":\"Accueil\",\"item\":\"https:\/\/www.pressenza.com\/it\/\"},{\"@type\":\"ListItem\",\"position\":2,\"name\":\"&#8220;I volti dell&#8217;amianto&#8221;, con gli alunni e studenti delle scuole Casale Monferrato\"}]},{\"@type\":\"WebSite\",\"@id\":\"https:\/\/www.pressenza.com\/it\/#website\",\"url\":\"https:\/\/www.pressenza.com\/it\/\",\"name\":\"Pressenza\",\"description\":\"Agenzia di Stampa Internazionale\",\"publisher\":{\"@id\":\"https:\/\/www.pressenza.com\/it\/#organization\"},\"potentialAction\":[{\"@type\":\"SearchAction\",\"target\":{\"@type\":\"EntryPoint\",\"urlTemplate\":\"https:\/\/www.pressenza.com\/it\/?s={search_term_string}\"},\"query-input\":{\"@type\":\"PropertyValueSpecification\",\"valueRequired\":true,\"valueName\":\"search_term_string\"}}],\"inLanguage\":\"it-IT\"},{\"@type\":\"Organization\",\"@id\":\"https:\/\/www.pressenza.com\/it\/#organization\",\"name\":\"Pressenza\",\"url\":\"https:\/\/www.pressenza.com\/it\/\",\"logo\":{\"@type\":\"ImageObject\",\"inLanguage\":\"it-IT\",\"@id\":\"https:\/\/www.pressenza.com\/it\/#\/schema\/logo\/image\/\",\"url\":\"https:\/\/www.pressenza.com\/wp-content\/uploads\/2022\/10\/pressenza_logo_200x200.jpg\",\"contentUrl\":\"https:\/\/www.pressenza.com\/wp-content\/uploads\/2022\/10\/pressenza_logo_200x200.jpg\",\"width\":200,\"height\":200,\"caption\":\"Pressenza\"},\"image\":{\"@id\":\"https:\/\/www.pressenza.com\/it\/#\/schema\/logo\/image\/\"},\"sameAs\":[\"https:\/\/www.facebook.com\/PressenzaItalia\",\"https:\/\/x.com\/PressenzaIPA\"]},{\"@type\":\"Person\",\"@id\":\"https:\/\/www.pressenza.com\/it\/#\/schema\/person\/c40445c8c2b0f5eb307a44c0d7acec93\",\"name\":\"Maddalena Brunasti\",\"description\":\"Di origini venete, \u00e8 nata nel 1963 a Milano, dove ha vissuto fino al 2007, fino al 2023 ha abitato in un borgo rurale del Monferrato e ora risiede a Casale Monferrato (AL) e talvolta a Garda (VR). Collaboratrice di Radio Popolare, redattrice della RUBRICA GIOVANI e per un anno corrispondente da Londra, ha realizzato reportage sullo sciopero dei minatori inglesi del 1984-1985. Laureata in Scienze Politiche con una tesi di ricerca sulle procedure per l\u2019acquisizione della cittadinanza negli USA, dal 1994 al 2002 insegnante della SCUOLA DRISS MOUSSAFIR e agente di sviluppo per interventi incentivanti l\u2019inserimento lavorativo degli immigrati, progetti svolti dall\u2019ARCI con finanziamenti erogati dal DG 5 della Commissione Europea, \u00e8 coautrice di MILANO, STADERA: IMMIGRAZIONE, LEGGI E NORME SOCIALI (FrancoAngeli, 1998). Nel 2009 ha ideato la mostra-evento PINOCCHIO &amp; I SUOI COMPAGNI D\u2019AVVENTURA, fino al 2019 ha coordinato la progettazione e curato le comunicazioni di numerose iniziative culturali, dal 2019 al 2023 ha pianificato e svolto il programma di eventi scientifico-culturali della \u201cfiera del verde e dell\u2019agricoltura\u201d MONFERRATO GREEN FARM e dall\u2019inizio del 2024 pratica la settimanale MEZZORA DI SILENZIO PER LA PACE E LA GIUSTIZIA SOCIALE.\",\"url\":\"https:\/\/www.pressenza.com\/it\/author\/m-brunasti\/\"}]}<\/script>\n<!-- \/ Yoast SEO plugin. -->","yoast_head_json":{"title":"\"I volti dell'amianto\", con gli alunni e studenti delle scuole Casale Monferrato","description":"Nella mattinata di oggi, 29 aprile, un migliaio di bambini e ragazzi hanno attraversato il centro della citt\u00e0 marciando in corteo e poi, radunati in","robots":{"index":"index","follow":"follow","max-snippet":"max-snippet:-1","max-image-preview":"max-image-preview:large","max-video-preview":"max-video-preview:-1"},"canonical":"https:\/\/www.pressenza.com\/it\/2026\/04\/volti-del-amianto\/","og_locale":"it_IT","og_type":"article","og_title":"\"I volti dell'amianto\", con gli alunni e studenti delle scuole Casale Monferrato","og_description":"Nella mattinata di oggi, 29 aprile, un migliaio di bambini e ragazzi hanno attraversato il centro della citt\u00e0 marciando in corteo e poi, radunati in","og_url":"https:\/\/www.pressenza.com\/it\/2026\/04\/volti-del-amianto\/","og_site_name":"Pressenza","article_publisher":"https:\/\/www.facebook.com\/PressenzaItalia","article_published_time":"2026-04-29T18:19:05+00:00","og_image":[{"width":1600,"height":744,"url":"https:\/\/www.pressenza.com\/wp-content\/uploads\/2026\/04\/fedf82ed-f9fb-4a63-b56f-40045079ff24-e1777478399183.jpg","type":"image\/jpeg"}],"author":"Maddalena Brunasti","twitter_card":"summary_large_image","twitter_creator":"@PressenzaIPA","twitter_site":"@PressenzaIPA","twitter_misc":{"Scritto da":"Maddalena Brunasti","Tempo di lettura stimato":"4 minuti"},"schema":{"@context":"https:\/\/schema.org","@graph":[{"@type":"Article","@id":"https:\/\/www.pressenza.com\/it\/2026\/04\/volti-del-amianto\/#article","isPartOf":{"@id":"https:\/\/www.pressenza.com\/it\/2026\/04\/volti-del-amianto\/"},"author":{"name":"Maddalena Brunasti","@id":"https:\/\/www.pressenza.com\/it\/#\/schema\/person\/c40445c8c2b0f5eb307a44c0d7acec93"},"headline":"&#8220;I volti dell&#8217;amianto&#8221;, con gli alunni e studenti delle scuole Casale Monferrato","datePublished":"2026-04-29T18:19:05+00:00","mainEntityOfPage":{"@id":"https:\/\/www.pressenza.com\/it\/2026\/04\/volti-del-amianto\/"},"wordCount":661,"publisher":{"@id":"https:\/\/www.pressenza.com\/it\/#organization"},"image":{"@id":"https:\/\/www.pressenza.com\/it\/2026\/04\/volti-del-amianto\/#primaryimage"},"thumbnailUrl":"https:\/\/www.pressenza.com\/wp-content\/uploads\/2026\/04\/fedf82ed-f9fb-4a63-b56f-40045079ff24-e1777478399183.jpg","keywords":["amianto","Associazione Familiari e Vittime dell'Amianto","Eternit","giustizia riparativa","green criminology","Processo Eternit-bis","violenza ambientale"],"articleSection":["contenuti originali","Salute"],"inLanguage":"it-IT"},{"@type":"WebPage","@id":"https:\/\/www.pressenza.com\/it\/2026\/04\/volti-del-amianto\/","url":"https:\/\/www.pressenza.com\/it\/2026\/04\/volti-del-amianto\/","name":"\"I volti dell'amianto\", con gli alunni e studenti delle scuole Casale Monferrato","isPartOf":{"@id":"https:\/\/www.pressenza.com\/it\/#website"},"primaryImageOfPage":{"@id":"https:\/\/www.pressenza.com\/it\/2026\/04\/volti-del-amianto\/#primaryimage"},"image":{"@id":"https:\/\/www.pressenza.com\/it\/2026\/04\/volti-del-amianto\/#primaryimage"},"thumbnailUrl":"https:\/\/www.pressenza.com\/wp-content\/uploads\/2026\/04\/fedf82ed-f9fb-4a63-b56f-40045079ff24-e1777478399183.jpg","datePublished":"2026-04-29T18:19:05+00:00","description":"Nella mattinata di oggi, 29 aprile, un migliaio di bambini e ragazzi hanno attraversato il centro della citt\u00e0 marciando in corteo e poi, radunati in","breadcrumb":{"@id":"https:\/\/www.pressenza.com\/it\/2026\/04\/volti-del-amianto\/#breadcrumb"},"inLanguage":"it-IT","potentialAction":[{"@type":"ReadAction","target":["https:\/\/www.pressenza.com\/it\/2026\/04\/volti-del-amianto\/"]}]},{"@type":"ImageObject","inLanguage":"it-IT","@id":"https:\/\/www.pressenza.com\/it\/2026\/04\/volti-del-amianto\/#primaryimage","url":"https:\/\/www.pressenza.com\/wp-content\/uploads\/2026\/04\/fedf82ed-f9fb-4a63-b56f-40045079ff24-e1777478399183.jpg","contentUrl":"https:\/\/www.pressenza.com\/wp-content\/uploads\/2026\/04\/fedf82ed-f9fb-4a63-b56f-40045079ff24-e1777478399183.jpg","width":1600,"height":744},{"@type":"BreadcrumbList","@id":"https:\/\/www.pressenza.com\/it\/2026\/04\/volti-del-amianto\/#breadcrumb","itemListElement":[{"@type":"ListItem","position":1,"name":"Accueil","item":"https:\/\/www.pressenza.com\/it\/"},{"@type":"ListItem","position":2,"name":"&#8220;I volti dell&#8217;amianto&#8221;, con gli alunni e studenti delle scuole Casale Monferrato"}]},{"@type":"WebSite","@id":"https:\/\/www.pressenza.com\/it\/#website","url":"https:\/\/www.pressenza.com\/it\/","name":"Pressenza","description":"Agenzia di Stampa Internazionale","publisher":{"@id":"https:\/\/www.pressenza.com\/it\/#organization"},"potentialAction":[{"@type":"SearchAction","target":{"@type":"EntryPoint","urlTemplate":"https:\/\/www.pressenza.com\/it\/?s={search_term_string}"},"query-input":{"@type":"PropertyValueSpecification","valueRequired":true,"valueName":"search_term_string"}}],"inLanguage":"it-IT"},{"@type":"Organization","@id":"https:\/\/www.pressenza.com\/it\/#organization","name":"Pressenza","url":"https:\/\/www.pressenza.com\/it\/","logo":{"@type":"ImageObject","inLanguage":"it-IT","@id":"https:\/\/www.pressenza.com\/it\/#\/schema\/logo\/image\/","url":"https:\/\/www.pressenza.com\/wp-content\/uploads\/2022\/10\/pressenza_logo_200x200.jpg","contentUrl":"https:\/\/www.pressenza.com\/wp-content\/uploads\/2022\/10\/pressenza_logo_200x200.jpg","width":200,"height":200,"caption":"Pressenza"},"image":{"@id":"https:\/\/www.pressenza.com\/it\/#\/schema\/logo\/image\/"},"sameAs":["https:\/\/www.facebook.com\/PressenzaItalia","https:\/\/x.com\/PressenzaIPA"]},{"@type":"Person","@id":"https:\/\/www.pressenza.com\/it\/#\/schema\/person\/c40445c8c2b0f5eb307a44c0d7acec93","name":"Maddalena Brunasti","description":"Di origini venete, \u00e8 nata nel 1963 a Milano, dove ha vissuto fino al 2007, fino al 2023 ha abitato in un borgo rurale del Monferrato e ora risiede a Casale Monferrato (AL) e talvolta a Garda (VR). Collaboratrice di Radio Popolare, redattrice della RUBRICA GIOVANI e per un anno corrispondente da Londra, ha realizzato reportage sullo sciopero dei minatori inglesi del 1984-1985. Laureata in Scienze Politiche con una tesi di ricerca sulle procedure per l\u2019acquisizione della cittadinanza negli USA, dal 1994 al 2002 insegnante della SCUOLA DRISS MOUSSAFIR e agente di sviluppo per interventi incentivanti l\u2019inserimento lavorativo degli immigrati, progetti svolti dall\u2019ARCI con finanziamenti erogati dal DG 5 della Commissione Europea, \u00e8 coautrice di MILANO, STADERA: IMMIGRAZIONE, LEGGI E NORME SOCIALI (FrancoAngeli, 1998). Nel 2009 ha ideato la mostra-evento PINOCCHIO &amp; I SUOI COMPAGNI D\u2019AVVENTURA, fino al 2019 ha coordinato la progettazione e curato le comunicazioni di numerose iniziative culturali, dal 2019 al 2023 ha pianificato e svolto il programma di eventi scientifico-culturali della \u201cfiera del verde e dell\u2019agricoltura\u201d MONFERRATO GREEN FARM e dall\u2019inizio del 2024 pratica la settimanale MEZZORA DI SILENZIO PER LA PACE E LA GIUSTIZIA SOCIALE.","url":"https:\/\/www.pressenza.com\/it\/author\/m-brunasti\/"}]}},"place":"","original_article_url":"","_links":{"self":[{"href":"https:\/\/www.pressenza.com\/it\/wp-json\/wp\/v2\/posts\/2696517","targetHints":{"allow":["GET"]}}],"collection":[{"href":"https:\/\/www.pressenza.com\/it\/wp-json\/wp\/v2\/posts"}],"about":[{"href":"https:\/\/www.pressenza.com\/it\/wp-json\/wp\/v2\/types\/post"}],"author":[{"embeddable":true,"href":"https:\/\/www.pressenza.com\/it\/wp-json\/wp\/v2\/users\/2469"}],"replies":[{"embeddable":true,"href":"https:\/\/www.pressenza.com\/it\/wp-json\/wp\/v2\/comments?post=2696517"}],"version-history":[{"count":2,"href":"https:\/\/www.pressenza.com\/it\/wp-json\/wp\/v2\/posts\/2696517\/revisions"}],"predecessor-version":[{"id":2696561,"href":"https:\/\/www.pressenza.com\/it\/wp-json\/wp\/v2\/posts\/2696517\/revisions\/2696561"}],"wp:featuredmedia":[{"embeddable":true,"href":"https:\/\/www.pressenza.com\/it\/wp-json\/wp\/v2\/media\/2696518"}],"wp:attachment":[{"href":"https:\/\/www.pressenza.com\/it\/wp-json\/wp\/v2\/media?parent=2696517"}],"wp:term":[{"taxonomy":"category","embeddable":true,"href":"https:\/\/www.pressenza.com\/it\/wp-json\/wp\/v2\/categories?post=2696517"},{"taxonomy":"post_tag","embeddable":true,"href":"https:\/\/www.pressenza.com\/it\/wp-json\/wp\/v2\/tags?post=2696517"}],"curies":[{"name":"wp","href":"https:\/\/api.w.org\/{rel}","templated":true}]}}