{"id":2696495,"date":"2026-04-29T16:07:40","date_gmt":"2026-04-29T15:07:40","guid":{"rendered":"https:\/\/www.pressenza.com\/?p=2696495"},"modified":"2026-04-29T16:07:40","modified_gmt":"2026-04-29T15:07:40","slug":"l%c9%99a-laboratorio-ebraico-antirazzista-e-mai-indifferenti-voci-ebraiche-per-la-pace-sul-25-aprile-a-milano","status":"publish","type":"post","link":"https:\/\/www.pressenza.com\/it\/2026\/04\/l%c9%99a-laboratorio-ebraico-antirazzista-e-mai-indifferenti-voci-ebraiche-per-la-pace-sul-25-aprile-a-milano\/","title":{"rendered":"L\u0259a &#8211; Laboratorio Ebraico Antirazzista e Mai Indifferenti &#8211; Voci Ebraiche per la pace sul 25 aprile a Milano"},"content":{"rendered":"<p><em>Riprendiamo la seguente dichiarazione dalla <a href=\"https:\/\/www.facebook.com\/p\/L%C6%8FA-Laboratorio-Ebraico-Antirazzista-100090555546547\/\">pagina Facebook<\/a> di L\u0259a &#8211; Laboratorio Ebraico Antirazzista.<\/em><\/p>\n<p>Sabato abbiamo raccontato della nostra esperienza di ebree ed ebrei \u201ccontro il fascismo in ogni tempo e luogo\u201d, che hanno attraversato il corteo del 25 aprile senza problemi, mentre a poche centinaia di metri si consumava per quasi due ore una forte tensione tra lo spezzone della Brigata Ebraica e altre componenti del corteo, che si \u00e8 conclusa con l\u2019allontanamento dei primi dalla manifestazione.<\/p>\n<p>L&#8217;obiettivo dell\u2019intervento non era raccogliere complimenti n\u00e9 tantomeno avallare l\u2019idea, come leggiamo amaramente nei commenti, che \u201cl&#8217;antisemitismo non esiste\u201d. Piuttosto, abbiamo voluto utilizzare la nostra voce per disinnescare un\u2019escalation del dibattito che rischia di non cogliere mai il punto.<\/p>\n<p>Le frasi antisemite rivolte verso alcuni dei partecipanti come quelle sulle &#8220;saponette mancate\u201d sono inaccettabili e disgustose. Al contempo, riteniamo estremamente problematiche le provocazioni che intendono minare la riuscita di una giornata dedicata a valori condivisi.<\/p>\n<p>Lo spezzone della Brigata Ebraica, o sue componenti, rompendo accordi con l\u2019ANPI, ha tentato di collocarsi pi\u00f9 avanti nel corteo insieme a gruppi iraniani monarchici, sventolando bandiere israeliane e altri simboli, tra cui bandiere statunitensi e cartelli con il volto di Trump inneggianti alla guerra in Iran.<\/p>\n<p><strong>Troviamo indifendibile e incompatibile con i valori dell\u2019antifascismo la scelta di portare in piazza bandiere israeliane, mentre Israele sta commettendo conclamati crimini contro l\u2019umanit\u00e0.<\/strong><\/p>\n<p><strong>La questione del rapporto con la Brigata Ebraica il 25 aprile \u00e8 da anni terreno di scontro<\/strong>. Intorno ad essa si \u00e8 coagulata una strumentalizzazione che con la storia ha poco a che fare, creando una commistione tra la Brigata Ebraica, inquadrata nell\u2019esercito britannico, e la forte presenza ebraica talvolta offuscata nelle fila della resistenza italiana, che sono due storie diverse e parallele. Almeno 1000 ebrei furono presenti nelle formazioni partigiane comuniste, socialiste, repubblicane, spesso da molto prima dell\u20198 Settembre e dell\u2019arrivo delle forze alleate.<\/p>\n<p>Come scriveva gi\u00e0 l&#8217;anno scorso David Calef del gruppo Mai Indifferenti &#8211; Voci Ebraiche per la Pace: &#8220;Le dispute non riguardano pi\u00f9 ci\u00f2 che \u00e8 successo 80 anni fa durante la battaglia del fiume Senio dove i 5.000 volontari della BE combatterono contro i paracadutisti tedeschi. Hanno a che fare con il \u201cconflitto\u201d tra Israele e palestinesi &#8211; spesso chi sfila con la bandiera della BE sventola anche la bandiera israeliana. Le distinzioni saltano e i litigi cominciano.\u201d<\/p>\n<p><strong>Quest\u2019anno la polemica ha preso forme particolarmente inquietanti<\/strong>. C\u2019\u00e8 chi, parlando della contestazione, ha evocato le leggi razziali del \u201838 o l\u2019istituzione dei ghetti, un\u2019affermazione che non \u00e8 solo priva di senso, ma profondamente offensiva nei riguardi di chi ha subito tali leggi e provvedimenti. Il Presidente della Comunit\u00e0 ebraica di Milano accusa l\u2019ANPI di istigazione all&#8217;odio razziale e di \u201cnon volere gli ebrei nel corteo\u201d. Questa non \u00e8 la realt\u00e0.<\/p>\n<p>La realt\u00e0 \u00e8 quella di una destra ebraica filo-israeliana che, anche in chiave propagandistica, provoca e cerca lo scontro. Questo atteggiamento mette in forte disagio molti ebrei ed ebree che, il 25 aprile, vorrebbero celebrare la liberazione dal fascismo nel ricordo dei propri familiari scomparsi, ed esitano a scendere in piazza, percependo alcuni movimenti sprovvisti di anticorpi verso l\u2019antisemitismo come ostili.<\/p>\n<p><strong>La realt\u00e0 \u00e8 che essere antifasciste e antifascisti oggi significa prendersi in carico quello che succede nel mondo<\/strong> &#8211; dalle guerre e massacri pi\u00f9 lontani fatti nel nome del dominio degli uni sugli altri, a ci\u00f2 che accade in Italia con lo scempio dei nuovi Decreti sicurezza &#8211; e unire le forze in nome di libert\u00e0 e giustizia sociale. Non saremo libere e liberi finch\u00e9 non lo saremo tutte e tutti.<\/p>\n<p><strong>L\u0259a &#8211; Laboratorio Ebraico Antirazzista<\/strong><br \/>\n<strong>Mai Indifferenti &#8211; Voci Ebraiche per la pace<\/strong><\/p>\n","protected":false},"excerpt":{"rendered":"<p>Riprendiamo la seguente dichiarazione dalla pagina Facebook di L\u0259a &#8211; Laboratorio Ebraico Antirazzista. Sabato abbiamo raccontato della nostra esperienza di ebree ed ebrei \u201ccontro il fascismo in ogni tempo e luogo\u201d, che hanno attraversato il corteo del 25 aprile senza&hellip;<\/p>\n","protected":false},"author":1722,"featured_media":2695719,"comment_status":"closed","ping_status":"closed","sticky":false,"template":"","format":"standard","meta":{"footnotes":""},"categories":[107392,47,52,1263,55],"tags":[156100,3467,5102,156101,95671,130642,156102,133432],"class_list":["post-2696495","post","type-post","status-publish","format-standard","has-post-thumbnail","hentry","category-noticia-it","category-europa","category-medio-oriente","category-pace-disarmo","category-politica","tag-25-aprile-a-milano","tag-antifascismo","tag-antisemitismo","tag-bandiera-di-israele","tag-brigata-ebraica","tag-la-laboratorio-ebraico-antirazzista","tag-mai-indifferenti-voci-ebraiche-per-la-pace","tag-provocazioni"],"yoast_head":"<!-- This site is optimized with the Yoast SEO plugin v27.1.1 - https:\/\/yoast.com\/product\/yoast-seo-wordpress\/ -->\n<title>L\u0259a - Laboratorio Ebraico Antirazzista e Mai Indifferenti - Voci Ebraiche per la pace sul 25 aprile a Milano<\/title>\n<meta name=\"description\" content=\"Riprendiamo la seguente dichiarazione dalla pagina Facebook di L\u0259a - Laboratorio Ebraico Antirazzista. Sabato abbiamo raccontato della nostra esperienza\" \/>\n<meta name=\"robots\" content=\"index, follow, max-snippet:-1, max-image-preview:large, max-video-preview:-1\" \/>\n<link rel=\"canonical\" href=\"https:\/\/www.pressenza.com\/it\/2026\/04\/l%c9%99a-laboratorio-ebraico-antirazzista-e-mai-indifferenti-voci-ebraiche-per-la-pace-sul-25-aprile-a-milano\/\" \/>\n<meta property=\"og:locale\" content=\"it_IT\" \/>\n<meta property=\"og:type\" content=\"article\" \/>\n<meta property=\"og:title\" content=\"L\u0259a - Laboratorio Ebraico Antirazzista e Mai Indifferenti - Voci Ebraiche per la pace sul 25 aprile a Milano\" \/>\n<meta property=\"og:description\" content=\"Riprendiamo la seguente dichiarazione dalla pagina Facebook di L\u0259a - Laboratorio Ebraico Antirazzista. Sabato abbiamo raccontato della nostra esperienza\" \/>\n<meta property=\"og:url\" content=\"https:\/\/www.pressenza.com\/it\/2026\/04\/l%c9%99a-laboratorio-ebraico-antirazzista-e-mai-indifferenti-voci-ebraiche-per-la-pace-sul-25-aprile-a-milano\/\" \/>\n<meta property=\"og:site_name\" content=\"Pressenza\" \/>\n<meta property=\"article:publisher\" content=\"https:\/\/www.facebook.com\/PressenzaItalia\" \/>\n<meta property=\"article:published_time\" content=\"2026-04-29T15:07:40+00:00\" \/>\n<meta property=\"og:image\" content=\"https:\/\/www.pressenza.com\/wp-content\/uploads\/2026\/04\/mai-indifferenti-25-aprile-2026.jpg\" \/>\n\t<meta property=\"og:image:width\" content=\"1600\" \/>\n\t<meta property=\"og:image:height\" content=\"1200\" \/>\n\t<meta property=\"og:image:type\" content=\"image\/jpeg\" \/>\n<meta name=\"author\" content=\"Redazione Milano\" \/>\n<meta name=\"twitter:card\" content=\"summary_large_image\" \/>\n<meta name=\"twitter:creator\" content=\"@PressenzaIPA\" \/>\n<meta name=\"twitter:site\" content=\"@PressenzaIPA\" \/>\n<meta name=\"twitter:label1\" content=\"Scritto da\" \/>\n\t<meta name=\"twitter:data1\" content=\"Redazione Milano\" \/>\n\t<meta name=\"twitter:label2\" content=\"Tempo di lettura stimato\" \/>\n\t<meta name=\"twitter:data2\" content=\"4 minuti\" \/>\n<script type=\"application\/ld+json\" class=\"yoast-schema-graph\">{\"@context\":\"https:\/\/schema.org\",\"@graph\":[{\"@type\":\"Article\",\"@id\":\"https:\/\/www.pressenza.com\/it\/2026\/04\/l%c9%99a-laboratorio-ebraico-antirazzista-e-mai-indifferenti-voci-ebraiche-per-la-pace-sul-25-aprile-a-milano\/#article\",\"isPartOf\":{\"@id\":\"https:\/\/www.pressenza.com\/it\/2026\/04\/l%c9%99a-laboratorio-ebraico-antirazzista-e-mai-indifferenti-voci-ebraiche-per-la-pace-sul-25-aprile-a-milano\/\"},\"author\":{\"name\":\"Redazione Milano\",\"@id\":\"https:\/\/www.pressenza.com\/it\/#\/schema\/person\/746fc8cdd6c8e3d918fb5714b3583e41\"},\"headline\":\"L\u0259a &#8211; Laboratorio Ebraico Antirazzista e Mai Indifferenti &#8211; Voci Ebraiche per la pace sul 25 aprile a Milano\",\"datePublished\":\"2026-04-29T15:07:40+00:00\",\"mainEntityOfPage\":{\"@id\":\"https:\/\/www.pressenza.com\/it\/2026\/04\/l%c9%99a-laboratorio-ebraico-antirazzista-e-mai-indifferenti-voci-ebraiche-per-la-pace-sul-25-aprile-a-milano\/\"},\"wordCount\":626,\"publisher\":{\"@id\":\"https:\/\/www.pressenza.com\/it\/#organization\"},\"image\":{\"@id\":\"https:\/\/www.pressenza.com\/it\/2026\/04\/l%c9%99a-laboratorio-ebraico-antirazzista-e-mai-indifferenti-voci-ebraiche-per-la-pace-sul-25-aprile-a-milano\/#primaryimage\"},\"thumbnailUrl\":\"https:\/\/www.pressenza.com\/wp-content\/uploads\/2026\/04\/mai-indifferenti-25-aprile-2026.jpg\",\"keywords\":[\"25 aprile a Milano\",\"antifascismo\",\"antisemitismo\",\"bandiera di Israele\",\"brigata ebraica\",\"L\u018fA - Laboratorio Ebraico Antirazzista\",\"Mai Indifferenti - Voci Ebraiche per la pace\",\"Provocazioni\"],\"articleSection\":[\"Cronaca\",\"Europa\",\"Medio Oriente\",\"Pace e Disarmo\",\"Politica\"],\"inLanguage\":\"it-IT\"},{\"@type\":\"WebPage\",\"@id\":\"https:\/\/www.pressenza.com\/it\/2026\/04\/l%c9%99a-laboratorio-ebraico-antirazzista-e-mai-indifferenti-voci-ebraiche-per-la-pace-sul-25-aprile-a-milano\/\",\"url\":\"https:\/\/www.pressenza.com\/it\/2026\/04\/l%c9%99a-laboratorio-ebraico-antirazzista-e-mai-indifferenti-voci-ebraiche-per-la-pace-sul-25-aprile-a-milano\/\",\"name\":\"L\u0259a - Laboratorio Ebraico Antirazzista e Mai Indifferenti - Voci Ebraiche per la pace sul 25 aprile a Milano\",\"isPartOf\":{\"@id\":\"https:\/\/www.pressenza.com\/it\/#website\"},\"primaryImageOfPage\":{\"@id\":\"https:\/\/www.pressenza.com\/it\/2026\/04\/l%c9%99a-laboratorio-ebraico-antirazzista-e-mai-indifferenti-voci-ebraiche-per-la-pace-sul-25-aprile-a-milano\/#primaryimage\"},\"image\":{\"@id\":\"https:\/\/www.pressenza.com\/it\/2026\/04\/l%c9%99a-laboratorio-ebraico-antirazzista-e-mai-indifferenti-voci-ebraiche-per-la-pace-sul-25-aprile-a-milano\/#primaryimage\"},\"thumbnailUrl\":\"https:\/\/www.pressenza.com\/wp-content\/uploads\/2026\/04\/mai-indifferenti-25-aprile-2026.jpg\",\"datePublished\":\"2026-04-29T15:07:40+00:00\",\"description\":\"Riprendiamo la seguente dichiarazione dalla pagina Facebook di L\u0259a - Laboratorio Ebraico Antirazzista. Sabato abbiamo raccontato della nostra esperienza\",\"breadcrumb\":{\"@id\":\"https:\/\/www.pressenza.com\/it\/2026\/04\/l%c9%99a-laboratorio-ebraico-antirazzista-e-mai-indifferenti-voci-ebraiche-per-la-pace-sul-25-aprile-a-milano\/#breadcrumb\"},\"inLanguage\":\"it-IT\",\"potentialAction\":[{\"@type\":\"ReadAction\",\"target\":[\"https:\/\/www.pressenza.com\/it\/2026\/04\/l%c9%99a-laboratorio-ebraico-antirazzista-e-mai-indifferenti-voci-ebraiche-per-la-pace-sul-25-aprile-a-milano\/\"]}]},{\"@type\":\"ImageObject\",\"inLanguage\":\"it-IT\",\"@id\":\"https:\/\/www.pressenza.com\/it\/2026\/04\/l%c9%99a-laboratorio-ebraico-antirazzista-e-mai-indifferenti-voci-ebraiche-per-la-pace-sul-25-aprile-a-milano\/#primaryimage\",\"url\":\"https:\/\/www.pressenza.com\/wp-content\/uploads\/2026\/04\/mai-indifferenti-25-aprile-2026.jpg\",\"contentUrl\":\"https:\/\/www.pressenza.com\/wp-content\/uploads\/2026\/04\/mai-indifferenti-25-aprile-2026.jpg\",\"width\":1600,\"height\":1200},{\"@type\":\"BreadcrumbList\",\"@id\":\"https:\/\/www.pressenza.com\/it\/2026\/04\/l%c9%99a-laboratorio-ebraico-antirazzista-e-mai-indifferenti-voci-ebraiche-per-la-pace-sul-25-aprile-a-milano\/#breadcrumb\",\"itemListElement\":[{\"@type\":\"ListItem\",\"position\":1,\"name\":\"Accueil\",\"item\":\"https:\/\/www.pressenza.com\/it\/\"},{\"@type\":\"ListItem\",\"position\":2,\"name\":\"L\u0259a &#8211; Laboratorio Ebraico Antirazzista e Mai Indifferenti &#8211; Voci Ebraiche per la pace sul 25 aprile a Milano\"}]},{\"@type\":\"WebSite\",\"@id\":\"https:\/\/www.pressenza.com\/it\/#website\",\"url\":\"https:\/\/www.pressenza.com\/it\/\",\"name\":\"Pressenza\",\"description\":\"Agenzia di Stampa Internazionale\",\"publisher\":{\"@id\":\"https:\/\/www.pressenza.com\/it\/#organization\"},\"potentialAction\":[{\"@type\":\"SearchAction\",\"target\":{\"@type\":\"EntryPoint\",\"urlTemplate\":\"https:\/\/www.pressenza.com\/it\/?s={search_term_string}\"},\"query-input\":{\"@type\":\"PropertyValueSpecification\",\"valueRequired\":true,\"valueName\":\"search_term_string\"}}],\"inLanguage\":\"it-IT\"},{\"@type\":\"Organization\",\"@id\":\"https:\/\/www.pressenza.com\/it\/#organization\",\"name\":\"Pressenza\",\"url\":\"https:\/\/www.pressenza.com\/it\/\",\"logo\":{\"@type\":\"ImageObject\",\"inLanguage\":\"it-IT\",\"@id\":\"https:\/\/www.pressenza.com\/it\/#\/schema\/logo\/image\/\",\"url\":\"https:\/\/www.pressenza.com\/wp-content\/uploads\/2022\/10\/pressenza_logo_200x200.jpg\",\"contentUrl\":\"https:\/\/www.pressenza.com\/wp-content\/uploads\/2022\/10\/pressenza_logo_200x200.jpg\",\"width\":200,\"height\":200,\"caption\":\"Pressenza\"},\"image\":{\"@id\":\"https:\/\/www.pressenza.com\/it\/#\/schema\/logo\/image\/\"},\"sameAs\":[\"https:\/\/www.facebook.com\/PressenzaItalia\",\"https:\/\/x.com\/PressenzaIPA\"]},{\"@type\":\"Person\",\"@id\":\"https:\/\/www.pressenza.com\/it\/#\/schema\/person\/746fc8cdd6c8e3d918fb5714b3583e41\",\"name\":\"Redazione Milano\",\"description\":\"News from the Pressenza Bureau in Milan, Italy\",\"url\":\"https:\/\/www.pressenza.com\/it\/author\/redazione-milano\/\"}]}<\/script>\n<!-- \/ Yoast SEO plugin. -->","yoast_head_json":{"title":"L\u0259a - Laboratorio Ebraico Antirazzista e Mai Indifferenti - Voci Ebraiche per la pace sul 25 aprile a Milano","description":"Riprendiamo la seguente dichiarazione dalla pagina Facebook di L\u0259a - Laboratorio Ebraico Antirazzista. Sabato abbiamo raccontato della nostra esperienza","robots":{"index":"index","follow":"follow","max-snippet":"max-snippet:-1","max-image-preview":"max-image-preview:large","max-video-preview":"max-video-preview:-1"},"canonical":"https:\/\/www.pressenza.com\/it\/2026\/04\/l%c9%99a-laboratorio-ebraico-antirazzista-e-mai-indifferenti-voci-ebraiche-per-la-pace-sul-25-aprile-a-milano\/","og_locale":"it_IT","og_type":"article","og_title":"L\u0259a - Laboratorio Ebraico Antirazzista e Mai Indifferenti - Voci Ebraiche per la pace sul 25 aprile a Milano","og_description":"Riprendiamo la seguente dichiarazione dalla pagina Facebook di L\u0259a - Laboratorio Ebraico Antirazzista. Sabato abbiamo raccontato della nostra esperienza","og_url":"https:\/\/www.pressenza.com\/it\/2026\/04\/l%c9%99a-laboratorio-ebraico-antirazzista-e-mai-indifferenti-voci-ebraiche-per-la-pace-sul-25-aprile-a-milano\/","og_site_name":"Pressenza","article_publisher":"https:\/\/www.facebook.com\/PressenzaItalia","article_published_time":"2026-04-29T15:07:40+00:00","og_image":[{"width":1600,"height":1200,"url":"https:\/\/www.pressenza.com\/wp-content\/uploads\/2026\/04\/mai-indifferenti-25-aprile-2026.jpg","type":"image\/jpeg"}],"author":"Redazione Milano","twitter_card":"summary_large_image","twitter_creator":"@PressenzaIPA","twitter_site":"@PressenzaIPA","twitter_misc":{"Scritto da":"Redazione Milano","Tempo di lettura stimato":"4 minuti"},"schema":{"@context":"https:\/\/schema.org","@graph":[{"@type":"Article","@id":"https:\/\/www.pressenza.com\/it\/2026\/04\/l%c9%99a-laboratorio-ebraico-antirazzista-e-mai-indifferenti-voci-ebraiche-per-la-pace-sul-25-aprile-a-milano\/#article","isPartOf":{"@id":"https:\/\/www.pressenza.com\/it\/2026\/04\/l%c9%99a-laboratorio-ebraico-antirazzista-e-mai-indifferenti-voci-ebraiche-per-la-pace-sul-25-aprile-a-milano\/"},"author":{"name":"Redazione Milano","@id":"https:\/\/www.pressenza.com\/it\/#\/schema\/person\/746fc8cdd6c8e3d918fb5714b3583e41"},"headline":"L\u0259a &#8211; Laboratorio Ebraico Antirazzista e Mai Indifferenti &#8211; Voci Ebraiche per la pace sul 25 aprile a Milano","datePublished":"2026-04-29T15:07:40+00:00","mainEntityOfPage":{"@id":"https:\/\/www.pressenza.com\/it\/2026\/04\/l%c9%99a-laboratorio-ebraico-antirazzista-e-mai-indifferenti-voci-ebraiche-per-la-pace-sul-25-aprile-a-milano\/"},"wordCount":626,"publisher":{"@id":"https:\/\/www.pressenza.com\/it\/#organization"},"image":{"@id":"https:\/\/www.pressenza.com\/it\/2026\/04\/l%c9%99a-laboratorio-ebraico-antirazzista-e-mai-indifferenti-voci-ebraiche-per-la-pace-sul-25-aprile-a-milano\/#primaryimage"},"thumbnailUrl":"https:\/\/www.pressenza.com\/wp-content\/uploads\/2026\/04\/mai-indifferenti-25-aprile-2026.jpg","keywords":["25 aprile a Milano","antifascismo","antisemitismo","bandiera di Israele","brigata ebraica","L\u018fA - Laboratorio Ebraico Antirazzista","Mai Indifferenti - Voci Ebraiche per la pace","Provocazioni"],"articleSection":["Cronaca","Europa","Medio Oriente","Pace e Disarmo","Politica"],"inLanguage":"it-IT"},{"@type":"WebPage","@id":"https:\/\/www.pressenza.com\/it\/2026\/04\/l%c9%99a-laboratorio-ebraico-antirazzista-e-mai-indifferenti-voci-ebraiche-per-la-pace-sul-25-aprile-a-milano\/","url":"https:\/\/www.pressenza.com\/it\/2026\/04\/l%c9%99a-laboratorio-ebraico-antirazzista-e-mai-indifferenti-voci-ebraiche-per-la-pace-sul-25-aprile-a-milano\/","name":"L\u0259a - Laboratorio Ebraico Antirazzista e Mai Indifferenti - Voci Ebraiche per la pace sul 25 aprile a Milano","isPartOf":{"@id":"https:\/\/www.pressenza.com\/it\/#website"},"primaryImageOfPage":{"@id":"https:\/\/www.pressenza.com\/it\/2026\/04\/l%c9%99a-laboratorio-ebraico-antirazzista-e-mai-indifferenti-voci-ebraiche-per-la-pace-sul-25-aprile-a-milano\/#primaryimage"},"image":{"@id":"https:\/\/www.pressenza.com\/it\/2026\/04\/l%c9%99a-laboratorio-ebraico-antirazzista-e-mai-indifferenti-voci-ebraiche-per-la-pace-sul-25-aprile-a-milano\/#primaryimage"},"thumbnailUrl":"https:\/\/www.pressenza.com\/wp-content\/uploads\/2026\/04\/mai-indifferenti-25-aprile-2026.jpg","datePublished":"2026-04-29T15:07:40+00:00","description":"Riprendiamo la seguente dichiarazione dalla pagina Facebook di L\u0259a - Laboratorio Ebraico Antirazzista. Sabato abbiamo raccontato della nostra esperienza","breadcrumb":{"@id":"https:\/\/www.pressenza.com\/it\/2026\/04\/l%c9%99a-laboratorio-ebraico-antirazzista-e-mai-indifferenti-voci-ebraiche-per-la-pace-sul-25-aprile-a-milano\/#breadcrumb"},"inLanguage":"it-IT","potentialAction":[{"@type":"ReadAction","target":["https:\/\/www.pressenza.com\/it\/2026\/04\/l%c9%99a-laboratorio-ebraico-antirazzista-e-mai-indifferenti-voci-ebraiche-per-la-pace-sul-25-aprile-a-milano\/"]}]},{"@type":"ImageObject","inLanguage":"it-IT","@id":"https:\/\/www.pressenza.com\/it\/2026\/04\/l%c9%99a-laboratorio-ebraico-antirazzista-e-mai-indifferenti-voci-ebraiche-per-la-pace-sul-25-aprile-a-milano\/#primaryimage","url":"https:\/\/www.pressenza.com\/wp-content\/uploads\/2026\/04\/mai-indifferenti-25-aprile-2026.jpg","contentUrl":"https:\/\/www.pressenza.com\/wp-content\/uploads\/2026\/04\/mai-indifferenti-25-aprile-2026.jpg","width":1600,"height":1200},{"@type":"BreadcrumbList","@id":"https:\/\/www.pressenza.com\/it\/2026\/04\/l%c9%99a-laboratorio-ebraico-antirazzista-e-mai-indifferenti-voci-ebraiche-per-la-pace-sul-25-aprile-a-milano\/#breadcrumb","itemListElement":[{"@type":"ListItem","position":1,"name":"Accueil","item":"https:\/\/www.pressenza.com\/it\/"},{"@type":"ListItem","position":2,"name":"L\u0259a &#8211; Laboratorio Ebraico Antirazzista e Mai Indifferenti &#8211; Voci Ebraiche per la pace sul 25 aprile a Milano"}]},{"@type":"WebSite","@id":"https:\/\/www.pressenza.com\/it\/#website","url":"https:\/\/www.pressenza.com\/it\/","name":"Pressenza","description":"Agenzia di Stampa Internazionale","publisher":{"@id":"https:\/\/www.pressenza.com\/it\/#organization"},"potentialAction":[{"@type":"SearchAction","target":{"@type":"EntryPoint","urlTemplate":"https:\/\/www.pressenza.com\/it\/?s={search_term_string}"},"query-input":{"@type":"PropertyValueSpecification","valueRequired":true,"valueName":"search_term_string"}}],"inLanguage":"it-IT"},{"@type":"Organization","@id":"https:\/\/www.pressenza.com\/it\/#organization","name":"Pressenza","url":"https:\/\/www.pressenza.com\/it\/","logo":{"@type":"ImageObject","inLanguage":"it-IT","@id":"https:\/\/www.pressenza.com\/it\/#\/schema\/logo\/image\/","url":"https:\/\/www.pressenza.com\/wp-content\/uploads\/2022\/10\/pressenza_logo_200x200.jpg","contentUrl":"https:\/\/www.pressenza.com\/wp-content\/uploads\/2022\/10\/pressenza_logo_200x200.jpg","width":200,"height":200,"caption":"Pressenza"},"image":{"@id":"https:\/\/www.pressenza.com\/it\/#\/schema\/logo\/image\/"},"sameAs":["https:\/\/www.facebook.com\/PressenzaItalia","https:\/\/x.com\/PressenzaIPA"]},{"@type":"Person","@id":"https:\/\/www.pressenza.com\/it\/#\/schema\/person\/746fc8cdd6c8e3d918fb5714b3583e41","name":"Redazione Milano","description":"News from the Pressenza Bureau in Milan, Italy","url":"https:\/\/www.pressenza.com\/it\/author\/redazione-milano\/"}]}},"place":"","original_article_url":"","_links":{"self":[{"href":"https:\/\/www.pressenza.com\/it\/wp-json\/wp\/v2\/posts\/2696495","targetHints":{"allow":["GET"]}}],"collection":[{"href":"https:\/\/www.pressenza.com\/it\/wp-json\/wp\/v2\/posts"}],"about":[{"href":"https:\/\/www.pressenza.com\/it\/wp-json\/wp\/v2\/types\/post"}],"author":[{"embeddable":true,"href":"https:\/\/www.pressenza.com\/it\/wp-json\/wp\/v2\/users\/1722"}],"replies":[{"embeddable":true,"href":"https:\/\/www.pressenza.com\/it\/wp-json\/wp\/v2\/comments?post=2696495"}],"version-history":[{"count":1,"href":"https:\/\/www.pressenza.com\/it\/wp-json\/wp\/v2\/posts\/2696495\/revisions"}],"predecessor-version":[{"id":2696499,"href":"https:\/\/www.pressenza.com\/it\/wp-json\/wp\/v2\/posts\/2696495\/revisions\/2696499"}],"wp:featuredmedia":[{"embeddable":true,"href":"https:\/\/www.pressenza.com\/it\/wp-json\/wp\/v2\/media\/2695719"}],"wp:attachment":[{"href":"https:\/\/www.pressenza.com\/it\/wp-json\/wp\/v2\/media?parent=2696495"}],"wp:term":[{"taxonomy":"category","embeddable":true,"href":"https:\/\/www.pressenza.com\/it\/wp-json\/wp\/v2\/categories?post=2696495"},{"taxonomy":"post_tag","embeddable":true,"href":"https:\/\/www.pressenza.com\/it\/wp-json\/wp\/v2\/tags?post=2696495"}],"curies":[{"name":"wp","href":"https:\/\/api.w.org\/{rel}","templated":true}]}}