{"id":2696484,"date":"2026-04-29T15:13:31","date_gmt":"2026-04-29T14:13:31","guid":{"rendered":"https:\/\/www.pressenza.com\/?p=2696484"},"modified":"2026-04-29T15:13:31","modified_gmt":"2026-04-29T14:13:31","slug":"terza-edizione-del-peoples-peace-summit-domani-a-tel-aviv-in-diecimila-a-parlare-di-pace","status":"publish","type":"post","link":"https:\/\/www.pressenza.com\/it\/2026\/04\/terza-edizione-del-peoples-peace-summit-domani-a-tel-aviv-in-diecimila-a-parlare-di-pace\/","title":{"rendered":"Terza edizione del People\u2019s Peace Summit: domani a Tel Aviv in diecimila a parlare di pace"},"content":{"rendered":"<p>Incredibile ma vero, sta per succedere. Nonostante la guerra che infuria su tutti i possibili fronti, anche quest\u2019anno una coalizione di ben 80 diverse organizzazioni, sigle, associazioni congiuntamente al lavoro tra israeliani e palestinesi, o semplici iniziative di cittadinanza attiva orientate alla pace, si daranno convegno domani, 30 aprile, per la terza edizione del <strong><em>People\u2019s Peace Summit,<\/em><\/strong> ancora una volta promossa dalla coalizione <strong><em>It\u2019s Time<\/em>.<\/strong><\/p>\n<p>Dopo le due precedenti, alla <strong><em>Menora Arena<\/em><\/strong> di Tel Aviv (luglio 2024) e l\u2019anno scorso al <strong><em>Centro Congressi<\/em><\/strong> di Gerusalemme (8 e 9 maggio), l\u2019edizione di quest\u2019anno avr\u00e0 luogo in una sede ancor pi\u00f9 impegnativa delle precedenti: l\u2019enorme <strong><em>Expo Centre<\/em><\/strong>, nella parte nord della citt\u00e0, che normalmente ospita grandi eventi musicali o fiere commerciali in grado di garantire il <em>tutto esaurito.<\/em> <strong>E il <em>tutto esaurito<\/em> succeder\u00e0 anche domani nel segno della pace<\/strong>! Tutti gli eventi del programma pomeridiano sono <em>sold out<\/em> da giorni; quanto alla plenaria, saranno in 10mila ad assistere dagli spalti e chiss\u00e0 quanti da remoto tra Israele, Cisgiordania, Medio Oriente, Europa, mondo. Chi l\u2019avrebbe scommesso solo un mese fa!?<\/p>\n<p>Era infatti la fine di febbraio quando, dall\u2019Ufficio Stampa della Coalizione <strong><em>It\u2019s Time<\/em><\/strong> <a href=\"https:\/\/www.pressenza.com\/it\/2026\/03\/aggiornamento-importante-sul-peace-summit\/\">arrivava un comunicato<\/a> in cui si annunciava la volont\u00e0 di tener fede all\u2019appuntamento, nonostante le difficolt\u00e0 causate dalla guerra. \u201cDopo una serie infinita di ripensamenti e riunioni su zoom, tra una sirena e l\u2019altra per la corsa ai rifugi, abbiamo deciso di impegnarci al massimo perch\u00e9 tutto possa svolgersi secondo programma. Perch\u00e9 mai come in questo momento \u00e8 importante ribadire la richiesta di una realt\u00e0 diversa. Una politica diversa. Un futuro diverso. Accordi politici in grado di garantire una stabilit\u00e0 regionale. Per affermare una volta di pi\u00f9 la speranza, anche e soprattutto quando sembra cos\u00ec difficile. <strong><em>Deve succedere. Pu\u00f2 succedere. Sar\u00e0. Pace<\/em>.\u201d <\/strong><\/p>\n<p>Le parole, lo slogan, la promessa appaiono a caratteri cubitali sui manifesti e locandine gi\u00e0 da giorni affissi a Tel Aviv e ancor pi\u00f9 virali sui social. E dunque: i nostri applausi pi\u00f9 sinceri a tutta la squadra di <strong><em>It\u2019s Time<\/em><\/strong>, in primis alla formidabile Mika Almog nel ruolo di <em>producer<\/em>, per essere riusciti a garantire quanto promesso e in tali condizioni d\u2019incertezza!<\/p>\n<p>Ecco uno sguardo al programma delle varie sessioni che nel pomeriggio di domani a partire dalle 14:30 si succederanno a ritmo serrato nelle varie sale collaterali all\u2019evento principale, giusto per capire quali saranno i principali spunti in tema di pace, in alternativa all\u2019attuale guerra permanente:<\/p>\n<ul>\n<li>come definire un nuovo ordine regionale, tra Gaza e Teheran;<\/li>\n<li>come riemergere dagli abissi della distruzione di Gaza e della ferita collettiva sul fronte degli ostaggi mai tornati a casa;<\/li>\n<li>come riportare in primo piano la diplomazia;<\/li>\n<li>come andare oltre il trauma, in una prospettiva di guarigione per entrambi i fronti;<\/li>\n<li>come immaginare concretamente un futuro di coesistenza in una terra in guerra da decenni;<\/li>\n<li>come riattivare la speranza in quella abissale disperanza che ormai \u00e8 Gaza;<\/li>\n<li>come contrastare la violenza e i quotidiani abusi in Cisgiordania;<\/li>\n<li>come finalmente e una volta per tutte guardare all\u2019elefante nella stanza, quello stato di occupazione che da decenni \u00e8 <strong><em>la causa<\/em><\/strong> della guerra permanente, ulteriormente aggravata dalla violenza dei coloni&#8230;<\/li>\n<\/ul>\n<p>Invitati a parlare ci saranno i pi\u00f9 bei nomi del giornalismo fuori-dal-coro israeliano: per esempio Arad Nir, redattore di Channel 12 News, molto criticato per aver definito la situazione di Gaza un \u201ccampo di concentramento\u201d, o la mitica Anat Saragusti, famosissima in Israele per aver fatto parte in giovent\u00f9 della delegazione che and\u00f2 a intervistare Arafat rifugiato in Libano come terrorista. Oltre a docenti, accademici e ricercatori di alto profilo, ex ufficiali militari o responsabili della sicurezza in netto dissenso con le politiche di Netanyahu e naturalmente i vari portavoce delle organizzazioni aderenti alla <strong><em>It\u2019s time Coalition, <\/em><\/strong>dalla storica <strong><em>Peace Now<\/em><\/strong>, alla pi\u00f9 recente <strong><em>Zazim<\/em><\/strong> e tante altre.<\/p>\n<p>Tutti quanti convergeranno poi, quando saranno le nostre 18, negli spazi <strong><em>dell\u2019Expo Center<\/em><\/strong> per la plenaria che la produttrice Mika Almog si limita a descrivere come \u201cuna cavalcata senza fiato fra tutte le possibili rappresentanze israeliane e palestinesi attualmente al lavoro in modalit\u00e0 congiunta, solidale, massimamente partecipe e coraggiosa su quell\u2019obiettivo, su quel bene supremo, che \u00e8 <strong><em>il fare pace: <\/em><\/strong>nel concreto proprio del fare insieme, del creare giorno dopo giorno un futuro ben diverso, oltrech\u00e9 che di porre fine alla guerra.\u201d Inevitabilmente tutte le testimonianze e i contributi da Gaza e Cisgiordania saranno preregistrate e fruibili solo sul grande schermo, dato il divieto di raggiungere Tel Aviv, \u201cma saranno parecchie e tutte molto importanti\u201d promettono gli organizzatori. E ne parleremo anche noi, a evento concluso.<\/p>\n<p>Non mancheranno le proposte collaterali, per esempio una marcia della pace silenziosa, che dal parco di Yaron si snoder\u00e0 in varie aree della citt\u00e0 parallelamente ai dibattiti pomeridiani.<\/p>\n<p>E non mancheranno i momenti creativi: cinema, letture, installazioni artistiche&#8230; ma di questo parleremo nel prossimo articolo domani\u2026<\/p>\n<p>Per assistere all\u2019evento <strong><em>It\u2019s time<\/em><\/strong> dalle 18 fino alle 20 di domani 30 aprile:<\/p>\n<p>YouTube:\u00a0<a href=\"https:\/\/youtube.com\/live\/Z6nOTkXzQHI?feature=share\">https:\/\/youtube.com\/live\/Z6nOTkXzQHI?feature=share<\/a><br \/>\nFacebook:\u00a0<a href=\"https:\/\/www.facebook.com\/events\/1299320968820425\/\">https:\/\/www.facebook.com\/events\/1299320968820425\/<\/a><\/p>\n<p>Per l\u2019elenco di tutte le organizzazioni che aderiscono alla coalizione <strong><em>It\u2019s Time<\/em><\/strong>:\u00a0<a href=\"https:\/\/bit.ly\/42zfQrB\">https:\/\/bit.ly\/42zfQrB<\/a><\/p>\n<p>&nbsp;<\/p>\n<p>&nbsp;<\/p>\n<p>&nbsp;<\/p>\n","protected":false},"excerpt":{"rendered":"<p>Incredibile ma vero, sta per succedere. Nonostante la guerra che infuria su tutti i possibili fronti, anche quest\u2019anno una coalizione di ben 80 diverse organizzazioni, sigle, associazioni congiuntamente al lavoro tra israeliani e palestinesi, o semplici iniziative di cittadinanza attiva&hellip;<\/p>\n","protected":false},"author":2072,"featured_media":2696485,"comment_status":"closed","ping_status":"closed","sticky":false,"template":"","format":"standard","meta":{"footnotes":""},"categories":[11388,52,1263,55],"tags":[98287,8238,156097,4339,1005,129542,156096],"class_list":["post-2696484","post","type-post","status-publish","format-standard","has-post-thumbnail","hentry","category-contenuti-originali","category-medio-oriente","category-pace-disarmo","category-politica","tag-buone-nuove","tag-cisgiordania","tag-coalizione-its-time","tag-eventi","tag-gaza","tag-israele-2","tag-terza-edizione-del-peoples-peace-summit"],"yoast_head":"<!-- This site is optimized with the Yoast SEO plugin v27.1.1 - https:\/\/yoast.com\/product\/yoast-seo-wordpress\/ -->\n<title>Terza edizione del People\u2019s Peace Summit: domani a Tel Aviv in diecimila a parlare di pace<\/title>\n<meta name=\"description\" content=\"Incredibile ma vero, sta per succedere. Nonostante la guerra che infuria su tutti i possibili fronti, anche quest\u2019anno una coalizione di ben 80 diverse\" \/>\n<meta name=\"robots\" content=\"index, follow, max-snippet:-1, max-image-preview:large, max-video-preview:-1\" \/>\n<link rel=\"canonical\" href=\"https:\/\/www.pressenza.com\/it\/2026\/04\/terza-edizione-del-peoples-peace-summit-domani-a-tel-aviv-in-diecimila-a-parlare-di-pace\/\" \/>\n<meta property=\"og:locale\" content=\"it_IT\" \/>\n<meta property=\"og:type\" content=\"article\" \/>\n<meta property=\"og:title\" content=\"Terza edizione del People\u2019s Peace Summit: domani a Tel Aviv in diecimila a parlare di pace\" \/>\n<meta property=\"og:description\" content=\"Incredibile ma vero, sta per succedere. Nonostante la guerra che infuria su tutti i possibili fronti, anche quest\u2019anno una coalizione di ben 80 diverse\" \/>\n<meta property=\"og:url\" content=\"https:\/\/www.pressenza.com\/it\/2026\/04\/terza-edizione-del-peoples-peace-summit-domani-a-tel-aviv-in-diecimila-a-parlare-di-pace\/\" \/>\n<meta property=\"og:site_name\" content=\"Pressenza\" \/>\n<meta property=\"article:publisher\" content=\"https:\/\/www.facebook.com\/PressenzaItalia\" \/>\n<meta property=\"article:published_time\" content=\"2026-04-29T14:13:31+00:00\" \/>\n<meta property=\"og:image\" content=\"https:\/\/www.pressenza.com\/wp-content\/uploads\/2026\/04\/evento-Tel-Aviv-luglio-2024.jpg\" \/>\n\t<meta property=\"og:image:width\" content=\"820\" \/>\n\t<meta property=\"og:image:height\" content=\"615\" \/>\n\t<meta property=\"og:image:type\" content=\"image\/jpeg\" \/>\n<meta name=\"author\" content=\"Daniela Bezzi\" \/>\n<meta name=\"twitter:card\" content=\"summary_large_image\" \/>\n<meta name=\"twitter:creator\" content=\"@PressenzaIPA\" \/>\n<meta name=\"twitter:site\" content=\"@PressenzaIPA\" \/>\n<meta name=\"twitter:label1\" content=\"Scritto da\" \/>\n\t<meta name=\"twitter:data1\" content=\"Daniela Bezzi\" \/>\n\t<meta name=\"twitter:label2\" content=\"Tempo di lettura stimato\" \/>\n\t<meta name=\"twitter:data2\" content=\"5 minuti\" \/>\n<script type=\"application\/ld+json\" class=\"yoast-schema-graph\">{\"@context\":\"https:\/\/schema.org\",\"@graph\":[{\"@type\":\"Article\",\"@id\":\"https:\/\/www.pressenza.com\/it\/2026\/04\/terza-edizione-del-peoples-peace-summit-domani-a-tel-aviv-in-diecimila-a-parlare-di-pace\/#article\",\"isPartOf\":{\"@id\":\"https:\/\/www.pressenza.com\/it\/2026\/04\/terza-edizione-del-peoples-peace-summit-domani-a-tel-aviv-in-diecimila-a-parlare-di-pace\/\"},\"author\":{\"name\":\"Daniela Bezzi\",\"@id\":\"https:\/\/www.pressenza.com\/it\/#\/schema\/person\/e824ea519c79c3808f4910f1c2b90688\"},\"headline\":\"Terza edizione del People\u2019s Peace Summit: domani a Tel Aviv in diecimila a parlare di pace\",\"datePublished\":\"2026-04-29T14:13:31+00:00\",\"mainEntityOfPage\":{\"@id\":\"https:\/\/www.pressenza.com\/it\/2026\/04\/terza-edizione-del-peoples-peace-summit-domani-a-tel-aviv-in-diecimila-a-parlare-di-pace\/\"},\"wordCount\":871,\"publisher\":{\"@id\":\"https:\/\/www.pressenza.com\/it\/#organization\"},\"image\":{\"@id\":\"https:\/\/www.pressenza.com\/it\/2026\/04\/terza-edizione-del-peoples-peace-summit-domani-a-tel-aviv-in-diecimila-a-parlare-di-pace\/#primaryimage\"},\"thumbnailUrl\":\"https:\/\/www.pressenza.com\/wp-content\/uploads\/2026\/04\/evento-Tel-Aviv-luglio-2024.jpg\",\"keywords\":[\"buone nuove\",\"Cisgiordania\",\"coalizione It\u2019s Time\",\"eventi\",\"Gaza\",\"Israele\",\"terza edizione del People\u2019s Peace Summit\"],\"articleSection\":[\"contenuti originali\",\"Medio Oriente\",\"Pace e Disarmo\",\"Politica\"],\"inLanguage\":\"it-IT\"},{\"@type\":\"WebPage\",\"@id\":\"https:\/\/www.pressenza.com\/it\/2026\/04\/terza-edizione-del-peoples-peace-summit-domani-a-tel-aviv-in-diecimila-a-parlare-di-pace\/\",\"url\":\"https:\/\/www.pressenza.com\/it\/2026\/04\/terza-edizione-del-peoples-peace-summit-domani-a-tel-aviv-in-diecimila-a-parlare-di-pace\/\",\"name\":\"Terza edizione del People\u2019s Peace Summit: domani a Tel Aviv in diecimila a parlare di pace\",\"isPartOf\":{\"@id\":\"https:\/\/www.pressenza.com\/it\/#website\"},\"primaryImageOfPage\":{\"@id\":\"https:\/\/www.pressenza.com\/it\/2026\/04\/terza-edizione-del-peoples-peace-summit-domani-a-tel-aviv-in-diecimila-a-parlare-di-pace\/#primaryimage\"},\"image\":{\"@id\":\"https:\/\/www.pressenza.com\/it\/2026\/04\/terza-edizione-del-peoples-peace-summit-domani-a-tel-aviv-in-diecimila-a-parlare-di-pace\/#primaryimage\"},\"thumbnailUrl\":\"https:\/\/www.pressenza.com\/wp-content\/uploads\/2026\/04\/evento-Tel-Aviv-luglio-2024.jpg\",\"datePublished\":\"2026-04-29T14:13:31+00:00\",\"description\":\"Incredibile ma vero, sta per succedere. Nonostante la guerra che infuria su tutti i possibili fronti, anche quest\u2019anno una coalizione di ben 80 diverse\",\"breadcrumb\":{\"@id\":\"https:\/\/www.pressenza.com\/it\/2026\/04\/terza-edizione-del-peoples-peace-summit-domani-a-tel-aviv-in-diecimila-a-parlare-di-pace\/#breadcrumb\"},\"inLanguage\":\"it-IT\",\"potentialAction\":[{\"@type\":\"ReadAction\",\"target\":[\"https:\/\/www.pressenza.com\/it\/2026\/04\/terza-edizione-del-peoples-peace-summit-domani-a-tel-aviv-in-diecimila-a-parlare-di-pace\/\"]}]},{\"@type\":\"ImageObject\",\"inLanguage\":\"it-IT\",\"@id\":\"https:\/\/www.pressenza.com\/it\/2026\/04\/terza-edizione-del-peoples-peace-summit-domani-a-tel-aviv-in-diecimila-a-parlare-di-pace\/#primaryimage\",\"url\":\"https:\/\/www.pressenza.com\/wp-content\/uploads\/2026\/04\/evento-Tel-Aviv-luglio-2024.jpg\",\"contentUrl\":\"https:\/\/www.pressenza.com\/wp-content\/uploads\/2026\/04\/evento-Tel-Aviv-luglio-2024.jpg\",\"width\":820,\"height\":615},{\"@type\":\"BreadcrumbList\",\"@id\":\"https:\/\/www.pressenza.com\/it\/2026\/04\/terza-edizione-del-peoples-peace-summit-domani-a-tel-aviv-in-diecimila-a-parlare-di-pace\/#breadcrumb\",\"itemListElement\":[{\"@type\":\"ListItem\",\"position\":1,\"name\":\"Accueil\",\"item\":\"https:\/\/www.pressenza.com\/it\/\"},{\"@type\":\"ListItem\",\"position\":2,\"name\":\"Terza edizione del People\u2019s Peace Summit: domani a Tel Aviv in diecimila a parlare di pace\"}]},{\"@type\":\"WebSite\",\"@id\":\"https:\/\/www.pressenza.com\/it\/#website\",\"url\":\"https:\/\/www.pressenza.com\/it\/\",\"name\":\"Pressenza\",\"description\":\"Agenzia di Stampa Internazionale\",\"publisher\":{\"@id\":\"https:\/\/www.pressenza.com\/it\/#organization\"},\"potentialAction\":[{\"@type\":\"SearchAction\",\"target\":{\"@type\":\"EntryPoint\",\"urlTemplate\":\"https:\/\/www.pressenza.com\/it\/?s={search_term_string}\"},\"query-input\":{\"@type\":\"PropertyValueSpecification\",\"valueRequired\":true,\"valueName\":\"search_term_string\"}}],\"inLanguage\":\"it-IT\"},{\"@type\":\"Organization\",\"@id\":\"https:\/\/www.pressenza.com\/it\/#organization\",\"name\":\"Pressenza\",\"url\":\"https:\/\/www.pressenza.com\/it\/\",\"logo\":{\"@type\":\"ImageObject\",\"inLanguage\":\"it-IT\",\"@id\":\"https:\/\/www.pressenza.com\/it\/#\/schema\/logo\/image\/\",\"url\":\"https:\/\/www.pressenza.com\/wp-content\/uploads\/2022\/10\/pressenza_logo_200x200.jpg\",\"contentUrl\":\"https:\/\/www.pressenza.com\/wp-content\/uploads\/2022\/10\/pressenza_logo_200x200.jpg\",\"width\":200,\"height\":200,\"caption\":\"Pressenza\"},\"image\":{\"@id\":\"https:\/\/www.pressenza.com\/it\/#\/schema\/logo\/image\/\"},\"sameAs\":[\"https:\/\/www.facebook.com\/PressenzaItalia\",\"https:\/\/x.com\/PressenzaIPA\"]},{\"@type\":\"Person\",\"@id\":\"https:\/\/www.pressenza.com\/it\/#\/schema\/person\/e824ea519c79c3808f4910f1c2b90688\",\"name\":\"Daniela Bezzi\",\"description\":\"A journalist, cultural worker and independent researcher, she lived and worked for extended periods in Japan, the UK and India before settling back in Italy, where she contributes to various publications on environmental, human rights and labour issues.\",\"url\":\"https:\/\/www.pressenza.com\/it\/author\/daniela-bezzi\/\"}]}<\/script>\n<!-- \/ Yoast SEO plugin. -->","yoast_head_json":{"title":"Terza edizione del People\u2019s Peace Summit: domani a Tel Aviv in diecimila a parlare di pace","description":"Incredibile ma vero, sta per succedere. Nonostante la guerra che infuria su tutti i possibili fronti, anche quest\u2019anno una coalizione di ben 80 diverse","robots":{"index":"index","follow":"follow","max-snippet":"max-snippet:-1","max-image-preview":"max-image-preview:large","max-video-preview":"max-video-preview:-1"},"canonical":"https:\/\/www.pressenza.com\/it\/2026\/04\/terza-edizione-del-peoples-peace-summit-domani-a-tel-aviv-in-diecimila-a-parlare-di-pace\/","og_locale":"it_IT","og_type":"article","og_title":"Terza edizione del People\u2019s Peace Summit: domani a Tel Aviv in diecimila a parlare di pace","og_description":"Incredibile ma vero, sta per succedere. Nonostante la guerra che infuria su tutti i possibili fronti, anche quest\u2019anno una coalizione di ben 80 diverse","og_url":"https:\/\/www.pressenza.com\/it\/2026\/04\/terza-edizione-del-peoples-peace-summit-domani-a-tel-aviv-in-diecimila-a-parlare-di-pace\/","og_site_name":"Pressenza","article_publisher":"https:\/\/www.facebook.com\/PressenzaItalia","article_published_time":"2026-04-29T14:13:31+00:00","og_image":[{"width":820,"height":615,"url":"https:\/\/www.pressenza.com\/wp-content\/uploads\/2026\/04\/evento-Tel-Aviv-luglio-2024.jpg","type":"image\/jpeg"}],"author":"Daniela Bezzi","twitter_card":"summary_large_image","twitter_creator":"@PressenzaIPA","twitter_site":"@PressenzaIPA","twitter_misc":{"Scritto da":"Daniela Bezzi","Tempo di lettura stimato":"5 minuti"},"schema":{"@context":"https:\/\/schema.org","@graph":[{"@type":"Article","@id":"https:\/\/www.pressenza.com\/it\/2026\/04\/terza-edizione-del-peoples-peace-summit-domani-a-tel-aviv-in-diecimila-a-parlare-di-pace\/#article","isPartOf":{"@id":"https:\/\/www.pressenza.com\/it\/2026\/04\/terza-edizione-del-peoples-peace-summit-domani-a-tel-aviv-in-diecimila-a-parlare-di-pace\/"},"author":{"name":"Daniela Bezzi","@id":"https:\/\/www.pressenza.com\/it\/#\/schema\/person\/e824ea519c79c3808f4910f1c2b90688"},"headline":"Terza edizione del People\u2019s Peace Summit: domani a Tel Aviv in diecimila a parlare di pace","datePublished":"2026-04-29T14:13:31+00:00","mainEntityOfPage":{"@id":"https:\/\/www.pressenza.com\/it\/2026\/04\/terza-edizione-del-peoples-peace-summit-domani-a-tel-aviv-in-diecimila-a-parlare-di-pace\/"},"wordCount":871,"publisher":{"@id":"https:\/\/www.pressenza.com\/it\/#organization"},"image":{"@id":"https:\/\/www.pressenza.com\/it\/2026\/04\/terza-edizione-del-peoples-peace-summit-domani-a-tel-aviv-in-diecimila-a-parlare-di-pace\/#primaryimage"},"thumbnailUrl":"https:\/\/www.pressenza.com\/wp-content\/uploads\/2026\/04\/evento-Tel-Aviv-luglio-2024.jpg","keywords":["buone nuove","Cisgiordania","coalizione It\u2019s Time","eventi","Gaza","Israele","terza edizione del People\u2019s Peace Summit"],"articleSection":["contenuti originali","Medio Oriente","Pace e Disarmo","Politica"],"inLanguage":"it-IT"},{"@type":"WebPage","@id":"https:\/\/www.pressenza.com\/it\/2026\/04\/terza-edizione-del-peoples-peace-summit-domani-a-tel-aviv-in-diecimila-a-parlare-di-pace\/","url":"https:\/\/www.pressenza.com\/it\/2026\/04\/terza-edizione-del-peoples-peace-summit-domani-a-tel-aviv-in-diecimila-a-parlare-di-pace\/","name":"Terza edizione del People\u2019s Peace Summit: domani a Tel Aviv in diecimila a parlare di pace","isPartOf":{"@id":"https:\/\/www.pressenza.com\/it\/#website"},"primaryImageOfPage":{"@id":"https:\/\/www.pressenza.com\/it\/2026\/04\/terza-edizione-del-peoples-peace-summit-domani-a-tel-aviv-in-diecimila-a-parlare-di-pace\/#primaryimage"},"image":{"@id":"https:\/\/www.pressenza.com\/it\/2026\/04\/terza-edizione-del-peoples-peace-summit-domani-a-tel-aviv-in-diecimila-a-parlare-di-pace\/#primaryimage"},"thumbnailUrl":"https:\/\/www.pressenza.com\/wp-content\/uploads\/2026\/04\/evento-Tel-Aviv-luglio-2024.jpg","datePublished":"2026-04-29T14:13:31+00:00","description":"Incredibile ma vero, sta per succedere. Nonostante la guerra che infuria su tutti i possibili fronti, anche quest\u2019anno una coalizione di ben 80 diverse","breadcrumb":{"@id":"https:\/\/www.pressenza.com\/it\/2026\/04\/terza-edizione-del-peoples-peace-summit-domani-a-tel-aviv-in-diecimila-a-parlare-di-pace\/#breadcrumb"},"inLanguage":"it-IT","potentialAction":[{"@type":"ReadAction","target":["https:\/\/www.pressenza.com\/it\/2026\/04\/terza-edizione-del-peoples-peace-summit-domani-a-tel-aviv-in-diecimila-a-parlare-di-pace\/"]}]},{"@type":"ImageObject","inLanguage":"it-IT","@id":"https:\/\/www.pressenza.com\/it\/2026\/04\/terza-edizione-del-peoples-peace-summit-domani-a-tel-aviv-in-diecimila-a-parlare-di-pace\/#primaryimage","url":"https:\/\/www.pressenza.com\/wp-content\/uploads\/2026\/04\/evento-Tel-Aviv-luglio-2024.jpg","contentUrl":"https:\/\/www.pressenza.com\/wp-content\/uploads\/2026\/04\/evento-Tel-Aviv-luglio-2024.jpg","width":820,"height":615},{"@type":"BreadcrumbList","@id":"https:\/\/www.pressenza.com\/it\/2026\/04\/terza-edizione-del-peoples-peace-summit-domani-a-tel-aviv-in-diecimila-a-parlare-di-pace\/#breadcrumb","itemListElement":[{"@type":"ListItem","position":1,"name":"Accueil","item":"https:\/\/www.pressenza.com\/it\/"},{"@type":"ListItem","position":2,"name":"Terza edizione del People\u2019s Peace Summit: domani a Tel Aviv in diecimila a parlare di pace"}]},{"@type":"WebSite","@id":"https:\/\/www.pressenza.com\/it\/#website","url":"https:\/\/www.pressenza.com\/it\/","name":"Pressenza","description":"Agenzia di Stampa Internazionale","publisher":{"@id":"https:\/\/www.pressenza.com\/it\/#organization"},"potentialAction":[{"@type":"SearchAction","target":{"@type":"EntryPoint","urlTemplate":"https:\/\/www.pressenza.com\/it\/?s={search_term_string}"},"query-input":{"@type":"PropertyValueSpecification","valueRequired":true,"valueName":"search_term_string"}}],"inLanguage":"it-IT"},{"@type":"Organization","@id":"https:\/\/www.pressenza.com\/it\/#organization","name":"Pressenza","url":"https:\/\/www.pressenza.com\/it\/","logo":{"@type":"ImageObject","inLanguage":"it-IT","@id":"https:\/\/www.pressenza.com\/it\/#\/schema\/logo\/image\/","url":"https:\/\/www.pressenza.com\/wp-content\/uploads\/2022\/10\/pressenza_logo_200x200.jpg","contentUrl":"https:\/\/www.pressenza.com\/wp-content\/uploads\/2022\/10\/pressenza_logo_200x200.jpg","width":200,"height":200,"caption":"Pressenza"},"image":{"@id":"https:\/\/www.pressenza.com\/it\/#\/schema\/logo\/image\/"},"sameAs":["https:\/\/www.facebook.com\/PressenzaItalia","https:\/\/x.com\/PressenzaIPA"]},{"@type":"Person","@id":"https:\/\/www.pressenza.com\/it\/#\/schema\/person\/e824ea519c79c3808f4910f1c2b90688","name":"Daniela Bezzi","description":"A journalist, cultural worker and independent researcher, she lived and worked for extended periods in Japan, the UK and India before settling back in Italy, where she contributes to various publications on environmental, human rights and labour issues.","url":"https:\/\/www.pressenza.com\/it\/author\/daniela-bezzi\/"}]}},"place":"Tel Aviv, Israele","original_article_url":"","_links":{"self":[{"href":"https:\/\/www.pressenza.com\/it\/wp-json\/wp\/v2\/posts\/2696484","targetHints":{"allow":["GET"]}}],"collection":[{"href":"https:\/\/www.pressenza.com\/it\/wp-json\/wp\/v2\/posts"}],"about":[{"href":"https:\/\/www.pressenza.com\/it\/wp-json\/wp\/v2\/types\/post"}],"author":[{"embeddable":true,"href":"https:\/\/www.pressenza.com\/it\/wp-json\/wp\/v2\/users\/2072"}],"replies":[{"embeddable":true,"href":"https:\/\/www.pressenza.com\/it\/wp-json\/wp\/v2\/comments?post=2696484"}],"version-history":[{"count":1,"href":"https:\/\/www.pressenza.com\/it\/wp-json\/wp\/v2\/posts\/2696484\/revisions"}],"predecessor-version":[{"id":2696486,"href":"https:\/\/www.pressenza.com\/it\/wp-json\/wp\/v2\/posts\/2696484\/revisions\/2696486"}],"wp:featuredmedia":[{"embeddable":true,"href":"https:\/\/www.pressenza.com\/it\/wp-json\/wp\/v2\/media\/2696485"}],"wp:attachment":[{"href":"https:\/\/www.pressenza.com\/it\/wp-json\/wp\/v2\/media?parent=2696484"}],"wp:term":[{"taxonomy":"category","embeddable":true,"href":"https:\/\/www.pressenza.com\/it\/wp-json\/wp\/v2\/categories?post=2696484"},{"taxonomy":"post_tag","embeddable":true,"href":"https:\/\/www.pressenza.com\/it\/wp-json\/wp\/v2\/tags?post=2696484"}],"curies":[{"name":"wp","href":"https:\/\/api.w.org\/{rel}","templated":true}]}}