{"id":2696473,"date":"2026-04-29T22:03:08","date_gmt":"2026-04-29T21:03:08","guid":{"rendered":"https:\/\/www.pressenza.com\/?p=2696473"},"modified":"2026-04-29T22:04:46","modified_gmt":"2026-04-29T21:04:46","slug":"a-cagliari-sei-mesi-di-presidio-permanente-per-la-palestina","status":"publish","type":"post","link":"https:\/\/www.pressenza.com\/it\/2026\/04\/a-cagliari-sei-mesi-di-presidio-permanente-per-la-palestina\/","title":{"rendered":"A Cagliari, sei mesi di Presidio permanente per la Palestina"},"content":{"rendered":"<p>Dal 31 ottobre del 2025 al 28 aprile del 2026 (ieri \u00e8 stato il ), sei mesi di presidio per la Palestina a Cagliari. Sotto il sole cocente o la pioggia a dirotto, il presidio \u00e8 stato presente in piazza Yenne tutte le sere nei giorni feriali, la domenica e i giorni festivi. Una continuit\u00e0, forse non immaginabile, grazie alla costanza di diverse persone che hanno dedicato il loro tempo a riempire uno spazio cittadino con le bandiere della Palestina, per denunciare il genocidio di Gaza e la tregua di pace fasulla, durante la quale continuano le uccisioni da parte dell&#8217;IDF, la carestia e la mancanza di cure a causa dell&#8217;imbarco a cui \u00e8 sottoposta la Striscia.<\/p>\n<p>Ma il presidio ha dato voce anche ad altri popoli sottoposti all&#8217;offensiva di Israele e degli Usa: Libano, Siria, Iran, il popolo kurdo del Rojava; e da parte degli States anche del Venezuela e di Cuba.<\/p>\n<p>Nella giornata di ieri, 28 aprile (180\u00b0 giorno di presidio),\u00a0 in coincidenza con la ricorrenza di <em>Sa Die de sa Sardigna<\/em>, giorno di festa per il popolo sardo, in piazza Yenne e in altre piazze cittadine si sono svolte delle manifestazioni. Il presidio \u00e8 iniziato come di consueto alle ore 19:00 e proseguito fino alle 20:00, allietato dal suono dell&#8217;organetto e di altri strumenti della musica popolare con i quali dei bravi musicisti hanno eseguito diverse tipologie di balli sardi.<\/p>\n<p><img loading=\"lazy\" decoding=\"async\" class=\"alignnone size-large wp-image-2696584\" src=\"https:\/\/www.pressenza.com\/wp-content\/uploads\/2026\/04\/Solidarieta-a-doc-Hussam--820x537.jpg\" alt=\"\" width=\"820\" height=\"537\" srcset=\"https:\/\/www.pressenza.com\/wp-content\/uploads\/2026\/04\/Solidarieta-a-doc-Hussam--820x537.jpg 820w, https:\/\/www.pressenza.com\/wp-content\/uploads\/2026\/04\/Solidarieta-a-doc-Hussam--300x196.jpg 300w, https:\/\/www.pressenza.com\/wp-content\/uploads\/2026\/04\/Solidarieta-a-doc-Hussam-.jpg 1920w\" sizes=\"auto, (max-width: 820px) 100vw, 820px\" \/><\/p>\n<p>La partecipazione di molte persone (una quarantina) \u00e8 stata motivata in particolare dalla solidariet\u00e0 che si \u00e8 voluta esprimere nei confronti di <strong>Hussam Abu Safiya<\/strong>, medico palestinese, pediatra e direttore dell&#8217;ospedale <strong>Kamala Adwan<\/strong> di Gaza, incarcerato senza accuse; molti i cartelli con la richiesta della sua liberazione. Un gruppo di donne e di uomini in abbigliamento nero per sottolineare l&#8217;ingiustizia che subiscono i detenuti e le detenute nelle carceri israeliane.<\/p>\n<p><img loading=\"lazy\" decoding=\"async\" class=\"alignnone size-large wp-image-2696574\" src=\"https:\/\/www.pressenza.com\/wp-content\/uploads\/2026\/04\/WhatsApp-Image-2026-04-29-at-21.27.06-820x615.jpeg\" alt=\"\" width=\"820\" height=\"615\" srcset=\"https:\/\/www.pressenza.com\/wp-content\/uploads\/2026\/04\/WhatsApp-Image-2026-04-29-at-21.27.06-820x615.jpeg 820w, https:\/\/www.pressenza.com\/wp-content\/uploads\/2026\/04\/WhatsApp-Image-2026-04-29-at-21.27.06-300x225.jpeg 300w, https:\/\/www.pressenza.com\/wp-content\/uploads\/2026\/04\/WhatsApp-Image-2026-04-29-at-21.27.06.jpeg 2048w\" sizes=\"auto, (max-width: 820px) 100vw, 820px\" \/><\/p>\n<p>In questi sei mesi, il presidio per la Palestina ha dato voce non solo ai palestinesi di Gaza e della Cisgiordania e ad altri popoli opressi\u00a0 nel mondo, ma anche al popolo della pace, che vuole il disarmo, la dismissione delle basi militari della Sardegna e la riconversione della fabbrica di morte RWM presente nel territorio dei comuni di Domusnovas, Iglesias e Musei. Il Presidio cagliaritano per la Palestina ripudia la guerra (art. 11 della Costituzione Italiana), come sta scritto nello striscione cucito a mano, che in occasione della grande manifestazione NO KINGS ha sfilato per le vie di Roma e il 25 aprile per le strade di Cagliari.<\/p>\n<p>&nbsp;<\/p>\n<p>&nbsp;<\/p>\n","protected":false},"excerpt":{"rendered":"<p>Dal 31 ottobre del 2025 al 28 aprile del 2026 (ieri \u00e8 stato il ), sei mesi di presidio per la Palestina a Cagliari. Sotto il sole cocente o la pioggia a dirotto, il presidio \u00e8 stato presente in piazza&hellip;<\/p>\n","protected":false},"author":2359,"featured_media":2696573,"comment_status":"closed","ping_status":"closed","sticky":false,"template":"","format":"standard","meta":{"footnotes":""},"categories":[11388,60,1263,57],"tags":[156133,137143,91265,156132,150863],"class_list":["post-2696473","post","type-post","status-publish","format-standard","has-post-thumbnail","hentry","category-contenuti-originali","category-diritti-umani","category-pace-disarmo","category-affari-esteri","tag-associazione-amicizia-italia-cuba-cagliari","tag-associazione-amicizia-sardegna-palestina","tag-palestina-libera","tag-presidio-piazza-dellindignazione","tag-rete-kurdistan-sardegna"],"yoast_head":"<!-- This site is optimized with the Yoast SEO plugin v27.1.1 - https:\/\/yoast.com\/product\/yoast-seo-wordpress\/ -->\n<title>A Cagliari, sei mesi di Presidio permanente per la Palestina<\/title>\n<meta name=\"description\" content=\"Dal 31 ottobre del 2025 al 28 aprile del 2026 (ieri \u00e8 stato il ), sei mesi di presidio per la Palestina a Cagliari. Sotto il sole cocente o la pioggia a\" \/>\n<meta name=\"robots\" content=\"index, follow, max-snippet:-1, max-image-preview:large, max-video-preview:-1\" \/>\n<link rel=\"canonical\" href=\"https:\/\/www.pressenza.com\/it\/2026\/04\/a-cagliari-sei-mesi-di-presidio-permanente-per-la-palestina\/\" \/>\n<meta property=\"og:locale\" content=\"it_IT\" \/>\n<meta property=\"og:type\" content=\"article\" \/>\n<meta property=\"og:title\" content=\"A Cagliari, sei mesi di Presidio permanente per la Palestina\" \/>\n<meta property=\"og:description\" content=\"Dal 31 ottobre del 2025 al 28 aprile del 2026 (ieri \u00e8 stato il ), sei mesi di presidio per la Palestina a Cagliari. Sotto il sole cocente o la pioggia a\" \/>\n<meta property=\"og:url\" content=\"https:\/\/www.pressenza.com\/it\/2026\/04\/a-cagliari-sei-mesi-di-presidio-permanente-per-la-palestina\/\" \/>\n<meta property=\"og:site_name\" content=\"Pressenza\" \/>\n<meta property=\"article:publisher\" content=\"https:\/\/www.facebook.com\/PressenzaItalia\" \/>\n<meta property=\"article:published_time\" content=\"2026-04-29T21:03:08+00:00\" \/>\n<meta property=\"article:modified_time\" content=\"2026-04-29T21:04:46+00:00\" \/>\n<meta property=\"og:image\" content=\"https:\/\/www.pressenza.com\/wp-content\/uploads\/2026\/04\/WhatsApp-Image-2026-04-28-at-19.45.42-1.jpeg\" \/>\n\t<meta property=\"og:image:width\" content=\"2048\" \/>\n\t<meta property=\"og:image:height\" content=\"1536\" \/>\n\t<meta property=\"og:image:type\" content=\"image\/jpeg\" \/>\n<meta name=\"author\" content=\"Pierpaolo Loi\" \/>\n<meta name=\"twitter:card\" content=\"summary_large_image\" \/>\n<meta name=\"twitter:creator\" content=\"@PressenzaIPA\" \/>\n<meta name=\"twitter:site\" content=\"@PressenzaIPA\" \/>\n<meta name=\"twitter:label1\" content=\"Scritto da\" \/>\n\t<meta name=\"twitter:data1\" content=\"Pierpaolo Loi\" \/>\n\t<meta name=\"twitter:label2\" content=\"Tempo di lettura stimato\" \/>\n\t<meta name=\"twitter:data2\" content=\"3 minuti\" \/>\n<script type=\"application\/ld+json\" class=\"yoast-schema-graph\">{\"@context\":\"https:\/\/schema.org\",\"@graph\":[{\"@type\":\"Article\",\"@id\":\"https:\/\/www.pressenza.com\/it\/2026\/04\/a-cagliari-sei-mesi-di-presidio-permanente-per-la-palestina\/#article\",\"isPartOf\":{\"@id\":\"https:\/\/www.pressenza.com\/it\/2026\/04\/a-cagliari-sei-mesi-di-presidio-permanente-per-la-palestina\/\"},\"author\":{\"name\":\"Pierpaolo Loi\",\"@id\":\"https:\/\/www.pressenza.com\/it\/#\/schema\/person\/149dee546527afb1c5bf59e70101b99f\"},\"headline\":\"A Cagliari, sei mesi di Presidio permanente per la Palestina\",\"datePublished\":\"2026-04-29T21:03:08+00:00\",\"dateModified\":\"2026-04-29T21:04:46+00:00\",\"mainEntityOfPage\":{\"@id\":\"https:\/\/www.pressenza.com\/it\/2026\/04\/a-cagliari-sei-mesi-di-presidio-permanente-per-la-palestina\/\"},\"wordCount\":413,\"publisher\":{\"@id\":\"https:\/\/www.pressenza.com\/it\/#organization\"},\"image\":{\"@id\":\"https:\/\/www.pressenza.com\/it\/2026\/04\/a-cagliari-sei-mesi-di-presidio-permanente-per-la-palestina\/#primaryimage\"},\"thumbnailUrl\":\"https:\/\/www.pressenza.com\/wp-content\/uploads\/2026\/04\/WhatsApp-Image-2026-04-28-at-19.45.42-1.jpeg\",\"keywords\":[\"Associazione amicizia Italia Cuba Cagliari\",\"Associazione Amicizia Sardegna Palestina\",\"Palestina Libera\",\"Presidio Piazza dell'Indignazione\",\"Rete Kurdistan Sardegna\"],\"articleSection\":[\"contenuti originali\",\"Diritti Umani\",\"Pace e Disarmo\",\"Questioni internazionali\"],\"inLanguage\":\"it-IT\"},{\"@type\":\"WebPage\",\"@id\":\"https:\/\/www.pressenza.com\/it\/2026\/04\/a-cagliari-sei-mesi-di-presidio-permanente-per-la-palestina\/\",\"url\":\"https:\/\/www.pressenza.com\/it\/2026\/04\/a-cagliari-sei-mesi-di-presidio-permanente-per-la-palestina\/\",\"name\":\"A Cagliari, sei mesi di Presidio permanente per la Palestina\",\"isPartOf\":{\"@id\":\"https:\/\/www.pressenza.com\/it\/#website\"},\"primaryImageOfPage\":{\"@id\":\"https:\/\/www.pressenza.com\/it\/2026\/04\/a-cagliari-sei-mesi-di-presidio-permanente-per-la-palestina\/#primaryimage\"},\"image\":{\"@id\":\"https:\/\/www.pressenza.com\/it\/2026\/04\/a-cagliari-sei-mesi-di-presidio-permanente-per-la-palestina\/#primaryimage\"},\"thumbnailUrl\":\"https:\/\/www.pressenza.com\/wp-content\/uploads\/2026\/04\/WhatsApp-Image-2026-04-28-at-19.45.42-1.jpeg\",\"datePublished\":\"2026-04-29T21:03:08+00:00\",\"dateModified\":\"2026-04-29T21:04:46+00:00\",\"description\":\"Dal 31 ottobre del 2025 al 28 aprile del 2026 (ieri \u00e8 stato il ), sei mesi di presidio per la Palestina a Cagliari. Sotto il sole cocente o la pioggia a\",\"breadcrumb\":{\"@id\":\"https:\/\/www.pressenza.com\/it\/2026\/04\/a-cagliari-sei-mesi-di-presidio-permanente-per-la-palestina\/#breadcrumb\"},\"inLanguage\":\"it-IT\",\"potentialAction\":[{\"@type\":\"ReadAction\",\"target\":[\"https:\/\/www.pressenza.com\/it\/2026\/04\/a-cagliari-sei-mesi-di-presidio-permanente-per-la-palestina\/\"]}]},{\"@type\":\"ImageObject\",\"inLanguage\":\"it-IT\",\"@id\":\"https:\/\/www.pressenza.com\/it\/2026\/04\/a-cagliari-sei-mesi-di-presidio-permanente-per-la-palestina\/#primaryimage\",\"url\":\"https:\/\/www.pressenza.com\/wp-content\/uploads\/2026\/04\/WhatsApp-Image-2026-04-28-at-19.45.42-1.jpeg\",\"contentUrl\":\"https:\/\/www.pressenza.com\/wp-content\/uploads\/2026\/04\/WhatsApp-Image-2026-04-28-at-19.45.42-1.jpeg\",\"width\":2048,\"height\":1536,\"caption\":\"Presidio piazza Yenne - Cagliari (Foto Presidio per la Palestina)\"},{\"@type\":\"BreadcrumbList\",\"@id\":\"https:\/\/www.pressenza.com\/it\/2026\/04\/a-cagliari-sei-mesi-di-presidio-permanente-per-la-palestina\/#breadcrumb\",\"itemListElement\":[{\"@type\":\"ListItem\",\"position\":1,\"name\":\"Accueil\",\"item\":\"https:\/\/www.pressenza.com\/it\/\"},{\"@type\":\"ListItem\",\"position\":2,\"name\":\"A Cagliari, sei mesi di Presidio permanente per la Palestina\"}]},{\"@type\":\"WebSite\",\"@id\":\"https:\/\/www.pressenza.com\/it\/#website\",\"url\":\"https:\/\/www.pressenza.com\/it\/\",\"name\":\"Pressenza\",\"description\":\"Agenzia di Stampa Internazionale\",\"publisher\":{\"@id\":\"https:\/\/www.pressenza.com\/it\/#organization\"},\"potentialAction\":[{\"@type\":\"SearchAction\",\"target\":{\"@type\":\"EntryPoint\",\"urlTemplate\":\"https:\/\/www.pressenza.com\/it\/?s={search_term_string}\"},\"query-input\":{\"@type\":\"PropertyValueSpecification\",\"valueRequired\":true,\"valueName\":\"search_term_string\"}}],\"inLanguage\":\"it-IT\"},{\"@type\":\"Organization\",\"@id\":\"https:\/\/www.pressenza.com\/it\/#organization\",\"name\":\"Pressenza\",\"url\":\"https:\/\/www.pressenza.com\/it\/\",\"logo\":{\"@type\":\"ImageObject\",\"inLanguage\":\"it-IT\",\"@id\":\"https:\/\/www.pressenza.com\/it\/#\/schema\/logo\/image\/\",\"url\":\"https:\/\/www.pressenza.com\/wp-content\/uploads\/2022\/10\/pressenza_logo_200x200.jpg\",\"contentUrl\":\"https:\/\/www.pressenza.com\/wp-content\/uploads\/2022\/10\/pressenza_logo_200x200.jpg\",\"width\":200,\"height\":200,\"caption\":\"Pressenza\"},\"image\":{\"@id\":\"https:\/\/www.pressenza.com\/it\/#\/schema\/logo\/image\/\"},\"sameAs\":[\"https:\/\/www.facebook.com\/PressenzaItalia\",\"https:\/\/x.com\/PressenzaIPA\"]},{\"@type\":\"Person\",\"@id\":\"https:\/\/www.pressenza.com\/it\/#\/schema\/person\/149dee546527afb1c5bf59e70101b99f\",\"name\":\"Pierpaolo Loi\",\"url\":\"https:\/\/www.pressenza.com\/it\/author\/pierpaolo-loi\/\"}]}<\/script>\n<!-- \/ Yoast SEO plugin. -->","yoast_head_json":{"title":"A Cagliari, sei mesi di Presidio permanente per la Palestina","description":"Dal 31 ottobre del 2025 al 28 aprile del 2026 (ieri \u00e8 stato il ), sei mesi di presidio per la Palestina a Cagliari. Sotto il sole cocente o la pioggia a","robots":{"index":"index","follow":"follow","max-snippet":"max-snippet:-1","max-image-preview":"max-image-preview:large","max-video-preview":"max-video-preview:-1"},"canonical":"https:\/\/www.pressenza.com\/it\/2026\/04\/a-cagliari-sei-mesi-di-presidio-permanente-per-la-palestina\/","og_locale":"it_IT","og_type":"article","og_title":"A Cagliari, sei mesi di Presidio permanente per la Palestina","og_description":"Dal 31 ottobre del 2025 al 28 aprile del 2026 (ieri \u00e8 stato il ), sei mesi di presidio per la Palestina a Cagliari. Sotto il sole cocente o la pioggia a","og_url":"https:\/\/www.pressenza.com\/it\/2026\/04\/a-cagliari-sei-mesi-di-presidio-permanente-per-la-palestina\/","og_site_name":"Pressenza","article_publisher":"https:\/\/www.facebook.com\/PressenzaItalia","article_published_time":"2026-04-29T21:03:08+00:00","article_modified_time":"2026-04-29T21:04:46+00:00","og_image":[{"width":2048,"height":1536,"url":"https:\/\/www.pressenza.com\/wp-content\/uploads\/2026\/04\/WhatsApp-Image-2026-04-28-at-19.45.42-1.jpeg","type":"image\/jpeg"}],"author":"Pierpaolo Loi","twitter_card":"summary_large_image","twitter_creator":"@PressenzaIPA","twitter_site":"@PressenzaIPA","twitter_misc":{"Scritto da":"Pierpaolo Loi","Tempo di lettura stimato":"3 minuti"},"schema":{"@context":"https:\/\/schema.org","@graph":[{"@type":"Article","@id":"https:\/\/www.pressenza.com\/it\/2026\/04\/a-cagliari-sei-mesi-di-presidio-permanente-per-la-palestina\/#article","isPartOf":{"@id":"https:\/\/www.pressenza.com\/it\/2026\/04\/a-cagliari-sei-mesi-di-presidio-permanente-per-la-palestina\/"},"author":{"name":"Pierpaolo Loi","@id":"https:\/\/www.pressenza.com\/it\/#\/schema\/person\/149dee546527afb1c5bf59e70101b99f"},"headline":"A Cagliari, sei mesi di Presidio permanente per la Palestina","datePublished":"2026-04-29T21:03:08+00:00","dateModified":"2026-04-29T21:04:46+00:00","mainEntityOfPage":{"@id":"https:\/\/www.pressenza.com\/it\/2026\/04\/a-cagliari-sei-mesi-di-presidio-permanente-per-la-palestina\/"},"wordCount":413,"publisher":{"@id":"https:\/\/www.pressenza.com\/it\/#organization"},"image":{"@id":"https:\/\/www.pressenza.com\/it\/2026\/04\/a-cagliari-sei-mesi-di-presidio-permanente-per-la-palestina\/#primaryimage"},"thumbnailUrl":"https:\/\/www.pressenza.com\/wp-content\/uploads\/2026\/04\/WhatsApp-Image-2026-04-28-at-19.45.42-1.jpeg","keywords":["Associazione amicizia Italia Cuba Cagliari","Associazione Amicizia Sardegna Palestina","Palestina Libera","Presidio Piazza dell'Indignazione","Rete Kurdistan Sardegna"],"articleSection":["contenuti originali","Diritti Umani","Pace e Disarmo","Questioni internazionali"],"inLanguage":"it-IT"},{"@type":"WebPage","@id":"https:\/\/www.pressenza.com\/it\/2026\/04\/a-cagliari-sei-mesi-di-presidio-permanente-per-la-palestina\/","url":"https:\/\/www.pressenza.com\/it\/2026\/04\/a-cagliari-sei-mesi-di-presidio-permanente-per-la-palestina\/","name":"A Cagliari, sei mesi di Presidio permanente per la Palestina","isPartOf":{"@id":"https:\/\/www.pressenza.com\/it\/#website"},"primaryImageOfPage":{"@id":"https:\/\/www.pressenza.com\/it\/2026\/04\/a-cagliari-sei-mesi-di-presidio-permanente-per-la-palestina\/#primaryimage"},"image":{"@id":"https:\/\/www.pressenza.com\/it\/2026\/04\/a-cagliari-sei-mesi-di-presidio-permanente-per-la-palestina\/#primaryimage"},"thumbnailUrl":"https:\/\/www.pressenza.com\/wp-content\/uploads\/2026\/04\/WhatsApp-Image-2026-04-28-at-19.45.42-1.jpeg","datePublished":"2026-04-29T21:03:08+00:00","dateModified":"2026-04-29T21:04:46+00:00","description":"Dal 31 ottobre del 2025 al 28 aprile del 2026 (ieri \u00e8 stato il ), sei mesi di presidio per la Palestina a Cagliari. Sotto il sole cocente o la pioggia a","breadcrumb":{"@id":"https:\/\/www.pressenza.com\/it\/2026\/04\/a-cagliari-sei-mesi-di-presidio-permanente-per-la-palestina\/#breadcrumb"},"inLanguage":"it-IT","potentialAction":[{"@type":"ReadAction","target":["https:\/\/www.pressenza.com\/it\/2026\/04\/a-cagliari-sei-mesi-di-presidio-permanente-per-la-palestina\/"]}]},{"@type":"ImageObject","inLanguage":"it-IT","@id":"https:\/\/www.pressenza.com\/it\/2026\/04\/a-cagliari-sei-mesi-di-presidio-permanente-per-la-palestina\/#primaryimage","url":"https:\/\/www.pressenza.com\/wp-content\/uploads\/2026\/04\/WhatsApp-Image-2026-04-28-at-19.45.42-1.jpeg","contentUrl":"https:\/\/www.pressenza.com\/wp-content\/uploads\/2026\/04\/WhatsApp-Image-2026-04-28-at-19.45.42-1.jpeg","width":2048,"height":1536,"caption":"Presidio piazza Yenne - Cagliari (Foto Presidio per la Palestina)"},{"@type":"BreadcrumbList","@id":"https:\/\/www.pressenza.com\/it\/2026\/04\/a-cagliari-sei-mesi-di-presidio-permanente-per-la-palestina\/#breadcrumb","itemListElement":[{"@type":"ListItem","position":1,"name":"Accueil","item":"https:\/\/www.pressenza.com\/it\/"},{"@type":"ListItem","position":2,"name":"A Cagliari, sei mesi di Presidio permanente per la Palestina"}]},{"@type":"WebSite","@id":"https:\/\/www.pressenza.com\/it\/#website","url":"https:\/\/www.pressenza.com\/it\/","name":"Pressenza","description":"Agenzia di Stampa Internazionale","publisher":{"@id":"https:\/\/www.pressenza.com\/it\/#organization"},"potentialAction":[{"@type":"SearchAction","target":{"@type":"EntryPoint","urlTemplate":"https:\/\/www.pressenza.com\/it\/?s={search_term_string}"},"query-input":{"@type":"PropertyValueSpecification","valueRequired":true,"valueName":"search_term_string"}}],"inLanguage":"it-IT"},{"@type":"Organization","@id":"https:\/\/www.pressenza.com\/it\/#organization","name":"Pressenza","url":"https:\/\/www.pressenza.com\/it\/","logo":{"@type":"ImageObject","inLanguage":"it-IT","@id":"https:\/\/www.pressenza.com\/it\/#\/schema\/logo\/image\/","url":"https:\/\/www.pressenza.com\/wp-content\/uploads\/2022\/10\/pressenza_logo_200x200.jpg","contentUrl":"https:\/\/www.pressenza.com\/wp-content\/uploads\/2022\/10\/pressenza_logo_200x200.jpg","width":200,"height":200,"caption":"Pressenza"},"image":{"@id":"https:\/\/www.pressenza.com\/it\/#\/schema\/logo\/image\/"},"sameAs":["https:\/\/www.facebook.com\/PressenzaItalia","https:\/\/x.com\/PressenzaIPA"]},{"@type":"Person","@id":"https:\/\/www.pressenza.com\/it\/#\/schema\/person\/149dee546527afb1c5bf59e70101b99f","name":"Pierpaolo Loi","url":"https:\/\/www.pressenza.com\/it\/author\/pierpaolo-loi\/"}]}},"place":"","original_article_url":"","_links":{"self":[{"href":"https:\/\/www.pressenza.com\/it\/wp-json\/wp\/v2\/posts\/2696473","targetHints":{"allow":["GET"]}}],"collection":[{"href":"https:\/\/www.pressenza.com\/it\/wp-json\/wp\/v2\/posts"}],"about":[{"href":"https:\/\/www.pressenza.com\/it\/wp-json\/wp\/v2\/types\/post"}],"author":[{"embeddable":true,"href":"https:\/\/www.pressenza.com\/it\/wp-json\/wp\/v2\/users\/2359"}],"replies":[{"embeddable":true,"href":"https:\/\/www.pressenza.com\/it\/wp-json\/wp\/v2\/comments?post=2696473"}],"version-history":[{"count":5,"href":"https:\/\/www.pressenza.com\/it\/wp-json\/wp\/v2\/posts\/2696473\/revisions"}],"predecessor-version":[{"id":2696590,"href":"https:\/\/www.pressenza.com\/it\/wp-json\/wp\/v2\/posts\/2696473\/revisions\/2696590"}],"wp:featuredmedia":[{"embeddable":true,"href":"https:\/\/www.pressenza.com\/it\/wp-json\/wp\/v2\/media\/2696573"}],"wp:attachment":[{"href":"https:\/\/www.pressenza.com\/it\/wp-json\/wp\/v2\/media?parent=2696473"}],"wp:term":[{"taxonomy":"category","embeddable":true,"href":"https:\/\/www.pressenza.com\/it\/wp-json\/wp\/v2\/categories?post=2696473"},{"taxonomy":"post_tag","embeddable":true,"href":"https:\/\/www.pressenza.com\/it\/wp-json\/wp\/v2\/tags?post=2696473"}],"curies":[{"name":"wp","href":"https:\/\/api.w.org\/{rel}","templated":true}]}}