{"id":2696468,"date":"2026-04-29T14:49:05","date_gmt":"2026-04-29T13:49:05","guid":{"rendered":"https:\/\/www.pressenza.com\/?p=2696468"},"modified":"2026-04-29T14:49:05","modified_gmt":"2026-04-29T13:49:05","slug":"il-caso-muccia-nelle-marche-e-la-proliferazione-delle-liste-degli-agenti-penitenziari","status":"publish","type":"post","link":"https:\/\/www.pressenza.com\/it\/2026\/04\/il-caso-muccia-nelle-marche-e-la-proliferazione-delle-liste-degli-agenti-penitenziari\/","title":{"rendered":"Il caso Muccia nelle Marche e la proliferazione delle liste degli agenti penitenziari"},"content":{"rendered":"<p>Muccia \u00e8 un piccolo Comune della provincia di Macerata di 788 abitanti, collocato sull\u2019Appennino marchigiano.<\/p>\n<p>Nel 2016 ha subito, insieme a buona parte dell\u2019entroterra marchigiano, la catastrofe del terremoto. Non ci sono state vittime in paese, ma le scosse hanno provocato danni gravissimi che dopo 10 anni non sono stati ancora sanati. La ricostruzione va molto a rilento, nonostante la narrazione <em>mainstream<\/em> della destra di governo regionale, che esprime anche il Commissario alla Ricostruzione Guido Castelli, marchigiano di Ascoli Piceno, figura di lunga militanza politica e attivissimo regista istituzionale nel territorio del cratere sismico.<\/p>\n<p>Prima del terremoto Muccia aveva 915 abitanti e alle prossime elezioni comunali di maggio, gli aventi diritti al voto saranno 603; molti di essi, insieme agli abitanti pi\u00f9 giovani, vivono ancora nelle SAE, le casette di poliuretano che vennero installate dopo la crisi sismica di dieci anni fa.<\/p>\n<p>L\u2019estate scorsa, a seguito di uno scontro politico locale, <a href=\"https:\/\/www.cronachemaceratesi.it\/2025\/07\/16\/si-dimettono-sei-consiglieri-il-comune-verra-commissariato\/1978013\/\">sei consiglieri comunali<\/a>, tre di maggioranza e tre di minoranza, si dimisero provocando la caduta del sindaco Mario Baroni. Da allora il Municipio \u00e8 stato retto da un commissario prefettizio.<\/p>\n<p>Sabato 25 aprile, alla scadenza dei termini per la presentazione delle liste, gli impiegati della segreteria comunale erano convinti di ricevere la documentazione di quelli che erano ormai i nomi dei candidati che circolavano da giorni, ovvero Giulia Menciotti con la lista \u2018Muccia Rinasce\u2019 e Stefano Antonelli con la lista \u2018La Torre\u2019.<\/p>\n<p>\u201c<em>Invece<\/em> \u2013 racconta l\u2019attivista locale Giancarlo Copponi \u2013 <em>ci siamo ritrovati in Comune sette persone mai viste, nessuna di Muccia o dintorni, che hanno presentato a sorpresa con tutta la documentazione in regola, una nuova lista, la terza\u201d<\/em>.<\/p>\n<p>Si tratta della lista \u201cInsieme per il futuro\u201d, che indica candidato sindaco Pietro Angelo Lombard e candidati consiglieri Giuseppe Ficco, Matteo Papagna, Francesco Rondinone, Claudio Reginelli, Mauro Simone, Salvatore Mangione, Fabrizio De Luca, Antonio Ecca e Alessia Iannotta. Tutti non nati e non residenti a Muccia. \u00a0Si tratta di nove agenti penitenziari che lavorano al carcere di Fermo e di un\u2019agente in servizio al carcere di Ascoli Piceno.<\/p>\n<p>Secondo l\u2019articoli 81 della legge 121\/81 \u201c<em>gli appartenenti alle forze di polizia candidati ad elezioni politiche o amministrative sono posti in aspettativa speciale con assegni dal momento dell\u2019accettazione della candidatura per la durata della campagna elettorale e possono svolgere attivit\u00e0 politica e di propaganda, al di fuori dell&#8217;ambito dei rispettivi uffici e in abito civile<\/em>\u201d.<\/p>\n<p>Negli anni, la combinazione tra aspettativa retribuita e assenza dell\u2019obbligo di raccolta firme nei piccoli Comuni ha spinto molti agenti a candidarsi solo per ottenere il permesso retribuito, generando anche inchieste. \u00a0<a href=\"https:\/\/abruzzolive.it\/candidati-alle-elezioni-e-finiti-a-processo-assolti-otto-agenti-penitenziari-dallaccusa-di-truffa\/\">Un caso \u00e8 addirittura finito in tribunale<\/a>: nel febbraio scorso otto agenti di polizia penitenziaria in servizio al carcere di Montorio a Verona sono stati assolti dal giudice \u2018perch\u00e9 il fatto non sussiste\u2019, per essersi candidati alle elezioni comunali a Pietraferrazzana in provincia di Chieti; la denuncia venne fatta dalla direzione della casa circondariale veronese.<\/p>\n<p>Sono diverse queste liste \u2018fantasma\u2019 di agenti penitenziari che, con la medesima denominazione, da anni si ripropongono alle scadenze elettorali; una ad esempio \u00e8 quella di \u2018<a href=\"https:\/\/www.pordenonetoday.it\/politica\/lista-polizia-penitenziaria-claut-movimento-giovani-alleati.html\">Movimento Giovani Alleati\u2019<\/a>.<\/p>\n<p>In effetti, queste iniziative mettono in seria difficolta le strutture carcerarie, che in quel mese vedono venir meno diverse figure in organico. Sicuramente quelle di Fermo e Ascoli Piceno, che sono da tempo sottorganico. La direttrice della Casa Circondariale di Fermo, la dott.ssa Serena Stoico, contattata riguardo l\u2019impegno elettorale di nove agenti che per il prossimo mese saranno in aspettativa elettorale, ha preferito non rilasciare dichiarazioni.<\/p>\n<p>Nel caso di Muccia, la lista denominata \u2018Insieme per il futuro\u2019, non \u00e8 nuova alla partecipazione a competizioni elettorali amministrative. Da una ricerca effettuata l\u2019abbiamo trovata almeno altre due volte: nel 2018 nel <a href=\"http:\/\/www.comuneripabottoni.it\/ANNO2018\/ListeComunali.pdf\">Comune di Ripabottoni<\/a> in provincia di Campobasso, 410 abitanti, in cui il candidato sindaco era l\u2019agente Barbiero Nicola, ma nelle quale figurava gi\u00e0 tra i candidati consiglieri Pietro Angelo Lombardo, il candidato sindaco di Muccia.<\/p>\n<p>Il caso pi\u00f9 eclatante per\u00f2 \u00e8 quello del <a href=\"https:\/\/www.abruzzolive.tv\/elezioni\/elezioni-a-bisegna-25-liste-per-352-elettori-ballottaggio-tra-buccini-e-conte-it37467.html\">piccolo Comune abruzzese di Bisegna<\/a>, 215 abitanti, in cui l\u2019anno scorso si presentarono ben 24 candidati sindaci, tra cui Piero Angelo Lombardo con la lista \u201cInsieme per il futuro\u201d, che non raccolse alcun voto. Le elezioni si tennero il 25 e 26 maggio 2025.<\/p>\n<p>Poco pi\u00f9 di un mese prima, il 3 aprile, a Fermo <a href=\"https:\/\/www.ilrestodelcarlino.it\/fermo\/cronaca\/polizia-penitenziara-premiati-gli-agenti-57511b59\">durante la festa per il 208\u00b0 anniversario<\/a> della fondazione del Corpo della Polizia Penitenziaria, diversi agenti, tra cui Pietro Angelo Lombardo, avevano ricevuto uno specifico encomio per l\u2019essersi \u201cdistinti per attaccamento alla divisa e senso del dovere\u201d. Ma l\u2019assistente capo aveva gi\u00e0 ricevuto <a href=\"https:\/\/www.cronachefermane.it\/2017\/09\/22\/la-polizia-penitenziaria-festeggia-i-suoi-200-anni-a-fermo-premiati-3-agenti\/109439\/\">una ricompensa a Fermo nel 2017<\/a>, nel corso della cerimonia annuale per essere nel 2013 \u201cintervenuto nel corso di un episodio drammatico che ha visto coinvolta una donna, in viale Trento, aggredita da due grossi cani, riuscendo a salvarla abbattendo i cani con la pistola d\u2019ordinanza\u201d.<\/p>\n<p>La questione della proliferazione di questa fattispecie di liste elettorali \u00e8 stata pi\u00f9 volte in passato attenzionata dal Paramento tramite interrogazioni e proposte di legge di modifica alla normativa vigente, ma non \u00e8 stato mai fatto nulla di concreto.<\/p>\n<p>E\u2019 lecito chiedersi se questo tipo di iniziative siano riconducibili solo ad una semplicistica lettura da bar sport sulla furbizia di questi lavoratori del comparto della Giustizia italiana, oppure se alla base ci sia anche una malcelata forma di protesta per le condizioni in cui versa il sistema detentivo italiano, degradante non solo per le persone detenute, ma anche per gli operatori della sicurezza carceraria.<\/p>\n<p>Ma il governo, e il ministro Nordio in particolare, in questi anni si sono occupati di tutto tranne che dei diritti dei detenuti e delle condizioni di lavoro nelle strutture detentive.<\/p>\n<p>Nel caso Muccia nelle Marche sembra esserci un retroscena, a detta dei bene informati di paese. Pare che la lista degli agenti penitenziari sia stata appoggiata da qualche eminente esponente della destra marchigiana, con l\u2019obiettivo di togliere voti al centrosinistra, favorendo la lista espressione del centrodestra, \u2018Muccia Rinasce\u2019. Erano infatti rimasti in tre i Comuni di questa zona dell\u2019appennino maceratese non orientati a destra: oltre a Muccia, Castelsantangelo sul Nera e Fiastra. Non \u00e8 da escludere che la lista degli agenti penitenziari in questo non riesca a dare il solo contributo al territorio.<\/p>\n<p>&nbsp;<\/p>\n","protected":false},"excerpt":{"rendered":"<p>Muccia \u00e8 un piccolo Comune della provincia di Macerata di 788 abitanti, collocato sull\u2019Appennino marchigiano. Nel 2016 ha subito, insieme a buona parte dell\u2019entroterra marchigiano, la catastrofe del terremoto. Non ci sono state vittime in paese, ma le scosse hanno&hellip;<\/p>\n","protected":false},"author":2563,"featured_media":2696472,"comment_status":"closed","ping_status":"closed","sticky":false,"template":"","format":"standard","meta":{"footnotes":""},"categories":[11388,107392,47,55],"tags":[156091,616,156092],"class_list":["post-2696468","post","type-post","status-publish","format-standard","has-post-thumbnail","hentry","category-contenuti-originali","category-noticia-it","category-europa","category-politica","tag-comune-di-muccia","tag-elezioni","tag-liste-fantasma-di-agenti-penitenziari"],"yoast_head":"<!-- This site is optimized with the Yoast SEO plugin v27.1.1 - https:\/\/yoast.com\/product\/yoast-seo-wordpress\/ -->\n<title>Il caso Muccia nelle Marche e la proliferazione delle liste degli agenti penitenziari<\/title>\n<meta name=\"description\" content=\"Muccia \u00e8 un piccolo Comune della provincia di Macerata di 788 abitanti, collocato sull\u2019Appennino marchigiano. Nel 2016 ha subito, insieme a buona parte\" \/>\n<meta name=\"robots\" content=\"index, follow, max-snippet:-1, max-image-preview:large, max-video-preview:-1\" \/>\n<link rel=\"canonical\" href=\"https:\/\/www.pressenza.com\/it\/2026\/04\/il-caso-muccia-nelle-marche-e-la-proliferazione-delle-liste-degli-agenti-penitenziari\/\" \/>\n<meta property=\"og:locale\" content=\"it_IT\" \/>\n<meta property=\"og:type\" content=\"article\" \/>\n<meta property=\"og:title\" content=\"Il caso Muccia nelle Marche e la proliferazione delle liste degli agenti penitenziari\" \/>\n<meta property=\"og:description\" content=\"Muccia \u00e8 un piccolo Comune della provincia di Macerata di 788 abitanti, collocato sull\u2019Appennino marchigiano. Nel 2016 ha subito, insieme a buona parte\" \/>\n<meta property=\"og:url\" content=\"https:\/\/www.pressenza.com\/it\/2026\/04\/il-caso-muccia-nelle-marche-e-la-proliferazione-delle-liste-degli-agenti-penitenziari\/\" \/>\n<meta property=\"og:site_name\" content=\"Pressenza\" \/>\n<meta property=\"article:publisher\" content=\"https:\/\/www.facebook.com\/PressenzaItalia\" \/>\n<meta property=\"article:published_time\" content=\"2026-04-29T13:49:05+00:00\" \/>\n<meta property=\"og:image\" content=\"https:\/\/www.pressenza.com\/wp-content\/uploads\/2026\/04\/agenti-penitenziari.jpg\" \/>\n\t<meta property=\"og:image:width\" content=\"1280\" \/>\n\t<meta property=\"og:image:height\" content=\"702\" \/>\n\t<meta property=\"og:image:type\" content=\"image\/jpeg\" \/>\n<meta name=\"author\" content=\"Leonardo Animali\" \/>\n<meta name=\"twitter:card\" content=\"summary_large_image\" \/>\n<meta name=\"twitter:creator\" content=\"@PressenzaIPA\" \/>\n<meta name=\"twitter:site\" content=\"@PressenzaIPA\" \/>\n<meta name=\"twitter:label1\" content=\"Scritto da\" \/>\n\t<meta name=\"twitter:data1\" content=\"Leonardo Animali\" \/>\n\t<meta name=\"twitter:label2\" content=\"Tempo di lettura stimato\" \/>\n\t<meta name=\"twitter:data2\" content=\"6 minuti\" \/>\n<script type=\"application\/ld+json\" class=\"yoast-schema-graph\">{\"@context\":\"https:\/\/schema.org\",\"@graph\":[{\"@type\":\"Article\",\"@id\":\"https:\/\/www.pressenza.com\/it\/2026\/04\/il-caso-muccia-nelle-marche-e-la-proliferazione-delle-liste-degli-agenti-penitenziari\/#article\",\"isPartOf\":{\"@id\":\"https:\/\/www.pressenza.com\/it\/2026\/04\/il-caso-muccia-nelle-marche-e-la-proliferazione-delle-liste-degli-agenti-penitenziari\/\"},\"author\":{\"name\":\"Leonardo Animali\",\"@id\":\"https:\/\/www.pressenza.com\/it\/#\/schema\/person\/10acf1817292d5c86f8f92640d17b6c1\"},\"headline\":\"Il caso Muccia nelle Marche e la proliferazione delle liste degli agenti penitenziari\",\"datePublished\":\"2026-04-29T13:49:05+00:00\",\"mainEntityOfPage\":{\"@id\":\"https:\/\/www.pressenza.com\/it\/2026\/04\/il-caso-muccia-nelle-marche-e-la-proliferazione-delle-liste-degli-agenti-penitenziari\/\"},\"wordCount\":1026,\"publisher\":{\"@id\":\"https:\/\/www.pressenza.com\/it\/#organization\"},\"image\":{\"@id\":\"https:\/\/www.pressenza.com\/it\/2026\/04\/il-caso-muccia-nelle-marche-e-la-proliferazione-delle-liste-degli-agenti-penitenziari\/#primaryimage\"},\"thumbnailUrl\":\"https:\/\/www.pressenza.com\/wp-content\/uploads\/2026\/04\/agenti-penitenziari.jpg\",\"keywords\":[\"Comune di Muccia\",\"elezioni\",\"liste \u2018fantasma\u2019 di agenti penitenziari\"],\"articleSection\":[\"contenuti originali\",\"Cronaca\",\"Europa\",\"Politica\"],\"inLanguage\":\"it-IT\"},{\"@type\":\"WebPage\",\"@id\":\"https:\/\/www.pressenza.com\/it\/2026\/04\/il-caso-muccia-nelle-marche-e-la-proliferazione-delle-liste-degli-agenti-penitenziari\/\",\"url\":\"https:\/\/www.pressenza.com\/it\/2026\/04\/il-caso-muccia-nelle-marche-e-la-proliferazione-delle-liste-degli-agenti-penitenziari\/\",\"name\":\"Il caso Muccia nelle Marche e la proliferazione delle liste degli agenti penitenziari\",\"isPartOf\":{\"@id\":\"https:\/\/www.pressenza.com\/it\/#website\"},\"primaryImageOfPage\":{\"@id\":\"https:\/\/www.pressenza.com\/it\/2026\/04\/il-caso-muccia-nelle-marche-e-la-proliferazione-delle-liste-degli-agenti-penitenziari\/#primaryimage\"},\"image\":{\"@id\":\"https:\/\/www.pressenza.com\/it\/2026\/04\/il-caso-muccia-nelle-marche-e-la-proliferazione-delle-liste-degli-agenti-penitenziari\/#primaryimage\"},\"thumbnailUrl\":\"https:\/\/www.pressenza.com\/wp-content\/uploads\/2026\/04\/agenti-penitenziari.jpg\",\"datePublished\":\"2026-04-29T13:49:05+00:00\",\"description\":\"Muccia \u00e8 un piccolo Comune della provincia di Macerata di 788 abitanti, collocato sull\u2019Appennino marchigiano. Nel 2016 ha subito, insieme a buona parte\",\"breadcrumb\":{\"@id\":\"https:\/\/www.pressenza.com\/it\/2026\/04\/il-caso-muccia-nelle-marche-e-la-proliferazione-delle-liste-degli-agenti-penitenziari\/#breadcrumb\"},\"inLanguage\":\"it-IT\",\"potentialAction\":[{\"@type\":\"ReadAction\",\"target\":[\"https:\/\/www.pressenza.com\/it\/2026\/04\/il-caso-muccia-nelle-marche-e-la-proliferazione-delle-liste-degli-agenti-penitenziari\/\"]}]},{\"@type\":\"ImageObject\",\"inLanguage\":\"it-IT\",\"@id\":\"https:\/\/www.pressenza.com\/it\/2026\/04\/il-caso-muccia-nelle-marche-e-la-proliferazione-delle-liste-degli-agenti-penitenziari\/#primaryimage\",\"url\":\"https:\/\/www.pressenza.com\/wp-content\/uploads\/2026\/04\/agenti-penitenziari.jpg\",\"contentUrl\":\"https:\/\/www.pressenza.com\/wp-content\/uploads\/2026\/04\/agenti-penitenziari.jpg\",\"width\":1280,\"height\":702},{\"@type\":\"BreadcrumbList\",\"@id\":\"https:\/\/www.pressenza.com\/it\/2026\/04\/il-caso-muccia-nelle-marche-e-la-proliferazione-delle-liste-degli-agenti-penitenziari\/#breadcrumb\",\"itemListElement\":[{\"@type\":\"ListItem\",\"position\":1,\"name\":\"Accueil\",\"item\":\"https:\/\/www.pressenza.com\/it\/\"},{\"@type\":\"ListItem\",\"position\":2,\"name\":\"Il caso Muccia nelle Marche e la proliferazione delle liste degli agenti penitenziari\"}]},{\"@type\":\"WebSite\",\"@id\":\"https:\/\/www.pressenza.com\/it\/#website\",\"url\":\"https:\/\/www.pressenza.com\/it\/\",\"name\":\"Pressenza\",\"description\":\"Agenzia di Stampa Internazionale\",\"publisher\":{\"@id\":\"https:\/\/www.pressenza.com\/it\/#organization\"},\"potentialAction\":[{\"@type\":\"SearchAction\",\"target\":{\"@type\":\"EntryPoint\",\"urlTemplate\":\"https:\/\/www.pressenza.com\/it\/?s={search_term_string}\"},\"query-input\":{\"@type\":\"PropertyValueSpecification\",\"valueRequired\":true,\"valueName\":\"search_term_string\"}}],\"inLanguage\":\"it-IT\"},{\"@type\":\"Organization\",\"@id\":\"https:\/\/www.pressenza.com\/it\/#organization\",\"name\":\"Pressenza\",\"url\":\"https:\/\/www.pressenza.com\/it\/\",\"logo\":{\"@type\":\"ImageObject\",\"inLanguage\":\"it-IT\",\"@id\":\"https:\/\/www.pressenza.com\/it\/#\/schema\/logo\/image\/\",\"url\":\"https:\/\/www.pressenza.com\/wp-content\/uploads\/2022\/10\/pressenza_logo_200x200.jpg\",\"contentUrl\":\"https:\/\/www.pressenza.com\/wp-content\/uploads\/2022\/10\/pressenza_logo_200x200.jpg\",\"width\":200,\"height\":200,\"caption\":\"Pressenza\"},\"image\":{\"@id\":\"https:\/\/www.pressenza.com\/it\/#\/schema\/logo\/image\/\"},\"sameAs\":[\"https:\/\/www.facebook.com\/PressenzaItalia\",\"https:\/\/x.com\/PressenzaIPA\"]},{\"@type\":\"Person\",\"@id\":\"https:\/\/www.pressenza.com\/it\/#\/schema\/person\/10acf1817292d5c86f8f92640d17b6c1\",\"name\":\"Leonardo Animali\",\"url\":\"https:\/\/www.pressenza.com\/it\/author\/leonardo-animali\/\"}]}<\/script>\n<!-- \/ Yoast SEO plugin. -->","yoast_head_json":{"title":"Il caso Muccia nelle Marche e la proliferazione delle liste degli agenti penitenziari","description":"Muccia \u00e8 un piccolo Comune della provincia di Macerata di 788 abitanti, collocato sull\u2019Appennino marchigiano. Nel 2016 ha subito, insieme a buona parte","robots":{"index":"index","follow":"follow","max-snippet":"max-snippet:-1","max-image-preview":"max-image-preview:large","max-video-preview":"max-video-preview:-1"},"canonical":"https:\/\/www.pressenza.com\/it\/2026\/04\/il-caso-muccia-nelle-marche-e-la-proliferazione-delle-liste-degli-agenti-penitenziari\/","og_locale":"it_IT","og_type":"article","og_title":"Il caso Muccia nelle Marche e la proliferazione delle liste degli agenti penitenziari","og_description":"Muccia \u00e8 un piccolo Comune della provincia di Macerata di 788 abitanti, collocato sull\u2019Appennino marchigiano. Nel 2016 ha subito, insieme a buona parte","og_url":"https:\/\/www.pressenza.com\/it\/2026\/04\/il-caso-muccia-nelle-marche-e-la-proliferazione-delle-liste-degli-agenti-penitenziari\/","og_site_name":"Pressenza","article_publisher":"https:\/\/www.facebook.com\/PressenzaItalia","article_published_time":"2026-04-29T13:49:05+00:00","og_image":[{"width":1280,"height":702,"url":"https:\/\/www.pressenza.com\/wp-content\/uploads\/2026\/04\/agenti-penitenziari.jpg","type":"image\/jpeg"}],"author":"Leonardo Animali","twitter_card":"summary_large_image","twitter_creator":"@PressenzaIPA","twitter_site":"@PressenzaIPA","twitter_misc":{"Scritto da":"Leonardo Animali","Tempo di lettura stimato":"6 minuti"},"schema":{"@context":"https:\/\/schema.org","@graph":[{"@type":"Article","@id":"https:\/\/www.pressenza.com\/it\/2026\/04\/il-caso-muccia-nelle-marche-e-la-proliferazione-delle-liste-degli-agenti-penitenziari\/#article","isPartOf":{"@id":"https:\/\/www.pressenza.com\/it\/2026\/04\/il-caso-muccia-nelle-marche-e-la-proliferazione-delle-liste-degli-agenti-penitenziari\/"},"author":{"name":"Leonardo Animali","@id":"https:\/\/www.pressenza.com\/it\/#\/schema\/person\/10acf1817292d5c86f8f92640d17b6c1"},"headline":"Il caso Muccia nelle Marche e la proliferazione delle liste degli agenti penitenziari","datePublished":"2026-04-29T13:49:05+00:00","mainEntityOfPage":{"@id":"https:\/\/www.pressenza.com\/it\/2026\/04\/il-caso-muccia-nelle-marche-e-la-proliferazione-delle-liste-degli-agenti-penitenziari\/"},"wordCount":1026,"publisher":{"@id":"https:\/\/www.pressenza.com\/it\/#organization"},"image":{"@id":"https:\/\/www.pressenza.com\/it\/2026\/04\/il-caso-muccia-nelle-marche-e-la-proliferazione-delle-liste-degli-agenti-penitenziari\/#primaryimage"},"thumbnailUrl":"https:\/\/www.pressenza.com\/wp-content\/uploads\/2026\/04\/agenti-penitenziari.jpg","keywords":["Comune di Muccia","elezioni","liste \u2018fantasma\u2019 di agenti penitenziari"],"articleSection":["contenuti originali","Cronaca","Europa","Politica"],"inLanguage":"it-IT"},{"@type":"WebPage","@id":"https:\/\/www.pressenza.com\/it\/2026\/04\/il-caso-muccia-nelle-marche-e-la-proliferazione-delle-liste-degli-agenti-penitenziari\/","url":"https:\/\/www.pressenza.com\/it\/2026\/04\/il-caso-muccia-nelle-marche-e-la-proliferazione-delle-liste-degli-agenti-penitenziari\/","name":"Il caso Muccia nelle Marche e la proliferazione delle liste degli agenti penitenziari","isPartOf":{"@id":"https:\/\/www.pressenza.com\/it\/#website"},"primaryImageOfPage":{"@id":"https:\/\/www.pressenza.com\/it\/2026\/04\/il-caso-muccia-nelle-marche-e-la-proliferazione-delle-liste-degli-agenti-penitenziari\/#primaryimage"},"image":{"@id":"https:\/\/www.pressenza.com\/it\/2026\/04\/il-caso-muccia-nelle-marche-e-la-proliferazione-delle-liste-degli-agenti-penitenziari\/#primaryimage"},"thumbnailUrl":"https:\/\/www.pressenza.com\/wp-content\/uploads\/2026\/04\/agenti-penitenziari.jpg","datePublished":"2026-04-29T13:49:05+00:00","description":"Muccia \u00e8 un piccolo Comune della provincia di Macerata di 788 abitanti, collocato sull\u2019Appennino marchigiano. Nel 2016 ha subito, insieme a buona parte","breadcrumb":{"@id":"https:\/\/www.pressenza.com\/it\/2026\/04\/il-caso-muccia-nelle-marche-e-la-proliferazione-delle-liste-degli-agenti-penitenziari\/#breadcrumb"},"inLanguage":"it-IT","potentialAction":[{"@type":"ReadAction","target":["https:\/\/www.pressenza.com\/it\/2026\/04\/il-caso-muccia-nelle-marche-e-la-proliferazione-delle-liste-degli-agenti-penitenziari\/"]}]},{"@type":"ImageObject","inLanguage":"it-IT","@id":"https:\/\/www.pressenza.com\/it\/2026\/04\/il-caso-muccia-nelle-marche-e-la-proliferazione-delle-liste-degli-agenti-penitenziari\/#primaryimage","url":"https:\/\/www.pressenza.com\/wp-content\/uploads\/2026\/04\/agenti-penitenziari.jpg","contentUrl":"https:\/\/www.pressenza.com\/wp-content\/uploads\/2026\/04\/agenti-penitenziari.jpg","width":1280,"height":702},{"@type":"BreadcrumbList","@id":"https:\/\/www.pressenza.com\/it\/2026\/04\/il-caso-muccia-nelle-marche-e-la-proliferazione-delle-liste-degli-agenti-penitenziari\/#breadcrumb","itemListElement":[{"@type":"ListItem","position":1,"name":"Accueil","item":"https:\/\/www.pressenza.com\/it\/"},{"@type":"ListItem","position":2,"name":"Il caso Muccia nelle Marche e la proliferazione delle liste degli agenti penitenziari"}]},{"@type":"WebSite","@id":"https:\/\/www.pressenza.com\/it\/#website","url":"https:\/\/www.pressenza.com\/it\/","name":"Pressenza","description":"Agenzia di Stampa Internazionale","publisher":{"@id":"https:\/\/www.pressenza.com\/it\/#organization"},"potentialAction":[{"@type":"SearchAction","target":{"@type":"EntryPoint","urlTemplate":"https:\/\/www.pressenza.com\/it\/?s={search_term_string}"},"query-input":{"@type":"PropertyValueSpecification","valueRequired":true,"valueName":"search_term_string"}}],"inLanguage":"it-IT"},{"@type":"Organization","@id":"https:\/\/www.pressenza.com\/it\/#organization","name":"Pressenza","url":"https:\/\/www.pressenza.com\/it\/","logo":{"@type":"ImageObject","inLanguage":"it-IT","@id":"https:\/\/www.pressenza.com\/it\/#\/schema\/logo\/image\/","url":"https:\/\/www.pressenza.com\/wp-content\/uploads\/2022\/10\/pressenza_logo_200x200.jpg","contentUrl":"https:\/\/www.pressenza.com\/wp-content\/uploads\/2022\/10\/pressenza_logo_200x200.jpg","width":200,"height":200,"caption":"Pressenza"},"image":{"@id":"https:\/\/www.pressenza.com\/it\/#\/schema\/logo\/image\/"},"sameAs":["https:\/\/www.facebook.com\/PressenzaItalia","https:\/\/x.com\/PressenzaIPA"]},{"@type":"Person","@id":"https:\/\/www.pressenza.com\/it\/#\/schema\/person\/10acf1817292d5c86f8f92640d17b6c1","name":"Leonardo Animali","url":"https:\/\/www.pressenza.com\/it\/author\/leonardo-animali\/"}]}},"place":"Muccia (Macerata)","original_article_url":"","_links":{"self":[{"href":"https:\/\/www.pressenza.com\/it\/wp-json\/wp\/v2\/posts\/2696468","targetHints":{"allow":["GET"]}}],"collection":[{"href":"https:\/\/www.pressenza.com\/it\/wp-json\/wp\/v2\/posts"}],"about":[{"href":"https:\/\/www.pressenza.com\/it\/wp-json\/wp\/v2\/types\/post"}],"author":[{"embeddable":true,"href":"https:\/\/www.pressenza.com\/it\/wp-json\/wp\/v2\/users\/2563"}],"replies":[{"embeddable":true,"href":"https:\/\/www.pressenza.com\/it\/wp-json\/wp\/v2\/comments?post=2696468"}],"version-history":[{"count":1,"href":"https:\/\/www.pressenza.com\/it\/wp-json\/wp\/v2\/posts\/2696468\/revisions"}],"predecessor-version":[{"id":2696474,"href":"https:\/\/www.pressenza.com\/it\/wp-json\/wp\/v2\/posts\/2696468\/revisions\/2696474"}],"wp:featuredmedia":[{"embeddable":true,"href":"https:\/\/www.pressenza.com\/it\/wp-json\/wp\/v2\/media\/2696472"}],"wp:attachment":[{"href":"https:\/\/www.pressenza.com\/it\/wp-json\/wp\/v2\/media?parent=2696468"}],"wp:term":[{"taxonomy":"category","embeddable":true,"href":"https:\/\/www.pressenza.com\/it\/wp-json\/wp\/v2\/categories?post=2696468"},{"taxonomy":"post_tag","embeddable":true,"href":"https:\/\/www.pressenza.com\/it\/wp-json\/wp\/v2\/tags?post=2696468"}],"curies":[{"name":"wp","href":"https:\/\/api.w.org\/{rel}","templated":true}]}}