{"id":2696445,"date":"2026-04-29T12:33:05","date_gmt":"2026-04-29T11:33:05","guid":{"rendered":"https:\/\/www.pressenza.com\/?p=2696445"},"modified":"2026-04-29T12:33:05","modified_gmt":"2026-04-29T11:33:05","slug":"lassemblea-degli-azionisti-di-snam-torna-a-essere-a-porte-chiuse","status":"publish","type":"post","link":"https:\/\/www.pressenza.com\/it\/2026\/04\/lassemblea-degli-azionisti-di-snam-torna-a-essere-a-porte-chiuse\/","title":{"rendered":"L\u2019assemblea degli azionisti di Snam torna a essere a porte chiuse"},"content":{"rendered":"<p><span style=\"font-weight: 400;\">Oggi Recommon non potr\u00e0 intervenire in\u00a0qualit\u00e0 di \u201cazionista critico\u201d all\u2019assemblea degli azionisti di Snam.\u00a0<\/span><b>La societ\u00e0, infatti, dopo aver tenuto le assemblee a porte aperte durante gli ultimi due anni, ha deciso di limitare la partecipazione diretta degli azionisti<\/b><span style=\"font-weight: 400;\">, seguendo l\u2019esempio delle altre grandi multinazionali e banche italiane. In questo modo, denuncia ReCommon, si riducono gli spazi di confronto pubblico su decisioni strategiche di queste grande aziende che sono spesso anche partecipate dallo\u00a0Stato, come Snam.\u00a0<\/span><span style=\"font-weight: 400;\"><br \/>\n<\/span><span style=\"font-weight: 400;\">\u00a0<\/span><span style=\"font-weight: 400;\"><br \/>\n<\/span><b>Nonostante queste limitazioni, ReCommon ha sottoposto a Snam una serie di domande scritte relative al piano di metanizzazione della Sardegna<\/b><span style=\"font-weight: 400;\">, un progetto che punta a introdurre il gas nell\u2019isola con decenni di ritardo, in un contesto storico in cui la priorit\u00e0 dovrebbe essere ridurre la dipendenza dalle fonti fossili e accelerare la transizione energetica. Il piano di metanizzazione della Sardegna partirebbe con una prima fase incentrata con la presenza di una nave rigassificatrice FSRU nel porto di Oristano e la realizzazione di una dorsale di gasdotti per portare il gas fino al Sulcis e Cagliari. La seconda fase prevede un\u2019altra FSRU a Porto Torres, legata per\u00f2 alla possibile conversione a gas della centrale di Fiume Santo di Ep Produzione (filiale della societ\u00e0 ceca EPH), oggi ancora a carbone. Il gas in forma liquida arriverebbe in Sardegna attraverso le cosiddette \u201cvirtual pipeline\u201d, cio\u00e8 navi spola che trasporterebbero il gnl dai rigassificatori dell\u2019Italia continentale, principalmente dal terminale OLT a Livorno, per il quale Snam prevede anche un ampliamento.\u00a0<\/span><span style=\"font-weight: 400;\"><br \/>\n<\/span><span style=\"font-weight: 400;\">\u00a0<\/span><span style=\"font-weight: 400;\"><br \/>\n<\/span><b>Le perplessit\u00e0 di ReCommon riguardano, in particolare, nella Fase 1 del progetto il fatto che oltre il 50% della domanda prevista di gas risulta legata a un unico soggetto industriale, Eurallumina. <\/b><span style=\"font-weight: 400;\">Snam afferma che il progetto della dorsale sud resta economicamente sostenibile anche senza il contributo della domanda di Eurallumina. Questa la risposta fornita dalla societ\u00e0:\u00a0<\/span><i><span style=\"font-weight: 400;\">\u201cSono state effettuate delle analisi di sensitivit\u00e0 sulla potenziale variazione della domanda attesa, che confermano come i benefici della metanizzazione siano comunque superiori ai costi nel periodo considerato, anche in presenza di una domanda significativamente inferiore\u201d<\/span><\/i><span style=\"font-weight: 400;\">.<\/span><\/p>\n<p><b>Questa affermazione\u00a0rappresenta un elemento di forte vulnerabilit\u00e0, anche perch\u00e9 Eurallumina non \u00e8 oggi un consumatore industriale attivo.<\/b><span style=\"font-weight: 400;\"> Lo stabilimento \u00e8 in forte crisi e non produce pi\u00f9 dal 2009. Nel piano decennale di Snam ed Enura, Eurallumina viene comunque considerata come principale driver della domanda futura di gas in Sardegna. ReCommon crede sia rischioso legare la realizzazione di un ampio progetto infrastrutturale a un impianto che non \u00e8 operativo da oltre dieci anni e la cui riattivazione resta incerta e costosa. L\u2019associazione\u00a0solleva dubbi sulla solidit\u00e0 degli scenari delineati da\u00a0Snam, specialmente in assenza dell\u2019eventuale impiego del gas da parte di Eurallumina.<\/span><span style=\"font-weight: 400;\"><br \/>\n<\/span><span style=\"font-weight: 400;\">\u00a0<\/span><span style=\"font-weight: 400;\"><br \/>\n<\/span><b>Sempre in merito al progetto di metanizzazione della Sardegna,\u00a0permangono\u00a0poi forti criticit\u00e0 legate all\u2019assenza di un\u2019analisi costi-benefici recente, indipendente e trasparente. <\/b><span style=\"font-weight: 400;\">Le analisi finora richiamate da Snam risultano infatti basate su studi antecedenti alle profonde trasformazioni del contesto energetico mondiale e italiano, determinate dalla\u00a0crisi del 2021-2022 e da quella attuale, che hanno provocato un\u2019estrema volatilit\u00e0 dei prezzi e delle forniture di gas. In questo contesto, la Sardegna potrebbe rappresentare un caso emblematico di transizione diretta dal carbone a un sistema energetico maggiormente elettrificato e autosufficiente, senza un passaggio strutturale al gas, opzione che ad oggi non sembra nemmeno essere stata valutata.\u00a0Nelle risposte che Snam ha fornito a ReCommon su questo tema, la societ\u00e0 fa sempre riferimento a un\u2019analisi costi-benefici aggiornata nell\u2019ambito del Piano Unico di Sviluppo 2025\u20132034, precisando che si tratta di una revisione interna elaborata dagli stessi soggetti promotori dell\u2019infrastruttura e non di una nuova valutazione indipendente esterna.<\/span><span style=\"font-weight: 400;\"><br \/>\n<\/span><span style=\"font-weight: 400;\">\u00a0<\/span><span style=\"font-weight: 400;\"><br \/>\n<\/span><span style=\"font-weight: 400;\">Un altro elemento di incertezza che rimane \u00e8 sulla coerenza tra il progetto di Snam, le infrastrutture previste tra fase 1 e fase 2 della metanizzazione e l\u2019effettiva domanda di gas dell\u2019isola, anche considerando la mancanza di dati pubblici dettagliati e indipendenti su domanda attesa, scenari di consumi e il livello di utilizzo delle infrastrutture previste nel medio e lungo periodo.<\/span><span style=\"font-weight: 400;\"><br \/>\n<\/span><span style=\"font-weight: 400;\">\u00a0<\/span><span style=\"font-weight: 400;\"><br \/>\n<\/span><span style=\"font-weight: 400;\">\u00abIl piano di Snam allarga alla Sardegna la dipendenza dal gas, e in particolare dal gas naturale liquefatto importato,\u00a0di cui soffre il sistema economico italiano, e chiude gli spazi per costruire\u00a0 un sistema energetico realmente sostenibile. Questo carica sulle spalle delle generazioni future dei costi che n\u00e9 Snam, n\u00e9 il\u00a0 governo vogliono stimare, e che si aggiungono ai gravi danni alla salute\u00a0 delle persone e all\u2019ambiente generati dal carbone\u00bb ha affermato Paola Matova di ReCommon.<\/span><\/p>\n","protected":false},"excerpt":{"rendered":"<p>Oggi Recommon non potr\u00e0 intervenire in\u00a0qualit\u00e0 di \u201cazionista critico\u201d all\u2019assemblea degli azionisti di Snam.\u00a0La societ\u00e0, infatti, dopo aver tenuto le assemblee a porte aperte durante gli ultimi due anni, ha deciso di limitare la partecipazione diretta degli azionisti, seguendo l\u2019esempio&hellip;<\/p>\n","protected":false},"author":830,"featured_media":932096,"comment_status":"closed","ping_status":"closed","sticky":false,"template":"","format":"standard","meta":{"footnotes":""},"categories":[150,59,62],"tags":[156084,156085,64745,6116,42947],"class_list":["post-2696445","post","type-post","status-publish","format-standard","has-post-thumbnail","hentry","category-comunicati-stampa","category-ambiente-ecologia","category-economia","tag-eurallumina","tag-metanizzazione","tag-metanizzazione-della-sardegna","tag-sardegna","tag-snam"],"yoast_head":"<!-- This site is optimized with the Yoast SEO plugin v27.1.1 - https:\/\/yoast.com\/product\/yoast-seo-wordpress\/ -->\n<title>L\u2019assemblea degli azionisti di Snam torna a essere a porte chiuse<\/title>\n<meta name=\"description\" content=\"Oggi Recommon non potr\u00e0 intervenire in\u00a0qualit\u00e0 di \u201cazionista critico\u201d all\u2019assemblea degli azionisti di Snam.\u00a0La societ\u00e0, infatti, dopo aver tenuto le\" \/>\n<meta name=\"robots\" content=\"index, follow, max-snippet:-1, max-image-preview:large, max-video-preview:-1\" \/>\n<link rel=\"canonical\" href=\"https:\/\/www.pressenza.com\/it\/2026\/04\/lassemblea-degli-azionisti-di-snam-torna-a-essere-a-porte-chiuse\/\" \/>\n<meta property=\"og:locale\" content=\"it_IT\" \/>\n<meta property=\"og:type\" content=\"article\" \/>\n<meta property=\"og:title\" content=\"L\u2019assemblea degli azionisti di Snam torna a essere a porte chiuse\" \/>\n<meta property=\"og:description\" content=\"Oggi Recommon non potr\u00e0 intervenire in\u00a0qualit\u00e0 di \u201cazionista critico\u201d all\u2019assemblea degli azionisti di Snam.\u00a0La societ\u00e0, infatti, dopo aver tenuto le\" \/>\n<meta property=\"og:url\" content=\"https:\/\/www.pressenza.com\/it\/2026\/04\/lassemblea-degli-azionisti-di-snam-torna-a-essere-a-porte-chiuse\/\" \/>\n<meta property=\"og:site_name\" content=\"Pressenza\" \/>\n<meta property=\"article:publisher\" content=\"https:\/\/www.facebook.com\/PressenzaItalia\" \/>\n<meta property=\"article:author\" content=\"https:\/\/www.facebook.com\/Recommon\" \/>\n<meta property=\"article:published_time\" content=\"2026-04-29T11:33:05+00:00\" \/>\n<meta property=\"og:image\" content=\"https:\/\/www.pressenza.com\/wp-content\/uploads\/2019\/10\/Sardegna-Metano-457x300.jpg\" \/>\n\t<meta property=\"og:image:width\" content=\"457\" \/>\n\t<meta property=\"og:image:height\" content=\"300\" \/>\n\t<meta property=\"og:image:type\" content=\"image\/jpeg\" \/>\n<meta name=\"author\" content=\"Re: Common\" \/>\n<meta name=\"twitter:card\" content=\"summary_large_image\" \/>\n<meta name=\"twitter:creator\" content=\"@Recommon\" \/>\n<meta name=\"twitter:site\" content=\"@PressenzaIPA\" \/>\n<meta name=\"twitter:label1\" content=\"Scritto da\" \/>\n\t<meta name=\"twitter:data1\" content=\"Re: Common\" \/>\n\t<meta name=\"twitter:label2\" content=\"Tempo di lettura stimato\" \/>\n\t<meta name=\"twitter:data2\" content=\"5 minuti\" \/>\n<script type=\"application\/ld+json\" class=\"yoast-schema-graph\">{\"@context\":\"https:\/\/schema.org\",\"@graph\":[{\"@type\":\"Article\",\"@id\":\"https:\/\/www.pressenza.com\/it\/2026\/04\/lassemblea-degli-azionisti-di-snam-torna-a-essere-a-porte-chiuse\/#article\",\"isPartOf\":{\"@id\":\"https:\/\/www.pressenza.com\/it\/2026\/04\/lassemblea-degli-azionisti-di-snam-torna-a-essere-a-porte-chiuse\/\"},\"author\":{\"name\":\"Re: Common\",\"@id\":\"https:\/\/www.pressenza.com\/it\/#\/schema\/person\/12ea18b6ff3fa1964b7976aee7a9434b\"},\"headline\":\"L\u2019assemblea degli azionisti di Snam torna a essere a porte chiuse\",\"datePublished\":\"2026-04-29T11:33:05+00:00\",\"mainEntityOfPage\":{\"@id\":\"https:\/\/www.pressenza.com\/it\/2026\/04\/lassemblea-degli-azionisti-di-snam-torna-a-essere-a-porte-chiuse\/\"},\"wordCount\":745,\"publisher\":{\"@id\":\"https:\/\/www.pressenza.com\/it\/#organization\"},\"image\":{\"@id\":\"https:\/\/www.pressenza.com\/it\/2026\/04\/lassemblea-degli-azionisti-di-snam-torna-a-essere-a-porte-chiuse\/#primaryimage\"},\"thumbnailUrl\":\"https:\/\/www.pressenza.com\/wp-content\/uploads\/2019\/10\/Sardegna-Metano-457x300.jpg\",\"keywords\":[\"Eurallumina\",\"metanizzazione\",\"metanizzazione della Sardegna\",\"Sardegna\",\"SNAM\"],\"articleSection\":[\"Comunicati Stampa\",\"Ecologia ed Ambiente\",\"Economia\"],\"inLanguage\":\"it-IT\"},{\"@type\":\"WebPage\",\"@id\":\"https:\/\/www.pressenza.com\/it\/2026\/04\/lassemblea-degli-azionisti-di-snam-torna-a-essere-a-porte-chiuse\/\",\"url\":\"https:\/\/www.pressenza.com\/it\/2026\/04\/lassemblea-degli-azionisti-di-snam-torna-a-essere-a-porte-chiuse\/\",\"name\":\"L\u2019assemblea degli azionisti di Snam torna a essere a porte chiuse\",\"isPartOf\":{\"@id\":\"https:\/\/www.pressenza.com\/it\/#website\"},\"primaryImageOfPage\":{\"@id\":\"https:\/\/www.pressenza.com\/it\/2026\/04\/lassemblea-degli-azionisti-di-snam-torna-a-essere-a-porte-chiuse\/#primaryimage\"},\"image\":{\"@id\":\"https:\/\/www.pressenza.com\/it\/2026\/04\/lassemblea-degli-azionisti-di-snam-torna-a-essere-a-porte-chiuse\/#primaryimage\"},\"thumbnailUrl\":\"https:\/\/www.pressenza.com\/wp-content\/uploads\/2019\/10\/Sardegna-Metano-457x300.jpg\",\"datePublished\":\"2026-04-29T11:33:05+00:00\",\"description\":\"Oggi Recommon non potr\u00e0 intervenire in\u00a0qualit\u00e0 di \u201cazionista critico\u201d all\u2019assemblea degli azionisti di Snam.\u00a0La societ\u00e0, infatti, dopo aver tenuto le\",\"breadcrumb\":{\"@id\":\"https:\/\/www.pressenza.com\/it\/2026\/04\/lassemblea-degli-azionisti-di-snam-torna-a-essere-a-porte-chiuse\/#breadcrumb\"},\"inLanguage\":\"it-IT\",\"potentialAction\":[{\"@type\":\"ReadAction\",\"target\":[\"https:\/\/www.pressenza.com\/it\/2026\/04\/lassemblea-degli-azionisti-di-snam-torna-a-essere-a-porte-chiuse\/\"]}]},{\"@type\":\"ImageObject\",\"inLanguage\":\"it-IT\",\"@id\":\"https:\/\/www.pressenza.com\/it\/2026\/04\/lassemblea-degli-azionisti-di-snam-torna-a-essere-a-porte-chiuse\/#primaryimage\",\"url\":\"https:\/\/www.pressenza.com\/wp-content\/uploads\/2019\/10\/Sardegna-Metano-457x300.jpg\",\"contentUrl\":\"https:\/\/www.pressenza.com\/wp-content\/uploads\/2019\/10\/Sardegna-Metano-457x300.jpg\",\"width\":457,\"height\":300},{\"@type\":\"BreadcrumbList\",\"@id\":\"https:\/\/www.pressenza.com\/it\/2026\/04\/lassemblea-degli-azionisti-di-snam-torna-a-essere-a-porte-chiuse\/#breadcrumb\",\"itemListElement\":[{\"@type\":\"ListItem\",\"position\":1,\"name\":\"Accueil\",\"item\":\"https:\/\/www.pressenza.com\/it\/\"},{\"@type\":\"ListItem\",\"position\":2,\"name\":\"L\u2019assemblea degli azionisti di Snam torna a essere a porte chiuse\"}]},{\"@type\":\"WebSite\",\"@id\":\"https:\/\/www.pressenza.com\/it\/#website\",\"url\":\"https:\/\/www.pressenza.com\/it\/\",\"name\":\"Pressenza\",\"description\":\"Agenzia di Stampa Internazionale\",\"publisher\":{\"@id\":\"https:\/\/www.pressenza.com\/it\/#organization\"},\"potentialAction\":[{\"@type\":\"SearchAction\",\"target\":{\"@type\":\"EntryPoint\",\"urlTemplate\":\"https:\/\/www.pressenza.com\/it\/?s={search_term_string}\"},\"query-input\":{\"@type\":\"PropertyValueSpecification\",\"valueRequired\":true,\"valueName\":\"search_term_string\"}}],\"inLanguage\":\"it-IT\"},{\"@type\":\"Organization\",\"@id\":\"https:\/\/www.pressenza.com\/it\/#organization\",\"name\":\"Pressenza\",\"url\":\"https:\/\/www.pressenza.com\/it\/\",\"logo\":{\"@type\":\"ImageObject\",\"inLanguage\":\"it-IT\",\"@id\":\"https:\/\/www.pressenza.com\/it\/#\/schema\/logo\/image\/\",\"url\":\"https:\/\/www.pressenza.com\/wp-content\/uploads\/2022\/10\/pressenza_logo_200x200.jpg\",\"contentUrl\":\"https:\/\/www.pressenza.com\/wp-content\/uploads\/2022\/10\/pressenza_logo_200x200.jpg\",\"width\":200,\"height\":200,\"caption\":\"Pressenza\"},\"image\":{\"@id\":\"https:\/\/www.pressenza.com\/it\/#\/schema\/logo\/image\/\"},\"sameAs\":[\"https:\/\/www.facebook.com\/PressenzaItalia\",\"https:\/\/x.com\/PressenzaIPA\"]},{\"@type\":\"Person\",\"@id\":\"https:\/\/www.pressenza.com\/it\/#\/schema\/person\/12ea18b6ff3fa1964b7976aee7a9434b\",\"name\":\"Re: Common\",\"description\":\"L\u2019associazione Re:Common ha raccolto il testimone dalla Campagna per la riforma della Banca mondiale (CRBM), rinnovando il suo impegno a sottrarre al mercato e alle istituzioni finanziarie private e pubbliche, come Banca mondiale e Banca europea per gli investimenti, il controllo delle risorse naturali, restituendone l\u2019accesso e la gestione diretta ai cittadini tramite politiche di partecipazione attiva. Politiche che devono facilitare la nascita di nuovi meccanismi per il finanziamento pubblico dei beni comuni a livello nazionale e globale. Lo strumento utilizzato per raggiungere questi obiettivi cos\u00ec fondamentali per il futuro del Pianeta \u00e8 quello delle campagne pubbliche contro la finanziarizzazione della natura e per una gestione democratica dei beni comuni, che Re:Common promuove in maniera diretta e a cui partecipa sostenendo l\u2019attivit\u00e0 dei movimenti sociali in Italia e nel resto del mondo. www.recommon.org\",\"sameAs\":[\"https:\/\/www.facebook.com\/Recommon\",\"https:\/\/x.com\/Recommon\"],\"url\":\"https:\/\/www.pressenza.com\/it\/author\/re-common\/\"}]}<\/script>\n<!-- \/ Yoast SEO plugin. -->","yoast_head_json":{"title":"L\u2019assemblea degli azionisti di Snam torna a essere a porte chiuse","description":"Oggi Recommon non potr\u00e0 intervenire in\u00a0qualit\u00e0 di \u201cazionista critico\u201d all\u2019assemblea degli azionisti di Snam.\u00a0La societ\u00e0, infatti, dopo aver tenuto le","robots":{"index":"index","follow":"follow","max-snippet":"max-snippet:-1","max-image-preview":"max-image-preview:large","max-video-preview":"max-video-preview:-1"},"canonical":"https:\/\/www.pressenza.com\/it\/2026\/04\/lassemblea-degli-azionisti-di-snam-torna-a-essere-a-porte-chiuse\/","og_locale":"it_IT","og_type":"article","og_title":"L\u2019assemblea degli azionisti di Snam torna a essere a porte chiuse","og_description":"Oggi Recommon non potr\u00e0 intervenire in\u00a0qualit\u00e0 di \u201cazionista critico\u201d all\u2019assemblea degli azionisti di Snam.\u00a0La societ\u00e0, infatti, dopo aver tenuto le","og_url":"https:\/\/www.pressenza.com\/it\/2026\/04\/lassemblea-degli-azionisti-di-snam-torna-a-essere-a-porte-chiuse\/","og_site_name":"Pressenza","article_publisher":"https:\/\/www.facebook.com\/PressenzaItalia","article_author":"https:\/\/www.facebook.com\/Recommon","article_published_time":"2026-04-29T11:33:05+00:00","og_image":[{"width":457,"height":300,"url":"https:\/\/www.pressenza.com\/wp-content\/uploads\/2019\/10\/Sardegna-Metano-457x300.jpg","type":"image\/jpeg"}],"author":"Re: Common","twitter_card":"summary_large_image","twitter_creator":"@Recommon","twitter_site":"@PressenzaIPA","twitter_misc":{"Scritto da":"Re: Common","Tempo di lettura stimato":"5 minuti"},"schema":{"@context":"https:\/\/schema.org","@graph":[{"@type":"Article","@id":"https:\/\/www.pressenza.com\/it\/2026\/04\/lassemblea-degli-azionisti-di-snam-torna-a-essere-a-porte-chiuse\/#article","isPartOf":{"@id":"https:\/\/www.pressenza.com\/it\/2026\/04\/lassemblea-degli-azionisti-di-snam-torna-a-essere-a-porte-chiuse\/"},"author":{"name":"Re: Common","@id":"https:\/\/www.pressenza.com\/it\/#\/schema\/person\/12ea18b6ff3fa1964b7976aee7a9434b"},"headline":"L\u2019assemblea degli azionisti di Snam torna a essere a porte chiuse","datePublished":"2026-04-29T11:33:05+00:00","mainEntityOfPage":{"@id":"https:\/\/www.pressenza.com\/it\/2026\/04\/lassemblea-degli-azionisti-di-snam-torna-a-essere-a-porte-chiuse\/"},"wordCount":745,"publisher":{"@id":"https:\/\/www.pressenza.com\/it\/#organization"},"image":{"@id":"https:\/\/www.pressenza.com\/it\/2026\/04\/lassemblea-degli-azionisti-di-snam-torna-a-essere-a-porte-chiuse\/#primaryimage"},"thumbnailUrl":"https:\/\/www.pressenza.com\/wp-content\/uploads\/2019\/10\/Sardegna-Metano-457x300.jpg","keywords":["Eurallumina","metanizzazione","metanizzazione della Sardegna","Sardegna","SNAM"],"articleSection":["Comunicati Stampa","Ecologia ed Ambiente","Economia"],"inLanguage":"it-IT"},{"@type":"WebPage","@id":"https:\/\/www.pressenza.com\/it\/2026\/04\/lassemblea-degli-azionisti-di-snam-torna-a-essere-a-porte-chiuse\/","url":"https:\/\/www.pressenza.com\/it\/2026\/04\/lassemblea-degli-azionisti-di-snam-torna-a-essere-a-porte-chiuse\/","name":"L\u2019assemblea degli azionisti di Snam torna a essere a porte chiuse","isPartOf":{"@id":"https:\/\/www.pressenza.com\/it\/#website"},"primaryImageOfPage":{"@id":"https:\/\/www.pressenza.com\/it\/2026\/04\/lassemblea-degli-azionisti-di-snam-torna-a-essere-a-porte-chiuse\/#primaryimage"},"image":{"@id":"https:\/\/www.pressenza.com\/it\/2026\/04\/lassemblea-degli-azionisti-di-snam-torna-a-essere-a-porte-chiuse\/#primaryimage"},"thumbnailUrl":"https:\/\/www.pressenza.com\/wp-content\/uploads\/2019\/10\/Sardegna-Metano-457x300.jpg","datePublished":"2026-04-29T11:33:05+00:00","description":"Oggi Recommon non potr\u00e0 intervenire in\u00a0qualit\u00e0 di \u201cazionista critico\u201d all\u2019assemblea degli azionisti di Snam.\u00a0La societ\u00e0, infatti, dopo aver tenuto le","breadcrumb":{"@id":"https:\/\/www.pressenza.com\/it\/2026\/04\/lassemblea-degli-azionisti-di-snam-torna-a-essere-a-porte-chiuse\/#breadcrumb"},"inLanguage":"it-IT","potentialAction":[{"@type":"ReadAction","target":["https:\/\/www.pressenza.com\/it\/2026\/04\/lassemblea-degli-azionisti-di-snam-torna-a-essere-a-porte-chiuse\/"]}]},{"@type":"ImageObject","inLanguage":"it-IT","@id":"https:\/\/www.pressenza.com\/it\/2026\/04\/lassemblea-degli-azionisti-di-snam-torna-a-essere-a-porte-chiuse\/#primaryimage","url":"https:\/\/www.pressenza.com\/wp-content\/uploads\/2019\/10\/Sardegna-Metano-457x300.jpg","contentUrl":"https:\/\/www.pressenza.com\/wp-content\/uploads\/2019\/10\/Sardegna-Metano-457x300.jpg","width":457,"height":300},{"@type":"BreadcrumbList","@id":"https:\/\/www.pressenza.com\/it\/2026\/04\/lassemblea-degli-azionisti-di-snam-torna-a-essere-a-porte-chiuse\/#breadcrumb","itemListElement":[{"@type":"ListItem","position":1,"name":"Accueil","item":"https:\/\/www.pressenza.com\/it\/"},{"@type":"ListItem","position":2,"name":"L\u2019assemblea degli azionisti di Snam torna a essere a porte chiuse"}]},{"@type":"WebSite","@id":"https:\/\/www.pressenza.com\/it\/#website","url":"https:\/\/www.pressenza.com\/it\/","name":"Pressenza","description":"Agenzia di Stampa Internazionale","publisher":{"@id":"https:\/\/www.pressenza.com\/it\/#organization"},"potentialAction":[{"@type":"SearchAction","target":{"@type":"EntryPoint","urlTemplate":"https:\/\/www.pressenza.com\/it\/?s={search_term_string}"},"query-input":{"@type":"PropertyValueSpecification","valueRequired":true,"valueName":"search_term_string"}}],"inLanguage":"it-IT"},{"@type":"Organization","@id":"https:\/\/www.pressenza.com\/it\/#organization","name":"Pressenza","url":"https:\/\/www.pressenza.com\/it\/","logo":{"@type":"ImageObject","inLanguage":"it-IT","@id":"https:\/\/www.pressenza.com\/it\/#\/schema\/logo\/image\/","url":"https:\/\/www.pressenza.com\/wp-content\/uploads\/2022\/10\/pressenza_logo_200x200.jpg","contentUrl":"https:\/\/www.pressenza.com\/wp-content\/uploads\/2022\/10\/pressenza_logo_200x200.jpg","width":200,"height":200,"caption":"Pressenza"},"image":{"@id":"https:\/\/www.pressenza.com\/it\/#\/schema\/logo\/image\/"},"sameAs":["https:\/\/www.facebook.com\/PressenzaItalia","https:\/\/x.com\/PressenzaIPA"]},{"@type":"Person","@id":"https:\/\/www.pressenza.com\/it\/#\/schema\/person\/12ea18b6ff3fa1964b7976aee7a9434b","name":"Re: Common","description":"L\u2019associazione Re:Common ha raccolto il testimone dalla Campagna per la riforma della Banca mondiale (CRBM), rinnovando il suo impegno a sottrarre al mercato e alle istituzioni finanziarie private e pubbliche, come Banca mondiale e Banca europea per gli investimenti, il controllo delle risorse naturali, restituendone l\u2019accesso e la gestione diretta ai cittadini tramite politiche di partecipazione attiva. Politiche che devono facilitare la nascita di nuovi meccanismi per il finanziamento pubblico dei beni comuni a livello nazionale e globale. Lo strumento utilizzato per raggiungere questi obiettivi cos\u00ec fondamentali per il futuro del Pianeta \u00e8 quello delle campagne pubbliche contro la finanziarizzazione della natura e per una gestione democratica dei beni comuni, che Re:Common promuove in maniera diretta e a cui partecipa sostenendo l\u2019attivit\u00e0 dei movimenti sociali in Italia e nel resto del mondo. www.recommon.org","sameAs":["https:\/\/www.facebook.com\/Recommon","https:\/\/x.com\/Recommon"],"url":"https:\/\/www.pressenza.com\/it\/author\/re-common\/"}]}},"place":"Roma","original_article_url":"","_links":{"self":[{"href":"https:\/\/www.pressenza.com\/it\/wp-json\/wp\/v2\/posts\/2696445","targetHints":{"allow":["GET"]}}],"collection":[{"href":"https:\/\/www.pressenza.com\/it\/wp-json\/wp\/v2\/posts"}],"about":[{"href":"https:\/\/www.pressenza.com\/it\/wp-json\/wp\/v2\/types\/post"}],"author":[{"embeddable":true,"href":"https:\/\/www.pressenza.com\/it\/wp-json\/wp\/v2\/users\/830"}],"replies":[{"embeddable":true,"href":"https:\/\/www.pressenza.com\/it\/wp-json\/wp\/v2\/comments?post=2696445"}],"version-history":[{"count":1,"href":"https:\/\/www.pressenza.com\/it\/wp-json\/wp\/v2\/posts\/2696445\/revisions"}],"predecessor-version":[{"id":2696448,"href":"https:\/\/www.pressenza.com\/it\/wp-json\/wp\/v2\/posts\/2696445\/revisions\/2696448"}],"wp:featuredmedia":[{"embeddable":true,"href":"https:\/\/www.pressenza.com\/it\/wp-json\/wp\/v2\/media\/932096"}],"wp:attachment":[{"href":"https:\/\/www.pressenza.com\/it\/wp-json\/wp\/v2\/media?parent=2696445"}],"wp:term":[{"taxonomy":"category","embeddable":true,"href":"https:\/\/www.pressenza.com\/it\/wp-json\/wp\/v2\/categories?post=2696445"},{"taxonomy":"post_tag","embeddable":true,"href":"https:\/\/www.pressenza.com\/it\/wp-json\/wp\/v2\/tags?post=2696445"}],"curies":[{"name":"wp","href":"https:\/\/api.w.org\/{rel}","templated":true}]}}