{"id":2696431,"date":"2026-04-29T11:05:42","date_gmt":"2026-04-29T10:05:42","guid":{"rendered":"https:\/\/www.pressenza.com\/?p=2696431"},"modified":"2026-04-29T11:05:42","modified_gmt":"2026-04-29T10:05:42","slug":"comunicazione-la-tv-resta-regina-mentre-i-quotidiani-cartacei-crollano-al-minimo-storico","status":"publish","type":"post","link":"https:\/\/www.pressenza.com\/it\/2026\/04\/comunicazione-la-tv-resta-regina-mentre-i-quotidiani-cartacei-crollano-al-minimo-storico\/","title":{"rendered":"Comunicazione: la tv resta regina, mentre i quotidiani cartacei crollano al minimo storico"},"content":{"rendered":"<p><span style=\"font-weight: 400;\">Scende la tv tradizionale, ma sale la tv via internet. Nel 21\u00b0 Rapporto sulla comunicazione nel 2025 del CENSIS l\u2019uso di tutti i <\/span><i><span style=\"font-weight: 400;\">media<\/span><\/i><span style=\"font-weight: 400;\"> appare cristallizzato. La televisione nel suo complesso \u00e8 stabile con una quota complessiva pari al 93,2% dell\u2019utenza. Tuttavia, <\/span><b>si registra un calo della televisione tradizionale<\/b><span style=\"font-weight: 400;\">, diminuita in un anno di 3,6 punti percentuali (79,5%). Questa flessione \u00e8 <\/span><b>compensata dall\u2019ascesa della televisione via internet<\/b><span style=\"font-weight: 400;\">: la web tv nell\u2019ultimo anno ha raggiunto il 62,0% (+3,6 punti), mentre la mobile tv si \u00e8 attestata al 38,6% (+3,7 punti). Resta stabile la tv satellitare con il 47,8% degli utenti. La radio resta invece intramontabile: l\u2019autoradio, con un\u2019utenza complessiva pari al 70,0% (+1,2 punti percentuali nell\u2019ultimo anno) rimane lo strumento prediletto; d\u2019altra parte, la radio tradizionale resta salda al 46,8%. Sul fronte dell\u2019ascolto digitale, <\/span><b>la radio tramite <\/b><b><i>smartphone<\/i><\/b><b> registra l\u2019aumento pi\u00f9 interessante<\/b><span style=\"font-weight: 400;\"> (+2,8%), e raggiunge il 28,2%; la radio da internet si attesta al 18,0%. Nel 2025 si conferma ormai consolidato l\u2019impiego di internet da parte degli italiani ma in via di saturazione: sono il 90,4% gli utenti (solo lo 0,3% in pi\u00f9 rispetto al 2024). Si evidenzia una sovrapposizione con gli utilizzatori degli <\/span><i><span style=\"font-weight: 400;\">smartphone <\/span><\/i><span style=\"font-weight: 400;\">che sono il 90,3% e con i social network che si attestano all\u201986,2%. In entrambi i casi l\u2019incremento \u00e8 nel segno della stabilit\u00e0 (circa un punto percentuale in pi\u00f9). Quanto ai giornali, <\/span><b>la carta stampata \u00e8 in crisi e l\u2019<\/b><b><i>online <\/i><\/b><b>in affanno<\/b><span style=\"font-weight: 400;\">: i quotidiani cartacei a pagamento nel 2025 hanno toccato il picco minimo con il 21,0% (-46 punti percentuali dal 2007). Si registra ancora una limatura dei lettori dei mensili (-1,1% rispetto al 2024) che arrivano a 15,8%, mentre i settimanali restano stabili al 18,0%. Stabilit\u00e0 anche per gli utenti dei quotidiani online (sono il 29,9%) con un decremento solo dello 0,5%, mentre scendono in maniera significativa i siti web d\u2019informazione, calati del 4,3% (56,7%). Torna invece positiva la curva dei libri<\/span><b>: nel 2025, riprende il <\/b><b><i>trend<\/i><\/b><b> di crescita dei lettori di libri, con il 42,4% degli italiani ha letto almeno un libro cartaceo, con un aumento del 2,3%.<\/b><span style=\"font-weight: 400;\"> La ripresa non riguarda i lettori di <\/span><i><span style=\"font-weight: 400;\">e-book<\/span><\/i><span style=\"font-weight: 400;\"> che non si sbloccano rimanendo stabili al 13,8% (+0,4%). <\/span><b>Tra i giovani (14-29 anni) si conferma la maggiore tendenza a frequentare i <\/b><b><i>social networ<\/i><\/b><b>k<\/b><span style=\"font-weight: 400;\">. Tuttavia, si assiste a una lieve contrazione: <\/span><b>il 74,8% dei giovani dichiara di utilizzare <\/b><b><i>Instagram<\/i><\/b><span style=\"font-weight: 400;\"> (-3,3% nel 2024); <\/span><b>il 76,9% dei giovani \u00e8 utente di <\/b><b><i>YouTube<\/i><\/b><span style=\"font-weight: 400;\"> (contro il 77,6% dell\u2019anno precedente); <\/span><b>regge meglio <\/b><b><i>TikTo<\/i><\/b><b>k con il 64,5%<\/b><span style=\"font-weight: 400;\"> (erano il 64,2%). Molto presenti i giovani sulle piattaforme di messaggistica (<\/span><i><span style=\"font-weight: 400;\">quasi totalmente rappresentati su <\/span><\/i><b><i>WhatsApp<\/i><\/b><i><span style=\"font-weight: 400;\"> con l\u201988,6%)<\/span><\/i><span style=\"font-weight: 400;\"> e sulle <\/span><i><span style=\"font-weight: 400;\">multipurpose<\/span><\/i><span style=\"font-weight: 400;\"> come <\/span><b><i>Amazon<\/i><\/b><span style=\"font-weight: 400;\"> (50,8%), dove per\u00f2 sono presenti in maniera ancor pi\u00f9 significativa le altre fasce d\u2019et\u00e0. Per i giovani \u00e8 attraente <\/span><b><i>Spotify<\/i><\/b><span style=\"font-weight: 400;\"> (la utilizza il 49,8%), e <\/span><b>in espansione il mondo delle piattaforme di videogioch<\/b><span style=\"font-weight: 400;\">i (seguito dal 39,7%).<\/span><\/p>\n<p><span style=\"font-weight: 400;\">Oggi le prime tre fonti di informazione pi\u00f9 utilizzate dagli italiani sono stabili o in flessione: <\/span><b>i telegiornali<\/b><span style=\"font-weight: 400;\"> che, con il 43,9%, <\/span><b>continuano a rappresentare un punto di riferimento per una parte rilevante della popolazione<\/b><span style=\"font-weight: 400;\">, <\/span><b>registrano una diminuzione di 3,8 punti percentuali<\/b><span style=\"font-weight: 400;\">; <\/span><b><i>Facebook <\/i><\/b><span style=\"font-weight: 400;\">(33,1%), <\/span><b>cala di 3,3 punti<\/b><span style=\"font-weight: 400;\">; sostanziale stabilit\u00e0 per i motori di ricerca che sono seguiti dal 23,2% della popolazione. <\/span><b>Scendono sia i siti di informazione<\/b><span style=\"font-weight: 400;\"> (-2,5%) <\/span><b>che le televisioni <\/b><b><i>all news<\/i><\/b><span style=\"font-weight: 400;\"> (-2,3%) (che si attestano rispettivamente al 14,7% e al 16,6%). <\/span><b>Tengono relativamente meglio <\/b><b><i>i social network<\/i><\/b><span style=\"font-weight: 400;\">: <\/span><b><i>TikTok<\/i><\/b><span style=\"font-weight: 400;\"> con un calo solamente dell\u20191,9% e <\/span><b><i>Instagram <\/i><\/b><span style=\"font-weight: 400;\">dell\u20191,2% rispettivamente registrano il 12,5% e il 15,5% dell\u2019utenza. Gli aumenti sono sporadici e raramente significativi, nella parte alta della graduatoria si rileva solo quello del <\/span><b>Gr Radio<\/b><span style=\"font-weight: 400;\"> (+1,7%). <\/span><b>Sono 7 italiani su 10 tra quanti usano i social a includere i <\/b><b><i>reel<\/i><\/b><b> nell\u2019universo dell\u2019informazione<\/b><span style=\"font-weight: 400;\">; il 23,6% li considera intrinsecamente superficiali e per il 21,3% sono distrazioni che solo raramente producono conoscenza autentica, ma per il 18,6% sono pi\u00f9 immediati, per il 13,1% pi\u00f9 coinvolgenti, per il 9,8% pi\u00f9 accessibili, per l\u20198,2% complementari alle fonti tradizionali.\u00a0<\/span><\/p>\n<p><b>Gli utenti provano ad orientarsi nelle paludi mediatiche alla ricerca di punti fermi in maniera attiva<\/b><span style=\"font-weight: 400;\">: il 66,4% della popolazione verifica sempre, spesso o a volte la veridicit\u00e0 delle notizie diffuse dai media principali; il 59,5% della popolazione cerca di evitare di informarsi attraverso i media pi\u00f9 diffusi; il 58,0% (di cui il 23,1% sempre o spesso e il 34,9% a volte) legge come vengono riportate le notizie dai media pi\u00f9 diffusi per scovare le interpretazioni ideologiche. Emerge anche una tendenza a informarsi non in maniera acritica o ingenua: il 60,6% si informa sempre, spesso o a volte su temi di cui i media pi\u00f9 diffusi parlano poco o niente; il 64,6% ha l\u2019abitudine di verificare le notizie riportate dai media indipendenti o dalle fonti alternative. <\/span><b>Per quanto riguarda i comportamenti attraverso cui gli italiani acquisiscono informazioni affidabili, il 49,1% della popolazione ha l\u2019abitudine di seguire autori su temi specifici perch\u00e9 condividono la loro visione del mondo<\/b><span style=\"font-weight: 400;\">, il 52,2% usa sempre, spesso o a volte i social per trovare interpretazioni indipendenti, mentre la fetta di persone che paga per avere informazione indipendente \u00e8 il 25,5% (tra chi lo fa sempre, spesso o a volte). <\/span><b>La maggioranza degli italiani (il 61,6%) dichiara che non si sentirebbe a proprio agio a informarsi attraverso un mezzo interamente generato dall\u2019IA<\/b><span style=\"font-weight: 400;\">; tuttavia, vi \u00e8 anche una schiera non indifferente di persone che sono favorevoli (38,4%). Di queste, il 30,1% si dichiara disposto a farlo a patto che i contenuti siano supervisionati da esseri umani, mentre un pi\u00f9 fiducioso 8,3% accetterebbe anche nel caso in cui fossero completamente gestiti dall\u2019IA. Tra coloro che si sono dimostrati contrari, le ragioni sono attribuite sia al rischio di disinformazione o <\/span><i><span style=\"font-weight: 400;\">fake news<\/span><\/i><span style=\"font-weight: 400;\"> (34,8%), sia perch\u00e9 si tende ancora a dare maggiore valore ad un prodotto creato dagli uomini (26,8%).<\/span><\/p>\n<p><b>Qui<\/b><span style=\"font-weight: 400;\"> per scaricare il <\/span><b>21\u00b0 Rapporto CENSIS sulla comunicazione<\/b><span style=\"font-weight: 400;\">: <\/span><a href=\"https:\/\/www.censis.it\/wp-content\/uploads\/2026\/04\/Sintesi-Rap-Com-2026.pdf\"><span style=\"font-weight: 400;\">https:\/\/www.censis.it\/wp-content\/uploads\/2026\/04\/Sintesi-Rap-Com-2026.pdf<\/span><\/a><span style=\"font-weight: 400;\">.\u00a0<\/span><\/p>\n","protected":false},"excerpt":{"rendered":"<p>Scende la tv tradizionale, ma sale la tv via internet. Nel 21\u00b0 Rapporto sulla comunicazione nel 2025 del CENSIS l\u2019uso di tutti i media appare cristallizzato. La televisione nel suo complesso \u00e8 stabile con una quota complessiva pari al 93,2%&hellip;<\/p>\n","protected":false},"author":2106,"featured_media":2696433,"comment_status":"closed","ping_status":"closed","sticky":false,"template":"","format":"standard","meta":{"footnotes":""},"categories":[11388,56],"tags":[113627,118761,13819,5421],"class_list":["post-2696431","post","type-post","status-publish","format-standard","has-post-thumbnail","hentry","category-contenuti-originali","category-cultura","tag-carta-stampata","tag-censis","tag-social-network","tag-tv"],"yoast_head":"<!-- This site is optimized with the Yoast SEO plugin v27.1.1 - https:\/\/yoast.com\/product\/yoast-seo-wordpress\/ -->\n<title>Comunicazione: la tv resta regina, mentre i quotidiani cartacei crollano al minimo storico<\/title>\n<meta name=\"description\" content=\"Scende la tv tradizionale, ma sale la tv via internet. Nel 21\u00b0 Rapporto sulla comunicazione nel 2025 del CENSIS l\u2019uso di tutti i media appare\" \/>\n<meta name=\"robots\" content=\"index, follow, max-snippet:-1, max-image-preview:large, max-video-preview:-1\" \/>\n<link rel=\"canonical\" href=\"https:\/\/www.pressenza.com\/it\/2026\/04\/comunicazione-la-tv-resta-regina-mentre-i-quotidiani-cartacei-crollano-al-minimo-storico\/\" \/>\n<meta property=\"og:locale\" content=\"it_IT\" \/>\n<meta property=\"og:type\" content=\"article\" \/>\n<meta property=\"og:title\" content=\"Comunicazione: la tv resta regina, mentre i quotidiani cartacei crollano al minimo storico\" \/>\n<meta property=\"og:description\" content=\"Scende la tv tradizionale, ma sale la tv via internet. Nel 21\u00b0 Rapporto sulla comunicazione nel 2025 del CENSIS l\u2019uso di tutti i media appare\" \/>\n<meta property=\"og:url\" content=\"https:\/\/www.pressenza.com\/it\/2026\/04\/comunicazione-la-tv-resta-regina-mentre-i-quotidiani-cartacei-crollano-al-minimo-storico\/\" \/>\n<meta property=\"og:site_name\" content=\"Pressenza\" \/>\n<meta property=\"article:publisher\" content=\"https:\/\/www.facebook.com\/PressenzaItalia\" \/>\n<meta property=\"article:published_time\" content=\"2026-04-29T10:05:42+00:00\" \/>\n<meta property=\"og:image\" content=\"https:\/\/www.pressenza.com\/wp-content\/uploads\/2026\/04\/computer-schermo-Pixabay.jpg\" \/>\n\t<meta property=\"og:image:width\" content=\"850\" \/>\n\t<meta property=\"og:image:height\" content=\"493\" \/>\n\t<meta property=\"og:image:type\" content=\"image\/jpeg\" \/>\n<meta name=\"author\" content=\"Giovanni Caprio\" \/>\n<meta name=\"twitter:card\" content=\"summary_large_image\" \/>\n<meta name=\"twitter:creator\" content=\"@PressenzaIPA\" \/>\n<meta name=\"twitter:site\" content=\"@PressenzaIPA\" \/>\n<meta name=\"twitter:label1\" content=\"Scritto da\" \/>\n\t<meta name=\"twitter:data1\" content=\"Giovanni Caprio\" \/>\n\t<meta name=\"twitter:label2\" content=\"Tempo di lettura stimato\" \/>\n\t<meta name=\"twitter:data2\" content=\"6 minuti\" \/>\n<script type=\"application\/ld+json\" class=\"yoast-schema-graph\">{\"@context\":\"https:\/\/schema.org\",\"@graph\":[{\"@type\":\"Article\",\"@id\":\"https:\/\/www.pressenza.com\/it\/2026\/04\/comunicazione-la-tv-resta-regina-mentre-i-quotidiani-cartacei-crollano-al-minimo-storico\/#article\",\"isPartOf\":{\"@id\":\"https:\/\/www.pressenza.com\/it\/2026\/04\/comunicazione-la-tv-resta-regina-mentre-i-quotidiani-cartacei-crollano-al-minimo-storico\/\"},\"author\":{\"name\":\"Giovanni Caprio\",\"@id\":\"https:\/\/www.pressenza.com\/it\/#\/schema\/person\/841c36a613f4f6e80f5fbc9c1f8c32c8\"},\"headline\":\"Comunicazione: la tv resta regina, mentre i quotidiani cartacei crollano al minimo storico\",\"datePublished\":\"2026-04-29T10:05:42+00:00\",\"mainEntityOfPage\":{\"@id\":\"https:\/\/www.pressenza.com\/it\/2026\/04\/comunicazione-la-tv-resta-regina-mentre-i-quotidiani-cartacei-crollano-al-minimo-storico\/\"},\"wordCount\":924,\"publisher\":{\"@id\":\"https:\/\/www.pressenza.com\/it\/#organization\"},\"image\":{\"@id\":\"https:\/\/www.pressenza.com\/it\/2026\/04\/comunicazione-la-tv-resta-regina-mentre-i-quotidiani-cartacei-crollano-al-minimo-storico\/#primaryimage\"},\"thumbnailUrl\":\"https:\/\/www.pressenza.com\/wp-content\/uploads\/2026\/04\/computer-schermo-Pixabay.jpg\",\"keywords\":[\"carta stampata\",\"Censis\",\"social network\",\"TV\"],\"articleSection\":[\"contenuti originali\",\"Cultura e Media\"],\"inLanguage\":\"it-IT\"},{\"@type\":\"WebPage\",\"@id\":\"https:\/\/www.pressenza.com\/it\/2026\/04\/comunicazione-la-tv-resta-regina-mentre-i-quotidiani-cartacei-crollano-al-minimo-storico\/\",\"url\":\"https:\/\/www.pressenza.com\/it\/2026\/04\/comunicazione-la-tv-resta-regina-mentre-i-quotidiani-cartacei-crollano-al-minimo-storico\/\",\"name\":\"Comunicazione: la tv resta regina, mentre i quotidiani cartacei crollano al minimo storico\",\"isPartOf\":{\"@id\":\"https:\/\/www.pressenza.com\/it\/#website\"},\"primaryImageOfPage\":{\"@id\":\"https:\/\/www.pressenza.com\/it\/2026\/04\/comunicazione-la-tv-resta-regina-mentre-i-quotidiani-cartacei-crollano-al-minimo-storico\/#primaryimage\"},\"image\":{\"@id\":\"https:\/\/www.pressenza.com\/it\/2026\/04\/comunicazione-la-tv-resta-regina-mentre-i-quotidiani-cartacei-crollano-al-minimo-storico\/#primaryimage\"},\"thumbnailUrl\":\"https:\/\/www.pressenza.com\/wp-content\/uploads\/2026\/04\/computer-schermo-Pixabay.jpg\",\"datePublished\":\"2026-04-29T10:05:42+00:00\",\"description\":\"Scende la tv tradizionale, ma sale la tv via internet. Nel 21\u00b0 Rapporto sulla comunicazione nel 2025 del CENSIS l\u2019uso di tutti i media appare\",\"breadcrumb\":{\"@id\":\"https:\/\/www.pressenza.com\/it\/2026\/04\/comunicazione-la-tv-resta-regina-mentre-i-quotidiani-cartacei-crollano-al-minimo-storico\/#breadcrumb\"},\"inLanguage\":\"it-IT\",\"potentialAction\":[{\"@type\":\"ReadAction\",\"target\":[\"https:\/\/www.pressenza.com\/it\/2026\/04\/comunicazione-la-tv-resta-regina-mentre-i-quotidiani-cartacei-crollano-al-minimo-storico\/\"]}]},{\"@type\":\"ImageObject\",\"inLanguage\":\"it-IT\",\"@id\":\"https:\/\/www.pressenza.com\/it\/2026\/04\/comunicazione-la-tv-resta-regina-mentre-i-quotidiani-cartacei-crollano-al-minimo-storico\/#primaryimage\",\"url\":\"https:\/\/www.pressenza.com\/wp-content\/uploads\/2026\/04\/computer-schermo-Pixabay.jpg\",\"contentUrl\":\"https:\/\/www.pressenza.com\/wp-content\/uploads\/2026\/04\/computer-schermo-Pixabay.jpg\",\"width\":850,\"height\":493,\"caption\":\"persona che guarda la TV\"},{\"@type\":\"BreadcrumbList\",\"@id\":\"https:\/\/www.pressenza.com\/it\/2026\/04\/comunicazione-la-tv-resta-regina-mentre-i-quotidiani-cartacei-crollano-al-minimo-storico\/#breadcrumb\",\"itemListElement\":[{\"@type\":\"ListItem\",\"position\":1,\"name\":\"Accueil\",\"item\":\"https:\/\/www.pressenza.com\/it\/\"},{\"@type\":\"ListItem\",\"position\":2,\"name\":\"Comunicazione: la tv resta regina, mentre i quotidiani cartacei crollano al minimo storico\"}]},{\"@type\":\"WebSite\",\"@id\":\"https:\/\/www.pressenza.com\/it\/#website\",\"url\":\"https:\/\/www.pressenza.com\/it\/\",\"name\":\"Pressenza\",\"description\":\"Agenzia di Stampa Internazionale\",\"publisher\":{\"@id\":\"https:\/\/www.pressenza.com\/it\/#organization\"},\"potentialAction\":[{\"@type\":\"SearchAction\",\"target\":{\"@type\":\"EntryPoint\",\"urlTemplate\":\"https:\/\/www.pressenza.com\/it\/?s={search_term_string}\"},\"query-input\":{\"@type\":\"PropertyValueSpecification\",\"valueRequired\":true,\"valueName\":\"search_term_string\"}}],\"inLanguage\":\"it-IT\"},{\"@type\":\"Organization\",\"@id\":\"https:\/\/www.pressenza.com\/it\/#organization\",\"name\":\"Pressenza\",\"url\":\"https:\/\/www.pressenza.com\/it\/\",\"logo\":{\"@type\":\"ImageObject\",\"inLanguage\":\"it-IT\",\"@id\":\"https:\/\/www.pressenza.com\/it\/#\/schema\/logo\/image\/\",\"url\":\"https:\/\/www.pressenza.com\/wp-content\/uploads\/2022\/10\/pressenza_logo_200x200.jpg\",\"contentUrl\":\"https:\/\/www.pressenza.com\/wp-content\/uploads\/2022\/10\/pressenza_logo_200x200.jpg\",\"width\":200,\"height\":200,\"caption\":\"Pressenza\"},\"image\":{\"@id\":\"https:\/\/www.pressenza.com\/it\/#\/schema\/logo\/image\/\"},\"sameAs\":[\"https:\/\/www.facebook.com\/PressenzaItalia\",\"https:\/\/x.com\/PressenzaIPA\"]},{\"@type\":\"Person\",\"@id\":\"https:\/\/www.pressenza.com\/it\/#\/schema\/person\/841c36a613f4f6e80f5fbc9c1f8c32c8\",\"name\":\"Giovanni Caprio\",\"description\":\"Pubblicista, gi\u00e0 dirigente di istituzioni pubbliche e di fondazioni private. Si occupa di beni comuni, partecipazione e governo del territorio.\",\"url\":\"https:\/\/www.pressenza.com\/it\/author\/giovanni-caprio\/\"}]}<\/script>\n<!-- \/ Yoast SEO plugin. -->","yoast_head_json":{"title":"Comunicazione: la tv resta regina, mentre i quotidiani cartacei crollano al minimo storico","description":"Scende la tv tradizionale, ma sale la tv via internet. Nel 21\u00b0 Rapporto sulla comunicazione nel 2025 del CENSIS l\u2019uso di tutti i media appare","robots":{"index":"index","follow":"follow","max-snippet":"max-snippet:-1","max-image-preview":"max-image-preview:large","max-video-preview":"max-video-preview:-1"},"canonical":"https:\/\/www.pressenza.com\/it\/2026\/04\/comunicazione-la-tv-resta-regina-mentre-i-quotidiani-cartacei-crollano-al-minimo-storico\/","og_locale":"it_IT","og_type":"article","og_title":"Comunicazione: la tv resta regina, mentre i quotidiani cartacei crollano al minimo storico","og_description":"Scende la tv tradizionale, ma sale la tv via internet. Nel 21\u00b0 Rapporto sulla comunicazione nel 2025 del CENSIS l\u2019uso di tutti i media appare","og_url":"https:\/\/www.pressenza.com\/it\/2026\/04\/comunicazione-la-tv-resta-regina-mentre-i-quotidiani-cartacei-crollano-al-minimo-storico\/","og_site_name":"Pressenza","article_publisher":"https:\/\/www.facebook.com\/PressenzaItalia","article_published_time":"2026-04-29T10:05:42+00:00","og_image":[{"width":850,"height":493,"url":"https:\/\/www.pressenza.com\/wp-content\/uploads\/2026\/04\/computer-schermo-Pixabay.jpg","type":"image\/jpeg"}],"author":"Giovanni Caprio","twitter_card":"summary_large_image","twitter_creator":"@PressenzaIPA","twitter_site":"@PressenzaIPA","twitter_misc":{"Scritto da":"Giovanni Caprio","Tempo di lettura stimato":"6 minuti"},"schema":{"@context":"https:\/\/schema.org","@graph":[{"@type":"Article","@id":"https:\/\/www.pressenza.com\/it\/2026\/04\/comunicazione-la-tv-resta-regina-mentre-i-quotidiani-cartacei-crollano-al-minimo-storico\/#article","isPartOf":{"@id":"https:\/\/www.pressenza.com\/it\/2026\/04\/comunicazione-la-tv-resta-regina-mentre-i-quotidiani-cartacei-crollano-al-minimo-storico\/"},"author":{"name":"Giovanni Caprio","@id":"https:\/\/www.pressenza.com\/it\/#\/schema\/person\/841c36a613f4f6e80f5fbc9c1f8c32c8"},"headline":"Comunicazione: la tv resta regina, mentre i quotidiani cartacei crollano al minimo storico","datePublished":"2026-04-29T10:05:42+00:00","mainEntityOfPage":{"@id":"https:\/\/www.pressenza.com\/it\/2026\/04\/comunicazione-la-tv-resta-regina-mentre-i-quotidiani-cartacei-crollano-al-minimo-storico\/"},"wordCount":924,"publisher":{"@id":"https:\/\/www.pressenza.com\/it\/#organization"},"image":{"@id":"https:\/\/www.pressenza.com\/it\/2026\/04\/comunicazione-la-tv-resta-regina-mentre-i-quotidiani-cartacei-crollano-al-minimo-storico\/#primaryimage"},"thumbnailUrl":"https:\/\/www.pressenza.com\/wp-content\/uploads\/2026\/04\/computer-schermo-Pixabay.jpg","keywords":["carta stampata","Censis","social network","TV"],"articleSection":["contenuti originali","Cultura e Media"],"inLanguage":"it-IT"},{"@type":"WebPage","@id":"https:\/\/www.pressenza.com\/it\/2026\/04\/comunicazione-la-tv-resta-regina-mentre-i-quotidiani-cartacei-crollano-al-minimo-storico\/","url":"https:\/\/www.pressenza.com\/it\/2026\/04\/comunicazione-la-tv-resta-regina-mentre-i-quotidiani-cartacei-crollano-al-minimo-storico\/","name":"Comunicazione: la tv resta regina, mentre i quotidiani cartacei crollano al minimo storico","isPartOf":{"@id":"https:\/\/www.pressenza.com\/it\/#website"},"primaryImageOfPage":{"@id":"https:\/\/www.pressenza.com\/it\/2026\/04\/comunicazione-la-tv-resta-regina-mentre-i-quotidiani-cartacei-crollano-al-minimo-storico\/#primaryimage"},"image":{"@id":"https:\/\/www.pressenza.com\/it\/2026\/04\/comunicazione-la-tv-resta-regina-mentre-i-quotidiani-cartacei-crollano-al-minimo-storico\/#primaryimage"},"thumbnailUrl":"https:\/\/www.pressenza.com\/wp-content\/uploads\/2026\/04\/computer-schermo-Pixabay.jpg","datePublished":"2026-04-29T10:05:42+00:00","description":"Scende la tv tradizionale, ma sale la tv via internet. Nel 21\u00b0 Rapporto sulla comunicazione nel 2025 del CENSIS l\u2019uso di tutti i media appare","breadcrumb":{"@id":"https:\/\/www.pressenza.com\/it\/2026\/04\/comunicazione-la-tv-resta-regina-mentre-i-quotidiani-cartacei-crollano-al-minimo-storico\/#breadcrumb"},"inLanguage":"it-IT","potentialAction":[{"@type":"ReadAction","target":["https:\/\/www.pressenza.com\/it\/2026\/04\/comunicazione-la-tv-resta-regina-mentre-i-quotidiani-cartacei-crollano-al-minimo-storico\/"]}]},{"@type":"ImageObject","inLanguage":"it-IT","@id":"https:\/\/www.pressenza.com\/it\/2026\/04\/comunicazione-la-tv-resta-regina-mentre-i-quotidiani-cartacei-crollano-al-minimo-storico\/#primaryimage","url":"https:\/\/www.pressenza.com\/wp-content\/uploads\/2026\/04\/computer-schermo-Pixabay.jpg","contentUrl":"https:\/\/www.pressenza.com\/wp-content\/uploads\/2026\/04\/computer-schermo-Pixabay.jpg","width":850,"height":493,"caption":"persona che guarda la TV"},{"@type":"BreadcrumbList","@id":"https:\/\/www.pressenza.com\/it\/2026\/04\/comunicazione-la-tv-resta-regina-mentre-i-quotidiani-cartacei-crollano-al-minimo-storico\/#breadcrumb","itemListElement":[{"@type":"ListItem","position":1,"name":"Accueil","item":"https:\/\/www.pressenza.com\/it\/"},{"@type":"ListItem","position":2,"name":"Comunicazione: la tv resta regina, mentre i quotidiani cartacei crollano al minimo storico"}]},{"@type":"WebSite","@id":"https:\/\/www.pressenza.com\/it\/#website","url":"https:\/\/www.pressenza.com\/it\/","name":"Pressenza","description":"Agenzia di Stampa Internazionale","publisher":{"@id":"https:\/\/www.pressenza.com\/it\/#organization"},"potentialAction":[{"@type":"SearchAction","target":{"@type":"EntryPoint","urlTemplate":"https:\/\/www.pressenza.com\/it\/?s={search_term_string}"},"query-input":{"@type":"PropertyValueSpecification","valueRequired":true,"valueName":"search_term_string"}}],"inLanguage":"it-IT"},{"@type":"Organization","@id":"https:\/\/www.pressenza.com\/it\/#organization","name":"Pressenza","url":"https:\/\/www.pressenza.com\/it\/","logo":{"@type":"ImageObject","inLanguage":"it-IT","@id":"https:\/\/www.pressenza.com\/it\/#\/schema\/logo\/image\/","url":"https:\/\/www.pressenza.com\/wp-content\/uploads\/2022\/10\/pressenza_logo_200x200.jpg","contentUrl":"https:\/\/www.pressenza.com\/wp-content\/uploads\/2022\/10\/pressenza_logo_200x200.jpg","width":200,"height":200,"caption":"Pressenza"},"image":{"@id":"https:\/\/www.pressenza.com\/it\/#\/schema\/logo\/image\/"},"sameAs":["https:\/\/www.facebook.com\/PressenzaItalia","https:\/\/x.com\/PressenzaIPA"]},{"@type":"Person","@id":"https:\/\/www.pressenza.com\/it\/#\/schema\/person\/841c36a613f4f6e80f5fbc9c1f8c32c8","name":"Giovanni Caprio","description":"Pubblicista, gi\u00e0 dirigente di istituzioni pubbliche e di fondazioni private. Si occupa di beni comuni, partecipazione e governo del territorio.","url":"https:\/\/www.pressenza.com\/it\/author\/giovanni-caprio\/"}]}},"place":"","original_article_url":"","_links":{"self":[{"href":"https:\/\/www.pressenza.com\/it\/wp-json\/wp\/v2\/posts\/2696431","targetHints":{"allow":["GET"]}}],"collection":[{"href":"https:\/\/www.pressenza.com\/it\/wp-json\/wp\/v2\/posts"}],"about":[{"href":"https:\/\/www.pressenza.com\/it\/wp-json\/wp\/v2\/types\/post"}],"author":[{"embeddable":true,"href":"https:\/\/www.pressenza.com\/it\/wp-json\/wp\/v2\/users\/2106"}],"replies":[{"embeddable":true,"href":"https:\/\/www.pressenza.com\/it\/wp-json\/wp\/v2\/comments?post=2696431"}],"version-history":[{"count":1,"href":"https:\/\/www.pressenza.com\/it\/wp-json\/wp\/v2\/posts\/2696431\/revisions"}],"predecessor-version":[{"id":2696434,"href":"https:\/\/www.pressenza.com\/it\/wp-json\/wp\/v2\/posts\/2696431\/revisions\/2696434"}],"wp:featuredmedia":[{"embeddable":true,"href":"https:\/\/www.pressenza.com\/it\/wp-json\/wp\/v2\/media\/2696433"}],"wp:attachment":[{"href":"https:\/\/www.pressenza.com\/it\/wp-json\/wp\/v2\/media?parent=2696431"}],"wp:term":[{"taxonomy":"category","embeddable":true,"href":"https:\/\/www.pressenza.com\/it\/wp-json\/wp\/v2\/categories?post=2696431"},{"taxonomy":"post_tag","embeddable":true,"href":"https:\/\/www.pressenza.com\/it\/wp-json\/wp\/v2\/tags?post=2696431"}],"curies":[{"name":"wp","href":"https:\/\/api.w.org\/{rel}","templated":true}]}}