{"id":2696346,"date":"2026-04-29T01:49:31","date_gmt":"2026-04-29T00:49:31","guid":{"rendered":"https:\/\/www.pressenza.com\/?p=2696346"},"modified":"2026-04-29T02:21:25","modified_gmt":"2026-04-29T01:21:25","slug":"comunita-di-prosfygika-occupata","status":"publish","type":"post","link":"https:\/\/www.pressenza.com\/it\/2026\/04\/comunita-di-prosfygika-occupata\/","title":{"rendered":"La strenua lotta della Comunit\u00e0 di Prosfygika Occupata"},"content":{"rendered":"<p>Da molti anni gli abitanti del singolare quartiere ateniese protestano contro lo sgombero. Uno di loro, in sciopero della fame dallo scorso 5 febbraio, ora \u00e8 in condizioni di salute molto critiche. Un secondo residente comincer\u00e0 a digiunare dal 1\u00b0 maggio prossimo.<\/p>\n<p>Prosfygika \u00e8 composto da otto blocchi residenziali costruiti negli anni &#8217;30 per ospitare i rifugiati provenienti dall&#8217;Asia Minore e insediati ad Atene in seguito agli scambi di popolazioni tra Grecia e Turchia. Gli edifici conservano molte tracce del passato, anche alcune degli scontri che nel dicembre 1944 segnarono l&#8217;inizio della guerra civile greca. Nei primi anni 2000 le controversie legali e la mobilitazione della comunit\u00e0 impedirono la realizzazione dei progetti di conversione degli edifici residenziali in complessi commerciali, e le schiere di palazzi vennero designate beni culturali protetti per il loro significato architettonico e storico.<\/p>\n<p><img loading=\"lazy\" decoding=\"async\" class=\"alignleft size-full wp-image-2696370\" src=\"https:\/\/www.pressenza.com\/wp-content\/uploads\/2026\/04\/sharepic-1-e1777419937321.png\" alt=\"\" width=\"817\" height=\"450\" srcset=\"https:\/\/www.pressenza.com\/wp-content\/uploads\/2026\/04\/sharepic-1-e1777419937321.png 817w, https:\/\/www.pressenza.com\/wp-content\/uploads\/2026\/04\/sharepic-1-e1777419937321-300x165.png 300w, https:\/\/www.pressenza.com\/wp-content\/uploads\/2026\/04\/sharepic-1-e1777419937321-768x423.png 768w\" sizes=\"auto, (max-width: 817px) 100vw, 817px\" \/> Da sedici anni Prosfygika \u00e8 un <strong>quartiere<\/strong> <strong>autorganizzato<\/strong>, gestito collettivamente dai residenti aggregati nella Comunit\u00e0 che amministra gli alloggi e coordina assistenza sociale e sanitaria e distribuzione di alimentari. Ci sono un asilo autogestito, una farmacia sociale, una cucina e un panificio comuni,&#8230; e oltre agli appartamenti, in cui abitano circa <strong>400 persone provenienti da 27 paesi<\/strong>, tra cui rifugiati, migranti, famiglie con bambini, anziani, attivisti politici e persone in situazioni di precariet\u00e0 economica, dal 2025 a Prosfygika ci sono alloggi in cui vengono ospitati i pazienti e loro famigliari che soggiornano ad Atene per curarsi al vicino ospedale oncologico.<\/p>\n<p>Un accordo programmatico per la riqualificazione del quartiere con l&#8217;uso di 15 milioni di euro stanziati dell&#8217;EU \u00e8 stato firmato tra il Ministero della Cultura, la Regione dell&#8217;Attica e il Servizio Pubblico per l&#8217;Impiego. I residenti e i loro sostenitori si oppongono al progetto edilizio, che favorirebbe la speculazione, e allo sfollamento, che smantellerebbe un funzionante sistema di mutuo soccorso e organizzazione sociale collettivistica.<\/p>\n<p>La <a href=\"https:\/\/saveprosfygika.gr\/\" target=\"_blank\" rel=\"noopener\"><strong>Comunit\u00e0 di Prosfygika Occupato<\/strong><\/a>, che ha proposto un piano di ristrutturazione alternativo, autorganizzato e finanziato con risorse proprie, finora non ha ricevuto alcuna risposta dalle autorit\u00e0.<\/p>\n<p>\u201cCome comunit\u00e0, abbiamo collettivamente deciso di restare e continuare la nostra lotta fino alla fine. Siamo determinati a prevalere\u201d, ha dichiarato il suo portavoce.<\/p>\n<p>&nbsp;<\/p>\n<p>Un suo residente,\u00a0<strong>Aristotelis Chantzis<\/strong>, dal 5 febbraio scorso sta facendo uno sciopero della fame &#8220;in difesa della vita fino alla morte&#8221;. All&#8217;86\u00b0 giorno di digiuno volontario le sue condizioni sono gravemente peggiorate, secondo i medici che lo assistono sta affrontando complicazioni mediche molto serie e potenzialmente mortali, eppure lui ha proclamato che non smetter\u00e0 finch\u00e9 non saranno date risposte e garanzie per la sua comunit\u00e0: \u201cContinuer\u00f2 finch\u00e9 saranno raggiunti accordi chiari e concreti, o finch\u00e9 morir\u00f2\u201d.<\/p>\n<p>Aristotelis Chantzis e la Comunit\u00e0 di Prosfygika Occupata chiedono:<\/p>\n<ul>\n<li>\u00a0l&#8217;immediato annullamento del contratto di riqualificazione da parte della Regione dell&#8217;Attica;<\/li>\n<li>garanzie che tutti i residenti possano rimanere nelle loro case;<\/li>\n<li>il riconoscimento del diritto della Comunit\u00e0 di effettuare il restauro attraverso processi autorganizzati.<\/li>\n<\/ul>\n<p>\u201cUn digiuno prolungato di questa durata espone Aristotelis Chantzis a rischi gravi e danni potenzialmente irreversibili &#8211; hanno spiegato i medici, che consigliano misure protettive urgenti &#8211; Gli indicatori clinici suggeriscono un aumento dello sforzo sulla funzionalit\u00e0 cardiovascolare, sulle riserve degli organi e sulla stabilit\u00e0 metabolica. La continua assenza di apporto nutrizionale senza intervento medico \u00e8 molto pericolosa per la sua vita\u201d.<\/p>\n<p>Con questa preoccupazione, la protesta della Comunit\u00e0 si \u00e8 intensificata e dal 1\u00b0 maggio una seconda persona inizier\u00e0 lo sciopero della fame.<\/p>\n<p>Dall\u2019inizio dello sciopero della fame di Aristotelis Chantzis sono state svolte <a href=\"https:\/\/saveprosfygika.gr\/index.php\/en\/network-of-solidarity\/\" target=\"_blank\" rel=\"noopener\">azioni di solidariet\u00e0<\/a> sia in Grecia che a livello internazionale. Alle assemblee all&#8217;interno e nei dintorni di Prosfygika e a manifestazioni davanti al municipio durante le sessioni del Consiglio Comunale e iniziative ad <strong>Atene<\/strong> hanno partecipato migliaia di persone. In tutta la <strong>Grecia<\/strong> sono state segnalate azioni in citt\u00e0 come Salonicco, Patrasso ed Heraklion, che hanno comportato marce, lanci di striscioni ed eventi di solidariet\u00e0. A <strong>livello internazionale<\/strong>, iniziative hanno avuto luogo in Polonia, Serbia, Belgio, Francia, Germania, Italia, Spagna, Portogallo, Messico e Colombia.<\/p>\n<p><img loading=\"lazy\" decoding=\"async\" class=\"alignleft size-full wp-image-2696377\" src=\"https:\/\/www.pressenza.com\/wp-content\/uploads\/2026\/04\/cloagge_60.jpeg\" alt=\"\" width=\"1600\" height=\"1280\" srcset=\"https:\/\/www.pressenza.com\/wp-content\/uploads\/2026\/04\/cloagge_60.jpeg 1600w, https:\/\/www.pressenza.com\/wp-content\/uploads\/2026\/04\/cloagge_60-300x240.jpeg 300w, https:\/\/www.pressenza.com\/wp-content\/uploads\/2026\/04\/cloagge_60-820x656.jpeg 820w\" sizes=\"auto, (max-width: 1600px) 100vw, 1600px\" \/><\/p>\n<p>&nbsp;<\/p>\n","protected":false},"excerpt":{"rendered":"<p>Da molti anni gli abitanti del singolare quartiere ateniese protestano contro lo sgombero. Uno di loro, in sciopero della fame dallo scorso 5 febbraio, ora \u00e8 in condizioni di salute molto critiche. Un secondo residente comincer\u00e0 a digiunare dal 1\u00b0&hellip;<\/p>\n","protected":false},"author":594,"featured_media":2696360,"comment_status":"closed","ping_status":"closed","sticky":false,"template":"","format":"standard","meta":{"footnotes":""},"categories":[11388,60],"tags":[],"class_list":["post-2696346","post","type-post","status-publish","format-standard","has-post-thumbnail","hentry","category-contenuti-originali","category-diritti-umani"],"yoast_head":"<!-- This site is optimized with the Yoast SEO plugin v27.1.1 - https:\/\/yoast.com\/product\/yoast-seo-wordpress\/ -->\n<title>La strenua lotta della Comunit\u00e0 di Prosfygika Occupata<\/title>\n<meta name=\"description\" content=\"Da molti anni gli abitanti del singolare quartiere ateniese protestano contro lo sgombero. Uno di loro, in sciopero della fame dallo scorso 5 febbraio, Da molti anni gli abitanti di questo singolare quartiere ateniese protestano contro lo sgombero e uno di loro, Aristotelis Chantzis, in sciopero della fame dal 5 febbraio scorso, ora \u00e8 in condizione di salute molto critiche. Un secondo residente comincer\u00e0 a digiunare dal prossimo 1\u00b0 maggio.\" \/>\n<meta name=\"robots\" content=\"index, follow, max-snippet:-1, max-image-preview:large, max-video-preview:-1\" \/>\n<link rel=\"canonical\" href=\"https:\/\/www.pressenza.com\/it\/2026\/04\/comunita-di-prosfygika-occupata\/\" \/>\n<meta property=\"og:locale\" content=\"it_IT\" \/>\n<meta property=\"og:type\" content=\"article\" \/>\n<meta property=\"og:title\" content=\"La strenua lotta della Comunit\u00e0 di Prosfygika Occupata\" \/>\n<meta property=\"og:description\" content=\"Da molti anni gli abitanti del singolare quartiere ateniese protestano contro lo sgombero. Uno di loro, in sciopero della fame dallo scorso 5 febbraio, Da molti anni gli abitanti di questo singolare quartiere ateniese protestano contro lo sgombero e uno di loro, Aristotelis Chantzis, in sciopero della fame dal 5 febbraio scorso, ora \u00e8 in condizione di salute molto critiche. Un secondo residente comincer\u00e0 a digiunare dal prossimo 1\u00b0 maggio.\" \/>\n<meta property=\"og:url\" content=\"https:\/\/www.pressenza.com\/it\/2026\/04\/comunita-di-prosfygika-occupata\/\" \/>\n<meta property=\"og:site_name\" content=\"Pressenza\" \/>\n<meta property=\"article:publisher\" content=\"https:\/\/www.facebook.com\/PressenzaItalia\" \/>\n<meta property=\"article:author\" content=\"https:\/\/www.facebook.com\/PressenzaItalia\" \/>\n<meta property=\"article:published_time\" content=\"2026-04-29T00:49:31+00:00\" \/>\n<meta property=\"article:modified_time\" content=\"2026-04-29T01:21:25+00:00\" \/>\n<meta property=\"og:image\" content=\"https:\/\/www.pressenza.com\/wp-content\/uploads\/2026\/04\/2023-08-11-133537_006-6-e1777419424400.jpeg\" \/>\n\t<meta property=\"og:image:width\" content=\"720\" \/>\n\t<meta property=\"og:image:height\" content=\"403\" \/>\n\t<meta property=\"og:image:type\" content=\"image\/jpeg\" \/>\n<meta name=\"author\" content=\"Redazione Italia\" \/>\n<meta name=\"twitter:card\" content=\"summary_large_image\" \/>\n<meta name=\"twitter:creator\" content=\"@pressenza_it\" \/>\n<meta name=\"twitter:site\" content=\"@PressenzaIPA\" \/>\n<meta name=\"twitter:label1\" content=\"Scritto da\" \/>\n\t<meta name=\"twitter:data1\" content=\"Redazione Italia\" \/>\n\t<meta name=\"twitter:label2\" content=\"Tempo di lettura stimato\" \/>\n\t<meta name=\"twitter:data2\" content=\"5 minuti\" \/>\n<script type=\"application\/ld+json\" class=\"yoast-schema-graph\">{\"@context\":\"https:\/\/schema.org\",\"@graph\":[{\"@type\":\"Article\",\"@id\":\"https:\/\/www.pressenza.com\/it\/2026\/04\/comunita-di-prosfygika-occupata\/#article\",\"isPartOf\":{\"@id\":\"https:\/\/www.pressenza.com\/it\/2026\/04\/comunita-di-prosfygika-occupata\/\"},\"author\":{\"name\":\"Redazione Italia\",\"@id\":\"https:\/\/www.pressenza.com\/it\/#\/schema\/person\/d983e81827ae24f2c7b1a2123d197f8d\"},\"headline\":\"La strenua lotta della Comunit\u00e0 di Prosfygika Occupata\",\"datePublished\":\"2026-04-29T00:49:31+00:00\",\"dateModified\":\"2026-04-29T01:21:25+00:00\",\"mainEntityOfPage\":{\"@id\":\"https:\/\/www.pressenza.com\/it\/2026\/04\/comunita-di-prosfygika-occupata\/\"},\"wordCount\":654,\"publisher\":{\"@id\":\"https:\/\/www.pressenza.com\/it\/#organization\"},\"image\":{\"@id\":\"https:\/\/www.pressenza.com\/it\/2026\/04\/comunita-di-prosfygika-occupata\/#primaryimage\"},\"thumbnailUrl\":\"https:\/\/www.pressenza.com\/wp-content\/uploads\/2026\/04\/2023-08-11-133537_006-6-e1777419424400.jpeg\",\"articleSection\":[\"contenuti originali\",\"Diritti Umani\"],\"inLanguage\":\"it-IT\"},{\"@type\":\"WebPage\",\"@id\":\"https:\/\/www.pressenza.com\/it\/2026\/04\/comunita-di-prosfygika-occupata\/\",\"url\":\"https:\/\/www.pressenza.com\/it\/2026\/04\/comunita-di-prosfygika-occupata\/\",\"name\":\"La strenua lotta della Comunit\u00e0 di Prosfygika Occupata\",\"isPartOf\":{\"@id\":\"https:\/\/www.pressenza.com\/it\/#website\"},\"primaryImageOfPage\":{\"@id\":\"https:\/\/www.pressenza.com\/it\/2026\/04\/comunita-di-prosfygika-occupata\/#primaryimage\"},\"image\":{\"@id\":\"https:\/\/www.pressenza.com\/it\/2026\/04\/comunita-di-prosfygika-occupata\/#primaryimage\"},\"thumbnailUrl\":\"https:\/\/www.pressenza.com\/wp-content\/uploads\/2026\/04\/2023-08-11-133537_006-6-e1777419424400.jpeg\",\"datePublished\":\"2026-04-29T00:49:31+00:00\",\"dateModified\":\"2026-04-29T01:21:25+00:00\",\"description\":\"Da molti anni gli abitanti del singolare quartiere ateniese protestano contro lo sgombero. Uno di loro, in sciopero della fame dallo scorso 5 febbraio, Da molti anni gli abitanti di questo singolare quartiere ateniese protestano contro lo sgombero e uno di loro, Aristotelis Chantzis, in sciopero della fame dal 5 febbraio scorso, ora \u00e8 in condizione di salute molto critiche. Un secondo residente comincer\u00e0 a digiunare dal prossimo 1\u00b0 maggio.\",\"breadcrumb\":{\"@id\":\"https:\/\/www.pressenza.com\/it\/2026\/04\/comunita-di-prosfygika-occupata\/#breadcrumb\"},\"inLanguage\":\"it-IT\",\"potentialAction\":[{\"@type\":\"ReadAction\",\"target\":[\"https:\/\/www.pressenza.com\/it\/2026\/04\/comunita-di-prosfygika-occupata\/\"]}]},{\"@type\":\"ImageObject\",\"inLanguage\":\"it-IT\",\"@id\":\"https:\/\/www.pressenza.com\/it\/2026\/04\/comunita-di-prosfygika-occupata\/#primaryimage\",\"url\":\"https:\/\/www.pressenza.com\/wp-content\/uploads\/2026\/04\/2023-08-11-133537_006-6-e1777419424400.jpeg\",\"contentUrl\":\"https:\/\/www.pressenza.com\/wp-content\/uploads\/2026\/04\/2023-08-11-133537_006-6-e1777419424400.jpeg\",\"width\":720,\"height\":403},{\"@type\":\"BreadcrumbList\",\"@id\":\"https:\/\/www.pressenza.com\/it\/2026\/04\/comunita-di-prosfygika-occupata\/#breadcrumb\",\"itemListElement\":[{\"@type\":\"ListItem\",\"position\":1,\"name\":\"Accueil\",\"item\":\"https:\/\/www.pressenza.com\/it\/\"},{\"@type\":\"ListItem\",\"position\":2,\"name\":\"La strenua lotta della Comunit\u00e0 di Prosfygika Occupata\"}]},{\"@type\":\"WebSite\",\"@id\":\"https:\/\/www.pressenza.com\/it\/#website\",\"url\":\"https:\/\/www.pressenza.com\/it\/\",\"name\":\"Pressenza\",\"description\":\"Agenzia di Stampa Internazionale\",\"publisher\":{\"@id\":\"https:\/\/www.pressenza.com\/it\/#organization\"},\"potentialAction\":[{\"@type\":\"SearchAction\",\"target\":{\"@type\":\"EntryPoint\",\"urlTemplate\":\"https:\/\/www.pressenza.com\/it\/?s={search_term_string}\"},\"query-input\":{\"@type\":\"PropertyValueSpecification\",\"valueRequired\":true,\"valueName\":\"search_term_string\"}}],\"inLanguage\":\"it-IT\"},{\"@type\":\"Organization\",\"@id\":\"https:\/\/www.pressenza.com\/it\/#organization\",\"name\":\"Pressenza\",\"url\":\"https:\/\/www.pressenza.com\/it\/\",\"logo\":{\"@type\":\"ImageObject\",\"inLanguage\":\"it-IT\",\"@id\":\"https:\/\/www.pressenza.com\/it\/#\/schema\/logo\/image\/\",\"url\":\"https:\/\/www.pressenza.com\/wp-content\/uploads\/2022\/10\/pressenza_logo_200x200.jpg\",\"contentUrl\":\"https:\/\/www.pressenza.com\/wp-content\/uploads\/2022\/10\/pressenza_logo_200x200.jpg\",\"width\":200,\"height\":200,\"caption\":\"Pressenza\"},\"image\":{\"@id\":\"https:\/\/www.pressenza.com\/it\/#\/schema\/logo\/image\/\"},\"sameAs\":[\"https:\/\/www.facebook.com\/PressenzaItalia\",\"https:\/\/x.com\/PressenzaIPA\"]},{\"@type\":\"Person\",\"@id\":\"https:\/\/www.pressenza.com\/it\/#\/schema\/person\/d983e81827ae24f2c7b1a2123d197f8d\",\"name\":\"Redazione Italia\",\"description\":\"News from the Pressenza Bureau in Italy\",\"sameAs\":[\"https:\/\/www.pressenza.com\/it\/author\/redazione-italia\/\",\"https:\/\/www.facebook.com\/PressenzaItalia\",\"https:\/\/www.instagram.com\/pressenza_italia\/\",\"https:\/\/x.com\/pressenza_it\",\"https:\/\/www.youtube.com\/channel\/UCSalEIWjE1RSxkwjfftFuqg\"],\"url\":\"https:\/\/www.pressenza.com\/it\/author\/redazione-italia\/\"}]}<\/script>\n<!-- \/ Yoast SEO plugin. -->","yoast_head_json":{"title":"La strenua lotta della Comunit\u00e0 di Prosfygika Occupata","description":"Da molti anni gli abitanti del singolare quartiere ateniese protestano contro lo sgombero. Uno di loro, in sciopero della fame dallo scorso 5 febbraio, Da molti anni gli abitanti di questo singolare quartiere ateniese protestano contro lo sgombero e uno di loro, Aristotelis Chantzis, in sciopero della fame dal 5 febbraio scorso, ora \u00e8 in condizione di salute molto critiche. Un secondo residente comincer\u00e0 a digiunare dal prossimo 1\u00b0 maggio.","robots":{"index":"index","follow":"follow","max-snippet":"max-snippet:-1","max-image-preview":"max-image-preview:large","max-video-preview":"max-video-preview:-1"},"canonical":"https:\/\/www.pressenza.com\/it\/2026\/04\/comunita-di-prosfygika-occupata\/","og_locale":"it_IT","og_type":"article","og_title":"La strenua lotta della Comunit\u00e0 di Prosfygika Occupata","og_description":"Da molti anni gli abitanti del singolare quartiere ateniese protestano contro lo sgombero. Uno di loro, in sciopero della fame dallo scorso 5 febbraio, Da molti anni gli abitanti di questo singolare quartiere ateniese protestano contro lo sgombero e uno di loro, Aristotelis Chantzis, in sciopero della fame dal 5 febbraio scorso, ora \u00e8 in condizione di salute molto critiche. Un secondo residente comincer\u00e0 a digiunare dal prossimo 1\u00b0 maggio.","og_url":"https:\/\/www.pressenza.com\/it\/2026\/04\/comunita-di-prosfygika-occupata\/","og_site_name":"Pressenza","article_publisher":"https:\/\/www.facebook.com\/PressenzaItalia","article_author":"https:\/\/www.facebook.com\/PressenzaItalia","article_published_time":"2026-04-29T00:49:31+00:00","article_modified_time":"2026-04-29T01:21:25+00:00","og_image":[{"width":720,"height":403,"url":"https:\/\/www.pressenza.com\/wp-content\/uploads\/2026\/04\/2023-08-11-133537_006-6-e1777419424400.jpeg","type":"image\/jpeg"}],"author":"Redazione Italia","twitter_card":"summary_large_image","twitter_creator":"@pressenza_it","twitter_site":"@PressenzaIPA","twitter_misc":{"Scritto da":"Redazione Italia","Tempo di lettura stimato":"5 minuti"},"schema":{"@context":"https:\/\/schema.org","@graph":[{"@type":"Article","@id":"https:\/\/www.pressenza.com\/it\/2026\/04\/comunita-di-prosfygika-occupata\/#article","isPartOf":{"@id":"https:\/\/www.pressenza.com\/it\/2026\/04\/comunita-di-prosfygika-occupata\/"},"author":{"name":"Redazione Italia","@id":"https:\/\/www.pressenza.com\/it\/#\/schema\/person\/d983e81827ae24f2c7b1a2123d197f8d"},"headline":"La strenua lotta della Comunit\u00e0 di Prosfygika Occupata","datePublished":"2026-04-29T00:49:31+00:00","dateModified":"2026-04-29T01:21:25+00:00","mainEntityOfPage":{"@id":"https:\/\/www.pressenza.com\/it\/2026\/04\/comunita-di-prosfygika-occupata\/"},"wordCount":654,"publisher":{"@id":"https:\/\/www.pressenza.com\/it\/#organization"},"image":{"@id":"https:\/\/www.pressenza.com\/it\/2026\/04\/comunita-di-prosfygika-occupata\/#primaryimage"},"thumbnailUrl":"https:\/\/www.pressenza.com\/wp-content\/uploads\/2026\/04\/2023-08-11-133537_006-6-e1777419424400.jpeg","articleSection":["contenuti originali","Diritti Umani"],"inLanguage":"it-IT"},{"@type":"WebPage","@id":"https:\/\/www.pressenza.com\/it\/2026\/04\/comunita-di-prosfygika-occupata\/","url":"https:\/\/www.pressenza.com\/it\/2026\/04\/comunita-di-prosfygika-occupata\/","name":"La strenua lotta della Comunit\u00e0 di Prosfygika Occupata","isPartOf":{"@id":"https:\/\/www.pressenza.com\/it\/#website"},"primaryImageOfPage":{"@id":"https:\/\/www.pressenza.com\/it\/2026\/04\/comunita-di-prosfygika-occupata\/#primaryimage"},"image":{"@id":"https:\/\/www.pressenza.com\/it\/2026\/04\/comunita-di-prosfygika-occupata\/#primaryimage"},"thumbnailUrl":"https:\/\/www.pressenza.com\/wp-content\/uploads\/2026\/04\/2023-08-11-133537_006-6-e1777419424400.jpeg","datePublished":"2026-04-29T00:49:31+00:00","dateModified":"2026-04-29T01:21:25+00:00","description":"Da molti anni gli abitanti del singolare quartiere ateniese protestano contro lo sgombero. Uno di loro, in sciopero della fame dallo scorso 5 febbraio, Da molti anni gli abitanti di questo singolare quartiere ateniese protestano contro lo sgombero e uno di loro, Aristotelis Chantzis, in sciopero della fame dal 5 febbraio scorso, ora \u00e8 in condizione di salute molto critiche. Un secondo residente comincer\u00e0 a digiunare dal prossimo 1\u00b0 maggio.","breadcrumb":{"@id":"https:\/\/www.pressenza.com\/it\/2026\/04\/comunita-di-prosfygika-occupata\/#breadcrumb"},"inLanguage":"it-IT","potentialAction":[{"@type":"ReadAction","target":["https:\/\/www.pressenza.com\/it\/2026\/04\/comunita-di-prosfygika-occupata\/"]}]},{"@type":"ImageObject","inLanguage":"it-IT","@id":"https:\/\/www.pressenza.com\/it\/2026\/04\/comunita-di-prosfygika-occupata\/#primaryimage","url":"https:\/\/www.pressenza.com\/wp-content\/uploads\/2026\/04\/2023-08-11-133537_006-6-e1777419424400.jpeg","contentUrl":"https:\/\/www.pressenza.com\/wp-content\/uploads\/2026\/04\/2023-08-11-133537_006-6-e1777419424400.jpeg","width":720,"height":403},{"@type":"BreadcrumbList","@id":"https:\/\/www.pressenza.com\/it\/2026\/04\/comunita-di-prosfygika-occupata\/#breadcrumb","itemListElement":[{"@type":"ListItem","position":1,"name":"Accueil","item":"https:\/\/www.pressenza.com\/it\/"},{"@type":"ListItem","position":2,"name":"La strenua lotta della Comunit\u00e0 di Prosfygika Occupata"}]},{"@type":"WebSite","@id":"https:\/\/www.pressenza.com\/it\/#website","url":"https:\/\/www.pressenza.com\/it\/","name":"Pressenza","description":"Agenzia di Stampa Internazionale","publisher":{"@id":"https:\/\/www.pressenza.com\/it\/#organization"},"potentialAction":[{"@type":"SearchAction","target":{"@type":"EntryPoint","urlTemplate":"https:\/\/www.pressenza.com\/it\/?s={search_term_string}"},"query-input":{"@type":"PropertyValueSpecification","valueRequired":true,"valueName":"search_term_string"}}],"inLanguage":"it-IT"},{"@type":"Organization","@id":"https:\/\/www.pressenza.com\/it\/#organization","name":"Pressenza","url":"https:\/\/www.pressenza.com\/it\/","logo":{"@type":"ImageObject","inLanguage":"it-IT","@id":"https:\/\/www.pressenza.com\/it\/#\/schema\/logo\/image\/","url":"https:\/\/www.pressenza.com\/wp-content\/uploads\/2022\/10\/pressenza_logo_200x200.jpg","contentUrl":"https:\/\/www.pressenza.com\/wp-content\/uploads\/2022\/10\/pressenza_logo_200x200.jpg","width":200,"height":200,"caption":"Pressenza"},"image":{"@id":"https:\/\/www.pressenza.com\/it\/#\/schema\/logo\/image\/"},"sameAs":["https:\/\/www.facebook.com\/PressenzaItalia","https:\/\/x.com\/PressenzaIPA"]},{"@type":"Person","@id":"https:\/\/www.pressenza.com\/it\/#\/schema\/person\/d983e81827ae24f2c7b1a2123d197f8d","name":"Redazione Italia","description":"News from the Pressenza Bureau in Italy","sameAs":["https:\/\/www.pressenza.com\/it\/author\/redazione-italia\/","https:\/\/www.facebook.com\/PressenzaItalia","https:\/\/www.instagram.com\/pressenza_italia\/","https:\/\/x.com\/pressenza_it","https:\/\/www.youtube.com\/channel\/UCSalEIWjE1RSxkwjfftFuqg"],"url":"https:\/\/www.pressenza.com\/it\/author\/redazione-italia\/"}]}},"place":"","original_article_url":"","_links":{"self":[{"href":"https:\/\/www.pressenza.com\/it\/wp-json\/wp\/v2\/posts\/2696346","targetHints":{"allow":["GET"]}}],"collection":[{"href":"https:\/\/www.pressenza.com\/it\/wp-json\/wp\/v2\/posts"}],"about":[{"href":"https:\/\/www.pressenza.com\/it\/wp-json\/wp\/v2\/types\/post"}],"author":[{"embeddable":true,"href":"https:\/\/www.pressenza.com\/it\/wp-json\/wp\/v2\/users\/594"}],"replies":[{"embeddable":true,"href":"https:\/\/www.pressenza.com\/it\/wp-json\/wp\/v2\/comments?post=2696346"}],"version-history":[{"count":7,"href":"https:\/\/www.pressenza.com\/it\/wp-json\/wp\/v2\/posts\/2696346\/revisions"}],"predecessor-version":[{"id":2696386,"href":"https:\/\/www.pressenza.com\/it\/wp-json\/wp\/v2\/posts\/2696346\/revisions\/2696386"}],"wp:featuredmedia":[{"embeddable":true,"href":"https:\/\/www.pressenza.com\/it\/wp-json\/wp\/v2\/media\/2696360"}],"wp:attachment":[{"href":"https:\/\/www.pressenza.com\/it\/wp-json\/wp\/v2\/media?parent=2696346"}],"wp:term":[{"taxonomy":"category","embeddable":true,"href":"https:\/\/www.pressenza.com\/it\/wp-json\/wp\/v2\/categories?post=2696346"},{"taxonomy":"post_tag","embeddable":true,"href":"https:\/\/www.pressenza.com\/it\/wp-json\/wp\/v2\/tags?post=2696346"}],"curies":[{"name":"wp","href":"https:\/\/api.w.org\/{rel}","templated":true}]}}