{"id":2696318,"date":"2026-04-28T21:31:58","date_gmt":"2026-04-28T20:31:58","guid":{"rendered":"https:\/\/www.pressenza.com\/?p=2696318"},"modified":"2026-04-28T21:33:28","modified_gmt":"2026-04-28T20:33:28","slug":"quando-cuba-abbraccio-chernobyl","status":"publish","type":"post","link":"https:\/\/www.pressenza.com\/it\/2026\/04\/quando-cuba-abbraccio-chernobyl\/","title":{"rendered":"Quando Cuba abbracci\u00f2 Chernobyl"},"content":{"rendered":"<p>Sono passati quarant\u2019anni dall&#8217;incidente nucleare di Chernobyl, nella citt\u00e0 ucraina di Pripyat, il 26 aprile 1986. Cuba \u00e8 stato l&#8217;unico Paese a organizzare un programma sanitario completo, integrale e gratuito per la cura delle persone colpite dall&#8217;incidente. <strong>Tra il 1990 e il 2016, 26.114 pazienti sono stati curati sull&#8217;isola per gli effetti delle radiazioni; tra i pazienti ospitati circa 23.000 erano bambini.<\/strong><\/p>\n<p>Il primo gruppo di bambini provenienti da Chernobyl arriv\u00f2 a Cuba il 29 marzo 1990 e venne ricevuto da Fidel Castro Ruz all\u2019aeroporto internazionale Jos\u00e9 Mart\u00ed de L\u2019Avana. Il gruppo era composto da 139 bambini affetti da diverse malattie onco-ematologiche, conseguenze della pi\u00f9 grande catastrofe nucleare della storia dell&#8217;umanit\u00e0 e fu curato presso l&#8217;Istituto di Ematologia della capitale e presso il Servizio di Oncologia dell&#8217;Ospedale Pediatrico Docente Juan Manuel M\u00e1rquez.<\/p>\n<p>Inizi\u00f2 cos\u00ec l&#8217;inedito Programma cubano di assistenza medica integrale ai bambini colpiti dal disastro atomico, nonostante il fatto che Cuba stesse entrando in piena crisi economica all&#8217;inizio degli anni &#8217;90 del secolo scorso a causa della caduta dell&#8217;ex campo socialista dell&#8217;Europa orientale e dell\u2019Unione Sovietica. Si aggiunse a questo anche l\u2019inasprimento, opportunamente progettato, del blocco economico, commerciale e finanziario del governo degli Stati Uniti contro il popolo cubano.<\/p>\n<p>Il programma prevedeva che almeno 10.000 bambini colpiti dalle conseguenze dell\u2019incidente di Chernobyl fossero ospitati a Cuba per fornire loro un trattamento altamente specializzato, in risposta alla richiesta di aiuto internazionale del governo dell&#8217;allora Unione Sovietica. All&#8217;inizio degli anni &#8217;90, gli specialisti cubani hanno visitato l&#8217;Ucraina per valutare la portata del problema e il tipo di aiuto che poteva essere fornito.<\/p>\n<p>Le autorit\u00e0 mediche e politiche che hanno accompagnato gli esperti in visita hanno constatato la necessit\u00e0 di fornire assistenza a pi\u00f9 pazienti e quindi si \u00e8 deciso di estendere questa collaborazione. La sede del programma \u00e8 stata stabilita nell&#8217;ospedale pediatrico di Tarar\u00e1, a 27 chilometri dal centro della capitale.<\/p>\n<p>L\u2019ospedale ha un&#8217;estensione di 11 chilometri quadrati e comprende 520 case, strutture ospedaliere e amministrative. Dispone inoltre di 850 metri di spiaggia di sabbia bianchissima, dove si trova, secondo lo scrittore americano Ernest Hemingway, &#8220;il miglior molo dell&#8217;Avana&#8221; per sviluppare la passione per la pesca.<\/p>\n<p>In questa citt\u00e0 si trovava dal 1976 il Campo Internazionale dei Pionieri Jos\u00e9 Mart\u00ed, da cui sono passati pi\u00f9 di tre milioni di bambini cubani. Volontariamente e con grande entusiasmo, la popolazione della capitale ha partecipato alla riparazione di tutte queste case. Nel giugno 1990 iniziarono ad essere accolti bambini provenienti da Russia, Bielorussia e Ucraina.<\/p>\n<p>Il 28 novembre 1997, in un discorso durante la chiusura del VI Seminario Internazionale di Assistenza Primaria, Fidel Castro ha detto: \u00abCuba da sola ha assistito pi\u00f9 bambini di Chernobyl di tutti gli altri Paesi del mondo. I mass media del Nord non ne parlano. Quasi quindicimila bambini! Abbiamo anche acquisito una certa esperienza in questo campo.&#8221;<\/p>\n<p>Il personale con le maggiori conoscenze mediche e scientifiche \u00e8 stato messo a disposizione dei malati: medici, psicologi, infermieri, assistenti, insegnanti, istruttori sportivi e altri si sono dedicati interamente alla cura di questi pazienti, per la maggior parte bambini.<\/p>\n<p>Centinaia di vite sono state salvate, migliaia di persone hanno trovato sul suolo cubano sollievo dal loro dolore. &#8220;La rinascita di un figlio \u00e8 qualcosa di straordinario ed \u00e8 successo grazie a Cuba,&#8221; ha detto a Granma Internacional una madre ucraina, Svieta Saulasky, 20 anni dopo l&#8217;incidente. &#8220;Nessun Paese ci ha aiutato come Cuba&#8221;, ha affermato nella stessa data, la dottoressa ucraina Elena Topka nel campo di Tarar\u00e1.<\/p>\n<p><strong>I servizi medici del programma sono stati strutturati in tre livelli di assistenza sanitaria:<\/strong><\/p>\n<p><strong>Livello primario<\/strong>: assistenza medica completa offerta nelle case dei pazienti da medici e infermieri di famiglia, trattamenti organizzati in diverse aree cliniche, a cui hanno partecipato anche psicologi, traduttori e altri specialisti medici.<\/p>\n<p><strong>Livello secondario<\/strong> di assistenza assicurato nelle strutture dell&#8217;Ospedale Pediatrico di Tarar\u00e1, con le sue aree di ricovero e di trattamento.<\/p>\n<p><strong>Terzo livello<\/strong>: servizi sanitari somministrati presso altre strutture pediatriche della capitale. Hanno fatto parte del programma istituti e centri specializzati dotati di tecnologia all&#8217;avanguardia, come l&#8217;Istituto di Ematologia e Immunologia, il centro cardiologico dell&#8217;Ospedale Pediatrico William Soler, il Centro Internazionale di cure Neurologiche (CIREN) e il Centro di Istoterapia Placentaria.<\/p>\n<p>Il carattere intersettoriale con la partecipazione di diversi organismi e istituzioni dello Stato cubano ha permesso di sviluppare con successo questa attivit\u00e0.<\/p>\n<p>Il programma ha permesso di diagnosticare pazienti con problemi al sistema endocrino, nell\u2019apparato digerente, nel sistema otorinolaringoiatrico e in misura minore le conseguenze sulla pelle. Inoltre sono state diagnosticate malattie oftalmologiche e cardiache.<\/p>\n<p>Questo sforzo titanico della medicina cubana, che alcuni potenti di questo pianeta cercano sempre di ignorare o mettere a tacere, ha permesso la guarigione e la riabilitazione di migliaia di bambini, molti dei quali avevano perso la speranza o si erano visti negare le possibilit\u00e0 di trattamento in altre parti del mondo. La maggior parte dei minori con malattie onco-ematologiche curati a Cuba sono ancora in perfetta salute.<\/p>\n<p>Cuba ha inoltre inviato 407.419 operatori sanitari per fornire assistenza medica a milioni di persone umili in 164 Paesi.<\/p>\n<p>Pochi giorni fa \u00e8 stato annunciato il ritorno di questo programma di solidariet\u00e0: 50 ragazze e ragazzi ucraini viaggeranno a Cuba quest&#8217;anno. Il primo gruppo ricever\u00e0 cure specializzate per le malattie della pelle e il cancro, mentre alla fine dell&#8217;anno potrebbe farlo un secondo gruppo, che presenta disturbi come la paralisi cerebrale. (Granma)<\/p>\n<p>Per terminare \u00e8 doveroso ricordare che nell\u2019ultima sessione ordinaria dell\u2019Assemblea Generale delle Nazioni Unite, nella quale \u00e8 stato chiesto per l\u2019ennesima volta di pronunciarsi sulla necessit\u00e0 di sollevare il blocco economico, commerciale e finanziario degli Stati Uniti nei confronti di Cuba l\u2019Ucraina ha votato contro, schierandosi al lato del suo sostenitore a stelle e strisce.<\/p>\n<p>Una bella dimostrazione di gratitudine dopo tutto quello che lo Stato cubano ha fatto per gli ucraini. Ma si sa a Zelensky e al suo circo poco importa dei propri cittadini, altrimenti non li manderebbe a morire come carne da macello al fronte.<\/p>\n<p><a href=\"http:\/\/www.occhisulmondo.info\">www.occhisulmondo.info<\/a><\/p>\n<p>&nbsp;<\/p>\n","protected":false},"excerpt":{"rendered":"<p>Sono passati quarant\u2019anni dall&#8217;incidente nucleare di Chernobyl, nella citt\u00e0 ucraina di Pripyat, il 26 aprile 1986. Cuba \u00e8 stato l&#8217;unico Paese a organizzare un programma sanitario completo, integrale e gratuito per la cura delle persone colpite dall&#8217;incidente. Tra il 1990&hellip;<\/p>\n","protected":false},"author":2609,"featured_media":2696320,"comment_status":"closed","ping_status":"closed","sticky":false,"template":"","format":"standard","meta":{"footnotes":""},"categories":[50,107392,47,1259],"tags":[3197,3893,4377,156065,8514],"class_list":["post-2696318","post","type-post","status-publish","format-standard","has-post-thumbnail","hentry","category-centro-america","category-noticia-it","category-europa","category-salute-argomento","tag-assistenza-sanitaria","tag-bambini","tag-cuba-it","tag-incidente-nucleare-di-chernobyl","tag-ucraina"],"yoast_head":"<!-- This site is optimized with the Yoast SEO plugin v27.1.1 - https:\/\/yoast.com\/product\/yoast-seo-wordpress\/ -->\n<title>Quando Cuba abbracci\u00f2 Chernobyl<\/title>\n<meta name=\"description\" content=\"Sono passati quarant\u2019anni dall&#039;incidente nucleare di Chernobyl, nella citt\u00e0 ucraina di Pripyat, il 26 aprile 1986. Cuba \u00e8 stato l&#039;unico Paese a\" \/>\n<meta name=\"robots\" content=\"index, follow, max-snippet:-1, max-image-preview:large, max-video-preview:-1\" \/>\n<link rel=\"canonical\" href=\"https:\/\/www.pressenza.com\/it\/2026\/04\/quando-cuba-abbraccio-chernobyl\/\" \/>\n<meta property=\"og:locale\" content=\"it_IT\" \/>\n<meta property=\"og:type\" content=\"article\" \/>\n<meta property=\"og:title\" content=\"Quando Cuba abbracci\u00f2 Chernobyl\" \/>\n<meta property=\"og:description\" content=\"Sono passati quarant\u2019anni dall&#039;incidente nucleare di Chernobyl, nella citt\u00e0 ucraina di Pripyat, il 26 aprile 1986. Cuba \u00e8 stato l&#039;unico Paese a\" \/>\n<meta property=\"og:url\" content=\"https:\/\/www.pressenza.com\/it\/2026\/04\/quando-cuba-abbraccio-chernobyl\/\" \/>\n<meta property=\"og:site_name\" content=\"Pressenza\" \/>\n<meta property=\"article:publisher\" content=\"https:\/\/www.facebook.com\/PressenzaItalia\" \/>\n<meta property=\"article:published_time\" content=\"2026-04-28T20:31:58+00:00\" \/>\n<meta property=\"article:modified_time\" content=\"2026-04-28T20:33:28+00:00\" \/>\n<meta property=\"og:image\" content=\"https:\/\/www.pressenza.com\/wp-content\/uploads\/2026\/04\/Fidel-e-bambini-Chernobyl.jpeg\" \/>\n\t<meta property=\"og:image:width\" content=\"700\" \/>\n\t<meta property=\"og:image:height\" content=\"437\" \/>\n\t<meta property=\"og:image:type\" content=\"image\/jpeg\" \/>\n<meta name=\"author\" content=\"Andrea Puccio\" \/>\n<meta name=\"twitter:card\" content=\"summary_large_image\" \/>\n<meta name=\"twitter:creator\" content=\"@PressenzaIPA\" \/>\n<meta name=\"twitter:site\" content=\"@PressenzaIPA\" \/>\n<meta name=\"twitter:label1\" content=\"Scritto da\" \/>\n\t<meta name=\"twitter:data1\" content=\"Andrea Puccio\" \/>\n\t<meta name=\"twitter:label2\" content=\"Tempo di lettura stimato\" \/>\n\t<meta name=\"twitter:data2\" content=\"6 minuti\" \/>\n<script type=\"application\/ld+json\" class=\"yoast-schema-graph\">{\"@context\":\"https:\/\/schema.org\",\"@graph\":[{\"@type\":\"Article\",\"@id\":\"https:\/\/www.pressenza.com\/it\/2026\/04\/quando-cuba-abbraccio-chernobyl\/#article\",\"isPartOf\":{\"@id\":\"https:\/\/www.pressenza.com\/it\/2026\/04\/quando-cuba-abbraccio-chernobyl\/\"},\"author\":{\"name\":\"Andrea Puccio\",\"@id\":\"https:\/\/www.pressenza.com\/it\/#\/schema\/person\/599e257c6127cef3aeb39922562928e0\"},\"headline\":\"Quando Cuba abbracci\u00f2 Chernobyl\",\"datePublished\":\"2026-04-28T20:31:58+00:00\",\"dateModified\":\"2026-04-28T20:33:28+00:00\",\"mainEntityOfPage\":{\"@id\":\"https:\/\/www.pressenza.com\/it\/2026\/04\/quando-cuba-abbraccio-chernobyl\/\"},\"wordCount\":997,\"publisher\":{\"@id\":\"https:\/\/www.pressenza.com\/it\/#organization\"},\"image\":{\"@id\":\"https:\/\/www.pressenza.com\/it\/2026\/04\/quando-cuba-abbraccio-chernobyl\/#primaryimage\"},\"thumbnailUrl\":\"https:\/\/www.pressenza.com\/wp-content\/uploads\/2026\/04\/Fidel-e-bambini-Chernobyl.jpeg\",\"keywords\":[\"assistenza sanitaria\",\"bambini\",\"Cuba\",\"incidente nucleare di Chernobyl\",\"Ucraina\"],\"articleSection\":[\"America Centrale\",\"Cronaca\",\"Europa\",\"Salute\"],\"inLanguage\":\"it-IT\"},{\"@type\":\"WebPage\",\"@id\":\"https:\/\/www.pressenza.com\/it\/2026\/04\/quando-cuba-abbraccio-chernobyl\/\",\"url\":\"https:\/\/www.pressenza.com\/it\/2026\/04\/quando-cuba-abbraccio-chernobyl\/\",\"name\":\"Quando Cuba abbracci\u00f2 Chernobyl\",\"isPartOf\":{\"@id\":\"https:\/\/www.pressenza.com\/it\/#website\"},\"primaryImageOfPage\":{\"@id\":\"https:\/\/www.pressenza.com\/it\/2026\/04\/quando-cuba-abbraccio-chernobyl\/#primaryimage\"},\"image\":{\"@id\":\"https:\/\/www.pressenza.com\/it\/2026\/04\/quando-cuba-abbraccio-chernobyl\/#primaryimage\"},\"thumbnailUrl\":\"https:\/\/www.pressenza.com\/wp-content\/uploads\/2026\/04\/Fidel-e-bambini-Chernobyl.jpeg\",\"datePublished\":\"2026-04-28T20:31:58+00:00\",\"dateModified\":\"2026-04-28T20:33:28+00:00\",\"description\":\"Sono passati quarant\u2019anni dall'incidente nucleare di Chernobyl, nella citt\u00e0 ucraina di Pripyat, il 26 aprile 1986. Cuba \u00e8 stato l'unico Paese a\",\"breadcrumb\":{\"@id\":\"https:\/\/www.pressenza.com\/it\/2026\/04\/quando-cuba-abbraccio-chernobyl\/#breadcrumb\"},\"inLanguage\":\"it-IT\",\"potentialAction\":[{\"@type\":\"ReadAction\",\"target\":[\"https:\/\/www.pressenza.com\/it\/2026\/04\/quando-cuba-abbraccio-chernobyl\/\"]}]},{\"@type\":\"ImageObject\",\"inLanguage\":\"it-IT\",\"@id\":\"https:\/\/www.pressenza.com\/it\/2026\/04\/quando-cuba-abbraccio-chernobyl\/#primaryimage\",\"url\":\"https:\/\/www.pressenza.com\/wp-content\/uploads\/2026\/04\/Fidel-e-bambini-Chernobyl.jpeg\",\"contentUrl\":\"https:\/\/www.pressenza.com\/wp-content\/uploads\/2026\/04\/Fidel-e-bambini-Chernobyl.jpeg\",\"width\":700,\"height\":437},{\"@type\":\"BreadcrumbList\",\"@id\":\"https:\/\/www.pressenza.com\/it\/2026\/04\/quando-cuba-abbraccio-chernobyl\/#breadcrumb\",\"itemListElement\":[{\"@type\":\"ListItem\",\"position\":1,\"name\":\"Accueil\",\"item\":\"https:\/\/www.pressenza.com\/it\/\"},{\"@type\":\"ListItem\",\"position\":2,\"name\":\"Quando Cuba abbracci\u00f2 Chernobyl\"}]},{\"@type\":\"WebSite\",\"@id\":\"https:\/\/www.pressenza.com\/it\/#website\",\"url\":\"https:\/\/www.pressenza.com\/it\/\",\"name\":\"Pressenza\",\"description\":\"Agenzia di Stampa Internazionale\",\"publisher\":{\"@id\":\"https:\/\/www.pressenza.com\/it\/#organization\"},\"potentialAction\":[{\"@type\":\"SearchAction\",\"target\":{\"@type\":\"EntryPoint\",\"urlTemplate\":\"https:\/\/www.pressenza.com\/it\/?s={search_term_string}\"},\"query-input\":{\"@type\":\"PropertyValueSpecification\",\"valueRequired\":true,\"valueName\":\"search_term_string\"}}],\"inLanguage\":\"it-IT\"},{\"@type\":\"Organization\",\"@id\":\"https:\/\/www.pressenza.com\/it\/#organization\",\"name\":\"Pressenza\",\"url\":\"https:\/\/www.pressenza.com\/it\/\",\"logo\":{\"@type\":\"ImageObject\",\"inLanguage\":\"it-IT\",\"@id\":\"https:\/\/www.pressenza.com\/it\/#\/schema\/logo\/image\/\",\"url\":\"https:\/\/www.pressenza.com\/wp-content\/uploads\/2022\/10\/pressenza_logo_200x200.jpg\",\"contentUrl\":\"https:\/\/www.pressenza.com\/wp-content\/uploads\/2022\/10\/pressenza_logo_200x200.jpg\",\"width\":200,\"height\":200,\"caption\":\"Pressenza\"},\"image\":{\"@id\":\"https:\/\/www.pressenza.com\/it\/#\/schema\/logo\/image\/\"},\"sameAs\":[\"https:\/\/www.facebook.com\/PressenzaItalia\",\"https:\/\/x.com\/PressenzaIPA\"]},{\"@type\":\"Person\",\"@id\":\"https:\/\/www.pressenza.com\/it\/#\/schema\/person\/599e257c6127cef3aeb39922562928e0\",\"name\":\"Andrea Puccio\",\"url\":\"https:\/\/www.pressenza.com\/it\/author\/andrea-puccio\/\"}]}<\/script>\n<!-- \/ Yoast SEO plugin. -->","yoast_head_json":{"title":"Quando Cuba abbracci\u00f2 Chernobyl","description":"Sono passati quarant\u2019anni dall'incidente nucleare di Chernobyl, nella citt\u00e0 ucraina di Pripyat, il 26 aprile 1986. Cuba \u00e8 stato l'unico Paese a","robots":{"index":"index","follow":"follow","max-snippet":"max-snippet:-1","max-image-preview":"max-image-preview:large","max-video-preview":"max-video-preview:-1"},"canonical":"https:\/\/www.pressenza.com\/it\/2026\/04\/quando-cuba-abbraccio-chernobyl\/","og_locale":"it_IT","og_type":"article","og_title":"Quando Cuba abbracci\u00f2 Chernobyl","og_description":"Sono passati quarant\u2019anni dall'incidente nucleare di Chernobyl, nella citt\u00e0 ucraina di Pripyat, il 26 aprile 1986. Cuba \u00e8 stato l'unico Paese a","og_url":"https:\/\/www.pressenza.com\/it\/2026\/04\/quando-cuba-abbraccio-chernobyl\/","og_site_name":"Pressenza","article_publisher":"https:\/\/www.facebook.com\/PressenzaItalia","article_published_time":"2026-04-28T20:31:58+00:00","article_modified_time":"2026-04-28T20:33:28+00:00","og_image":[{"width":700,"height":437,"url":"https:\/\/www.pressenza.com\/wp-content\/uploads\/2026\/04\/Fidel-e-bambini-Chernobyl.jpeg","type":"image\/jpeg"}],"author":"Andrea Puccio","twitter_card":"summary_large_image","twitter_creator":"@PressenzaIPA","twitter_site":"@PressenzaIPA","twitter_misc":{"Scritto da":"Andrea Puccio","Tempo di lettura stimato":"6 minuti"},"schema":{"@context":"https:\/\/schema.org","@graph":[{"@type":"Article","@id":"https:\/\/www.pressenza.com\/it\/2026\/04\/quando-cuba-abbraccio-chernobyl\/#article","isPartOf":{"@id":"https:\/\/www.pressenza.com\/it\/2026\/04\/quando-cuba-abbraccio-chernobyl\/"},"author":{"name":"Andrea Puccio","@id":"https:\/\/www.pressenza.com\/it\/#\/schema\/person\/599e257c6127cef3aeb39922562928e0"},"headline":"Quando Cuba abbracci\u00f2 Chernobyl","datePublished":"2026-04-28T20:31:58+00:00","dateModified":"2026-04-28T20:33:28+00:00","mainEntityOfPage":{"@id":"https:\/\/www.pressenza.com\/it\/2026\/04\/quando-cuba-abbraccio-chernobyl\/"},"wordCount":997,"publisher":{"@id":"https:\/\/www.pressenza.com\/it\/#organization"},"image":{"@id":"https:\/\/www.pressenza.com\/it\/2026\/04\/quando-cuba-abbraccio-chernobyl\/#primaryimage"},"thumbnailUrl":"https:\/\/www.pressenza.com\/wp-content\/uploads\/2026\/04\/Fidel-e-bambini-Chernobyl.jpeg","keywords":["assistenza sanitaria","bambini","Cuba","incidente nucleare di Chernobyl","Ucraina"],"articleSection":["America Centrale","Cronaca","Europa","Salute"],"inLanguage":"it-IT"},{"@type":"WebPage","@id":"https:\/\/www.pressenza.com\/it\/2026\/04\/quando-cuba-abbraccio-chernobyl\/","url":"https:\/\/www.pressenza.com\/it\/2026\/04\/quando-cuba-abbraccio-chernobyl\/","name":"Quando Cuba abbracci\u00f2 Chernobyl","isPartOf":{"@id":"https:\/\/www.pressenza.com\/it\/#website"},"primaryImageOfPage":{"@id":"https:\/\/www.pressenza.com\/it\/2026\/04\/quando-cuba-abbraccio-chernobyl\/#primaryimage"},"image":{"@id":"https:\/\/www.pressenza.com\/it\/2026\/04\/quando-cuba-abbraccio-chernobyl\/#primaryimage"},"thumbnailUrl":"https:\/\/www.pressenza.com\/wp-content\/uploads\/2026\/04\/Fidel-e-bambini-Chernobyl.jpeg","datePublished":"2026-04-28T20:31:58+00:00","dateModified":"2026-04-28T20:33:28+00:00","description":"Sono passati quarant\u2019anni dall'incidente nucleare di Chernobyl, nella citt\u00e0 ucraina di Pripyat, il 26 aprile 1986. Cuba \u00e8 stato l'unico Paese a","breadcrumb":{"@id":"https:\/\/www.pressenza.com\/it\/2026\/04\/quando-cuba-abbraccio-chernobyl\/#breadcrumb"},"inLanguage":"it-IT","potentialAction":[{"@type":"ReadAction","target":["https:\/\/www.pressenza.com\/it\/2026\/04\/quando-cuba-abbraccio-chernobyl\/"]}]},{"@type":"ImageObject","inLanguage":"it-IT","@id":"https:\/\/www.pressenza.com\/it\/2026\/04\/quando-cuba-abbraccio-chernobyl\/#primaryimage","url":"https:\/\/www.pressenza.com\/wp-content\/uploads\/2026\/04\/Fidel-e-bambini-Chernobyl.jpeg","contentUrl":"https:\/\/www.pressenza.com\/wp-content\/uploads\/2026\/04\/Fidel-e-bambini-Chernobyl.jpeg","width":700,"height":437},{"@type":"BreadcrumbList","@id":"https:\/\/www.pressenza.com\/it\/2026\/04\/quando-cuba-abbraccio-chernobyl\/#breadcrumb","itemListElement":[{"@type":"ListItem","position":1,"name":"Accueil","item":"https:\/\/www.pressenza.com\/it\/"},{"@type":"ListItem","position":2,"name":"Quando Cuba abbracci\u00f2 Chernobyl"}]},{"@type":"WebSite","@id":"https:\/\/www.pressenza.com\/it\/#website","url":"https:\/\/www.pressenza.com\/it\/","name":"Pressenza","description":"Agenzia di Stampa Internazionale","publisher":{"@id":"https:\/\/www.pressenza.com\/it\/#organization"},"potentialAction":[{"@type":"SearchAction","target":{"@type":"EntryPoint","urlTemplate":"https:\/\/www.pressenza.com\/it\/?s={search_term_string}"},"query-input":{"@type":"PropertyValueSpecification","valueRequired":true,"valueName":"search_term_string"}}],"inLanguage":"it-IT"},{"@type":"Organization","@id":"https:\/\/www.pressenza.com\/it\/#organization","name":"Pressenza","url":"https:\/\/www.pressenza.com\/it\/","logo":{"@type":"ImageObject","inLanguage":"it-IT","@id":"https:\/\/www.pressenza.com\/it\/#\/schema\/logo\/image\/","url":"https:\/\/www.pressenza.com\/wp-content\/uploads\/2022\/10\/pressenza_logo_200x200.jpg","contentUrl":"https:\/\/www.pressenza.com\/wp-content\/uploads\/2022\/10\/pressenza_logo_200x200.jpg","width":200,"height":200,"caption":"Pressenza"},"image":{"@id":"https:\/\/www.pressenza.com\/it\/#\/schema\/logo\/image\/"},"sameAs":["https:\/\/www.facebook.com\/PressenzaItalia","https:\/\/x.com\/PressenzaIPA"]},{"@type":"Person","@id":"https:\/\/www.pressenza.com\/it\/#\/schema\/person\/599e257c6127cef3aeb39922562928e0","name":"Andrea Puccio","url":"https:\/\/www.pressenza.com\/it\/author\/andrea-puccio\/"}]}},"place":"Cuba","original_article_url":"","_links":{"self":[{"href":"https:\/\/www.pressenza.com\/it\/wp-json\/wp\/v2\/posts\/2696318","targetHints":{"allow":["GET"]}}],"collection":[{"href":"https:\/\/www.pressenza.com\/it\/wp-json\/wp\/v2\/posts"}],"about":[{"href":"https:\/\/www.pressenza.com\/it\/wp-json\/wp\/v2\/types\/post"}],"author":[{"embeddable":true,"href":"https:\/\/www.pressenza.com\/it\/wp-json\/wp\/v2\/users\/2609"}],"replies":[{"embeddable":true,"href":"https:\/\/www.pressenza.com\/it\/wp-json\/wp\/v2\/comments?post=2696318"}],"version-history":[{"count":3,"href":"https:\/\/www.pressenza.com\/it\/wp-json\/wp\/v2\/posts\/2696318\/revisions"}],"predecessor-version":[{"id":2696323,"href":"https:\/\/www.pressenza.com\/it\/wp-json\/wp\/v2\/posts\/2696318\/revisions\/2696323"}],"wp:featuredmedia":[{"embeddable":true,"href":"https:\/\/www.pressenza.com\/it\/wp-json\/wp\/v2\/media\/2696320"}],"wp:attachment":[{"href":"https:\/\/www.pressenza.com\/it\/wp-json\/wp\/v2\/media?parent=2696318"}],"wp:term":[{"taxonomy":"category","embeddable":true,"href":"https:\/\/www.pressenza.com\/it\/wp-json\/wp\/v2\/categories?post=2696318"},{"taxonomy":"post_tag","embeddable":true,"href":"https:\/\/www.pressenza.com\/it\/wp-json\/wp\/v2\/tags?post=2696318"}],"curies":[{"name":"wp","href":"https:\/\/api.w.org\/{rel}","templated":true}]}}