{"id":2696316,"date":"2026-04-28T22:08:34","date_gmt":"2026-04-28T21:08:34","guid":{"rendered":"https:\/\/www.pressenza.com\/?p=2696316"},"modified":"2026-04-28T22:08:34","modified_gmt":"2026-04-28T21:08:34","slug":"mimmo-lucano-condannato-in-appello","status":"publish","type":"post","link":"https:\/\/www.pressenza.com\/it\/2026\/04\/mimmo-lucano-condannato-in-appello\/","title":{"rendered":"Il sindaco di Riace, Mimmo Lucano, nuovamente condannato."},"content":{"rendered":"<p>La Corte d\u2019Appello di Reggio Calabria ha sentenziato che Mimmo Lucano non pu\u00f2 essere pi\u00f9 il sindaco di Riace e, blindando la legge <em>Severino<\/em> nonostante l\u2019assenza di sanzioni accessorie, che sussiste il reato di abuso di potere e, bench\u00e9 a 18 mesi come pena residuale del processo xenia in cui era stato giudicato in 1 grado a una pena di 14 anni, ha condannato colpevole il parlamentare europeo di AVS.<\/p>\n<p>Secondo la difesa di Mimmo Lucano, questa decisione della Corte d\u2019Appello di Reggio Calabria pu\u00f2 essere invalidata in quanto la legge<em> Severino<\/em> non pu\u00f2 essere applicata al suo caso e poich\u00e9,\u00a0ritenendo che il <em>falso <\/em>non fosse stato commesso con un abuso di potere o con violazioni inerenti alle funzioni da sindaco, il Giudice che lo ha condannato a 11 mesi non aveva disposto l\u2019<strong>interdizione dai pubblici uffici<\/strong>.<\/p>\n<p>Quindi i legali di Mimmo Lucano hanno annunciato la richiesta di una sospensiva della sentenza di Reggio Calabria e il ricorso in Cassazione.<\/p>\n<p>Ma aldil\u00e0 degli aspetti legali e procedurali resta il fatto che questo Paese tanto malato da un lato grazia l\u2019igienista dentale di Berlusconi, che per sfuggire alla condanna e non scontare la sua pena ha usato l\u2019<em>escamotage<\/em> di adottare un minore uruguayano non orfano, i cui genitori biologici sono poveri ma vivi e presenti, e dall\u2019altro lato perseguita per anni un sindaco che ha inventato un modello di accoglienza ed \u00e8 ammirato in tutto il mondo per la sua capacit\u00e0 creativa, per il suo sguardo lungimirante sul fenomeno migratorio e per l\u2019umanit\u00e0 che ha sempre dimostrato con i fratelli e le sorelle migranti.<\/p>\n<p><strong>\u00a0<\/strong>In un <a href=\"https:\/\/www.facebook.com\/permalink.php?story_fbid=pfbid0QaCGXLpADBsFT1wGay8xQ4EtYhtfN48Rvqv3Dgho4xe7qxSMwKkqFP7mWpfoNMW7l&amp;id=61558016462469\" target=\"_blank\" rel=\"noopener\"><em>post<\/em> pubblicato oggi su Facebook<\/a>, <strong>Domenico \u201cMimmo\u201d Lucano<\/strong> ha dichiarato:<\/p>\n<div class=\"xdj266r x14z9mp xat24cr x1lziwak x1vvkbs x126k92a\">\n<div dir=\"auto\">\n<div class=\"xdj266r x14z9mp xat24cr x1lziwak x1vvkbs x126k92a\">\n<blockquote>\n<div dir=\"auto\">Sono l&#8217;unico sindaco d&#8217;Italia ad essere estromesso dalla sua carica per un abuso di potere che, secondo una sentenza di Cassazione, non ho commesso in nessun modo.<\/div>\n<\/blockquote>\n<\/div>\n<blockquote>\n<div class=\"x14z9mp xat24cr x1lziwak x1vvkbs xtlvy1s x126k92a\">\n<div dir=\"auto\">In pratica, subisco una conseguenza politica per qualcosa a cui io, secondo la pi\u00f9 alta Corte, sono totalmente estraneo.<\/div>\n<div dir=\"auto\">Mi sembra un folle paradosso, che mi auguro la Cassazione possa definitivamente sciogliere.<\/div>\n<\/div>\n<div class=\"x14z9mp xat24cr x1lziwak x1vvkbs xtlvy1s x126k92a\">\n<div dir=\"auto\">Sono obbligato ad avere speranza, cos&#8217;altro potrei fare?<\/div>\n<div dir=\"auto\"><\/div>\n<div dir=\"auto\">Questa decisione mi toglie il respiro: \u00e8 una guerra che non finisce mai.<\/div>\n<\/div>\n<div class=\"x14z9mp xat24cr x1lziwak x1vvkbs xtlvy1s x126k92a\">\n<div dir=\"auto\">Pi\u00f9 vado a fondo nell&#8217;analisi di questa situazione, pi\u00f9 mi convinco che questa sia una storia politica che prosegue fino all&#8217;esasperazione.<\/div>\n<\/div>\n<div class=\"x14z9mp xat24cr x1lziwak x1vvkbs xtlvy1s x126k92a\">\n<div dir=\"auto\">Ci sono elementi che sono passati sotto silenzio, ma che pesano enormemente.<\/div>\n<\/div>\n<div class=\"x14z9mp xat24cr x1lziwak x1vvkbs xtlvy1s x126k92a\">\n<div dir=\"auto\">Penso al gemellaggio con Gaza: perch\u00e9 \u00e8 stato negato solo a Riace?<\/div>\n<div dir=\"auto\">Il Comune aveva un\u2019autonomia di governo; quel gesto portava un messaggio politico fortissimo.<\/div>\n<div dir=\"auto\">Lo stesso vale per la cittadinanza onoraria conferita ad Habashy Rashed Hassan Arafa: non era solo un atto simbolico, ma una presa di posizione netta sulle migrazioni e sulla dignit\u00e0 degli esseri umani.<\/div>\n<div dir=\"auto\"><\/div>\n<div dir=\"auto\">Riace \u00e8 stata questo: un campo di battaglia su cui si scontravano due visioni opposte del mondo.<\/div>\n<div dir=\"auto\"><\/div>\n<\/div>\n<div class=\"x14z9mp xat24cr x1lziwak x1vvkbs xtlvy1s x126k92a\">\n<div dir=\"auto\">Quel che \u00e8 certo \u00e8 che la mia storia giudiziaria \u00e8 totalmente immersa nella situazione politica del Paese.<\/div>\n<\/div>\n<\/blockquote>\n<div class=\"x14z9mp xat24cr x1lziwak x1vvkbs xtlvy1s x126k92a\">\n<blockquote>\n<div dir=\"auto\">Credo di essere stato colpito per ci\u00f2 che Riace rappresentava.<\/div>\n<\/blockquote>\n<\/div>\n<\/div>\n<\/div>\n<div class=\"x14z9mp xat24cr x1lziwak x1vvkbs xtlvy1s x126k92a\">\n<div dir=\"auto\"><\/div>\n<\/div>\n","protected":false},"excerpt":{"rendered":"<p>La Corte d\u2019Appello di Reggio Calabria ha sentenziato che Mimmo Lucano non pu\u00f2 essere pi\u00f9 il sindaco di Riace e, blindando la legge Severino nonostante l\u2019assenza di sanzioni accessorie, che sussiste il reato di abuso di potere e, bench\u00e9 a&hellip;<\/p>\n","protected":false},"author":2503,"featured_media":2696319,"comment_status":"closed","ping_status":"closed","sticky":false,"template":"","format":"standard","meta":{"footnotes":""},"categories":[11388,55],"tags":[67253],"class_list":["post-2696316","post","type-post","status-publish","format-standard","has-post-thumbnail","hentry","category-contenuti-originali","category-politica","tag-processo-contro-mimmo-lucano"],"yoast_head":"<!-- This site is optimized with the Yoast SEO plugin v27.1.1 - https:\/\/yoast.com\/product\/yoast-seo-wordpress\/ -->\n<title>Il sindaco di Riace, Mimmo Lucano, nuovamente condannato.<\/title>\n<meta name=\"description\" content=\"La Corte d\u2019Appello di Reggio Calabria ha sentenziato che Mimmo Lucano non pu\u00f2 essere pi\u00f9 il sindaco di Riace e, blindando la legge Severino nonostante\" \/>\n<meta name=\"robots\" content=\"index, follow, max-snippet:-1, max-image-preview:large, max-video-preview:-1\" \/>\n<link rel=\"canonical\" href=\"https:\/\/www.pressenza.com\/it\/2026\/04\/mimmo-lucano-condannato-in-appello\/\" \/>\n<meta property=\"og:locale\" content=\"it_IT\" \/>\n<meta property=\"og:type\" content=\"article\" \/>\n<meta property=\"og:title\" content=\"Il sindaco di Riace, Mimmo Lucano, nuovamente condannato.\" \/>\n<meta property=\"og:description\" content=\"La Corte d\u2019Appello di Reggio Calabria ha sentenziato che Mimmo Lucano non pu\u00f2 essere pi\u00f9 il sindaco di Riace e, blindando la legge Severino nonostante\" \/>\n<meta property=\"og:url\" content=\"https:\/\/www.pressenza.com\/it\/2026\/04\/mimmo-lucano-condannato-in-appello\/\" \/>\n<meta property=\"og:site_name\" content=\"Pressenza\" \/>\n<meta property=\"article:publisher\" content=\"https:\/\/www.facebook.com\/PressenzaItalia\" \/>\n<meta property=\"article:published_time\" content=\"2026-04-28T21:08:34+00:00\" \/>\n<meta property=\"og:image\" content=\"https:\/\/www.pressenza.com\/wp-content\/uploads\/2026\/04\/684139777_122235349406267215_2997260648957630987_n-e1777408176517.jpg\" \/>\n\t<meta property=\"og:image:width\" content=\"783\" \/>\n\t<meta property=\"og:image:height\" content=\"491\" \/>\n\t<meta property=\"og:image:type\" content=\"image\/jpeg\" \/>\n<meta name=\"author\" content=\"Manfredo Pavoni Gay\" \/>\n<meta name=\"twitter:card\" content=\"summary_large_image\" \/>\n<meta name=\"twitter:creator\" content=\"@PressenzaIPA\" \/>\n<meta name=\"twitter:site\" content=\"@PressenzaIPA\" \/>\n<meta name=\"twitter:label1\" content=\"Scritto da\" \/>\n\t<meta name=\"twitter:data1\" content=\"Manfredo Pavoni Gay\" \/>\n\t<meta name=\"twitter:label2\" content=\"Tempo di lettura stimato\" \/>\n\t<meta name=\"twitter:data2\" content=\"2 minuti\" \/>\n<script type=\"application\/ld+json\" class=\"yoast-schema-graph\">{\"@context\":\"https:\/\/schema.org\",\"@graph\":[{\"@type\":\"Article\",\"@id\":\"https:\/\/www.pressenza.com\/it\/2026\/04\/mimmo-lucano-condannato-in-appello\/#article\",\"isPartOf\":{\"@id\":\"https:\/\/www.pressenza.com\/it\/2026\/04\/mimmo-lucano-condannato-in-appello\/\"},\"author\":{\"name\":\"Manfredo Pavoni Gay\",\"@id\":\"https:\/\/www.pressenza.com\/it\/#\/schema\/person\/471dc9cf89b8c347b11a03357c83558e\"},\"headline\":\"Il sindaco di Riace, Mimmo Lucano, nuovamente condannato.\",\"datePublished\":\"2026-04-28T21:08:34+00:00\",\"mainEntityOfPage\":{\"@id\":\"https:\/\/www.pressenza.com\/it\/2026\/04\/mimmo-lucano-condannato-in-appello\/\"},\"wordCount\":503,\"publisher\":{\"@id\":\"https:\/\/www.pressenza.com\/it\/#organization\"},\"image\":{\"@id\":\"https:\/\/www.pressenza.com\/it\/2026\/04\/mimmo-lucano-condannato-in-appello\/#primaryimage\"},\"thumbnailUrl\":\"https:\/\/www.pressenza.com\/wp-content\/uploads\/2026\/04\/684139777_122235349406267215_2997260648957630987_n-e1777408176517.jpg\",\"keywords\":[\"processo contro Mimmo Lucano\"],\"articleSection\":[\"contenuti originali\",\"Politica\"],\"inLanguage\":\"it-IT\"},{\"@type\":\"WebPage\",\"@id\":\"https:\/\/www.pressenza.com\/it\/2026\/04\/mimmo-lucano-condannato-in-appello\/\",\"url\":\"https:\/\/www.pressenza.com\/it\/2026\/04\/mimmo-lucano-condannato-in-appello\/\",\"name\":\"Il sindaco di Riace, Mimmo Lucano, nuovamente condannato.\",\"isPartOf\":{\"@id\":\"https:\/\/www.pressenza.com\/it\/#website\"},\"primaryImageOfPage\":{\"@id\":\"https:\/\/www.pressenza.com\/it\/2026\/04\/mimmo-lucano-condannato-in-appello\/#primaryimage\"},\"image\":{\"@id\":\"https:\/\/www.pressenza.com\/it\/2026\/04\/mimmo-lucano-condannato-in-appello\/#primaryimage\"},\"thumbnailUrl\":\"https:\/\/www.pressenza.com\/wp-content\/uploads\/2026\/04\/684139777_122235349406267215_2997260648957630987_n-e1777408176517.jpg\",\"datePublished\":\"2026-04-28T21:08:34+00:00\",\"description\":\"La Corte d\u2019Appello di Reggio Calabria ha sentenziato che Mimmo Lucano non pu\u00f2 essere pi\u00f9 il sindaco di Riace e, blindando la legge Severino nonostante\",\"breadcrumb\":{\"@id\":\"https:\/\/www.pressenza.com\/it\/2026\/04\/mimmo-lucano-condannato-in-appello\/#breadcrumb\"},\"inLanguage\":\"it-IT\",\"potentialAction\":[{\"@type\":\"ReadAction\",\"target\":[\"https:\/\/www.pressenza.com\/it\/2026\/04\/mimmo-lucano-condannato-in-appello\/\"]}]},{\"@type\":\"ImageObject\",\"inLanguage\":\"it-IT\",\"@id\":\"https:\/\/www.pressenza.com\/it\/2026\/04\/mimmo-lucano-condannato-in-appello\/#primaryimage\",\"url\":\"https:\/\/www.pressenza.com\/wp-content\/uploads\/2026\/04\/684139777_122235349406267215_2997260648957630987_n-e1777408176517.jpg\",\"contentUrl\":\"https:\/\/www.pressenza.com\/wp-content\/uploads\/2026\/04\/684139777_122235349406267215_2997260648957630987_n-e1777408176517.jpg\",\"width\":783,\"height\":491},{\"@type\":\"BreadcrumbList\",\"@id\":\"https:\/\/www.pressenza.com\/it\/2026\/04\/mimmo-lucano-condannato-in-appello\/#breadcrumb\",\"itemListElement\":[{\"@type\":\"ListItem\",\"position\":1,\"name\":\"Accueil\",\"item\":\"https:\/\/www.pressenza.com\/it\/\"},{\"@type\":\"ListItem\",\"position\":2,\"name\":\"Il sindaco di Riace, Mimmo Lucano, nuovamente condannato.\"}]},{\"@type\":\"WebSite\",\"@id\":\"https:\/\/www.pressenza.com\/it\/#website\",\"url\":\"https:\/\/www.pressenza.com\/it\/\",\"name\":\"Pressenza\",\"description\":\"Agenzia di Stampa Internazionale\",\"publisher\":{\"@id\":\"https:\/\/www.pressenza.com\/it\/#organization\"},\"potentialAction\":[{\"@type\":\"SearchAction\",\"target\":{\"@type\":\"EntryPoint\",\"urlTemplate\":\"https:\/\/www.pressenza.com\/it\/?s={search_term_string}\"},\"query-input\":{\"@type\":\"PropertyValueSpecification\",\"valueRequired\":true,\"valueName\":\"search_term_string\"}}],\"inLanguage\":\"it-IT\"},{\"@type\":\"Organization\",\"@id\":\"https:\/\/www.pressenza.com\/it\/#organization\",\"name\":\"Pressenza\",\"url\":\"https:\/\/www.pressenza.com\/it\/\",\"logo\":{\"@type\":\"ImageObject\",\"inLanguage\":\"it-IT\",\"@id\":\"https:\/\/www.pressenza.com\/it\/#\/schema\/logo\/image\/\",\"url\":\"https:\/\/www.pressenza.com\/wp-content\/uploads\/2022\/10\/pressenza_logo_200x200.jpg\",\"contentUrl\":\"https:\/\/www.pressenza.com\/wp-content\/uploads\/2022\/10\/pressenza_logo_200x200.jpg\",\"width\":200,\"height\":200,\"caption\":\"Pressenza\"},\"image\":{\"@id\":\"https:\/\/www.pressenza.com\/it\/#\/schema\/logo\/image\/\"},\"sameAs\":[\"https:\/\/www.facebook.com\/PressenzaItalia\",\"https:\/\/x.com\/PressenzaIPA\"]},{\"@type\":\"Person\",\"@id\":\"https:\/\/www.pressenza.com\/it\/#\/schema\/person\/471dc9cf89b8c347b11a03357c83558e\",\"name\":\"Manfredo Pavoni Gay\",\"url\":\"https:\/\/www.pressenza.com\/it\/author\/m-pavoni_gay\/\"}]}<\/script>\n<!-- \/ Yoast SEO plugin. -->","yoast_head_json":{"title":"Il sindaco di Riace, Mimmo Lucano, nuovamente condannato.","description":"La Corte d\u2019Appello di Reggio Calabria ha sentenziato che Mimmo Lucano non pu\u00f2 essere pi\u00f9 il sindaco di Riace e, blindando la legge Severino nonostante","robots":{"index":"index","follow":"follow","max-snippet":"max-snippet:-1","max-image-preview":"max-image-preview:large","max-video-preview":"max-video-preview:-1"},"canonical":"https:\/\/www.pressenza.com\/it\/2026\/04\/mimmo-lucano-condannato-in-appello\/","og_locale":"it_IT","og_type":"article","og_title":"Il sindaco di Riace, Mimmo Lucano, nuovamente condannato.","og_description":"La Corte d\u2019Appello di Reggio Calabria ha sentenziato che Mimmo Lucano non pu\u00f2 essere pi\u00f9 il sindaco di Riace e, blindando la legge Severino nonostante","og_url":"https:\/\/www.pressenza.com\/it\/2026\/04\/mimmo-lucano-condannato-in-appello\/","og_site_name":"Pressenza","article_publisher":"https:\/\/www.facebook.com\/PressenzaItalia","article_published_time":"2026-04-28T21:08:34+00:00","og_image":[{"width":783,"height":491,"url":"https:\/\/www.pressenza.com\/wp-content\/uploads\/2026\/04\/684139777_122235349406267215_2997260648957630987_n-e1777408176517.jpg","type":"image\/jpeg"}],"author":"Manfredo Pavoni Gay","twitter_card":"summary_large_image","twitter_creator":"@PressenzaIPA","twitter_site":"@PressenzaIPA","twitter_misc":{"Scritto da":"Manfredo Pavoni Gay","Tempo di lettura stimato":"2 minuti"},"schema":{"@context":"https:\/\/schema.org","@graph":[{"@type":"Article","@id":"https:\/\/www.pressenza.com\/it\/2026\/04\/mimmo-lucano-condannato-in-appello\/#article","isPartOf":{"@id":"https:\/\/www.pressenza.com\/it\/2026\/04\/mimmo-lucano-condannato-in-appello\/"},"author":{"name":"Manfredo Pavoni Gay","@id":"https:\/\/www.pressenza.com\/it\/#\/schema\/person\/471dc9cf89b8c347b11a03357c83558e"},"headline":"Il sindaco di Riace, Mimmo Lucano, nuovamente condannato.","datePublished":"2026-04-28T21:08:34+00:00","mainEntityOfPage":{"@id":"https:\/\/www.pressenza.com\/it\/2026\/04\/mimmo-lucano-condannato-in-appello\/"},"wordCount":503,"publisher":{"@id":"https:\/\/www.pressenza.com\/it\/#organization"},"image":{"@id":"https:\/\/www.pressenza.com\/it\/2026\/04\/mimmo-lucano-condannato-in-appello\/#primaryimage"},"thumbnailUrl":"https:\/\/www.pressenza.com\/wp-content\/uploads\/2026\/04\/684139777_122235349406267215_2997260648957630987_n-e1777408176517.jpg","keywords":["processo contro Mimmo Lucano"],"articleSection":["contenuti originali","Politica"],"inLanguage":"it-IT"},{"@type":"WebPage","@id":"https:\/\/www.pressenza.com\/it\/2026\/04\/mimmo-lucano-condannato-in-appello\/","url":"https:\/\/www.pressenza.com\/it\/2026\/04\/mimmo-lucano-condannato-in-appello\/","name":"Il sindaco di Riace, Mimmo Lucano, nuovamente condannato.","isPartOf":{"@id":"https:\/\/www.pressenza.com\/it\/#website"},"primaryImageOfPage":{"@id":"https:\/\/www.pressenza.com\/it\/2026\/04\/mimmo-lucano-condannato-in-appello\/#primaryimage"},"image":{"@id":"https:\/\/www.pressenza.com\/it\/2026\/04\/mimmo-lucano-condannato-in-appello\/#primaryimage"},"thumbnailUrl":"https:\/\/www.pressenza.com\/wp-content\/uploads\/2026\/04\/684139777_122235349406267215_2997260648957630987_n-e1777408176517.jpg","datePublished":"2026-04-28T21:08:34+00:00","description":"La Corte d\u2019Appello di Reggio Calabria ha sentenziato che Mimmo Lucano non pu\u00f2 essere pi\u00f9 il sindaco di Riace e, blindando la legge Severino nonostante","breadcrumb":{"@id":"https:\/\/www.pressenza.com\/it\/2026\/04\/mimmo-lucano-condannato-in-appello\/#breadcrumb"},"inLanguage":"it-IT","potentialAction":[{"@type":"ReadAction","target":["https:\/\/www.pressenza.com\/it\/2026\/04\/mimmo-lucano-condannato-in-appello\/"]}]},{"@type":"ImageObject","inLanguage":"it-IT","@id":"https:\/\/www.pressenza.com\/it\/2026\/04\/mimmo-lucano-condannato-in-appello\/#primaryimage","url":"https:\/\/www.pressenza.com\/wp-content\/uploads\/2026\/04\/684139777_122235349406267215_2997260648957630987_n-e1777408176517.jpg","contentUrl":"https:\/\/www.pressenza.com\/wp-content\/uploads\/2026\/04\/684139777_122235349406267215_2997260648957630987_n-e1777408176517.jpg","width":783,"height":491},{"@type":"BreadcrumbList","@id":"https:\/\/www.pressenza.com\/it\/2026\/04\/mimmo-lucano-condannato-in-appello\/#breadcrumb","itemListElement":[{"@type":"ListItem","position":1,"name":"Accueil","item":"https:\/\/www.pressenza.com\/it\/"},{"@type":"ListItem","position":2,"name":"Il sindaco di Riace, Mimmo Lucano, nuovamente condannato."}]},{"@type":"WebSite","@id":"https:\/\/www.pressenza.com\/it\/#website","url":"https:\/\/www.pressenza.com\/it\/","name":"Pressenza","description":"Agenzia di Stampa Internazionale","publisher":{"@id":"https:\/\/www.pressenza.com\/it\/#organization"},"potentialAction":[{"@type":"SearchAction","target":{"@type":"EntryPoint","urlTemplate":"https:\/\/www.pressenza.com\/it\/?s={search_term_string}"},"query-input":{"@type":"PropertyValueSpecification","valueRequired":true,"valueName":"search_term_string"}}],"inLanguage":"it-IT"},{"@type":"Organization","@id":"https:\/\/www.pressenza.com\/it\/#organization","name":"Pressenza","url":"https:\/\/www.pressenza.com\/it\/","logo":{"@type":"ImageObject","inLanguage":"it-IT","@id":"https:\/\/www.pressenza.com\/it\/#\/schema\/logo\/image\/","url":"https:\/\/www.pressenza.com\/wp-content\/uploads\/2022\/10\/pressenza_logo_200x200.jpg","contentUrl":"https:\/\/www.pressenza.com\/wp-content\/uploads\/2022\/10\/pressenza_logo_200x200.jpg","width":200,"height":200,"caption":"Pressenza"},"image":{"@id":"https:\/\/www.pressenza.com\/it\/#\/schema\/logo\/image\/"},"sameAs":["https:\/\/www.facebook.com\/PressenzaItalia","https:\/\/x.com\/PressenzaIPA"]},{"@type":"Person","@id":"https:\/\/www.pressenza.com\/it\/#\/schema\/person\/471dc9cf89b8c347b11a03357c83558e","name":"Manfredo Pavoni Gay","url":"https:\/\/www.pressenza.com\/it\/author\/m-pavoni_gay\/"}]}},"place":"","original_article_url":"","_links":{"self":[{"href":"https:\/\/www.pressenza.com\/it\/wp-json\/wp\/v2\/posts\/2696316","targetHints":{"allow":["GET"]}}],"collection":[{"href":"https:\/\/www.pressenza.com\/it\/wp-json\/wp\/v2\/posts"}],"about":[{"href":"https:\/\/www.pressenza.com\/it\/wp-json\/wp\/v2\/types\/post"}],"author":[{"embeddable":true,"href":"https:\/\/www.pressenza.com\/it\/wp-json\/wp\/v2\/users\/2503"}],"replies":[{"embeddable":true,"href":"https:\/\/www.pressenza.com\/it\/wp-json\/wp\/v2\/comments?post=2696316"}],"version-history":[{"count":3,"href":"https:\/\/www.pressenza.com\/it\/wp-json\/wp\/v2\/posts\/2696316\/revisions"}],"predecessor-version":[{"id":2696328,"href":"https:\/\/www.pressenza.com\/it\/wp-json\/wp\/v2\/posts\/2696316\/revisions\/2696328"}],"wp:featuredmedia":[{"embeddable":true,"href":"https:\/\/www.pressenza.com\/it\/wp-json\/wp\/v2\/media\/2696319"}],"wp:attachment":[{"href":"https:\/\/www.pressenza.com\/it\/wp-json\/wp\/v2\/media?parent=2696316"}],"wp:term":[{"taxonomy":"category","embeddable":true,"href":"https:\/\/www.pressenza.com\/it\/wp-json\/wp\/v2\/categories?post=2696316"},{"taxonomy":"post_tag","embeddable":true,"href":"https:\/\/www.pressenza.com\/it\/wp-json\/wp\/v2\/tags?post=2696316"}],"curies":[{"name":"wp","href":"https:\/\/api.w.org\/{rel}","templated":true}]}}