{"id":2696284,"date":"2026-04-28T20:41:38","date_gmt":"2026-04-28T19:41:38","guid":{"rendered":"https:\/\/www.pressenza.com\/?p=2696284"},"modified":"2026-04-28T20:41:38","modified_gmt":"2026-04-28T19:41:38","slug":"slapp-contest-sei-premi-per-ribadire-la-necessita-di-tutelare-la-liberta-di-espressione","status":"publish","type":"post","link":"https:\/\/www.pressenza.com\/it\/2026\/04\/slapp-contest-sei-premi-per-ribadire-la-necessita-di-tutelare-la-liberta-di-espressione\/","title":{"rendered":"SLAPP Contest: sei premi per ribadire la necessit\u00e0 di tutelare la libert\u00e0 di espressione"},"content":{"rendered":"<p><span style=\"font-weight: 400;\">Puntare i riflettori su chi abusa dei tribunali e degli strumenti di minaccia legale per <\/span><b>silenziare e intimidire<\/b><span style=\"font-weight: 400;\"> voci critiche, <\/span><b>giornalisti, attivisti, whistleblower e organizzazioni della societ\u00e0 civile<\/b><span style=\"font-weight: 400;\">, in modo da scoraggiarli dal partecipare al dibattito pubblico.<\/span><\/p>\n<p><span style=\"font-weight: 400;\">Questo l\u2019obiettivo dello <\/span><b>SLAPP Contest<\/b><span style=\"font-weight: 400;\">, promosso dalla Coalition Against SLAPPs in Europe (CASE) e giunto ormai alla sua <\/span><b>V edizione<\/b><span style=\"font-weight: 400;\">, di cui si \u00e8 tenuta questa sera la <\/span><b>cerimonia di premiazione<\/b><span style=\"font-weight: 400;\">.<\/span><\/p>\n<p><span style=\"font-weight: 400;\">A testimonianza dell\u2019ampia portata delle SLAPP (<\/span><i><span style=\"font-weight: 400;\">Strategic Lawsuits Against Public Participation) <\/span><\/i><span style=\"font-weight: 400;\">&#8211; azioni legali intentate da soggetti potenti con l\u2019obiettivo di intimidire\u00a0 &#8211; sono ben <\/span><b>6 le categorie dei premi assegnati dalla giuria<\/b><span style=\"font-weight: 400;\">, composta dagli eurodeputati Daniel Freund (Verdi\/AEL), Veronika Cifrov\u00e1 Ostriho\u0148ov\u00e1 (Renew) e David Casa (PPE); affiancati da Julie Majerczak di Reporters Without Borders e Charlie Holt di Global Climate Legal Defense (CliDef):<\/span><\/p>\n<ul>\n<li style=\"font-weight: 400;\" aria-level=\"1\"><b>SLAPP Addict of the Year: <\/b><span style=\"font-weight: 400;\">Fratelli Barab\u00e1s, proprietari di HELL ENERGY Ltd (Ungheria)<\/span><\/li>\n<li style=\"font-weight: 400;\" aria-level=\"1\"><b>SLAPP Politician of the Year: <\/b><span style=\"font-weight: 400;\">Claude Eerdekens, ex sindaco di Andenne (Belgio)<\/span><\/li>\n<li style=\"font-weight: 400;\" aria-level=\"1\"><b>SLAPP Jurist 2026: <\/b><span style=\"font-weight: 400;\">Giudice Ivan Markovi\u0107 (Croazia)<\/span><\/li>\n<li style=\"font-weight: 400;\" aria-level=\"1\"><b>Corporate Bully of the Year: <\/b><span style=\"font-weight: 400;\">John Keegan e Keegan Quarries Ltd (Irlanda)<\/span><\/li>\n<li style=\"font-weight: 400;\" aria-level=\"1\"><b>Green Gag Award 2026: <\/b><span style=\"font-weight: 400;\">ENI (Italia)<\/span><\/li>\n<\/ul>\n<p>&nbsp;<\/p>\n<p><b>Il caso ENI: il Green Gag Award 2026<\/b><\/p>\n<p><span style=\"font-weight: 400;\">Il premio pi\u00f9 significativo per l\u2019Italia \u00e8 il Green Gag Award 2026, assegnato a ENI per aver avviato una procedura di mediazione per presunta diffamazione aggravata \u2013 i cui danni stimati potrebbero ammontare fino a \u20ac800.000 &#8211; <\/span><a href=\"https:\/\/www.balcanicaucaso.org\/cp_article\/case-italia-esprime-solidarieta-a-recommon\/\"><span style=\"font-weight: 400;\">nei confronti dell&#8217;associazione ReCommon<\/span><\/a><span style=\"font-weight: 400;\"> e della sua esponente Eva Pastorelli. Una SLAPP avviata da ENI in risposta al riferimento di Eva Pastorelli, supportato da informazioni pubblicamente disponibili, a licenze in acque palestinesi per cui ENI aveva presentato offerta, per poi ritirarsi. Nessuno dei \u201cvincitori\u201d si \u00e8 presentato a ritirare il premio in persona, ma i bersagli delle loro cause sono stati ben felici di farlo a nome loro.<\/span><\/p>\n<p><i><span style=\"font-weight: 400;\">\u201cNel nostro Paese, le SLAPP sono una tradizione consolidata, proprio come la pizza e i gesti durante le conversazioni. ENI voleva metterci a tacere e impedire che la notizia si diffondesse. Invece, numerosi media italiani e internazionali hanno espresso solidariet\u00e0, ampliando enormemente il pubblico raggiunto.\u201d <\/span><\/i><b><i>\u2014 Antonio Tricarico ed Eva Pastorelli, ReCommon (nel loro discorso di accettazione)<\/i><\/b><\/p>\n<p><b>Un primato che non fa onore: l\u2019Italia prima in Europa per numero di SLAPP<\/b><\/p>\n<p><span style=\"font-weight: 400;\">ENI non \u00e8 nuova a questi metodi: CASE aveva gi\u00e0 assegnato a ENI nel 2021 e nel 2025 il riconoscimento di<\/span><a href=\"https:\/\/www.balcanicaucaso.org\/cp_article\/gli-oscar-del-bullismo-legale-ecco-i-campioni-europei-delle-slapp\/\"><span style=\"font-weight: 400;\"> \u201cbullo dell\u2019anno\u201d,<\/span><\/a><span style=\"font-weight: 400;\"> anche in virt\u00f9 delle azioni legali vessatorie avviate in passato sempre nei confronti di<\/span><a href=\"https:\/\/www.the-case.eu\/latest\/eni-strikes-again-a-textbook-environmental-slapp\/\"><span style=\"font-weight: 400;\"> ReCommon<\/span><\/a><span style=\"font-weight: 400;\"> e di<\/span><a href=\"https:\/\/www.balcanicaucaso.org\/cp_article\/eni-denuncia-un-esponente-di-recommon-per-unintervista-a-report\/\"><span style=\"font-weight: 400;\"> Antonio Tricarico<\/span><\/a><span style=\"font-weight: 400;\">, direttore dei programmi dell\u2019organizzazione, e di Greenpeace Italia e Greenpeace Paesi Bassi.<\/span><\/p>\n<p><span style=\"font-weight: 400;\">Quella di ENI contro Eva Pastorelli e ReCommon nel 2026 \u00e8 l &#8216;ennesima azione legale temeraria che si aggiunge alla lunga lista di SLAPP mappate nel nostro Paese da CASE.\u00a0<\/span><\/p>\n<p><span style=\"font-weight: 400;\">Con 21 casi censiti nel solo 2024, <\/span><b>l\u2019Italia si \u00e8 confermata per il secondo anno consecutivo il Paese europeo con il maggior numero di SLAPP documentate<\/b><span style=\"font-weight: 400;\"> nel <\/span><a href=\"https:\/\/www.the-case.eu\/resources\/2025-report-slapps-in-europe-democracy-in-the-dock\/\"><span style=\"font-weight: 400;\">report annuale sulle SLAPP in Europa<\/span><\/a><span style=\"font-weight: 400;\"> prodotto da CASE e pubblicato lo scorso gennaio. Un primato preoccupante che riflette un clima sempre pi\u00f9 ostile per chi porta avanti un\u2019attivit\u00e0 di giornalismo d\u2019inchiesta o si dedica all\u2019attivismo ambientale e civico, in un contesto europeo che ha visto crescere il numero di SLAPP in tutta Europa.<\/span><\/p>\n<p><span style=\"font-weight: 400;\">Ma c\u2019\u00e8 di pi\u00f9: quest\u2019anno, tra le candidate alla categoria SLAPP Politician of the Year <\/span><b>figurava per il secondo anno di fila la Presidente del Consiglio Giorgia Meloni<\/b><span style=\"font-weight: 400;\"> &#8211; l\u2019anno scorso era stata proprio <\/span><span style=\"font-weight: 400;\">la <\/span><span style=\"font-weight: 400;\">Premier italiana<\/span> <span style=\"font-weight: 400;\">a ricevere il premio.<\/span><\/p>\n<p><span style=\"font-weight: 400;\">Sebbene questo riconoscimento sia stato assegnato quest\u2019anno all\u2019ex sindaco belga Claude Eerdekens, la candidatura italiana rimane un segnale politico preoccupante per la coalizione CASE Italia. Quando a ricorrere a molestie legali\u00a0 sono premier, ministri e sottosegretari, caratteristica precipua dell\u2019Italia, l\u2019effetto intimidatorio nei confronti di giornalisti, attivisti o addirittura stand-up comedian come Daniele Fabbri, querelato da Meloni per una battuta, \u00e8 ancora maggiore, cos\u00ec come pi\u00f9 significativo diventa il rischio di autocensura e pi\u00f9 grave l\u2019impatto sulla libert\u00e0 di espressione e sulla qualit\u00e0 della democrazia.<\/span><\/p>\n<p><b>Il tempo stringe: recepire la direttiva \u00e8 urgente<\/b><\/p>\n<p><b>Il 7 maggio 2026 scade il termine per il recepimento della direttiva europea anti-SLAPP<\/b><span style=\"font-weight: 400;\"> (Direttiva 2024\/1069, nota come \u201cLegge Daphne\u201d) negli ordinamenti nazionali degli Stati Membri. Manca pochissimo e i governi saranno presto giudicati sulla base di ci\u00f2 che metteranno davvero in campo.<\/span><\/p>\n<p><span style=\"font-weight: 400;\">La posta in gioco \u00e8 concreta come mostra l\u2019emblematico caso Saviano: il 16 aprile 2026, ad otto anni dall\u2019avvio del procedimento legale, il Tribunale penale di Roma ha assolto lo scrittore Roberto Saviano dall\u2019accusa di diffamazione nei confronti dell\u2019allora Ministro dell\u2019Interno Matteo Salvini, respingendo sia la multa che la richiesta di risarcimento. Una <\/span><a href=\"https:\/\/www.balcanicaucaso.org\/cp_article\/italia-sentenza-storica-per-la-liberta-di-stampa\/\"><span style=\"font-weight: 400;\">sentenza spartiacque per la libert\u00e0 di stampa e di espression<\/span><\/a><span style=\"font-weight: 400;\">e, ma arrivata dopo quasi un decennio di pressione legale sullo scrittore italiano: esattamente il tipo di logoramento che le SLAPP sono progettate a produrre.<\/span><\/p>\n<p><a href=\"https:\/\/www.balcanicaucaso.org\/cp_article\/recepimento-della-direttiva-anti-slapp-lappello-di-case-italia-per-un-intervento-normativo-a-tutela-della-liberta-di-espressione\/\"><span style=\"font-weight: 400;\">Come ricordano i membri di CASE Italia<\/span><\/a><span style=\"font-weight: 400;\"> la direttiva europea nella sua versione attuale tutela esclusivamente le controversie transfrontaliere. <\/span><b>Senza un recepimento ambizioso da parte del governo italiano che garantisca tutele a tutti i procedimenti legali come indicato dalle raccomandazioni della Commissione europea e del Consiglio d\u2019Europa, casi come quello di Eva Pastorelli, Daniele Fabbri e Roberto Saviano continueranno a ripetersi<\/b><span style=\"font-weight: 400;\">. La critica legittima verso chi detiene una posizione di\u00a0 potere non pu\u00f2 essere oggetto di intimidazione e chi partecipa al dibattito pubblico deve poterlo fare senza paura.<\/span><\/p>\n<p><b>I casi messi in luce dallo SLAPP Contest sono un chiaro avvertimento: finch\u00e9 le SLAPP restano disponibili come strumento nelle mani dei potenti, lo spazio per il giornalismo, l\u2019attivismo e il dibattito democratico rimane a rischio. Un recepimento robusto della legge anti-SLAPP non \u00e8 pi\u00f9 rinviabile.<\/b><\/p>\n","protected":false},"excerpt":{"rendered":"<p>Puntare i riflettori su chi abusa dei tribunali e degli strumenti di minaccia legale per silenziare e intimidire voci critiche, giornalisti, attivisti, whistleblower e organizzazioni della societ\u00e0 civile, in modo da scoraggiarli dal partecipare al dibattito pubblico. Questo l\u2019obiettivo dello&hellip;<\/p>\n","protected":false},"author":830,"featured_media":2696290,"comment_status":"closed","ping_status":"closed","sticky":false,"template":"","format":"standard","meta":{"footnotes":""},"categories":[150,60],"tags":[156058,9217,3493,156057],"class_list":["post-2696284","post","type-post","status-publish","format-standard","has-post-thumbnail","hentry","category-comunicati-stampa","category-diritti-umani","tag-green-gag-award","tag-liberta-di-espressione","tag-re-common","tag-slapp-contest"],"yoast_head":"<!-- This site is optimized with the Yoast SEO plugin v27.1.1 - https:\/\/yoast.com\/product\/yoast-seo-wordpress\/ -->\n<title>SLAPP Contest: sei premi per ribadire la necessit\u00e0 di tutelare la libert\u00e0 di espressione<\/title>\n<meta name=\"description\" content=\"Puntare i riflettori su chi abusa dei tribunali e degli strumenti di minaccia legale per silenziare e intimidire voci critiche, giornalisti, attivisti,\" \/>\n<meta name=\"robots\" content=\"index, follow, max-snippet:-1, max-image-preview:large, max-video-preview:-1\" \/>\n<link rel=\"canonical\" href=\"https:\/\/www.pressenza.com\/it\/2026\/04\/slapp-contest-sei-premi-per-ribadire-la-necessita-di-tutelare-la-liberta-di-espressione\/\" \/>\n<meta property=\"og:locale\" content=\"it_IT\" \/>\n<meta property=\"og:type\" content=\"article\" \/>\n<meta property=\"og:title\" content=\"SLAPP Contest: sei premi per ribadire la necessit\u00e0 di tutelare la libert\u00e0 di espressione\" \/>\n<meta property=\"og:description\" content=\"Puntare i riflettori su chi abusa dei tribunali e degli strumenti di minaccia legale per silenziare e intimidire voci critiche, giornalisti, attivisti,\" \/>\n<meta property=\"og:url\" content=\"https:\/\/www.pressenza.com\/it\/2026\/04\/slapp-contest-sei-premi-per-ribadire-la-necessita-di-tutelare-la-liberta-di-espressione\/\" \/>\n<meta property=\"og:site_name\" content=\"Pressenza\" \/>\n<meta property=\"article:publisher\" content=\"https:\/\/www.facebook.com\/PressenzaItalia\" \/>\n<meta property=\"article:author\" content=\"https:\/\/www.facebook.com\/Recommon\" \/>\n<meta property=\"article:published_time\" content=\"2026-04-28T19:41:38+00:00\" \/>\n<meta property=\"og:image\" content=\"https:\/\/www.pressenza.com\/wp-content\/uploads\/2026\/04\/slapp-contest.jpg\" \/>\n\t<meta property=\"og:image:width\" content=\"1920\" \/>\n\t<meta property=\"og:image:height\" content=\"960\" \/>\n\t<meta property=\"og:image:type\" content=\"image\/jpeg\" \/>\n<meta name=\"author\" content=\"Re: Common\" \/>\n<meta name=\"twitter:card\" content=\"summary_large_image\" \/>\n<meta name=\"twitter:creator\" content=\"@Recommon\" \/>\n<meta name=\"twitter:site\" content=\"@PressenzaIPA\" \/>\n<meta name=\"twitter:label1\" content=\"Scritto da\" \/>\n\t<meta name=\"twitter:data1\" content=\"Re: Common\" \/>\n\t<meta name=\"twitter:label2\" content=\"Tempo di lettura stimato\" \/>\n\t<meta name=\"twitter:data2\" content=\"6 minuti\" \/>\n<script type=\"application\/ld+json\" class=\"yoast-schema-graph\">{\"@context\":\"https:\/\/schema.org\",\"@graph\":[{\"@type\":\"Article\",\"@id\":\"https:\/\/www.pressenza.com\/it\/2026\/04\/slapp-contest-sei-premi-per-ribadire-la-necessita-di-tutelare-la-liberta-di-espressione\/#article\",\"isPartOf\":{\"@id\":\"https:\/\/www.pressenza.com\/it\/2026\/04\/slapp-contest-sei-premi-per-ribadire-la-necessita-di-tutelare-la-liberta-di-espressione\/\"},\"author\":{\"name\":\"Re: Common\",\"@id\":\"https:\/\/www.pressenza.com\/it\/#\/schema\/person\/12ea18b6ff3fa1964b7976aee7a9434b\"},\"headline\":\"SLAPP Contest: sei premi per ribadire la necessit\u00e0 di tutelare la libert\u00e0 di espressione\",\"datePublished\":\"2026-04-28T19:41:38+00:00\",\"mainEntityOfPage\":{\"@id\":\"https:\/\/www.pressenza.com\/it\/2026\/04\/slapp-contest-sei-premi-per-ribadire-la-necessita-di-tutelare-la-liberta-di-espressione\/\"},\"wordCount\":945,\"publisher\":{\"@id\":\"https:\/\/www.pressenza.com\/it\/#organization\"},\"image\":{\"@id\":\"https:\/\/www.pressenza.com\/it\/2026\/04\/slapp-contest-sei-premi-per-ribadire-la-necessita-di-tutelare-la-liberta-di-espressione\/#primaryimage\"},\"thumbnailUrl\":\"https:\/\/www.pressenza.com\/wp-content\/uploads\/2026\/04\/slapp-contest.jpg\",\"keywords\":[\"Green Gag Award\",\"libert\u00e0 di espressione\",\"Re: Common\",\"SLAPP Contest\"],\"articleSection\":[\"Comunicati Stampa\",\"Diritti Umani\"],\"inLanguage\":\"it-IT\"},{\"@type\":\"WebPage\",\"@id\":\"https:\/\/www.pressenza.com\/it\/2026\/04\/slapp-contest-sei-premi-per-ribadire-la-necessita-di-tutelare-la-liberta-di-espressione\/\",\"url\":\"https:\/\/www.pressenza.com\/it\/2026\/04\/slapp-contest-sei-premi-per-ribadire-la-necessita-di-tutelare-la-liberta-di-espressione\/\",\"name\":\"SLAPP Contest: sei premi per ribadire la necessit\u00e0 di tutelare la libert\u00e0 di espressione\",\"isPartOf\":{\"@id\":\"https:\/\/www.pressenza.com\/it\/#website\"},\"primaryImageOfPage\":{\"@id\":\"https:\/\/www.pressenza.com\/it\/2026\/04\/slapp-contest-sei-premi-per-ribadire-la-necessita-di-tutelare-la-liberta-di-espressione\/#primaryimage\"},\"image\":{\"@id\":\"https:\/\/www.pressenza.com\/it\/2026\/04\/slapp-contest-sei-premi-per-ribadire-la-necessita-di-tutelare-la-liberta-di-espressione\/#primaryimage\"},\"thumbnailUrl\":\"https:\/\/www.pressenza.com\/wp-content\/uploads\/2026\/04\/slapp-contest.jpg\",\"datePublished\":\"2026-04-28T19:41:38+00:00\",\"description\":\"Puntare i riflettori su chi abusa dei tribunali e degli strumenti di minaccia legale per silenziare e intimidire voci critiche, giornalisti, attivisti,\",\"breadcrumb\":{\"@id\":\"https:\/\/www.pressenza.com\/it\/2026\/04\/slapp-contest-sei-premi-per-ribadire-la-necessita-di-tutelare-la-liberta-di-espressione\/#breadcrumb\"},\"inLanguage\":\"it-IT\",\"potentialAction\":[{\"@type\":\"ReadAction\",\"target\":[\"https:\/\/www.pressenza.com\/it\/2026\/04\/slapp-contest-sei-premi-per-ribadire-la-necessita-di-tutelare-la-liberta-di-espressione\/\"]}]},{\"@type\":\"ImageObject\",\"inLanguage\":\"it-IT\",\"@id\":\"https:\/\/www.pressenza.com\/it\/2026\/04\/slapp-contest-sei-premi-per-ribadire-la-necessita-di-tutelare-la-liberta-di-espressione\/#primaryimage\",\"url\":\"https:\/\/www.pressenza.com\/wp-content\/uploads\/2026\/04\/slapp-contest.jpg\",\"contentUrl\":\"https:\/\/www.pressenza.com\/wp-content\/uploads\/2026\/04\/slapp-contest.jpg\",\"width\":1920,\"height\":960},{\"@type\":\"BreadcrumbList\",\"@id\":\"https:\/\/www.pressenza.com\/it\/2026\/04\/slapp-contest-sei-premi-per-ribadire-la-necessita-di-tutelare-la-liberta-di-espressione\/#breadcrumb\",\"itemListElement\":[{\"@type\":\"ListItem\",\"position\":1,\"name\":\"Accueil\",\"item\":\"https:\/\/www.pressenza.com\/it\/\"},{\"@type\":\"ListItem\",\"position\":2,\"name\":\"SLAPP Contest: sei premi per ribadire la necessit\u00e0 di tutelare la libert\u00e0 di espressione\"}]},{\"@type\":\"WebSite\",\"@id\":\"https:\/\/www.pressenza.com\/it\/#website\",\"url\":\"https:\/\/www.pressenza.com\/it\/\",\"name\":\"Pressenza\",\"description\":\"Agenzia di Stampa Internazionale\",\"publisher\":{\"@id\":\"https:\/\/www.pressenza.com\/it\/#organization\"},\"potentialAction\":[{\"@type\":\"SearchAction\",\"target\":{\"@type\":\"EntryPoint\",\"urlTemplate\":\"https:\/\/www.pressenza.com\/it\/?s={search_term_string}\"},\"query-input\":{\"@type\":\"PropertyValueSpecification\",\"valueRequired\":true,\"valueName\":\"search_term_string\"}}],\"inLanguage\":\"it-IT\"},{\"@type\":\"Organization\",\"@id\":\"https:\/\/www.pressenza.com\/it\/#organization\",\"name\":\"Pressenza\",\"url\":\"https:\/\/www.pressenza.com\/it\/\",\"logo\":{\"@type\":\"ImageObject\",\"inLanguage\":\"it-IT\",\"@id\":\"https:\/\/www.pressenza.com\/it\/#\/schema\/logo\/image\/\",\"url\":\"https:\/\/www.pressenza.com\/wp-content\/uploads\/2022\/10\/pressenza_logo_200x200.jpg\",\"contentUrl\":\"https:\/\/www.pressenza.com\/wp-content\/uploads\/2022\/10\/pressenza_logo_200x200.jpg\",\"width\":200,\"height\":200,\"caption\":\"Pressenza\"},\"image\":{\"@id\":\"https:\/\/www.pressenza.com\/it\/#\/schema\/logo\/image\/\"},\"sameAs\":[\"https:\/\/www.facebook.com\/PressenzaItalia\",\"https:\/\/x.com\/PressenzaIPA\"]},{\"@type\":\"Person\",\"@id\":\"https:\/\/www.pressenza.com\/it\/#\/schema\/person\/12ea18b6ff3fa1964b7976aee7a9434b\",\"name\":\"Re: Common\",\"description\":\"L\u2019associazione Re:Common ha raccolto il testimone dalla Campagna per la riforma della Banca mondiale (CRBM), rinnovando il suo impegno a sottrarre al mercato e alle istituzioni finanziarie private e pubbliche, come Banca mondiale e Banca europea per gli investimenti, il controllo delle risorse naturali, restituendone l\u2019accesso e la gestione diretta ai cittadini tramite politiche di partecipazione attiva. Politiche che devono facilitare la nascita di nuovi meccanismi per il finanziamento pubblico dei beni comuni a livello nazionale e globale. Lo strumento utilizzato per raggiungere questi obiettivi cos\u00ec fondamentali per il futuro del Pianeta \u00e8 quello delle campagne pubbliche contro la finanziarizzazione della natura e per una gestione democratica dei beni comuni, che Re:Common promuove in maniera diretta e a cui partecipa sostenendo l\u2019attivit\u00e0 dei movimenti sociali in Italia e nel resto del mondo. www.recommon.org\",\"sameAs\":[\"https:\/\/www.facebook.com\/Recommon\",\"https:\/\/x.com\/Recommon\"],\"url\":\"https:\/\/www.pressenza.com\/it\/author\/re-common\/\"}]}<\/script>\n<!-- \/ Yoast SEO plugin. -->","yoast_head_json":{"title":"SLAPP Contest: sei premi per ribadire la necessit\u00e0 di tutelare la libert\u00e0 di espressione","description":"Puntare i riflettori su chi abusa dei tribunali e degli strumenti di minaccia legale per silenziare e intimidire voci critiche, giornalisti, attivisti,","robots":{"index":"index","follow":"follow","max-snippet":"max-snippet:-1","max-image-preview":"max-image-preview:large","max-video-preview":"max-video-preview:-1"},"canonical":"https:\/\/www.pressenza.com\/it\/2026\/04\/slapp-contest-sei-premi-per-ribadire-la-necessita-di-tutelare-la-liberta-di-espressione\/","og_locale":"it_IT","og_type":"article","og_title":"SLAPP Contest: sei premi per ribadire la necessit\u00e0 di tutelare la libert\u00e0 di espressione","og_description":"Puntare i riflettori su chi abusa dei tribunali e degli strumenti di minaccia legale per silenziare e intimidire voci critiche, giornalisti, attivisti,","og_url":"https:\/\/www.pressenza.com\/it\/2026\/04\/slapp-contest-sei-premi-per-ribadire-la-necessita-di-tutelare-la-liberta-di-espressione\/","og_site_name":"Pressenza","article_publisher":"https:\/\/www.facebook.com\/PressenzaItalia","article_author":"https:\/\/www.facebook.com\/Recommon","article_published_time":"2026-04-28T19:41:38+00:00","og_image":[{"width":1920,"height":960,"url":"https:\/\/www.pressenza.com\/wp-content\/uploads\/2026\/04\/slapp-contest.jpg","type":"image\/jpeg"}],"author":"Re: Common","twitter_card":"summary_large_image","twitter_creator":"@Recommon","twitter_site":"@PressenzaIPA","twitter_misc":{"Scritto da":"Re: Common","Tempo di lettura stimato":"6 minuti"},"schema":{"@context":"https:\/\/schema.org","@graph":[{"@type":"Article","@id":"https:\/\/www.pressenza.com\/it\/2026\/04\/slapp-contest-sei-premi-per-ribadire-la-necessita-di-tutelare-la-liberta-di-espressione\/#article","isPartOf":{"@id":"https:\/\/www.pressenza.com\/it\/2026\/04\/slapp-contest-sei-premi-per-ribadire-la-necessita-di-tutelare-la-liberta-di-espressione\/"},"author":{"name":"Re: Common","@id":"https:\/\/www.pressenza.com\/it\/#\/schema\/person\/12ea18b6ff3fa1964b7976aee7a9434b"},"headline":"SLAPP Contest: sei premi per ribadire la necessit\u00e0 di tutelare la libert\u00e0 di espressione","datePublished":"2026-04-28T19:41:38+00:00","mainEntityOfPage":{"@id":"https:\/\/www.pressenza.com\/it\/2026\/04\/slapp-contest-sei-premi-per-ribadire-la-necessita-di-tutelare-la-liberta-di-espressione\/"},"wordCount":945,"publisher":{"@id":"https:\/\/www.pressenza.com\/it\/#organization"},"image":{"@id":"https:\/\/www.pressenza.com\/it\/2026\/04\/slapp-contest-sei-premi-per-ribadire-la-necessita-di-tutelare-la-liberta-di-espressione\/#primaryimage"},"thumbnailUrl":"https:\/\/www.pressenza.com\/wp-content\/uploads\/2026\/04\/slapp-contest.jpg","keywords":["Green Gag Award","libert\u00e0 di espressione","Re: Common","SLAPP Contest"],"articleSection":["Comunicati Stampa","Diritti Umani"],"inLanguage":"it-IT"},{"@type":"WebPage","@id":"https:\/\/www.pressenza.com\/it\/2026\/04\/slapp-contest-sei-premi-per-ribadire-la-necessita-di-tutelare-la-liberta-di-espressione\/","url":"https:\/\/www.pressenza.com\/it\/2026\/04\/slapp-contest-sei-premi-per-ribadire-la-necessita-di-tutelare-la-liberta-di-espressione\/","name":"SLAPP Contest: sei premi per ribadire la necessit\u00e0 di tutelare la libert\u00e0 di espressione","isPartOf":{"@id":"https:\/\/www.pressenza.com\/it\/#website"},"primaryImageOfPage":{"@id":"https:\/\/www.pressenza.com\/it\/2026\/04\/slapp-contest-sei-premi-per-ribadire-la-necessita-di-tutelare-la-liberta-di-espressione\/#primaryimage"},"image":{"@id":"https:\/\/www.pressenza.com\/it\/2026\/04\/slapp-contest-sei-premi-per-ribadire-la-necessita-di-tutelare-la-liberta-di-espressione\/#primaryimage"},"thumbnailUrl":"https:\/\/www.pressenza.com\/wp-content\/uploads\/2026\/04\/slapp-contest.jpg","datePublished":"2026-04-28T19:41:38+00:00","description":"Puntare i riflettori su chi abusa dei tribunali e degli strumenti di minaccia legale per silenziare e intimidire voci critiche, giornalisti, attivisti,","breadcrumb":{"@id":"https:\/\/www.pressenza.com\/it\/2026\/04\/slapp-contest-sei-premi-per-ribadire-la-necessita-di-tutelare-la-liberta-di-espressione\/#breadcrumb"},"inLanguage":"it-IT","potentialAction":[{"@type":"ReadAction","target":["https:\/\/www.pressenza.com\/it\/2026\/04\/slapp-contest-sei-premi-per-ribadire-la-necessita-di-tutelare-la-liberta-di-espressione\/"]}]},{"@type":"ImageObject","inLanguage":"it-IT","@id":"https:\/\/www.pressenza.com\/it\/2026\/04\/slapp-contest-sei-premi-per-ribadire-la-necessita-di-tutelare-la-liberta-di-espressione\/#primaryimage","url":"https:\/\/www.pressenza.com\/wp-content\/uploads\/2026\/04\/slapp-contest.jpg","contentUrl":"https:\/\/www.pressenza.com\/wp-content\/uploads\/2026\/04\/slapp-contest.jpg","width":1920,"height":960},{"@type":"BreadcrumbList","@id":"https:\/\/www.pressenza.com\/it\/2026\/04\/slapp-contest-sei-premi-per-ribadire-la-necessita-di-tutelare-la-liberta-di-espressione\/#breadcrumb","itemListElement":[{"@type":"ListItem","position":1,"name":"Accueil","item":"https:\/\/www.pressenza.com\/it\/"},{"@type":"ListItem","position":2,"name":"SLAPP Contest: sei premi per ribadire la necessit\u00e0 di tutelare la libert\u00e0 di espressione"}]},{"@type":"WebSite","@id":"https:\/\/www.pressenza.com\/it\/#website","url":"https:\/\/www.pressenza.com\/it\/","name":"Pressenza","description":"Agenzia di Stampa Internazionale","publisher":{"@id":"https:\/\/www.pressenza.com\/it\/#organization"},"potentialAction":[{"@type":"SearchAction","target":{"@type":"EntryPoint","urlTemplate":"https:\/\/www.pressenza.com\/it\/?s={search_term_string}"},"query-input":{"@type":"PropertyValueSpecification","valueRequired":true,"valueName":"search_term_string"}}],"inLanguage":"it-IT"},{"@type":"Organization","@id":"https:\/\/www.pressenza.com\/it\/#organization","name":"Pressenza","url":"https:\/\/www.pressenza.com\/it\/","logo":{"@type":"ImageObject","inLanguage":"it-IT","@id":"https:\/\/www.pressenza.com\/it\/#\/schema\/logo\/image\/","url":"https:\/\/www.pressenza.com\/wp-content\/uploads\/2022\/10\/pressenza_logo_200x200.jpg","contentUrl":"https:\/\/www.pressenza.com\/wp-content\/uploads\/2022\/10\/pressenza_logo_200x200.jpg","width":200,"height":200,"caption":"Pressenza"},"image":{"@id":"https:\/\/www.pressenza.com\/it\/#\/schema\/logo\/image\/"},"sameAs":["https:\/\/www.facebook.com\/PressenzaItalia","https:\/\/x.com\/PressenzaIPA"]},{"@type":"Person","@id":"https:\/\/www.pressenza.com\/it\/#\/schema\/person\/12ea18b6ff3fa1964b7976aee7a9434b","name":"Re: Common","description":"L\u2019associazione Re:Common ha raccolto il testimone dalla Campagna per la riforma della Banca mondiale (CRBM), rinnovando il suo impegno a sottrarre al mercato e alle istituzioni finanziarie private e pubbliche, come Banca mondiale e Banca europea per gli investimenti, il controllo delle risorse naturali, restituendone l\u2019accesso e la gestione diretta ai cittadini tramite politiche di partecipazione attiva. Politiche che devono facilitare la nascita di nuovi meccanismi per il finanziamento pubblico dei beni comuni a livello nazionale e globale. Lo strumento utilizzato per raggiungere questi obiettivi cos\u00ec fondamentali per il futuro del Pianeta \u00e8 quello delle campagne pubbliche contro la finanziarizzazione della natura e per una gestione democratica dei beni comuni, che Re:Common promuove in maniera diretta e a cui partecipa sostenendo l\u2019attivit\u00e0 dei movimenti sociali in Italia e nel resto del mondo. www.recommon.org","sameAs":["https:\/\/www.facebook.com\/Recommon","https:\/\/x.com\/Recommon"],"url":"https:\/\/www.pressenza.com\/it\/author\/re-common\/"}]}},"place":"Roma","original_article_url":"","_links":{"self":[{"href":"https:\/\/www.pressenza.com\/it\/wp-json\/wp\/v2\/posts\/2696284","targetHints":{"allow":["GET"]}}],"collection":[{"href":"https:\/\/www.pressenza.com\/it\/wp-json\/wp\/v2\/posts"}],"about":[{"href":"https:\/\/www.pressenza.com\/it\/wp-json\/wp\/v2\/types\/post"}],"author":[{"embeddable":true,"href":"https:\/\/www.pressenza.com\/it\/wp-json\/wp\/v2\/users\/830"}],"replies":[{"embeddable":true,"href":"https:\/\/www.pressenza.com\/it\/wp-json\/wp\/v2\/comments?post=2696284"}],"version-history":[{"count":1,"href":"https:\/\/www.pressenza.com\/it\/wp-json\/wp\/v2\/posts\/2696284\/revisions"}],"predecessor-version":[{"id":2696298,"href":"https:\/\/www.pressenza.com\/it\/wp-json\/wp\/v2\/posts\/2696284\/revisions\/2696298"}],"wp:featuredmedia":[{"embeddable":true,"href":"https:\/\/www.pressenza.com\/it\/wp-json\/wp\/v2\/media\/2696290"}],"wp:attachment":[{"href":"https:\/\/www.pressenza.com\/it\/wp-json\/wp\/v2\/media?parent=2696284"}],"wp:term":[{"taxonomy":"category","embeddable":true,"href":"https:\/\/www.pressenza.com\/it\/wp-json\/wp\/v2\/categories?post=2696284"},{"taxonomy":"post_tag","embeddable":true,"href":"https:\/\/www.pressenza.com\/it\/wp-json\/wp\/v2\/tags?post=2696284"}],"curies":[{"name":"wp","href":"https:\/\/api.w.org\/{rel}","templated":true}]}}