{"id":2696268,"date":"2026-04-28T19:44:36","date_gmt":"2026-04-28T18:44:36","guid":{"rendered":"https:\/\/www.pressenza.com\/?p=2696268"},"modified":"2026-04-28T22:09:22","modified_gmt":"2026-04-28T21:09:22","slug":"come-e-il-cielo-in-palestina","status":"publish","type":"post","link":"https:\/\/www.pressenza.com\/it\/2026\/04\/come-e-il-cielo-in-palestina\/","title":{"rendered":"L&#8217;opera d&#8217;arte collettiva che naviga insieme alla Flotilla"},"content":{"rendered":"<p>Il Global Movement to Gaza riunisce organizzatori e partecipanti della Marcia Globale verso Gaza, svoltasi in Egitto nel giugno 2025. Il movimento rappresenta uno dei bracci operativi della pi\u00f9 ampia Global Sumud Flotilla, insieme alle delegazioni della Freedom Flotilla Coalition e del Convoglio Sumud, uniti in uno sforzo comune per porre fine all\u2019assedio israeliano di Gaza e consegnare aiuti umanitari attraverso un\u2019azione coordinata e non violenta. L\u2019obiettivo \u00e8 chiaro: rompere pacificamente il blocco imposto a Gaza e portare cibo e aiuti medici urgentemente necessari a una popolazione stremata.<\/p>\n<p>Dopo la prima missione del settembre 2025, il 26 aprile 2026 \u00e8 partita una seconda missione civile e non violenta via mare: pi\u00f9 determinata e ancora pi\u00f9 imponente, diretta a Gaza. La missione \u00e8 promossa dal Global Movement to Gaza e dalla Global Sumud Flotilla e vi partecipa anche dall\u2019Italia, con le barche partite dal porto di Augusta.<\/p>\n<p>Questa volta anche l\u2019arte \u00e8 parte integrante della traversata, in cui naviga con la <b>grande opera collettiva di Giovanni Gaggia<\/b>, un progetto processuale tra memoria, attivismo e resistenza, intitolata <b><i>\u201cCom\u2019\u00e8 il cielo in Palestina?<\/i><\/b><i>\u201d<\/i>.<\/p>\n<p><span style=\"font-weight: 400;\">L\u2019iniziativa nasce dalla societ\u00e0 civile e intende rompere il silenzio sull\u2019assedio che da anni colpisce la popolazione palestinese, richiamando con forza il rispetto dei diritti umani e del diritto internazionale. <\/span><\/p>\n<p><b>L\u2019opera si compone di parole, ricamate sulle bandiere issate alle navi della flotta.<\/b><\/p>\n<p><span style=\"font-weight: 400;\">&#8220;\u00c8 tempo di restituire importanza e peso alle parole che utilizziamo: parole che se scelte con responsabilit\u00e0 e umanit\u00e0, lontano da pregiudizi, da logiche di convenienza e da meri interessi di parte, hanno il potere di cambiare la storia &#8211; spiega l&#8217;autore &#8211; <\/span>L\u2019arte, in questo caso, accoglie l\u2019invito a sostenere la missione,<span style=\"font-weight: 400;\"> seguendola, raccontandola, trasformandola e contribuendo a dare visibilit\u00e0 ai fatti e alla mobilitazione della societ\u00e0 civile. Un\u2019opera d\u2019arte, cos\u00ec come ogni voce, in particolare quella della stampa, pu\u00f2 fare la differenza nel mantenere alta l\u2019attenzione sull\u2019urgenza di difendere i diritti umani e la dignit\u00e0 della popolazione palestinese&#8221;.<\/span><\/p>\n<p><span style=\"font-weight: 400;\">Molteplici sono le citt\u00e0 in cui si sono svolti momenti di ricamo collettivo: <\/span><b>Torino, Verbania<\/b> (VB), <b>Mondov\u00ec <\/b>(CN), <b>Venezia<\/b>,<b> Milano<\/b>,<b> Varese<\/b>,<b> Sondrio<\/b>, <b>Ancona<\/b>, <b>Urbino<\/b> (PU),<b> San Benedetto del Tronto <\/b>(AP),<b> Pescara<\/b>, <b>Teramo <\/b>e <b>Roma<\/b><span style=\"font-weight: 400;\">.<\/span><\/p>\n<p><span style=\"font-weight: 400;\">Le bandiere hanno iniziato a venire issate il 22 marzo ad <strong>Ancona<\/strong>, tra cui il vessillo realizzato dall\u2019artista con la frase di <\/span><b>Vittorio Arrigoni \u201cRestiamo umani\u201d<\/b><span style=\"font-weight: 400;\"> e salpato con l\u2019ammiraglia, e poi<\/span>\u00a0a<strong> Civitavecchia<\/strong> e alla partenza ufficiale della flotta, ad <b>Augusta <\/b>il 26 aprile.<\/p>\n<p><b><i>Com\u2019\u00e8 il cielo in Palestina?<\/i><\/b><span style=\"font-weight: 400;\"> \u00e8 un\u2019opera processuale nata nel 2023 nell\u2019ambito di <\/span><em><b>Pesaro 2024 \u2013 Capitale Italiana della Cultura<\/b><\/em><span style=\"font-weight: 400;\">, poi sviluppatasi in una grande installazione presentata alla <\/span><b>Casa della Memoria di Milano<\/b><span style=\"font-weight: 400;\">. Il progetto ha quindi proseguito il suo percorso in forma diffusa in diverse citt\u00e0 italiane \u2014 <\/span><b>Nuoro, Catania <\/b>e <b>Jesi<\/b><span style=\"font-weight: 400;\"> \u2014 coinvolgendo mostre, scuole e laboratori di arte partecipata, e continua a crescere come pratica collettiva che attiva territori e comunit\u00e0<\/span><span style=\"font-weight: 400;\">. <\/span><\/p>\n<p><span style=\"font-weight: 400;\">L\u2019intero percorso sar\u00e0 raccontato in un saggio di prossima pubblicazione. <\/span><\/p>\n<p><span style=\"font-weight: 400;\">Un cammino che non si interrompe e che contribuisce a mantenere viva l\u2019attenzione su Gaza in un momento in cui l\u2019interesse mediatico appare affievolito, il <\/span>lavoro di Gaggia invita a una presa di posizione contro l\u2019inerzia e la rassegnazione: ogni coperta diventa bandiera e voce collettiva, capace di portare un messaggio di solidariet\u00e0. Le frasi ricamate, mantenute nella lingua originale, raccontano dolore e assedio ma anche la speranza di un cielo condiviso oltre muri e confini.<\/p>\n<p>Un <em>mantra<\/em> di pace e comunanza pronto a viaggiare verso Gaza e oltre, per continuare a tessere resistenza e sostegno, il progetto si \u00e8 progressivamente ampliato grazie al contributo di comunit\u00e0 di diverse citt\u00e0 italiane, diventando un\u2019opera collettiva e diffusa che pu\u00f2 vivere anche senza la presenza diretta dell\u2019artista: le testimonianze vengono \u201cadottate\u201d e ricamate dalle comunit\u00e0.<\/p>\n<p>Questo processo partecipativo si \u00e8 intrecciato con iniziative di solidariet\u00e0, tra cui il <b>Global Movement to Gaza<\/b> e la <b>Global Sumud Flotilla<\/b>.\u00a0<span style=\"font-weight: 400;\">Per la nuova missione, il testo suddiviso in 100 parti e ricamato su 100 bandiere della Palestina issate sulle navi della flottiglia \u00e8 <\/span>una lettera ricevuta da Silvia Severini mentre si trovava a bordo della Global Sumud, una voce da Gaza che accompagner\u00e0 la missione:<\/p>\n<blockquote><p><i><span style=\"font-weight: 400;\">Alla mia cara amica che ora naviga verso di noi attraverso il mare,so che la distanza \u00e8 grande e che non hai possibilit\u00e0 di comunicare con me, ma il mio cuore ti accompagna in ogni onda e in ogni brezza che spinge la tua nave verso le coste di Gaza.<\/span><\/i><\/p>\n<p><i><span style=\"font-weight: 400;\">La tua presenza a bordo di questa flottiglia non \u00e8 soltanto un viaggio: \u00e8 un grande messaggio umanitario, una testimonianza che il mondo non ha dimenticato Gaza e i suoi bambini. Qui attendiamo il suono della sirena della tua nave come chi, assetato, attende una goccia d\u2019acqua. Aspettiamo il tuo arrivo con un cuore colmo di speranza in mezzo al dolore.<\/span><\/i><\/p>\n<p><i><span style=\"font-weight: 400;\">Voglio che tu sappia che il tuo coraggio ci dona a Gaza una forza raddoppiata, e che un solo tuo sorriso al tuo arrivo vale per noi un\u2019intera vita. Per quanto il tuo viaggio sia difficile e pericoloso, ci basta sapere che hai scelto di stare con noi, invece di guardarci da lontano.<\/span><\/i><\/p>\n<p><i><span style=\"font-weight: 400;\">Che tu torni o rimanga, il tuo nome rester\u00e0 inciso nei nostri cuori. Racconteremo ai nostri bambini che hai attraversato il mare per noi, portando luce in un momento di oscurit\u00e0.<\/span><\/i><\/p>\n<p><i><span style=\"font-weight: 400;\">Stammi bene, amica mia. Ti aspettiamo pregando, con le mani alzate al cielo perch\u00e9 tu possa arrivare sana e salva.<\/span><\/i><\/p>\n<p style=\"text-align: right;\"><i><span style=\"font-weight: 400;\">Khaled<\/span><\/i><\/p>\n<\/blockquote>\n<p>&nbsp;<\/p>\n<h2 class=\"elementor-heading-title elementor-size-default\" style=\"text-align: center;\"><a href=\"https:\/\/www.cieloinpalestina.it\/\" target=\"_blank\" rel=\"noopener\">Com\u2019\u00e8 il cielo in Palestina?<\/a><\/h2>\n<p><a href=\"https:\/\/www.cieloinpalestina.it\/\" target=\"_blank\" rel=\"https:\/\/www.cieloinpalestina.it\/ noopener\"><img loading=\"lazy\" decoding=\"async\" class=\"aligncenter wp-image-2696269 size-large\" src=\"https:\/\/www.pressenza.com\/wp-content\/uploads\/2026\/04\/AUGUSTA-scaled-1-717x1024.jpg\" alt=\"\" width=\"717\" height=\"1024\" srcset=\"https:\/\/www.pressenza.com\/wp-content\/uploads\/2026\/04\/AUGUSTA-scaled-1-717x1024.jpg 717w, https:\/\/www.pressenza.com\/wp-content\/uploads\/2026\/04\/AUGUSTA-scaled-1-210x300.jpg 210w, https:\/\/www.pressenza.com\/wp-content\/uploads\/2026\/04\/AUGUSTA-scaled-1.jpg 1344w\" sizes=\"auto, (max-width: 717px) 100vw, 717px\" \/><\/a><\/p>\n","protected":false},"excerpt":{"rendered":"<p>Il Global Movement to Gaza riunisce organizzatori e partecipanti della Marcia Globale verso Gaza, svoltasi in Egitto nel giugno 2025. Il movimento rappresenta uno dei bracci operativi della pi\u00f9 ampia Global Sumud Flotilla, insieme alle delegazioni della Freedom Flotilla Coalition&hellip;<\/p>\n","protected":false},"author":2568,"featured_media":2696270,"comment_status":"closed","ping_status":"closed","sticky":false,"template":"","format":"standard","meta":{"footnotes":""},"categories":[150,56],"tags":[153917,136366,153918,141794,151181],"class_list":["post-2696268","post","type-post","status-publish","format-standard","has-post-thumbnail","hentry","category-comunicati-stampa","category-cultura","tag-come-il-cielo-in-palestina","tag-freedom-flotilla-coalition","tag-giovanni-gaggia","tag-global-movement-to-gaza","tag-global-sumud-flotilla-gsf"],"yoast_head":"<!-- This site is optimized with the Yoast SEO plugin v27.1.1 - https:\/\/yoast.com\/product\/yoast-seo-wordpress\/ -->\n<title>L&#039;opera d&#039;arte collettiva che naviga insieme alla Flotilla<\/title>\n<meta name=\"description\" content=\"Il Global Movement to Gaza riunisce organizzatori e partecipanti della Marcia Globale verso Gaza, svoltasi in Egitto nel giugno 2025. Il movimento\" \/>\n<meta name=\"robots\" content=\"index, follow, max-snippet:-1, max-image-preview:large, max-video-preview:-1\" \/>\n<link rel=\"canonical\" href=\"https:\/\/www.pressenza.com\/it\/2026\/04\/come-e-il-cielo-in-palestina\/\" \/>\n<meta property=\"og:locale\" content=\"it_IT\" \/>\n<meta property=\"og:type\" content=\"article\" \/>\n<meta property=\"og:title\" content=\"L&#039;opera d&#039;arte collettiva che naviga insieme alla Flotilla\" \/>\n<meta property=\"og:description\" content=\"Il Global Movement to Gaza riunisce organizzatori e partecipanti della Marcia Globale verso Gaza, svoltasi in Egitto nel giugno 2025. Il movimento\" \/>\n<meta property=\"og:url\" content=\"https:\/\/www.pressenza.com\/it\/2026\/04\/come-e-il-cielo-in-palestina\/\" \/>\n<meta property=\"og:site_name\" content=\"Pressenza\" \/>\n<meta property=\"article:publisher\" content=\"https:\/\/www.facebook.com\/PressenzaItalia\" \/>\n<meta property=\"article:published_time\" content=\"2026-04-28T18:44:36+00:00\" \/>\n<meta property=\"article:modified_time\" content=\"2026-04-28T21:09:22+00:00\" \/>\n<meta property=\"og:image\" content=\"https:\/\/www.pressenza.com\/wp-content\/uploads\/2026\/04\/aYj4YHQ2beDW.jpg\" \/>\n\t<meta property=\"og:image:width\" content=\"1280\" \/>\n\t<meta property=\"og:image:height\" content=\"847\" \/>\n\t<meta property=\"og:image:type\" content=\"image\/jpeg\" \/>\n<meta name=\"author\" content=\"Global Movement to Gaza\" \/>\n<meta name=\"twitter:card\" content=\"summary_large_image\" \/>\n<meta name=\"twitter:creator\" content=\"@PressenzaIPA\" \/>\n<meta name=\"twitter:site\" content=\"@PressenzaIPA\" \/>\n<meta name=\"twitter:label1\" content=\"Scritto da\" \/>\n\t<meta name=\"twitter:data1\" content=\"Global Movement to Gaza\" \/>\n\t<meta name=\"twitter:label2\" content=\"Tempo di lettura stimato\" \/>\n\t<meta name=\"twitter:data2\" content=\"5 minuti\" \/>\n<script type=\"application\/ld+json\" class=\"yoast-schema-graph\">{\"@context\":\"https:\/\/schema.org\",\"@graph\":[{\"@type\":\"Article\",\"@id\":\"https:\/\/www.pressenza.com\/it\/2026\/04\/come-e-il-cielo-in-palestina\/#article\",\"isPartOf\":{\"@id\":\"https:\/\/www.pressenza.com\/it\/2026\/04\/come-e-il-cielo-in-palestina\/\"},\"author\":{\"name\":\"Global Movement to Gaza\",\"@id\":\"https:\/\/www.pressenza.com\/it\/#\/schema\/person\/52374826ec00ad26cb5f9def7ae1987c\"},\"headline\":\"L&#8217;opera d&#8217;arte collettiva che naviga insieme alla Flotilla\",\"datePublished\":\"2026-04-28T18:44:36+00:00\",\"dateModified\":\"2026-04-28T21:09:22+00:00\",\"mainEntityOfPage\":{\"@id\":\"https:\/\/www.pressenza.com\/it\/2026\/04\/come-e-il-cielo-in-palestina\/\"},\"wordCount\":921,\"publisher\":{\"@id\":\"https:\/\/www.pressenza.com\/it\/#organization\"},\"image\":{\"@id\":\"https:\/\/www.pressenza.com\/it\/2026\/04\/come-e-il-cielo-in-palestina\/#primaryimage\"},\"thumbnailUrl\":\"https:\/\/www.pressenza.com\/wp-content\/uploads\/2026\/04\/aYj4YHQ2beDW.jpg\",\"keywords\":[\"Com\u2019\u00e8 il cielo in Palestina?\",\"Freedom Flotilla\u00a0Coalition\",\"Giovanni Gaggia\",\"Global Movement To Gaza\",\"Global Sumud Flotilla (GSF)\"],\"articleSection\":[\"Comunicati Stampa\",\"Cultura e Media\"],\"inLanguage\":\"it-IT\"},{\"@type\":\"WebPage\",\"@id\":\"https:\/\/www.pressenza.com\/it\/2026\/04\/come-e-il-cielo-in-palestina\/\",\"url\":\"https:\/\/www.pressenza.com\/it\/2026\/04\/come-e-il-cielo-in-palestina\/\",\"name\":\"L'opera d'arte collettiva che naviga insieme alla Flotilla\",\"isPartOf\":{\"@id\":\"https:\/\/www.pressenza.com\/it\/#website\"},\"primaryImageOfPage\":{\"@id\":\"https:\/\/www.pressenza.com\/it\/2026\/04\/come-e-il-cielo-in-palestina\/#primaryimage\"},\"image\":{\"@id\":\"https:\/\/www.pressenza.com\/it\/2026\/04\/come-e-il-cielo-in-palestina\/#primaryimage\"},\"thumbnailUrl\":\"https:\/\/www.pressenza.com\/wp-content\/uploads\/2026\/04\/aYj4YHQ2beDW.jpg\",\"datePublished\":\"2026-04-28T18:44:36+00:00\",\"dateModified\":\"2026-04-28T21:09:22+00:00\",\"description\":\"Il Global Movement to Gaza riunisce organizzatori e partecipanti della Marcia Globale verso Gaza, svoltasi in Egitto nel giugno 2025. Il movimento\",\"breadcrumb\":{\"@id\":\"https:\/\/www.pressenza.com\/it\/2026\/04\/come-e-il-cielo-in-palestina\/#breadcrumb\"},\"inLanguage\":\"it-IT\",\"potentialAction\":[{\"@type\":\"ReadAction\",\"target\":[\"https:\/\/www.pressenza.com\/it\/2026\/04\/come-e-il-cielo-in-palestina\/\"]}]},{\"@type\":\"ImageObject\",\"inLanguage\":\"it-IT\",\"@id\":\"https:\/\/www.pressenza.com\/it\/2026\/04\/come-e-il-cielo-in-palestina\/#primaryimage\",\"url\":\"https:\/\/www.pressenza.com\/wp-content\/uploads\/2026\/04\/aYj4YHQ2beDW.jpg\",\"contentUrl\":\"https:\/\/www.pressenza.com\/wp-content\/uploads\/2026\/04\/aYj4YHQ2beDW.jpg\",\"width\":1280,\"height\":847,\"caption\":\"\\\"Com\u2019e\u0300 il cielo in Palestina?\\\", opera ideata da Giovanni Gaggia per Global Sumud Flotilla - 26 APRILE 2026, porto di Augusta\"},{\"@type\":\"BreadcrumbList\",\"@id\":\"https:\/\/www.pressenza.com\/it\/2026\/04\/come-e-il-cielo-in-palestina\/#breadcrumb\",\"itemListElement\":[{\"@type\":\"ListItem\",\"position\":1,\"name\":\"Accueil\",\"item\":\"https:\/\/www.pressenza.com\/it\/\"},{\"@type\":\"ListItem\",\"position\":2,\"name\":\"L&#8217;opera d&#8217;arte collettiva che naviga insieme alla Flotilla\"}]},{\"@type\":\"WebSite\",\"@id\":\"https:\/\/www.pressenza.com\/it\/#website\",\"url\":\"https:\/\/www.pressenza.com\/it\/\",\"name\":\"Pressenza\",\"description\":\"Agenzia di Stampa Internazionale\",\"publisher\":{\"@id\":\"https:\/\/www.pressenza.com\/it\/#organization\"},\"potentialAction\":[{\"@type\":\"SearchAction\",\"target\":{\"@type\":\"EntryPoint\",\"urlTemplate\":\"https:\/\/www.pressenza.com\/it\/?s={search_term_string}\"},\"query-input\":{\"@type\":\"PropertyValueSpecification\",\"valueRequired\":true,\"valueName\":\"search_term_string\"}}],\"inLanguage\":\"it-IT\"},{\"@type\":\"Organization\",\"@id\":\"https:\/\/www.pressenza.com\/it\/#organization\",\"name\":\"Pressenza\",\"url\":\"https:\/\/www.pressenza.com\/it\/\",\"logo\":{\"@type\":\"ImageObject\",\"inLanguage\":\"it-IT\",\"@id\":\"https:\/\/www.pressenza.com\/it\/#\/schema\/logo\/image\/\",\"url\":\"https:\/\/www.pressenza.com\/wp-content\/uploads\/2022\/10\/pressenza_logo_200x200.jpg\",\"contentUrl\":\"https:\/\/www.pressenza.com\/wp-content\/uploads\/2022\/10\/pressenza_logo_200x200.jpg\",\"width\":200,\"height\":200,\"caption\":\"Pressenza\"},\"image\":{\"@id\":\"https:\/\/www.pressenza.com\/it\/#\/schema\/logo\/image\/\"},\"sameAs\":[\"https:\/\/www.facebook.com\/PressenzaItalia\",\"https:\/\/x.com\/PressenzaIPA\"]},{\"@type\":\"Person\",\"@id\":\"https:\/\/www.pressenza.com\/it\/#\/schema\/person\/52374826ec00ad26cb5f9def7ae1987c\",\"name\":\"Global Movement to Gaza\",\"url\":\"https:\/\/www.pressenza.com\/it\/author\/global-movement-to-gaza\/\"}]}<\/script>\n<!-- \/ Yoast SEO plugin. -->","yoast_head_json":{"title":"L'opera d'arte collettiva che naviga insieme alla Flotilla","description":"Il Global Movement to Gaza riunisce organizzatori e partecipanti della Marcia Globale verso Gaza, svoltasi in Egitto nel giugno 2025. Il movimento","robots":{"index":"index","follow":"follow","max-snippet":"max-snippet:-1","max-image-preview":"max-image-preview:large","max-video-preview":"max-video-preview:-1"},"canonical":"https:\/\/www.pressenza.com\/it\/2026\/04\/come-e-il-cielo-in-palestina\/","og_locale":"it_IT","og_type":"article","og_title":"L'opera d'arte collettiva che naviga insieme alla Flotilla","og_description":"Il Global Movement to Gaza riunisce organizzatori e partecipanti della Marcia Globale verso Gaza, svoltasi in Egitto nel giugno 2025. Il movimento","og_url":"https:\/\/www.pressenza.com\/it\/2026\/04\/come-e-il-cielo-in-palestina\/","og_site_name":"Pressenza","article_publisher":"https:\/\/www.facebook.com\/PressenzaItalia","article_published_time":"2026-04-28T18:44:36+00:00","article_modified_time":"2026-04-28T21:09:22+00:00","og_image":[{"width":1280,"height":847,"url":"https:\/\/www.pressenza.com\/wp-content\/uploads\/2026\/04\/aYj4YHQ2beDW.jpg","type":"image\/jpeg"}],"author":"Global Movement to Gaza","twitter_card":"summary_large_image","twitter_creator":"@PressenzaIPA","twitter_site":"@PressenzaIPA","twitter_misc":{"Scritto da":"Global Movement to Gaza","Tempo di lettura stimato":"5 minuti"},"schema":{"@context":"https:\/\/schema.org","@graph":[{"@type":"Article","@id":"https:\/\/www.pressenza.com\/it\/2026\/04\/come-e-il-cielo-in-palestina\/#article","isPartOf":{"@id":"https:\/\/www.pressenza.com\/it\/2026\/04\/come-e-il-cielo-in-palestina\/"},"author":{"name":"Global Movement to Gaza","@id":"https:\/\/www.pressenza.com\/it\/#\/schema\/person\/52374826ec00ad26cb5f9def7ae1987c"},"headline":"L&#8217;opera d&#8217;arte collettiva che naviga insieme alla Flotilla","datePublished":"2026-04-28T18:44:36+00:00","dateModified":"2026-04-28T21:09:22+00:00","mainEntityOfPage":{"@id":"https:\/\/www.pressenza.com\/it\/2026\/04\/come-e-il-cielo-in-palestina\/"},"wordCount":921,"publisher":{"@id":"https:\/\/www.pressenza.com\/it\/#organization"},"image":{"@id":"https:\/\/www.pressenza.com\/it\/2026\/04\/come-e-il-cielo-in-palestina\/#primaryimage"},"thumbnailUrl":"https:\/\/www.pressenza.com\/wp-content\/uploads\/2026\/04\/aYj4YHQ2beDW.jpg","keywords":["Com\u2019\u00e8 il cielo in Palestina?","Freedom Flotilla\u00a0Coalition","Giovanni Gaggia","Global Movement To Gaza","Global Sumud Flotilla (GSF)"],"articleSection":["Comunicati Stampa","Cultura e Media"],"inLanguage":"it-IT"},{"@type":"WebPage","@id":"https:\/\/www.pressenza.com\/it\/2026\/04\/come-e-il-cielo-in-palestina\/","url":"https:\/\/www.pressenza.com\/it\/2026\/04\/come-e-il-cielo-in-palestina\/","name":"L'opera d'arte collettiva che naviga insieme alla Flotilla","isPartOf":{"@id":"https:\/\/www.pressenza.com\/it\/#website"},"primaryImageOfPage":{"@id":"https:\/\/www.pressenza.com\/it\/2026\/04\/come-e-il-cielo-in-palestina\/#primaryimage"},"image":{"@id":"https:\/\/www.pressenza.com\/it\/2026\/04\/come-e-il-cielo-in-palestina\/#primaryimage"},"thumbnailUrl":"https:\/\/www.pressenza.com\/wp-content\/uploads\/2026\/04\/aYj4YHQ2beDW.jpg","datePublished":"2026-04-28T18:44:36+00:00","dateModified":"2026-04-28T21:09:22+00:00","description":"Il Global Movement to Gaza riunisce organizzatori e partecipanti della Marcia Globale verso Gaza, svoltasi in Egitto nel giugno 2025. Il movimento","breadcrumb":{"@id":"https:\/\/www.pressenza.com\/it\/2026\/04\/come-e-il-cielo-in-palestina\/#breadcrumb"},"inLanguage":"it-IT","potentialAction":[{"@type":"ReadAction","target":["https:\/\/www.pressenza.com\/it\/2026\/04\/come-e-il-cielo-in-palestina\/"]}]},{"@type":"ImageObject","inLanguage":"it-IT","@id":"https:\/\/www.pressenza.com\/it\/2026\/04\/come-e-il-cielo-in-palestina\/#primaryimage","url":"https:\/\/www.pressenza.com\/wp-content\/uploads\/2026\/04\/aYj4YHQ2beDW.jpg","contentUrl":"https:\/\/www.pressenza.com\/wp-content\/uploads\/2026\/04\/aYj4YHQ2beDW.jpg","width":1280,"height":847,"caption":"\"Com\u2019e\u0300 il cielo in Palestina?\", opera ideata da Giovanni Gaggia per Global Sumud Flotilla - 26 APRILE 2026, porto di Augusta"},{"@type":"BreadcrumbList","@id":"https:\/\/www.pressenza.com\/it\/2026\/04\/come-e-il-cielo-in-palestina\/#breadcrumb","itemListElement":[{"@type":"ListItem","position":1,"name":"Accueil","item":"https:\/\/www.pressenza.com\/it\/"},{"@type":"ListItem","position":2,"name":"L&#8217;opera d&#8217;arte collettiva che naviga insieme alla Flotilla"}]},{"@type":"WebSite","@id":"https:\/\/www.pressenza.com\/it\/#website","url":"https:\/\/www.pressenza.com\/it\/","name":"Pressenza","description":"Agenzia di Stampa Internazionale","publisher":{"@id":"https:\/\/www.pressenza.com\/it\/#organization"},"potentialAction":[{"@type":"SearchAction","target":{"@type":"EntryPoint","urlTemplate":"https:\/\/www.pressenza.com\/it\/?s={search_term_string}"},"query-input":{"@type":"PropertyValueSpecification","valueRequired":true,"valueName":"search_term_string"}}],"inLanguage":"it-IT"},{"@type":"Organization","@id":"https:\/\/www.pressenza.com\/it\/#organization","name":"Pressenza","url":"https:\/\/www.pressenza.com\/it\/","logo":{"@type":"ImageObject","inLanguage":"it-IT","@id":"https:\/\/www.pressenza.com\/it\/#\/schema\/logo\/image\/","url":"https:\/\/www.pressenza.com\/wp-content\/uploads\/2022\/10\/pressenza_logo_200x200.jpg","contentUrl":"https:\/\/www.pressenza.com\/wp-content\/uploads\/2022\/10\/pressenza_logo_200x200.jpg","width":200,"height":200,"caption":"Pressenza"},"image":{"@id":"https:\/\/www.pressenza.com\/it\/#\/schema\/logo\/image\/"},"sameAs":["https:\/\/www.facebook.com\/PressenzaItalia","https:\/\/x.com\/PressenzaIPA"]},{"@type":"Person","@id":"https:\/\/www.pressenza.com\/it\/#\/schema\/person\/52374826ec00ad26cb5f9def7ae1987c","name":"Global Movement to Gaza","url":"https:\/\/www.pressenza.com\/it\/author\/global-movement-to-gaza\/"}]}},"place":"","original_article_url":"","_links":{"self":[{"href":"https:\/\/www.pressenza.com\/it\/wp-json\/wp\/v2\/posts\/2696268","targetHints":{"allow":["GET"]}}],"collection":[{"href":"https:\/\/www.pressenza.com\/it\/wp-json\/wp\/v2\/posts"}],"about":[{"href":"https:\/\/www.pressenza.com\/it\/wp-json\/wp\/v2\/types\/post"}],"author":[{"embeddable":true,"href":"https:\/\/www.pressenza.com\/it\/wp-json\/wp\/v2\/users\/2568"}],"replies":[{"embeddable":true,"href":"https:\/\/www.pressenza.com\/it\/wp-json\/wp\/v2\/comments?post=2696268"}],"version-history":[{"count":5,"href":"https:\/\/www.pressenza.com\/it\/wp-json\/wp\/v2\/posts\/2696268\/revisions"}],"predecessor-version":[{"id":2696275,"href":"https:\/\/www.pressenza.com\/it\/wp-json\/wp\/v2\/posts\/2696268\/revisions\/2696275"}],"wp:featuredmedia":[{"embeddable":true,"href":"https:\/\/www.pressenza.com\/it\/wp-json\/wp\/v2\/media\/2696270"}],"wp:attachment":[{"href":"https:\/\/www.pressenza.com\/it\/wp-json\/wp\/v2\/media?parent=2696268"}],"wp:term":[{"taxonomy":"category","embeddable":true,"href":"https:\/\/www.pressenza.com\/it\/wp-json\/wp\/v2\/categories?post=2696268"},{"taxonomy":"post_tag","embeddable":true,"href":"https:\/\/www.pressenza.com\/it\/wp-json\/wp\/v2\/tags?post=2696268"}],"curies":[{"name":"wp","href":"https:\/\/api.w.org\/{rel}","templated":true}]}}