{"id":2696263,"date":"2026-04-28T18:57:03","date_gmt":"2026-04-28T17:57:03","guid":{"rendered":"https:\/\/www.pressenza.com\/?p=2696263"},"modified":"2026-04-28T18:57:03","modified_gmt":"2026-04-28T17:57:03","slug":"60-barche-della-nuova-flotilla-per-rompere-lassedio-di-gaza-sono-partite-dalla-sicilia","status":"publish","type":"post","link":"https:\/\/www.pressenza.com\/it\/2026\/04\/60-barche-della-nuova-flotilla-per-rompere-lassedio-di-gaza-sono-partite-dalla-sicilia\/","title":{"rendered":"60 barche della nuova flotilla per rompere l\u2019assedio di Gaza sono partite dalla Sicilia"},"content":{"rendered":"<p>\u00c8 partita domenica 26 aprile, dal porto siciliano di Augusta la seconda missione della Global Sumud Flotilla (GSF), l\u2019esercito pacifico di barche che tenter\u00e0 ancora una volta di rompere l\u2019assedio a Gaza, imporre un corridoio di aiuti umanitario e riportare l\u2019attenzione internazionale sul genocidio tuttora in corso nella Striscia. Nonostante le difficili condizioni imposte dal conflitto regionale in Medio Oriente, la missione \u00e8 pi\u00f9 imponente della precedente: se in ottobre Tel Aviv aveva dovuto faticare per bloccare una quarantina di barche \u2013 che avevano anche contribuito a scatenare forti mobilitazioni in tutto il mondo &#8211; nelle prossime settimane dovr\u00e0 vedersela con forse il doppio delle navi. Inoltre, vi sar\u00e0 anche un convoglio che cercher\u00e0 di arrivare al valico di Rafah via terra, per entrare nella Striscia con oltre 100 mezzi e camion di aiuti umanitari.<\/p>\n<p>\u00abSono 60 le imbarcazioni partite\u00bb, ha detto\u00a0<strong>Maria Elena Delia<\/strong>, la referente italiana della GSF a L\u2019<em>Indipendente<\/em>. \u00abE se ne aggiungeranno altre dalla Grecia e dalla Tunisia. Forse si uniranno, tra qualche giorno, anche le barche delle Thousand Madleens\u00bb riporta, riferendosi a uno degli altri movimenti internazionali nato con la stessa idea: forzare l\u2019assedio israeliano. \u00abI motivi che ci hanno spinto a partire sono prevalentemente gli stessi dell\u2019anno scorso: Gaza continua a essere occupata,\u00a0<strong>continua ad esserci un genocidio<\/strong>\u00a0anche se \u201ca bassa intensit\u00e0\u201d\u00bb insiste la referente italiana. \u00abDa quando \u00e8 stato dichiarato il cessate il fuoco sono stati uccisi quasi 800 palestinesi; pi\u00f9 del 60% della Striscia \u00e8 occupata dall\u2019esercito israeliano e quasi due milioni di palestinesi sono costretti a vivere in un migliaio di tendopoli in condizioni igieniche terrificanti, con una forte mancanza di cibo, acqua, cure mediche. La pulizia etnica va avanti: l\u2019unica cosa che \u00e8 davvero cambiata \u00e8 che nessuno oggi ne parla pi\u00f9.\u00bb<\/p>\n<p>Anche per ripuntare i riflettori su Gaza la GSF ha scelto di tornare in mare, allargando la missione anche via terra. \u00abNoi partiamo per arrivare, non partiamo pensando che verremo fermati. Non stiamo facendo una performance, cos\u00ec come non erano delle performance le precedenti flotille\u00bb, ha continuato Delia. \u00abProveremo a rompere il blocco navale illegale che esiste dal 2007 e che di fatto detiene la popolazione di Gaza sotto una sorta di punizione collettiva. Partiamo anche per<strong>\u00a0aprire un corridoio umanitario permanente<\/strong>\u00a0e mettere in evidenza che le modalit\u00e0 di aggressione colonialista che la Palestina sta subendo da moltissimi decenni in questo momento sono trasferite al Libano e all\u2019Iran. Siamo di fronte a un\u2019espansione di quello che viene chiamato il\u00a0<strong>\u201cmodello Gaza\u201d<\/strong>: non possiamo ignorarla\u00bb<\/p>\n<p>Il\u00a0<strong>convoglio terrestre<\/strong>\u00a0che si unir\u00e0 alla Flotilla tra pochi giorni partir\u00e0 dalla Mauritania, per attraversare il Maghreb e arrivare al Valico di Rafah, confermando la grandezza dell\u2019impresa di questa nuova missione.\u00a0<strong>1.000 persone<\/strong>\u00a0delle delegazioni africane partiranno con oltre\u00a0<strong>100 mezzi\u00a0<\/strong>di cui 50 camion di aiuti umanitari, case mobili ed autoambulanze, per unirsi a circa 400 attivisti provenienti dal resto del mondo a Tripoli, in Libia, nella prima settimana di maggio.\u00a0<strong>Marco Contadini<\/strong>, romano, sar\u00e0 uno di loro. Eco-builder, anche l\u2019anno scorso aveva preso parte alla GSF, scendendo per\u00f2 a Creta. \u00abLa Flotilla sfida l\u2019assedio dal mare. Il Convoglio Terrestre lo sfida dalla terraferma\u00bb, dice a L\u2019<em>Indipendente<\/em>. \u00abTrasporteremo aiuti umanitari, medici, infermieri, ingegneri, insegnanti, costruttori. Dalla Libia attraverseremo l\u2019Egitto per provare a forzare il blocco a Rafah. Non sar\u00e0 un viaggio facile, e avremo bisogno del supporto popolare per fare pressione sul regime egiziano,\u00bb dice.<\/p>\n<p>In Italia, anche \u201cgli\u00a0<strong>equipaggi di terra<\/strong>\u201d si stanno organizzando: il 12 aprile, da Nord a Sud, si sono svolte assemblee regionali con l\u2019obiettivo di sostenere le Flotille e rilanciare una mobilitazione popolare e internazionale contro il genocidio, l\u2019occupazione e la complicit\u00e0 politica ed economica con Israele.<\/p>\n<p>Ma la GSF parte non senza difficolt\u00e0: l\u2019attenzione mediatica \u00e8 scarsa e, a differenza dello scorso autunno, si porta dietro pochi personaggi riconosciuti e politici. Inoltre, a causa della situazione geopolitica, il futuro \u00e8 ancora pi\u00f9 incerto. Le critiche arrivano anche dall\u2019interno: \u00e8\u00a0<strong>Francesca Albanese<\/strong>\u00a0che pochi giorni fa, proprio al Congresso della Sumud, ha fatto un duro intervento contro quello che, a suo parere, la GSF rischiava di diventare, ma rilanciando anche quelli che secondo lei sono obiettivi chiari che il movimento dovrebbe avere. \u00abVoi siete un movimento, ma\u00a0<strong>un movimento, senza direzione \u00e8 caos<\/strong>,\u00bb ha detto, parlando anche del rischio di \u201cistituzionalizzazione\u201d. \u00abUn movimento deve essere effettivo. Io non sono contro all\u2019essere \u201cperformativi\u201d. \u00c8 buono esserlo. Ma le performance, da sole, non sono sufficienti\u00bb.<\/p>\n<p>La relatrice speciale dell\u2019ONU per i Territori Palestinesi occupati rimette il punto sugli\u00a0<strong>obiettivi<\/strong>: \u00abSpero che non siate qui a parlare di \u201cdiritti\u201d. \u00c8 chiaro che i palestinesi hanno diritti. Ed \u00e8 chiaro che gli Stati membri hanno obbligazioni e le imprese hanno obbligazioni di non commerciare e di non aiutare uno Stato che sta commettendo un genocidio. Quindi le vostre azioni devono essere dirette per finire completamente queste complicit\u00e0\u00bb. E ha specificato: \u00abDobbiamo\u00a0<strong>interrompere le infrastrutture materiali<\/strong>\u00a0che sostengono il sistema in maniera coordinata. Sumud non \u00e8 solo \u201cstare\u201d. Ma \u00e8 \u201cstare\u201d in forma efficace\u00bb.<\/p>\n<p>Alle critiche della referente speciale ONU, Delia risponde con un ringraziamento. \u00abSiamo grati a Francesca Albanese per tutto quello che ha fatto e continua a fare per la Palestina\u00bb, ha detto a L\u2019<em>Indipendente<\/em>. \u00abNoi accogliamo le critiche; abbiamo per\u00f2 fatto le nostre valutazioni, dal punto di vista di attivisti politici e militanti. E noi pensiamo che, contrariamente a quello che \u00e8 stato detto, la Flotilla l\u2019anno scorso ha ottenuto\u00a0<strong>molti risultati<\/strong>, anche se non siamo arrivati a Gaza. \u00c8 vero che non abbiamo la certezza che ricapiti la stessa cosa. Ma come militanti sappiamo che se una cosa non provi a farla, hai gi\u00e0 perso in partenza\u00bb.<\/p>\n<p>&nbsp;<\/p>\n","protected":false},"excerpt":{"rendered":"<p>\u00c8 partita domenica 26 aprile, dal porto siciliano di Augusta la seconda missione della Global Sumud Flotilla (GSF), l\u2019esercito pacifico di barche che tenter\u00e0 ancora una volta di rompere l\u2019assedio a Gaza, imporre un corridoio di aiuti umanitario e riportare&hellip;<\/p>\n","protected":false},"author":2207,"featured_media":2674186,"comment_status":"closed","ping_status":"closed","sticky":false,"template":"","format":"standard","meta":{"footnotes":""},"categories":[107392,60,47,52],"tags":[14412,156056,1005,9884,139558],"class_list":["post-2696263","post","type-post","status-publish","format-standard","has-post-thumbnail","hentry","category-noticia-it","category-diritti-umani","category-europa","category-medio-oriente","tag-assedio","tag-convoglio-terrestre","tag-gaza","tag-genocidio","tag-global-sumud-flotilla"],"yoast_head":"<!-- This site is optimized with the Yoast SEO plugin v27.1.1 - https:\/\/yoast.com\/product\/yoast-seo-wordpress\/ -->\n<title>60 barche della nuova flotilla per rompere l\u2019assedio di Gaza sono partite dalla Sicilia<\/title>\n<meta name=\"description\" content=\"\u00c8 partita domenica 26 aprile, dal porto siciliano di Augusta la seconda missione della Global Sumud Flotilla (GSF), l\u2019esercito pacifico di barche che\" \/>\n<meta name=\"robots\" content=\"index, follow, max-snippet:-1, max-image-preview:large, max-video-preview:-1\" \/>\n<link rel=\"canonical\" href=\"https:\/\/www.pressenza.com\/it\/2026\/04\/60-barche-della-nuova-flotilla-per-rompere-lassedio-di-gaza-sono-partite-dalla-sicilia\/\" \/>\n<meta property=\"og:locale\" content=\"it_IT\" \/>\n<meta property=\"og:type\" content=\"article\" \/>\n<meta property=\"og:title\" content=\"60 barche della nuova flotilla per rompere l\u2019assedio di Gaza sono partite dalla Sicilia\" \/>\n<meta property=\"og:description\" content=\"\u00c8 partita domenica 26 aprile, dal porto siciliano di Augusta la seconda missione della Global Sumud Flotilla (GSF), l\u2019esercito pacifico di barche che\" \/>\n<meta property=\"og:url\" content=\"https:\/\/www.pressenza.com\/it\/2026\/04\/60-barche-della-nuova-flotilla-per-rompere-lassedio-di-gaza-sono-partite-dalla-sicilia\/\" \/>\n<meta property=\"og:site_name\" content=\"Pressenza\" \/>\n<meta property=\"article:publisher\" content=\"https:\/\/www.facebook.com\/PressenzaItalia\" \/>\n<meta property=\"article:published_time\" content=\"2026-04-28T17:57:03+00:00\" \/>\n<meta property=\"og:image\" content=\"https:\/\/www.pressenza.com\/wp-content\/uploads\/2025\/10\/Global_Sumud_Flotilla_Sidi_Bou_Said_Tunis_Tunisia_07-09-2025-05567_37-e1775987342520.jpg\" \/>\n\t<meta property=\"og:image:width\" content=\"800\" \/>\n\t<meta property=\"og:image:height\" content=\"533\" \/>\n\t<meta property=\"og:image:type\" content=\"image\/jpeg\" \/>\n<meta name=\"author\" content=\"L&#039;Indipendente\" \/>\n<meta name=\"twitter:card\" content=\"summary_large_image\" \/>\n<meta name=\"twitter:creator\" content=\"@PressenzaIPA\" \/>\n<meta name=\"twitter:site\" content=\"@PressenzaIPA\" \/>\n<meta name=\"twitter:label1\" content=\"Scritto da\" \/>\n\t<meta name=\"twitter:data1\" content=\"L&#039;Indipendente\" \/>\n\t<meta name=\"twitter:label2\" content=\"Tempo di lettura stimato\" \/>\n\t<meta name=\"twitter:data2\" content=\"6 minuti\" \/>\n<script type=\"application\/ld+json\" class=\"yoast-schema-graph\">{\"@context\":\"https:\/\/schema.org\",\"@graph\":[{\"@type\":\"Article\",\"@id\":\"https:\/\/www.pressenza.com\/it\/2026\/04\/60-barche-della-nuova-flotilla-per-rompere-lassedio-di-gaza-sono-partite-dalla-sicilia\/#article\",\"isPartOf\":{\"@id\":\"https:\/\/www.pressenza.com\/it\/2026\/04\/60-barche-della-nuova-flotilla-per-rompere-lassedio-di-gaza-sono-partite-dalla-sicilia\/\"},\"author\":{\"name\":\"L'Indipendente\",\"@id\":\"https:\/\/www.pressenza.com\/it\/#\/schema\/person\/310a843582035e4eb98f61c521fd6236\"},\"headline\":\"60 barche della nuova flotilla per rompere l\u2019assedio di Gaza sono partite dalla Sicilia\",\"datePublished\":\"2026-04-28T17:57:03+00:00\",\"mainEntityOfPage\":{\"@id\":\"https:\/\/www.pressenza.com\/it\/2026\/04\/60-barche-della-nuova-flotilla-per-rompere-lassedio-di-gaza-sono-partite-dalla-sicilia\/\"},\"wordCount\":950,\"publisher\":{\"@id\":\"https:\/\/www.pressenza.com\/it\/#organization\"},\"image\":{\"@id\":\"https:\/\/www.pressenza.com\/it\/2026\/04\/60-barche-della-nuova-flotilla-per-rompere-lassedio-di-gaza-sono-partite-dalla-sicilia\/#primaryimage\"},\"thumbnailUrl\":\"https:\/\/www.pressenza.com\/wp-content\/uploads\/2025\/10\/Global_Sumud_Flotilla_Sidi_Bou_Said_Tunis_Tunisia_07-09-2025-05567_37-e1775987342520.jpg\",\"keywords\":[\"assedio\",\"convoglio terrestre\",\"Gaza\",\"genocidio\",\"Global Sumud Flotilla\"],\"articleSection\":[\"Cronaca\",\"Diritti Umani\",\"Europa\",\"Medio Oriente\"],\"inLanguage\":\"it-IT\"},{\"@type\":\"WebPage\",\"@id\":\"https:\/\/www.pressenza.com\/it\/2026\/04\/60-barche-della-nuova-flotilla-per-rompere-lassedio-di-gaza-sono-partite-dalla-sicilia\/\",\"url\":\"https:\/\/www.pressenza.com\/it\/2026\/04\/60-barche-della-nuova-flotilla-per-rompere-lassedio-di-gaza-sono-partite-dalla-sicilia\/\",\"name\":\"60 barche della nuova flotilla per rompere l\u2019assedio di Gaza sono partite dalla Sicilia\",\"isPartOf\":{\"@id\":\"https:\/\/www.pressenza.com\/it\/#website\"},\"primaryImageOfPage\":{\"@id\":\"https:\/\/www.pressenza.com\/it\/2026\/04\/60-barche-della-nuova-flotilla-per-rompere-lassedio-di-gaza-sono-partite-dalla-sicilia\/#primaryimage\"},\"image\":{\"@id\":\"https:\/\/www.pressenza.com\/it\/2026\/04\/60-barche-della-nuova-flotilla-per-rompere-lassedio-di-gaza-sono-partite-dalla-sicilia\/#primaryimage\"},\"thumbnailUrl\":\"https:\/\/www.pressenza.com\/wp-content\/uploads\/2025\/10\/Global_Sumud_Flotilla_Sidi_Bou_Said_Tunis_Tunisia_07-09-2025-05567_37-e1775987342520.jpg\",\"datePublished\":\"2026-04-28T17:57:03+00:00\",\"description\":\"\u00c8 partita domenica 26 aprile, dal porto siciliano di Augusta la seconda missione della Global Sumud Flotilla (GSF), l\u2019esercito pacifico di barche che\",\"breadcrumb\":{\"@id\":\"https:\/\/www.pressenza.com\/it\/2026\/04\/60-barche-della-nuova-flotilla-per-rompere-lassedio-di-gaza-sono-partite-dalla-sicilia\/#breadcrumb\"},\"inLanguage\":\"it-IT\",\"potentialAction\":[{\"@type\":\"ReadAction\",\"target\":[\"https:\/\/www.pressenza.com\/it\/2026\/04\/60-barche-della-nuova-flotilla-per-rompere-lassedio-di-gaza-sono-partite-dalla-sicilia\/\"]}]},{\"@type\":\"ImageObject\",\"inLanguage\":\"it-IT\",\"@id\":\"https:\/\/www.pressenza.com\/it\/2026\/04\/60-barche-della-nuova-flotilla-per-rompere-lassedio-di-gaza-sono-partite-dalla-sicilia\/#primaryimage\",\"url\":\"https:\/\/www.pressenza.com\/wp-content\/uploads\/2025\/10\/Global_Sumud_Flotilla_Sidi_Bou_Said_Tunis_Tunisia_07-09-2025-05567_37-e1775987342520.jpg\",\"contentUrl\":\"https:\/\/www.pressenza.com\/wp-content\/uploads\/2025\/10\/Global_Sumud_Flotilla_Sidi_Bou_Said_Tunis_Tunisia_07-09-2025-05567_37-e1775987342520.jpg\",\"width\":800,\"height\":533,\"caption\":\"Que los detenidos de la Flotilla Sumud regresen sanos y libres: inocentes viajando por solidaridad.\"},{\"@type\":\"BreadcrumbList\",\"@id\":\"https:\/\/www.pressenza.com\/it\/2026\/04\/60-barche-della-nuova-flotilla-per-rompere-lassedio-di-gaza-sono-partite-dalla-sicilia\/#breadcrumb\",\"itemListElement\":[{\"@type\":\"ListItem\",\"position\":1,\"name\":\"Accueil\",\"item\":\"https:\/\/www.pressenza.com\/it\/\"},{\"@type\":\"ListItem\",\"position\":2,\"name\":\"60 barche della nuova flotilla per rompere l\u2019assedio di Gaza sono partite dalla Sicilia\"}]},{\"@type\":\"WebSite\",\"@id\":\"https:\/\/www.pressenza.com\/it\/#website\",\"url\":\"https:\/\/www.pressenza.com\/it\/\",\"name\":\"Pressenza\",\"description\":\"Agenzia di Stampa Internazionale\",\"publisher\":{\"@id\":\"https:\/\/www.pressenza.com\/it\/#organization\"},\"potentialAction\":[{\"@type\":\"SearchAction\",\"target\":{\"@type\":\"EntryPoint\",\"urlTemplate\":\"https:\/\/www.pressenza.com\/it\/?s={search_term_string}\"},\"query-input\":{\"@type\":\"PropertyValueSpecification\",\"valueRequired\":true,\"valueName\":\"search_term_string\"}}],\"inLanguage\":\"it-IT\"},{\"@type\":\"Organization\",\"@id\":\"https:\/\/www.pressenza.com\/it\/#organization\",\"name\":\"Pressenza\",\"url\":\"https:\/\/www.pressenza.com\/it\/\",\"logo\":{\"@type\":\"ImageObject\",\"inLanguage\":\"it-IT\",\"@id\":\"https:\/\/www.pressenza.com\/it\/#\/schema\/logo\/image\/\",\"url\":\"https:\/\/www.pressenza.com\/wp-content\/uploads\/2022\/10\/pressenza_logo_200x200.jpg\",\"contentUrl\":\"https:\/\/www.pressenza.com\/wp-content\/uploads\/2022\/10\/pressenza_logo_200x200.jpg\",\"width\":200,\"height\":200,\"caption\":\"Pressenza\"},\"image\":{\"@id\":\"https:\/\/www.pressenza.com\/it\/#\/schema\/logo\/image\/\"},\"sameAs\":[\"https:\/\/www.facebook.com\/PressenzaItalia\",\"https:\/\/x.com\/PressenzaIPA\"]},{\"@type\":\"Person\",\"@id\":\"https:\/\/www.pressenza.com\/it\/#\/schema\/person\/310a843582035e4eb98f61c521fd6236\",\"name\":\"L'Indipendente\",\"description\":\"Informazione senza padroni\",\"sameAs\":[\"https:\/\/www.lindipendente.online\/\"],\"url\":\"https:\/\/www.pressenza.com\/it\/author\/lindipendente\/\"}]}<\/script>\n<!-- \/ Yoast SEO plugin. -->","yoast_head_json":{"title":"60 barche della nuova flotilla per rompere l\u2019assedio di Gaza sono partite dalla Sicilia","description":"\u00c8 partita domenica 26 aprile, dal porto siciliano di Augusta la seconda missione della Global Sumud Flotilla (GSF), l\u2019esercito pacifico di barche che","robots":{"index":"index","follow":"follow","max-snippet":"max-snippet:-1","max-image-preview":"max-image-preview:large","max-video-preview":"max-video-preview:-1"},"canonical":"https:\/\/www.pressenza.com\/it\/2026\/04\/60-barche-della-nuova-flotilla-per-rompere-lassedio-di-gaza-sono-partite-dalla-sicilia\/","og_locale":"it_IT","og_type":"article","og_title":"60 barche della nuova flotilla per rompere l\u2019assedio di Gaza sono partite dalla Sicilia","og_description":"\u00c8 partita domenica 26 aprile, dal porto siciliano di Augusta la seconda missione della Global Sumud Flotilla (GSF), l\u2019esercito pacifico di barche che","og_url":"https:\/\/www.pressenza.com\/it\/2026\/04\/60-barche-della-nuova-flotilla-per-rompere-lassedio-di-gaza-sono-partite-dalla-sicilia\/","og_site_name":"Pressenza","article_publisher":"https:\/\/www.facebook.com\/PressenzaItalia","article_published_time":"2026-04-28T17:57:03+00:00","og_image":[{"width":800,"height":533,"url":"https:\/\/www.pressenza.com\/wp-content\/uploads\/2025\/10\/Global_Sumud_Flotilla_Sidi_Bou_Said_Tunis_Tunisia_07-09-2025-05567_37-e1775987342520.jpg","type":"image\/jpeg"}],"author":"L'Indipendente","twitter_card":"summary_large_image","twitter_creator":"@PressenzaIPA","twitter_site":"@PressenzaIPA","twitter_misc":{"Scritto da":"L'Indipendente","Tempo di lettura stimato":"6 minuti"},"schema":{"@context":"https:\/\/schema.org","@graph":[{"@type":"Article","@id":"https:\/\/www.pressenza.com\/it\/2026\/04\/60-barche-della-nuova-flotilla-per-rompere-lassedio-di-gaza-sono-partite-dalla-sicilia\/#article","isPartOf":{"@id":"https:\/\/www.pressenza.com\/it\/2026\/04\/60-barche-della-nuova-flotilla-per-rompere-lassedio-di-gaza-sono-partite-dalla-sicilia\/"},"author":{"name":"L'Indipendente","@id":"https:\/\/www.pressenza.com\/it\/#\/schema\/person\/310a843582035e4eb98f61c521fd6236"},"headline":"60 barche della nuova flotilla per rompere l\u2019assedio di Gaza sono partite dalla Sicilia","datePublished":"2026-04-28T17:57:03+00:00","mainEntityOfPage":{"@id":"https:\/\/www.pressenza.com\/it\/2026\/04\/60-barche-della-nuova-flotilla-per-rompere-lassedio-di-gaza-sono-partite-dalla-sicilia\/"},"wordCount":950,"publisher":{"@id":"https:\/\/www.pressenza.com\/it\/#organization"},"image":{"@id":"https:\/\/www.pressenza.com\/it\/2026\/04\/60-barche-della-nuova-flotilla-per-rompere-lassedio-di-gaza-sono-partite-dalla-sicilia\/#primaryimage"},"thumbnailUrl":"https:\/\/www.pressenza.com\/wp-content\/uploads\/2025\/10\/Global_Sumud_Flotilla_Sidi_Bou_Said_Tunis_Tunisia_07-09-2025-05567_37-e1775987342520.jpg","keywords":["assedio","convoglio terrestre","Gaza","genocidio","Global Sumud Flotilla"],"articleSection":["Cronaca","Diritti Umani","Europa","Medio Oriente"],"inLanguage":"it-IT"},{"@type":"WebPage","@id":"https:\/\/www.pressenza.com\/it\/2026\/04\/60-barche-della-nuova-flotilla-per-rompere-lassedio-di-gaza-sono-partite-dalla-sicilia\/","url":"https:\/\/www.pressenza.com\/it\/2026\/04\/60-barche-della-nuova-flotilla-per-rompere-lassedio-di-gaza-sono-partite-dalla-sicilia\/","name":"60 barche della nuova flotilla per rompere l\u2019assedio di Gaza sono partite dalla Sicilia","isPartOf":{"@id":"https:\/\/www.pressenza.com\/it\/#website"},"primaryImageOfPage":{"@id":"https:\/\/www.pressenza.com\/it\/2026\/04\/60-barche-della-nuova-flotilla-per-rompere-lassedio-di-gaza-sono-partite-dalla-sicilia\/#primaryimage"},"image":{"@id":"https:\/\/www.pressenza.com\/it\/2026\/04\/60-barche-della-nuova-flotilla-per-rompere-lassedio-di-gaza-sono-partite-dalla-sicilia\/#primaryimage"},"thumbnailUrl":"https:\/\/www.pressenza.com\/wp-content\/uploads\/2025\/10\/Global_Sumud_Flotilla_Sidi_Bou_Said_Tunis_Tunisia_07-09-2025-05567_37-e1775987342520.jpg","datePublished":"2026-04-28T17:57:03+00:00","description":"\u00c8 partita domenica 26 aprile, dal porto siciliano di Augusta la seconda missione della Global Sumud Flotilla (GSF), l\u2019esercito pacifico di barche che","breadcrumb":{"@id":"https:\/\/www.pressenza.com\/it\/2026\/04\/60-barche-della-nuova-flotilla-per-rompere-lassedio-di-gaza-sono-partite-dalla-sicilia\/#breadcrumb"},"inLanguage":"it-IT","potentialAction":[{"@type":"ReadAction","target":["https:\/\/www.pressenza.com\/it\/2026\/04\/60-barche-della-nuova-flotilla-per-rompere-lassedio-di-gaza-sono-partite-dalla-sicilia\/"]}]},{"@type":"ImageObject","inLanguage":"it-IT","@id":"https:\/\/www.pressenza.com\/it\/2026\/04\/60-barche-della-nuova-flotilla-per-rompere-lassedio-di-gaza-sono-partite-dalla-sicilia\/#primaryimage","url":"https:\/\/www.pressenza.com\/wp-content\/uploads\/2025\/10\/Global_Sumud_Flotilla_Sidi_Bou_Said_Tunis_Tunisia_07-09-2025-05567_37-e1775987342520.jpg","contentUrl":"https:\/\/www.pressenza.com\/wp-content\/uploads\/2025\/10\/Global_Sumud_Flotilla_Sidi_Bou_Said_Tunis_Tunisia_07-09-2025-05567_37-e1775987342520.jpg","width":800,"height":533,"caption":"Que los detenidos de la Flotilla Sumud regresen sanos y libres: inocentes viajando por solidaridad."},{"@type":"BreadcrumbList","@id":"https:\/\/www.pressenza.com\/it\/2026\/04\/60-barche-della-nuova-flotilla-per-rompere-lassedio-di-gaza-sono-partite-dalla-sicilia\/#breadcrumb","itemListElement":[{"@type":"ListItem","position":1,"name":"Accueil","item":"https:\/\/www.pressenza.com\/it\/"},{"@type":"ListItem","position":2,"name":"60 barche della nuova flotilla per rompere l\u2019assedio di Gaza sono partite dalla Sicilia"}]},{"@type":"WebSite","@id":"https:\/\/www.pressenza.com\/it\/#website","url":"https:\/\/www.pressenza.com\/it\/","name":"Pressenza","description":"Agenzia di Stampa Internazionale","publisher":{"@id":"https:\/\/www.pressenza.com\/it\/#organization"},"potentialAction":[{"@type":"SearchAction","target":{"@type":"EntryPoint","urlTemplate":"https:\/\/www.pressenza.com\/it\/?s={search_term_string}"},"query-input":{"@type":"PropertyValueSpecification","valueRequired":true,"valueName":"search_term_string"}}],"inLanguage":"it-IT"},{"@type":"Organization","@id":"https:\/\/www.pressenza.com\/it\/#organization","name":"Pressenza","url":"https:\/\/www.pressenza.com\/it\/","logo":{"@type":"ImageObject","inLanguage":"it-IT","@id":"https:\/\/www.pressenza.com\/it\/#\/schema\/logo\/image\/","url":"https:\/\/www.pressenza.com\/wp-content\/uploads\/2022\/10\/pressenza_logo_200x200.jpg","contentUrl":"https:\/\/www.pressenza.com\/wp-content\/uploads\/2022\/10\/pressenza_logo_200x200.jpg","width":200,"height":200,"caption":"Pressenza"},"image":{"@id":"https:\/\/www.pressenza.com\/it\/#\/schema\/logo\/image\/"},"sameAs":["https:\/\/www.facebook.com\/PressenzaItalia","https:\/\/x.com\/PressenzaIPA"]},{"@type":"Person","@id":"https:\/\/www.pressenza.com\/it\/#\/schema\/person\/310a843582035e4eb98f61c521fd6236","name":"L'Indipendente","description":"Informazione senza padroni","sameAs":["https:\/\/www.lindipendente.online\/"],"url":"https:\/\/www.pressenza.com\/it\/author\/lindipendente\/"}]}},"place":"Monica Cillerai","original_article_url":"https:\/\/www.lindipendente.online\/2026\/04\/27\/60-barche-della-nuova-flotilla-per-rompere-lassedio-di-gaza-sono-partite-dalla-sicilia\/","_links":{"self":[{"href":"https:\/\/www.pressenza.com\/it\/wp-json\/wp\/v2\/posts\/2696263","targetHints":{"allow":["GET"]}}],"collection":[{"href":"https:\/\/www.pressenza.com\/it\/wp-json\/wp\/v2\/posts"}],"about":[{"href":"https:\/\/www.pressenza.com\/it\/wp-json\/wp\/v2\/types\/post"}],"author":[{"embeddable":true,"href":"https:\/\/www.pressenza.com\/it\/wp-json\/wp\/v2\/users\/2207"}],"replies":[{"embeddable":true,"href":"https:\/\/www.pressenza.com\/it\/wp-json\/wp\/v2\/comments?post=2696263"}],"version-history":[{"count":1,"href":"https:\/\/www.pressenza.com\/it\/wp-json\/wp\/v2\/posts\/2696263\/revisions"}],"predecessor-version":[{"id":2696266,"href":"https:\/\/www.pressenza.com\/it\/wp-json\/wp\/v2\/posts\/2696263\/revisions\/2696266"}],"wp:featuredmedia":[{"embeddable":true,"href":"https:\/\/www.pressenza.com\/it\/wp-json\/wp\/v2\/media\/2674186"}],"wp:attachment":[{"href":"https:\/\/www.pressenza.com\/it\/wp-json\/wp\/v2\/media?parent=2696263"}],"wp:term":[{"taxonomy":"category","embeddable":true,"href":"https:\/\/www.pressenza.com\/it\/wp-json\/wp\/v2\/categories?post=2696263"},{"taxonomy":"post_tag","embeddable":true,"href":"https:\/\/www.pressenza.com\/it\/wp-json\/wp\/v2\/tags?post=2696263"}],"curies":[{"name":"wp","href":"https:\/\/api.w.org\/{rel}","templated":true}]}}