{"id":2696231,"date":"2026-04-28T18:33:22","date_gmt":"2026-04-28T17:33:22","guid":{"rendered":"https:\/\/www.pressenza.com\/?p=2696231"},"modified":"2026-04-28T18:37:39","modified_gmt":"2026-04-28T17:37:39","slug":"federico-faggin-e-il-corpo-che-muore-ma-noi-non-moriamo","status":"publish","type":"post","link":"https:\/\/www.pressenza.com\/it\/2026\/04\/federico-faggin-e-il-corpo-che-muore-ma-noi-non-moriamo\/","title":{"rendered":"Federico Faggin: \u00e8 il corpo che muore, ma noi non moriamo"},"content":{"rendered":"<blockquote><p>In occasione della conferenza \u201cLa Coscienza nell\u2019era dell\u2019Intelligenza Artificiale\u201d, che ha avuto luogo il 22 aprile al Teatro Dal Verme a Milano, il Prof. Federico Faggin ha concesso a Pressenza un\u2019intervista che riportiamo qui di seguito. L\u2019evento \u00e8 stato organizzato da Progetto Itaca<a href=\"#_ftn1\" name=\"_ftnref1\">[1]<\/a>, un\u2019associazione con 18 sedi territoriali attive in Italia che si occupa di sviluppare progetti di supporto a persone che soffrono di disturbi della salute mentale, e sostegno alle loro famiglie.<\/p>\n<p>Il Prof. Faggin<a href=\"#_ftn2\" name=\"_ftnref2\">[2]<\/a>, noto a livello internazionale per aver inventato il microprocessore e il touch screen, dopo una carriera di successo come scienziato e imprenditore, si \u00e8 dedicato sempre di pi\u00f9 alla fisica quantistica e alla questione della coscienza, arrivando alla convinzione che siamo parte-intero di Uno, dotati di libero arbitrio, e che la coscienza continua il suo percorso dopo la morte del corpo.<\/p><\/blockquote>\n<p><strong><em>A livello internazionale un gruppo di studio intorno ai tuoi libri, in particolare a <a href=\"https:\/\/www.oscarmondadori.it\/libri\/oltre-linvisibile-federico-faggin\/\">\u201cOltre l\u2019Invisibile\u201d<\/a>, partito dall\u2019analisi degli effetti dell\u2019Antropocene sulla biosfera e sull\u2019umanit\u00e0, \u00e8 giunto alla conclusione che una minoranza sta rompendo gli equilibri della biosfera devastando i rapporti tra i popoli e le persone a livello planetario. La preoccupazione di questo gruppo di studio e di noi della redazione di Pressenza \u00e8: come fare, in tempi umani, a capovolgere questa situazione, in modo che la competizione diventi cooperazione e la discriminazione si trasformi in solidariet\u00e0? Come far comprendere che siamo davvero \u201cparte-intero di Uno\u201d?<\/em><\/strong><\/p>\n<p><img loading=\"lazy\" decoding=\"async\" class=\"size-medium wp-image-2696245 alignright\" src=\"https:\/\/www.pressenza.com\/wp-content\/uploads\/2026\/04\/Faggin-foto-2-300x217.jpg\" alt=\"\" width=\"300\" height=\"217\" srcset=\"https:\/\/www.pressenza.com\/wp-content\/uploads\/2026\/04\/Faggin-foto-2-300x217.jpg 300w, https:\/\/www.pressenza.com\/wp-content\/uploads\/2026\/04\/Faggin-foto-2-820x592.jpg 820w, https:\/\/www.pressenza.com\/wp-content\/uploads\/2026\/04\/Faggin-foto-2.jpg 1920w\" sizes=\"auto, (max-width: 300px) 100vw, 300px\" \/><\/p>\n<p>Questa \u00e8 forse la sfida pi\u00f9 grande dell\u2019umanit\u00e0 e si pu\u00f2 fare, ma non nella maniera in cui uno penserebbe, cio\u00e8 cercando di cambiare gli altri. Invece, si pu\u00f2 solo ottenere cambiando s\u00e9 stessi. Non \u00e8 possibile cambiare gli altri, ma se uno riesce a cambiare s\u00e9 stesso d\u00e0 un esempio agli altri di cosa vuol dire cambiare e che questo \u00e8 possibile. Quindi invece delle parole, che vanno e vengono, solo i fatti rimangono. L\u2019essenza di quello che uno \u00e8 si vede da come la persona si comporta, da quello che fa. In ogni caso, cambiare s\u00e9 stessi \u00e8 ci\u00f2 che rende molto pi\u00f9 felici le persone che tentano il cambiamento. Non abbiamo bisogno di altro.<\/p>\n<p>Cos\u00ec si d\u00e0 un messaggio forte che ispira gli altri a cambiare. Non c\u2019\u00e8 altra soluzione. Non bisogna fare una rivoluzione, e fare la guerra non fa altro che continuare il ciclo di violenza. Non esiste alcuna soluzione \u201cfuori\u201d di noi. La soluzione \u00e8 invece dentro di noi. Non \u00e8 facile e richiede parecchio impegno. Per\u00f2 \u00e8 una strada sicura, mentre l\u2019altra \u00e8 una strada che porta \u201cfuori strada\u201d.<\/p>\n<p>Cambiare gli altri non si pu\u00f2. \u00c8 anche una questione di buon senso, no? D\u2019altra parte, anche il mio percorso \u00e8 iniziato con la domanda \u201cChi sono io?\u201d. Ed allora mi sono detto \u201cVoglio capire chi sono\u201d. Ma non sono andato a comprare i libri. Ho dovuto\u00a0portare l\u2019attenzione dentro di me. E ad un certo punto ho avuto un\u2019esperienza inaspettata, una di quelle esperienze che hanno una forza vitale dentro, che sono pi\u00f9 vere di quelle che viviamo fuori, esperienze che hanno un significato straordinario. Grazie a quella esperienza ho compreso chi sono.<\/p>\n<p>Ci sono anche certi sogni che sono potenti e significativi. Hanno la valenza di qualcosa di forte e vero, che non pu\u00f2 essere una finzione, non pu\u00f2 essere un\u2019allucinazione. Se uno va a chiedere a un medico o a uno psichiatra, il tipico psichiatra non capisce perch\u00e9 pensa che siamo una \u201cmacchina\u201d. Chiamo scientismo l\u2019idea che noi siamo macchine che si riparano da \u201cfuori\u201d. Quindi, la \u201cchiave inglese\u201d dello psichiatra sono le medicine.<\/p>\n<p><strong>C<em>ome fai a spiegare ai tuoi colleghi fisici e agli scienziati in generale questo tuo punto di vista?<\/em><\/strong><\/p>\n<p>Gli faccio vedere che quello che dico \u00e8 basato anche sulla fisica, non la fisica classica, ma la fisica quantistica. Ma fanno fatica a capire, perch\u00e9 c\u2019\u00e8 anche un problema di potere. Non \u00e8 che non capiscano. C\u2019\u00e8 resistenza, perch\u00e9 conoscere \u00e8 potere. Come per le religioni, no? Sapere di pi\u00f9 degli altri \u00e8 spesso percepito dagli scientisti (non dai veri scienziati) come potere.<\/p>\n<p>Per\u00f2 la scienza ha una marcia in pi\u00f9 rispetto alle religioni, perch\u00e9 quello che si conosce dev\u2019essere verificabile sperimentalmente. Quindi \u00e8 molto pi\u00f9 credibile. La scienza ha molta pi\u00f9 autorit\u00e0 della religione perch\u00e9 deve dimostrare sperimentalmente ci\u00f2 che asserisce. Quindi gli scienziati credono di saperla pi\u00f9 lunga, perch\u00e9 hanno studiato queste cose, le sanno. Ma quello che la scienza ha fatto finora \u00e8 studiare il mondo esteriore. Non ha mai dato valore di verit\u00e0 al mondo interiore.<\/p>\n<p>Questo \u00e8 un errore fondamentale perch\u00e9 hanno deciso a priori che non c\u2019\u00e8 niente dentro di noi. Sono convinti che quello che abbiamo dentro \u00e8 creato soltanto dalla materia. Attenzione che quando dico \u201cdentro di noi\u201d, non intendo dentro il cervello o dentro il corpo perch\u00e9 anche l\u00ec c\u2019\u00e8 solo materia. Mi riferisco ad una realt\u00e0 pi\u00f9 profonda di quella materiale che conosciamo.<\/p>\n<p>La realt\u00e0 dello spirito, la realt\u00e0 della nostra coscienza, non \u00e8 nello spazio-tempo. \u00c8 un\u2019altra realt\u00e0 da cui emerge la realt\u00e0 esteriore, quella degli oggetti che si muovono nello spazio-tempo. Bisogna capire che la realt\u00e0 fisica fa parte di tre realt\u00e0 fondamentali e interdipendenti: materia, mente e spirito. La mente \u00e8 l\u2019aspetto computazionale del campo cosciente che siamo, mentre lo spirito \u00e8 quello che esperisce il suo stato quantistico sotto forma di esperienza cosciente, cio\u00e8 le sensazioni, i sentimenti, i pensieri che proviamo dentro di noi.<\/p>\n<p>Noi conosciamo perch\u00e9 abbiamo un mondo interiore. La coscienza \u00e8 una propriet\u00e0 dello spirito. Ma dove si incontrano spirito e mente? Davanti a questa domanda il fisico si ferma. Si ferma alla matematica. Perch\u00e9 la matematica \u00e8 un linguaggio fatto di simboli che portano informazioni, ma il significato dei simboli esiste solo nella coscienza del fisico, non nella matematica. La scienza chiama informazione riconoscere un simbolo e conoscerne la probabilit\u00e0. I simboli della scienza non hanno significato, mentre noi chiamiamo informazione \u201cil significato dei simboli\u201d. Questo \u00e8 un problema gravissimo.<\/p>\n<p>I fisici usano quindi la parola \u201cinformazione\u201d con un significato diverso da quello che diamo noi. Poi il problema \u00e8 stato ingigantito chiamando \u201cintelligenza artificiale\u201d ci\u00f2 che intelligenza non \u00e8. La prima cosa che fanno i dittatori \u00e8 usare alcune parole cambiandone i significati.<\/p>\n<p>Questo purtroppo sta avvenendo oggi ed \u00e8 per questo che voglio far capire che la realt\u00e0 non \u00e8 solo quella fisica, ma \u00e8 anche quella della mente e dello spirito e tutte e tre lavorano insieme. La fisica descrive solo la realt\u00e0 materiale e attribuisce alla materia anche l\u2019aspetto computazionale.<\/p>\n<p>Secondo me la fisica quantistica non descrive la materia, ma descrive la mente dell\u2019universo perch\u00e9 calcola le probabilit\u00e0 di ci\u00f2 che \u00e8 possibile manifestare, non ci\u00f2 che si manifester\u00e0. La fisica classica descrive la materia dell\u2019universo. Infine, l\u2019aspetto spirituale spiega l\u2019esperienza cosciente, il significato dell\u2019esperienza e le decisioni coscienti di cosa manifestare nello spazio-tempo in base alle probabilit\u00e0 calcolate dalla mente.<\/p>\n<p><strong><em>Pensi che a un certo punto si riuscir\u00e0 a ricostruire quel ponte tra scienza e spiritualit\u00e0 esistito in tempi lontani in tante parti del mondo?<\/em><\/strong><\/p>\n<p>Certo. Il problema \u00e8 che i valori fondamentali sono stati gettati via dallo scientismo, dal materialismo e dal riduzionismo. All\u2019inizio non \u00e8 che volessero buttarli via, perch\u00e9 gli scienziati erano interessati solo a capire come funzionava il mondo materiale. Ma poi un po\u2019 alla volta hanno visto che potevano spiegare molte cose, e alla fine si sono illusi che potevano spiegare tutto. Con questa mentalit\u00e0 hanno negato l\u2019aspetto spirituale e mentale profondo, gli aspetti intuitivi e gli aspetti della vera creativit\u00e0 che le macchine non avranno mai.<\/p>\n<p><strong><em>Nella parte spirituale della coscienza, la paura della morte \u00e8 una delle paure pi\u00f9 grandi per tutti noi. Nella tua ricerca e nell\u2019introspezione che auspichi per tutti noi, c\u2019\u00e8 un modo di superare questa paura e riconoscere che la materia finisce ed invece la coscienza e la spiritualit\u00e0 continuano?<\/em><\/strong><\/p>\n<p>In verit\u00e0 non ho mai avuto una grossa paura della morte, per\u00f2, s\u00ec una certa ansia su cosa succeder\u00e0, chiss\u00e0&#8230; E anche perch\u00e9 non ero ancora pronto a farmi certe domande, forse non avevo ancora l\u2019et\u00e0. Ma a 49 anni quando ho vissuto l\u2019\u201cesperienza del risveglio\u201d, tutto mi \u00e8 diventato pi\u00f9 chiaro: Noi non siamo il corpo. \u00c8 il corpo che muore, ma noi non moriamo. \u00c8 stato quello uno dei messaggi implicitamente chiari della mia esperienza: la morte non esiste, io sono questo campo di amore che esiste anche fuori del mio corpo, un campo che continua ad esistere.<\/p>\n<p><strong><em>Quando ti sei posto queste domande?<\/em><\/strong><\/p>\n<p>Anni prima di avere l\u2019esperienza del risveglio avevo raggiunto tutti gli obiettivi che pensavo avrebbero dovuto rendermi felice ma invece non ero contento. Per fortuna mi era rimasta abbastanza onest\u00e0 per riconoscere che fingevo di essere contento. Il primo passo per risolvere un problema \u00e8 riconoscere che c\u2019\u00e8 un problema. Uno non \u00e8 mai cos\u00ec disonesto da non riconoscere quello che prova dentro di s\u00e9. Siccome \u00e8 facile immedesimarsi nell\u2019attore che gioca il ruolo della persona di successo, ci vuole parecchia onest\u00e0 per riconoscere ed accettare che c\u2019\u00e8 un problema.<\/p>\n<p>L\u2019altra cosa fondamentale \u00e8 prendersi la responsabilit\u00e0 di quello che avviene nella propria vita, bene o male che sia. Invece di dare la colpa agli altri, bisogna riconoscere che se siamo scontenti dobbiamo aver fatto noi qualcosa, che ha creato tale scontentezza, oppure non abbiamo fatto niente quando avremmo dovuto fare qualcosa.<\/p>\n<p>Nel mio caso, far niente \u00e8 stato il problema pi\u00f9 grosso. A livello profondo ci\u00f2 diventa indifferenza. Uno vede il male e non fa niente, guarda e si gira dall\u2019altra parte. Come mai non hai visto che quella persona aveva bisogno di un sorriso, di un pezzo di pane?<\/p>\n<p><strong><em>Infatti, quando si parla di risveglio della coscienza l\u00ec c\u2019\u00e8 un corto circuito per cui non puoi pi\u00f9 restare indifferente. L\u2019indifferenza diventa prima o poi sofferenza?<\/em><\/strong><\/p>\n<p>S\u00ec. Quando ho riconosciuto che ero io il responsabile e ho avuto l\u2019onest\u00e0 di accettarlo, con quella stessa onest\u00e0 mi sono anche detto: allora sono io che posso e devo risolvere questo problema. Perch\u00e9 l\u2019ho creato io. Se lo creano gli altri non lo puoi risolvere, ma se lo crei tu puoi farci qualcosa. Guarda un po\u2019, un anno o due dopo aver accettato la mia responsabilit\u00e0, ho avuto l\u2019esperienza che mi ha spiegato chi sono.<\/p>\n<p><img loading=\"lazy\" decoding=\"async\" class=\"alignleft wp-image-2696248\" src=\"https:\/\/www.pressenza.com\/wp-content\/uploads\/2026\/04\/Faggin-foto-4-300x169.jpg\" alt=\"\" width=\"849\" height=\"478\" srcset=\"https:\/\/www.pressenza.com\/wp-content\/uploads\/2026\/04\/Faggin-foto-4-300x169.jpg 300w, https:\/\/www.pressenza.com\/wp-content\/uploads\/2026\/04\/Faggin-foto-4-820x462.jpg 820w, https:\/\/www.pressenza.com\/wp-content\/uploads\/2026\/04\/Faggin-foto-4.jpg 1920w\" sizes=\"auto, (max-width: 849px) 100vw, 849px\" \/><\/p>\n<hr \/>\n<h3>NOTE<\/h3>\n<p><a href=\"#_ftnref1\" name=\"_ftn1\">[1]<\/a> <strong>Fondazione Progetto Itaca ETS- <\/strong><a href=\"https:\/\/progettoitaca.org\/\"><strong>https:\/\/progettoitaca.org\/<\/strong><\/a><strong>\u00a0 coordina 18 sedi attive sul territorio nazionale che, riunite, rappresentano in Italia la principale organizzazione impegnata a favore della Salute Mentale. <\/strong>Crede che i disturbi della Salute Mentale siano patologie curabili e che ogni persona che ne \u00e8 colpita meriti un aiuto tempestivo, una diagnosi corretta e una cura efficace per condurre una vita piena e soddisfacente, libera da stigma e pregiudizio.\u202fSensibilizza la societ\u00e0 per superare stigma e pregiudizio. Diffonde una corretta informazione per favorire la prevenzione e l\u2019orientamento alla cura. Sostiene le persone che soffrono di disturbi della Salute Mentale e le loro famiglie nel percorso di recupero del benessere e della pienezza di vita.<\/p>\n<p><a href=\"#_ftnref2\" name=\"_ftn2\">[2]<\/a> <strong>Federico Faggin <\/strong>\u00e8 un fisico, inventore e imprenditore italiano. Nato a Vicenza nel 1941, dal 1968 risiede negli Stati Uniti. \u00c8 stato capo progetto e designer dell\u2019Intel 4004, il primo microprocessore al mondo, e lo sviluppatore della tecnologia MOS con porta di silicio, che ha permesso la fabbricazione dei primi microprocessori, delle memorie EPROM e RAM dinamiche e dei sensori CCD, gli elementi essenziali per la digitalizzazione dell\u2019informazione. Nel 1974 ha fondato la Zilog, con cui ha dato vita al famoso microprocessore Z80, tuttora in produzione. Nel 1986 ha co-fondato la Synaptics, ditta con cui ha sviluppato i primi Touchpad e Touchscreen. Nel 2011 ha fondato la Federico and Elvia Faggin Foundation, un\u2019organizzazione no-profit dedicata allo studio scientifico della coscienza, con cui sponsorizza programmi di ricerca teorica e sperimentale presso universit\u00e0 e istituti di ricerca statunitensi e italiani. Con Mondadori nel 2019 ha pubblicato <em>Silicio<\/em>, <em>Irriducibile <\/em>(2022) e <em>Oltre l\u2019invisibile \u2013 Dove scienza e spiritualit\u00e0 si uniscono <\/em>(2025): <em>\u201cScienza e spiritualit\u00e0 possono produrre un qualcosa di incommensurabilmente pi\u00f9 potente della loro somma, proprio come l\u2019unione di un elettrone e un protone crea un atomo di idrogeno\u201d.\u00a0 \u201cSiamo parti-intero di UNO, in cui tutto \u00e8 interconnesso (olistico), con libero arbitrio e che vuole conoscere s\u00e9 stesso\u201d. \u201cQuando il corpo muore<\/em>, <em>&#8230;la coscienza individuale si guarda intorno e si accorge di esistere in un\u2019altra realt\u00e0 (<\/em>un coscienza pi\u00f9 ampia) <em>di cui si era dimenticata l\u2019esistenza\u201d.<\/em><\/p>\n<hr \/>\n<p><img loading=\"lazy\" decoding=\"async\" class=\"alignleft size-medium wp-image-2696247\" src=\"https:\/\/www.pressenza.com\/wp-content\/uploads\/2026\/04\/Faggin-foto-3-300x190.jpg\" alt=\"\" width=\"300\" height=\"190\" srcset=\"https:\/\/www.pressenza.com\/wp-content\/uploads\/2026\/04\/Faggin-foto-3-300x190.jpg 300w, https:\/\/www.pressenza.com\/wp-content\/uploads\/2026\/04\/Faggin-foto-3-820x520.jpg 820w, https:\/\/www.pressenza.com\/wp-content\/uploads\/2026\/04\/Faggin-foto-3.jpg 1920w\" sizes=\"auto, (max-width: 300px) 100vw, 300px\" \/><\/p>\n<p>Intervista a cura di Giorgio Schultze, Barbara De Luca e Thomas Schmid.<\/p>\n<p>&nbsp;<\/p>\n<p>&nbsp;<\/p>\n<p>&nbsp;<\/p>\n<p>&nbsp;<\/p>\n","protected":false},"excerpt":{"rendered":"<p>In occasione della conferenza \u201cLa Coscienza nell\u2019era dell\u2019Intelligenza Artificiale\u201d, che ha avuto luogo il 22 aprile al Teatro Dal Verme a Milano, il Prof. Federico Faggin ha concesso a Pressenza un\u2019intervista che riportiamo qui di seguito. L\u2019evento \u00e8 stato organizzato&hellip;<\/p>\n","protected":false},"author":1722,"featured_media":2696239,"comment_status":"closed","ping_status":"closed","sticky":false,"template":"","format":"standard","meta":{"footnotes":""},"categories":[11388,47,157,496,1260],"tags":[1801,156049,87962,156051,156054],"class_list":["post-2696231","post","type-post","status-publish","format-standard","has-post-thumbnail","hentry","category-contenuti-originali","category-europa","category-interviste","category-scienza-tecnologia","category-umanesimo-spiritualita","tag-coscienza","tag-federico-faggin","tag-fisica-quantistica","tag-libero-arbitrio","tag-progetto-itaca"],"yoast_head":"<!-- This site is optimized with the Yoast SEO plugin v27.1.1 - https:\/\/yoast.com\/product\/yoast-seo-wordpress\/ -->\n<title>Federico Faggin: \u00e8 il corpo che muore, ma noi non moriamo<\/title>\n<meta name=\"description\" content=\"In occasione della conferenza \u201cLa Coscienza nell\u2019era dell\u2019Intelligenza Artificiale\u201d, che ha avuto luogo il 22 aprile al Teatro Dal Verme a Milano, il\" \/>\n<meta name=\"robots\" content=\"index, follow, max-snippet:-1, max-image-preview:large, max-video-preview:-1\" \/>\n<link rel=\"canonical\" href=\"https:\/\/www.pressenza.com\/it\/2026\/04\/federico-faggin-e-il-corpo-che-muore-ma-noi-non-moriamo\/\" \/>\n<meta property=\"og:locale\" content=\"it_IT\" \/>\n<meta property=\"og:type\" content=\"article\" \/>\n<meta property=\"og:title\" content=\"Federico Faggin: \u00e8 il corpo che muore, ma noi non moriamo\" \/>\n<meta property=\"og:description\" content=\"In occasione della conferenza \u201cLa Coscienza nell\u2019era dell\u2019Intelligenza Artificiale\u201d, che ha avuto luogo il 22 aprile al Teatro Dal Verme a Milano, il\" \/>\n<meta property=\"og:url\" content=\"https:\/\/www.pressenza.com\/it\/2026\/04\/federico-faggin-e-il-corpo-che-muore-ma-noi-non-moriamo\/\" \/>\n<meta property=\"og:site_name\" content=\"Pressenza\" \/>\n<meta property=\"article:publisher\" content=\"https:\/\/www.facebook.com\/PressenzaItalia\" \/>\n<meta property=\"article:published_time\" content=\"2026-04-28T17:33:22+00:00\" \/>\n<meta property=\"article:modified_time\" content=\"2026-04-28T17:37:39+00:00\" \/>\n<meta property=\"og:image\" content=\"https:\/\/www.pressenza.com\/wp-content\/uploads\/2026\/04\/Faggin-foto-1.jpg\" \/>\n\t<meta property=\"og:image:width\" content=\"1920\" \/>\n\t<meta property=\"og:image:height\" content=\"1360\" \/>\n\t<meta property=\"og:image:type\" content=\"image\/jpeg\" \/>\n<meta name=\"author\" content=\"Redazione Milano\" \/>\n<meta name=\"twitter:card\" content=\"summary_large_image\" \/>\n<meta name=\"twitter:creator\" content=\"@PressenzaIPA\" \/>\n<meta name=\"twitter:site\" content=\"@PressenzaIPA\" \/>\n<meta name=\"twitter:label1\" content=\"Scritto da\" \/>\n\t<meta name=\"twitter:data1\" content=\"Redazione Milano\" \/>\n\t<meta name=\"twitter:label2\" content=\"Tempo di lettura stimato\" \/>\n\t<meta name=\"twitter:data2\" content=\"10 minuti\" \/>\n<script type=\"application\/ld+json\" class=\"yoast-schema-graph\">{\"@context\":\"https:\/\/schema.org\",\"@graph\":[{\"@type\":\"Article\",\"@id\":\"https:\/\/www.pressenza.com\/it\/2026\/04\/federico-faggin-e-il-corpo-che-muore-ma-noi-non-moriamo\/#article\",\"isPartOf\":{\"@id\":\"https:\/\/www.pressenza.com\/it\/2026\/04\/federico-faggin-e-il-corpo-che-muore-ma-noi-non-moriamo\/\"},\"author\":{\"name\":\"Redazione Milano\",\"@id\":\"https:\/\/www.pressenza.com\/it\/#\/schema\/person\/746fc8cdd6c8e3d918fb5714b3583e41\"},\"headline\":\"Federico Faggin: \u00e8 il corpo che muore, ma noi non moriamo\",\"datePublished\":\"2026-04-28T17:33:22+00:00\",\"dateModified\":\"2026-04-28T17:37:39+00:00\",\"mainEntityOfPage\":{\"@id\":\"https:\/\/www.pressenza.com\/it\/2026\/04\/federico-faggin-e-il-corpo-che-muore-ma-noi-non-moriamo\/\"},\"wordCount\":2055,\"publisher\":{\"@id\":\"https:\/\/www.pressenza.com\/it\/#organization\"},\"image\":{\"@id\":\"https:\/\/www.pressenza.com\/it\/2026\/04\/federico-faggin-e-il-corpo-che-muore-ma-noi-non-moriamo\/#primaryimage\"},\"thumbnailUrl\":\"https:\/\/www.pressenza.com\/wp-content\/uploads\/2026\/04\/Faggin-foto-1.jpg\",\"keywords\":[\"coscienza\",\"Federico Faggin\",\"fisica quantistica\",\"libero arbitrio\",\"Progetto Itaca\"],\"articleSection\":[\"contenuti originali\",\"Europa\",\"Interviste\",\"Scienza e Tecnologia\",\"Umanesimo e Spiritualit\u00e0\"],\"inLanguage\":\"it-IT\"},{\"@type\":\"WebPage\",\"@id\":\"https:\/\/www.pressenza.com\/it\/2026\/04\/federico-faggin-e-il-corpo-che-muore-ma-noi-non-moriamo\/\",\"url\":\"https:\/\/www.pressenza.com\/it\/2026\/04\/federico-faggin-e-il-corpo-che-muore-ma-noi-non-moriamo\/\",\"name\":\"Federico Faggin: \u00e8 il corpo che muore, ma noi non moriamo\",\"isPartOf\":{\"@id\":\"https:\/\/www.pressenza.com\/it\/#website\"},\"primaryImageOfPage\":{\"@id\":\"https:\/\/www.pressenza.com\/it\/2026\/04\/federico-faggin-e-il-corpo-che-muore-ma-noi-non-moriamo\/#primaryimage\"},\"image\":{\"@id\":\"https:\/\/www.pressenza.com\/it\/2026\/04\/federico-faggin-e-il-corpo-che-muore-ma-noi-non-moriamo\/#primaryimage\"},\"thumbnailUrl\":\"https:\/\/www.pressenza.com\/wp-content\/uploads\/2026\/04\/Faggin-foto-1.jpg\",\"datePublished\":\"2026-04-28T17:33:22+00:00\",\"dateModified\":\"2026-04-28T17:37:39+00:00\",\"description\":\"In occasione della conferenza \u201cLa Coscienza nell\u2019era dell\u2019Intelligenza Artificiale\u201d, che ha avuto luogo il 22 aprile al Teatro Dal Verme a Milano, il\",\"breadcrumb\":{\"@id\":\"https:\/\/www.pressenza.com\/it\/2026\/04\/federico-faggin-e-il-corpo-che-muore-ma-noi-non-moriamo\/#breadcrumb\"},\"inLanguage\":\"it-IT\",\"potentialAction\":[{\"@type\":\"ReadAction\",\"target\":[\"https:\/\/www.pressenza.com\/it\/2026\/04\/federico-faggin-e-il-corpo-che-muore-ma-noi-non-moriamo\/\"]}]},{\"@type\":\"ImageObject\",\"inLanguage\":\"it-IT\",\"@id\":\"https:\/\/www.pressenza.com\/it\/2026\/04\/federico-faggin-e-il-corpo-che-muore-ma-noi-non-moriamo\/#primaryimage\",\"url\":\"https:\/\/www.pressenza.com\/wp-content\/uploads\/2026\/04\/Faggin-foto-1.jpg\",\"contentUrl\":\"https:\/\/www.pressenza.com\/wp-content\/uploads\/2026\/04\/Faggin-foto-1.jpg\",\"width\":1920,\"height\":1360},{\"@type\":\"BreadcrumbList\",\"@id\":\"https:\/\/www.pressenza.com\/it\/2026\/04\/federico-faggin-e-il-corpo-che-muore-ma-noi-non-moriamo\/#breadcrumb\",\"itemListElement\":[{\"@type\":\"ListItem\",\"position\":1,\"name\":\"Accueil\",\"item\":\"https:\/\/www.pressenza.com\/it\/\"},{\"@type\":\"ListItem\",\"position\":2,\"name\":\"Federico Faggin: \u00e8 il corpo che muore, ma noi non moriamo\"}]},{\"@type\":\"WebSite\",\"@id\":\"https:\/\/www.pressenza.com\/it\/#website\",\"url\":\"https:\/\/www.pressenza.com\/it\/\",\"name\":\"Pressenza\",\"description\":\"Agenzia di Stampa Internazionale\",\"publisher\":{\"@id\":\"https:\/\/www.pressenza.com\/it\/#organization\"},\"potentialAction\":[{\"@type\":\"SearchAction\",\"target\":{\"@type\":\"EntryPoint\",\"urlTemplate\":\"https:\/\/www.pressenza.com\/it\/?s={search_term_string}\"},\"query-input\":{\"@type\":\"PropertyValueSpecification\",\"valueRequired\":true,\"valueName\":\"search_term_string\"}}],\"inLanguage\":\"it-IT\"},{\"@type\":\"Organization\",\"@id\":\"https:\/\/www.pressenza.com\/it\/#organization\",\"name\":\"Pressenza\",\"url\":\"https:\/\/www.pressenza.com\/it\/\",\"logo\":{\"@type\":\"ImageObject\",\"inLanguage\":\"it-IT\",\"@id\":\"https:\/\/www.pressenza.com\/it\/#\/schema\/logo\/image\/\",\"url\":\"https:\/\/www.pressenza.com\/wp-content\/uploads\/2022\/10\/pressenza_logo_200x200.jpg\",\"contentUrl\":\"https:\/\/www.pressenza.com\/wp-content\/uploads\/2022\/10\/pressenza_logo_200x200.jpg\",\"width\":200,\"height\":200,\"caption\":\"Pressenza\"},\"image\":{\"@id\":\"https:\/\/www.pressenza.com\/it\/#\/schema\/logo\/image\/\"},\"sameAs\":[\"https:\/\/www.facebook.com\/PressenzaItalia\",\"https:\/\/x.com\/PressenzaIPA\"]},{\"@type\":\"Person\",\"@id\":\"https:\/\/www.pressenza.com\/it\/#\/schema\/person\/746fc8cdd6c8e3d918fb5714b3583e41\",\"name\":\"Redazione Milano\",\"description\":\"News from the Pressenza Bureau in Milan, Italy\",\"url\":\"https:\/\/www.pressenza.com\/it\/author\/redazione-milano\/\"}]}<\/script>\n<!-- \/ Yoast SEO plugin. -->","yoast_head_json":{"title":"Federico Faggin: \u00e8 il corpo che muore, ma noi non moriamo","description":"In occasione della conferenza \u201cLa Coscienza nell\u2019era dell\u2019Intelligenza Artificiale\u201d, che ha avuto luogo il 22 aprile al Teatro Dal Verme a Milano, il","robots":{"index":"index","follow":"follow","max-snippet":"max-snippet:-1","max-image-preview":"max-image-preview:large","max-video-preview":"max-video-preview:-1"},"canonical":"https:\/\/www.pressenza.com\/it\/2026\/04\/federico-faggin-e-il-corpo-che-muore-ma-noi-non-moriamo\/","og_locale":"it_IT","og_type":"article","og_title":"Federico Faggin: \u00e8 il corpo che muore, ma noi non moriamo","og_description":"In occasione della conferenza \u201cLa Coscienza nell\u2019era dell\u2019Intelligenza Artificiale\u201d, che ha avuto luogo il 22 aprile al Teatro Dal Verme a Milano, il","og_url":"https:\/\/www.pressenza.com\/it\/2026\/04\/federico-faggin-e-il-corpo-che-muore-ma-noi-non-moriamo\/","og_site_name":"Pressenza","article_publisher":"https:\/\/www.facebook.com\/PressenzaItalia","article_published_time":"2026-04-28T17:33:22+00:00","article_modified_time":"2026-04-28T17:37:39+00:00","og_image":[{"width":1920,"height":1360,"url":"https:\/\/www.pressenza.com\/wp-content\/uploads\/2026\/04\/Faggin-foto-1.jpg","type":"image\/jpeg"}],"author":"Redazione Milano","twitter_card":"summary_large_image","twitter_creator":"@PressenzaIPA","twitter_site":"@PressenzaIPA","twitter_misc":{"Scritto da":"Redazione Milano","Tempo di lettura stimato":"10 minuti"},"schema":{"@context":"https:\/\/schema.org","@graph":[{"@type":"Article","@id":"https:\/\/www.pressenza.com\/it\/2026\/04\/federico-faggin-e-il-corpo-che-muore-ma-noi-non-moriamo\/#article","isPartOf":{"@id":"https:\/\/www.pressenza.com\/it\/2026\/04\/federico-faggin-e-il-corpo-che-muore-ma-noi-non-moriamo\/"},"author":{"name":"Redazione Milano","@id":"https:\/\/www.pressenza.com\/it\/#\/schema\/person\/746fc8cdd6c8e3d918fb5714b3583e41"},"headline":"Federico Faggin: \u00e8 il corpo che muore, ma noi non moriamo","datePublished":"2026-04-28T17:33:22+00:00","dateModified":"2026-04-28T17:37:39+00:00","mainEntityOfPage":{"@id":"https:\/\/www.pressenza.com\/it\/2026\/04\/federico-faggin-e-il-corpo-che-muore-ma-noi-non-moriamo\/"},"wordCount":2055,"publisher":{"@id":"https:\/\/www.pressenza.com\/it\/#organization"},"image":{"@id":"https:\/\/www.pressenza.com\/it\/2026\/04\/federico-faggin-e-il-corpo-che-muore-ma-noi-non-moriamo\/#primaryimage"},"thumbnailUrl":"https:\/\/www.pressenza.com\/wp-content\/uploads\/2026\/04\/Faggin-foto-1.jpg","keywords":["coscienza","Federico Faggin","fisica quantistica","libero arbitrio","Progetto Itaca"],"articleSection":["contenuti originali","Europa","Interviste","Scienza e Tecnologia","Umanesimo e Spiritualit\u00e0"],"inLanguage":"it-IT"},{"@type":"WebPage","@id":"https:\/\/www.pressenza.com\/it\/2026\/04\/federico-faggin-e-il-corpo-che-muore-ma-noi-non-moriamo\/","url":"https:\/\/www.pressenza.com\/it\/2026\/04\/federico-faggin-e-il-corpo-che-muore-ma-noi-non-moriamo\/","name":"Federico Faggin: \u00e8 il corpo che muore, ma noi non moriamo","isPartOf":{"@id":"https:\/\/www.pressenza.com\/it\/#website"},"primaryImageOfPage":{"@id":"https:\/\/www.pressenza.com\/it\/2026\/04\/federico-faggin-e-il-corpo-che-muore-ma-noi-non-moriamo\/#primaryimage"},"image":{"@id":"https:\/\/www.pressenza.com\/it\/2026\/04\/federico-faggin-e-il-corpo-che-muore-ma-noi-non-moriamo\/#primaryimage"},"thumbnailUrl":"https:\/\/www.pressenza.com\/wp-content\/uploads\/2026\/04\/Faggin-foto-1.jpg","datePublished":"2026-04-28T17:33:22+00:00","dateModified":"2026-04-28T17:37:39+00:00","description":"In occasione della conferenza \u201cLa Coscienza nell\u2019era dell\u2019Intelligenza Artificiale\u201d, che ha avuto luogo il 22 aprile al Teatro Dal Verme a Milano, il","breadcrumb":{"@id":"https:\/\/www.pressenza.com\/it\/2026\/04\/federico-faggin-e-il-corpo-che-muore-ma-noi-non-moriamo\/#breadcrumb"},"inLanguage":"it-IT","potentialAction":[{"@type":"ReadAction","target":["https:\/\/www.pressenza.com\/it\/2026\/04\/federico-faggin-e-il-corpo-che-muore-ma-noi-non-moriamo\/"]}]},{"@type":"ImageObject","inLanguage":"it-IT","@id":"https:\/\/www.pressenza.com\/it\/2026\/04\/federico-faggin-e-il-corpo-che-muore-ma-noi-non-moriamo\/#primaryimage","url":"https:\/\/www.pressenza.com\/wp-content\/uploads\/2026\/04\/Faggin-foto-1.jpg","contentUrl":"https:\/\/www.pressenza.com\/wp-content\/uploads\/2026\/04\/Faggin-foto-1.jpg","width":1920,"height":1360},{"@type":"BreadcrumbList","@id":"https:\/\/www.pressenza.com\/it\/2026\/04\/federico-faggin-e-il-corpo-che-muore-ma-noi-non-moriamo\/#breadcrumb","itemListElement":[{"@type":"ListItem","position":1,"name":"Accueil","item":"https:\/\/www.pressenza.com\/it\/"},{"@type":"ListItem","position":2,"name":"Federico Faggin: \u00e8 il corpo che muore, ma noi non moriamo"}]},{"@type":"WebSite","@id":"https:\/\/www.pressenza.com\/it\/#website","url":"https:\/\/www.pressenza.com\/it\/","name":"Pressenza","description":"Agenzia di Stampa Internazionale","publisher":{"@id":"https:\/\/www.pressenza.com\/it\/#organization"},"potentialAction":[{"@type":"SearchAction","target":{"@type":"EntryPoint","urlTemplate":"https:\/\/www.pressenza.com\/it\/?s={search_term_string}"},"query-input":{"@type":"PropertyValueSpecification","valueRequired":true,"valueName":"search_term_string"}}],"inLanguage":"it-IT"},{"@type":"Organization","@id":"https:\/\/www.pressenza.com\/it\/#organization","name":"Pressenza","url":"https:\/\/www.pressenza.com\/it\/","logo":{"@type":"ImageObject","inLanguage":"it-IT","@id":"https:\/\/www.pressenza.com\/it\/#\/schema\/logo\/image\/","url":"https:\/\/www.pressenza.com\/wp-content\/uploads\/2022\/10\/pressenza_logo_200x200.jpg","contentUrl":"https:\/\/www.pressenza.com\/wp-content\/uploads\/2022\/10\/pressenza_logo_200x200.jpg","width":200,"height":200,"caption":"Pressenza"},"image":{"@id":"https:\/\/www.pressenza.com\/it\/#\/schema\/logo\/image\/"},"sameAs":["https:\/\/www.facebook.com\/PressenzaItalia","https:\/\/x.com\/PressenzaIPA"]},{"@type":"Person","@id":"https:\/\/www.pressenza.com\/it\/#\/schema\/person\/746fc8cdd6c8e3d918fb5714b3583e41","name":"Redazione Milano","description":"News from the Pressenza Bureau in Milan, Italy","url":"https:\/\/www.pressenza.com\/it\/author\/redazione-milano\/"}]}},"place":"Milano, Italia","original_article_url":"","_links":{"self":[{"href":"https:\/\/www.pressenza.com\/it\/wp-json\/wp\/v2\/posts\/2696231","targetHints":{"allow":["GET"]}}],"collection":[{"href":"https:\/\/www.pressenza.com\/it\/wp-json\/wp\/v2\/posts"}],"about":[{"href":"https:\/\/www.pressenza.com\/it\/wp-json\/wp\/v2\/types\/post"}],"author":[{"embeddable":true,"href":"https:\/\/www.pressenza.com\/it\/wp-json\/wp\/v2\/users\/1722"}],"replies":[{"embeddable":true,"href":"https:\/\/www.pressenza.com\/it\/wp-json\/wp\/v2\/comments?post=2696231"}],"version-history":[{"count":7,"href":"https:\/\/www.pressenza.com\/it\/wp-json\/wp\/v2\/posts\/2696231\/revisions"}],"predecessor-version":[{"id":2696257,"href":"https:\/\/www.pressenza.com\/it\/wp-json\/wp\/v2\/posts\/2696231\/revisions\/2696257"}],"wp:featuredmedia":[{"embeddable":true,"href":"https:\/\/www.pressenza.com\/it\/wp-json\/wp\/v2\/media\/2696239"}],"wp:attachment":[{"href":"https:\/\/www.pressenza.com\/it\/wp-json\/wp\/v2\/media?parent=2696231"}],"wp:term":[{"taxonomy":"category","embeddable":true,"href":"https:\/\/www.pressenza.com\/it\/wp-json\/wp\/v2\/categories?post=2696231"},{"taxonomy":"post_tag","embeddable":true,"href":"https:\/\/www.pressenza.com\/it\/wp-json\/wp\/v2\/tags?post=2696231"}],"curies":[{"name":"wp","href":"https:\/\/api.w.org\/{rel}","templated":true}]}}